{"id":2140,"date":"2017-07-04T08:10:31","date_gmt":"2017-07-04T06:10:31","guid":{"rendered":"https:\/\/www.organisator.ch\/?p=2140"},"modified":"2017-07-04T08:10:31","modified_gmt":"2017-07-04T06:10:31","slug":"firmenfusion-aus-ekko-technik-ag-und-hans-meister-ag-wird-ekko-meister-ag","status":"publish","type":"post","link":"https:\/\/www.organisator.ch\/it\/allgemein\/2017-07-04\/firmenfusion-aus-ekko-technik-ag-und-hans-meister-ag-wird-ekko-meister-ag\/","title":{"rendered":"Fusione aziendale: Ekko Technik AG e Hans Meister AG diventano Ekko-Meister AG"},"content":{"rendered":"<figure id=\"attachment_2141\" aria-describedby=\"caption-attachment-2141\" style=\"width: 426px\" class=\"wp-caption alignnone\"><img loading=\"lazy\" decoding=\"async\" class=\"size-full wp-image-2141\" src=\"https:\/\/www.organisator.ch\/wp-content\/uploads\/2017\/07\/Firmenfusion-Aus-Ekko-Technik-AG-und-Hans-Meister-AG-wird-Ekko-Meister-AG_Organisator.jpg\" alt=\"\" width=\"426\" height=\"391\" srcset=\"https:\/\/www.organisator.ch\/wp-content\/uploads\/2017\/07\/Firmenfusion-Aus-Ekko-Technik-AG-und-Hans-Meister-AG-wird-Ekko-Meister-AG_Organisator.jpg 426w, https:\/\/www.organisator.ch\/wp-content\/uploads\/2017\/07\/Firmenfusion-Aus-Ekko-Technik-AG-und-Hans-Meister-AG-wird-Ekko-Meister-AG_Organisator-13x12.jpg 13w, https:\/\/www.organisator.ch\/wp-content\/uploads\/2017\/07\/Firmenfusion-Aus-Ekko-Technik-AG-und-Hans-Meister-AG-wird-Ekko-Meister-AG_Organisator-191x175.jpg 191w, https:\/\/www.organisator.ch\/wp-content\/uploads\/2017\/07\/Firmenfusion-Aus-Ekko-Technik-AG-und-Hans-Meister-AG-wird-Ekko-Meister-AG_Organisator-381x350.jpg 381w, https:\/\/www.organisator.ch\/wp-content\/uploads\/2017\/07\/Firmenfusion-Aus-Ekko-Technik-AG-und-Hans-Meister-AG-wird-Ekko-Meister-AG_Organisator-300x275.jpg 300w\" sizes=\"auto, (max-width: 426px) 100vw, 426px\" \/><figcaption id=\"caption-attachment-2141\" class=\"wp-caption-text\">Il presidente Walter Sahli dopo la fusione: \"La fusione delle due societ\u00e0 \u00e8 una situazione vantaggiosa per tutti i soggetti coinvolti. (Immagine: zVg)<\/figcaption><\/figure>\n<p>Recentemente si \u00e8 verificata una fusione aziendale nel settore delle tecnologie di produzione di utensili e di stampaggio: Le societ\u00e0 Ekko Technik AG e Hans Meister AG si sono fuse nel giugno 2017 per formare Ekko-Meister AG, con sede a Lengnau BE. Ekko Technik AG, fondata nel 1954, \u00e8 specializzata nella produzione di cuscinetti assiali, dei loro componenti e di pezzi stampati e piegati; Hans Meister AG, fondata nel 1945, produce pezzi stampati piccoli e complessi e produce anche utensili per lo stampaggio. La nuova societ\u00e0 Ekko-Meister AG ha trovato la sua sede nei locali dell'ex Ekko Technik AG a Lengnau, mentre i locali dell'ex Hans Meister AG a Grenchen serviranno in futuro come centro logistico della nuova societ\u00e0. I dipendenti di entrambe le aziende - 30 in totale - sono stati assunti e lavorano insieme gi\u00e0 da qualche settimana. La nuova societ\u00e0 \u00e8 diretta da Jean-Pierre Voegeli; Lukas Pfister (responsabile delle finanze, dell'amministrazione e delle risorse umane), Claudio Palazzi (responsabile delle vendite e del marketing) e Martin Meister (responsabile della tecnologia) sono stati nominati membri del comitato esecutivo. Walter Sahli (Presidente), Martin Meister e Philipp Andermatt hanno assunto la direzione del Consiglio di amministrazione.<\/p>\n<p>Sahli \u00e8 molto soddisfatto della fusione aziendale e delle opportunit\u00e0 che essa crea: \"La fusione delle due aziende \u00e8 una situazione vantaggiosa per tutti i soggetti coinvolti. Unendo le competenze e, soprattutto, le rispettive potenzialit\u00e0 tecnologiche, \u00e8 stata creata un'azienda ad alte prestazioni che pu\u00f2 annoverarsi tra i fornitori leader nel campo dei cuscinetti reggispinta fabbricati singolarmente e senza truciolo, nonch\u00e9 nella costruzione di utensili e nella produzione dei pi\u00f9 piccoli pezzi stampati, per lo pi\u00f9 a rotazione simmetrica.\"  Molto importante e da non sottovalutare \u00e8 anche il fatto che la chimica tra le due aziende \u00e8 giusta: \"Entrambe le aziende hanno una stretta collaborazione commerciale da molti anni. Hanno sempre lavorato insieme in modo eccellente e si conoscono molto bene\".<\/p>\n<p>I clienti rappresentati a livello globale, che operano tra l'altro nei settori dell'automobile, dei beni di consumo di fascia alta, della tecnologia medica e dell'elettrotecnica, beneficeranno della fusione aziendale. E le sinergie non mancano: \"Abbiamo creato una catena del valore completamente nuova. Ora tutto, dalla co-ingegnerizzazione alla costruzione di utensili, fino alla produzione di cuscinetti reggispinta e di parti stampate e piegate, \u00e8 in una sola mano\", continua Sahli; \"la nostra efficienza tecnologica, unita a un orientamento al cliente significativamente maggiore, dar\u00e0 i suoi frutti a entrambe le parti\".<\/p>\n<p><em>Ulteriori informazioni fino a nuovo avviso all'indirizzo\u00a0<a href=\"http:\/\/www2.ekko.ch\/de\/\">Ekko Technik AG<\/a>\u00a0e <a href=\"https:\/\/www.h-meisterag.ch\/de\">Master AG<\/a>\u00a0<\/em><\/p>","protected":false},"excerpt":{"rendered":"<p>Im Bereich Werkzeugbau und Stanztechnik\u00a0hat k\u00fcrzlich eine\u00a0Firmenfusion stattgefunden: Die Unternehmen Ekko Technik AG und Hans Meister AG\u00a0schlossen\u00a0sich im Juni 2017\u00a0zu\u00a0Ekko-Meister AG mit Sitz in Lengnau BE zusammen. Die 1954 gegr\u00fcndete Ekko Technik AG ist auf die Fertigung von Axiallagern, deren Bestandteilen sowie Stanz- und Biegeteilen spezialisiert; die 1945 entstandene Hans Meister AG stellt kleine, komplexe [&hellip;]<\/p>\n","protected":false},"author":4,"featured_media":2141,"comment_status":"open","ping_status":"open","sticky":false,"template":"","format":"standard","meta":{"_acf_changed":false,"_yoast_wpseo_focuskw":"Firmenfusion","_yoast_wpseo_metadesc":"Die in Lengnau BE ans\u00e4ssige Ekko Technik AG und die aus Grenchen SO stammende Hans Meister AG sind mit sofortiger Wirkung zur Ekko-Meister AG fusioniert.","articlekey":"","footnotes":""},"categories":[1],"tags":[334,340,492],"class_list":["post-2140","post","type-post","status-publish","format-standard","has-post-thumbnail","hentry","category-allgemein","tag-management","tag-maerkte","tag-unternehmen"],"acf":[],"yoast_head":"<!-- This site is optimized with the Yoast SEO plugin v27.5 - https:\/\/yoast.com\/product\/yoast-seo-wordpress\/ -->\n<title>Firmenfusion: Aus Ekko Technik AG und Hans Meister AG wird Ekko-Meister AG - Organisator<\/title>\n<meta name=\"description\" content=\"Die in Lengnau BE ans\u00e4ssige Ekko Technik AG und die aus Grenchen SO stammende Hans Meister AG sind mit sofortiger Wirkung zur Ekko-Meister AG fusioniert.\" \/>\n<meta name=\"robots\" content=\"index, follow, max-snippet:-1, max-image-preview:large, max-video-preview:-1\" \/>\n<link rel=\"canonical\" href=\"https:\/\/www.organisator.ch\/it\/generale\/2017-07-04\/firmenfusion-aus-ekko-technik-ag-und-hans-meister-ag-wird-ekko-meister-ag\/\" \/>\n<meta property=\"og:locale\" content=\"it_IT\" \/>\n<meta property=\"og:type\" content=\"article\" \/>\n<meta property=\"og:title\" content=\"Firmenfusion: Aus Ekko Technik AG und Hans Meister AG wird Ekko-Meister AG\" \/>\n<meta property=\"og:description\" content=\"Die in #Lengnau BE ans\u00e4ssige Ekko Technik AG und die aus #Grenchen SO stammende Hans Meister AG sind mit sofortiger Wirkung zur #Ekko-Meister AG fusioniert.\" \/>\n<meta property=\"og:url\" content=\"https:\/\/www.organisator.ch\/it\/generale\/2017-07-04\/firmenfusion-aus-ekko-technik-ag-und-hans-meister-ag-wird-ekko-meister-ag\/\" \/>\n<meta property=\"og:site_name\" content=\"Organisator\" \/>\n<meta property=\"article:publisher\" content=\"https:\/\/www.facebook.com\/OrganisatorFachmagazin\" \/>\n<meta property=\"article:published_time\" content=\"2017-07-04T06:10:31+00:00\" \/>\n<meta property=\"og:image\" content=\"https:\/\/www.organisator.ch\/wp-content\/uploads\/2017\/07\/Firmenfusion-Aus-Ekko-Technik-AG-und-Hans-Meister-AG-wird-Ekko-Meister-AG_Organisator.jpg\" \/>\n\t<meta property=\"og:image:width\" content=\"426\" \/>\n\t<meta property=\"og:image:height\" content=\"391\" \/>\n\t<meta property=\"og:image:type\" content=\"image\/jpeg\" \/>\n<meta name=\"author\" content=\"thomas.berner\" \/>\n<meta name=\"twitter:card\" content=\"summary_large_image\" \/>\n<meta name=\"twitter:title\" content=\"#Firmenfusion: Aus Ekko Technik AG und Hans Meister AG wird #Ekko-Meister AG\" \/>\n<meta name=\"twitter:description\" content=\"Die in #Lengnau BE ans\u00e4ssige Ekko Technik AG und die aus #Grenchen SO stammende Hans Meister AG sind mit sofortiger Wirkung zur #Ekko-Meister AG fusioniert.\" \/>\n<meta name=\"twitter:image\" content=\"https:\/\/www.organisator.ch\/wp-content\/uploads\/2017\/07\/Firmenfusion-Aus-Ekko-Technik-AG-und-Hans-Meister-AG-wird-Ekko-Meister-AG_Organisator.jpg\" \/>\n<script type=\"application\/ld+json\" class=\"yoast-schema-graph\">{\"@context\":\"https:\\\/\\\/schema.org\",\"@graph\":[{\"@type\":\"Article\",\"@id\":\"https:\\\/\\\/www.organisator.ch\\\/it\\\/generale\\\/2017-07-04\\\/firmenfusion-aus-ekko-technik-ag-und-hans-meister-ag-wird-ekko-meister-ag\\\/#article\",\"isPartOf\":{\"@id\":\"https:\\\/\\\/www.organisator.ch\\\/it\\\/generale\\\/2017-07-04\\\/firmenfusion-aus-ekko-technik-ag-und-hans-meister-ag-wird-ekko-meister-ag\\\/\"},\"author\":{\"name\":\"thomas.berner\",\"@id\":\"https:\\\/\\\/www.organisator.ch\\\/#\\\/schema\\\/person\\\/6f650f90b2842cd4c0cc334b4e36f67e\"},\"headline\":\"Firmenfusion: Aus Ekko Technik AG und Hans Meister AG wird Ekko-Meister AG\",\"datePublished\":\"2017-07-04T06:10:31+00:00\",\"mainEntityOfPage\":{\"@id\":\"https:\\\/\\\/www.organisator.ch\\\/it\\\/generale\\\/2017-07-04\\\/firmenfusion-aus-ekko-technik-ag-und-hans-meister-ag-wird-ekko-meister-ag\\\/\"},\"wordCount\":426,\"commentCount\":0,\"publisher\":{\"@id\":\"https:\\\/\\\/www.organisator.ch\\\/#organization\"},\"image\":{\"@id\":\"https:\\\/\\\/www.organisator.ch\\\/it\\\/generale\\\/2017-07-04\\\/firmenfusion-aus-ekko-technik-ag-und-hans-meister-ag-wird-ekko-meister-ag\\\/#primaryimage\"},\"thumbnailUrl\":\"https:\\\/\\\/www.organisator.ch\\\/wp-content\\\/uploads\\\/2017\\\/07\\\/Firmenfusion-Aus-Ekko-Technik-AG-und-Hans-Meister-AG-wird-Ekko-Meister-AG_Organisator.jpg\",\"keywords\":[\"Management\",\"M\u00e4rkte\",\"Unternehmen\"],\"articleSection\":[\"Allgemein\"],\"inLanguage\":\"it-IT\"},{\"@type\":\"WebPage\",\"@id\":\"https:\\\/\\\/www.organisator.ch\\\/it\\\/generale\\\/2017-07-04\\\/firmenfusion-aus-ekko-technik-ag-und-hans-meister-ag-wird-ekko-meister-ag\\\/\",\"url\":\"https:\\\/\\\/www.organisator.ch\\\/it\\\/generale\\\/2017-07-04\\\/firmenfusion-aus-ekko-technik-ag-und-hans-meister-ag-wird-ekko-meister-ag\\\/\",\"name\":\"Firmenfusion: Aus Ekko Technik AG und Hans Meister AG wird Ekko-Meister AG - Organisator\",\"isPartOf\":{\"@id\":\"https:\\\/\\\/www.organisator.ch\\\/#website\"},\"primaryImageOfPage\":{\"@id\":\"https:\\\/\\\/www.organisator.ch\\\/it\\\/generale\\\/2017-07-04\\\/firmenfusion-aus-ekko-technik-ag-und-hans-meister-ag-wird-ekko-meister-ag\\\/#primaryimage\"},\"image\":{\"@id\":\"https:\\\/\\\/www.organisator.ch\\\/it\\\/generale\\\/2017-07-04\\\/firmenfusion-aus-ekko-technik-ag-und-hans-meister-ag-wird-ekko-meister-ag\\\/#primaryimage\"},\"thumbnailUrl\":\"https:\\\/\\\/www.organisator.ch\\\/wp-content\\\/uploads\\\/2017\\\/07\\\/Firmenfusion-Aus-Ekko-Technik-AG-und-Hans-Meister-AG-wird-Ekko-Meister-AG_Organisator.jpg\",\"datePublished\":\"2017-07-04T06:10:31+00:00\",\"description\":\"Die in Lengnau BE ans\u00e4ssige Ekko Technik AG und die aus Grenchen SO stammende Hans Meister AG sind mit sofortiger Wirkung zur Ekko-Meister AG fusioniert.\",\"breadcrumb\":{\"@id\":\"https:\\\/\\\/www.organisator.ch\\\/it\\\/generale\\\/2017-07-04\\\/firmenfusion-aus-ekko-technik-ag-und-hans-meister-ag-wird-ekko-meister-ag\\\/#breadcrumb\"},\"inLanguage\":\"it-IT\",\"potentialAction\":[{\"@type\":\"ReadAction\",\"target\":[\"https:\\\/\\\/www.organisator.ch\\\/it\\\/generale\\\/2017-07-04\\\/firmenfusion-aus-ekko-technik-ag-und-hans-meister-ag-wird-ekko-meister-ag\\\/\"]}]},{\"@type\":\"ImageObject\",\"inLanguage\":\"it-IT\",\"@id\":\"https:\\\/\\\/www.organisator.ch\\\/it\\\/generale\\\/2017-07-04\\\/firmenfusion-aus-ekko-technik-ag-und-hans-meister-ag-wird-ekko-meister-ag\\\/#primaryimage\",\"url\":\"https:\\\/\\\/www.organisator.ch\\\/wp-content\\\/uploads\\\/2017\\\/07\\\/Firmenfusion-Aus-Ekko-Technik-AG-und-Hans-Meister-AG-wird-Ekko-Meister-AG_Organisator.jpg\",\"contentUrl\":\"https:\\\/\\\/www.organisator.ch\\\/wp-content\\\/uploads\\\/2017\\\/07\\\/Firmenfusion-Aus-Ekko-Technik-AG-und-Hans-Meister-AG-wird-Ekko-Meister-AG_Organisator.jpg\",\"width\":426,\"height\":391,\"caption\":\"VRP Walter Sahli nach der Firmenfusion: \u201eDer Zusammenschluss beider Firmen ist eine Win-Win-Situation f\u00fcr alle Beteiligten.\\\" (Bild: zVg)\"},{\"@type\":\"BreadcrumbList\",\"@id\":\"https:\\\/\\\/www.organisator.ch\\\/it\\\/generale\\\/2017-07-04\\\/firmenfusion-aus-ekko-technik-ag-und-hans-meister-ag-wird-ekko-meister-ag\\\/#breadcrumb\",\"itemListElement\":[{\"@type\":\"ListItem\",\"position\":1,\"name\":\"Home\",\"item\":\"https:\\\/\\\/www.organisator.ch\\\/\"},{\"@type\":\"ListItem\",\"position\":2,\"name\":\"Firmenfusion: Aus Ekko Technik AG und Hans Meister AG wird Ekko-Meister AG\"}]},{\"@type\":\"WebSite\",\"@id\":\"https:\\\/\\\/www.organisator.ch\\\/#website\",\"url\":\"https:\\\/\\\/www.organisator.ch\\\/\",\"name\":\"Organisator\",\"description\":\"Kompetent. Praxisnah. Der ORGANISATOR bereitet in 10 Ausgaben pro Jahr die wesentlichen Themen f\u00fcr F\u00fchrungskr\u00e4fte von KMU auf.\",\"publisher\":{\"@id\":\"https:\\\/\\\/www.organisator.ch\\\/#organization\"},\"potentialAction\":[{\"@type\":\"SearchAction\",\"target\":{\"@type\":\"EntryPoint\",\"urlTemplate\":\"https:\\\/\\\/www.organisator.ch\\\/?s={search_term_string}\"},\"query-input\":{\"@type\":\"PropertyValueSpecification\",\"valueRequired\":true,\"valueName\":\"search_term_string\"}}],\"inLanguage\":\"it-IT\"},{\"@type\":\"Organization\",\"@id\":\"https:\\\/\\\/www.organisator.ch\\\/#organization\",\"name\":\"Organisator\",\"url\":\"https:\\\/\\\/www.organisator.ch\\\/\",\"logo\":{\"@type\":\"ImageObject\",\"inLanguage\":\"it-IT\",\"@id\":\"https:\\\/\\\/www.organisator.ch\\\/#\\\/schema\\\/logo\\\/image\\\/\",\"url\":\"https:\\\/\\\/www.organisator.ch\\\/wp-content\\\/uploads\\\/2022\\\/01\\\/Logo_Organisator_Website.png\",\"contentUrl\":\"https:\\\/\\\/www.organisator.ch\\\/wp-content\\\/uploads\\\/2022\\\/01\\\/Logo_Organisator_Website.png\",\"width\":800,\"height\":77,\"caption\":\"Organisator\"},\"image\":{\"@id\":\"https:\\\/\\\/www.organisator.ch\\\/#\\\/schema\\\/logo\\\/image\\\/\"},\"sameAs\":[\"https:\\\/\\\/www.facebook.com\\\/OrganisatorFachmagazin\",\"https:\\\/\\\/www.linkedin.com\\\/showcase\\\/organisator-das-magazin-fr-kmu\",\"https:\\\/\\\/www.xing.com\\\/news\\\/pages\\\/organisator-ch-695\",\"https:\\\/\\\/www.youtube.com\\\/channel\\\/UCGP2Sq0iWaZwT3BdIAQFYpw\"]},{\"@type\":\"Person\",\"@id\":\"https:\\\/\\\/www.organisator.ch\\\/#\\\/schema\\\/person\\\/6f650f90b2842cd4c0cc334b4e36f67e\",\"name\":\"thomas.berner\",\"image\":{\"@type\":\"ImageObject\",\"inLanguage\":\"it-IT\",\"@id\":\"https:\\\/\\\/secure.gravatar.com\\\/avatar\\\/ac5001d2a36cb6c6cd3e50789007ffca834b477b74a2144564522e944eabff61?s=96&d=mm&r=g\",\"url\":\"https:\\\/\\\/secure.gravatar.com\\\/avatar\\\/ac5001d2a36cb6c6cd3e50789007ffca834b477b74a2144564522e944eabff61?s=96&d=mm&r=g\",\"contentUrl\":\"https:\\\/\\\/secure.gravatar.com\\\/avatar\\\/ac5001d2a36cb6c6cd3e50789007ffca834b477b74a2144564522e944eabff61?s=96&d=mm&r=g\",\"caption\":\"thomas.berner\"},\"url\":\"https:\\\/\\\/www.organisator.ch\\\/it\\\/author\\\/thomas-berner\\\/\"}]}<\/script>\n<!-- \/ Yoast SEO plugin. -->","yoast_head_json":{"title":"Fusione aziendale: Ekko Technik AG e Hans Meister AG diventano Ekko-Meister AG - Organizzatore","description":"Ekko Technik AG, con sede a Lengnau BE, e Hans Meister AG, con sede a Grenchen SO, si sono fuse per formare Ekko-Meister AG con effetto immediato.","robots":{"index":"index","follow":"follow","max-snippet":"max-snippet:-1","max-image-preview":"max-image-preview:large","max-video-preview":"max-video-preview:-1"},"canonical":"https:\/\/www.organisator.ch\/it\/generale\/2017-07-04\/firmenfusion-aus-ekko-technik-ag-und-hans-meister-ag-wird-ekko-meister-ag\/","og_locale":"it_IT","og_type":"article","og_title":"Firmenfusion: Aus Ekko Technik AG und Hans Meister AG wird Ekko-Meister AG","og_description":"Die in #Lengnau BE ans\u00e4ssige Ekko Technik AG und die aus #Grenchen SO stammende Hans Meister AG sind mit sofortiger Wirkung zur #Ekko-Meister AG fusioniert.","og_url":"https:\/\/www.organisator.ch\/it\/generale\/2017-07-04\/firmenfusion-aus-ekko-technik-ag-und-hans-meister-ag-wird-ekko-meister-ag\/","og_site_name":"Organisator","article_publisher":"https:\/\/www.facebook.com\/OrganisatorFachmagazin","article_published_time":"2017-07-04T06:10:31+00:00","og_image":[{"width":426,"height":391,"url":"https:\/\/www.organisator.ch\/wp-content\/uploads\/2017\/07\/Firmenfusion-Aus-Ekko-Technik-AG-und-Hans-Meister-AG-wird-Ekko-Meister-AG_Organisator.jpg","type":"image\/jpeg"}],"author":"thomas.berner","twitter_card":"summary_large_image","twitter_title":"#Firmenfusion: Aus Ekko Technik AG und Hans Meister AG wird #Ekko-Meister AG","twitter_description":"Die in #Lengnau BE ans\u00e4ssige Ekko Technik AG und die aus #Grenchen SO stammende Hans Meister AG sind mit sofortiger Wirkung zur #Ekko-Meister AG fusioniert.","twitter_image":"https:\/\/www.organisator.ch\/wp-content\/uploads\/2017\/07\/Firmenfusion-Aus-Ekko-Technik-AG-und-Hans-Meister-AG-wird-Ekko-Meister-AG_Organisator.jpg","schema":{"@context":"https:\/\/schema.org","@graph":[{"@type":"Article","@id":"https:\/\/www.organisator.ch\/it\/generale\/2017-07-04\/firmenfusion-aus-ekko-technik-ag-und-hans-meister-ag-wird-ekko-meister-ag\/#article","isPartOf":{"@id":"https:\/\/www.organisator.ch\/it\/generale\/2017-07-04\/firmenfusion-aus-ekko-technik-ag-und-hans-meister-ag-wird-ekko-meister-ag\/"},"author":{"name":"thomas.berner","@id":"https:\/\/www.organisator.ch\/#\/schema\/person\/6f650f90b2842cd4c0cc334b4e36f67e"},"headline":"Firmenfusion: Aus Ekko Technik AG und Hans Meister AG wird Ekko-Meister AG","datePublished":"2017-07-04T06:10:31+00:00","mainEntityOfPage":{"@id":"https:\/\/www.organisator.ch\/it\/generale\/2017-07-04\/firmenfusion-aus-ekko-technik-ag-und-hans-meister-ag-wird-ekko-meister-ag\/"},"wordCount":426,"commentCount":0,"publisher":{"@id":"https:\/\/www.organisator.ch\/#organization"},"image":{"@id":"https:\/\/www.organisator.ch\/it\/generale\/2017-07-04\/firmenfusion-aus-ekko-technik-ag-und-hans-meister-ag-wird-ekko-meister-ag\/#primaryimage"},"thumbnailUrl":"https:\/\/www.organisator.ch\/wp-content\/uploads\/2017\/07\/Firmenfusion-Aus-Ekko-Technik-AG-und-Hans-Meister-AG-wird-Ekko-Meister-AG_Organisator.jpg","keywords":["Management","M\u00e4rkte","Unternehmen"],"articleSection":["Allgemein"],"inLanguage":"it-IT"},{"@type":"WebPage","@id":"https:\/\/www.organisator.ch\/it\/generale\/2017-07-04\/firmenfusion-aus-ekko-technik-ag-und-hans-meister-ag-wird-ekko-meister-ag\/","url":"https:\/\/www.organisator.ch\/it\/generale\/2017-07-04\/firmenfusion-aus-ekko-technik-ag-und-hans-meister-ag-wird-ekko-meister-ag\/","name":"Fusione aziendale: Ekko Technik AG e Hans Meister AG diventano Ekko-Meister AG - Organizzatore","isPartOf":{"@id":"https:\/\/www.organisator.ch\/#website"},"primaryImageOfPage":{"@id":"https:\/\/www.organisator.ch\/it\/generale\/2017-07-04\/firmenfusion-aus-ekko-technik-ag-und-hans-meister-ag-wird-ekko-meister-ag\/#primaryimage"},"image":{"@id":"https:\/\/www.organisator.ch\/it\/generale\/2017-07-04\/firmenfusion-aus-ekko-technik-ag-und-hans-meister-ag-wird-ekko-meister-ag\/#primaryimage"},"thumbnailUrl":"https:\/\/www.organisator.ch\/wp-content\/uploads\/2017\/07\/Firmenfusion-Aus-Ekko-Technik-AG-und-Hans-Meister-AG-wird-Ekko-Meister-AG_Organisator.jpg","datePublished":"2017-07-04T06:10:31+00:00","description":"Ekko Technik AG, con sede a Lengnau BE, e Hans Meister AG, con sede a Grenchen SO, si sono fuse per formare Ekko-Meister AG con effetto immediato.","breadcrumb":{"@id":"https:\/\/www.organisator.ch\/it\/generale\/2017-07-04\/firmenfusion-aus-ekko-technik-ag-und-hans-meister-ag-wird-ekko-meister-ag\/#breadcrumb"},"inLanguage":"it-IT","potentialAction":[{"@type":"ReadAction","target":["https:\/\/www.organisator.ch\/it\/generale\/2017-07-04\/firmenfusion-aus-ekko-technik-ag-und-hans-meister-ag-wird-ekko-meister-ag\/"]}]},{"@type":"ImageObject","inLanguage":"it-IT","@id":"https:\/\/www.organisator.ch\/it\/generale\/2017-07-04\/firmenfusion-aus-ekko-technik-ag-und-hans-meister-ag-wird-ekko-meister-ag\/#primaryimage","url":"https:\/\/www.organisator.ch\/wp-content\/uploads\/2017\/07\/Firmenfusion-Aus-Ekko-Technik-AG-und-Hans-Meister-AG-wird-Ekko-Meister-AG_Organisator.jpg","contentUrl":"https:\/\/www.organisator.ch\/wp-content\/uploads\/2017\/07\/Firmenfusion-Aus-Ekko-Technik-AG-und-Hans-Meister-AG-wird-Ekko-Meister-AG_Organisator.jpg","width":426,"height":391,"caption":"VRP Walter Sahli nach der Firmenfusion: \u201eDer Zusammenschluss beider Firmen ist eine Win-Win-Situation f\u00fcr alle Beteiligten.\" (Bild: zVg)"},{"@type":"BreadcrumbList","@id":"https:\/\/www.organisator.ch\/it\/generale\/2017-07-04\/firmenfusion-aus-ekko-technik-ag-und-hans-meister-ag-wird-ekko-meister-ag\/#breadcrumb","itemListElement":[{"@type":"ListItem","position":1,"name":"Home","item":"https:\/\/www.organisator.ch\/"},{"@type":"ListItem","position":2,"name":"Firmenfusion: Aus Ekko Technik AG und Hans Meister AG wird Ekko-Meister AG"}]},{"@type":"WebSite","@id":"https:\/\/www.organisator.ch\/#website","url":"https:\/\/www.organisator.ch\/","name":"Organizzatore","description":"Competente. Pratico. In 10 numeri all'anno, ORGANISATOR presenta i temi essenziali per i manager delle PMI.","publisher":{"@id":"https:\/\/www.organisator.ch\/#organization"},"potentialAction":[{"@type":"SearchAction","target":{"@type":"EntryPoint","urlTemplate":"https:\/\/www.organisator.ch\/?s={search_term_string}"},"query-input":{"@type":"PropertyValueSpecification","valueRequired":true,"valueName":"search_term_string"}}],"inLanguage":"it-IT"},{"@type":"Organization","@id":"https:\/\/www.organisator.ch\/#organization","name":"Organizzatore","url":"https:\/\/www.organisator.ch\/","logo":{"@type":"ImageObject","inLanguage":"it-IT","@id":"https:\/\/www.organisator.ch\/#\/schema\/logo\/image\/","url":"https:\/\/www.organisator.ch\/wp-content\/uploads\/2022\/01\/Logo_Organisator_Website.png","contentUrl":"https:\/\/www.organisator.ch\/wp-content\/uploads\/2022\/01\/Logo_Organisator_Website.png","width":800,"height":77,"caption":"Organisator"},"image":{"@id":"https:\/\/www.organisator.ch\/#\/schema\/logo\/image\/"},"sameAs":["https:\/\/www.facebook.com\/OrganisatorFachmagazin","https:\/\/www.linkedin.com\/showcase\/organisator-das-magazin-fr-kmu","https:\/\/www.xing.com\/news\/pages\/organisator-ch-695","https:\/\/www.youtube.com\/channel\/UCGP2Sq0iWaZwT3BdIAQFYpw"]},{"@type":"Person","@id":"https:\/\/www.organisator.ch\/#\/schema\/person\/6f650f90b2842cd4c0cc334b4e36f67e","name":"Tommaso.berner","image":{"@type":"ImageObject","inLanguage":"it-IT","@id":"https:\/\/secure.gravatar.com\/avatar\/ac5001d2a36cb6c6cd3e50789007ffca834b477b74a2144564522e944eabff61?s=96&d=mm&r=g","url":"https:\/\/secure.gravatar.com\/avatar\/ac5001d2a36cb6c6cd3e50789007ffca834b477b74a2144564522e944eabff61?s=96&d=mm&r=g","contentUrl":"https:\/\/secure.gravatar.com\/avatar\/ac5001d2a36cb6c6cd3e50789007ffca834b477b74a2144564522e944eabff61?s=96&d=mm&r=g","caption":"thomas.berner"},"url":"https:\/\/www.organisator.ch\/it\/author\/thomas-berner\/"}]}},"_links":{"self":[{"href":"https:\/\/www.organisator.ch\/it\/wp-json\/wp\/v2\/posts\/2140","targetHints":{"allow":["GET"]}}],"collection":[{"href":"https:\/\/www.organisator.ch\/it\/wp-json\/wp\/v2\/posts"}],"about":[{"href":"https:\/\/www.organisator.ch\/it\/wp-json\/wp\/v2\/types\/post"}],"author":[{"embeddable":true,"href":"https:\/\/www.organisator.ch\/it\/wp-json\/wp\/v2\/users\/4"}],"replies":[{"embeddable":true,"href":"https:\/\/www.organisator.ch\/it\/wp-json\/wp\/v2\/comments?post=2140"}],"version-history":[{"count":0,"href":"https:\/\/www.organisator.ch\/it\/wp-json\/wp\/v2\/posts\/2140\/revisions"}],"wp:featuredmedia":[{"embeddable":true,"href":"https:\/\/www.organisator.ch\/it\/wp-json\/wp\/v2\/media\/2141"}],"wp:attachment":[{"href":"https:\/\/www.organisator.ch\/it\/wp-json\/wp\/v2\/media?parent=2140"}],"wp:term":[{"taxonomy":"category","embeddable":true,"href":"https:\/\/www.organisator.ch\/it\/wp-json\/wp\/v2\/categories?post=2140"},{"taxonomy":"post_tag","embeddable":true,"href":"https:\/\/www.organisator.ch\/it\/wp-json\/wp\/v2\/tags?post=2140"}],"curies":[{"name":"wp","href":"https:\/\/api.w.org\/{rel}","templated":true}]}}