{"id":21425,"date":"2023-08-22T10:05:44","date_gmt":"2023-08-22T08:05:44","guid":{"rendered":"https:\/\/www.m-q.ch\/?p=18435"},"modified":"2024-11-14T13:09:22","modified_gmt":"2024-11-14T12:09:22","slug":"suva-mehr-faelle-von-versicherungsmissbrauch","status":"publish","type":"post","link":"https:\/\/www.organisator.ch\/it\/operational-excellence\/2023-08-22\/suva-mehr-faelle-von-versicherungsmissbrauch\/","title":{"rendered":"Suva: altri casi di frode assicurativa"},"content":{"rendered":"<div>\r\n<figure id=\"attachment_18437\" class=\"wp-caption alignnone\" style=\"width: 680px\" aria-describedby=\"caption-attachment-18437\">\u00a0 <img class=\"alignnone wp-image-18437 size-full\" src=\"https:\/\/www.m-q.ch\/wp-content\/uploads\/2023\/08\/Suva-Mehr-Faelle-von-Versicherungsmissbrauch_MQ.jpg\" alt=\"Abuso assicurativo\" width=\"680\" height=\"328\" \/>\r\n<figcaption id=\"caption-attachment-18437\" class=\"wp-caption-text\">L'abuso assicurativo \u00e8 costantemente combattuto dalla Suva. (Immagine: GettyImages \/ Suva)<\/figcaption>\r\n<\/figure>\r\n<p>Le frodi assicurative sono un problema serio che riguarda sia il settore assicurativo sia la societ\u00e0 nel suo complesso. L'abuso assicurativo comporta un aumento dei costi, una riduzione dell'efficienza economica e una perdita di fiducia nel sistema assicurativo. Inoltre, i premi per i clienti onesti possono aumentare perch\u00e9 devono sopportare il comportamento sleale di pochi. Per questo motivo la Suva fa tutto il possibile per combattere i casi di abuso.<\/p>\r\n<h3>Aumentano i casi di frode assicurativa<\/h3>\r\n<p>Tuttavia, i casi di abuso assicurativo sembrano essere in aumento alla Suva. L'anno scorso, l'assicuratore ha indagato 2916 casi sospetti su 252 278 casi in cui \u00e8 stata versata un'indennit\u00e0 giornaliera o una rendita dopo un infortunio o una malattia professionale. Si tratta di un numero leggermente superiore a quello dell'anno precedente (2021: 2839 casi sospetti, +2,7%). Le misure di lotta contro gli abusi hanno permesso di risparmiare un totale di 24,1 milioni di franchi. Questo importo \u00e8 costituito dalla prevenzione di pagamenti ingiustificati di prestazioni da parte delle vittime di infortuni o di fornitori di servizi medici come ospedali, medici, terapisti (18,6 milioni di franchi) e dalla lotta contro gli abusi presso le aziende assicurate (5,5 milioni di franchi). L'importo medio risparmiato in termini di prestazioni per caso \u00e8 stato di 22.963 franchi (2021: 24.781 franchi). Il numero totale di casi chiusi con sospetto confermato \u00e8 significativamente pi\u00f9 alto: 810 casi (2021: 686 casi). Un'osservazione ha avuto luogo in tutta la Svizzera.<\/p>\r\n<h3 id=\"anchor-6CE41E52-C407-4FB6-A681-FAD0D485CE59\" class=\"h3 sch-h3\">Abuso a diversi livelli<\/h3>\r\n<p>Dall'introduzione delle misure antiabuso nel 2007, la Suva \u00e8 riuscita a risparmiare complessivamente oltre 239 milioni di franchi. Questo importo va a beneficio degli assicurati sotto forma di premi pi\u00f9 bassi.<\/p>\r\n<p>L'abuso assicurativo avviene a vari livelli: Si va dalle persone che utilizzano informazioni false o mancanti per eludere prestazioni in denaro come indennit\u00e0 giornaliere o pensioni, alle societ\u00e0 fittizie che evitano i premi dell'assicurazione sociale lavorando in nero o fallendo, fino alle fatture deliberatamente false di ospedali, medici o terapeuti. Tutti questi modelli hanno una cosa in comune: il danno \u00e8 a carico degli onesti.<\/p>\r\n<p>\"La stragrande maggioranza dei nostri assicurati \u00e8 onesta\", sottolinea Roger Bolt, responsabile della lotta agli abusi assicurativi della Suva. \"Per proteggerli da danni finanziari, per garantire premi adeguati al rischio e per contribuire a un mercato del lavoro e della sanit\u00e0 equo in Svizzera, intraprendiamo azioni coerenti contro gli abusi assicurativi. Grazie per la vostra onest\u00e0!\".<\/p>\r\n<\/div>\r\n<div>\r\n<p><em>Fonte: <a href=\"http:\/\/www.suva.ch\/\">Suva<\/a><\/em><\/p>\r\n<\/div>\n<p class=\"syndicated-attribution\">Questo articolo \u00e8 apparso originariamente su m-q.ch - <a href=\"https:\/\/www.m-q.ch\/de\/suva-mehr-faelle-von-versicherungsmissbrauch\/\" target=\"_blank\">https:\/\/www.m-q.ch\/de\/suva-mehr-faelle-von-versicherungsmissbrauch\/<\/a><\/p>","protected":false},"excerpt":{"rendered":"<p>La Suva sta agendo con coerenza contro gli abusi assicurativi: nel 2022 sono stati indagati oltre 2900 casi sospetti, un po' di pi\u00f9 rispetto all'anno precedente. La lotta agli abusi ha permesso di risparmiare 24,1 milioni di franchi svizzeri. Il risparmio totale dall'introduzione della lotta agli abusi \u00e8 di 239 milioni di franchi svizzeri.<\/p>","protected":false},"author":8,"featured_media":0,"comment_status":"closed","ping_status":"closed","sticky":false,"template":"","format":"standard","meta":{"_acf_changed":false,"_yoast_wpseo_focuskw":"Versicherungsmissbrauch","_yoast_wpseo_metadesc":"Suva bek\u00e4mpft Versicherungsmissbrauch: Schutz vor finanziellem Schaden und faire Pr\u00e4mien f\u00fcr alle Versicherten.","articlekey":"","footnotes":""},"categories":[582],"tags":[3895],"class_list":["post-21425","post","type-post","status-publish","format-standard","hentry","category-operational-excellence","tag-versicherungsmissbrauch"],"acf":[],"yoast_head":"<!-- This site is optimized with the Yoast SEO plugin v27.5 - https:\/\/yoast.com\/product\/yoast-seo-wordpress\/ -->\n<title>Suva: Mehr F\u00e4lle von Versicherungsmissbrauch - Organisator<\/title>\n<meta name=\"description\" content=\"Suva bek\u00e4mpft Versicherungsmissbrauch: Schutz vor finanziellem Schaden und faire Pr\u00e4mien f\u00fcr alle Versicherten.\" \/>\n<meta name=\"robots\" content=\"index, follow, max-snippet:-1, max-image-preview:large, max-video-preview:-1\" \/>\n<link rel=\"canonical\" href=\"https:\/\/www.organisator.ch\/it\/eccellenza-operativa\/2023-08-22\/suva-mehr-faelle-von-versicherungsmissbrauch\/\" \/>\n<meta property=\"og:locale\" content=\"it_IT\" \/>\n<meta property=\"og:type\" content=\"article\" \/>\n<meta property=\"og:title\" content=\"Suva: Mehr F\u00e4lle von Versicherungsmissbrauch - Organisator\" \/>\n<meta property=\"og:description\" content=\"Suva bek\u00e4mpft Versicherungsmissbrauch: Schutz vor finanziellem Schaden und faire Pr\u00e4mien f\u00fcr alle Versicherten.\" \/>\n<meta property=\"og:url\" content=\"https:\/\/www.organisator.ch\/it\/eccellenza-operativa\/2023-08-22\/suva-mehr-faelle-von-versicherungsmissbrauch\/\" \/>\n<meta property=\"og:site_name\" content=\"Organisator\" \/>\n<meta property=\"article:publisher\" content=\"https:\/\/www.facebook.com\/OrganisatorFachmagazin\" \/>\n<meta property=\"article:published_time\" content=\"2023-08-22T08:05:44+00:00\" \/>\n<meta property=\"article:modified_time\" content=\"2024-11-14T12:09:22+00:00\" \/>\n<meta name=\"author\" content=\"galledia\" \/>\n<meta name=\"twitter:card\" content=\"summary_large_image\" \/>\n<meta name=\"twitter:creator\" content=\"@admin\" \/>\n<script type=\"application\/ld+json\" class=\"yoast-schema-graph\">{\"@context\":\"https:\\\/\\\/schema.org\",\"@graph\":[{\"@type\":\"Article\",\"@id\":\"https:\\\/\\\/www.organisator.ch\\\/operational-excellence\\\/2023-08-22\\\/suva-mehr-faelle-von-versicherungsmissbrauch\\\/#article\",\"isPartOf\":{\"@id\":\"https:\\\/\\\/www.organisator.ch\\\/operational-excellence\\\/2023-08-22\\\/suva-mehr-faelle-von-versicherungsmissbrauch\\\/\"},\"author\":{\"name\":\"galledia\",\"@id\":\"https:\\\/\\\/www.organisator.ch\\\/#\\\/schema\\\/person\\\/4e51799071cd2dd1232ac003643ef5f0\"},\"headline\":\"Suva: Mehr F\u00e4lle von Versicherungsmissbrauch\",\"datePublished\":\"2023-08-22T08:05:44+00:00\",\"dateModified\":\"2024-11-14T12:09:22+00:00\",\"mainEntityOfPage\":{\"@id\":\"https:\\\/\\\/www.organisator.ch\\\/operational-excellence\\\/2023-08-22\\\/suva-mehr-faelle-von-versicherungsmissbrauch\\\/\"},\"wordCount\":360,\"publisher\":{\"@id\":\"https:\\\/\\\/www.organisator.ch\\\/#organization\"},\"image\":{\"@id\":\"https:\\\/\\\/www.organisator.ch\\\/operational-excellence\\\/2023-08-22\\\/suva-mehr-faelle-von-versicherungsmissbrauch\\\/#primaryimage\"},\"thumbnailUrl\":\"https:\\\/\\\/www.m-q.ch\\\/wp-content\\\/uploads\\\/2023\\\/08\\\/Suva-Mehr-Faelle-von-Versicherungsmissbrauch_MQ.jpg\",\"keywords\":[\"Versicherungsmissbrauch\"],\"articleSection\":[\"OPERATIONAL EXCELLENCE\"],\"inLanguage\":\"it-IT\"},{\"@type\":\"WebPage\",\"@id\":\"https:\\\/\\\/www.organisator.ch\\\/operational-excellence\\\/2023-08-22\\\/suva-mehr-faelle-von-versicherungsmissbrauch\\\/\",\"url\":\"https:\\\/\\\/www.organisator.ch\\\/operational-excellence\\\/2023-08-22\\\/suva-mehr-faelle-von-versicherungsmissbrauch\\\/\",\"name\":\"Suva: Mehr F\u00e4lle von Versicherungsmissbrauch - Organisator\",\"isPartOf\":{\"@id\":\"https:\\\/\\\/www.organisator.ch\\\/#website\"},\"primaryImageOfPage\":{\"@id\":\"https:\\\/\\\/www.organisator.ch\\\/operational-excellence\\\/2023-08-22\\\/suva-mehr-faelle-von-versicherungsmissbrauch\\\/#primaryimage\"},\"image\":{\"@id\":\"https:\\\/\\\/www.organisator.ch\\\/operational-excellence\\\/2023-08-22\\\/suva-mehr-faelle-von-versicherungsmissbrauch\\\/#primaryimage\"},\"thumbnailUrl\":\"https:\\\/\\\/www.m-q.ch\\\/wp-content\\\/uploads\\\/2023\\\/08\\\/Suva-Mehr-Faelle-von-Versicherungsmissbrauch_MQ.jpg\",\"datePublished\":\"2023-08-22T08:05:44+00:00\",\"dateModified\":\"2024-11-14T12:09:22+00:00\",\"description\":\"Suva bek\u00e4mpft Versicherungsmissbrauch: Schutz vor finanziellem Schaden und faire Pr\u00e4mien f\u00fcr alle Versicherten.\",\"breadcrumb\":{\"@id\":\"https:\\\/\\\/www.organisator.ch\\\/operational-excellence\\\/2023-08-22\\\/suva-mehr-faelle-von-versicherungsmissbrauch\\\/#breadcrumb\"},\"inLanguage\":\"it-IT\",\"potentialAction\":[{\"@type\":\"ReadAction\",\"target\":[\"https:\\\/\\\/www.organisator.ch\\\/operational-excellence\\\/2023-08-22\\\/suva-mehr-faelle-von-versicherungsmissbrauch\\\/\"]}]},{\"@type\":\"ImageObject\",\"inLanguage\":\"it-IT\",\"@id\":\"https:\\\/\\\/www.organisator.ch\\\/operational-excellence\\\/2023-08-22\\\/suva-mehr-faelle-von-versicherungsmissbrauch\\\/#primaryimage\",\"url\":\"https:\\\/\\\/www.m-q.ch\\\/wp-content\\\/uploads\\\/2023\\\/08\\\/Suva-Mehr-Faelle-von-Versicherungsmissbrauch_MQ.jpg\",\"contentUrl\":\"https:\\\/\\\/www.m-q.ch\\\/wp-content\\\/uploads\\\/2023\\\/08\\\/Suva-Mehr-Faelle-von-Versicherungsmissbrauch_MQ.jpg\"},{\"@type\":\"BreadcrumbList\",\"@id\":\"https:\\\/\\\/www.organisator.ch\\\/operational-excellence\\\/2023-08-22\\\/suva-mehr-faelle-von-versicherungsmissbrauch\\\/#breadcrumb\",\"itemListElement\":[{\"@type\":\"ListItem\",\"position\":1,\"name\":\"Home\",\"item\":\"https:\\\/\\\/www.organisator.ch\\\/\"},{\"@type\":\"ListItem\",\"position\":2,\"name\":\"Suva: Mehr F\u00e4lle von Versicherungsmissbrauch\"}]},{\"@type\":\"WebSite\",\"@id\":\"https:\\\/\\\/www.organisator.ch\\\/#website\",\"url\":\"https:\\\/\\\/www.organisator.ch\\\/\",\"name\":\"Organisator\",\"description\":\"Kompetent. Praxisnah. Der ORGANISATOR bereitet in 10 Ausgaben pro Jahr die wesentlichen Themen f\u00fcr F\u00fchrungskr\u00e4fte von KMU auf.\",\"publisher\":{\"@id\":\"https:\\\/\\\/www.organisator.ch\\\/#organization\"},\"potentialAction\":[{\"@type\":\"SearchAction\",\"target\":{\"@type\":\"EntryPoint\",\"urlTemplate\":\"https:\\\/\\\/www.organisator.ch\\\/?s={search_term_string}\"},\"query-input\":{\"@type\":\"PropertyValueSpecification\",\"valueRequired\":true,\"valueName\":\"search_term_string\"}}],\"inLanguage\":\"it-IT\"},{\"@type\":\"Organization\",\"@id\":\"https:\\\/\\\/www.organisator.ch\\\/#organization\",\"name\":\"Organisator\",\"url\":\"https:\\\/\\\/www.organisator.ch\\\/\",\"logo\":{\"@type\":\"ImageObject\",\"inLanguage\":\"it-IT\",\"@id\":\"https:\\\/\\\/www.organisator.ch\\\/#\\\/schema\\\/logo\\\/image\\\/\",\"url\":\"https:\\\/\\\/www.organisator.ch\\\/wp-content\\\/uploads\\\/2022\\\/01\\\/Logo_Organisator_Website.png\",\"contentUrl\":\"https:\\\/\\\/www.organisator.ch\\\/wp-content\\\/uploads\\\/2022\\\/01\\\/Logo_Organisator_Website.png\",\"width\":800,\"height\":77,\"caption\":\"Organisator\"},\"image\":{\"@id\":\"https:\\\/\\\/www.organisator.ch\\\/#\\\/schema\\\/logo\\\/image\\\/\"},\"sameAs\":[\"https:\\\/\\\/www.facebook.com\\\/OrganisatorFachmagazin\",\"https:\\\/\\\/www.linkedin.com\\\/showcase\\\/organisator-das-magazin-fr-kmu\",\"https:\\\/\\\/www.xing.com\\\/news\\\/pages\\\/organisator-ch-695\",\"https:\\\/\\\/www.youtube.com\\\/channel\\\/UCGP2Sq0iWaZwT3BdIAQFYpw\"]},{\"@type\":\"Person\",\"@id\":\"https:\\\/\\\/www.organisator.ch\\\/#\\\/schema\\\/person\\\/4e51799071cd2dd1232ac003643ef5f0\",\"name\":\"galledia\",\"image\":{\"@type\":\"ImageObject\",\"inLanguage\":\"it-IT\",\"@id\":\"https:\\\/\\\/secure.gravatar.com\\\/avatar\\\/78a7f90c01fc2bfc875782a0d4922b37cde2cf184ce347b91316d23cd7f69a36?s=96&d=mm&r=g\",\"url\":\"https:\\\/\\\/secure.gravatar.com\\\/avatar\\\/78a7f90c01fc2bfc875782a0d4922b37cde2cf184ce347b91316d23cd7f69a36?s=96&d=mm&r=g\",\"contentUrl\":\"https:\\\/\\\/secure.gravatar.com\\\/avatar\\\/78a7f90c01fc2bfc875782a0d4922b37cde2cf184ce347b91316d23cd7f69a36?s=96&d=mm&r=g\",\"caption\":\"galledia\"},\"sameAs\":[\"https:\\\/\\\/x.com\\\/admin\"],\"url\":\"https:\\\/\\\/www.organisator.ch\\\/it\\\/author\\\/galledia\\\/\"}]}<\/script>\n<!-- \/ Yoast SEO plugin. -->","yoast_head_json":{"title":"Suva: altri casi di frode assicurativa - Organizzatore","description":"La Suva combatte gli abusi assicurativi: protezione dalle perdite finanziarie e premi equi per tutti gli assicurati.","robots":{"index":"index","follow":"follow","max-snippet":"max-snippet:-1","max-image-preview":"max-image-preview:large","max-video-preview":"max-video-preview:-1"},"canonical":"https:\/\/www.organisator.ch\/it\/eccellenza-operativa\/2023-08-22\/suva-mehr-faelle-von-versicherungsmissbrauch\/","og_locale":"it_IT","og_type":"article","og_title":"Suva: Mehr F\u00e4lle von Versicherungsmissbrauch - Organisator","og_description":"Suva bek\u00e4mpft Versicherungsmissbrauch: Schutz vor finanziellem Schaden und faire Pr\u00e4mien f\u00fcr alle Versicherten.","og_url":"https:\/\/www.organisator.ch\/it\/eccellenza-operativa\/2023-08-22\/suva-mehr-faelle-von-versicherungsmissbrauch\/","og_site_name":"Organisator","article_publisher":"https:\/\/www.facebook.com\/OrganisatorFachmagazin","article_published_time":"2023-08-22T08:05:44+00:00","article_modified_time":"2024-11-14T12:09:22+00:00","author":"galledia","twitter_card":"summary_large_image","twitter_creator":"@admin","schema":{"@context":"https:\/\/schema.org","@graph":[{"@type":"Article","@id":"https:\/\/www.organisator.ch\/operational-excellence\/2023-08-22\/suva-mehr-faelle-von-versicherungsmissbrauch\/#article","isPartOf":{"@id":"https:\/\/www.organisator.ch\/operational-excellence\/2023-08-22\/suva-mehr-faelle-von-versicherungsmissbrauch\/"},"author":{"name":"galledia","@id":"https:\/\/www.organisator.ch\/#\/schema\/person\/4e51799071cd2dd1232ac003643ef5f0"},"headline":"Suva: Mehr F\u00e4lle von Versicherungsmissbrauch","datePublished":"2023-08-22T08:05:44+00:00","dateModified":"2024-11-14T12:09:22+00:00","mainEntityOfPage":{"@id":"https:\/\/www.organisator.ch\/operational-excellence\/2023-08-22\/suva-mehr-faelle-von-versicherungsmissbrauch\/"},"wordCount":360,"publisher":{"@id":"https:\/\/www.organisator.ch\/#organization"},"image":{"@id":"https:\/\/www.organisator.ch\/operational-excellence\/2023-08-22\/suva-mehr-faelle-von-versicherungsmissbrauch\/#primaryimage"},"thumbnailUrl":"https:\/\/www.m-q.ch\/wp-content\/uploads\/2023\/08\/Suva-Mehr-Faelle-von-Versicherungsmissbrauch_MQ.jpg","keywords":["Versicherungsmissbrauch"],"articleSection":["OPERATIONAL EXCELLENCE"],"inLanguage":"it-IT"},{"@type":"WebPage","@id":"https:\/\/www.organisator.ch\/operational-excellence\/2023-08-22\/suva-mehr-faelle-von-versicherungsmissbrauch\/","url":"https:\/\/www.organisator.ch\/operational-excellence\/2023-08-22\/suva-mehr-faelle-von-versicherungsmissbrauch\/","name":"Suva: altri casi di frode assicurativa - Organizzatore","isPartOf":{"@id":"https:\/\/www.organisator.ch\/#website"},"primaryImageOfPage":{"@id":"https:\/\/www.organisator.ch\/operational-excellence\/2023-08-22\/suva-mehr-faelle-von-versicherungsmissbrauch\/#primaryimage"},"image":{"@id":"https:\/\/www.organisator.ch\/operational-excellence\/2023-08-22\/suva-mehr-faelle-von-versicherungsmissbrauch\/#primaryimage"},"thumbnailUrl":"https:\/\/www.m-q.ch\/wp-content\/uploads\/2023\/08\/Suva-Mehr-Faelle-von-Versicherungsmissbrauch_MQ.jpg","datePublished":"2023-08-22T08:05:44+00:00","dateModified":"2024-11-14T12:09:22+00:00","description":"La Suva combatte gli abusi assicurativi: protezione dalle perdite finanziarie e premi equi per tutti gli assicurati.","breadcrumb":{"@id":"https:\/\/www.organisator.ch\/operational-excellence\/2023-08-22\/suva-mehr-faelle-von-versicherungsmissbrauch\/#breadcrumb"},"inLanguage":"it-IT","potentialAction":[{"@type":"ReadAction","target":["https:\/\/www.organisator.ch\/operational-excellence\/2023-08-22\/suva-mehr-faelle-von-versicherungsmissbrauch\/"]}]},{"@type":"ImageObject","inLanguage":"it-IT","@id":"https:\/\/www.organisator.ch\/operational-excellence\/2023-08-22\/suva-mehr-faelle-von-versicherungsmissbrauch\/#primaryimage","url":"https:\/\/www.m-q.ch\/wp-content\/uploads\/2023\/08\/Suva-Mehr-Faelle-von-Versicherungsmissbrauch_MQ.jpg","contentUrl":"https:\/\/www.m-q.ch\/wp-content\/uploads\/2023\/08\/Suva-Mehr-Faelle-von-Versicherungsmissbrauch_MQ.jpg"},{"@type":"BreadcrumbList","@id":"https:\/\/www.organisator.ch\/operational-excellence\/2023-08-22\/suva-mehr-faelle-von-versicherungsmissbrauch\/#breadcrumb","itemListElement":[{"@type":"ListItem","position":1,"name":"Home","item":"https:\/\/www.organisator.ch\/"},{"@type":"ListItem","position":2,"name":"Suva: Mehr F\u00e4lle von Versicherungsmissbrauch"}]},{"@type":"WebSite","@id":"https:\/\/www.organisator.ch\/#website","url":"https:\/\/www.organisator.ch\/","name":"Organizzatore","description":"Competente. Pratico. In 10 numeri all'anno, ORGANISATOR presenta i temi essenziali per i manager delle PMI.","publisher":{"@id":"https:\/\/www.organisator.ch\/#organization"},"potentialAction":[{"@type":"SearchAction","target":{"@type":"EntryPoint","urlTemplate":"https:\/\/www.organisator.ch\/?s={search_term_string}"},"query-input":{"@type":"PropertyValueSpecification","valueRequired":true,"valueName":"search_term_string"}}],"inLanguage":"it-IT"},{"@type":"Organization","@id":"https:\/\/www.organisator.ch\/#organization","name":"Organizzatore","url":"https:\/\/www.organisator.ch\/","logo":{"@type":"ImageObject","inLanguage":"it-IT","@id":"https:\/\/www.organisator.ch\/#\/schema\/logo\/image\/","url":"https:\/\/www.organisator.ch\/wp-content\/uploads\/2022\/01\/Logo_Organisator_Website.png","contentUrl":"https:\/\/www.organisator.ch\/wp-content\/uploads\/2022\/01\/Logo_Organisator_Website.png","width":800,"height":77,"caption":"Organisator"},"image":{"@id":"https:\/\/www.organisator.ch\/#\/schema\/logo\/image\/"},"sameAs":["https:\/\/www.facebook.com\/OrganisatorFachmagazin","https:\/\/www.linkedin.com\/showcase\/organisator-das-magazin-fr-kmu","https:\/\/www.xing.com\/news\/pages\/organisator-ch-695","https:\/\/www.youtube.com\/channel\/UCGP2Sq0iWaZwT3BdIAQFYpw"]},{"@type":"Person","@id":"https:\/\/www.organisator.ch\/#\/schema\/person\/4e51799071cd2dd1232ac003643ef5f0","name":"galledia","image":{"@type":"ImageObject","inLanguage":"it-IT","@id":"https:\/\/secure.gravatar.com\/avatar\/78a7f90c01fc2bfc875782a0d4922b37cde2cf184ce347b91316d23cd7f69a36?s=96&d=mm&r=g","url":"https:\/\/secure.gravatar.com\/avatar\/78a7f90c01fc2bfc875782a0d4922b37cde2cf184ce347b91316d23cd7f69a36?s=96&d=mm&r=g","contentUrl":"https:\/\/secure.gravatar.com\/avatar\/78a7f90c01fc2bfc875782a0d4922b37cde2cf184ce347b91316d23cd7f69a36?s=96&d=mm&r=g","caption":"galledia"},"sameAs":["https:\/\/x.com\/admin"],"url":"https:\/\/www.organisator.ch\/it\/author\/galledia\/"}]}},"_links":{"self":[{"href":"https:\/\/www.organisator.ch\/it\/wp-json\/wp\/v2\/posts\/21425","targetHints":{"allow":["GET"]}}],"collection":[{"href":"https:\/\/www.organisator.ch\/it\/wp-json\/wp\/v2\/posts"}],"about":[{"href":"https:\/\/www.organisator.ch\/it\/wp-json\/wp\/v2\/types\/post"}],"author":[{"embeddable":true,"href":"https:\/\/www.organisator.ch\/it\/wp-json\/wp\/v2\/users\/8"}],"replies":[{"embeddable":true,"href":"https:\/\/www.organisator.ch\/it\/wp-json\/wp\/v2\/comments?post=21425"}],"version-history":[{"count":4,"href":"https:\/\/www.organisator.ch\/it\/wp-json\/wp\/v2\/posts\/21425\/revisions"}],"predecessor-version":[{"id":32944,"href":"https:\/\/www.organisator.ch\/it\/wp-json\/wp\/v2\/posts\/21425\/revisions\/32944"}],"wp:attachment":[{"href":"https:\/\/www.organisator.ch\/it\/wp-json\/wp\/v2\/media?parent=21425"}],"wp:term":[{"taxonomy":"category","embeddable":true,"href":"https:\/\/www.organisator.ch\/it\/wp-json\/wp\/v2\/categories?post=21425"},{"taxonomy":"post_tag","embeddable":true,"href":"https:\/\/www.organisator.ch\/it\/wp-json\/wp\/v2\/tags?post=21425"}],"curies":[{"name":"wp","href":"https:\/\/api.w.org\/{rel}","templated":true}]}}