{"id":21445,"date":"2023-08-24T11:20:04","date_gmt":"2023-08-24T09:20:04","guid":{"rendered":"https:\/\/www.organisator.ch\/?p=21445"},"modified":"2023-08-24T11:20:04","modified_gmt":"2023-08-24T09:20:04","slug":"die-kmu-der-mem-branche-setzen-auf-ausbildung","status":"publish","type":"post","link":"https:\/\/www.organisator.ch\/it\/management\/2023-08-24\/die-kmu-der-mem-branche-setzen-auf-ausbildung\/","title":{"rendered":"Le PMI del settore MEM si affidano alla formazione"},"content":{"rendered":"<figure id=\"attachment_21446\" aria-describedby=\"caption-attachment-21446\" style=\"width: 680px\" class=\"wp-caption alignnone\"><img loading=\"lazy\" decoding=\"async\" class=\"size-full wp-image-21446\" src=\"https:\/\/www.organisator.ch\/wp-content\/uploads\/2023\/08\/Die-KMU-der-MEM-Branche-setzen-auf-Ausbildung_Organisator.jpg\" alt=\"\" width=\"680\" height=\"672\" srcset=\"https:\/\/www.organisator.ch\/wp-content\/uploads\/2023\/08\/Die-KMU-der-MEM-Branche-setzen-auf-Ausbildung_Organisator.jpg 680w, https:\/\/www.organisator.ch\/wp-content\/uploads\/2023\/08\/Die-KMU-der-MEM-Branche-setzen-auf-Ausbildung_Organisator-12x12.jpg 12w, https:\/\/www.organisator.ch\/wp-content\/uploads\/2023\/08\/Die-KMU-der-MEM-Branche-setzen-auf-Ausbildung_Organisator-304x300.jpg 304w, https:\/\/www.organisator.ch\/wp-content\/uploads\/2023\/08\/Die-KMU-der-MEM-Branche-setzen-auf-Ausbildung_Organisator-354x350.jpg 354w\" sizes=\"auto, (max-width: 680px) 100vw, 680px\" \/><figcaption id=\"caption-attachment-21446\" class=\"wp-caption-text\">Le maggiori sfide che le PMI MEM devono affrontare attualmente: la carenza di manodopera viene contrastata con la formazione. (Fonte: BAK Economics, indagine trimestrale Swissmechanic)<\/figcaption><\/figure>\n<p>Nel luglio 2023, per la prima volta quest'anno, le PMI del settore MEM non sono pi\u00f9 ottimiste: Una stretta maggioranza del 54% ritiene che l'attuale clima aziendale sia piuttosto o molto sfavorevole. \"Ci\u00f2 significa che l'indice del clima aziendale di Swissmechanic PMI-MEM scivola leggermente nella zona rossa per la prima volta quest'anno\", osserva il direttore di Swissmechanic J\u00fcrg Marti. Le 182 PMI che hanno partecipato all'ultima indagine trimestrale segnalano un calo degli ordini, del fatturato e dei margini. Solo l'aumento del personale prosegue a un ritmo pi\u00f9 lento. La carenza di manodopera \u00e8 emersa ancora una volta come la sfida principale nel secondo trimestre, prima del tasso di cambio, della mancanza di ordini, dei prezzi dell'energia e dei problemi della catena di approvvigionamento (vedi grafico).<\/p>\n<h3>Esportazioni deboli, politica monetaria in rallentamento<\/h3>\n<p>Una serie di fattori, sia dal lato della domanda che da quello dell'offerta, ha portato all'attuale calo del sentiment. Gli aspetti pi\u00f9 importanti sono la debolezza del contesto esterno, l'incertezza geopolitica, i prezzi dell'energia ancora relativamente alti, il franco forte e la stretta monetaria, che sta portando a un aumento dei tassi di interesse e a una maggiore restrizione dei prestiti, ostacolando gli investimenti.<\/p>\n<p>Poich\u00e9 i principali partner commerciali, Europa, Stati Uniti e Cina, soffrono a loro volta di un rallentamento economico, le esportazioni del settore MEM sono diminuite nel secondo trimestre del 2023 rispetto allo stesso trimestre dell'anno precedente, per la prima volta dopo pi\u00f9 di due anni. Questa tendenza negativa \u00e8 stata confermata a luglio.<\/p>\n<h3>Fortemente impegnati nella formazione<\/h3>\n<p>\"Anche se le nostre aziende sono riuscite a stabilizzare l'utilizzo della capacit\u00e0 produttiva nel secondo trimestre, le sfide per il settore MEM sono notevoli\", commenta il direttore di Swissmechanic J\u00fcrg Marti. La carenza di manodopera \u00e8 il problema pi\u00f9 frequentemente menzionato nel sondaggio, ovvero dal 54% delle aziende (cfr. figura). Circa tre quarti di queste aziende non sono riuscite a coprire i posti vacanti negli ultimi tre mesi. Questa carenza \u00e8 pi\u00f9 marcata nelle professioni tecniche, soprattutto tra i dipendenti con il profilo formativo \"Berufsbildung Sek. II\".<\/p>\n<p>Swissmechanic sta contrastando questa carenza di manodopera con il suo grande impegno nella formazione di base. Le oltre 1200 aziende associate, che impiegano in media 55 persone, formano attualmente circa 6.000 apprendisti. \"L'ancoraggio regionale delle nostre 13 sezioni, che a loro volta gestiscono 14 propri centri di formazione per i corsi interaziendali, \u00e8 uno dei grandi punti di forza della nostra associazione\", sottolinea J\u00fcrg Marti.<\/p>\n<h3>Nessuna aspettativa di recessione<\/h3>\n<p>Sul fronte positivo per le PMI-MEM, il riallineamento dell'approvvigionamento energetico, ad esempio, sta facendo rapidi progressi dopo la perdita delle forniture di materie prime russe. Anche le catene di approvvigionamento globali si sono normalizzate e ci sono sempre pi\u00f9 segnali di un significativo allentamento delle pressioni inflazionistiche.<\/p>\n<p>Anche se i prossimi mesi rimarranno probabilmente difficili, BAK Economics non prevede una recessione nel settore MEM. BAK Economics prevede che nell'anno in corso l'economia del settore MEM sar\u00e0 solo contenuta, come l'economia nel suo complesso. \u00c8 probabile che la creazione di posti di lavoro nel settore MEM continui (a un ritmo pi\u00f9 lento). Le prospettive per il prossimo anno sono leggermente migliori.<\/p>\n<p><em>Fonte: <a href=\"http:\/\/www.swissmechanic.ch\">Swissmechanic<\/a><\/em><\/p>","protected":false},"excerpt":{"rendered":"<p>L'umore delle PMI del settore meccanico, elettrico e metallurgico (MEM) si \u00e8 offuscato nel secondo trimestre. Secondo l'ultima indagine di Swissmechanic Svizzera, gli ordini in entrata, le vendite e i margini sono sotto pressione. L'associazione che riunisce oltre 1.200 aziende sta contrastando la sfida pi\u00f9 grande, la carenza di manodopera, con una formazione di base fortemente ancorata alla regione. <\/p>","protected":false},"author":4,"featured_media":21446,"comment_status":"closed","ping_status":"closed","sticky":false,"template":"","format":"standard","meta":{"_acf_changed":false,"_yoast_wpseo_focuskw":"Ausbildung","_yoast_wpseo_metadesc":"Der nach wie vor gr\u00f6ssten Herausforderung von MEM-KMU, dem Arbeitskr\u00e4ftemangel, begegnet der Verband Swissmechanic mit mehr Ausbildung.","articlekey":"","footnotes":""},"categories":[28],"tags":[62,2712,492,3897],"class_list":["post-21445","post","type-post","status-publish","format-standard","has-post-thumbnail","hentry","category-management","tag-aus-weiterbildung","tag-mem-branche","tag-unternehmen","tag-wirtschaftsbarometer"],"acf":[],"yoast_head":"<!-- This site is optimized with the Yoast SEO plugin v27.5 - https:\/\/yoast.com\/product\/yoast-seo-wordpress\/ -->\n<title>Die KMU der MEM-Branche setzen auf Ausbildung - Organisator<\/title>\n<meta name=\"description\" content=\"Der nach wie vor gr\u00f6ssten Herausforderung von MEM-KMU, dem Arbeitskr\u00e4ftemangel, begegnet der Verband Swissmechanic mit mehr Ausbildung.\" \/>\n<meta name=\"robots\" content=\"index, follow, max-snippet:-1, max-image-preview:large, max-video-preview:-1\" \/>\n<link rel=\"canonical\" href=\"https:\/\/www.organisator.ch\/it\/gestione-2\/2023-08-24\/die-kmu-der-mem-branche-setzen-auf-ausbildung\/\" \/>\n<meta property=\"og:locale\" content=\"it_IT\" \/>\n<meta property=\"og:type\" content=\"article\" \/>\n<meta property=\"og:title\" content=\"Die KMU der MEM-Branche setzen auf Ausbildung\" \/>\n<meta property=\"og:description\" content=\"Der nach wie vor gr\u00f6ssten Herausforderung von MEM-KMU, dem Arbeitskr\u00e4ftemangel, begegnet der Verband Swissmechanic mit mehr Ausbildung.\" \/>\n<meta property=\"og:url\" content=\"https:\/\/www.organisator.ch\/it\/gestione-2\/2023-08-24\/die-kmu-der-mem-branche-setzen-auf-ausbildung\/\" \/>\n<meta property=\"og:site_name\" content=\"Organisator\" \/>\n<meta property=\"article:publisher\" content=\"https:\/\/www.facebook.com\/OrganisatorFachmagazin\" \/>\n<meta property=\"article:published_time\" content=\"2023-08-24T09:20:04+00:00\" \/>\n<meta property=\"og:image\" content=\"https:\/\/www.organisator.ch\/wp-content\/uploads\/2023\/08\/Die-KMU-der-MEM-Branche-setzen-auf-Ausbildung_Organisator.jpg\" \/>\n\t<meta property=\"og:image:width\" content=\"680\" \/>\n\t<meta property=\"og:image:height\" content=\"672\" \/>\n\t<meta property=\"og:image:type\" content=\"image\/jpeg\" \/>\n<meta name=\"author\" content=\"thomas.berner\" \/>\n<meta name=\"twitter:card\" content=\"summary_large_image\" \/>\n<meta name=\"twitter:title\" content=\"Die KMU der #MEM-Branche setzen auf #Ausbildung\" \/>\n<meta name=\"twitter:description\" content=\"Der nach wie vor gr\u00f6ssten Herausforderung von #MEM-KMU, dem #Arbeitskr\u00e4ftemangel, begegnet der Verband #Swissmechanic mit mehr Ausbildung.\" \/>\n<meta name=\"twitter:image\" content=\"https:\/\/www.organisator.ch\/wp-content\/uploads\/2023\/08\/Die-KMU-der-MEM-Branche-setzen-auf-Ausbildung_Organisator.jpg\" \/>\n<script type=\"application\/ld+json\" class=\"yoast-schema-graph\">{\"@context\":\"https:\\\/\\\/schema.org\",\"@graph\":[{\"@type\":\"Article\",\"@id\":\"https:\\\/\\\/www.organisator.ch\\\/management\\\/2023-08-24\\\/die-kmu-der-mem-branche-setzen-auf-ausbildung\\\/#article\",\"isPartOf\":{\"@id\":\"https:\\\/\\\/www.organisator.ch\\\/management\\\/2023-08-24\\\/die-kmu-der-mem-branche-setzen-auf-ausbildung\\\/\"},\"author\":{\"name\":\"thomas.berner\",\"@id\":\"https:\\\/\\\/www.organisator.ch\\\/#\\\/schema\\\/person\\\/6f650f90b2842cd4c0cc334b4e36f67e\"},\"headline\":\"Die KMU der MEM-Branche setzen auf Ausbildung\",\"datePublished\":\"2023-08-24T09:20:04+00:00\",\"mainEntityOfPage\":{\"@id\":\"https:\\\/\\\/www.organisator.ch\\\/management\\\/2023-08-24\\\/die-kmu-der-mem-branche-setzen-auf-ausbildung\\\/\"},\"wordCount\":496,\"publisher\":{\"@id\":\"https:\\\/\\\/www.organisator.ch\\\/#organization\"},\"image\":{\"@id\":\"https:\\\/\\\/www.organisator.ch\\\/management\\\/2023-08-24\\\/die-kmu-der-mem-branche-setzen-auf-ausbildung\\\/#primaryimage\"},\"thumbnailUrl\":\"https:\\\/\\\/www.organisator.ch\\\/wp-content\\\/uploads\\\/2023\\\/08\\\/Die-KMU-der-MEM-Branche-setzen-auf-Ausbildung_Organisator.jpg\",\"keywords\":[\"Aus-\\\/Weiterbildung\",\"MEM-Branche\",\"Unternehmen\",\"Wirtschaftsbarometer\"],\"articleSection\":[\"MANAGEMENT\"],\"inLanguage\":\"it-IT\"},{\"@type\":\"WebPage\",\"@id\":\"https:\\\/\\\/www.organisator.ch\\\/management\\\/2023-08-24\\\/die-kmu-der-mem-branche-setzen-auf-ausbildung\\\/\",\"url\":\"https:\\\/\\\/www.organisator.ch\\\/management\\\/2023-08-24\\\/die-kmu-der-mem-branche-setzen-auf-ausbildung\\\/\",\"name\":\"Die KMU der MEM-Branche setzen auf Ausbildung - Organisator\",\"isPartOf\":{\"@id\":\"https:\\\/\\\/www.organisator.ch\\\/#website\"},\"primaryImageOfPage\":{\"@id\":\"https:\\\/\\\/www.organisator.ch\\\/management\\\/2023-08-24\\\/die-kmu-der-mem-branche-setzen-auf-ausbildung\\\/#primaryimage\"},\"image\":{\"@id\":\"https:\\\/\\\/www.organisator.ch\\\/management\\\/2023-08-24\\\/die-kmu-der-mem-branche-setzen-auf-ausbildung\\\/#primaryimage\"},\"thumbnailUrl\":\"https:\\\/\\\/www.organisator.ch\\\/wp-content\\\/uploads\\\/2023\\\/08\\\/Die-KMU-der-MEM-Branche-setzen-auf-Ausbildung_Organisator.jpg\",\"datePublished\":\"2023-08-24T09:20:04+00:00\",\"description\":\"Der nach wie vor gr\u00f6ssten Herausforderung von MEM-KMU, dem Arbeitskr\u00e4ftemangel, begegnet der Verband Swissmechanic mit mehr Ausbildung.\",\"breadcrumb\":{\"@id\":\"https:\\\/\\\/www.organisator.ch\\\/management\\\/2023-08-24\\\/die-kmu-der-mem-branche-setzen-auf-ausbildung\\\/#breadcrumb\"},\"inLanguage\":\"it-IT\",\"potentialAction\":[{\"@type\":\"ReadAction\",\"target\":[\"https:\\\/\\\/www.organisator.ch\\\/management\\\/2023-08-24\\\/die-kmu-der-mem-branche-setzen-auf-ausbildung\\\/\"]}]},{\"@type\":\"ImageObject\",\"inLanguage\":\"it-IT\",\"@id\":\"https:\\\/\\\/www.organisator.ch\\\/management\\\/2023-08-24\\\/die-kmu-der-mem-branche-setzen-auf-ausbildung\\\/#primaryimage\",\"url\":\"https:\\\/\\\/www.organisator.ch\\\/wp-content\\\/uploads\\\/2023\\\/08\\\/Die-KMU-der-MEM-Branche-setzen-auf-Ausbildung_Organisator.jpg\",\"contentUrl\":\"https:\\\/\\\/www.organisator.ch\\\/wp-content\\\/uploads\\\/2023\\\/08\\\/Die-KMU-der-MEM-Branche-setzen-auf-Ausbildung_Organisator.jpg\",\"width\":680,\"height\":672,\"caption\":\"Die derzeit gr\u00f6ssten Herausforderungen der MEM-KMU: Dem Mangel an Arbeitskr\u00e4ften wird mit Ausbildung begegnet. (Quelle: BAK Economics, Quartalsumfrage Swissmechanic)\"},{\"@type\":\"BreadcrumbList\",\"@id\":\"https:\\\/\\\/www.organisator.ch\\\/management\\\/2023-08-24\\\/die-kmu-der-mem-branche-setzen-auf-ausbildung\\\/#breadcrumb\",\"itemListElement\":[{\"@type\":\"ListItem\",\"position\":1,\"name\":\"Home\",\"item\":\"https:\\\/\\\/www.organisator.ch\\\/\"},{\"@type\":\"ListItem\",\"position\":2,\"name\":\"Die KMU der MEM-Branche setzen auf Ausbildung\"}]},{\"@type\":\"WebSite\",\"@id\":\"https:\\\/\\\/www.organisator.ch\\\/#website\",\"url\":\"https:\\\/\\\/www.organisator.ch\\\/\",\"name\":\"Organisator\",\"description\":\"Kompetent. Praxisnah. Der ORGANISATOR bereitet in 10 Ausgaben pro Jahr die wesentlichen Themen f\u00fcr F\u00fchrungskr\u00e4fte von KMU auf.\",\"publisher\":{\"@id\":\"https:\\\/\\\/www.organisator.ch\\\/#organization\"},\"potentialAction\":[{\"@type\":\"SearchAction\",\"target\":{\"@type\":\"EntryPoint\",\"urlTemplate\":\"https:\\\/\\\/www.organisator.ch\\\/?s={search_term_string}\"},\"query-input\":{\"@type\":\"PropertyValueSpecification\",\"valueRequired\":true,\"valueName\":\"search_term_string\"}}],\"inLanguage\":\"it-IT\"},{\"@type\":\"Organization\",\"@id\":\"https:\\\/\\\/www.organisator.ch\\\/#organization\",\"name\":\"Organisator\",\"url\":\"https:\\\/\\\/www.organisator.ch\\\/\",\"logo\":{\"@type\":\"ImageObject\",\"inLanguage\":\"it-IT\",\"@id\":\"https:\\\/\\\/www.organisator.ch\\\/#\\\/schema\\\/logo\\\/image\\\/\",\"url\":\"https:\\\/\\\/www.organisator.ch\\\/wp-content\\\/uploads\\\/2022\\\/01\\\/Logo_Organisator_Website.png\",\"contentUrl\":\"https:\\\/\\\/www.organisator.ch\\\/wp-content\\\/uploads\\\/2022\\\/01\\\/Logo_Organisator_Website.png\",\"width\":800,\"height\":77,\"caption\":\"Organisator\"},\"image\":{\"@id\":\"https:\\\/\\\/www.organisator.ch\\\/#\\\/schema\\\/logo\\\/image\\\/\"},\"sameAs\":[\"https:\\\/\\\/www.facebook.com\\\/OrganisatorFachmagazin\",\"https:\\\/\\\/www.linkedin.com\\\/showcase\\\/organisator-das-magazin-fr-kmu\",\"https:\\\/\\\/www.xing.com\\\/news\\\/pages\\\/organisator-ch-695\",\"https:\\\/\\\/www.youtube.com\\\/channel\\\/UCGP2Sq0iWaZwT3BdIAQFYpw\"]},{\"@type\":\"Person\",\"@id\":\"https:\\\/\\\/www.organisator.ch\\\/#\\\/schema\\\/person\\\/6f650f90b2842cd4c0cc334b4e36f67e\",\"name\":\"thomas.berner\",\"image\":{\"@type\":\"ImageObject\",\"inLanguage\":\"it-IT\",\"@id\":\"https:\\\/\\\/secure.gravatar.com\\\/avatar\\\/ac5001d2a36cb6c6cd3e50789007ffca834b477b74a2144564522e944eabff61?s=96&d=mm&r=g\",\"url\":\"https:\\\/\\\/secure.gravatar.com\\\/avatar\\\/ac5001d2a36cb6c6cd3e50789007ffca834b477b74a2144564522e944eabff61?s=96&d=mm&r=g\",\"contentUrl\":\"https:\\\/\\\/secure.gravatar.com\\\/avatar\\\/ac5001d2a36cb6c6cd3e50789007ffca834b477b74a2144564522e944eabff61?s=96&d=mm&r=g\",\"caption\":\"thomas.berner\"},\"url\":\"https:\\\/\\\/www.organisator.ch\\\/it\\\/author\\\/thomas-berner\\\/\"}]}<\/script>\n<!-- \/ Yoast SEO plugin. -->","yoast_head_json":{"title":"Le PMI del settore MEM si concentrano sulla formazione - Organizzatore","description":"La sfida pi\u00f9 grande che le PMI MEM devono ancora affrontare, la carenza di manodopera, viene affrontata dall'associazione Swissmechanic con una maggiore formazione.","robots":{"index":"index","follow":"follow","max-snippet":"max-snippet:-1","max-image-preview":"max-image-preview:large","max-video-preview":"max-video-preview:-1"},"canonical":"https:\/\/www.organisator.ch\/it\/gestione-2\/2023-08-24\/die-kmu-der-mem-branche-setzen-auf-ausbildung\/","og_locale":"it_IT","og_type":"article","og_title":"Die KMU der MEM-Branche setzen auf Ausbildung","og_description":"Der nach wie vor gr\u00f6ssten Herausforderung von MEM-KMU, dem Arbeitskr\u00e4ftemangel, begegnet der Verband Swissmechanic mit mehr Ausbildung.","og_url":"https:\/\/www.organisator.ch\/it\/gestione-2\/2023-08-24\/die-kmu-der-mem-branche-setzen-auf-ausbildung\/","og_site_name":"Organisator","article_publisher":"https:\/\/www.facebook.com\/OrganisatorFachmagazin","article_published_time":"2023-08-24T09:20:04+00:00","og_image":[{"width":680,"height":672,"url":"https:\/\/www.organisator.ch\/wp-content\/uploads\/2023\/08\/Die-KMU-der-MEM-Branche-setzen-auf-Ausbildung_Organisator.jpg","type":"image\/jpeg"}],"author":"thomas.berner","twitter_card":"summary_large_image","twitter_title":"Die KMU der #MEM-Branche setzen auf #Ausbildung","twitter_description":"Der nach wie vor gr\u00f6ssten Herausforderung von #MEM-KMU, dem #Arbeitskr\u00e4ftemangel, begegnet der Verband #Swissmechanic mit mehr Ausbildung.","twitter_image":"https:\/\/www.organisator.ch\/wp-content\/uploads\/2023\/08\/Die-KMU-der-MEM-Branche-setzen-auf-Ausbildung_Organisator.jpg","schema":{"@context":"https:\/\/schema.org","@graph":[{"@type":"Article","@id":"https:\/\/www.organisator.ch\/management\/2023-08-24\/die-kmu-der-mem-branche-setzen-auf-ausbildung\/#article","isPartOf":{"@id":"https:\/\/www.organisator.ch\/management\/2023-08-24\/die-kmu-der-mem-branche-setzen-auf-ausbildung\/"},"author":{"name":"thomas.berner","@id":"https:\/\/www.organisator.ch\/#\/schema\/person\/6f650f90b2842cd4c0cc334b4e36f67e"},"headline":"Die KMU der MEM-Branche setzen auf Ausbildung","datePublished":"2023-08-24T09:20:04+00:00","mainEntityOfPage":{"@id":"https:\/\/www.organisator.ch\/management\/2023-08-24\/die-kmu-der-mem-branche-setzen-auf-ausbildung\/"},"wordCount":496,"publisher":{"@id":"https:\/\/www.organisator.ch\/#organization"},"image":{"@id":"https:\/\/www.organisator.ch\/management\/2023-08-24\/die-kmu-der-mem-branche-setzen-auf-ausbildung\/#primaryimage"},"thumbnailUrl":"https:\/\/www.organisator.ch\/wp-content\/uploads\/2023\/08\/Die-KMU-der-MEM-Branche-setzen-auf-Ausbildung_Organisator.jpg","keywords":["Aus-\/Weiterbildung","MEM-Branche","Unternehmen","Wirtschaftsbarometer"],"articleSection":["MANAGEMENT"],"inLanguage":"it-IT"},{"@type":"WebPage","@id":"https:\/\/www.organisator.ch\/management\/2023-08-24\/die-kmu-der-mem-branche-setzen-auf-ausbildung\/","url":"https:\/\/www.organisator.ch\/management\/2023-08-24\/die-kmu-der-mem-branche-setzen-auf-ausbildung\/","name":"Le PMI del settore MEM si concentrano sulla formazione - Organizzatore","isPartOf":{"@id":"https:\/\/www.organisator.ch\/#website"},"primaryImageOfPage":{"@id":"https:\/\/www.organisator.ch\/management\/2023-08-24\/die-kmu-der-mem-branche-setzen-auf-ausbildung\/#primaryimage"},"image":{"@id":"https:\/\/www.organisator.ch\/management\/2023-08-24\/die-kmu-der-mem-branche-setzen-auf-ausbildung\/#primaryimage"},"thumbnailUrl":"https:\/\/www.organisator.ch\/wp-content\/uploads\/2023\/08\/Die-KMU-der-MEM-Branche-setzen-auf-Ausbildung_Organisator.jpg","datePublished":"2023-08-24T09:20:04+00:00","description":"La sfida pi\u00f9 grande che le PMI MEM devono ancora affrontare, la carenza di manodopera, viene affrontata dall'associazione Swissmechanic con una maggiore formazione.","breadcrumb":{"@id":"https:\/\/www.organisator.ch\/management\/2023-08-24\/die-kmu-der-mem-branche-setzen-auf-ausbildung\/#breadcrumb"},"inLanguage":"it-IT","potentialAction":[{"@type":"ReadAction","target":["https:\/\/www.organisator.ch\/management\/2023-08-24\/die-kmu-der-mem-branche-setzen-auf-ausbildung\/"]}]},{"@type":"ImageObject","inLanguage":"it-IT","@id":"https:\/\/www.organisator.ch\/management\/2023-08-24\/die-kmu-der-mem-branche-setzen-auf-ausbildung\/#primaryimage","url":"https:\/\/www.organisator.ch\/wp-content\/uploads\/2023\/08\/Die-KMU-der-MEM-Branche-setzen-auf-Ausbildung_Organisator.jpg","contentUrl":"https:\/\/www.organisator.ch\/wp-content\/uploads\/2023\/08\/Die-KMU-der-MEM-Branche-setzen-auf-Ausbildung_Organisator.jpg","width":680,"height":672,"caption":"Die derzeit gr\u00f6ssten Herausforderungen der MEM-KMU: Dem Mangel an Arbeitskr\u00e4ften wird mit Ausbildung begegnet. (Quelle: BAK Economics, Quartalsumfrage Swissmechanic)"},{"@type":"BreadcrumbList","@id":"https:\/\/www.organisator.ch\/management\/2023-08-24\/die-kmu-der-mem-branche-setzen-auf-ausbildung\/#breadcrumb","itemListElement":[{"@type":"ListItem","position":1,"name":"Home","item":"https:\/\/www.organisator.ch\/"},{"@type":"ListItem","position":2,"name":"Die KMU der MEM-Branche setzen auf Ausbildung"}]},{"@type":"WebSite","@id":"https:\/\/www.organisator.ch\/#website","url":"https:\/\/www.organisator.ch\/","name":"Organizzatore","description":"Competente. Pratico. In 10 numeri all'anno, ORGANISATOR presenta i temi essenziali per i manager delle PMI.","publisher":{"@id":"https:\/\/www.organisator.ch\/#organization"},"potentialAction":[{"@type":"SearchAction","target":{"@type":"EntryPoint","urlTemplate":"https:\/\/www.organisator.ch\/?s={search_term_string}"},"query-input":{"@type":"PropertyValueSpecification","valueRequired":true,"valueName":"search_term_string"}}],"inLanguage":"it-IT"},{"@type":"Organization","@id":"https:\/\/www.organisator.ch\/#organization","name":"Organizzatore","url":"https:\/\/www.organisator.ch\/","logo":{"@type":"ImageObject","inLanguage":"it-IT","@id":"https:\/\/www.organisator.ch\/#\/schema\/logo\/image\/","url":"https:\/\/www.organisator.ch\/wp-content\/uploads\/2022\/01\/Logo_Organisator_Website.png","contentUrl":"https:\/\/www.organisator.ch\/wp-content\/uploads\/2022\/01\/Logo_Organisator_Website.png","width":800,"height":77,"caption":"Organisator"},"image":{"@id":"https:\/\/www.organisator.ch\/#\/schema\/logo\/image\/"},"sameAs":["https:\/\/www.facebook.com\/OrganisatorFachmagazin","https:\/\/www.linkedin.com\/showcase\/organisator-das-magazin-fr-kmu","https:\/\/www.xing.com\/news\/pages\/organisator-ch-695","https:\/\/www.youtube.com\/channel\/UCGP2Sq0iWaZwT3BdIAQFYpw"]},{"@type":"Person","@id":"https:\/\/www.organisator.ch\/#\/schema\/person\/6f650f90b2842cd4c0cc334b4e36f67e","name":"Tommaso.berner","image":{"@type":"ImageObject","inLanguage":"it-IT","@id":"https:\/\/secure.gravatar.com\/avatar\/ac5001d2a36cb6c6cd3e50789007ffca834b477b74a2144564522e944eabff61?s=96&d=mm&r=g","url":"https:\/\/secure.gravatar.com\/avatar\/ac5001d2a36cb6c6cd3e50789007ffca834b477b74a2144564522e944eabff61?s=96&d=mm&r=g","contentUrl":"https:\/\/secure.gravatar.com\/avatar\/ac5001d2a36cb6c6cd3e50789007ffca834b477b74a2144564522e944eabff61?s=96&d=mm&r=g","caption":"thomas.berner"},"url":"https:\/\/www.organisator.ch\/it\/author\/thomas-berner\/"}]}},"_links":{"self":[{"href":"https:\/\/www.organisator.ch\/it\/wp-json\/wp\/v2\/posts\/21445","targetHints":{"allow":["GET"]}}],"collection":[{"href":"https:\/\/www.organisator.ch\/it\/wp-json\/wp\/v2\/posts"}],"about":[{"href":"https:\/\/www.organisator.ch\/it\/wp-json\/wp\/v2\/types\/post"}],"author":[{"embeddable":true,"href":"https:\/\/www.organisator.ch\/it\/wp-json\/wp\/v2\/users\/4"}],"replies":[{"embeddable":true,"href":"https:\/\/www.organisator.ch\/it\/wp-json\/wp\/v2\/comments?post=21445"}],"version-history":[{"count":1,"href":"https:\/\/www.organisator.ch\/it\/wp-json\/wp\/v2\/posts\/21445\/revisions"}],"predecessor-version":[{"id":21447,"href":"https:\/\/www.organisator.ch\/it\/wp-json\/wp\/v2\/posts\/21445\/revisions\/21447"}],"wp:featuredmedia":[{"embeddable":true,"href":"https:\/\/www.organisator.ch\/it\/wp-json\/wp\/v2\/media\/21446"}],"wp:attachment":[{"href":"https:\/\/www.organisator.ch\/it\/wp-json\/wp\/v2\/media?parent=21445"}],"wp:term":[{"taxonomy":"category","embeddable":true,"href":"https:\/\/www.organisator.ch\/it\/wp-json\/wp\/v2\/categories?post=21445"},{"taxonomy":"post_tag","embeddable":true,"href":"https:\/\/www.organisator.ch\/it\/wp-json\/wp\/v2\/tags?post=21445"}],"curies":[{"name":"wp","href":"https:\/\/api.w.org\/{rel}","templated":true}]}}