{"id":21451,"date":"2023-08-24T13:39:31","date_gmt":"2023-08-24T11:39:31","guid":{"rendered":"https:\/\/www.m-q.ch\/?p=18439"},"modified":"2024-11-14T13:08:41","modified_gmt":"2024-11-14T12:08:41","slug":"in-sieben-schritten-zur-gelungenen-cloud-migration","status":"publish","type":"post","link":"https:\/\/www.organisator.ch\/it\/operational-excellence\/2023-08-24\/in-sieben-schritten-zur-gelungenen-cloud-migration\/","title":{"rendered":"Sette passi per una migrazione cloud di successo"},"content":{"rendered":"<figure id=\"attachment_18440\" class=\"wp-caption alignnone\" style=\"width: 680px\" aria-describedby=\"caption-attachment-18440\"><img class=\"alignnone wp-image-18440 size-full\" src=\"https:\/\/www.m-q.ch\/wp-content\/uploads\/2023\/08\/In-sieben-Schritten-zur-gelungenen-Cloud-Migration_MQ.jpg\" alt=\"Migrazione in cloud\" width=\"680\" height=\"510\" \/>\r\n<figcaption id=\"caption-attachment-18440\" class=\"wp-caption-text\">I vantaggi del cloud computing sono ormai indiscussi. Ma qual \u00e8 il modo migliore per migrare al cloud? (Immagine: Depositphotos.com)<\/figcaption>\r\n<\/figure>\r\n<p>Le cinque dita di una sola mano non sono pi\u00f9 sufficienti per elencare gli argomenti a favore del cloud computing: Sono gi\u00e0 esaurite con la maggiore flessibilit\u00e0, scalabilit\u00e0, disponibilit\u00e0 e sicurezza, nonch\u00e9 con i vantaggi di costo delle risorse cloud. A ci\u00f2 si aggiungono, tra l'altro, le capacit\u00e0 di disaster recovery intrinseche al cloud e la velocit\u00e0 di innovazione con cui i cloud provider continuano a sviluppare le loro piattaforme. Ma il semplice passaggio al cloud raramente funziona. La migrazione al cloud deve essere pianificata e implementata con attenzione per evitare che diventi un disastro. Il fornitore di servizi cloud Couchbase illustra le fasi pi\u00f9 importanti del passaggio al cloud:<\/p>\r\n<ol>\r\n\t<li><strong> Valutazione:<\/strong> Il cloud computing nasce solo con alcune start-up greenfield. Di norma, viene costruito su sistemi esistenti (legacy), con i quali viene combinato in strutture ibride. Il primo passo consiste nel valutare l'infrastruttura IT esistente e decidere quali applicazioni e carichi di lavoro devono essere spostati nel cloud e quali no.<\/li>\r\n\t<li><strong>Pianificazione:<\/strong> Il piano di migrazione che si basa su questo definisce la tempistica, il budget e le risorse necessarie per la migrazione nel cloud, come le attrezzature, il personale o i costi per i fornitori di servizi di accompagnamento.<\/li>\r\n\t<li><strong>Preparazione:<\/strong> Prima di iniziare la migrazione, i sistemi, le applicazioni e i dati interessati devono essere resi pronti per il cloud. Ci\u00f2 include tutte le misure di sicurezza necessarie, la messa a punto delle prestazioni e il backup e il ripristino dei dati.<\/li>\r\n\t<li><strong> Migrazione:<\/strong> Dopo queste fasi preparatorie, pu\u00f2 iniziare la migrazione vera e propria di sistemi, applicazioni e dati nel cloud, accompagnata da opportuni test di prestazione e validazione.<\/li>\r\n\t<li><strong>Integrazione:<\/strong> Poich\u00e9 di solito non tutti i servizi IT vengono migrati nel cloud, i servizi cloud e i rimanenti sistemi legacy on-premise devono essere messi in armonia produttiva tra loro. Questo vale soprattutto per la gestione dei dati e della sicurezza.<\/li>\r\n\t<li><strong>Ottimizzazione:<\/strong> I servizi cloud hanno un enorme potenziale di ottimizzazione se vengono adattati ai requisiti specifici. I parametri pi\u00f9 importanti sono le prestazioni, la scalabilit\u00e0 e l'efficienza dei costi.<\/li>\r\n\t<li><strong>Manutenzione: <\/strong>Come i sistemi legacy, anche i sistemi cloud devono essere costantemente mantenuti dopo la messa in funzione. In cima alla lista della manutenzione c'\u00e8 il monitoraggio di tutti i servizi e l'eventuale aggiornamento di sistemi e applicazioni.<\/li>\r\n<\/ol>\r\n<p>\"Una strategia di migrazione ben studiata \u00e8 un fattore di successo fondamentale per i progetti cloud\", spiega Paul Salazar, Senior Director Central Europe di Couchbase. \"Spiana la strada a una transizione senza intoppi e garantisce che i vantaggi del cloud computing possano essere sfruttati in modo rapido ed efficiente\".<\/p>\r\n<p><em>Fonte e ulteriori informazioni: <a href=\"https:\/\/www.couchbase.com\/\">Couchbase<\/a><\/em><\/p>\n<p class=\"syndicated-attribution\">Questo articolo \u00e8 apparso originariamente su m-q.ch - <a href=\"https:\/\/www.m-q.ch\/de\/in-sieben-schritten-zur-gelungenen-cloud-migration\/\" target=\"_blank\">https:\/\/www.m-q.ch\/de\/in-sieben-schritten-zur-gelungenen-cloud-migration\/<\/a><\/p>","protected":false},"excerpt":{"rendered":"<p>Chiunque voglia sfruttare in modo significativo i vantaggi del cloud computing non pu\u00f2 fare a meno di una sofisticata strategia di migrazione. L'azienda Couchbase, fornitrice di una moderna piattaforma di database in cloud, elenca i pioli pi\u00f9 importanti della scala verso il cloud.<\/p>","protected":false},"author":8,"featured_media":0,"comment_status":"closed","ping_status":"closed","sticky":false,"template":"","format":"standard","meta":{"_acf_changed":false,"_yoast_wpseo_focuskw":"Cloud-Migration","_yoast_wpseo_metadesc":"Erfolgreiche Cloud-Migration: Flexibilit\u00e4t, Skalierbarkeit und Kosteneffizienz durch sorgf\u00e4ltige Planung und Umsetzung.","articlekey":"","footnotes":""},"categories":[582],"tags":[],"class_list":["post-21451","post","type-post","status-publish","format-standard","hentry","category-operational-excellence"],"acf":[],"yoast_head":"<!-- This site is optimized with the Yoast SEO plugin v27.5 - https:\/\/yoast.com\/product\/yoast-seo-wordpress\/ -->\n<title>In sieben Schritten zur gelungenen Cloud-Migration - Organisator<\/title>\n<meta name=\"description\" content=\"Erfolgreiche Cloud-Migration: Flexibilit\u00e4t, Skalierbarkeit und Kosteneffizienz durch sorgf\u00e4ltige Planung und Umsetzung.\" \/>\n<meta name=\"robots\" content=\"index, follow, max-snippet:-1, max-image-preview:large, max-video-preview:-1\" \/>\n<link rel=\"canonical\" href=\"https:\/\/www.organisator.ch\/it\/eccellenza-operativa\/2023-08-24\/in-sieben-schritten-zur-gelungenen-cloud-migration\/\" \/>\n<meta property=\"og:locale\" content=\"it_IT\" \/>\n<meta property=\"og:type\" content=\"article\" \/>\n<meta property=\"og:title\" content=\"In sieben Schritten zur gelungenen Cloud-Migration - Organisator\" \/>\n<meta property=\"og:description\" content=\"Erfolgreiche Cloud-Migration: Flexibilit\u00e4t, Skalierbarkeit und Kosteneffizienz durch sorgf\u00e4ltige Planung und Umsetzung.\" \/>\n<meta property=\"og:url\" content=\"https:\/\/www.organisator.ch\/it\/eccellenza-operativa\/2023-08-24\/in-sieben-schritten-zur-gelungenen-cloud-migration\/\" \/>\n<meta property=\"og:site_name\" content=\"Organisator\" \/>\n<meta property=\"article:publisher\" content=\"https:\/\/www.facebook.com\/OrganisatorFachmagazin\" \/>\n<meta property=\"article:published_time\" content=\"2023-08-24T11:39:31+00:00\" \/>\n<meta property=\"article:modified_time\" content=\"2024-11-14T12:08:41+00:00\" \/>\n<meta name=\"author\" content=\"galledia\" \/>\n<meta name=\"twitter:card\" content=\"summary_large_image\" \/>\n<meta name=\"twitter:creator\" content=\"@admin\" \/>\n<script type=\"application\/ld+json\" class=\"yoast-schema-graph\">{\"@context\":\"https:\\\/\\\/schema.org\",\"@graph\":[{\"@type\":\"Article\",\"@id\":\"https:\\\/\\\/www.organisator.ch\\\/operational-excellence\\\/2023-08-24\\\/in-sieben-schritten-zur-gelungenen-cloud-migration\\\/#article\",\"isPartOf\":{\"@id\":\"https:\\\/\\\/www.organisator.ch\\\/operational-excellence\\\/2023-08-24\\\/in-sieben-schritten-zur-gelungenen-cloud-migration\\\/\"},\"author\":{\"name\":\"galledia\",\"@id\":\"https:\\\/\\\/www.organisator.ch\\\/#\\\/schema\\\/person\\\/4e51799071cd2dd1232ac003643ef5f0\"},\"headline\":\"In sieben Schritten zur gelungenen Cloud-Migration\",\"datePublished\":\"2023-08-24T11:39:31+00:00\",\"dateModified\":\"2024-11-14T12:08:41+00:00\",\"mainEntityOfPage\":{\"@id\":\"https:\\\/\\\/www.organisator.ch\\\/operational-excellence\\\/2023-08-24\\\/in-sieben-schritten-zur-gelungenen-cloud-migration\\\/\"},\"wordCount\":418,\"publisher\":{\"@id\":\"https:\\\/\\\/www.organisator.ch\\\/#organization\"},\"image\":{\"@id\":\"https:\\\/\\\/www.organisator.ch\\\/operational-excellence\\\/2023-08-24\\\/in-sieben-schritten-zur-gelungenen-cloud-migration\\\/#primaryimage\"},\"thumbnailUrl\":\"https:\\\/\\\/www.m-q.ch\\\/wp-content\\\/uploads\\\/2023\\\/08\\\/In-sieben-Schritten-zur-gelungenen-Cloud-Migration_MQ.jpg\",\"articleSection\":[\"OPERATIONAL EXCELLENCE\"],\"inLanguage\":\"it-IT\"},{\"@type\":\"WebPage\",\"@id\":\"https:\\\/\\\/www.organisator.ch\\\/operational-excellence\\\/2023-08-24\\\/in-sieben-schritten-zur-gelungenen-cloud-migration\\\/\",\"url\":\"https:\\\/\\\/www.organisator.ch\\\/operational-excellence\\\/2023-08-24\\\/in-sieben-schritten-zur-gelungenen-cloud-migration\\\/\",\"name\":\"In sieben Schritten zur gelungenen Cloud-Migration - Organisator\",\"isPartOf\":{\"@id\":\"https:\\\/\\\/www.organisator.ch\\\/#website\"},\"primaryImageOfPage\":{\"@id\":\"https:\\\/\\\/www.organisator.ch\\\/operational-excellence\\\/2023-08-24\\\/in-sieben-schritten-zur-gelungenen-cloud-migration\\\/#primaryimage\"},\"image\":{\"@id\":\"https:\\\/\\\/www.organisator.ch\\\/operational-excellence\\\/2023-08-24\\\/in-sieben-schritten-zur-gelungenen-cloud-migration\\\/#primaryimage\"},\"thumbnailUrl\":\"https:\\\/\\\/www.m-q.ch\\\/wp-content\\\/uploads\\\/2023\\\/08\\\/In-sieben-Schritten-zur-gelungenen-Cloud-Migration_MQ.jpg\",\"datePublished\":\"2023-08-24T11:39:31+00:00\",\"dateModified\":\"2024-11-14T12:08:41+00:00\",\"description\":\"Erfolgreiche Cloud-Migration: Flexibilit\u00e4t, Skalierbarkeit und Kosteneffizienz durch sorgf\u00e4ltige Planung und Umsetzung.\",\"breadcrumb\":{\"@id\":\"https:\\\/\\\/www.organisator.ch\\\/operational-excellence\\\/2023-08-24\\\/in-sieben-schritten-zur-gelungenen-cloud-migration\\\/#breadcrumb\"},\"inLanguage\":\"it-IT\",\"potentialAction\":[{\"@type\":\"ReadAction\",\"target\":[\"https:\\\/\\\/www.organisator.ch\\\/operational-excellence\\\/2023-08-24\\\/in-sieben-schritten-zur-gelungenen-cloud-migration\\\/\"]}]},{\"@type\":\"ImageObject\",\"inLanguage\":\"it-IT\",\"@id\":\"https:\\\/\\\/www.organisator.ch\\\/operational-excellence\\\/2023-08-24\\\/in-sieben-schritten-zur-gelungenen-cloud-migration\\\/#primaryimage\",\"url\":\"https:\\\/\\\/www.m-q.ch\\\/wp-content\\\/uploads\\\/2023\\\/08\\\/In-sieben-Schritten-zur-gelungenen-Cloud-Migration_MQ.jpg\",\"contentUrl\":\"https:\\\/\\\/www.m-q.ch\\\/wp-content\\\/uploads\\\/2023\\\/08\\\/In-sieben-Schritten-zur-gelungenen-Cloud-Migration_MQ.jpg\"},{\"@type\":\"BreadcrumbList\",\"@id\":\"https:\\\/\\\/www.organisator.ch\\\/operational-excellence\\\/2023-08-24\\\/in-sieben-schritten-zur-gelungenen-cloud-migration\\\/#breadcrumb\",\"itemListElement\":[{\"@type\":\"ListItem\",\"position\":1,\"name\":\"Home\",\"item\":\"https:\\\/\\\/www.organisator.ch\\\/\"},{\"@type\":\"ListItem\",\"position\":2,\"name\":\"In sieben Schritten zur gelungenen Cloud-Migration\"}]},{\"@type\":\"WebSite\",\"@id\":\"https:\\\/\\\/www.organisator.ch\\\/#website\",\"url\":\"https:\\\/\\\/www.organisator.ch\\\/\",\"name\":\"Organisator\",\"description\":\"Kompetent. Praxisnah. Der ORGANISATOR bereitet in 10 Ausgaben pro Jahr die wesentlichen Themen f\u00fcr F\u00fchrungskr\u00e4fte von KMU auf.\",\"publisher\":{\"@id\":\"https:\\\/\\\/www.organisator.ch\\\/#organization\"},\"potentialAction\":[{\"@type\":\"SearchAction\",\"target\":{\"@type\":\"EntryPoint\",\"urlTemplate\":\"https:\\\/\\\/www.organisator.ch\\\/?s={search_term_string}\"},\"query-input\":{\"@type\":\"PropertyValueSpecification\",\"valueRequired\":true,\"valueName\":\"search_term_string\"}}],\"inLanguage\":\"it-IT\"},{\"@type\":\"Organization\",\"@id\":\"https:\\\/\\\/www.organisator.ch\\\/#organization\",\"name\":\"Organisator\",\"url\":\"https:\\\/\\\/www.organisator.ch\\\/\",\"logo\":{\"@type\":\"ImageObject\",\"inLanguage\":\"it-IT\",\"@id\":\"https:\\\/\\\/www.organisator.ch\\\/#\\\/schema\\\/logo\\\/image\\\/\",\"url\":\"https:\\\/\\\/www.organisator.ch\\\/wp-content\\\/uploads\\\/2022\\\/01\\\/Logo_Organisator_Website.png\",\"contentUrl\":\"https:\\\/\\\/www.organisator.ch\\\/wp-content\\\/uploads\\\/2022\\\/01\\\/Logo_Organisator_Website.png\",\"width\":800,\"height\":77,\"caption\":\"Organisator\"},\"image\":{\"@id\":\"https:\\\/\\\/www.organisator.ch\\\/#\\\/schema\\\/logo\\\/image\\\/\"},\"sameAs\":[\"https:\\\/\\\/www.facebook.com\\\/OrganisatorFachmagazin\",\"https:\\\/\\\/www.linkedin.com\\\/showcase\\\/organisator-das-magazin-fr-kmu\",\"https:\\\/\\\/www.xing.com\\\/news\\\/pages\\\/organisator-ch-695\",\"https:\\\/\\\/www.youtube.com\\\/channel\\\/UCGP2Sq0iWaZwT3BdIAQFYpw\"]},{\"@type\":\"Person\",\"@id\":\"https:\\\/\\\/www.organisator.ch\\\/#\\\/schema\\\/person\\\/4e51799071cd2dd1232ac003643ef5f0\",\"name\":\"galledia\",\"image\":{\"@type\":\"ImageObject\",\"inLanguage\":\"it-IT\",\"@id\":\"https:\\\/\\\/secure.gravatar.com\\\/avatar\\\/78a7f90c01fc2bfc875782a0d4922b37cde2cf184ce347b91316d23cd7f69a36?s=96&d=mm&r=g\",\"url\":\"https:\\\/\\\/secure.gravatar.com\\\/avatar\\\/78a7f90c01fc2bfc875782a0d4922b37cde2cf184ce347b91316d23cd7f69a36?s=96&d=mm&r=g\",\"contentUrl\":\"https:\\\/\\\/secure.gravatar.com\\\/avatar\\\/78a7f90c01fc2bfc875782a0d4922b37cde2cf184ce347b91316d23cd7f69a36?s=96&d=mm&r=g\",\"caption\":\"galledia\"},\"sameAs\":[\"https:\\\/\\\/x.com\\\/admin\"],\"url\":\"https:\\\/\\\/www.organisator.ch\\\/it\\\/author\\\/galledia\\\/\"}]}<\/script>\n<!-- \/ Yoast SEO plugin. -->","yoast_head_json":{"title":"Sette passi per una migrazione cloud di successo - Organizzatore","description":"Una migrazione cloud di successo: flessibilit\u00e0, scalabilit\u00e0 ed efficienza dei costi grazie a un'attenta pianificazione e implementazione.","robots":{"index":"index","follow":"follow","max-snippet":"max-snippet:-1","max-image-preview":"max-image-preview:large","max-video-preview":"max-video-preview:-1"},"canonical":"https:\/\/www.organisator.ch\/it\/eccellenza-operativa\/2023-08-24\/in-sieben-schritten-zur-gelungenen-cloud-migration\/","og_locale":"it_IT","og_type":"article","og_title":"In sieben Schritten zur gelungenen Cloud-Migration - Organisator","og_description":"Erfolgreiche Cloud-Migration: Flexibilit\u00e4t, Skalierbarkeit und Kosteneffizienz durch sorgf\u00e4ltige Planung und Umsetzung.","og_url":"https:\/\/www.organisator.ch\/it\/eccellenza-operativa\/2023-08-24\/in-sieben-schritten-zur-gelungenen-cloud-migration\/","og_site_name":"Organisator","article_publisher":"https:\/\/www.facebook.com\/OrganisatorFachmagazin","article_published_time":"2023-08-24T11:39:31+00:00","article_modified_time":"2024-11-14T12:08:41+00:00","author":"galledia","twitter_card":"summary_large_image","twitter_creator":"@admin","schema":{"@context":"https:\/\/schema.org","@graph":[{"@type":"Article","@id":"https:\/\/www.organisator.ch\/operational-excellence\/2023-08-24\/in-sieben-schritten-zur-gelungenen-cloud-migration\/#article","isPartOf":{"@id":"https:\/\/www.organisator.ch\/operational-excellence\/2023-08-24\/in-sieben-schritten-zur-gelungenen-cloud-migration\/"},"author":{"name":"galledia","@id":"https:\/\/www.organisator.ch\/#\/schema\/person\/4e51799071cd2dd1232ac003643ef5f0"},"headline":"In sieben Schritten zur gelungenen Cloud-Migration","datePublished":"2023-08-24T11:39:31+00:00","dateModified":"2024-11-14T12:08:41+00:00","mainEntityOfPage":{"@id":"https:\/\/www.organisator.ch\/operational-excellence\/2023-08-24\/in-sieben-schritten-zur-gelungenen-cloud-migration\/"},"wordCount":418,"publisher":{"@id":"https:\/\/www.organisator.ch\/#organization"},"image":{"@id":"https:\/\/www.organisator.ch\/operational-excellence\/2023-08-24\/in-sieben-schritten-zur-gelungenen-cloud-migration\/#primaryimage"},"thumbnailUrl":"https:\/\/www.m-q.ch\/wp-content\/uploads\/2023\/08\/In-sieben-Schritten-zur-gelungenen-Cloud-Migration_MQ.jpg","articleSection":["OPERATIONAL EXCELLENCE"],"inLanguage":"it-IT"},{"@type":"WebPage","@id":"https:\/\/www.organisator.ch\/operational-excellence\/2023-08-24\/in-sieben-schritten-zur-gelungenen-cloud-migration\/","url":"https:\/\/www.organisator.ch\/operational-excellence\/2023-08-24\/in-sieben-schritten-zur-gelungenen-cloud-migration\/","name":"Sette passi per una migrazione cloud di successo - Organizzatore","isPartOf":{"@id":"https:\/\/www.organisator.ch\/#website"},"primaryImageOfPage":{"@id":"https:\/\/www.organisator.ch\/operational-excellence\/2023-08-24\/in-sieben-schritten-zur-gelungenen-cloud-migration\/#primaryimage"},"image":{"@id":"https:\/\/www.organisator.ch\/operational-excellence\/2023-08-24\/in-sieben-schritten-zur-gelungenen-cloud-migration\/#primaryimage"},"thumbnailUrl":"https:\/\/www.m-q.ch\/wp-content\/uploads\/2023\/08\/In-sieben-Schritten-zur-gelungenen-Cloud-Migration_MQ.jpg","datePublished":"2023-08-24T11:39:31+00:00","dateModified":"2024-11-14T12:08:41+00:00","description":"Una migrazione cloud di successo: flessibilit\u00e0, scalabilit\u00e0 ed efficienza dei costi grazie a un'attenta pianificazione e implementazione.","breadcrumb":{"@id":"https:\/\/www.organisator.ch\/operational-excellence\/2023-08-24\/in-sieben-schritten-zur-gelungenen-cloud-migration\/#breadcrumb"},"inLanguage":"it-IT","potentialAction":[{"@type":"ReadAction","target":["https:\/\/www.organisator.ch\/operational-excellence\/2023-08-24\/in-sieben-schritten-zur-gelungenen-cloud-migration\/"]}]},{"@type":"ImageObject","inLanguage":"it-IT","@id":"https:\/\/www.organisator.ch\/operational-excellence\/2023-08-24\/in-sieben-schritten-zur-gelungenen-cloud-migration\/#primaryimage","url":"https:\/\/www.m-q.ch\/wp-content\/uploads\/2023\/08\/In-sieben-Schritten-zur-gelungenen-Cloud-Migration_MQ.jpg","contentUrl":"https:\/\/www.m-q.ch\/wp-content\/uploads\/2023\/08\/In-sieben-Schritten-zur-gelungenen-Cloud-Migration_MQ.jpg"},{"@type":"BreadcrumbList","@id":"https:\/\/www.organisator.ch\/operational-excellence\/2023-08-24\/in-sieben-schritten-zur-gelungenen-cloud-migration\/#breadcrumb","itemListElement":[{"@type":"ListItem","position":1,"name":"Home","item":"https:\/\/www.organisator.ch\/"},{"@type":"ListItem","position":2,"name":"In sieben Schritten zur gelungenen Cloud-Migration"}]},{"@type":"WebSite","@id":"https:\/\/www.organisator.ch\/#website","url":"https:\/\/www.organisator.ch\/","name":"Organizzatore","description":"Competente. Pratico. In 10 numeri all'anno, ORGANISATOR presenta i temi essenziali per i manager delle PMI.","publisher":{"@id":"https:\/\/www.organisator.ch\/#organization"},"potentialAction":[{"@type":"SearchAction","target":{"@type":"EntryPoint","urlTemplate":"https:\/\/www.organisator.ch\/?s={search_term_string}"},"query-input":{"@type":"PropertyValueSpecification","valueRequired":true,"valueName":"search_term_string"}}],"inLanguage":"it-IT"},{"@type":"Organization","@id":"https:\/\/www.organisator.ch\/#organization","name":"Organizzatore","url":"https:\/\/www.organisator.ch\/","logo":{"@type":"ImageObject","inLanguage":"it-IT","@id":"https:\/\/www.organisator.ch\/#\/schema\/logo\/image\/","url":"https:\/\/www.organisator.ch\/wp-content\/uploads\/2022\/01\/Logo_Organisator_Website.png","contentUrl":"https:\/\/www.organisator.ch\/wp-content\/uploads\/2022\/01\/Logo_Organisator_Website.png","width":800,"height":77,"caption":"Organisator"},"image":{"@id":"https:\/\/www.organisator.ch\/#\/schema\/logo\/image\/"},"sameAs":["https:\/\/www.facebook.com\/OrganisatorFachmagazin","https:\/\/www.linkedin.com\/showcase\/organisator-das-magazin-fr-kmu","https:\/\/www.xing.com\/news\/pages\/organisator-ch-695","https:\/\/www.youtube.com\/channel\/UCGP2Sq0iWaZwT3BdIAQFYpw"]},{"@type":"Person","@id":"https:\/\/www.organisator.ch\/#\/schema\/person\/4e51799071cd2dd1232ac003643ef5f0","name":"galledia","image":{"@type":"ImageObject","inLanguage":"it-IT","@id":"https:\/\/secure.gravatar.com\/avatar\/78a7f90c01fc2bfc875782a0d4922b37cde2cf184ce347b91316d23cd7f69a36?s=96&d=mm&r=g","url":"https:\/\/secure.gravatar.com\/avatar\/78a7f90c01fc2bfc875782a0d4922b37cde2cf184ce347b91316d23cd7f69a36?s=96&d=mm&r=g","contentUrl":"https:\/\/secure.gravatar.com\/avatar\/78a7f90c01fc2bfc875782a0d4922b37cde2cf184ce347b91316d23cd7f69a36?s=96&d=mm&r=g","caption":"galledia"},"sameAs":["https:\/\/x.com\/admin"],"url":"https:\/\/www.organisator.ch\/it\/author\/galledia\/"}]}},"_links":{"self":[{"href":"https:\/\/www.organisator.ch\/it\/wp-json\/wp\/v2\/posts\/21451","targetHints":{"allow":["GET"]}}],"collection":[{"href":"https:\/\/www.organisator.ch\/it\/wp-json\/wp\/v2\/posts"}],"about":[{"href":"https:\/\/www.organisator.ch\/it\/wp-json\/wp\/v2\/types\/post"}],"author":[{"embeddable":true,"href":"https:\/\/www.organisator.ch\/it\/wp-json\/wp\/v2\/users\/8"}],"replies":[{"embeddable":true,"href":"https:\/\/www.organisator.ch\/it\/wp-json\/wp\/v2\/comments?post=21451"}],"version-history":[{"count":4,"href":"https:\/\/www.organisator.ch\/it\/wp-json\/wp\/v2\/posts\/21451\/revisions"}],"predecessor-version":[{"id":32942,"href":"https:\/\/www.organisator.ch\/it\/wp-json\/wp\/v2\/posts\/21451\/revisions\/32942"}],"wp:attachment":[{"href":"https:\/\/www.organisator.ch\/it\/wp-json\/wp\/v2\/media?parent=21451"}],"wp:term":[{"taxonomy":"category","embeddable":true,"href":"https:\/\/www.organisator.ch\/it\/wp-json\/wp\/v2\/categories?post=21451"},{"taxonomy":"post_tag","embeddable":true,"href":"https:\/\/www.organisator.ch\/it\/wp-json\/wp\/v2\/tags?post=21451"}],"curies":[{"name":"wp","href":"https:\/\/api.w.org\/{rel}","templated":true}]}}