{"id":2146,"date":"2019-05-16T11:43:35","date_gmt":"2019-05-16T09:43:35","guid":{"rendered":"https:\/\/www.umweltperspektiven.ch\/?p=2146"},"modified":"2019-05-16T11:43:35","modified_gmt":"2019-05-16T09:43:35","slug":"ruelpsende-kuehe-und-kuenstliche-intelligenz-klimastiftung-spricht-foerdergelder","status":"publish","type":"post","link":"https:\/\/www.organisator.ch\/it\/allgemein\/2019-05-16\/ruelpsende-kuehe-und-kuenstliche-intelligenz-klimastiftung-spricht-foerdergelder\/","title":{"rendered":"Mucche che ruttano e intelligenza artificiale: la Climate Foundation assegna delle sovvenzioni"},"content":{"rendered":"<figure id=\"attachment_2147\" aria-describedby=\"caption-attachment-2147\" style=\"width: 680px\" class=\"wp-caption alignnone\"><img loading=\"lazy\" decoding=\"async\" class=\"size-medium wp-image-2147\" src=\"\/\/www.umweltperspektiven.ch\/wp-content\/uploads\/2019\/05\/Auszeichnungen-Klimastiftung-Schweiz-UP_Umweltperspektiven.jpg\" alt=\"\" width=\"680\" height=\"383\" srcset=\"https:\/\/www.organisator.ch\/wp-content\/uploads\/2019\/05\/Auszeichnungen-Klimastiftung-Schweiz-UP_Umweltperspektiven.jpg 970w, https:\/\/www.organisator.ch\/wp-content\/uploads\/2019\/05\/Auszeichnungen-Klimastiftung-Schweiz-UP_Umweltperspektiven-680x383.jpg 680w, https:\/\/www.organisator.ch\/wp-content\/uploads\/2019\/05\/Auszeichnungen-Klimastiftung-Schweiz-UP_Umweltperspektiven-768x432.jpg 768w, https:\/\/www.organisator.ch\/wp-content\/uploads\/2019\/05\/Auszeichnungen-Klimastiftung-Schweiz-UP_Umweltperspektiven-18x10.jpg 18w, https:\/\/www.organisator.ch\/wp-content\/uploads\/2019\/05\/Auszeichnungen-Klimastiftung-Schweiz-UP_Umweltperspektiven-311x175.jpg 311w, https:\/\/www.organisator.ch\/wp-content\/uploads\/2019\/05\/Auszeichnungen-Klimastiftung-Schweiz-UP_Umweltperspektiven-622x350.jpg 622w, https:\/\/www.organisator.ch\/wp-content\/uploads\/2019\/05\/Auszeichnungen-Klimastiftung-Schweiz-UP_Umweltperspektiven-920x518.jpg 920w, https:\/\/www.organisator.ch\/wp-content\/uploads\/2019\/05\/Auszeichnungen-Klimastiftung-Schweiz-UP_Umweltperspektiven-300x169.jpg 300w\" sizes=\"auto, (max-width: 680px) 100vw, 680px\" \/><figcaption id=\"caption-attachment-2147\" class=\"wp-caption-text\">Dalla sua istituzione nel 2008, la Fondazione ha concesso finanziamenti per 20 milioni di franchi svizzeri a oltre 1.400 PMI in Svizzera e nel Principato del Liechtenstein. (Immagine: Fondazione svizzera per il clima)<\/figcaption><\/figure>\n<p>La Fondazione Svizzera per il Clima scrive nel suo ultimo comunicato sui progetti di protezione del clima premiati: Le mucche danneggiano il clima quanto tutte le auto, i camion e gli aerei messi insieme. Il metano prodotto nel loro stomaco \u00e8 molte volte pi\u00f9 dannoso della CO2. Ora una PMI della Svizzera occidentale vuole garantire che le mucche emettano meno metano. Un additivo per mangimi a base di aglio e agrumi, chiamato MOOTRAL, dovrebbe ridurre le emissioni di metano fino a 38%.<\/p>\n<p>\"Sosteniamo MOOTRAL con una donazione di 200.000 franchi svizzeri\", afferma Vincent Eckert, direttore generale della Fondazione svizzera per il clima. Ci\u00f2 consente alla PMI di distribuire inizialmente l'integratore alimentare a un prezzo ridotto. \"\u00c8 importante che tali misure vengano attuate rapidamente, perch\u00e9 l'umanit\u00e0 deve dimezzare le proprie emissioni di gas climatici nei prossimi 12 anni rispetto al 1990\", afferma Eckert.<\/p>\n<p><strong>16 progetti di protezione del clima ricevono finanziamenti<\/strong><\/p>\n<p>Nella sua tornata di premi di primavera, la Fondazione svizzera per il clima sostiene numerose altre PMI con finanziamenti. Ad esempio, la Revopack di Vaud vuole dimezzare il numero di viaggi in camion per smaltire bottiglie, lattine e scatolette con una nuova pressa per il riciclaggio. La pressa compatta viene installata direttamente nei punti di restituzione e comprime le bottiglie della met\u00e0, le lattine e i barattoli anche di oltre 80%.<\/p>\n<p>Altre PMI finanziate stanno sviluppando nuovi tipi di turbine eoliche o utilizzando l'intelligenza artificiale per gestire in modo pi\u00f9 efficiente i sistemi fognari. Anche le \"vecchie conoscenze\" ricevono nuovi finanziamenti: Con il sostegno finanziario della Fondazione svizzera per il clima, la PMI Joulia, con sede a Bienne, ha gi\u00e0 sviluppato un piatto doccia che preriscalda l'acqua dolce con il calore dell'acqua usata, risparmiando cos\u00ec molta energia di riscaldamento.<\/p>\n<p>Nel frattempo, \u00e8 disponibile anche un canale doccia, che viene installato in modo invisibile nel pavimento della doccia. Ora la PMI vuole investire in un processo di produzione pi\u00f9 economico che render\u00e0 il recupero del calore ancora pi\u00f9 interessante. Ancora una volta, riceve il sostegno della Fondazione.<\/p>\n<p>\"La gamma di progetti presentati \u00e8 enorme\", afferma soddisfatto l'amministratore delegato Eckert. \"Le PMI stanno affrontando la lotta al cambiamento climatico da tutti i punti di vista possibili. Questo \u00e8 esattamente ci\u00f2 che serve se vogliamo prevenire le peggiori conseguenze del cambiamento climatico\".<br \/>\nBanche, compagnie di assicurazione e altri fornitori di servizi a bordo<\/p>\n<p>La Fondazione Svizzera per il Clima \u00e8 finanziata da 27 grandi aziende di servizi della Svizzera e del Liechtenstein. Le imprese donano il loro rimborso netto dalla tassa sul CO2 alla fondazione congiunta, che lo utilizza per promuovere progetti di protezione del clima da parte delle PMI nazionali. Dopo un anno record nel 2018, la Fondazione svizzera per il clima vuole concedere ancora pi\u00f9 finanziamenti quest'anno. \"Grazie alle nostre aziende partner, siamo ben finanziati\", afferma Eckert. \"Con il loro impegno, possiamo continuare a garantire che le idee innovative per la protezione del clima diventino realt\u00e0\".<\/p>\n<p><strong><em>Sulla Fondazione svizzera per il clima<\/em><\/strong><\/p>\n<p><em>Proteggere il clima. Rafforzare le PMI. Secondo questo motto, la Fondazione svizzera per il clima sostiene progetti di piccole e medie imprese (PMI) che contribuiscono alla protezione del clima. Dalla sua creazione nel 2008, la fondazione ha concesso finanziamenti per 20 milioni di franchi a pi\u00f9 di 1400 PMI in Svizzera e nel Principato del Liechtenstein.<\/em><\/p>\n<p><em>La Fondazione svizzera per il clima \u00e8 stata creata come fondazione indipendente e senza scopo di lucro. \u00c8 sotto la supervisione federale ed \u00e8 aperto alle aziende interessate che vogliono rafforzare la protezione del clima attraverso un uso efficiente e mirato della ridistribuzione della tassa di pilotaggio del CO2.<\/em><\/p>\n<p><em>Dal gennaio 2008, la legge sul CO2 impone un prelievo sui carburanti. Una parte del prelievo rifluisce nell'economia. Le grandi societ\u00e0 di servizi, in particolare, ricevono indietro pi\u00f9 di quanto hanno pagato. Le aziende partner della Fondazione svizzera per il clima utilizzano questo \"sconto netto\" per le misure di protezione del clima delle PMI svizzere e del Liechtenstein.<\/em><\/p>\n<p><em>I partner della Fondazione svizzera per il clima<\/em><\/p>\n<p><em>I fornitori di servizi svizzeri e del Liechtenstein Allianz Suisse, Alternative Bank Switzerland, AXA, Bank J. Safra Sarasin, ECA, Geb\u00e4udeversicherung Bern, Geb\u00e4udeversicherung Kanton Z\u00fcrich, Glarner Kantonalbank, Julius B\u00e4r, LGT, Liechtensteinische Landesbank, Man Investments, NewRe, PartnerRe, Pictet &amp; Cie, PwC Switzerland, Raiffeisen Switzerland, RobecoSAM, Sanitas Krankenversicherung, SAP (Schweiz) AG, SCOR, Swiss Life, Swiss Re, Vaudoise Assurances, Vontobel, VP Bank e AXA XL sono partner della Fondazione svizzera per il clima.<\/em><\/p>\n<p>Ulteriori informazioni: <a href=\"\/\/www.klimastiftung.ch\">www.klimastiftung.ch<\/a><\/p>\n<p>&nbsp;<\/p>\n<p>&nbsp;<\/p>","protected":false},"excerpt":{"rendered":"<p>Die Klimastiftung Schweiz schreibt im j\u00fcngsten Communique \u00fcber pr\u00e4mierte Klimaschutz-Projekte: K\u00fche schaden dem Klima etwa gleich stark wie alle Autos, Lastwagen und Flugzeuge zusammen. Methan, das in ihren M\u00e4gen entsteht, ist um ein Vielfaches sch\u00e4dlicher als CO2. Nun will ein Westschweizer KMU daf\u00fcr sorgen, dass K\u00fche weniger Methan ausstossen. Ein Futtermittelzusatz auf Basis von Knoblauch [&hellip;]<\/p>\n","protected":false},"author":5,"featured_media":2147,"comment_status":"open","ping_status":"open","sticky":false,"template":"","format":"standard","meta":{"_acf_changed":false,"_yoast_wpseo_focuskw":"Klimastiftung","_yoast_wpseo_metadesc":"Die Klimastiftung Schweiz hat entschieden, welche Klimaschutz-Projekte von Schweizer und Liechtensteiner KMU sie diesen Fr\u00fchling f\u00f6rdert.","articlekey":"","footnotes":""},"categories":[1],"tags":[1210,1526],"class_list":["post-2146","post","type-post","status-publish","format-standard","has-post-thumbnail","hentry","category-allgemein","tag-foerdergelder","tag-klimastiftung-schweiz"],"acf":[],"yoast_head":"<!-- This site is optimized with the Yoast SEO plugin v27.5 - https:\/\/yoast.com\/product\/yoast-seo-wordpress\/ -->\n<title>R\u00fclpsende K\u00fche und k\u00fcnstliche Intelligenz: Klimastiftung spricht F\u00f6rdergelder - Organisator<\/title>\n<meta name=\"description\" content=\"Die Klimastiftung Schweiz hat entschieden, welche Klimaschutz-Projekte von Schweizer und Liechtensteiner KMU sie diesen Fr\u00fchling f\u00f6rdert.\" \/>\n<meta name=\"robots\" content=\"index, follow, max-snippet:-1, max-image-preview:large, max-video-preview:-1\" \/>\n<link rel=\"canonical\" href=\"https:\/\/www.organisator.ch\/it\/generale\/2019-05-16\/ruelpsende-kuehe-und-kuenstliche-intelligenz-klimastiftung-spricht-foerdergelder\/\" \/>\n<meta property=\"og:locale\" content=\"it_IT\" \/>\n<meta property=\"og:type\" content=\"article\" \/>\n<meta property=\"og:title\" content=\"R\u00fclpsende K\u00fche und k\u00fcnstliche Intelligenz: Klimastiftung spricht F\u00f6rdergelder - Organisator\" \/>\n<meta property=\"og:description\" content=\"Die Klimastiftung Schweiz hat entschieden, welche Klimaschutz-Projekte von Schweizer und Liechtensteiner KMU sie diesen Fr\u00fchling f\u00f6rdert.\" \/>\n<meta property=\"og:url\" content=\"https:\/\/www.organisator.ch\/it\/generale\/2019-05-16\/ruelpsende-kuehe-und-kuenstliche-intelligenz-klimastiftung-spricht-foerdergelder\/\" \/>\n<meta property=\"og:site_name\" content=\"Organisator\" \/>\n<meta property=\"article:publisher\" content=\"https:\/\/www.facebook.com\/OrganisatorFachmagazin\" \/>\n<meta property=\"article:published_time\" content=\"2019-05-16T09:43:35+00:00\" \/>\n<meta property=\"og:image\" content=\"https:\/\/www.organisator.ch\/wp-content\/uploads\/2019\/05\/Auszeichnungen-Klimastiftung-Schweiz-UP_Umweltperspektiven.jpg\" \/>\n\t<meta property=\"og:image:width\" content=\"970\" \/>\n\t<meta property=\"og:image:height\" content=\"546\" \/>\n\t<meta property=\"og:image:type\" content=\"image\/jpeg\" \/>\n<meta name=\"author\" content=\"michael.merz\" \/>\n<meta name=\"twitter:card\" content=\"summary_large_image\" \/>\n<script type=\"application\/ld+json\" class=\"yoast-schema-graph\">{\"@context\":\"https:\\\/\\\/schema.org\",\"@graph\":[{\"@type\":\"Article\",\"@id\":\"https:\\\/\\\/www.organisator.ch\\\/de\\\/allgemein\\\/2019-05-16\\\/ruelpsende-kuehe-und-kuenstliche-intelligenz-klimastiftung-spricht-foerdergelder\\\/#article\",\"isPartOf\":{\"@id\":\"https:\\\/\\\/www.organisator.ch\\\/de\\\/allgemein\\\/2019-05-16\\\/ruelpsende-kuehe-und-kuenstliche-intelligenz-klimastiftung-spricht-foerdergelder\\\/\"},\"author\":{\"name\":\"michael.merz\",\"@id\":\"https:\\\/\\\/www.organisator.ch\\\/#\\\/schema\\\/person\\\/134708ca9321c57b0362cceb7948ffbd\"},\"headline\":\"R\u00fclpsende K\u00fche und k\u00fcnstliche Intelligenz: Klimastiftung spricht F\u00f6rdergelder\",\"datePublished\":\"2019-05-16T09:43:35+00:00\",\"mainEntityOfPage\":{\"@id\":\"https:\\\/\\\/www.organisator.ch\\\/de\\\/allgemein\\\/2019-05-16\\\/ruelpsende-kuehe-und-kuenstliche-intelligenz-klimastiftung-spricht-foerdergelder\\\/\"},\"wordCount\":699,\"commentCount\":0,\"publisher\":{\"@id\":\"https:\\\/\\\/www.organisator.ch\\\/#organization\"},\"image\":{\"@id\":\"https:\\\/\\\/www.organisator.ch\\\/de\\\/allgemein\\\/2019-05-16\\\/ruelpsende-kuehe-und-kuenstliche-intelligenz-klimastiftung-spricht-foerdergelder\\\/#primaryimage\"},\"thumbnailUrl\":\"https:\\\/\\\/www.organisator.ch\\\/wp-content\\\/uploads\\\/2019\\\/05\\\/Auszeichnungen-Klimastiftung-Schweiz-UP_Umweltperspektiven.jpg\",\"keywords\":[\"F\u00f6rdergelder\",\"Klimastiftung Schweiz\"],\"articleSection\":[\"Allgemein\"],\"inLanguage\":\"it-IT\"},{\"@type\":\"WebPage\",\"@id\":\"https:\\\/\\\/www.organisator.ch\\\/de\\\/allgemein\\\/2019-05-16\\\/ruelpsende-kuehe-und-kuenstliche-intelligenz-klimastiftung-spricht-foerdergelder\\\/\",\"url\":\"https:\\\/\\\/www.organisator.ch\\\/de\\\/allgemein\\\/2019-05-16\\\/ruelpsende-kuehe-und-kuenstliche-intelligenz-klimastiftung-spricht-foerdergelder\\\/\",\"name\":\"R\u00fclpsende K\u00fche und k\u00fcnstliche Intelligenz: Klimastiftung spricht F\u00f6rdergelder - Organisator\",\"isPartOf\":{\"@id\":\"https:\\\/\\\/www.organisator.ch\\\/#website\"},\"primaryImageOfPage\":{\"@id\":\"https:\\\/\\\/www.organisator.ch\\\/de\\\/allgemein\\\/2019-05-16\\\/ruelpsende-kuehe-und-kuenstliche-intelligenz-klimastiftung-spricht-foerdergelder\\\/#primaryimage\"},\"image\":{\"@id\":\"https:\\\/\\\/www.organisator.ch\\\/de\\\/allgemein\\\/2019-05-16\\\/ruelpsende-kuehe-und-kuenstliche-intelligenz-klimastiftung-spricht-foerdergelder\\\/#primaryimage\"},\"thumbnailUrl\":\"https:\\\/\\\/www.organisator.ch\\\/wp-content\\\/uploads\\\/2019\\\/05\\\/Auszeichnungen-Klimastiftung-Schweiz-UP_Umweltperspektiven.jpg\",\"datePublished\":\"2019-05-16T09:43:35+00:00\",\"description\":\"Die Klimastiftung Schweiz hat entschieden, welche Klimaschutz-Projekte von Schweizer und Liechtensteiner KMU sie diesen Fr\u00fchling f\u00f6rdert.\",\"breadcrumb\":{\"@id\":\"https:\\\/\\\/www.organisator.ch\\\/de\\\/allgemein\\\/2019-05-16\\\/ruelpsende-kuehe-und-kuenstliche-intelligenz-klimastiftung-spricht-foerdergelder\\\/#breadcrumb\"},\"inLanguage\":\"it-IT\",\"potentialAction\":[{\"@type\":\"ReadAction\",\"target\":[\"https:\\\/\\\/www.organisator.ch\\\/de\\\/allgemein\\\/2019-05-16\\\/ruelpsende-kuehe-und-kuenstliche-intelligenz-klimastiftung-spricht-foerdergelder\\\/\"]}]},{\"@type\":\"ImageObject\",\"inLanguage\":\"it-IT\",\"@id\":\"https:\\\/\\\/www.organisator.ch\\\/de\\\/allgemein\\\/2019-05-16\\\/ruelpsende-kuehe-und-kuenstliche-intelligenz-klimastiftung-spricht-foerdergelder\\\/#primaryimage\",\"url\":\"https:\\\/\\\/www.organisator.ch\\\/wp-content\\\/uploads\\\/2019\\\/05\\\/Auszeichnungen-Klimastiftung-Schweiz-UP_Umweltperspektiven.jpg\",\"contentUrl\":\"https:\\\/\\\/www.organisator.ch\\\/wp-content\\\/uploads\\\/2019\\\/05\\\/Auszeichnungen-Klimastiftung-Schweiz-UP_Umweltperspektiven.jpg\",\"width\":970,\"height\":546,\"caption\":\"Die Stiftung hat seit ihrer Gr\u00fcndung 2008 F\u00f6rderungen in der H\u00f6he von 20 Millionen Franken f\u00fcr \u00fcber 1'400 KMU in der Schweiz und im F\u00fcrstentum Liechtenstein gesprochen. (Bild: Klimastiftung Schweiz)\"},{\"@type\":\"BreadcrumbList\",\"@id\":\"https:\\\/\\\/www.organisator.ch\\\/de\\\/allgemein\\\/2019-05-16\\\/ruelpsende-kuehe-und-kuenstliche-intelligenz-klimastiftung-spricht-foerdergelder\\\/#breadcrumb\",\"itemListElement\":[{\"@type\":\"ListItem\",\"position\":1,\"name\":\"Home\",\"item\":\"https:\\\/\\\/www.organisator.ch\\\/\"},{\"@type\":\"ListItem\",\"position\":2,\"name\":\"R\u00fclpsende K\u00fche und k\u00fcnstliche Intelligenz: Klimastiftung spricht F\u00f6rdergelder\"}]},{\"@type\":\"WebSite\",\"@id\":\"https:\\\/\\\/www.organisator.ch\\\/#website\",\"url\":\"https:\\\/\\\/www.organisator.ch\\\/\",\"name\":\"Organisator\",\"description\":\"Kompetent. Praxisnah. Der ORGANISATOR bereitet in 10 Ausgaben pro Jahr die wesentlichen Themen f\u00fcr F\u00fchrungskr\u00e4fte von KMU auf.\",\"publisher\":{\"@id\":\"https:\\\/\\\/www.organisator.ch\\\/#organization\"},\"potentialAction\":[{\"@type\":\"SearchAction\",\"target\":{\"@type\":\"EntryPoint\",\"urlTemplate\":\"https:\\\/\\\/www.organisator.ch\\\/?s={search_term_string}\"},\"query-input\":{\"@type\":\"PropertyValueSpecification\",\"valueRequired\":true,\"valueName\":\"search_term_string\"}}],\"inLanguage\":\"it-IT\"},{\"@type\":\"Organization\",\"@id\":\"https:\\\/\\\/www.organisator.ch\\\/#organization\",\"name\":\"Organisator\",\"url\":\"https:\\\/\\\/www.organisator.ch\\\/\",\"logo\":{\"@type\":\"ImageObject\",\"inLanguage\":\"it-IT\",\"@id\":\"https:\\\/\\\/www.organisator.ch\\\/#\\\/schema\\\/logo\\\/image\\\/\",\"url\":\"https:\\\/\\\/www.organisator.ch\\\/wp-content\\\/uploads\\\/2022\\\/01\\\/Logo_Organisator_Website.png\",\"contentUrl\":\"https:\\\/\\\/www.organisator.ch\\\/wp-content\\\/uploads\\\/2022\\\/01\\\/Logo_Organisator_Website.png\",\"width\":800,\"height\":77,\"caption\":\"Organisator\"},\"image\":{\"@id\":\"https:\\\/\\\/www.organisator.ch\\\/#\\\/schema\\\/logo\\\/image\\\/\"},\"sameAs\":[\"https:\\\/\\\/www.facebook.com\\\/OrganisatorFachmagazin\",\"https:\\\/\\\/www.linkedin.com\\\/showcase\\\/organisator-das-magazin-fr-kmu\",\"https:\\\/\\\/www.xing.com\\\/news\\\/pages\\\/organisator-ch-695\",\"https:\\\/\\\/www.youtube.com\\\/channel\\\/UCGP2Sq0iWaZwT3BdIAQFYpw\"]},{\"@type\":\"Person\",\"@id\":\"https:\\\/\\\/www.organisator.ch\\\/#\\\/schema\\\/person\\\/134708ca9321c57b0362cceb7948ffbd\",\"name\":\"michael.merz\",\"image\":{\"@type\":\"ImageObject\",\"inLanguage\":\"it-IT\",\"@id\":\"https:\\\/\\\/secure.gravatar.com\\\/avatar\\\/?s=96&d=mm&r=g\",\"url\":\"https:\\\/\\\/secure.gravatar.com\\\/avatar\\\/?s=96&d=mm&r=g\",\"contentUrl\":\"https:\\\/\\\/secure.gravatar.com\\\/avatar\\\/?s=96&d=mm&r=g\",\"caption\":\"michael.merz\"},\"url\":\"https:\\\/\\\/www.organisator.ch\\\/it\\\/author\\\/michael-merz\\\/\"}]}<\/script>\n<!-- \/ Yoast SEO plugin. -->","yoast_head_json":{"title":"Mucche che ruttano e intelligenza artificiale: la Fondazione per il clima assegna le sovvenzioni - Organizzatore","description":"La Fondazione Svizzera per il Clima ha deciso quali progetti di protezione del clima delle PMI svizzere e del Liechtenstein sosterr\u00e0 questa primavera.","robots":{"index":"index","follow":"follow","max-snippet":"max-snippet:-1","max-image-preview":"max-image-preview:large","max-video-preview":"max-video-preview:-1"},"canonical":"https:\/\/www.organisator.ch\/it\/generale\/2019-05-16\/ruelpsende-kuehe-und-kuenstliche-intelligenz-klimastiftung-spricht-foerdergelder\/","og_locale":"it_IT","og_type":"article","og_title":"R\u00fclpsende K\u00fche und k\u00fcnstliche Intelligenz: Klimastiftung spricht F\u00f6rdergelder - Organisator","og_description":"Die Klimastiftung Schweiz hat entschieden, welche Klimaschutz-Projekte von Schweizer und Liechtensteiner KMU sie diesen Fr\u00fchling f\u00f6rdert.","og_url":"https:\/\/www.organisator.ch\/it\/generale\/2019-05-16\/ruelpsende-kuehe-und-kuenstliche-intelligenz-klimastiftung-spricht-foerdergelder\/","og_site_name":"Organisator","article_publisher":"https:\/\/www.facebook.com\/OrganisatorFachmagazin","article_published_time":"2019-05-16T09:43:35+00:00","og_image":[{"width":970,"height":546,"url":"https:\/\/www.organisator.ch\/wp-content\/uploads\/2019\/05\/Auszeichnungen-Klimastiftung-Schweiz-UP_Umweltperspektiven.jpg","type":"image\/jpeg"}],"author":"michael.merz","twitter_card":"summary_large_image","schema":{"@context":"https:\/\/schema.org","@graph":[{"@type":"Article","@id":"https:\/\/www.organisator.ch\/de\/allgemein\/2019-05-16\/ruelpsende-kuehe-und-kuenstliche-intelligenz-klimastiftung-spricht-foerdergelder\/#article","isPartOf":{"@id":"https:\/\/www.organisator.ch\/de\/allgemein\/2019-05-16\/ruelpsende-kuehe-und-kuenstliche-intelligenz-klimastiftung-spricht-foerdergelder\/"},"author":{"name":"michael.merz","@id":"https:\/\/www.organisator.ch\/#\/schema\/person\/134708ca9321c57b0362cceb7948ffbd"},"headline":"R\u00fclpsende K\u00fche und k\u00fcnstliche Intelligenz: Klimastiftung spricht F\u00f6rdergelder","datePublished":"2019-05-16T09:43:35+00:00","mainEntityOfPage":{"@id":"https:\/\/www.organisator.ch\/de\/allgemein\/2019-05-16\/ruelpsende-kuehe-und-kuenstliche-intelligenz-klimastiftung-spricht-foerdergelder\/"},"wordCount":699,"commentCount":0,"publisher":{"@id":"https:\/\/www.organisator.ch\/#organization"},"image":{"@id":"https:\/\/www.organisator.ch\/de\/allgemein\/2019-05-16\/ruelpsende-kuehe-und-kuenstliche-intelligenz-klimastiftung-spricht-foerdergelder\/#primaryimage"},"thumbnailUrl":"https:\/\/www.organisator.ch\/wp-content\/uploads\/2019\/05\/Auszeichnungen-Klimastiftung-Schweiz-UP_Umweltperspektiven.jpg","keywords":["F\u00f6rdergelder","Klimastiftung Schweiz"],"articleSection":["Allgemein"],"inLanguage":"it-IT"},{"@type":"WebPage","@id":"https:\/\/www.organisator.ch\/de\/allgemein\/2019-05-16\/ruelpsende-kuehe-und-kuenstliche-intelligenz-klimastiftung-spricht-foerdergelder\/","url":"https:\/\/www.organisator.ch\/de\/allgemein\/2019-05-16\/ruelpsende-kuehe-und-kuenstliche-intelligenz-klimastiftung-spricht-foerdergelder\/","name":"Mucche che ruttano e intelligenza artificiale: la Fondazione per il clima assegna le sovvenzioni - Organizzatore","isPartOf":{"@id":"https:\/\/www.organisator.ch\/#website"},"primaryImageOfPage":{"@id":"https:\/\/www.organisator.ch\/de\/allgemein\/2019-05-16\/ruelpsende-kuehe-und-kuenstliche-intelligenz-klimastiftung-spricht-foerdergelder\/#primaryimage"},"image":{"@id":"https:\/\/www.organisator.ch\/de\/allgemein\/2019-05-16\/ruelpsende-kuehe-und-kuenstliche-intelligenz-klimastiftung-spricht-foerdergelder\/#primaryimage"},"thumbnailUrl":"https:\/\/www.organisator.ch\/wp-content\/uploads\/2019\/05\/Auszeichnungen-Klimastiftung-Schweiz-UP_Umweltperspektiven.jpg","datePublished":"2019-05-16T09:43:35+00:00","description":"La Fondazione Svizzera per il Clima ha deciso quali progetti di protezione del clima delle PMI svizzere e del Liechtenstein sosterr\u00e0 questa primavera.","breadcrumb":{"@id":"https:\/\/www.organisator.ch\/de\/allgemein\/2019-05-16\/ruelpsende-kuehe-und-kuenstliche-intelligenz-klimastiftung-spricht-foerdergelder\/#breadcrumb"},"inLanguage":"it-IT","potentialAction":[{"@type":"ReadAction","target":["https:\/\/www.organisator.ch\/de\/allgemein\/2019-05-16\/ruelpsende-kuehe-und-kuenstliche-intelligenz-klimastiftung-spricht-foerdergelder\/"]}]},{"@type":"ImageObject","inLanguage":"it-IT","@id":"https:\/\/www.organisator.ch\/de\/allgemein\/2019-05-16\/ruelpsende-kuehe-und-kuenstliche-intelligenz-klimastiftung-spricht-foerdergelder\/#primaryimage","url":"https:\/\/www.organisator.ch\/wp-content\/uploads\/2019\/05\/Auszeichnungen-Klimastiftung-Schweiz-UP_Umweltperspektiven.jpg","contentUrl":"https:\/\/www.organisator.ch\/wp-content\/uploads\/2019\/05\/Auszeichnungen-Klimastiftung-Schweiz-UP_Umweltperspektiven.jpg","width":970,"height":546,"caption":"Die Stiftung hat seit ihrer Gr\u00fcndung 2008 F\u00f6rderungen in der H\u00f6he von 20 Millionen Franken f\u00fcr \u00fcber 1'400 KMU in der Schweiz und im F\u00fcrstentum Liechtenstein gesprochen. (Bild: Klimastiftung Schweiz)"},{"@type":"BreadcrumbList","@id":"https:\/\/www.organisator.ch\/de\/allgemein\/2019-05-16\/ruelpsende-kuehe-und-kuenstliche-intelligenz-klimastiftung-spricht-foerdergelder\/#breadcrumb","itemListElement":[{"@type":"ListItem","position":1,"name":"Home","item":"https:\/\/www.organisator.ch\/"},{"@type":"ListItem","position":2,"name":"R\u00fclpsende K\u00fche und k\u00fcnstliche Intelligenz: Klimastiftung spricht F\u00f6rdergelder"}]},{"@type":"WebSite","@id":"https:\/\/www.organisator.ch\/#website","url":"https:\/\/www.organisator.ch\/","name":"Organizzatore","description":"Competente. Pratico. In 10 numeri all'anno, ORGANISATOR presenta i temi essenziali per i manager delle PMI.","publisher":{"@id":"https:\/\/www.organisator.ch\/#organization"},"potentialAction":[{"@type":"SearchAction","target":{"@type":"EntryPoint","urlTemplate":"https:\/\/www.organisator.ch\/?s={search_term_string}"},"query-input":{"@type":"PropertyValueSpecification","valueRequired":true,"valueName":"search_term_string"}}],"inLanguage":"it-IT"},{"@type":"Organization","@id":"https:\/\/www.organisator.ch\/#organization","name":"Organizzatore","url":"https:\/\/www.organisator.ch\/","logo":{"@type":"ImageObject","inLanguage":"it-IT","@id":"https:\/\/www.organisator.ch\/#\/schema\/logo\/image\/","url":"https:\/\/www.organisator.ch\/wp-content\/uploads\/2022\/01\/Logo_Organisator_Website.png","contentUrl":"https:\/\/www.organisator.ch\/wp-content\/uploads\/2022\/01\/Logo_Organisator_Website.png","width":800,"height":77,"caption":"Organisator"},"image":{"@id":"https:\/\/www.organisator.ch\/#\/schema\/logo\/image\/"},"sameAs":["https:\/\/www.facebook.com\/OrganisatorFachmagazin","https:\/\/www.linkedin.com\/showcase\/organisator-das-magazin-fr-kmu","https:\/\/www.xing.com\/news\/pages\/organisator-ch-695","https:\/\/www.youtube.com\/channel\/UCGP2Sq0iWaZwT3BdIAQFYpw"]},{"@type":"Person","@id":"https:\/\/www.organisator.ch\/#\/schema\/person\/134708ca9321c57b0362cceb7948ffbd","name":"michael.merz","image":{"@type":"ImageObject","inLanguage":"it-IT","@id":"https:\/\/secure.gravatar.com\/avatar\/?s=96&d=mm&r=g","url":"https:\/\/secure.gravatar.com\/avatar\/?s=96&d=mm&r=g","contentUrl":"https:\/\/secure.gravatar.com\/avatar\/?s=96&d=mm&r=g","caption":"michael.merz"},"url":"https:\/\/www.organisator.ch\/it\/author\/michael-merz\/"}]}},"_links":{"self":[{"href":"https:\/\/www.organisator.ch\/it\/wp-json\/wp\/v2\/posts\/2146","targetHints":{"allow":["GET"]}}],"collection":[{"href":"https:\/\/www.organisator.ch\/it\/wp-json\/wp\/v2\/posts"}],"about":[{"href":"https:\/\/www.organisator.ch\/it\/wp-json\/wp\/v2\/types\/post"}],"author":[{"embeddable":true,"href":"https:\/\/www.organisator.ch\/it\/wp-json\/wp\/v2\/users\/5"}],"replies":[{"embeddable":true,"href":"https:\/\/www.organisator.ch\/it\/wp-json\/wp\/v2\/comments?post=2146"}],"version-history":[{"count":0,"href":"https:\/\/www.organisator.ch\/it\/wp-json\/wp\/v2\/posts\/2146\/revisions"}],"wp:featuredmedia":[{"embeddable":true,"href":"https:\/\/www.organisator.ch\/it\/wp-json\/wp\/v2\/media\/2147"}],"wp:attachment":[{"href":"https:\/\/www.organisator.ch\/it\/wp-json\/wp\/v2\/media?parent=2146"}],"wp:term":[{"taxonomy":"category","embeddable":true,"href":"https:\/\/www.organisator.ch\/it\/wp-json\/wp\/v2\/categories?post=2146"},{"taxonomy":"post_tag","embeddable":true,"href":"https:\/\/www.organisator.ch\/it\/wp-json\/wp\/v2\/tags?post=2146"}],"curies":[{"name":"wp","href":"https:\/\/api.w.org\/{rel}","templated":true}]}}