{"id":21469,"date":"2023-08-30T15:04:01","date_gmt":"2023-08-30T13:04:01","guid":{"rendered":"https:\/\/www.organisator.ch\/?p=21469"},"modified":"2023-09-25T08:32:01","modified_gmt":"2023-09-25T06:32:01","slug":"polen-und-die-schweiz-liegen-nicht-weit-auseinander","status":"publish","type":"post","link":"https:\/\/www.organisator.ch\/it\/allgemein\/2023-08-30\/polen-und-die-schweiz-liegen-nicht-weit-auseinander\/","title":{"rendered":"\"La Polonia e la Svizzera non sono molto distanti\"."},"content":{"rendered":"<figure id=\"attachment_21511\" aria-describedby=\"caption-attachment-21511\" style=\"width: 680px\" class=\"wp-caption alignnone\"><img loading=\"lazy\" decoding=\"async\" class=\"size-full wp-image-21511\" src=\"https:\/\/www.organisator.ch\/wp-content\/uploads\/2023\/08\/Polen-und-die-Schweiz-liegen-nicht-weit-auseinander-1_Organisator.jpg\" alt=\"\" width=\"680\" height=\"453\" srcset=\"https:\/\/www.organisator.ch\/wp-content\/uploads\/2023\/08\/Polen-und-die-Schweiz-liegen-nicht-weit-auseinander-1_Organisator.jpg 680w, https:\/\/www.organisator.ch\/wp-content\/uploads\/2023\/08\/Polen-und-die-Schweiz-liegen-nicht-weit-auseinander-1_Organisator-18x12.jpg 18w, https:\/\/www.organisator.ch\/wp-content\/uploads\/2023\/08\/Polen-und-die-Schweiz-liegen-nicht-weit-auseinander-1_Organisator-375x250.jpg 375w, https:\/\/www.organisator.ch\/wp-content\/uploads\/2023\/08\/Polen-und-die-Schweiz-liegen-nicht-weit-auseinander-1_Organisator-525x350.jpg 525w\" sizes=\"auto, (max-width: 680px) 100vw, 680px\" \/><figcaption id=\"caption-attachment-21511\" class=\"wp-caption-text\">Iwona Kozlowska, ambasciatore polacco in Svizzera. (Immagine: gov.pl)<\/figcaption><\/figure>\n<p>La pandemia di Corona ha evidenziato i limiti della dipendenza dalla Cina e da altri Paesi asiatici come \"banchi di lavoro dell'Europa\". Anche la guerra in Ucraina evidenzia dolorosamente la vulnerabilit\u00e0 delle catene di approvvigionamento di vari prodotti industriali. Pertanto, per le attivit\u00e0 di sourcing e shoring si stanno concentrando sempre pi\u00f9 altre regioni, soprattutto quelle pi\u00f9 vicine e con un grande potenziale industriale e tecnologico. L'Europa centrale, con la Polonia come principale piazza economica e partner con cui negli ultimi anni sono cresciuti in modo dinamico sia gli scambi che gli investimenti, sta quindi diventando sempre pi\u00f9 interessante anche per le aziende svizzere. Ma per molti aspetti \u00e8 ancora presto. Il <a href=\"https:\/\/www.paih.gov.pl\/3rd_Polish_Economic_Technology_Forum_in_Switzerland\">3\u00b0 Forum polacco di business e tecnologia in Svizzera 18-19 settembre<\/a> al Kursaal di Berna vuole contribuire a costruire i ponti necessari.<\/p>\n<p><em>Signora Ambasciatore<\/em> <em>Koz\u0142owska, perch\u00e9 \u00e8 stato creato in Svizzera il Forum polacco delle imprese e della tecnologia?<\/em><\/p>\n<p><strong>Iwona Koz\u0142owska:<\/strong> La conferenza ha lo scopo di riassumere il nostro lavoro di un anno e di mostrare i risultati raggiunti e i modi in cui possiamo aprire nuove strade. Ho preso l'iniziativa proprio all'inizio della mia missione di ambasciatore, nel bel mezzo della pandemia. Sono quindi una sorta di \"ambasciatore della pandemia Corona\".<\/p>\n<p><em>Come si deve intendere questo?<\/em><\/p>\n<p>Perch\u00e9 nonostante l'isolamento e le misure severe, sono riuscito a creare una piattaforma fantastica, orientata al futuro ed efficiente per la cooperazione bilaterale, economica, ma anche tecnologica, scientifica e politica. L'idea era quella di creare una piattaforma che ci permettesse innanzitutto di conoscerci, di diagnosticare il nostro potenziale comune. Volevo costruire un ponte tra la Svizzera e la Polonia. Costruire ponti \u00e8 uno strumento importante per me come ambasciatore. La dinamica degli sviluppi globali \u00e8 cos\u00ec elevata che mi sono detto: Non posso aspettare, devo fare qualcosa qui e dare ai miei partner svizzeri e ai miei colleghi polacchi la possibilit\u00e0 di incontrarsi e di parlare di possibili forme di cooperazione. Ho fatto centro. Perch\u00e9 non esisteva ancora una piattaforma analoga che potesse far incontrare i due Paesi.<\/p>\n<p><em>\u00c8 davvero sorprendente, perch\u00e9 secondo le mie informazioni, il volume degli scambi commerciali tra Polonia e Svizzera nel 2020 \u00e8 stato di 2,5 miliardi di dollari USA. Anche se la Polonia non \u00e8 il principale partner commerciale della Svizzera, si tratta comunque di un volume rispettabile. E con una popolazione di quasi 40 milioni di persone, il Paese \u00e8 una delle economie pi\u00f9 grandi dell'UE. Mi sembra che questo aspetto venga spesso dimenticato.<\/em><\/p>\n<p>\u00c8 cos\u00ec. Secondo gli ultimi dati, il volume degli scambi commerciali ha superato i 6 miliardi di euro. Solo lo scorso anno, le esportazioni dalla Polonia alla Svizzera sono aumentate di 25%. \u00c8 un dato impressionante. Anche le esportazioni dalla Svizzera verso la Polonia sono aumentate di 18%. La Polonia \u00e8 oggi anche una delle sedi di investimento pi\u00f9 attraenti al mondo. Anche da questo punto di vista, il 2022 ha battuto dei record. In Europa, siamo ora il numero 1.<\/p>\n<p><em>A cosa attribuisce questi tassi di crescita? A un effetto di recupero dopo la pandemia di Corona o alla continuazione di uno sviluppo sostenibile iniziato in precedenza?<\/em><\/p>\n<p>Sono molti i fattori in gioco. La necessit\u00e0 di nuovi fornitori era grande, soprattutto per le piccole e medie imprese. Ma tutte hanno dovuto cercare nuovi partner commerciali perch\u00e9 quelli in Asia erano bloccati. Hanno quindi cercato nei luoghi pi\u00f9 vicini: in Polonia, ad esempio, un Paese rapidamente accessibile e ben collegato. Il Paese si trova inoltre in una posizione strategica, all'interfaccia tra Est e Ovest, Nord e Sud. La Polonia si sta sviluppando rapidamente e in modo molto dinamico. Soprattutto a seguito della pandemia e ora a causa della guerra in Ucraina, gli ecosistemi economici devono essere ricostruiti e modificati; sono necessarie alternative. Ma c'\u00e8 anche la mancanza di lavoratori qualificati, la trasformazione del settore energetico, le questioni ambientali - e improvvisamente ci si rende conto che la Svizzera e la Polonia non sono poi cos\u00ec lontane e che i due Paesi hanno molto di pi\u00f9 da offrire l'uno all'altro oltre alle importazioni e alle esportazioni.<strong><br \/>\n<\/strong><br \/>\n<em>I lavoratori qualificati sono certamente una risorsa ricercata dalle aziende svizzere in Polonia. Ma anche il vostro Paese non soffre di una carenza di lavoratori qualificati?<\/em><\/p>\n<p>S\u00ec, siamo colpiti dalla carenza di lavoratori qualificati in Polonia nella stessa misura della Svizzera. Perch\u00e9 siamo ancora un'economia in via di sviluppo, il che significa che anche la Polonia ha bisogno delle persone migliori. Ed \u00e8 proprio dello scambio di specialisti altamente qualificati che dobbiamo parlare anche nel contesto della promozione economica, in modo da trovare insieme delle soluzioni.<\/p>\n<p><em>E quale potrebbe essere una possibile soluzione?<\/em><\/p>\n<p>Credo che l'approfondimento della cooperazione scientifica ed economica offra molte opportunit\u00e0 ai nostri Paesi. Poich\u00e9 entrambi i Paesi hanno una carenza di lavoratori qualificati, dobbiamo vedere dove possiamo essere complementari e anche compatibili, e non in competizione. Per esempio, ci sono aziende informatiche polacche in cui i migliori lavorano per aziende svizzere - e rimangono anche in Polonia. Molti servizi possono essere offerti direttamente dalle sedi polacche. Questo \u00e8 utile anche per l'internazionalizzazione delle aziende polacche. Internazionalizzazione significa scambio, scambio significa investimenti in Svizzera e in Polonia. Tutto questo pu\u00f2 aiutarci a diventare pi\u00f9 compatibili. Ma per riuscirci, bisogna prima parlarsi.<\/p>\n<p><em>Ci sono gi\u00e0 esempi concreti in cui questo funziona e in cui le aziende svizzere e polacche si incrociano, per cos\u00ec dire?<\/em><\/p>\n<p>Ci sono. Ad esempio, Novartis ha una filiale in Polonia e un'azienda informatica polacca lavora per questo gruppo. E ci sono anche altri esempi. Va anche detto che di recente abbiamo aperto un consolato onorario a Lugano. Siamo riusciti ad aggiudicarci come console onorario Gian-Luca Lardi, presidente dell'Associazione dei capomastri, cio\u00e8 un rappresentante dell'industria edilizia, che \u00e8 importante anche per la Polonia. E spero che presto potremo aprire consolati onorari anche nei centri economici di Zurigo e Ginevra.<\/p>\n<p><em>Come si presenta la situazione per le piccole e medie imprese? O per dirla in altro modo: come si deve immaginare l'economia delle PMI in Polonia? Quali sono le analogie con la Svizzera?<\/em><\/p>\n<p>La Polonia e la Svizzera sono molto simili da questo punto di vista. Il nucleo e allo stesso tempo la forza trainante dell'economia polacca sono le piccole e medie imprese, per lo pi\u00f9 a conduzione familiare. Si tratta di aziende ancora giovani, fondate negli anni '90, cio\u00e8 nella fase di transizione da un'economia pianificata a un'economia di libero mercato. Queste imprese a conduzione familiare sono innovative e adattabili e sono state una delle ragioni per cui la nostra economia \u00e8 sopravvissuta alle crisi pi\u00f9 gravi del XXI secolo, tra cui la crisi finanziaria del 2008 e la pandemia. La Polonia \u00e8 il Paese dell'UE che ha subito meno danni alla propria economia. Ci\u00f2 \u00e8 dovuto alla flessibilit\u00e0 delle sue PMI. Queste coprono diversi settori economici. Poich\u00e9 non siamo concentrati e dipendenti da un solo settore economico, siamo stati in grado di affrontare bene la pandemia. E anche il passaggio alle nuove condizioni di lavoro \u00e8 avvenuto rapidamente.<\/p>\n<figure id=\"attachment_21512\" aria-describedby=\"caption-attachment-21512\" style=\"width: 680px\" class=\"wp-caption alignnone\"><img loading=\"lazy\" decoding=\"async\" class=\"size-full wp-image-21512\" src=\"https:\/\/www.organisator.ch\/wp-content\/uploads\/2023\/08\/Polen-und-die-Schweiz-liegen-nicht-weit-auseinander-2_Organisator.jpg\" alt=\"\" width=\"680\" height=\"450\" srcset=\"https:\/\/www.organisator.ch\/wp-content\/uploads\/2023\/08\/Polen-und-die-Schweiz-liegen-nicht-weit-auseinander-2_Organisator.jpg 680w, https:\/\/www.organisator.ch\/wp-content\/uploads\/2023\/08\/Polen-und-die-Schweiz-liegen-nicht-weit-auseinander-2_Organisator-18x12.jpg 18w, https:\/\/www.organisator.ch\/wp-content\/uploads\/2023\/08\/Polen-und-die-Schweiz-liegen-nicht-weit-auseinander-2_Organisator-375x248.jpg 375w, https:\/\/www.organisator.ch\/wp-content\/uploads\/2023\/08\/Polen-und-die-Schweiz-liegen-nicht-weit-auseinander-2_Organisator-529x350.jpg 529w\" sizes=\"auto, (max-width: 680px) 100vw, 680px\" \/><figcaption id=\"caption-attachment-21512\" class=\"wp-caption-text\">Espressione del potenziale economico della Polonia: lo skyline della capitale Varsavia. (Immagine: Pixabay.com)<\/figcaption><\/figure>\n<p><em>La pandemia di Corona e ora anche la guerra in Ucraina hanno avuto e continuano ad avere un'influenza negativa sulle relazioni economiche. Oltre a questi fattori di influenza, quali sono gli altri ostacoli che forse devono ancora essere rimossi per semplificare le relazioni tra le aziende in Svizzera e in Polonia?<\/em><\/p>\n<p>Dovete chiedere agli esperti, e parleremo anche di questo al Forum. Ma naturalmente \u00e8 molto pi\u00f9 facile cooperare se si appartiene a un gruppo comune. La Polonia \u00e8 un membro dell'UE, la Svizzera non \u00e8 un Paese dell'UE. Questo \u00e8 davvero un ostacolo. Certo, ci sono gli accordi bilaterali con l'Unione Europea in ambito economico, che regolano gli scambi. E solo perch\u00e9 la Polonia non \u00e8 il partner commerciale pi\u00f9 importante della Svizzera - rispetto alla Germania o al Baden-W\u00fcrttemberg, per esempio - questo ostacolo non dovrebbe essere considerato meno importante. \u00c8 quindi auspicabile che la Commissione europea e la Svizzera trovino una soluzione per regolamentare ulteriormente la cooperazione con l'UE.<\/p>\n<p><em>Naturalmente, questo d\u00e0 forma alla discussione politica. Lo stesso vale per la questione dell'immigrazione. Ci sono voci che dicono che abbiamo bisogno di immigrazione, ma non arrivano le persone giuste. Ascoltandola ora, solo le persone \"giuste\" vengono dalla Polonia?<\/em><\/p>\n<p>\u00c8 difficile dire chi siano quelli \"giusti\" e chi quelli \"sbagliati\". Dobbiamo semplicemente affermare che: Tutti gli Stati membri dell'UE seguono le stesse regole. \u00c8 come una squadra di calcio: anche l\u00ec si gioca secondo regole stabilite in comune. Quindi, se volete beneficiare del mercato unico europeo e avere tutti i privilegi come tutti gli altri Paesi membri, dovete anche essere pronti a condividere i costi e non limitarvi a fare \"cherry picking\". Fare sempre eccezioni per la Svizzera diventa difficile a un certo punto e non \u00e8 giusto. Se si vuole stare al gioco, allora si devono rispettare le stesse regole.<\/p>\n<p><em>E la Svizzera lo fa troppo poco?<\/em><\/p>\n<p>S\u00ec, la Svizzera \u00e8 molto egocentrica. Ma bisogna anche ammettere che questo \u00e8 il risultato della sua posizione geopolitica e strategica: \u00e8 un Paese neutrale e leader in molti settori. Essendo il Paese pi\u00f9 innovativo del mondo, la Svizzera porta il meglio del meglio. Da questo punto di vista, \u00e8 difficile competere con la Svizzera. Quando gli scienziati polacchi vengono in Svizzera, ad esempio, molto raramente tornano indietro perch\u00e9 qui hanno ottime condizioni di lavoro e un elevato standard di vita. La Svizzera si \u00e8 creata questo vantaggio localizzativo.<\/p>\n<p><em>Ma che dire del rispetto delle regole del gioco all'interno dell'UE? Ci sono sempre Paesi che, ad esempio, sforano i criteri di Maastricht. La Polonia, ad esempio, dovr\u00e0 contrarre debiti ingenti per finanziare il suo sviluppo militare, probabilmente oltre i limiti stabiliti dai trattati di Maastricht.<\/em><\/p>\n<p>Dall'introduzione del Patto di stabilit\u00e0 e crescita (PSC) nel 1997, la procedura per i disavanzi eccessivi (PDE) \u00e8 stata applicata a tutti i Paesi dell'UE. Tuttavia, a causa della pandemia di Corona, nel 2020 l'UE ha attivato la cosiddetta clausola generale di salvaguardia, che consente agli Stati membri di derogare temporaneamente ai requisiti del Patto in caso di eventi eccezionali. A causa dell'aggressione russa all'Ucraina, la clausola si applica fino alla fine del 2023. A seguito della guerra in Ucraina, la Polonia ha aumentato la spesa per la difesa a circa 3 % del PIL. Il deficit nel 2024 sar\u00e0 quindi pari a 3,7 % del PIL. La Polonia sta cercando di ottenere un trattamento speciale nell'UE per questa spesa e ha gi\u00e0 il sostegno di diversi Paesi. Tuttavia, le questioni di conformit\u00e0 nelle relazioni tra la Svizzera e l'UE, da un lato, e l'applicazione del PSC nell'UE, dall'altro, non dovrebbero essere paragonate. In effetti, la legislazione basata sul PSC prevede un certo margine di manovra per le situazioni eccezionali. Gli accordi internazionali, invece, devono essere pienamente attuati in conformit\u00e0 alle disposizioni in essi contenute.<\/p>\n<p><em>Anche il cosiddetto miliardo di coesione \u00e8 stato oggetto di discussione. Con questo contributo svizzero a membri selezionati dell'UE, il denaro fluisce anche dalla Svizzera alla Polonia. Questo denaro \u00e8 inteso anche come una sorta di \"aiuto allo sviluppo\", in modo tale che<\/em><em> ridurre le disuguaglianze economiche e sociali<\/em><em>. Come utilizza la Polonia queste risorse finanziarie? <\/em><\/p>\n<p>Mi disturba il termine \"aiuto allo sviluppo\", perch\u00e9 la Polonia non \u00e8 un Paese in via di sviluppo. \u00c8 interessante che la Svizzera si stia aprendo un po' al mondo esterno e non sia pi\u00f9 cos\u00ec egocentrica. Non si pu\u00f2 guardare agli altri Paesi solo dal punto di vista dei propri interessi economici. Spesso non si conoscono questi Paesi e il loro potenziale. E allora si pensa che questo miliardo sia necessario per livellare le opportunit\u00e0, per appianare le differenze in Europa. Ma quei tempi sono finiti. Per quanto riguarda la sua domanda: la Polonia riceve 320 milioni di euro di questo miliardo. Sembra molto, ma \u00e8 piuttosto poco rispetto al volume di scambi di 6 miliardi - e anche poco rispetto al profitto che la Svizzera ottiene dall'accesso al mercato unico europeo. Tuttavia, considero questo denaro come un investimento nel futuro delle relazioni bilaterali. Deve essere visto nel contesto della cooperazione economica e scientifica. \u00c8 importante che tutti traggano vantaggio da progetti comuni e che si possa creare una nuova qualit\u00e0 nelle nostre relazioni bilaterali, ad esempio attraverso lo scambio di nuove tecnologie e il trasferimento di know-how.<\/p>\n<p><em>Dove, ad esempio?<\/em><\/p>\n<p>In ogni settore, ad esempio nell'istruzione e nella formazione professionale. La Svizzera \u00e8 un modello di successo. In Polonia stiamo ricostruendo il nostro sistema di istruzione e formazione professionale e abbiamo bisogno dello scambio con la Svizzera. Sono molto attivo in questo senso e sono molto contento che anche la Polonia stia beneficiando del contributo svizzero in questo senso. Questi fondi possono anche finanziare partenariati tra scuole professionali, ad esempio. \u00c8 importante che la Polonia e la Svizzera continuino ad avvicinarsi. La Polonia ha molto da offrire in termini di ricerca. Nelle conversazioni che ho avuto, ho notato un grande interesse per gli scambi con la Polonia. Ma le strade non sono ancora state aperte in modo adeguato. Spero quindi che ci sia un'ulteriore apertura per gli scienziati e che molti progetti di ricerca possano essere finanziati, bilateralmente o anche multilateralmente, anche con fondi di altri partner.<\/p>\n<p><em>Qual \u00e8 l'importanza della Polonia per la ricerca e lo sviluppo europei?<\/em><\/p>\n<p>La Polonia ha costruito la terza rete di ricerca pi\u00f9 grande d'Europa. La Svizzera \u00e8 il Paese pi\u00f9 innovativo al mondo e anche noi abbiamo l'ambizione di arrivare un giorno ai vertici. Per questo ci stiamo concentrando sullo scambio di scienziati e sul trasferimento di tecnologie. Abbiamo molto da offrire all'Europa. Da anni gli scienziati e i ricercatori polacchi danno un grande contributo ai progetti di ricerca internazionali. Questo \u00e8 particolarmente visibile in Svizzera. Perch\u00e9, in ultima analisi, vogliamo sviluppare l'Europa come una forte sede di innovazione e di affari insieme alla Polonia e alla Svizzera. Dobbiamo partire da questa prospettiva. Apparteniamo tutti alla famiglia europea e siamo tutti interessati dagli stessi problemi e sfide globali. Dobbiamo risolverli insieme: non si pu\u00f2 risolvere un grande problema globale da soli.<\/p>\n<p><em>Ulteriori informazioni e possibilit\u00e0 di registrazione per il 3\u00b0 Forum polacco di affari e tecnologia in Svizzera <a href=\"https:\/\/www.paih.gov.pl\/3rd_Polish_Economic_Technology_Forum_in_Switzerland\">\u00e8 disponibile qui<\/a>.<\/em><\/p>\n<p>&nbsp;<\/p>\n<blockquote><p><strong>La persona<\/strong><\/p>\n<p>Iwona Koz\u0142owska \u00e8 Ambasciatore straordinario e plenipotenziario della Repubblica di Polonia presso la Confederazione Svizzera e il Principato del Liechtenstein dal 2020. Ha iniziato la sua carriera diplomatica nel 1999 come vicedirettore dell'Istituto polacco di Berlino. Dal 2001 al 2005 ha lavorato come esperta per l'Europa occidentale e il Triangolo di Weimar presso il Dipartimento di politica estera dell'Ufficio del Presidente della Repubblica di Polonia, per poi passare al Dipartimento europeo del Ministero degli Affari Esteri (Sezione per i Paesi di lingua tedesca). Dal 2007 al 2012 ha lavorato come 1\u00b0 Consigliere d'Ambasciata presso la Sezione politica dell'Ambasciata della Repubblica di Polonia a Berlino, di cui ha assunto la direzione nel 2011. Nel 2012-2014 \u00e8 stata vicedirettore dell'Ufficio del Commissario governativo per il dialogo internazionale presso l'Ufficio del Primo Ministro. Dal 2014 al 2020 ha lavorato nuovamente presso il Ministero degli Affari Esteri, dove ha ricoperto i ruoli di capo sezione, vice direttore e infine direttore del Dipartimento per la cooperazione con i polacchi all'estero.<\/p><\/blockquote>","protected":false},"excerpt":{"rendered":"<p>Il 18 e 19 settembre si terr\u00e0 in Svizzera, presso il Kursaal di Berna, il 3\u00b0 Forum polacco di economia e tecnologia. L'evento mira a riunire i rappresentanti del mondo economico, scientifico e politico di entrambi i Paesi per promuovere uno scambio congiunto. Ne abbiamo parlato in esclusiva con l'ambasciatore Iwona Koz\u0142owska.<\/p>","protected":false},"author":4,"featured_media":21512,"comment_status":"closed","ping_status":"closed","sticky":false,"template":"","format":"standard","meta":{"_acf_changed":false,"_yoast_wpseo_focuskw":"Polen","_yoast_wpseo_metadesc":"Am 18. und 19. September treffen sich Wirtschaftsvertreter aus Polen und der Schweiz am 3. Polnischen Wirtschafts- und Technologieforum.","articlekey":"","footnotes":""},"categories":[1],"tags":[2722,193,280,3911,531],"class_list":["post-21469","post","type-post","status-publish","format-standard","has-post-thumbnail","hentry","category-allgemein","tag-aussenhandel","tag-fachkongressfachmesse","tag-internationalisierung","tag-polen","tag-wirtschaftspolitik"],"acf":[],"yoast_head":"<!-- This site is optimized with the Yoast SEO plugin v27.4 - https:\/\/yoast.com\/product\/yoast-seo-wordpress\/ -->\n<title>\u00abPolen und die Schweiz liegen nicht weit auseinander\u00bb - Organisator<\/title>\n<meta name=\"description\" content=\"Am 18. und 19. September treffen sich Wirtschaftsvertreter aus Polen und der Schweiz am 3. Polnischen Wirtschafts- und Technologieforum.\" \/>\n<meta name=\"robots\" content=\"index, follow, max-snippet:-1, max-image-preview:large, max-video-preview:-1\" \/>\n<link rel=\"canonical\" href=\"https:\/\/www.organisator.ch\/it\/generale\/2023-08-30\/polen-und-die-schweiz-liegen-nicht-weit-auseinander\/\" \/>\n<meta property=\"og:locale\" content=\"it_IT\" \/>\n<meta property=\"og:type\" content=\"article\" \/>\n<meta property=\"og:title\" content=\"\u00abPolen und die Schweiz liegen nicht weit auseinander\u00bb\" \/>\n<meta property=\"og:description\" content=\"Am 18. und 19. September treffen sich Wirtschaftsvertreter aus Polen und der Schweiz am 3. Polnischen Wirtschafts- und Technologieforum.\" \/>\n<meta property=\"og:url\" content=\"https:\/\/www.organisator.ch\/it\/generale\/2023-08-30\/polen-und-die-schweiz-liegen-nicht-weit-auseinander\/\" \/>\n<meta property=\"og:site_name\" content=\"Organisator\" \/>\n<meta property=\"article:publisher\" content=\"https:\/\/www.facebook.com\/OrganisatorFachmagazin\" \/>\n<meta property=\"article:published_time\" content=\"2023-08-30T13:04:01+00:00\" \/>\n<meta property=\"article:modified_time\" content=\"2023-09-25T06:32:01+00:00\" \/>\n<meta property=\"og:image\" content=\"https:\/\/www.organisator.ch\/wp-content\/uploads\/2023\/08\/Polen-und-die-Schweiz-liegen-nicht-weit-auseinander-1_Organisator.jpg\" \/>\n\t<meta property=\"og:image:width\" content=\"680\" \/>\n\t<meta property=\"og:image:height\" content=\"453\" \/>\n\t<meta property=\"og:image:type\" content=\"image\/jpeg\" \/>\n<meta name=\"author\" content=\"thomas.berner\" \/>\n<meta name=\"twitter:card\" content=\"summary_large_image\" \/>\n<meta name=\"twitter:title\" content=\"\u00abPolen und die Schweiz liegen nicht weit auseinander\u00bb\" \/>\n<meta name=\"twitter:description\" content=\"Am 18. und 19. September treffen sich Wirtschaftsvertreter aus Polen und der Schweiz am 3. Polnischen Wirtschafts- und Technologieforum.\" \/>\n<meta name=\"twitter:image\" content=\"https:\/\/www.organisator.ch\/wp-content\/uploads\/2023\/08\/Polen-und-die-Schweiz-liegen-nicht-weit-auseinander-1_Organisator.jpg\" \/>\n<script type=\"application\/ld+json\" class=\"yoast-schema-graph\">{\"@context\":\"https:\\\/\\\/schema.org\",\"@graph\":[{\"@type\":\"Article\",\"@id\":\"https:\\\/\\\/www.organisator.ch\\\/allgemein\\\/2023-08-30\\\/polen-und-die-schweiz-liegen-nicht-weit-auseinander\\\/#article\",\"isPartOf\":{\"@id\":\"https:\\\/\\\/www.organisator.ch\\\/allgemein\\\/2023-08-30\\\/polen-und-die-schweiz-liegen-nicht-weit-auseinander\\\/\"},\"author\":{\"name\":\"thomas.berner\",\"@id\":\"https:\\\/\\\/www.organisator.ch\\\/#\\\/schema\\\/person\\\/6f650f90b2842cd4c0cc334b4e36f67e\"},\"headline\":\"\u00abPolen und die Schweiz liegen nicht weit auseinander\u00bb\",\"datePublished\":\"2023-08-30T13:04:01+00:00\",\"dateModified\":\"2023-09-25T06:32:01+00:00\",\"mainEntityOfPage\":{\"@id\":\"https:\\\/\\\/www.organisator.ch\\\/allgemein\\\/2023-08-30\\\/polen-und-die-schweiz-liegen-nicht-weit-auseinander\\\/\"},\"wordCount\":2517,\"publisher\":{\"@id\":\"https:\\\/\\\/www.organisator.ch\\\/#organization\"},\"image\":{\"@id\":\"https:\\\/\\\/www.organisator.ch\\\/allgemein\\\/2023-08-30\\\/polen-und-die-schweiz-liegen-nicht-weit-auseinander\\\/#primaryimage\"},\"thumbnailUrl\":\"https:\\\/\\\/www.organisator.ch\\\/wp-content\\\/uploads\\\/2023\\\/08\\\/Polen-und-die-Schweiz-liegen-nicht-weit-auseinander-2_Organisator.jpg\",\"keywords\":[\"Aussenhandel\",\"Fachkongress\\\/Fachmesse\",\"Internationalisierung\",\"Polen\",\"Wirtschaftspolitik\"],\"articleSection\":[\"Allgemein\"],\"inLanguage\":\"it-IT\"},{\"@type\":\"WebPage\",\"@id\":\"https:\\\/\\\/www.organisator.ch\\\/allgemein\\\/2023-08-30\\\/polen-und-die-schweiz-liegen-nicht-weit-auseinander\\\/\",\"url\":\"https:\\\/\\\/www.organisator.ch\\\/allgemein\\\/2023-08-30\\\/polen-und-die-schweiz-liegen-nicht-weit-auseinander\\\/\",\"name\":\"\u00abPolen und die Schweiz liegen nicht weit auseinander\u00bb - Organisator\",\"isPartOf\":{\"@id\":\"https:\\\/\\\/www.organisator.ch\\\/#website\"},\"primaryImageOfPage\":{\"@id\":\"https:\\\/\\\/www.organisator.ch\\\/allgemein\\\/2023-08-30\\\/polen-und-die-schweiz-liegen-nicht-weit-auseinander\\\/#primaryimage\"},\"image\":{\"@id\":\"https:\\\/\\\/www.organisator.ch\\\/allgemein\\\/2023-08-30\\\/polen-und-die-schweiz-liegen-nicht-weit-auseinander\\\/#primaryimage\"},\"thumbnailUrl\":\"https:\\\/\\\/www.organisator.ch\\\/wp-content\\\/uploads\\\/2023\\\/08\\\/Polen-und-die-Schweiz-liegen-nicht-weit-auseinander-2_Organisator.jpg\",\"datePublished\":\"2023-08-30T13:04:01+00:00\",\"dateModified\":\"2023-09-25T06:32:01+00:00\",\"description\":\"Am 18. und 19. September treffen sich Wirtschaftsvertreter aus Polen und der Schweiz am 3. Polnischen Wirtschafts- und Technologieforum.\",\"breadcrumb\":{\"@id\":\"https:\\\/\\\/www.organisator.ch\\\/allgemein\\\/2023-08-30\\\/polen-und-die-schweiz-liegen-nicht-weit-auseinander\\\/#breadcrumb\"},\"inLanguage\":\"it-IT\",\"potentialAction\":[{\"@type\":\"ReadAction\",\"target\":[\"https:\\\/\\\/www.organisator.ch\\\/allgemein\\\/2023-08-30\\\/polen-und-die-schweiz-liegen-nicht-weit-auseinander\\\/\"]}]},{\"@type\":\"ImageObject\",\"inLanguage\":\"it-IT\",\"@id\":\"https:\\\/\\\/www.organisator.ch\\\/allgemein\\\/2023-08-30\\\/polen-und-die-schweiz-liegen-nicht-weit-auseinander\\\/#primaryimage\",\"url\":\"https:\\\/\\\/www.organisator.ch\\\/wp-content\\\/uploads\\\/2023\\\/08\\\/Polen-und-die-Schweiz-liegen-nicht-weit-auseinander-2_Organisator.jpg\",\"contentUrl\":\"https:\\\/\\\/www.organisator.ch\\\/wp-content\\\/uploads\\\/2023\\\/08\\\/Polen-und-die-Schweiz-liegen-nicht-weit-auseinander-2_Organisator.jpg\",\"width\":680,\"height\":450,\"caption\":\"Ausdruck des wirtschaftlichen Potenzials von Polen: Skyline der Hauptstadt Warschau. (Bild: Pixabay.com)\"},{\"@type\":\"BreadcrumbList\",\"@id\":\"https:\\\/\\\/www.organisator.ch\\\/allgemein\\\/2023-08-30\\\/polen-und-die-schweiz-liegen-nicht-weit-auseinander\\\/#breadcrumb\",\"itemListElement\":[{\"@type\":\"ListItem\",\"position\":1,\"name\":\"Home\",\"item\":\"https:\\\/\\\/www.organisator.ch\\\/\"},{\"@type\":\"ListItem\",\"position\":2,\"name\":\"\u00abPolen und die Schweiz liegen nicht weit auseinander\u00bb\"}]},{\"@type\":\"WebSite\",\"@id\":\"https:\\\/\\\/www.organisator.ch\\\/#website\",\"url\":\"https:\\\/\\\/www.organisator.ch\\\/\",\"name\":\"Organisator\",\"description\":\"Kompetent. Praxisnah. Der ORGANISATOR bereitet in 10 Ausgaben pro Jahr die wesentlichen Themen f\u00fcr F\u00fchrungskr\u00e4fte von KMU auf.\",\"publisher\":{\"@id\":\"https:\\\/\\\/www.organisator.ch\\\/#organization\"},\"potentialAction\":[{\"@type\":\"SearchAction\",\"target\":{\"@type\":\"EntryPoint\",\"urlTemplate\":\"https:\\\/\\\/www.organisator.ch\\\/?s={search_term_string}\"},\"query-input\":{\"@type\":\"PropertyValueSpecification\",\"valueRequired\":true,\"valueName\":\"search_term_string\"}}],\"inLanguage\":\"it-IT\"},{\"@type\":\"Organization\",\"@id\":\"https:\\\/\\\/www.organisator.ch\\\/#organization\",\"name\":\"Organisator\",\"url\":\"https:\\\/\\\/www.organisator.ch\\\/\",\"logo\":{\"@type\":\"ImageObject\",\"inLanguage\":\"it-IT\",\"@id\":\"https:\\\/\\\/www.organisator.ch\\\/#\\\/schema\\\/logo\\\/image\\\/\",\"url\":\"https:\\\/\\\/www.organisator.ch\\\/wp-content\\\/uploads\\\/2022\\\/01\\\/Logo_Organisator_Website.png\",\"contentUrl\":\"https:\\\/\\\/www.organisator.ch\\\/wp-content\\\/uploads\\\/2022\\\/01\\\/Logo_Organisator_Website.png\",\"width\":800,\"height\":77,\"caption\":\"Organisator\"},\"image\":{\"@id\":\"https:\\\/\\\/www.organisator.ch\\\/#\\\/schema\\\/logo\\\/image\\\/\"},\"sameAs\":[\"https:\\\/\\\/www.facebook.com\\\/OrganisatorFachmagazin\",\"https:\\\/\\\/www.linkedin.com\\\/showcase\\\/organisator-das-magazin-fr-kmu\",\"https:\\\/\\\/www.xing.com\\\/news\\\/pages\\\/organisator-ch-695\",\"https:\\\/\\\/www.youtube.com\\\/channel\\\/UCGP2Sq0iWaZwT3BdIAQFYpw\"]},{\"@type\":\"Person\",\"@id\":\"https:\\\/\\\/www.organisator.ch\\\/#\\\/schema\\\/person\\\/6f650f90b2842cd4c0cc334b4e36f67e\",\"name\":\"thomas.berner\",\"image\":{\"@type\":\"ImageObject\",\"inLanguage\":\"it-IT\",\"@id\":\"https:\\\/\\\/secure.gravatar.com\\\/avatar\\\/ac5001d2a36cb6c6cd3e50789007ffca834b477b74a2144564522e944eabff61?s=96&d=mm&r=g\",\"url\":\"https:\\\/\\\/secure.gravatar.com\\\/avatar\\\/ac5001d2a36cb6c6cd3e50789007ffca834b477b74a2144564522e944eabff61?s=96&d=mm&r=g\",\"contentUrl\":\"https:\\\/\\\/secure.gravatar.com\\\/avatar\\\/ac5001d2a36cb6c6cd3e50789007ffca834b477b74a2144564522e944eabff61?s=96&d=mm&r=g\",\"caption\":\"thomas.berner\"},\"url\":\"https:\\\/\\\/www.organisator.ch\\\/it\\\/author\\\/thomas-berner\\\/\"}]}<\/script>\n<!-- \/ Yoast SEO plugin. -->","yoast_head_json":{"title":"\"La Polonia e la Svizzera non sono lontane\" - Organizzatore","description":"Il 18 e 19 settembre, i rappresentanti delle imprese polacche e svizzere si incontreranno in occasione del 3\u00b0 Forum polacco di affari e tecnologia.","robots":{"index":"index","follow":"follow","max-snippet":"max-snippet:-1","max-image-preview":"max-image-preview:large","max-video-preview":"max-video-preview:-1"},"canonical":"https:\/\/www.organisator.ch\/it\/generale\/2023-08-30\/polen-und-die-schweiz-liegen-nicht-weit-auseinander\/","og_locale":"it_IT","og_type":"article","og_title":"\u00abPolen und die Schweiz liegen nicht weit auseinander\u00bb","og_description":"Am 18. und 19. September treffen sich Wirtschaftsvertreter aus Polen und der Schweiz am 3. Polnischen Wirtschafts- und Technologieforum.","og_url":"https:\/\/www.organisator.ch\/it\/generale\/2023-08-30\/polen-und-die-schweiz-liegen-nicht-weit-auseinander\/","og_site_name":"Organisator","article_publisher":"https:\/\/www.facebook.com\/OrganisatorFachmagazin","article_published_time":"2023-08-30T13:04:01+00:00","article_modified_time":"2023-09-25T06:32:01+00:00","og_image":[{"width":680,"height":453,"url":"https:\/\/www.organisator.ch\/wp-content\/uploads\/2023\/08\/Polen-und-die-Schweiz-liegen-nicht-weit-auseinander-1_Organisator.jpg","type":"image\/jpeg"}],"author":"thomas.berner","twitter_card":"summary_large_image","twitter_title":"\u00abPolen und die Schweiz liegen nicht weit auseinander\u00bb","twitter_description":"Am 18. und 19. September treffen sich Wirtschaftsvertreter aus Polen und der Schweiz am 3. Polnischen Wirtschafts- und Technologieforum.","twitter_image":"https:\/\/www.organisator.ch\/wp-content\/uploads\/2023\/08\/Polen-und-die-Schweiz-liegen-nicht-weit-auseinander-1_Organisator.jpg","schema":{"@context":"https:\/\/schema.org","@graph":[{"@type":"Article","@id":"https:\/\/www.organisator.ch\/allgemein\/2023-08-30\/polen-und-die-schweiz-liegen-nicht-weit-auseinander\/#article","isPartOf":{"@id":"https:\/\/www.organisator.ch\/allgemein\/2023-08-30\/polen-und-die-schweiz-liegen-nicht-weit-auseinander\/"},"author":{"name":"thomas.berner","@id":"https:\/\/www.organisator.ch\/#\/schema\/person\/6f650f90b2842cd4c0cc334b4e36f67e"},"headline":"\u00abPolen und die Schweiz liegen nicht weit auseinander\u00bb","datePublished":"2023-08-30T13:04:01+00:00","dateModified":"2023-09-25T06:32:01+00:00","mainEntityOfPage":{"@id":"https:\/\/www.organisator.ch\/allgemein\/2023-08-30\/polen-und-die-schweiz-liegen-nicht-weit-auseinander\/"},"wordCount":2517,"publisher":{"@id":"https:\/\/www.organisator.ch\/#organization"},"image":{"@id":"https:\/\/www.organisator.ch\/allgemein\/2023-08-30\/polen-und-die-schweiz-liegen-nicht-weit-auseinander\/#primaryimage"},"thumbnailUrl":"https:\/\/www.organisator.ch\/wp-content\/uploads\/2023\/08\/Polen-und-die-Schweiz-liegen-nicht-weit-auseinander-2_Organisator.jpg","keywords":["Aussenhandel","Fachkongress\/Fachmesse","Internationalisierung","Polen","Wirtschaftspolitik"],"articleSection":["Allgemein"],"inLanguage":"it-IT"},{"@type":"WebPage","@id":"https:\/\/www.organisator.ch\/allgemein\/2023-08-30\/polen-und-die-schweiz-liegen-nicht-weit-auseinander\/","url":"https:\/\/www.organisator.ch\/allgemein\/2023-08-30\/polen-und-die-schweiz-liegen-nicht-weit-auseinander\/","name":"\"La Polonia e la Svizzera non sono lontane\" - Organizzatore","isPartOf":{"@id":"https:\/\/www.organisator.ch\/#website"},"primaryImageOfPage":{"@id":"https:\/\/www.organisator.ch\/allgemein\/2023-08-30\/polen-und-die-schweiz-liegen-nicht-weit-auseinander\/#primaryimage"},"image":{"@id":"https:\/\/www.organisator.ch\/allgemein\/2023-08-30\/polen-und-die-schweiz-liegen-nicht-weit-auseinander\/#primaryimage"},"thumbnailUrl":"https:\/\/www.organisator.ch\/wp-content\/uploads\/2023\/08\/Polen-und-die-Schweiz-liegen-nicht-weit-auseinander-2_Organisator.jpg","datePublished":"2023-08-30T13:04:01+00:00","dateModified":"2023-09-25T06:32:01+00:00","description":"Il 18 e 19 settembre, i rappresentanti delle imprese polacche e svizzere si incontreranno in occasione del 3\u00b0 Forum polacco di affari e tecnologia.","breadcrumb":{"@id":"https:\/\/www.organisator.ch\/allgemein\/2023-08-30\/polen-und-die-schweiz-liegen-nicht-weit-auseinander\/#breadcrumb"},"inLanguage":"it-IT","potentialAction":[{"@type":"ReadAction","target":["https:\/\/www.organisator.ch\/allgemein\/2023-08-30\/polen-und-die-schweiz-liegen-nicht-weit-auseinander\/"]}]},{"@type":"ImageObject","inLanguage":"it-IT","@id":"https:\/\/www.organisator.ch\/allgemein\/2023-08-30\/polen-und-die-schweiz-liegen-nicht-weit-auseinander\/#primaryimage","url":"https:\/\/www.organisator.ch\/wp-content\/uploads\/2023\/08\/Polen-und-die-Schweiz-liegen-nicht-weit-auseinander-2_Organisator.jpg","contentUrl":"https:\/\/www.organisator.ch\/wp-content\/uploads\/2023\/08\/Polen-und-die-Schweiz-liegen-nicht-weit-auseinander-2_Organisator.jpg","width":680,"height":450,"caption":"Ausdruck des wirtschaftlichen Potenzials von Polen: Skyline der Hauptstadt Warschau. (Bild: Pixabay.com)"},{"@type":"BreadcrumbList","@id":"https:\/\/www.organisator.ch\/allgemein\/2023-08-30\/polen-und-die-schweiz-liegen-nicht-weit-auseinander\/#breadcrumb","itemListElement":[{"@type":"ListItem","position":1,"name":"Home","item":"https:\/\/www.organisator.ch\/"},{"@type":"ListItem","position":2,"name":"\u00abPolen und die Schweiz liegen nicht weit auseinander\u00bb"}]},{"@type":"WebSite","@id":"https:\/\/www.organisator.ch\/#website","url":"https:\/\/www.organisator.ch\/","name":"Organizzatore","description":"Competente. Pratico. In 10 numeri all'anno, ORGANISATOR presenta i temi essenziali per i manager delle PMI.","publisher":{"@id":"https:\/\/www.organisator.ch\/#organization"},"potentialAction":[{"@type":"SearchAction","target":{"@type":"EntryPoint","urlTemplate":"https:\/\/www.organisator.ch\/?s={search_term_string}"},"query-input":{"@type":"PropertyValueSpecification","valueRequired":true,"valueName":"search_term_string"}}],"inLanguage":"it-IT"},{"@type":"Organization","@id":"https:\/\/www.organisator.ch\/#organization","name":"Organizzatore","url":"https:\/\/www.organisator.ch\/","logo":{"@type":"ImageObject","inLanguage":"it-IT","@id":"https:\/\/www.organisator.ch\/#\/schema\/logo\/image\/","url":"https:\/\/www.organisator.ch\/wp-content\/uploads\/2022\/01\/Logo_Organisator_Website.png","contentUrl":"https:\/\/www.organisator.ch\/wp-content\/uploads\/2022\/01\/Logo_Organisator_Website.png","width":800,"height":77,"caption":"Organisator"},"image":{"@id":"https:\/\/www.organisator.ch\/#\/schema\/logo\/image\/"},"sameAs":["https:\/\/www.facebook.com\/OrganisatorFachmagazin","https:\/\/www.linkedin.com\/showcase\/organisator-das-magazin-fr-kmu","https:\/\/www.xing.com\/news\/pages\/organisator-ch-695","https:\/\/www.youtube.com\/channel\/UCGP2Sq0iWaZwT3BdIAQFYpw"]},{"@type":"Person","@id":"https:\/\/www.organisator.ch\/#\/schema\/person\/6f650f90b2842cd4c0cc334b4e36f67e","name":"Tommaso.berner","image":{"@type":"ImageObject","inLanguage":"it-IT","@id":"https:\/\/secure.gravatar.com\/avatar\/ac5001d2a36cb6c6cd3e50789007ffca834b477b74a2144564522e944eabff61?s=96&d=mm&r=g","url":"https:\/\/secure.gravatar.com\/avatar\/ac5001d2a36cb6c6cd3e50789007ffca834b477b74a2144564522e944eabff61?s=96&d=mm&r=g","contentUrl":"https:\/\/secure.gravatar.com\/avatar\/ac5001d2a36cb6c6cd3e50789007ffca834b477b74a2144564522e944eabff61?s=96&d=mm&r=g","caption":"thomas.berner"},"url":"https:\/\/www.organisator.ch\/it\/author\/thomas-berner\/"}]}},"_links":{"self":[{"href":"https:\/\/www.organisator.ch\/it\/wp-json\/wp\/v2\/posts\/21469","targetHints":{"allow":["GET"]}}],"collection":[{"href":"https:\/\/www.organisator.ch\/it\/wp-json\/wp\/v2\/posts"}],"about":[{"href":"https:\/\/www.organisator.ch\/it\/wp-json\/wp\/v2\/types\/post"}],"author":[{"embeddable":true,"href":"https:\/\/www.organisator.ch\/it\/wp-json\/wp\/v2\/users\/4"}],"replies":[{"embeddable":true,"href":"https:\/\/www.organisator.ch\/it\/wp-json\/wp\/v2\/comments?post=21469"}],"version-history":[{"count":3,"href":"https:\/\/www.organisator.ch\/it\/wp-json\/wp\/v2\/posts\/21469\/revisions"}],"predecessor-version":[{"id":21513,"href":"https:\/\/www.organisator.ch\/it\/wp-json\/wp\/v2\/posts\/21469\/revisions\/21513"}],"wp:featuredmedia":[{"embeddable":true,"href":"https:\/\/www.organisator.ch\/it\/wp-json\/wp\/v2\/media\/21512"}],"wp:attachment":[{"href":"https:\/\/www.organisator.ch\/it\/wp-json\/wp\/v2\/media?parent=21469"}],"wp:term":[{"taxonomy":"category","embeddable":true,"href":"https:\/\/www.organisator.ch\/it\/wp-json\/wp\/v2\/categories?post=21469"},{"taxonomy":"post_tag","embeddable":true,"href":"https:\/\/www.organisator.ch\/it\/wp-json\/wp\/v2\/tags?post=21469"}],"curies":[{"name":"wp","href":"https:\/\/api.w.org\/{rel}","templated":true}]}}