{"id":21473,"date":"2023-08-28T07:57:47","date_gmt":"2023-08-28T05:57:47","guid":{"rendered":"https:\/\/www.organisator.ch\/?p=21473"},"modified":"2023-08-28T07:57:47","modified_gmt":"2023-08-28T05:57:47","slug":"ki-einsatz-furcht-vor-jobverlust-bei-fast-der-haelfte-der-angestellten","status":"publish","type":"post","link":"https:\/\/www.organisator.ch\/it\/management\/2023-08-28\/ki-einsatz-furcht-vor-jobverlust-bei-fast-der-haelfte-der-angestellten\/","title":{"rendered":"Uso dell'AI: paura di perdere il lavoro per quasi la met\u00e0 dei dipendenti"},"content":{"rendered":"<figure id=\"attachment_21474\" aria-describedby=\"caption-attachment-21474\" style=\"width: 680px\" class=\"wp-caption alignnone\"><img loading=\"lazy\" decoding=\"async\" class=\"size-full wp-image-21474\" src=\"https:\/\/www.organisator.ch\/wp-content\/uploads\/2023\/08\/KI-Einsatz-Furcht-vor-Jobverlust-bei-fast-der-Haelfte-der-Angestellten-1_Organisator.jpg\" alt=\"\" width=\"680\" height=\"353\" srcset=\"https:\/\/www.organisator.ch\/wp-content\/uploads\/2023\/08\/KI-Einsatz-Furcht-vor-Jobverlust-bei-fast-der-Haelfte-der-Angestellten-1_Organisator.jpg 680w, https:\/\/www.organisator.ch\/wp-content\/uploads\/2023\/08\/KI-Einsatz-Furcht-vor-Jobverlust-bei-fast-der-Haelfte-der-Angestellten-1_Organisator-18x9.jpg 18w, https:\/\/www.organisator.ch\/wp-content\/uploads\/2023\/08\/KI-Einsatz-Furcht-vor-Jobverlust-bei-fast-der-Haelfte-der-Angestellten-1_Organisator-375x195.jpg 375w, https:\/\/www.organisator.ch\/wp-content\/uploads\/2023\/08\/KI-Einsatz-Furcht-vor-Jobverlust-bei-fast-der-Haelfte-der-Angestellten-1_Organisator-674x350.jpg 674w\" sizes=\"auto, (max-width: 680px) 100vw, 680px\" \/><figcaption id=\"caption-attachment-21474\" class=\"wp-caption-text\">Utilizzo dell'intelligenza artificiale: questi rischi sono i maggiori per gli intervistati. (Grafico: Deloitte)<\/figcaption><\/figure>\n<p>La sintesi del rapporto annuale \u00e8 stata creata con ChatGPT, la grafica proviene da DALL-E: I programmi di IA generativa si sono rapidamente affermati nella vita quotidiana degli uffici in Svizzera e fanno ormai parte della routine quotidiana di molti dipendenti. Lo dimostra l'indagine \"La rapida adozione dell'IA generativa in Svizzera\" della societ\u00e0 di revisione e consulenza Deloitte Svizzera. Per l'indagine sono state intervistate 1.002 persone in tutta la Svizzera che in linea di principio potrebbero utilizzare l'IA generativa nel loro lavoro. Come emerge dall'indagine su questi gruppi di persone, sei dipendenti su dieci (61%) che lavorano con un computer o un dispositivo simile utilizzano gi\u00e0 programmi di IA generativa nel loro lavoro quotidiano. Nell'ambiente privato, l'utilizzo \u00e8 ancora pi\u00f9 elevato, con il 64%. La percentuale pi\u00f9 alta di utilizzo professionale riguarda i programmi di testo di IA (47%), seguiti dai programmi di immagini (26%) e dai programmi di codifica (24%). La maggior parte degli intervistati \u00e8 soddisfatta dei risultati ottenuti e valuta i risultati forniti dall'IA con 7 punti su 10 (possibili).<\/p>\n<h3>Molte aziende non hanno linee guida per l'utilizzo dell'IA<\/h3>\n<p>L'elevato numero di utenti illustra il gi\u00e0 alto livello di implementazione dell'IA generativa nel posto di lavoro in ufficio: molti degli intervistati affermano che i programmi di IA consentono loro di lavorare in modo pi\u00f9 efficiente (63%), di essere pi\u00f9 creativi (54%) o di aumentare la qualit\u00e0 del loro lavoro (45%). Tuttavia, l'uso diffuso dell'IA generativa da parte dei dipendenti \u00e8 accompagnato anche da un problema che comporta grandi rischi per le aziende: In molte aziende, l'implementazione dell'IA non \u00e8 controllata dalla direzione e quindi non ha linee guida chiare, ma viene effettuata dai dipendenti stessi - in un quarto dei casi (26%) anche all'insaputa dei loro diretti superiori. Il 61% degli intervistati dichiara che la propria azienda non dispone di linee guida aziendali per l'utilizzo dell'IA. Il 24% degli intervistati dichiara inoltre che l'uso dell'IA \u00e8 vietato nella propria azienda, almeno per il momento.<\/p>\n<p>Questo comporta grandi rischi per le aziende, ad esempio per quanto riguarda la protezione dei dati o l'elusione di processi operativi consolidati. Questa vulnerabilit\u00e0 \u00e8 evidente anche nei dispositivi utilizzati: poco meno del 60% degli intervistati dichiara di utilizzare il proprio computer personale o il telefono cellulare quando utilizza l'IA generativa per lavoro.<\/p>\n<p>Tuttavia, l'indagine mostra anche che molti intervistati sono ben consapevoli dei potenziali rischi per il loro datore di lavoro derivanti dall'uso dell'IA: Due terzi (67%) considerano le informazioni errate, difettose o incomplete come uno dei principali svantaggi dell'IA generativa. Il 65% degli intervistati \u00e8 preoccupato per la sicurezza informatica, il 64% cita la protezione dei dati come un problema e il 61% critica la mancanza di trasparenza riguardo alle fonti e alle informazioni utilizzate nell'uso dei programmi di IA.<\/p>\n<h3>Implementazione dell'IA: per le aziende sar\u00e0 un processo di apprendimento e di azione<\/h3>\n<p>\"Le aziende non possono semplicemente ignorare o implementare casualmente l'IA nel loro lavoro quotidiano. Piuttosto, devono costruire processi attivi per realizzare il pieno potenziale dell'IA generativa e affrontare i rischi descritti, dato che molti dipendenti stanno gi\u00e0 utilizzando tali programmi\", afferma Marc Beierschoder, responsabile dell'offerta di intelligenza artificiale e dati di Deloitte Svizzera. \"Per molte aziende si tratter\u00e0 di un processo di apprendimento. Per prima cosa devono chiarire le basi legali e tecnologiche per garantire una gestione efficace dei rischi. Solo in un secondo momento si tratta di aumentare la produttivit\u00e0. Il passo finale consiste nel definire una strategia a lungo termine che vada oltre i benefici immediatamente visibili. Ci\u00f2 richiede investimenti considerevoli. Nel lungo periodo, per\u00f2, questo promette profitti molto pi\u00f9 elevati\".<\/p>\n<p>I benefici di un'implementazione sistematica vanno ben oltre i vantaggi immediatamente visibili: l'IA generativa ha il potenziale per rivoluzionare le offerte commerciali, co-creare nuovi prodotti e servizi o cambiare interi modelli di business.<\/p>\n<figure id=\"attachment_21475\" aria-describedby=\"caption-attachment-21475\" style=\"width: 680px\" class=\"wp-caption alignnone\"><img loading=\"lazy\" decoding=\"async\" class=\"size-full wp-image-21475\" src=\"https:\/\/www.organisator.ch\/wp-content\/uploads\/2023\/08\/KI-Einsatz-Furcht-vor-Jobverlust-bei-fast-der-Haelfte-der-Angestellten-2_Organisator.jpg\" alt=\"\" width=\"680\" height=\"331\" srcset=\"https:\/\/www.organisator.ch\/wp-content\/uploads\/2023\/08\/KI-Einsatz-Furcht-vor-Jobverlust-bei-fast-der-Haelfte-der-Angestellten-2_Organisator.jpg 680w, https:\/\/www.organisator.ch\/wp-content\/uploads\/2023\/08\/KI-Einsatz-Furcht-vor-Jobverlust-bei-fast-der-Haelfte-der-Angestellten-2_Organisator-18x9.jpg 18w, https:\/\/www.organisator.ch\/wp-content\/uploads\/2023\/08\/KI-Einsatz-Furcht-vor-Jobverlust-bei-fast-der-Haelfte-der-Angestellten-2_Organisator-375x183.jpg 375w\" sizes=\"auto, (max-width: 680px) 100vw, 680px\" \/><figcaption id=\"caption-attachment-21475\" class=\"wp-caption-text\">Molti dipendenti temono l'uso dell'IA perch\u00e9 potrebbe costare loro il posto di lavoro. (Grafico: Deloitte)<\/figcaption><\/figure>\n<h3>Paura diffusa di una potenziale perdita di posti di lavoro<\/h3>\n<p>A volte sono proprio queste efficienze e il cambiamento dei modelli di business a preoccupare molti dipendenti e utenti dell'IA. Poco meno della met\u00e0 di tutti gli intervistati (43%) dichiara di essere preoccupato di perdere il proprio lavoro a causa del crescente utilizzo di programmi di IA nei prossimi cinque anni. L'aspetto particolarmente interessante \u00e8 che i dipendenti che gi\u00e0 utilizzano pesantemente l'IA nel loro lavoro quotidiano sono molto pi\u00f9 preoccupati per il loro futuro professionale, con il 69%. Questo \u00e8 uno dei motivi per cui pi\u00f9 della met\u00e0 degli intervistati (54%) \u00e8 convinta di dover imparare a utilizzare i programmi di IA generativa. Tuttavia, i dipendenti non vedono se stessi come responsabili, ma soprattutto il datore di lavoro, che dovrebbe fornire loro le conoscenze necessarie attraverso la formazione e l'aggiornamento (48%). In questo caso c'\u00e8 un divario nelle aspettative: il 31% di tutti gli intervistati ha gi\u00e0 ricevuto supporto attivo o formazione dal proprio datore di lavoro.<\/p>\n<p>\"L'intelligenza artificiale generativa cambier\u00e0 radicalmente il mondo del lavoro nei prossimi anni. Sia per i dipendenti che per i datori di lavoro \u00e8 importante un approccio costruttivo al tema. I dipendenti beneficeranno in futuro di processi semplificati e di una maggiore efficienza. Da parte loro, tuttavia, le aziende hanno la responsabilit\u00e0 di affrontare le preoccupazioni relative all'impatto dell'IA sulla sicurezza del lavoro e di formare i propri dipendenti attraverso misure di formazione continua. Questo pu\u00f2 portare a nuove forme di collaborazione tra gli esseri umani e l'IA\", spiega Marc Beierschoder. \"Negli ecosistemi di IA progettati in modo costruttivo, i dipendenti non vengono semplicemente sostituiti dai programmi di IA. Piuttosto, i professionisti formati dall'IA utilizzano le loro conoscenze in modo mirato nel lavoro di tutti i giorni, contribuendo cos\u00ec attivamente alla strategia futura dell'azienda\".<\/p>","protected":false},"excerpt":{"rendered":"<p>Un'indagine condotta dalla societ\u00e0 di revisione e consulenza Deloitte mostra che il 61% di tutti gli intervistati che lavorano con un computer utilizza gi\u00e0 programmi di IA generativa nel proprio lavoro quotidiano, a volte all'insaputa dei propri superiori. Interessante: le persone che fanno un uso maggiore dell'IA generativa sono pi\u00f9 preoccupate per il futuro del loro lavoro.<\/p>","protected":false},"author":4,"featured_media":21475,"comment_status":"closed","ping_status":"closed","sticky":false,"template":"","format":"standard","meta":{"_acf_changed":false,"_yoast_wpseo_focuskw":"KI-Einsatz","_yoast_wpseo_metadesc":"Eine Umfrage \u00fcber den KI-Einsatz zeigt: Personen, die Generative KI verst\u00e4rkt nutzen, sorgen sich oft um die Zukunft ihres Arbeitsplatzes.","articlekey":"","footnotes":""},"categories":[28],"tags":[156,319,487],"class_list":["post-21473","post","type-post","status-publish","format-standard","has-post-thumbnail","hentry","category-management","tag-digitalisierung","tag-kuenstliche-intelligenz","tag-umfrage"],"acf":[],"yoast_head":"<!-- This site is optimized with the Yoast SEO plugin v27.4 - https:\/\/yoast.com\/product\/yoast-seo-wordpress\/ -->\n<title>KI-Einsatz: Furcht vor Jobverlust bei fast der H\u00e4lfte der Angestellten - Organisator<\/title>\n<meta name=\"description\" content=\"Eine Umfrage \u00fcber den KI-Einsatz zeigt: Personen, die Generative KI verst\u00e4rkt nutzen, sorgen sich oft um die Zukunft ihres Arbeitsplatzes.\" \/>\n<meta name=\"robots\" content=\"index, follow, max-snippet:-1, max-image-preview:large, max-video-preview:-1\" \/>\n<link rel=\"canonical\" href=\"https:\/\/www.organisator.ch\/it\/gestione-2\/2023-08-28\/ki-einsatz-furcht-vor-jobverlust-bei-fast-der-haelfte-der-angestellten\/\" \/>\n<meta property=\"og:locale\" content=\"it_IT\" \/>\n<meta property=\"og:type\" content=\"article\" \/>\n<meta property=\"og:title\" content=\"KI-Einsatz: Furcht vor Jobverlust bei fast der H\u00e4lfte der Angestellten\" \/>\n<meta property=\"og:description\" content=\"Eine Umfrage \u00fcber den KI-Einsatz zeigt: Personen, die Generative KI verst\u00e4rkt nutzen, sorgen sich oft um die Zukunft ihres Arbeitsplatzes.\" \/>\n<meta property=\"og:url\" content=\"https:\/\/www.organisator.ch\/it\/gestione-2\/2023-08-28\/ki-einsatz-furcht-vor-jobverlust-bei-fast-der-haelfte-der-angestellten\/\" \/>\n<meta property=\"og:site_name\" content=\"Organisator\" \/>\n<meta property=\"article:publisher\" content=\"https:\/\/www.facebook.com\/OrganisatorFachmagazin\" \/>\n<meta property=\"article:published_time\" content=\"2023-08-28T05:57:47+00:00\" \/>\n<meta property=\"og:image\" content=\"https:\/\/www.organisator.ch\/wp-content\/uploads\/2023\/08\/KI-Einsatz-Furcht-vor-Jobverlust-bei-fast-der-Haelfte-der-Angestellten-2_Organisator.jpg\" \/>\n\t<meta property=\"og:image:width\" content=\"680\" \/>\n\t<meta property=\"og:image:height\" content=\"331\" \/>\n\t<meta property=\"og:image:type\" content=\"image\/jpeg\" \/>\n<meta name=\"author\" content=\"thomas.berner\" \/>\n<meta name=\"twitter:card\" content=\"summary_large_image\" \/>\n<meta name=\"twitter:title\" content=\"#KI-Einsatz: Furcht vor #Jobverlust bei fast der H\u00e4lfte der Angestellten\" \/>\n<meta name=\"twitter:description\" content=\"Eine Umfrage \u00fcber den #KI-Einsatz zeigt: Personen, die Generative KI verst\u00e4rkt nutzen, sorgen sich oft um die Zukunft ihres Arbeitsplatzes.\" \/>\n<meta name=\"twitter:image\" content=\"https:\/\/www.organisator.ch\/wp-content\/uploads\/2023\/08\/KI-Einsatz-Furcht-vor-Jobverlust-bei-fast-der-Haelfte-der-Angestellten-2_Organisator.jpg\" \/>\n<script type=\"application\/ld+json\" class=\"yoast-schema-graph\">{\"@context\":\"https:\\\/\\\/schema.org\",\"@graph\":[{\"@type\":\"Article\",\"@id\":\"https:\\\/\\\/www.organisator.ch\\\/management\\\/2023-08-28\\\/ki-einsatz-furcht-vor-jobverlust-bei-fast-der-haelfte-der-angestellten\\\/#article\",\"isPartOf\":{\"@id\":\"https:\\\/\\\/www.organisator.ch\\\/management\\\/2023-08-28\\\/ki-einsatz-furcht-vor-jobverlust-bei-fast-der-haelfte-der-angestellten\\\/\"},\"author\":{\"name\":\"thomas.berner\",\"@id\":\"https:\\\/\\\/www.organisator.ch\\\/#\\\/schema\\\/person\\\/6f650f90b2842cd4c0cc334b4e36f67e\"},\"headline\":\"KI-Einsatz: Furcht vor Jobverlust bei fast der H\u00e4lfte der Angestellten\",\"datePublished\":\"2023-08-28T05:57:47+00:00\",\"mainEntityOfPage\":{\"@id\":\"https:\\\/\\\/www.organisator.ch\\\/management\\\/2023-08-28\\\/ki-einsatz-furcht-vor-jobverlust-bei-fast-der-haelfte-der-angestellten\\\/\"},\"wordCount\":913,\"publisher\":{\"@id\":\"https:\\\/\\\/www.organisator.ch\\\/#organization\"},\"image\":{\"@id\":\"https:\\\/\\\/www.organisator.ch\\\/management\\\/2023-08-28\\\/ki-einsatz-furcht-vor-jobverlust-bei-fast-der-haelfte-der-angestellten\\\/#primaryimage\"},\"thumbnailUrl\":\"https:\\\/\\\/www.organisator.ch\\\/wp-content\\\/uploads\\\/2023\\\/08\\\/KI-Einsatz-Furcht-vor-Jobverlust-bei-fast-der-Haelfte-der-Angestellten-2_Organisator.jpg\",\"keywords\":[\"Digitalisierung\",\"K\u00fcnstliche Intelligenz\",\"Umfrage\"],\"articleSection\":[\"MANAGEMENT\"],\"inLanguage\":\"it-IT\"},{\"@type\":\"WebPage\",\"@id\":\"https:\\\/\\\/www.organisator.ch\\\/management\\\/2023-08-28\\\/ki-einsatz-furcht-vor-jobverlust-bei-fast-der-haelfte-der-angestellten\\\/\",\"url\":\"https:\\\/\\\/www.organisator.ch\\\/management\\\/2023-08-28\\\/ki-einsatz-furcht-vor-jobverlust-bei-fast-der-haelfte-der-angestellten\\\/\",\"name\":\"KI-Einsatz: Furcht vor Jobverlust bei fast der H\u00e4lfte der Angestellten - Organisator\",\"isPartOf\":{\"@id\":\"https:\\\/\\\/www.organisator.ch\\\/#website\"},\"primaryImageOfPage\":{\"@id\":\"https:\\\/\\\/www.organisator.ch\\\/management\\\/2023-08-28\\\/ki-einsatz-furcht-vor-jobverlust-bei-fast-der-haelfte-der-angestellten\\\/#primaryimage\"},\"image\":{\"@id\":\"https:\\\/\\\/www.organisator.ch\\\/management\\\/2023-08-28\\\/ki-einsatz-furcht-vor-jobverlust-bei-fast-der-haelfte-der-angestellten\\\/#primaryimage\"},\"thumbnailUrl\":\"https:\\\/\\\/www.organisator.ch\\\/wp-content\\\/uploads\\\/2023\\\/08\\\/KI-Einsatz-Furcht-vor-Jobverlust-bei-fast-der-Haelfte-der-Angestellten-2_Organisator.jpg\",\"datePublished\":\"2023-08-28T05:57:47+00:00\",\"description\":\"Eine Umfrage \u00fcber den KI-Einsatz zeigt: Personen, die Generative KI verst\u00e4rkt nutzen, sorgen sich oft um die Zukunft ihres Arbeitsplatzes.\",\"breadcrumb\":{\"@id\":\"https:\\\/\\\/www.organisator.ch\\\/management\\\/2023-08-28\\\/ki-einsatz-furcht-vor-jobverlust-bei-fast-der-haelfte-der-angestellten\\\/#breadcrumb\"},\"inLanguage\":\"it-IT\",\"potentialAction\":[{\"@type\":\"ReadAction\",\"target\":[\"https:\\\/\\\/www.organisator.ch\\\/management\\\/2023-08-28\\\/ki-einsatz-furcht-vor-jobverlust-bei-fast-der-haelfte-der-angestellten\\\/\"]}]},{\"@type\":\"ImageObject\",\"inLanguage\":\"it-IT\",\"@id\":\"https:\\\/\\\/www.organisator.ch\\\/management\\\/2023-08-28\\\/ki-einsatz-furcht-vor-jobverlust-bei-fast-der-haelfte-der-angestellten\\\/#primaryimage\",\"url\":\"https:\\\/\\\/www.organisator.ch\\\/wp-content\\\/uploads\\\/2023\\\/08\\\/KI-Einsatz-Furcht-vor-Jobverlust-bei-fast-der-Haelfte-der-Angestellten-2_Organisator.jpg\",\"contentUrl\":\"https:\\\/\\\/www.organisator.ch\\\/wp-content\\\/uploads\\\/2023\\\/08\\\/KI-Einsatz-Furcht-vor-Jobverlust-bei-fast-der-Haelfte-der-Angestellten-2_Organisator.jpg\",\"width\":680,\"height\":331,\"caption\":\"Viele Mitarbeitende f\u00fcrchten den KI-Einsatz, weil er sie den Job kosten k\u00f6nnte. (Grafik: Deloitte)\"},{\"@type\":\"BreadcrumbList\",\"@id\":\"https:\\\/\\\/www.organisator.ch\\\/management\\\/2023-08-28\\\/ki-einsatz-furcht-vor-jobverlust-bei-fast-der-haelfte-der-angestellten\\\/#breadcrumb\",\"itemListElement\":[{\"@type\":\"ListItem\",\"position\":1,\"name\":\"Home\",\"item\":\"https:\\\/\\\/www.organisator.ch\\\/\"},{\"@type\":\"ListItem\",\"position\":2,\"name\":\"KI-Einsatz: Furcht vor Jobverlust bei fast der H\u00e4lfte der Angestellten\"}]},{\"@type\":\"WebSite\",\"@id\":\"https:\\\/\\\/www.organisator.ch\\\/#website\",\"url\":\"https:\\\/\\\/www.organisator.ch\\\/\",\"name\":\"Organisator\",\"description\":\"Kompetent. Praxisnah. Der ORGANISATOR bereitet in 10 Ausgaben pro Jahr die wesentlichen Themen f\u00fcr F\u00fchrungskr\u00e4fte von KMU auf.\",\"publisher\":{\"@id\":\"https:\\\/\\\/www.organisator.ch\\\/#organization\"},\"potentialAction\":[{\"@type\":\"SearchAction\",\"target\":{\"@type\":\"EntryPoint\",\"urlTemplate\":\"https:\\\/\\\/www.organisator.ch\\\/?s={search_term_string}\"},\"query-input\":{\"@type\":\"PropertyValueSpecification\",\"valueRequired\":true,\"valueName\":\"search_term_string\"}}],\"inLanguage\":\"it-IT\"},{\"@type\":\"Organization\",\"@id\":\"https:\\\/\\\/www.organisator.ch\\\/#organization\",\"name\":\"Organisator\",\"url\":\"https:\\\/\\\/www.organisator.ch\\\/\",\"logo\":{\"@type\":\"ImageObject\",\"inLanguage\":\"it-IT\",\"@id\":\"https:\\\/\\\/www.organisator.ch\\\/#\\\/schema\\\/logo\\\/image\\\/\",\"url\":\"https:\\\/\\\/www.organisator.ch\\\/wp-content\\\/uploads\\\/2022\\\/01\\\/Logo_Organisator_Website.png\",\"contentUrl\":\"https:\\\/\\\/www.organisator.ch\\\/wp-content\\\/uploads\\\/2022\\\/01\\\/Logo_Organisator_Website.png\",\"width\":800,\"height\":77,\"caption\":\"Organisator\"},\"image\":{\"@id\":\"https:\\\/\\\/www.organisator.ch\\\/#\\\/schema\\\/logo\\\/image\\\/\"},\"sameAs\":[\"https:\\\/\\\/www.facebook.com\\\/OrganisatorFachmagazin\",\"https:\\\/\\\/www.linkedin.com\\\/showcase\\\/organisator-das-magazin-fr-kmu\",\"https:\\\/\\\/www.xing.com\\\/news\\\/pages\\\/organisator-ch-695\",\"https:\\\/\\\/www.youtube.com\\\/channel\\\/UCGP2Sq0iWaZwT3BdIAQFYpw\"]},{\"@type\":\"Person\",\"@id\":\"https:\\\/\\\/www.organisator.ch\\\/#\\\/schema\\\/person\\\/6f650f90b2842cd4c0cc334b4e36f67e\",\"name\":\"thomas.berner\",\"image\":{\"@type\":\"ImageObject\",\"inLanguage\":\"it-IT\",\"@id\":\"https:\\\/\\\/secure.gravatar.com\\\/avatar\\\/ac5001d2a36cb6c6cd3e50789007ffca834b477b74a2144564522e944eabff61?s=96&d=mm&r=g\",\"url\":\"https:\\\/\\\/secure.gravatar.com\\\/avatar\\\/ac5001d2a36cb6c6cd3e50789007ffca834b477b74a2144564522e944eabff61?s=96&d=mm&r=g\",\"contentUrl\":\"https:\\\/\\\/secure.gravatar.com\\\/avatar\\\/ac5001d2a36cb6c6cd3e50789007ffca834b477b74a2144564522e944eabff61?s=96&d=mm&r=g\",\"caption\":\"thomas.berner\"},\"url\":\"https:\\\/\\\/www.organisator.ch\\\/it\\\/author\\\/thomas-berner\\\/\"}]}<\/script>\n<!-- \/ Yoast SEO plugin. -->","yoast_head_json":{"title":"Impiego dell'AI: paura di perdere il lavoro per quasi la met\u00e0 dei dipendenti - Organizzatore","description":"Un sondaggio sull'uso dell'IA mostra che le persone che utilizzano l'IA generativa si preoccupano pi\u00f9 spesso del futuro del loro lavoro.","robots":{"index":"index","follow":"follow","max-snippet":"max-snippet:-1","max-image-preview":"max-image-preview:large","max-video-preview":"max-video-preview:-1"},"canonical":"https:\/\/www.organisator.ch\/it\/gestione-2\/2023-08-28\/ki-einsatz-furcht-vor-jobverlust-bei-fast-der-haelfte-der-angestellten\/","og_locale":"it_IT","og_type":"article","og_title":"KI-Einsatz: Furcht vor Jobverlust bei fast der H\u00e4lfte der Angestellten","og_description":"Eine Umfrage \u00fcber den KI-Einsatz zeigt: Personen, die Generative KI verst\u00e4rkt nutzen, sorgen sich oft um die Zukunft ihres Arbeitsplatzes.","og_url":"https:\/\/www.organisator.ch\/it\/gestione-2\/2023-08-28\/ki-einsatz-furcht-vor-jobverlust-bei-fast-der-haelfte-der-angestellten\/","og_site_name":"Organisator","article_publisher":"https:\/\/www.facebook.com\/OrganisatorFachmagazin","article_published_time":"2023-08-28T05:57:47+00:00","og_image":[{"width":680,"height":331,"url":"https:\/\/www.organisator.ch\/wp-content\/uploads\/2023\/08\/KI-Einsatz-Furcht-vor-Jobverlust-bei-fast-der-Haelfte-der-Angestellten-2_Organisator.jpg","type":"image\/jpeg"}],"author":"thomas.berner","twitter_card":"summary_large_image","twitter_title":"#KI-Einsatz: Furcht vor #Jobverlust bei fast der H\u00e4lfte der Angestellten","twitter_description":"Eine Umfrage \u00fcber den #KI-Einsatz zeigt: Personen, die Generative KI verst\u00e4rkt nutzen, sorgen sich oft um die Zukunft ihres Arbeitsplatzes.","twitter_image":"https:\/\/www.organisator.ch\/wp-content\/uploads\/2023\/08\/KI-Einsatz-Furcht-vor-Jobverlust-bei-fast-der-Haelfte-der-Angestellten-2_Organisator.jpg","schema":{"@context":"https:\/\/schema.org","@graph":[{"@type":"Article","@id":"https:\/\/www.organisator.ch\/management\/2023-08-28\/ki-einsatz-furcht-vor-jobverlust-bei-fast-der-haelfte-der-angestellten\/#article","isPartOf":{"@id":"https:\/\/www.organisator.ch\/management\/2023-08-28\/ki-einsatz-furcht-vor-jobverlust-bei-fast-der-haelfte-der-angestellten\/"},"author":{"name":"thomas.berner","@id":"https:\/\/www.organisator.ch\/#\/schema\/person\/6f650f90b2842cd4c0cc334b4e36f67e"},"headline":"KI-Einsatz: Furcht vor Jobverlust bei fast der H\u00e4lfte der Angestellten","datePublished":"2023-08-28T05:57:47+00:00","mainEntityOfPage":{"@id":"https:\/\/www.organisator.ch\/management\/2023-08-28\/ki-einsatz-furcht-vor-jobverlust-bei-fast-der-haelfte-der-angestellten\/"},"wordCount":913,"publisher":{"@id":"https:\/\/www.organisator.ch\/#organization"},"image":{"@id":"https:\/\/www.organisator.ch\/management\/2023-08-28\/ki-einsatz-furcht-vor-jobverlust-bei-fast-der-haelfte-der-angestellten\/#primaryimage"},"thumbnailUrl":"https:\/\/www.organisator.ch\/wp-content\/uploads\/2023\/08\/KI-Einsatz-Furcht-vor-Jobverlust-bei-fast-der-Haelfte-der-Angestellten-2_Organisator.jpg","keywords":["Digitalisierung","K\u00fcnstliche Intelligenz","Umfrage"],"articleSection":["MANAGEMENT"],"inLanguage":"it-IT"},{"@type":"WebPage","@id":"https:\/\/www.organisator.ch\/management\/2023-08-28\/ki-einsatz-furcht-vor-jobverlust-bei-fast-der-haelfte-der-angestellten\/","url":"https:\/\/www.organisator.ch\/management\/2023-08-28\/ki-einsatz-furcht-vor-jobverlust-bei-fast-der-haelfte-der-angestellten\/","name":"Impiego dell'AI: paura di perdere il lavoro per quasi la met\u00e0 dei dipendenti - Organizzatore","isPartOf":{"@id":"https:\/\/www.organisator.ch\/#website"},"primaryImageOfPage":{"@id":"https:\/\/www.organisator.ch\/management\/2023-08-28\/ki-einsatz-furcht-vor-jobverlust-bei-fast-der-haelfte-der-angestellten\/#primaryimage"},"image":{"@id":"https:\/\/www.organisator.ch\/management\/2023-08-28\/ki-einsatz-furcht-vor-jobverlust-bei-fast-der-haelfte-der-angestellten\/#primaryimage"},"thumbnailUrl":"https:\/\/www.organisator.ch\/wp-content\/uploads\/2023\/08\/KI-Einsatz-Furcht-vor-Jobverlust-bei-fast-der-Haelfte-der-Angestellten-2_Organisator.jpg","datePublished":"2023-08-28T05:57:47+00:00","description":"Un sondaggio sull'uso dell'IA mostra che le persone che utilizzano l'IA generativa si preoccupano pi\u00f9 spesso del futuro del loro lavoro.","breadcrumb":{"@id":"https:\/\/www.organisator.ch\/management\/2023-08-28\/ki-einsatz-furcht-vor-jobverlust-bei-fast-der-haelfte-der-angestellten\/#breadcrumb"},"inLanguage":"it-IT","potentialAction":[{"@type":"ReadAction","target":["https:\/\/www.organisator.ch\/management\/2023-08-28\/ki-einsatz-furcht-vor-jobverlust-bei-fast-der-haelfte-der-angestellten\/"]}]},{"@type":"ImageObject","inLanguage":"it-IT","@id":"https:\/\/www.organisator.ch\/management\/2023-08-28\/ki-einsatz-furcht-vor-jobverlust-bei-fast-der-haelfte-der-angestellten\/#primaryimage","url":"https:\/\/www.organisator.ch\/wp-content\/uploads\/2023\/08\/KI-Einsatz-Furcht-vor-Jobverlust-bei-fast-der-Haelfte-der-Angestellten-2_Organisator.jpg","contentUrl":"https:\/\/www.organisator.ch\/wp-content\/uploads\/2023\/08\/KI-Einsatz-Furcht-vor-Jobverlust-bei-fast-der-Haelfte-der-Angestellten-2_Organisator.jpg","width":680,"height":331,"caption":"Viele Mitarbeitende f\u00fcrchten den KI-Einsatz, weil er sie den Job kosten k\u00f6nnte. (Grafik: Deloitte)"},{"@type":"BreadcrumbList","@id":"https:\/\/www.organisator.ch\/management\/2023-08-28\/ki-einsatz-furcht-vor-jobverlust-bei-fast-der-haelfte-der-angestellten\/#breadcrumb","itemListElement":[{"@type":"ListItem","position":1,"name":"Home","item":"https:\/\/www.organisator.ch\/"},{"@type":"ListItem","position":2,"name":"KI-Einsatz: Furcht vor Jobverlust bei fast der H\u00e4lfte der Angestellten"}]},{"@type":"WebSite","@id":"https:\/\/www.organisator.ch\/#website","url":"https:\/\/www.organisator.ch\/","name":"Organizzatore","description":"Competente. Pratico. In 10 numeri all'anno, ORGANISATOR presenta i temi essenziali per i manager delle PMI.","publisher":{"@id":"https:\/\/www.organisator.ch\/#organization"},"potentialAction":[{"@type":"SearchAction","target":{"@type":"EntryPoint","urlTemplate":"https:\/\/www.organisator.ch\/?s={search_term_string}"},"query-input":{"@type":"PropertyValueSpecification","valueRequired":true,"valueName":"search_term_string"}}],"inLanguage":"it-IT"},{"@type":"Organization","@id":"https:\/\/www.organisator.ch\/#organization","name":"Organizzatore","url":"https:\/\/www.organisator.ch\/","logo":{"@type":"ImageObject","inLanguage":"it-IT","@id":"https:\/\/www.organisator.ch\/#\/schema\/logo\/image\/","url":"https:\/\/www.organisator.ch\/wp-content\/uploads\/2022\/01\/Logo_Organisator_Website.png","contentUrl":"https:\/\/www.organisator.ch\/wp-content\/uploads\/2022\/01\/Logo_Organisator_Website.png","width":800,"height":77,"caption":"Organisator"},"image":{"@id":"https:\/\/www.organisator.ch\/#\/schema\/logo\/image\/"},"sameAs":["https:\/\/www.facebook.com\/OrganisatorFachmagazin","https:\/\/www.linkedin.com\/showcase\/organisator-das-magazin-fr-kmu","https:\/\/www.xing.com\/news\/pages\/organisator-ch-695","https:\/\/www.youtube.com\/channel\/UCGP2Sq0iWaZwT3BdIAQFYpw"]},{"@type":"Person","@id":"https:\/\/www.organisator.ch\/#\/schema\/person\/6f650f90b2842cd4c0cc334b4e36f67e","name":"Tommaso.berner","image":{"@type":"ImageObject","inLanguage":"it-IT","@id":"https:\/\/secure.gravatar.com\/avatar\/ac5001d2a36cb6c6cd3e50789007ffca834b477b74a2144564522e944eabff61?s=96&d=mm&r=g","url":"https:\/\/secure.gravatar.com\/avatar\/ac5001d2a36cb6c6cd3e50789007ffca834b477b74a2144564522e944eabff61?s=96&d=mm&r=g","contentUrl":"https:\/\/secure.gravatar.com\/avatar\/ac5001d2a36cb6c6cd3e50789007ffca834b477b74a2144564522e944eabff61?s=96&d=mm&r=g","caption":"thomas.berner"},"url":"https:\/\/www.organisator.ch\/it\/author\/thomas-berner\/"}]}},"_links":{"self":[{"href":"https:\/\/www.organisator.ch\/it\/wp-json\/wp\/v2\/posts\/21473","targetHints":{"allow":["GET"]}}],"collection":[{"href":"https:\/\/www.organisator.ch\/it\/wp-json\/wp\/v2\/posts"}],"about":[{"href":"https:\/\/www.organisator.ch\/it\/wp-json\/wp\/v2\/types\/post"}],"author":[{"embeddable":true,"href":"https:\/\/www.organisator.ch\/it\/wp-json\/wp\/v2\/users\/4"}],"replies":[{"embeddable":true,"href":"https:\/\/www.organisator.ch\/it\/wp-json\/wp\/v2\/comments?post=21473"}],"version-history":[{"count":1,"href":"https:\/\/www.organisator.ch\/it\/wp-json\/wp\/v2\/posts\/21473\/revisions"}],"predecessor-version":[{"id":21476,"href":"https:\/\/www.organisator.ch\/it\/wp-json\/wp\/v2\/posts\/21473\/revisions\/21476"}],"wp:featuredmedia":[{"embeddable":true,"href":"https:\/\/www.organisator.ch\/it\/wp-json\/wp\/v2\/media\/21475"}],"wp:attachment":[{"href":"https:\/\/www.organisator.ch\/it\/wp-json\/wp\/v2\/media?parent=21473"}],"wp:term":[{"taxonomy":"category","embeddable":true,"href":"https:\/\/www.organisator.ch\/it\/wp-json\/wp\/v2\/categories?post=21473"},{"taxonomy":"post_tag","embeddable":true,"href":"https:\/\/www.organisator.ch\/it\/wp-json\/wp\/v2\/tags?post=21473"}],"curies":[{"name":"wp","href":"https:\/\/api.w.org\/{rel}","templated":true}]}}