{"id":21500,"date":"2023-08-29T13:39:08","date_gmt":"2023-08-29T11:39:08","guid":{"rendered":"https:\/\/www.organisator.ch\/?p=21500"},"modified":"2023-08-29T13:39:08","modified_gmt":"2023-08-29T11:39:08","slug":"zentrum-fuer-innovation-und-digitalisierung-lanciert-usaccelerator-programm","status":"publish","type":"post","link":"https:\/\/www.organisator.ch\/it\/management\/2023-08-29\/zentrum-fuer-innovation-und-digitalisierung-lanciert-usaccelerator-programm\/","title":{"rendered":"Il Centro per l'innovazione e la digitalizzazione lancia il programma USAccelerator"},"content":{"rendered":"<figure id=\"attachment_21501\" aria-describedby=\"caption-attachment-21501\" style=\"width: 680px\" class=\"wp-caption alignnone\"><img loading=\"lazy\" decoding=\"async\" class=\"size-full wp-image-21501\" src=\"https:\/\/www.organisator.ch\/wp-content\/uploads\/2023\/08\/Zentrum-fuer-Innovation-und-Digitalisierung-lanciert-USAccelerator-Programm_Organisator.jpg\" alt=\"\" width=\"680\" height=\"455\" srcset=\"https:\/\/www.organisator.ch\/wp-content\/uploads\/2023\/08\/Zentrum-fuer-Innovation-und-Digitalisierung-lanciert-USAccelerator-Programm_Organisator.jpg 680w, https:\/\/www.organisator.ch\/wp-content\/uploads\/2023\/08\/Zentrum-fuer-Innovation-und-Digitalisierung-lanciert-USAccelerator-Programm_Organisator-18x12.jpg 18w, https:\/\/www.organisator.ch\/wp-content\/uploads\/2023\/08\/Zentrum-fuer-Innovation-und-Digitalisierung-lanciert-USAccelerator-Programm_Organisator-375x251.jpg 375w, https:\/\/www.organisator.ch\/wp-content\/uploads\/2023\/08\/Zentrum-fuer-Innovation-und-Digitalisierung-lanciert-USAccelerator-Programm_Organisator-523x350.jpg 523w\" sizes=\"auto, (max-width: 680px) 100vw, 680px\" \/><figcaption id=\"caption-attachment-21501\" class=\"wp-caption-text\">Il programma svizzero USAccelerator sostiene le start-up e le PMI nella loro internazionalizzazione. (Immagine: Screenshot zid-bernapark.ch)<\/figcaption><\/figure>\n<p>A partire dal 4 settembre 2023, le aziende svizzere che puntano all'espansione globale avranno una nuova opportunit\u00e0: il programma Swiss USAccelerator sar\u00e0 lanciato presso il Centro per l'innovazione e la digitalizzazione (ZID) di Bernapark a Deisswil, Berna. Lo ZID offre alle giovani aziende, alle start-up e alle PMI un ambiente dinamico per lo scambio creativo e i processi di lavoro innovativi. Il lancio del nuovo programma si inserisce quindi negli sforzi dello ZID per creare impulsi per innovazioni che si sviluppino in modelli di business di successo a lungo termine.<\/p>\n<h3>Facilitare l'accesso al mercato statunitense<\/h3>\n<p>Il programma SWISS USAccelerator si concentra principalmente sugli Stati Uniti, uno dei mercati pi\u00f9 importanti al mondo per le aziende. Il lancio di questo programma avviene con l'obiettivo di offrire un supporto concreto alle aziende che vogliono avventurarsi nei mercati internazionali. Una caratteristica fondamentale del programma \u00e8 la fornitura di risorse e reti preziose che facilitano il processo di espansione e fanno risparmiare tempo alle aziende partecipanti.<\/p>\n<p>Ad oggi, molte start-up e PMI svizzere non stanno ancora sfruttando appieno il loro potenziale su scala globale. Gli esperti concordano sul fatto che limitarsi alla regione di lingua tedesca pu\u00f2 essere un ostacolo al loro successo a lungo termine. \u00c8 quindi essenziale superare questa sfida apparentemente rischiosa attraverso un sostegno mirato. \u00c8 proprio qui che entra in gioco lo Swiss USAccelerator. \u00c8 stato sviluppato per eliminare questi ostacoli e offrire alle start-up e alle PMI svizzere l'opportunit\u00e0 di realizzare il loro pieno potenziale di mercato e di farsi strada nei mercati globali. \"L'importanza della collaborazione tra i fornitori di servizi su entrambe le sponde dell'Atlantico e del trasferimento di conoscenze non pu\u00f2 essere sopravvalutata. Queste collaborazioni svolgono un ruolo fondamentale nel sostenere le aziende partecipanti e la loro espansione di successo nei mercati globali\", afferma Kaspar Zimmerli, uno dei principali responsabili del programma.<\/p>\n<h3>Una pietra miliare per la scena svizzera delle start-up e delle PMI<\/h3>\n<p>Il lancio ufficiale del programma USAccelerator segna una tappa significativa nell'ulteriore sviluppo della scena svizzera delle start-up e delle PMI. Con questo programma si apre una nuova era di opportunit\u00e0 che consentir\u00e0 alle aziende di superare i confini precedenti e di raggiungere i propri obiettivi a livello internazionale\", si legge nel comunicato.<\/p>\n<p>L'evento di avvio del programma USAccelerator si terr\u00e0 il 4 settembre dalle 16.30 alle 18.00. L'evento promette un programma stimolante di presentazioni, discussioni e opportunit\u00e0 di networking per dare alle aziende partecipanti il miglior inizio possibile al loro percorso di espansione.<\/p>\n<p><em><a href=\"https:\/\/zid-bernapark.ch\/angebote\/swissusaccelerator\/\">Ulteriori informazioni<\/a><\/em><\/p>","protected":false},"excerpt":{"rendered":"<p>Il 4 settembre, il programma SWISS USAccelerator sar\u00e0 lanciato con un evento di avvio presso il Centro per l'innovazione e la digitalizzazione (ZID) al Bernapark di Deisswil. Questa iniziativa offre alle aziende svizzere l'opportunit\u00e0 di espandere il proprio raggio d'azione nei maggiori mercati internazionali e di ottenere un successo sostenibile.<\/p>","protected":false},"author":4,"featured_media":21501,"comment_status":"closed","ping_status":"closed","sticky":false,"template":"","format":"standard","meta":{"_acf_changed":false,"_yoast_wpseo_focuskw":"USAccelerator","_yoast_wpseo_metadesc":"Am 4. September wird das SWISS USAccelerator Programm im Zentrum f\u00fcr Innovation und Digitalisierung (ZID) im Bernapark in Deisswil lanciert.","articlekey":"","footnotes":""},"categories":[28],"tags":[1416,280,451],"class_list":["post-21500","post","type-post","status-publish","format-standard","has-post-thumbnail","hentry","category-management","tag-innovationsfoerderung","tag-internationalisierung","tag-startups"],"acf":[],"yoast_head":"<!-- This site is optimized with the Yoast SEO plugin v27.5 - https:\/\/yoast.com\/product\/yoast-seo-wordpress\/ -->\n<title>Zentrum f\u00fcr Innovation und Digitalisierung lanciert USAccelerator Programm - Organisator<\/title>\n<meta name=\"description\" content=\"Am 4. September wird das SWISS USAccelerator Programm im Zentrum f\u00fcr Innovation und Digitalisierung (ZID) im Bernapark in Deisswil lanciert.\" \/>\n<meta name=\"robots\" content=\"index, follow, max-snippet:-1, max-image-preview:large, max-video-preview:-1\" \/>\n<link rel=\"canonical\" href=\"https:\/\/www.organisator.ch\/it\/gestione-2\/2023-08-29\/zentrum-fuer-innovation-und-digitalisierung-lanciert-usaccelerator-programm\/\" \/>\n<meta property=\"og:locale\" content=\"it_IT\" \/>\n<meta property=\"og:type\" content=\"article\" \/>\n<meta property=\"og:title\" content=\"Zentrum f\u00fcr Innovation und Digitalisierung lanciert USAccelerator Programm\" \/>\n<meta property=\"og:description\" content=\"Am 4. September wird das SWISS USAccelerator Programm im Zentrum f\u00fcr Innovation und Digitalisierung (ZID) im Bernapark in Deisswil lanciert.\" \/>\n<meta property=\"og:url\" content=\"https:\/\/www.organisator.ch\/it\/gestione-2\/2023-08-29\/zentrum-fuer-innovation-und-digitalisierung-lanciert-usaccelerator-programm\/\" \/>\n<meta property=\"og:site_name\" content=\"Organisator\" \/>\n<meta property=\"article:publisher\" content=\"https:\/\/www.facebook.com\/OrganisatorFachmagazin\" \/>\n<meta property=\"article:published_time\" content=\"2023-08-29T11:39:08+00:00\" \/>\n<meta property=\"og:image\" content=\"https:\/\/www.organisator.ch\/wp-content\/uploads\/2023\/08\/Zentrum-fuer-Innovation-und-Digitalisierung-lanciert-USAccelerator-Programm_Organisator.jpg\" \/>\n\t<meta property=\"og:image:width\" content=\"680\" \/>\n\t<meta property=\"og:image:height\" content=\"455\" \/>\n\t<meta property=\"og:image:type\" content=\"image\/jpeg\" \/>\n<meta name=\"author\" content=\"thomas.berner\" \/>\n<meta name=\"twitter:card\" content=\"summary_large_image\" \/>\n<meta name=\"twitter:title\" content=\"Zentrum f\u00fcr Innovation und Digitalisierung lanciert #USAccelerator Programm\" \/>\n<meta name=\"twitter:description\" content=\"Am 4. September wird das SWISS #USAccelerator Programm im Zentrum f\u00fcr Innovation und Digitalisierung (#ZID) im #Bernapark in Deisswil lanciert.\" \/>\n<meta name=\"twitter:image\" content=\"https:\/\/www.organisator.ch\/wp-content\/uploads\/2023\/08\/Zentrum-fuer-Innovation-und-Digitalisierung-lanciert-USAccelerator-Programm_Organisator.jpg\" \/>\n<script type=\"application\/ld+json\" class=\"yoast-schema-graph\">{\"@context\":\"https:\\\/\\\/schema.org\",\"@graph\":[{\"@type\":\"Article\",\"@id\":\"https:\\\/\\\/www.organisator.ch\\\/management\\\/2023-08-29\\\/zentrum-fuer-innovation-und-digitalisierung-lanciert-usaccelerator-programm\\\/#article\",\"isPartOf\":{\"@id\":\"https:\\\/\\\/www.organisator.ch\\\/management\\\/2023-08-29\\\/zentrum-fuer-innovation-und-digitalisierung-lanciert-usaccelerator-programm\\\/\"},\"author\":{\"name\":\"thomas.berner\",\"@id\":\"https:\\\/\\\/www.organisator.ch\\\/#\\\/schema\\\/person\\\/6f650f90b2842cd4c0cc334b4e36f67e\"},\"headline\":\"Zentrum f\u00fcr Innovation und Digitalisierung lanciert USAccelerator Programm\",\"datePublished\":\"2023-08-29T11:39:08+00:00\",\"mainEntityOfPage\":{\"@id\":\"https:\\\/\\\/www.organisator.ch\\\/management\\\/2023-08-29\\\/zentrum-fuer-innovation-und-digitalisierung-lanciert-usaccelerator-programm\\\/\"},\"wordCount\":430,\"publisher\":{\"@id\":\"https:\\\/\\\/www.organisator.ch\\\/#organization\"},\"image\":{\"@id\":\"https:\\\/\\\/www.organisator.ch\\\/management\\\/2023-08-29\\\/zentrum-fuer-innovation-und-digitalisierung-lanciert-usaccelerator-programm\\\/#primaryimage\"},\"thumbnailUrl\":\"https:\\\/\\\/www.organisator.ch\\\/wp-content\\\/uploads\\\/2023\\\/08\\\/Zentrum-fuer-Innovation-und-Digitalisierung-lanciert-USAccelerator-Programm_Organisator.jpg\",\"keywords\":[\"Innovationsf\u00f6rderung\",\"Internationalisierung\",\"Startups\"],\"articleSection\":[\"MANAGEMENT\"],\"inLanguage\":\"it-IT\"},{\"@type\":\"WebPage\",\"@id\":\"https:\\\/\\\/www.organisator.ch\\\/management\\\/2023-08-29\\\/zentrum-fuer-innovation-und-digitalisierung-lanciert-usaccelerator-programm\\\/\",\"url\":\"https:\\\/\\\/www.organisator.ch\\\/management\\\/2023-08-29\\\/zentrum-fuer-innovation-und-digitalisierung-lanciert-usaccelerator-programm\\\/\",\"name\":\"Zentrum f\u00fcr Innovation und Digitalisierung lanciert USAccelerator Programm - Organisator\",\"isPartOf\":{\"@id\":\"https:\\\/\\\/www.organisator.ch\\\/#website\"},\"primaryImageOfPage\":{\"@id\":\"https:\\\/\\\/www.organisator.ch\\\/management\\\/2023-08-29\\\/zentrum-fuer-innovation-und-digitalisierung-lanciert-usaccelerator-programm\\\/#primaryimage\"},\"image\":{\"@id\":\"https:\\\/\\\/www.organisator.ch\\\/management\\\/2023-08-29\\\/zentrum-fuer-innovation-und-digitalisierung-lanciert-usaccelerator-programm\\\/#primaryimage\"},\"thumbnailUrl\":\"https:\\\/\\\/www.organisator.ch\\\/wp-content\\\/uploads\\\/2023\\\/08\\\/Zentrum-fuer-Innovation-und-Digitalisierung-lanciert-USAccelerator-Programm_Organisator.jpg\",\"datePublished\":\"2023-08-29T11:39:08+00:00\",\"description\":\"Am 4. September wird das SWISS USAccelerator Programm im Zentrum f\u00fcr Innovation und Digitalisierung (ZID) im Bernapark in Deisswil lanciert.\",\"breadcrumb\":{\"@id\":\"https:\\\/\\\/www.organisator.ch\\\/management\\\/2023-08-29\\\/zentrum-fuer-innovation-und-digitalisierung-lanciert-usaccelerator-programm\\\/#breadcrumb\"},\"inLanguage\":\"it-IT\",\"potentialAction\":[{\"@type\":\"ReadAction\",\"target\":[\"https:\\\/\\\/www.organisator.ch\\\/management\\\/2023-08-29\\\/zentrum-fuer-innovation-und-digitalisierung-lanciert-usaccelerator-programm\\\/\"]}]},{\"@type\":\"ImageObject\",\"inLanguage\":\"it-IT\",\"@id\":\"https:\\\/\\\/www.organisator.ch\\\/management\\\/2023-08-29\\\/zentrum-fuer-innovation-und-digitalisierung-lanciert-usaccelerator-programm\\\/#primaryimage\",\"url\":\"https:\\\/\\\/www.organisator.ch\\\/wp-content\\\/uploads\\\/2023\\\/08\\\/Zentrum-fuer-Innovation-und-Digitalisierung-lanciert-USAccelerator-Programm_Organisator.jpg\",\"contentUrl\":\"https:\\\/\\\/www.organisator.ch\\\/wp-content\\\/uploads\\\/2023\\\/08\\\/Zentrum-fuer-Innovation-und-Digitalisierung-lanciert-USAccelerator-Programm_Organisator.jpg\",\"width\":680,\"height\":455,\"caption\":\"Das Swiss USAccelerator Programm unterst\u00fctzt Startups und KMU bei der Internationalisierung. (Bild: Screenshot zid-bernapark.ch)\"},{\"@type\":\"BreadcrumbList\",\"@id\":\"https:\\\/\\\/www.organisator.ch\\\/management\\\/2023-08-29\\\/zentrum-fuer-innovation-und-digitalisierung-lanciert-usaccelerator-programm\\\/#breadcrumb\",\"itemListElement\":[{\"@type\":\"ListItem\",\"position\":1,\"name\":\"Home\",\"item\":\"https:\\\/\\\/www.organisator.ch\\\/\"},{\"@type\":\"ListItem\",\"position\":2,\"name\":\"Zentrum f\u00fcr Innovation und Digitalisierung lanciert USAccelerator Programm\"}]},{\"@type\":\"WebSite\",\"@id\":\"https:\\\/\\\/www.organisator.ch\\\/#website\",\"url\":\"https:\\\/\\\/www.organisator.ch\\\/\",\"name\":\"Organisator\",\"description\":\"Kompetent. Praxisnah. Der ORGANISATOR bereitet in 10 Ausgaben pro Jahr die wesentlichen Themen f\u00fcr F\u00fchrungskr\u00e4fte von KMU auf.\",\"publisher\":{\"@id\":\"https:\\\/\\\/www.organisator.ch\\\/#organization\"},\"potentialAction\":[{\"@type\":\"SearchAction\",\"target\":{\"@type\":\"EntryPoint\",\"urlTemplate\":\"https:\\\/\\\/www.organisator.ch\\\/?s={search_term_string}\"},\"query-input\":{\"@type\":\"PropertyValueSpecification\",\"valueRequired\":true,\"valueName\":\"search_term_string\"}}],\"inLanguage\":\"it-IT\"},{\"@type\":\"Organization\",\"@id\":\"https:\\\/\\\/www.organisator.ch\\\/#organization\",\"name\":\"Organisator\",\"url\":\"https:\\\/\\\/www.organisator.ch\\\/\",\"logo\":{\"@type\":\"ImageObject\",\"inLanguage\":\"it-IT\",\"@id\":\"https:\\\/\\\/www.organisator.ch\\\/#\\\/schema\\\/logo\\\/image\\\/\",\"url\":\"https:\\\/\\\/www.organisator.ch\\\/wp-content\\\/uploads\\\/2022\\\/01\\\/Logo_Organisator_Website.png\",\"contentUrl\":\"https:\\\/\\\/www.organisator.ch\\\/wp-content\\\/uploads\\\/2022\\\/01\\\/Logo_Organisator_Website.png\",\"width\":800,\"height\":77,\"caption\":\"Organisator\"},\"image\":{\"@id\":\"https:\\\/\\\/www.organisator.ch\\\/#\\\/schema\\\/logo\\\/image\\\/\"},\"sameAs\":[\"https:\\\/\\\/www.facebook.com\\\/OrganisatorFachmagazin\",\"https:\\\/\\\/www.linkedin.com\\\/showcase\\\/organisator-das-magazin-fr-kmu\",\"https:\\\/\\\/www.xing.com\\\/news\\\/pages\\\/organisator-ch-695\",\"https:\\\/\\\/www.youtube.com\\\/channel\\\/UCGP2Sq0iWaZwT3BdIAQFYpw\"]},{\"@type\":\"Person\",\"@id\":\"https:\\\/\\\/www.organisator.ch\\\/#\\\/schema\\\/person\\\/6f650f90b2842cd4c0cc334b4e36f67e\",\"name\":\"thomas.berner\",\"image\":{\"@type\":\"ImageObject\",\"inLanguage\":\"it-IT\",\"@id\":\"https:\\\/\\\/secure.gravatar.com\\\/avatar\\\/ac5001d2a36cb6c6cd3e50789007ffca834b477b74a2144564522e944eabff61?s=96&d=mm&r=g\",\"url\":\"https:\\\/\\\/secure.gravatar.com\\\/avatar\\\/ac5001d2a36cb6c6cd3e50789007ffca834b477b74a2144564522e944eabff61?s=96&d=mm&r=g\",\"contentUrl\":\"https:\\\/\\\/secure.gravatar.com\\\/avatar\\\/ac5001d2a36cb6c6cd3e50789007ffca834b477b74a2144564522e944eabff61?s=96&d=mm&r=g\",\"caption\":\"thomas.berner\"},\"url\":\"https:\\\/\\\/www.organisator.ch\\\/it\\\/author\\\/thomas-berner\\\/\"}]}<\/script>\n<!-- \/ Yoast SEO plugin. -->","yoast_head_json":{"title":"Il Centro per l'innovazione e la digitalizzazione lancia il programma USAccelerator - Organizzatore","description":"Il 4 settembre, presso il Centro per l'innovazione e la digitalizzazione (ZID) del Bernapark di Deisswil, verr\u00e0 lanciato il programma SWISS USAccelerator.","robots":{"index":"index","follow":"follow","max-snippet":"max-snippet:-1","max-image-preview":"max-image-preview:large","max-video-preview":"max-video-preview:-1"},"canonical":"https:\/\/www.organisator.ch\/it\/gestione-2\/2023-08-29\/zentrum-fuer-innovation-und-digitalisierung-lanciert-usaccelerator-programm\/","og_locale":"it_IT","og_type":"article","og_title":"Zentrum f\u00fcr Innovation und Digitalisierung lanciert USAccelerator Programm","og_description":"Am 4. September wird das SWISS USAccelerator Programm im Zentrum f\u00fcr Innovation und Digitalisierung (ZID) im Bernapark in Deisswil lanciert.","og_url":"https:\/\/www.organisator.ch\/it\/gestione-2\/2023-08-29\/zentrum-fuer-innovation-und-digitalisierung-lanciert-usaccelerator-programm\/","og_site_name":"Organisator","article_publisher":"https:\/\/www.facebook.com\/OrganisatorFachmagazin","article_published_time":"2023-08-29T11:39:08+00:00","og_image":[{"width":680,"height":455,"url":"https:\/\/www.organisator.ch\/wp-content\/uploads\/2023\/08\/Zentrum-fuer-Innovation-und-Digitalisierung-lanciert-USAccelerator-Programm_Organisator.jpg","type":"image\/jpeg"}],"author":"thomas.berner","twitter_card":"summary_large_image","twitter_title":"Zentrum f\u00fcr Innovation und Digitalisierung lanciert #USAccelerator Programm","twitter_description":"Am 4. September wird das SWISS #USAccelerator Programm im Zentrum f\u00fcr Innovation und Digitalisierung (#ZID) im #Bernapark in Deisswil lanciert.","twitter_image":"https:\/\/www.organisator.ch\/wp-content\/uploads\/2023\/08\/Zentrum-fuer-Innovation-und-Digitalisierung-lanciert-USAccelerator-Programm_Organisator.jpg","schema":{"@context":"https:\/\/schema.org","@graph":[{"@type":"Article","@id":"https:\/\/www.organisator.ch\/management\/2023-08-29\/zentrum-fuer-innovation-und-digitalisierung-lanciert-usaccelerator-programm\/#article","isPartOf":{"@id":"https:\/\/www.organisator.ch\/management\/2023-08-29\/zentrum-fuer-innovation-und-digitalisierung-lanciert-usaccelerator-programm\/"},"author":{"name":"thomas.berner","@id":"https:\/\/www.organisator.ch\/#\/schema\/person\/6f650f90b2842cd4c0cc334b4e36f67e"},"headline":"Zentrum f\u00fcr Innovation und Digitalisierung lanciert USAccelerator Programm","datePublished":"2023-08-29T11:39:08+00:00","mainEntityOfPage":{"@id":"https:\/\/www.organisator.ch\/management\/2023-08-29\/zentrum-fuer-innovation-und-digitalisierung-lanciert-usaccelerator-programm\/"},"wordCount":430,"publisher":{"@id":"https:\/\/www.organisator.ch\/#organization"},"image":{"@id":"https:\/\/www.organisator.ch\/management\/2023-08-29\/zentrum-fuer-innovation-und-digitalisierung-lanciert-usaccelerator-programm\/#primaryimage"},"thumbnailUrl":"https:\/\/www.organisator.ch\/wp-content\/uploads\/2023\/08\/Zentrum-fuer-Innovation-und-Digitalisierung-lanciert-USAccelerator-Programm_Organisator.jpg","keywords":["Innovationsf\u00f6rderung","Internationalisierung","Startups"],"articleSection":["MANAGEMENT"],"inLanguage":"it-IT"},{"@type":"WebPage","@id":"https:\/\/www.organisator.ch\/management\/2023-08-29\/zentrum-fuer-innovation-und-digitalisierung-lanciert-usaccelerator-programm\/","url":"https:\/\/www.organisator.ch\/management\/2023-08-29\/zentrum-fuer-innovation-und-digitalisierung-lanciert-usaccelerator-programm\/","name":"Il Centro per l'innovazione e la digitalizzazione lancia il programma USAccelerator - Organizzatore","isPartOf":{"@id":"https:\/\/www.organisator.ch\/#website"},"primaryImageOfPage":{"@id":"https:\/\/www.organisator.ch\/management\/2023-08-29\/zentrum-fuer-innovation-und-digitalisierung-lanciert-usaccelerator-programm\/#primaryimage"},"image":{"@id":"https:\/\/www.organisator.ch\/management\/2023-08-29\/zentrum-fuer-innovation-und-digitalisierung-lanciert-usaccelerator-programm\/#primaryimage"},"thumbnailUrl":"https:\/\/www.organisator.ch\/wp-content\/uploads\/2023\/08\/Zentrum-fuer-Innovation-und-Digitalisierung-lanciert-USAccelerator-Programm_Organisator.jpg","datePublished":"2023-08-29T11:39:08+00:00","description":"Il 4 settembre, presso il Centro per l'innovazione e la digitalizzazione (ZID) del Bernapark di Deisswil, verr\u00e0 lanciato il programma SWISS USAccelerator.","breadcrumb":{"@id":"https:\/\/www.organisator.ch\/management\/2023-08-29\/zentrum-fuer-innovation-und-digitalisierung-lanciert-usaccelerator-programm\/#breadcrumb"},"inLanguage":"it-IT","potentialAction":[{"@type":"ReadAction","target":["https:\/\/www.organisator.ch\/management\/2023-08-29\/zentrum-fuer-innovation-und-digitalisierung-lanciert-usaccelerator-programm\/"]}]},{"@type":"ImageObject","inLanguage":"it-IT","@id":"https:\/\/www.organisator.ch\/management\/2023-08-29\/zentrum-fuer-innovation-und-digitalisierung-lanciert-usaccelerator-programm\/#primaryimage","url":"https:\/\/www.organisator.ch\/wp-content\/uploads\/2023\/08\/Zentrum-fuer-Innovation-und-Digitalisierung-lanciert-USAccelerator-Programm_Organisator.jpg","contentUrl":"https:\/\/www.organisator.ch\/wp-content\/uploads\/2023\/08\/Zentrum-fuer-Innovation-und-Digitalisierung-lanciert-USAccelerator-Programm_Organisator.jpg","width":680,"height":455,"caption":"Das Swiss USAccelerator Programm unterst\u00fctzt Startups und KMU bei der Internationalisierung. (Bild: Screenshot zid-bernapark.ch)"},{"@type":"BreadcrumbList","@id":"https:\/\/www.organisator.ch\/management\/2023-08-29\/zentrum-fuer-innovation-und-digitalisierung-lanciert-usaccelerator-programm\/#breadcrumb","itemListElement":[{"@type":"ListItem","position":1,"name":"Home","item":"https:\/\/www.organisator.ch\/"},{"@type":"ListItem","position":2,"name":"Zentrum f\u00fcr Innovation und Digitalisierung lanciert USAccelerator Programm"}]},{"@type":"WebSite","@id":"https:\/\/www.organisator.ch\/#website","url":"https:\/\/www.organisator.ch\/","name":"Organizzatore","description":"Competente. Pratico. In 10 numeri all'anno, ORGANISATOR presenta i temi essenziali per i manager delle PMI.","publisher":{"@id":"https:\/\/www.organisator.ch\/#organization"},"potentialAction":[{"@type":"SearchAction","target":{"@type":"EntryPoint","urlTemplate":"https:\/\/www.organisator.ch\/?s={search_term_string}"},"query-input":{"@type":"PropertyValueSpecification","valueRequired":true,"valueName":"search_term_string"}}],"inLanguage":"it-IT"},{"@type":"Organization","@id":"https:\/\/www.organisator.ch\/#organization","name":"Organizzatore","url":"https:\/\/www.organisator.ch\/","logo":{"@type":"ImageObject","inLanguage":"it-IT","@id":"https:\/\/www.organisator.ch\/#\/schema\/logo\/image\/","url":"https:\/\/www.organisator.ch\/wp-content\/uploads\/2022\/01\/Logo_Organisator_Website.png","contentUrl":"https:\/\/www.organisator.ch\/wp-content\/uploads\/2022\/01\/Logo_Organisator_Website.png","width":800,"height":77,"caption":"Organisator"},"image":{"@id":"https:\/\/www.organisator.ch\/#\/schema\/logo\/image\/"},"sameAs":["https:\/\/www.facebook.com\/OrganisatorFachmagazin","https:\/\/www.linkedin.com\/showcase\/organisator-das-magazin-fr-kmu","https:\/\/www.xing.com\/news\/pages\/organisator-ch-695","https:\/\/www.youtube.com\/channel\/UCGP2Sq0iWaZwT3BdIAQFYpw"]},{"@type":"Person","@id":"https:\/\/www.organisator.ch\/#\/schema\/person\/6f650f90b2842cd4c0cc334b4e36f67e","name":"Tommaso.berner","image":{"@type":"ImageObject","inLanguage":"it-IT","@id":"https:\/\/secure.gravatar.com\/avatar\/ac5001d2a36cb6c6cd3e50789007ffca834b477b74a2144564522e944eabff61?s=96&d=mm&r=g","url":"https:\/\/secure.gravatar.com\/avatar\/ac5001d2a36cb6c6cd3e50789007ffca834b477b74a2144564522e944eabff61?s=96&d=mm&r=g","contentUrl":"https:\/\/secure.gravatar.com\/avatar\/ac5001d2a36cb6c6cd3e50789007ffca834b477b74a2144564522e944eabff61?s=96&d=mm&r=g","caption":"thomas.berner"},"url":"https:\/\/www.organisator.ch\/it\/author\/thomas-berner\/"}]}},"_links":{"self":[{"href":"https:\/\/www.organisator.ch\/it\/wp-json\/wp\/v2\/posts\/21500","targetHints":{"allow":["GET"]}}],"collection":[{"href":"https:\/\/www.organisator.ch\/it\/wp-json\/wp\/v2\/posts"}],"about":[{"href":"https:\/\/www.organisator.ch\/it\/wp-json\/wp\/v2\/types\/post"}],"author":[{"embeddable":true,"href":"https:\/\/www.organisator.ch\/it\/wp-json\/wp\/v2\/users\/4"}],"replies":[{"embeddable":true,"href":"https:\/\/www.organisator.ch\/it\/wp-json\/wp\/v2\/comments?post=21500"}],"version-history":[{"count":1,"href":"https:\/\/www.organisator.ch\/it\/wp-json\/wp\/v2\/posts\/21500\/revisions"}],"predecessor-version":[{"id":21502,"href":"https:\/\/www.organisator.ch\/it\/wp-json\/wp\/v2\/posts\/21500\/revisions\/21502"}],"wp:featuredmedia":[{"embeddable":true,"href":"https:\/\/www.organisator.ch\/it\/wp-json\/wp\/v2\/media\/21501"}],"wp:attachment":[{"href":"https:\/\/www.organisator.ch\/it\/wp-json\/wp\/v2\/media?parent=21500"}],"wp:term":[{"taxonomy":"category","embeddable":true,"href":"https:\/\/www.organisator.ch\/it\/wp-json\/wp\/v2\/categories?post=21500"},{"taxonomy":"post_tag","embeddable":true,"href":"https:\/\/www.organisator.ch\/it\/wp-json\/wp\/v2\/tags?post=21500"}],"curies":[{"name":"wp","href":"https:\/\/api.w.org\/{rel}","templated":true}]}}