{"id":21557,"date":"2023-09-01T10:33:08","date_gmt":"2023-09-01T08:33:08","guid":{"rendered":"https:\/\/www.organisator.ch\/?p=21557"},"modified":"2023-09-01T10:33:08","modified_gmt":"2023-09-01T08:33:08","slug":"neue-zertifikatslehrgaenge-zu-ki-und-verhaltenswissenschaften-fuer-unternehmen","status":"publish","type":"post","link":"https:\/\/www.organisator.ch\/it\/weiterbildung\/2023-09-01\/neue-zertifikatslehrgaenge-zu-ki-und-verhaltenswissenschaften-fuer-unternehmen\/","title":{"rendered":"Nuovi corsi di certificazione sull'IA e le scienze comportamentali per le imprese"},"content":{"rendered":"<figure id=\"attachment_21558\" aria-describedby=\"caption-attachment-21558\" style=\"width: 680px\" class=\"wp-caption alignnone\"><img loading=\"lazy\" decoding=\"async\" class=\"size-full wp-image-21558\" src=\"https:\/\/www.organisator.ch\/wp-content\/uploads\/2023\/09\/Neue-Zertifikatslehrgaenge-zu-KI-und-Verhaltenswissenschaften-fuer-Unternehmen_Organisator.jpg\" alt=\"\" width=\"680\" height=\"453\" srcset=\"\" sizes=\"auto, (max-width: 680px) 100vw, 680px\" data-srcset=\"\" \/><figcaption id=\"caption-attachment-21558\" class=\"wp-caption-text\">Due nuovi corsi di certificazione dell'Universit\u00e0 di Lucerna sono dedicati all'IA e alle scienze comportamentali per le imprese. (Immagine: Pixabay.com)<\/figcaption><\/figure>\n<p>Le aziende si trovano sempre pi\u00f9 spesso ad affrontare nuove condizioni e sfide: Per avere successo a lungo termine, devono essere innovative, adattare le nuove tecnologie in modo efficiente e progettare piani strategici. L'Universit\u00e0 di Lucerna offre ora due nuovi corsi di certificazione che affrontano gli ultimi sviluppi tecnologici necessari a questo scopo.<\/p>\n<p>Il \"CAS in Artificial Intelligence Management for Business Value\" \u00e8 una collaborazione tra l'Universit\u00e0 di Lucerna e la Lucerne University of Applied Sciences and Arts. In questo corso i partecipanti imparano come le aziende possono utilizzare l'intelligenza artificiale per implementare e gestire le innovazioni tecnologiche e di processo, ottenendo cos\u00ec vantaggi competitivi a lungo termine. \"La collaborazione tra esseri umani e intelligenza artificiale nelle aziende sar\u00e0 indispensabile in futuro\", sottolinea la prof.ssa Jana Koehler, docente di informatica presso l'Universit\u00e0 di Scienze Applicate e Arti di Lucerna.<\/p>\n<p>Il corso CAS in Behavioural and Neuroscience for Business \u00e8 dedicato al processo decisionale in azienda. In questo corso, manager e professionisti imparano i metodi comportamentali e neuroscientifici con i quali possono prendere decisioni migliori per se stessi, per il proprio team e per l'azienda, e quindi avere successo a lungo termine. Il corso si svolge in collaborazione con la societ\u00e0 svizzera di consulenza in neuromarketing Zutt &amp; Partner.<\/p>\n<p><em>Fonte e ulteriori informazioni: <a href=\"http:\/\/www.unilu.ch\">www.unilu.ch<\/a><\/em><\/p>","protected":false},"excerpt":{"rendered":"<p>L'Istituto di marketing e analisi dell'Universit\u00e0 di Lucerna amplia il suo programma di formazione continua con due nuovi corsi di certificazione. Si tratta della gestione dell'intelligenza artificiale (AI) nelle aziende e dei metodi comportamentali e neuroscientifici per il processo decisionale. <\/p>","protected":false},"author":4,"featured_media":21558,"comment_status":"closed","ping_status":"closed","sticky":false,"template":"","format":"standard","meta":{"_acf_changed":false,"_yoast_wpseo_focuskw":"Zertifikatslehrg\u00e4nge","_yoast_wpseo_metadesc":"Das Institut f\u00fcr Marketing und Analytics der Universit\u00e4t Luzern erweitert sein Weiterbildungsangebot um zwei neue Zertifikatslehrg\u00e4nge.","articlekey":"","footnotes":""},"categories":[30],"tags":[62,3587,192],"class_list":["post-21557","post","type-post","status-publish","format-standard","has-post-thumbnail","hentry","category-weiterbildung","tag-aus-weiterbildung","tag-cas","tag-fachhochschulen"],"acf":[],"yoast_head":"<!-- This site is optimized with the Yoast SEO plugin v27.4 - https:\/\/yoast.com\/product\/yoast-seo-wordpress\/ -->\n<title>Neue Zertifikatslehrg\u00e4nge zu KI und Ver\u00adhal\u00adtens\u00adwissen\u00adschaften f\u00fcr Unternehmen - Organisator<\/title>\n<meta name=\"description\" content=\"Das Institut f\u00fcr Marketing und Analytics der Universit\u00e4t Luzern erweitert sein Weiterbildungsangebot um zwei neue Zertifikatslehrg\u00e4nge.\" \/>\n<meta name=\"robots\" content=\"index, follow, max-snippet:-1, max-image-preview:large, max-video-preview:-1\" \/>\n<link rel=\"canonical\" href=\"https:\/\/www.organisator.ch\/it\/formazione-continua\/2023-09-01\/neue-zertifikatslehrgaenge-zu-ki-und-verhaltenswissenschaften-fuer-unternehmen\/\" \/>\n<meta property=\"og:locale\" content=\"it_IT\" \/>\n<meta property=\"og:type\" content=\"article\" \/>\n<meta property=\"og:title\" content=\"Neue Zertifikatslehrg\u00e4nge zu KI und Ver\u00adhal\u00adtens\u00adwissen\u00adschaften f\u00fcr Unternehmen\" \/>\n<meta property=\"og:description\" content=\"Das Institut f\u00fcr Marketing und Analytics der Universit\u00e4t Luzern erweitert sein Weiterbildungsangebot um zwei neue Zertifikatslehrg\u00e4nge.\" \/>\n<meta property=\"og:url\" content=\"https:\/\/www.organisator.ch\/it\/formazione-continua\/2023-09-01\/neue-zertifikatslehrgaenge-zu-ki-und-verhaltenswissenschaften-fuer-unternehmen\/\" \/>\n<meta property=\"og:site_name\" content=\"Organisator\" \/>\n<meta property=\"article:publisher\" content=\"https:\/\/www.facebook.com\/OrganisatorFachmagazin\" \/>\n<meta property=\"article:published_time\" content=\"2023-09-01T08:33:08+00:00\" \/>\n<meta property=\"og:image\" content=\"https:\/\/www.organisator.ch\/wp-content\/uploads\/2023\/09\/Neue-Zertifikatslehrgaenge-zu-KI-und-Ver\u00adhal\u00adtens\u00adwissen\u00adschaften-fuer-Unternehmen_Organisator.jpg\" \/>\n\t<meta property=\"og:image:width\" content=\"680\" \/>\n\t<meta property=\"og:image:height\" content=\"453\" \/>\n\t<meta property=\"og:image:type\" content=\"image\/jpeg\" \/>\n<meta name=\"author\" content=\"thomas.berner\" \/>\n<meta name=\"twitter:card\" content=\"summary_large_image\" \/>\n<meta name=\"twitter:title\" content=\"Neue #Zertifikatslehrg\u00e4nge zu KI und #Ver\u00adhal\u00adtens\u00adwissen\u00adschaften f\u00fcr Unternehmen\" \/>\n<meta name=\"twitter:description\" content=\"Das Institut f\u00fcr Marketing und Analytics der Universit\u00e4t Luzern erweitert sein #Weiterbildungsangebot um zwei neue #Zertifikatslehrg\u00e4nge.\" \/>\n<meta name=\"twitter:image\" content=\"https:\/\/www.organisator.ch\/wp-content\/uploads\/2023\/09\/Neue-Zertifikatslehrgaenge-zu-KI-und-Ver\u00adhal\u00adtens\u00adwissen\u00adschaften-fuer-Unternehmen_Organisator.jpg\" \/>\n<script type=\"application\/ld+json\" class=\"yoast-schema-graph\">{\"@context\":\"https:\\\/\\\/schema.org\",\"@graph\":[{\"@type\":\"Article\",\"@id\":\"https:\\\/\\\/www.organisator.ch\\\/weiterbildung\\\/2023-09-01\\\/neue-zertifikatslehrgaenge-zu-ki-und-verhaltenswissenschaften-fuer-unternehmen\\\/#article\",\"isPartOf\":{\"@id\":\"https:\\\/\\\/www.organisator.ch\\\/weiterbildung\\\/2023-09-01\\\/neue-zertifikatslehrgaenge-zu-ki-und-verhaltenswissenschaften-fuer-unternehmen\\\/\"},\"author\":{\"name\":\"thomas.berner\",\"@id\":\"https:\\\/\\\/www.organisator.ch\\\/#\\\/schema\\\/person\\\/6f650f90b2842cd4c0cc334b4e36f67e\"},\"headline\":\"Neue Zertifikatslehrg\u00e4nge zu KI und Ver\u00adhal\u00adtens\u00adwissen\u00adschaften f\u00fcr Unternehmen\",\"datePublished\":\"2023-09-01T08:33:08+00:00\",\"mainEntityOfPage\":{\"@id\":\"https:\\\/\\\/www.organisator.ch\\\/weiterbildung\\\/2023-09-01\\\/neue-zertifikatslehrgaenge-zu-ki-und-verhaltenswissenschaften-fuer-unternehmen\\\/\"},\"wordCount\":240,\"publisher\":{\"@id\":\"https:\\\/\\\/www.organisator.ch\\\/#organization\"},\"image\":{\"@id\":\"https:\\\/\\\/www.organisator.ch\\\/weiterbildung\\\/2023-09-01\\\/neue-zertifikatslehrgaenge-zu-ki-und-verhaltenswissenschaften-fuer-unternehmen\\\/#primaryimage\"},\"thumbnailUrl\":\"https:\\\/\\\/www.organisator.ch\\\/wp-content\\\/uploads\\\/2023\\\/09\\\/Neue-Zertifikatslehrgaenge-zu-KI-und-Ver\u00adhal\u00adtens\u00adwissen\u00adschaften-fuer-Unternehmen_Organisator.jpg\",\"keywords\":[\"Aus-\\\/Weiterbildung\",\"CAS\",\"Fachhochschulen\"],\"articleSection\":[\"WEITERBILDUNG\"],\"inLanguage\":\"it-IT\"},{\"@type\":\"WebPage\",\"@id\":\"https:\\\/\\\/www.organisator.ch\\\/weiterbildung\\\/2023-09-01\\\/neue-zertifikatslehrgaenge-zu-ki-und-verhaltenswissenschaften-fuer-unternehmen\\\/\",\"url\":\"https:\\\/\\\/www.organisator.ch\\\/weiterbildung\\\/2023-09-01\\\/neue-zertifikatslehrgaenge-zu-ki-und-verhaltenswissenschaften-fuer-unternehmen\\\/\",\"name\":\"Neue Zertifikatslehrg\u00e4nge zu KI und Ver\u00adhal\u00adtens\u00adwissen\u00adschaften f\u00fcr Unternehmen - Organisator\",\"isPartOf\":{\"@id\":\"https:\\\/\\\/www.organisator.ch\\\/#website\"},\"primaryImageOfPage\":{\"@id\":\"https:\\\/\\\/www.organisator.ch\\\/weiterbildung\\\/2023-09-01\\\/neue-zertifikatslehrgaenge-zu-ki-und-verhaltenswissenschaften-fuer-unternehmen\\\/#primaryimage\"},\"image\":{\"@id\":\"https:\\\/\\\/www.organisator.ch\\\/weiterbildung\\\/2023-09-01\\\/neue-zertifikatslehrgaenge-zu-ki-und-verhaltenswissenschaften-fuer-unternehmen\\\/#primaryimage\"},\"thumbnailUrl\":\"https:\\\/\\\/www.organisator.ch\\\/wp-content\\\/uploads\\\/2023\\\/09\\\/Neue-Zertifikatslehrgaenge-zu-KI-und-Ver\u00adhal\u00adtens\u00adwissen\u00adschaften-fuer-Unternehmen_Organisator.jpg\",\"datePublished\":\"2023-09-01T08:33:08+00:00\",\"description\":\"Das Institut f\u00fcr Marketing und Analytics der Universit\u00e4t Luzern erweitert sein Weiterbildungsangebot um zwei neue Zertifikatslehrg\u00e4nge.\",\"breadcrumb\":{\"@id\":\"https:\\\/\\\/www.organisator.ch\\\/weiterbildung\\\/2023-09-01\\\/neue-zertifikatslehrgaenge-zu-ki-und-verhaltenswissenschaften-fuer-unternehmen\\\/#breadcrumb\"},\"inLanguage\":\"it-IT\",\"potentialAction\":[{\"@type\":\"ReadAction\",\"target\":[\"https:\\\/\\\/www.organisator.ch\\\/weiterbildung\\\/2023-09-01\\\/neue-zertifikatslehrgaenge-zu-ki-und-verhaltenswissenschaften-fuer-unternehmen\\\/\"]}]},{\"@type\":\"ImageObject\",\"inLanguage\":\"it-IT\",\"@id\":\"https:\\\/\\\/www.organisator.ch\\\/weiterbildung\\\/2023-09-01\\\/neue-zertifikatslehrgaenge-zu-ki-und-verhaltenswissenschaften-fuer-unternehmen\\\/#primaryimage\",\"url\":\"https:\\\/\\\/www.organisator.ch\\\/wp-content\\\/uploads\\\/2023\\\/09\\\/Neue-Zertifikatslehrgaenge-zu-KI-und-Ver\u00adhal\u00adtens\u00adwissen\u00adschaften-fuer-Unternehmen_Organisator.jpg\",\"contentUrl\":\"https:\\\/\\\/www.organisator.ch\\\/wp-content\\\/uploads\\\/2023\\\/09\\\/Neue-Zertifikatslehrgaenge-zu-KI-und-Ver\u00adhal\u00adtens\u00adwissen\u00adschaften-fuer-Unternehmen_Organisator.jpg\",\"width\":680,\"height\":453,\"caption\":\"Zwei neue Zertifikatslehrg\u00e4nge an der Uni Luzern widmen sich der KI und Verhaltenswissenschaften f\u00fcr Unternehmen. (Bild: Pixabay.com)\"},{\"@type\":\"BreadcrumbList\",\"@id\":\"https:\\\/\\\/www.organisator.ch\\\/weiterbildung\\\/2023-09-01\\\/neue-zertifikatslehrgaenge-zu-ki-und-verhaltenswissenschaften-fuer-unternehmen\\\/#breadcrumb\",\"itemListElement\":[{\"@type\":\"ListItem\",\"position\":1,\"name\":\"Home\",\"item\":\"https:\\\/\\\/www.organisator.ch\\\/\"},{\"@type\":\"ListItem\",\"position\":2,\"name\":\"Neue Zertifikatslehrg\u00e4nge zu KI und Ver\u00adhal\u00adtens\u00adwissen\u00adschaften f\u00fcr Unternehmen\"}]},{\"@type\":\"WebSite\",\"@id\":\"https:\\\/\\\/www.organisator.ch\\\/#website\",\"url\":\"https:\\\/\\\/www.organisator.ch\\\/\",\"name\":\"Organisator\",\"description\":\"Kompetent. Praxisnah. Der ORGANISATOR bereitet in 10 Ausgaben pro Jahr die wesentlichen Themen f\u00fcr F\u00fchrungskr\u00e4fte von KMU auf.\",\"publisher\":{\"@id\":\"https:\\\/\\\/www.organisator.ch\\\/#organization\"},\"potentialAction\":[{\"@type\":\"SearchAction\",\"target\":{\"@type\":\"EntryPoint\",\"urlTemplate\":\"https:\\\/\\\/www.organisator.ch\\\/?s={search_term_string}\"},\"query-input\":{\"@type\":\"PropertyValueSpecification\",\"valueRequired\":true,\"valueName\":\"search_term_string\"}}],\"inLanguage\":\"it-IT\"},{\"@type\":\"Organization\",\"@id\":\"https:\\\/\\\/www.organisator.ch\\\/#organization\",\"name\":\"Organisator\",\"url\":\"https:\\\/\\\/www.organisator.ch\\\/\",\"logo\":{\"@type\":\"ImageObject\",\"inLanguage\":\"it-IT\",\"@id\":\"https:\\\/\\\/www.organisator.ch\\\/#\\\/schema\\\/logo\\\/image\\\/\",\"url\":\"https:\\\/\\\/www.organisator.ch\\\/wp-content\\\/uploads\\\/2022\\\/01\\\/Logo_Organisator_Website.png\",\"contentUrl\":\"https:\\\/\\\/www.organisator.ch\\\/wp-content\\\/uploads\\\/2022\\\/01\\\/Logo_Organisator_Website.png\",\"width\":800,\"height\":77,\"caption\":\"Organisator\"},\"image\":{\"@id\":\"https:\\\/\\\/www.organisator.ch\\\/#\\\/schema\\\/logo\\\/image\\\/\"},\"sameAs\":[\"https:\\\/\\\/www.facebook.com\\\/OrganisatorFachmagazin\",\"https:\\\/\\\/www.linkedin.com\\\/showcase\\\/organisator-das-magazin-fr-kmu\",\"https:\\\/\\\/www.xing.com\\\/news\\\/pages\\\/organisator-ch-695\",\"https:\\\/\\\/www.youtube.com\\\/channel\\\/UCGP2Sq0iWaZwT3BdIAQFYpw\"]},{\"@type\":\"Person\",\"@id\":\"https:\\\/\\\/www.organisator.ch\\\/#\\\/schema\\\/person\\\/6f650f90b2842cd4c0cc334b4e36f67e\",\"name\":\"thomas.berner\",\"image\":{\"@type\":\"ImageObject\",\"inLanguage\":\"it-IT\",\"@id\":\"https:\\\/\\\/secure.gravatar.com\\\/avatar\\\/ac5001d2a36cb6c6cd3e50789007ffca834b477b74a2144564522e944eabff61?s=96&d=mm&r=g\",\"url\":\"https:\\\/\\\/secure.gravatar.com\\\/avatar\\\/ac5001d2a36cb6c6cd3e50789007ffca834b477b74a2144564522e944eabff61?s=96&d=mm&r=g\",\"contentUrl\":\"https:\\\/\\\/secure.gravatar.com\\\/avatar\\\/ac5001d2a36cb6c6cd3e50789007ffca834b477b74a2144564522e944eabff61?s=96&d=mm&r=g\",\"caption\":\"thomas.berner\"},\"url\":\"https:\\\/\\\/www.organisator.ch\\\/it\\\/author\\\/thomas-berner\\\/\"}]}<\/script>\n<!-- \/ Yoast SEO plugin. -->","yoast_head_json":{"title":"Nuovi corsi di certificazione sull'intelligenza artificiale e le scienze comportamentali per le imprese - Organizzatore","description":"L'Istituto di marketing e analisi dell'Universit\u00e0 di Lucerna amplia il suo programma di formazione continua con due nuovi corsi di certificazione.","robots":{"index":"index","follow":"follow","max-snippet":"max-snippet:-1","max-image-preview":"max-image-preview:large","max-video-preview":"max-video-preview:-1"},"canonical":"https:\/\/www.organisator.ch\/it\/formazione-continua\/2023-09-01\/neue-zertifikatslehrgaenge-zu-ki-und-verhaltenswissenschaften-fuer-unternehmen\/","og_locale":"it_IT","og_type":"article","og_title":"Neue Zertifikatslehrg\u00e4nge zu KI und Ver\u00adhal\u00adtens\u00adwissen\u00adschaften f\u00fcr Unternehmen","og_description":"Das Institut f\u00fcr Marketing und Analytics der Universit\u00e4t Luzern erweitert sein Weiterbildungsangebot um zwei neue Zertifikatslehrg\u00e4nge.","og_url":"https:\/\/www.organisator.ch\/it\/formazione-continua\/2023-09-01\/neue-zertifikatslehrgaenge-zu-ki-und-verhaltenswissenschaften-fuer-unternehmen\/","og_site_name":"Organisator","article_publisher":"https:\/\/www.facebook.com\/OrganisatorFachmagazin","article_published_time":"2023-09-01T08:33:08+00:00","og_image":[{"width":680,"height":453,"url":"https:\/\/www.organisator.ch\/wp-content\/uploads\/2023\/09\/Neue-Zertifikatslehrgaenge-zu-KI-und-Ver\u00adhal\u00adtens\u00adwissen\u00adschaften-fuer-Unternehmen_Organisator.jpg","type":"image\/jpeg"}],"author":"thomas.berner","twitter_card":"summary_large_image","twitter_title":"Neue #Zertifikatslehrg\u00e4nge zu KI und #Ver\u00adhal\u00adtens\u00adwissen\u00adschaften f\u00fcr Unternehmen","twitter_description":"Das Institut f\u00fcr Marketing und Analytics der Universit\u00e4t Luzern erweitert sein #Weiterbildungsangebot um zwei neue #Zertifikatslehrg\u00e4nge.","twitter_image":"https:\/\/www.organisator.ch\/wp-content\/uploads\/2023\/09\/Neue-Zertifikatslehrgaenge-zu-KI-und-Ver\u00adhal\u00adtens\u00adwissen\u00adschaften-fuer-Unternehmen_Organisator.jpg","schema":{"@context":"https:\/\/schema.org","@graph":[{"@type":"Article","@id":"https:\/\/www.organisator.ch\/weiterbildung\/2023-09-01\/neue-zertifikatslehrgaenge-zu-ki-und-verhaltenswissenschaften-fuer-unternehmen\/#article","isPartOf":{"@id":"https:\/\/www.organisator.ch\/weiterbildung\/2023-09-01\/neue-zertifikatslehrgaenge-zu-ki-und-verhaltenswissenschaften-fuer-unternehmen\/"},"author":{"name":"thomas.berner","@id":"https:\/\/www.organisator.ch\/#\/schema\/person\/6f650f90b2842cd4c0cc334b4e36f67e"},"headline":"Neue Zertifikatslehrg\u00e4nge zu KI und Ver\u00adhal\u00adtens\u00adwissen\u00adschaften f\u00fcr Unternehmen","datePublished":"2023-09-01T08:33:08+00:00","mainEntityOfPage":{"@id":"https:\/\/www.organisator.ch\/weiterbildung\/2023-09-01\/neue-zertifikatslehrgaenge-zu-ki-und-verhaltenswissenschaften-fuer-unternehmen\/"},"wordCount":240,"publisher":{"@id":"https:\/\/www.organisator.ch\/#organization"},"image":{"@id":"https:\/\/www.organisator.ch\/weiterbildung\/2023-09-01\/neue-zertifikatslehrgaenge-zu-ki-und-verhaltenswissenschaften-fuer-unternehmen\/#primaryimage"},"thumbnailUrl":"https:\/\/www.organisator.ch\/wp-content\/uploads\/2023\/09\/Neue-Zertifikatslehrgaenge-zu-KI-und-Ver\u00adhal\u00adtens\u00adwissen\u00adschaften-fuer-Unternehmen_Organisator.jpg","keywords":["Aus-\/Weiterbildung","CAS","Fachhochschulen"],"articleSection":["WEITERBILDUNG"],"inLanguage":"it-IT"},{"@type":"WebPage","@id":"https:\/\/www.organisator.ch\/weiterbildung\/2023-09-01\/neue-zertifikatslehrgaenge-zu-ki-und-verhaltenswissenschaften-fuer-unternehmen\/","url":"https:\/\/www.organisator.ch\/weiterbildung\/2023-09-01\/neue-zertifikatslehrgaenge-zu-ki-und-verhaltenswissenschaften-fuer-unternehmen\/","name":"Nuovi corsi di certificazione sull'intelligenza artificiale e le scienze comportamentali per le imprese - Organizzatore","isPartOf":{"@id":"https:\/\/www.organisator.ch\/#website"},"primaryImageOfPage":{"@id":"https:\/\/www.organisator.ch\/weiterbildung\/2023-09-01\/neue-zertifikatslehrgaenge-zu-ki-und-verhaltenswissenschaften-fuer-unternehmen\/#primaryimage"},"image":{"@id":"https:\/\/www.organisator.ch\/weiterbildung\/2023-09-01\/neue-zertifikatslehrgaenge-zu-ki-und-verhaltenswissenschaften-fuer-unternehmen\/#primaryimage"},"thumbnailUrl":"https:\/\/www.organisator.ch\/wp-content\/uploads\/2023\/09\/Neue-Zertifikatslehrgaenge-zu-KI-und-Ver\u00adhal\u00adtens\u00adwissen\u00adschaften-fuer-Unternehmen_Organisator.jpg","datePublished":"2023-09-01T08:33:08+00:00","description":"L'Istituto di marketing e analisi dell'Universit\u00e0 di Lucerna amplia il suo programma di formazione continua con due nuovi corsi di certificazione.","breadcrumb":{"@id":"https:\/\/www.organisator.ch\/weiterbildung\/2023-09-01\/neue-zertifikatslehrgaenge-zu-ki-und-verhaltenswissenschaften-fuer-unternehmen\/#breadcrumb"},"inLanguage":"it-IT","potentialAction":[{"@type":"ReadAction","target":["https:\/\/www.organisator.ch\/weiterbildung\/2023-09-01\/neue-zertifikatslehrgaenge-zu-ki-und-verhaltenswissenschaften-fuer-unternehmen\/"]}]},{"@type":"ImageObject","inLanguage":"it-IT","@id":"https:\/\/www.organisator.ch\/weiterbildung\/2023-09-01\/neue-zertifikatslehrgaenge-zu-ki-und-verhaltenswissenschaften-fuer-unternehmen\/#primaryimage","url":"https:\/\/www.organisator.ch\/wp-content\/uploads\/2023\/09\/Neue-Zertifikatslehrgaenge-zu-KI-und-Ver\u00adhal\u00adtens\u00adwissen\u00adschaften-fuer-Unternehmen_Organisator.jpg","contentUrl":"https:\/\/www.organisator.ch\/wp-content\/uploads\/2023\/09\/Neue-Zertifikatslehrgaenge-zu-KI-und-Ver\u00adhal\u00adtens\u00adwissen\u00adschaften-fuer-Unternehmen_Organisator.jpg","width":680,"height":453,"caption":"Zwei neue Zertifikatslehrg\u00e4nge an der Uni Luzern widmen sich der KI und Verhaltenswissenschaften f\u00fcr Unternehmen. (Bild: Pixabay.com)"},{"@type":"BreadcrumbList","@id":"https:\/\/www.organisator.ch\/weiterbildung\/2023-09-01\/neue-zertifikatslehrgaenge-zu-ki-und-verhaltenswissenschaften-fuer-unternehmen\/#breadcrumb","itemListElement":[{"@type":"ListItem","position":1,"name":"Home","item":"https:\/\/www.organisator.ch\/"},{"@type":"ListItem","position":2,"name":"Neue Zertifikatslehrg\u00e4nge zu KI und Ver\u00adhal\u00adtens\u00adwissen\u00adschaften f\u00fcr Unternehmen"}]},{"@type":"WebSite","@id":"https:\/\/www.organisator.ch\/#website","url":"https:\/\/www.organisator.ch\/","name":"Organizzatore","description":"Competente. Pratico. In 10 numeri all'anno, ORGANISATOR presenta i temi essenziali per i manager delle PMI.","publisher":{"@id":"https:\/\/www.organisator.ch\/#organization"},"potentialAction":[{"@type":"SearchAction","target":{"@type":"EntryPoint","urlTemplate":"https:\/\/www.organisator.ch\/?s={search_term_string}"},"query-input":{"@type":"PropertyValueSpecification","valueRequired":true,"valueName":"search_term_string"}}],"inLanguage":"it-IT"},{"@type":"Organization","@id":"https:\/\/www.organisator.ch\/#organization","name":"Organizzatore","url":"https:\/\/www.organisator.ch\/","logo":{"@type":"ImageObject","inLanguage":"it-IT","@id":"https:\/\/www.organisator.ch\/#\/schema\/logo\/image\/","url":"https:\/\/www.organisator.ch\/wp-content\/uploads\/2022\/01\/Logo_Organisator_Website.png","contentUrl":"https:\/\/www.organisator.ch\/wp-content\/uploads\/2022\/01\/Logo_Organisator_Website.png","width":800,"height":77,"caption":"Organisator"},"image":{"@id":"https:\/\/www.organisator.ch\/#\/schema\/logo\/image\/"},"sameAs":["https:\/\/www.facebook.com\/OrganisatorFachmagazin","https:\/\/www.linkedin.com\/showcase\/organisator-das-magazin-fr-kmu","https:\/\/www.xing.com\/news\/pages\/organisator-ch-695","https:\/\/www.youtube.com\/channel\/UCGP2Sq0iWaZwT3BdIAQFYpw"]},{"@type":"Person","@id":"https:\/\/www.organisator.ch\/#\/schema\/person\/6f650f90b2842cd4c0cc334b4e36f67e","name":"Tommaso.berner","image":{"@type":"ImageObject","inLanguage":"it-IT","@id":"https:\/\/secure.gravatar.com\/avatar\/ac5001d2a36cb6c6cd3e50789007ffca834b477b74a2144564522e944eabff61?s=96&d=mm&r=g","url":"https:\/\/secure.gravatar.com\/avatar\/ac5001d2a36cb6c6cd3e50789007ffca834b477b74a2144564522e944eabff61?s=96&d=mm&r=g","contentUrl":"https:\/\/secure.gravatar.com\/avatar\/ac5001d2a36cb6c6cd3e50789007ffca834b477b74a2144564522e944eabff61?s=96&d=mm&r=g","caption":"thomas.berner"},"url":"https:\/\/www.organisator.ch\/it\/author\/thomas-berner\/"}]}},"_links":{"self":[{"href":"https:\/\/www.organisator.ch\/it\/wp-json\/wp\/v2\/posts\/21557","targetHints":{"allow":["GET"]}}],"collection":[{"href":"https:\/\/www.organisator.ch\/it\/wp-json\/wp\/v2\/posts"}],"about":[{"href":"https:\/\/www.organisator.ch\/it\/wp-json\/wp\/v2\/types\/post"}],"author":[{"embeddable":true,"href":"https:\/\/www.organisator.ch\/it\/wp-json\/wp\/v2\/users\/4"}],"replies":[{"embeddable":true,"href":"https:\/\/www.organisator.ch\/it\/wp-json\/wp\/v2\/comments?post=21557"}],"version-history":[{"count":1,"href":"https:\/\/www.organisator.ch\/it\/wp-json\/wp\/v2\/posts\/21557\/revisions"}],"predecessor-version":[{"id":21559,"href":"https:\/\/www.organisator.ch\/it\/wp-json\/wp\/v2\/posts\/21557\/revisions\/21559"}],"wp:featuredmedia":[{"embeddable":true,"href":"https:\/\/www.organisator.ch\/it\/wp-json\/wp\/v2\/media\/21558"}],"wp:attachment":[{"href":"https:\/\/www.organisator.ch\/it\/wp-json\/wp\/v2\/media?parent=21557"}],"wp:term":[{"taxonomy":"category","embeddable":true,"href":"https:\/\/www.organisator.ch\/it\/wp-json\/wp\/v2\/categories?post=21557"},{"taxonomy":"post_tag","embeddable":true,"href":"https:\/\/www.organisator.ch\/it\/wp-json\/wp\/v2\/tags?post=21557"}],"curies":[{"name":"wp","href":"https:\/\/api.w.org\/{rel}","templated":true}]}}