{"id":21583,"date":"2023-09-04T11:58:17","date_gmt":"2023-09-04T09:58:17","guid":{"rendered":"https:\/\/www.organisator.ch\/?p=21583"},"modified":"2023-09-04T11:58:17","modified_gmt":"2023-09-04T09:58:17","slug":"fernuni-schweiz-feiert-352-absolventinnen-und-absolventen","status":"publish","type":"post","link":"https:\/\/www.organisator.ch\/it\/weiterbildung\/2023-09-04\/fernuni-schweiz-feiert-352-absolventinnen-und-absolventen\/","title":{"rendered":"FernUni Svizzera festeggia 352 diplomati"},"content":{"rendered":"<figure id=\"attachment_21584\" aria-describedby=\"caption-attachment-21584\" style=\"width: 680px\" class=\"wp-caption alignnone\"><img loading=\"lazy\" decoding=\"async\" class=\"size-full wp-image-21584\" src=\"https:\/\/www.organisator.ch\/wp-content\/uploads\/2023\/09\/FernUni-Schweiz-feiert-352-Absolventinnen-und-Absolventen_Organisator.jpg\" alt=\"\" width=\"680\" height=\"454\" srcset=\"https:\/\/www.organisator.ch\/wp-content\/uploads\/2023\/09\/FernUni-Schweiz-feiert-352-Absolventinnen-und-Absolventen_Organisator.jpg 680w, https:\/\/www.organisator.ch\/wp-content\/uploads\/2023\/09\/FernUni-Schweiz-feiert-352-Absolventinnen-und-Absolventen_Organisator-18x12.jpg 18w, https:\/\/www.organisator.ch\/wp-content\/uploads\/2023\/09\/FernUni-Schweiz-feiert-352-Absolventinnen-und-Absolventen_Organisator-375x250.jpg 375w, https:\/\/www.organisator.ch\/wp-content\/uploads\/2023\/09\/FernUni-Schweiz-feiert-352-Absolventinnen-und-Absolventen_Organisator-524x350.jpg 524w\" sizes=\"auto, (max-width: 680px) 100vw, 680px\" \/><figcaption id=\"caption-attachment-21584\" class=\"wp-caption-text\">Cerimonia di consegna dei diplomi alla FernUni Svizzera: 352 laureati hanno ricevuto i loro diplomi. (Immagine: zVg \/ FernUni Svizzera)<\/figcaption><\/figure>\n<p>Quest'anno, 352 studenti di FernUni Svizzera hanno ricevuto il loro diploma - un record, secondo l'istituto di formazione. FernUni Svizzera offre corsi di formazione a distanza dal 1992. I corsi di laurea e di master, cos\u00ec come i programmi di formazione continua nelle facolt\u00e0 di Giurisprudenza, Economia, Matematica e Informatica, Storia e Psicologia, si basano su risultati di ricerca riconosciuti a livello internazionale su argomenti scientificamente e socialmente rilevanti e sono impartiti utilizzando tecnologie digitali innovative di insegnamento e apprendimento.<\/p>\n<h3>Il Canton Vallese come luogo di innovazione<\/h3>\n<p>C'\u00e8 anche un aspetto politico regionale: per Yves Rey, responsabile del Servizio per l'istruzione superiore, la FernUni Schweiz svolge un ruolo essenziale per il futuro del Canton Vallese: \"Da oltre 30 anni, il Vallese \u00e8 in costante cambiamento. Grazie soprattutto alle nostre universit\u00e0 presenti e a distanza, nonch\u00e9 ai nostri istituti di ricerca, il Vallese si sta sviluppando in un'area di innovazione ad alto valore aggiunto. Le nostre PMI, PMI o multinazionali hanno bisogno delle competenze degli studenti formati da FernUni Svizzera. La Svizzera ha poche risorse; la sua pi\u00f9 grande risorsa sono gli esperti ben formati. Spetta a tutti noi lavorare insieme per preservare e sviluppare questa importante risorsa per il bene sostenibile e democratico della nostra societ\u00e0\".<\/p>\n<p>Attualmente sono 2.270 gli studenti che studiano alla FernUni Svizzera (ad agosto 2023), pi\u00f9 o meno lo stesso numero dell'anno scorso. La FernUni Svizzera inizier\u00e0 il semestre autunnale di quest'anno con 531 nuovi studenti. Di questi, 375 iniziano un corso di laurea, 71 un master e 85 un programma di formazione continua (compreso il programma \"Ammissione 25+\"). Le facolt\u00e0 di Psicologia, Giurisprudenza ed Economia hanno registrato il maggior numero di nuove iscrizioni.<\/p>\n<h3>Il programma di master in economia gode di grande popolarit\u00e0<\/h3>\n<p>Da questo semestre autunnale, FernUni Svizzera offre il nuovo programma di Master \"Master in Economics, Business and Data Analytics\", al quale si sono iscritti 26 studenti. Questo Master in lingua inglese offre una solida formazione accademica che consente agli studenti di analizzare e comprendere i mercati, le organizzazioni e i processi decisionali.<\/p>\n<p>Il direttore del programma, il Prof. Dr. Manuel Grieder, \u00e8 entusiasta della grande popolarit\u00e0 e spiega: \"Siamo stati in grado di ispirare numerosi studenti con diversi background professionali e personali a partecipare al nostro nuovissimo programma di Master in Business in lingua inglese. FernUni Svizzera prospera sull'interazione tra docenti e studenti e sono lieto che il viaggio di apprendimento congiunto stia per iniziare.\"<\/p>\n<p><a href=\"https:\/\/fernuni.ch\/\"><em>Fonte e ulteriori informazioni<\/em><\/a><\/p>","protected":false},"excerpt":{"rendered":"<p>Il 2 settembre, presso la Simplonhalle di Briga, si \u00e8 svolta la cerimonia di consegna dei diplomi della FernUni Svizzera. L'istituto universitario ha avuto l'opportunit\u00e0 di festeggiare i suoi 352 studenti diplomati sotto la guida del presidente Stefan Bumann e alla presenza di Yves Rey, capo dell'Ufficio per l'istruzione superiore. <\/p>","protected":false},"author":4,"featured_media":0,"comment_status":"closed","ping_status":"closed","sticky":false,"template":"","format":"standard","meta":{"_acf_changed":false,"_yoast_wpseo_focuskw":"FernUni Schweiz","_yoast_wpseo_metadesc":"Am 2. September f\u00fchrte die FernUni Schweiz in der Simplonhalle in Brig ihre Diplomfeier durch. 352 Absolvierende erhielten ihre Diplome.","articlekey":"","footnotes":""},"categories":[30],"tags":[62,3265,2404],"class_list":["post-21583","post","type-post","status-publish","format-standard","hentry","category-weiterbildung","tag-aus-weiterbildung","tag-diplomfeier","tag-universitaet"],"acf":[],"yoast_head":"<!-- This site is optimized with the Yoast SEO plugin v27.5 - https:\/\/yoast.com\/product\/yoast-seo-wordpress\/ -->\n<title>FernUni Schweiz feiert 352 Absolventinnen und Absolventen - Organisator<\/title>\n<meta name=\"description\" content=\"Am 2. September f\u00fchrte die FernUni Schweiz in der Simplonhalle in Brig ihre Diplomfeier durch. 352 Absolvierende erhielten ihre Diplome.\" \/>\n<meta name=\"robots\" content=\"index, follow, max-snippet:-1, max-image-preview:large, max-video-preview:-1\" \/>\n<link rel=\"canonical\" href=\"https:\/\/www.organisator.ch\/it\/formazione-continua\/2023-09-04\/fernuni-schweiz-feiert-352-absolventinnen-und-absolventen\/\" \/>\n<meta property=\"og:locale\" content=\"it_IT\" \/>\n<meta property=\"og:type\" content=\"article\" \/>\n<meta property=\"og:title\" content=\"FernUni Schweiz feiert 352 Absolventinnen und Absolventen\" \/>\n<meta property=\"og:description\" content=\"Am 2. September f\u00fchrte die FernUni Schweiz in der Simplonhalle in Brig ihre Diplomfeier durch. 352 Absolvierende erhielten ihre Diplome.\" \/>\n<meta property=\"og:url\" content=\"https:\/\/www.organisator.ch\/it\/formazione-continua\/2023-09-04\/fernuni-schweiz-feiert-352-absolventinnen-und-absolventen\/\" \/>\n<meta property=\"og:site_name\" content=\"Organisator\" \/>\n<meta property=\"article:publisher\" content=\"https:\/\/www.facebook.com\/OrganisatorFachmagazin\" \/>\n<meta property=\"article:published_time\" content=\"2023-09-04T09:58:17+00:00\" \/>\n<meta property=\"og:image\" content=\"https:\/\/www.organisator.ch\/wp-content\/uploads\/2023\/09\/FernUni-Schweiz-feiert-352-Absolventinnen-und-Absolventen_Organisator.jpg\" \/>\n\t<meta property=\"og:image:width\" content=\"680\" \/>\n\t<meta property=\"og:image:height\" content=\"454\" \/>\n\t<meta property=\"og:image:type\" content=\"image\/jpeg\" \/>\n<meta name=\"author\" content=\"thomas.berner\" \/>\n<meta name=\"twitter:card\" content=\"summary_large_image\" \/>\n<meta name=\"twitter:title\" content=\"#FernUni Schweiz feiert 352 Absolventinnen und Absolventen\" \/>\n<meta name=\"twitter:description\" content=\"Am 2. September f\u00fchrte die #FernUni Schweiz in der Simplonhalle in Brig ihre Diplomfeier durch. 352 #Absolvierende erhielten ihre Diplome.\" \/>\n<meta name=\"twitter:image\" content=\"https:\/\/www.organisator.ch\/wp-content\/uploads\/2023\/09\/FernUni-Schweiz-feiert-352-Absolventinnen-und-Absolventen_Organisator.jpg\" \/>\n<script type=\"application\/ld+json\" class=\"yoast-schema-graph\">{\"@context\":\"https:\\\/\\\/schema.org\",\"@graph\":[{\"@type\":\"Article\",\"@id\":\"https:\\\/\\\/www.organisator.ch\\\/weiterbildung\\\/2023-09-04\\\/fernuni-schweiz-feiert-352-absolventinnen-und-absolventen\\\/#article\",\"isPartOf\":{\"@id\":\"https:\\\/\\\/www.organisator.ch\\\/weiterbildung\\\/2023-09-04\\\/fernuni-schweiz-feiert-352-absolventinnen-und-absolventen\\\/\"},\"author\":{\"name\":\"thomas.berner\",\"@id\":\"https:\\\/\\\/www.organisator.ch\\\/#\\\/schema\\\/person\\\/6f650f90b2842cd4c0cc334b4e36f67e\"},\"headline\":\"FernUni Schweiz feiert 352 Absolventinnen und Absolventen\",\"datePublished\":\"2023-09-04T09:58:17+00:00\",\"mainEntityOfPage\":{\"@id\":\"https:\\\/\\\/www.organisator.ch\\\/weiterbildung\\\/2023-09-04\\\/fernuni-schweiz-feiert-352-absolventinnen-und-absolventen\\\/\"},\"wordCount\":395,\"publisher\":{\"@id\":\"https:\\\/\\\/www.organisator.ch\\\/#organization\"},\"image\":{\"@id\":\"https:\\\/\\\/www.organisator.ch\\\/weiterbildung\\\/2023-09-04\\\/fernuni-schweiz-feiert-352-absolventinnen-und-absolventen\\\/#primaryimage\"},\"thumbnailUrl\":\"https:\\\/\\\/www.organisator.ch\\\/wp-content\\\/uploads\\\/2023\\\/09\\\/FernUni-Schweiz-feiert-352-Absolventinnen-und-Absolventen_Organisator.jpg\",\"keywords\":[\"Aus-\\\/Weiterbildung\",\"Diplomfeier\",\"Universit\u00e4t\"],\"articleSection\":[\"WEITERBILDUNG\"],\"inLanguage\":\"it-IT\"},{\"@type\":\"WebPage\",\"@id\":\"https:\\\/\\\/www.organisator.ch\\\/weiterbildung\\\/2023-09-04\\\/fernuni-schweiz-feiert-352-absolventinnen-und-absolventen\\\/\",\"url\":\"https:\\\/\\\/www.organisator.ch\\\/weiterbildung\\\/2023-09-04\\\/fernuni-schweiz-feiert-352-absolventinnen-und-absolventen\\\/\",\"name\":\"FernUni Schweiz feiert 352 Absolventinnen und Absolventen - Organisator\",\"isPartOf\":{\"@id\":\"https:\\\/\\\/www.organisator.ch\\\/#website\"},\"primaryImageOfPage\":{\"@id\":\"https:\\\/\\\/www.organisator.ch\\\/weiterbildung\\\/2023-09-04\\\/fernuni-schweiz-feiert-352-absolventinnen-und-absolventen\\\/#primaryimage\"},\"image\":{\"@id\":\"https:\\\/\\\/www.organisator.ch\\\/weiterbildung\\\/2023-09-04\\\/fernuni-schweiz-feiert-352-absolventinnen-und-absolventen\\\/#primaryimage\"},\"thumbnailUrl\":\"https:\\\/\\\/www.organisator.ch\\\/wp-content\\\/uploads\\\/2023\\\/09\\\/FernUni-Schweiz-feiert-352-Absolventinnen-und-Absolventen_Organisator.jpg\",\"datePublished\":\"2023-09-04T09:58:17+00:00\",\"description\":\"Am 2. September f\u00fchrte die FernUni Schweiz in der Simplonhalle in Brig ihre Diplomfeier durch. 352 Absolvierende erhielten ihre Diplome.\",\"breadcrumb\":{\"@id\":\"https:\\\/\\\/www.organisator.ch\\\/weiterbildung\\\/2023-09-04\\\/fernuni-schweiz-feiert-352-absolventinnen-und-absolventen\\\/#breadcrumb\"},\"inLanguage\":\"it-IT\",\"potentialAction\":[{\"@type\":\"ReadAction\",\"target\":[\"https:\\\/\\\/www.organisator.ch\\\/weiterbildung\\\/2023-09-04\\\/fernuni-schweiz-feiert-352-absolventinnen-und-absolventen\\\/\"]}]},{\"@type\":\"ImageObject\",\"inLanguage\":\"it-IT\",\"@id\":\"https:\\\/\\\/www.organisator.ch\\\/weiterbildung\\\/2023-09-04\\\/fernuni-schweiz-feiert-352-absolventinnen-und-absolventen\\\/#primaryimage\",\"url\":\"https:\\\/\\\/www.organisator.ch\\\/wp-content\\\/uploads\\\/2023\\\/09\\\/FernUni-Schweiz-feiert-352-Absolventinnen-und-Absolventen_Organisator.jpg\",\"contentUrl\":\"https:\\\/\\\/www.organisator.ch\\\/wp-content\\\/uploads\\\/2023\\\/09\\\/FernUni-Schweiz-feiert-352-Absolventinnen-und-Absolventen_Organisator.jpg\"},{\"@type\":\"BreadcrumbList\",\"@id\":\"https:\\\/\\\/www.organisator.ch\\\/weiterbildung\\\/2023-09-04\\\/fernuni-schweiz-feiert-352-absolventinnen-und-absolventen\\\/#breadcrumb\",\"itemListElement\":[{\"@type\":\"ListItem\",\"position\":1,\"name\":\"Home\",\"item\":\"https:\\\/\\\/www.organisator.ch\\\/\"},{\"@type\":\"ListItem\",\"position\":2,\"name\":\"FernUni Schweiz feiert 352 Absolventinnen und Absolventen\"}]},{\"@type\":\"WebSite\",\"@id\":\"https:\\\/\\\/www.organisator.ch\\\/#website\",\"url\":\"https:\\\/\\\/www.organisator.ch\\\/\",\"name\":\"Organisator\",\"description\":\"Kompetent. Praxisnah. Der ORGANISATOR bereitet in 10 Ausgaben pro Jahr die wesentlichen Themen f\u00fcr F\u00fchrungskr\u00e4fte von KMU auf.\",\"publisher\":{\"@id\":\"https:\\\/\\\/www.organisator.ch\\\/#organization\"},\"potentialAction\":[{\"@type\":\"SearchAction\",\"target\":{\"@type\":\"EntryPoint\",\"urlTemplate\":\"https:\\\/\\\/www.organisator.ch\\\/?s={search_term_string}\"},\"query-input\":{\"@type\":\"PropertyValueSpecification\",\"valueRequired\":true,\"valueName\":\"search_term_string\"}}],\"inLanguage\":\"it-IT\"},{\"@type\":\"Organization\",\"@id\":\"https:\\\/\\\/www.organisator.ch\\\/#organization\",\"name\":\"Organisator\",\"url\":\"https:\\\/\\\/www.organisator.ch\\\/\",\"logo\":{\"@type\":\"ImageObject\",\"inLanguage\":\"it-IT\",\"@id\":\"https:\\\/\\\/www.organisator.ch\\\/#\\\/schema\\\/logo\\\/image\\\/\",\"url\":\"https:\\\/\\\/www.organisator.ch\\\/wp-content\\\/uploads\\\/2022\\\/01\\\/Logo_Organisator_Website.png\",\"contentUrl\":\"https:\\\/\\\/www.organisator.ch\\\/wp-content\\\/uploads\\\/2022\\\/01\\\/Logo_Organisator_Website.png\",\"width\":800,\"height\":77,\"caption\":\"Organisator\"},\"image\":{\"@id\":\"https:\\\/\\\/www.organisator.ch\\\/#\\\/schema\\\/logo\\\/image\\\/\"},\"sameAs\":[\"https:\\\/\\\/www.facebook.com\\\/OrganisatorFachmagazin\",\"https:\\\/\\\/www.linkedin.com\\\/showcase\\\/organisator-das-magazin-fr-kmu\",\"https:\\\/\\\/www.xing.com\\\/news\\\/pages\\\/organisator-ch-695\",\"https:\\\/\\\/www.youtube.com\\\/channel\\\/UCGP2Sq0iWaZwT3BdIAQFYpw\"]},{\"@type\":\"Person\",\"@id\":\"https:\\\/\\\/www.organisator.ch\\\/#\\\/schema\\\/person\\\/6f650f90b2842cd4c0cc334b4e36f67e\",\"name\":\"thomas.berner\",\"image\":{\"@type\":\"ImageObject\",\"inLanguage\":\"it-IT\",\"@id\":\"https:\\\/\\\/secure.gravatar.com\\\/avatar\\\/ac5001d2a36cb6c6cd3e50789007ffca834b477b74a2144564522e944eabff61?s=96&d=mm&r=g\",\"url\":\"https:\\\/\\\/secure.gravatar.com\\\/avatar\\\/ac5001d2a36cb6c6cd3e50789007ffca834b477b74a2144564522e944eabff61?s=96&d=mm&r=g\",\"contentUrl\":\"https:\\\/\\\/secure.gravatar.com\\\/avatar\\\/ac5001d2a36cb6c6cd3e50789007ffca834b477b74a2144564522e944eabff61?s=96&d=mm&r=g\",\"caption\":\"thomas.berner\"},\"url\":\"https:\\\/\\\/www.organisator.ch\\\/it\\\/author\\\/thomas-berner\\\/\"}]}<\/script>\n<!-- \/ Yoast SEO plugin. -->","yoast_head_json":{"title":"FernUni Svizzera festeggia 352 laureati - Organizzatore","description":"Il 2 settembre, la FernUni Svizzera ha tenuto la cerimonia di consegna dei diplomi nella Simplonhalle di Briga. 352 diplomati hanno ricevuto i loro diplomi.","robots":{"index":"index","follow":"follow","max-snippet":"max-snippet:-1","max-image-preview":"max-image-preview:large","max-video-preview":"max-video-preview:-1"},"canonical":"https:\/\/www.organisator.ch\/it\/formazione-continua\/2023-09-04\/fernuni-schweiz-feiert-352-absolventinnen-und-absolventen\/","og_locale":"it_IT","og_type":"article","og_title":"FernUni Schweiz feiert 352 Absolventinnen und Absolventen","og_description":"Am 2. September f\u00fchrte die FernUni Schweiz in der Simplonhalle in Brig ihre Diplomfeier durch. 352 Absolvierende erhielten ihre Diplome.","og_url":"https:\/\/www.organisator.ch\/it\/formazione-continua\/2023-09-04\/fernuni-schweiz-feiert-352-absolventinnen-und-absolventen\/","og_site_name":"Organisator","article_publisher":"https:\/\/www.facebook.com\/OrganisatorFachmagazin","article_published_time":"2023-09-04T09:58:17+00:00","og_image":[{"width":680,"height":454,"url":"https:\/\/www.organisator.ch\/wp-content\/uploads\/2023\/09\/FernUni-Schweiz-feiert-352-Absolventinnen-und-Absolventen_Organisator.jpg","type":"image\/jpeg"}],"author":"thomas.berner","twitter_card":"summary_large_image","twitter_title":"#FernUni Schweiz feiert 352 Absolventinnen und Absolventen","twitter_description":"Am 2. September f\u00fchrte die #FernUni Schweiz in der Simplonhalle in Brig ihre Diplomfeier durch. 352 #Absolvierende erhielten ihre Diplome.","twitter_image":"https:\/\/www.organisator.ch\/wp-content\/uploads\/2023\/09\/FernUni-Schweiz-feiert-352-Absolventinnen-und-Absolventen_Organisator.jpg","schema":{"@context":"https:\/\/schema.org","@graph":[{"@type":"Article","@id":"https:\/\/www.organisator.ch\/weiterbildung\/2023-09-04\/fernuni-schweiz-feiert-352-absolventinnen-und-absolventen\/#article","isPartOf":{"@id":"https:\/\/www.organisator.ch\/weiterbildung\/2023-09-04\/fernuni-schweiz-feiert-352-absolventinnen-und-absolventen\/"},"author":{"name":"thomas.berner","@id":"https:\/\/www.organisator.ch\/#\/schema\/person\/6f650f90b2842cd4c0cc334b4e36f67e"},"headline":"FernUni Schweiz feiert 352 Absolventinnen und Absolventen","datePublished":"2023-09-04T09:58:17+00:00","mainEntityOfPage":{"@id":"https:\/\/www.organisator.ch\/weiterbildung\/2023-09-04\/fernuni-schweiz-feiert-352-absolventinnen-und-absolventen\/"},"wordCount":395,"publisher":{"@id":"https:\/\/www.organisator.ch\/#organization"},"image":{"@id":"https:\/\/www.organisator.ch\/weiterbildung\/2023-09-04\/fernuni-schweiz-feiert-352-absolventinnen-und-absolventen\/#primaryimage"},"thumbnailUrl":"https:\/\/www.organisator.ch\/wp-content\/uploads\/2023\/09\/FernUni-Schweiz-feiert-352-Absolventinnen-und-Absolventen_Organisator.jpg","keywords":["Aus-\/Weiterbildung","Diplomfeier","Universit\u00e4t"],"articleSection":["WEITERBILDUNG"],"inLanguage":"it-IT"},{"@type":"WebPage","@id":"https:\/\/www.organisator.ch\/weiterbildung\/2023-09-04\/fernuni-schweiz-feiert-352-absolventinnen-und-absolventen\/","url":"https:\/\/www.organisator.ch\/weiterbildung\/2023-09-04\/fernuni-schweiz-feiert-352-absolventinnen-und-absolventen\/","name":"FernUni Svizzera festeggia 352 laureati - Organizzatore","isPartOf":{"@id":"https:\/\/www.organisator.ch\/#website"},"primaryImageOfPage":{"@id":"https:\/\/www.organisator.ch\/weiterbildung\/2023-09-04\/fernuni-schweiz-feiert-352-absolventinnen-und-absolventen\/#primaryimage"},"image":{"@id":"https:\/\/www.organisator.ch\/weiterbildung\/2023-09-04\/fernuni-schweiz-feiert-352-absolventinnen-und-absolventen\/#primaryimage"},"thumbnailUrl":"https:\/\/www.organisator.ch\/wp-content\/uploads\/2023\/09\/FernUni-Schweiz-feiert-352-Absolventinnen-und-Absolventen_Organisator.jpg","datePublished":"2023-09-04T09:58:17+00:00","description":"Il 2 settembre, la FernUni Svizzera ha tenuto la cerimonia di consegna dei diplomi nella Simplonhalle di Briga. 352 diplomati hanno ricevuto i loro diplomi.","breadcrumb":{"@id":"https:\/\/www.organisator.ch\/weiterbildung\/2023-09-04\/fernuni-schweiz-feiert-352-absolventinnen-und-absolventen\/#breadcrumb"},"inLanguage":"it-IT","potentialAction":[{"@type":"ReadAction","target":["https:\/\/www.organisator.ch\/weiterbildung\/2023-09-04\/fernuni-schweiz-feiert-352-absolventinnen-und-absolventen\/"]}]},{"@type":"ImageObject","inLanguage":"it-IT","@id":"https:\/\/www.organisator.ch\/weiterbildung\/2023-09-04\/fernuni-schweiz-feiert-352-absolventinnen-und-absolventen\/#primaryimage","url":"https:\/\/www.organisator.ch\/wp-content\/uploads\/2023\/09\/FernUni-Schweiz-feiert-352-Absolventinnen-und-Absolventen_Organisator.jpg","contentUrl":"https:\/\/www.organisator.ch\/wp-content\/uploads\/2023\/09\/FernUni-Schweiz-feiert-352-Absolventinnen-und-Absolventen_Organisator.jpg"},{"@type":"BreadcrumbList","@id":"https:\/\/www.organisator.ch\/weiterbildung\/2023-09-04\/fernuni-schweiz-feiert-352-absolventinnen-und-absolventen\/#breadcrumb","itemListElement":[{"@type":"ListItem","position":1,"name":"Home","item":"https:\/\/www.organisator.ch\/"},{"@type":"ListItem","position":2,"name":"FernUni Schweiz feiert 352 Absolventinnen und Absolventen"}]},{"@type":"WebSite","@id":"https:\/\/www.organisator.ch\/#website","url":"https:\/\/www.organisator.ch\/","name":"Organizzatore","description":"Competente. Pratico. In 10 numeri all'anno, ORGANISATOR presenta i temi essenziali per i manager delle PMI.","publisher":{"@id":"https:\/\/www.organisator.ch\/#organization"},"potentialAction":[{"@type":"SearchAction","target":{"@type":"EntryPoint","urlTemplate":"https:\/\/www.organisator.ch\/?s={search_term_string}"},"query-input":{"@type":"PropertyValueSpecification","valueRequired":true,"valueName":"search_term_string"}}],"inLanguage":"it-IT"},{"@type":"Organization","@id":"https:\/\/www.organisator.ch\/#organization","name":"Organizzatore","url":"https:\/\/www.organisator.ch\/","logo":{"@type":"ImageObject","inLanguage":"it-IT","@id":"https:\/\/www.organisator.ch\/#\/schema\/logo\/image\/","url":"https:\/\/www.organisator.ch\/wp-content\/uploads\/2022\/01\/Logo_Organisator_Website.png","contentUrl":"https:\/\/www.organisator.ch\/wp-content\/uploads\/2022\/01\/Logo_Organisator_Website.png","width":800,"height":77,"caption":"Organisator"},"image":{"@id":"https:\/\/www.organisator.ch\/#\/schema\/logo\/image\/"},"sameAs":["https:\/\/www.facebook.com\/OrganisatorFachmagazin","https:\/\/www.linkedin.com\/showcase\/organisator-das-magazin-fr-kmu","https:\/\/www.xing.com\/news\/pages\/organisator-ch-695","https:\/\/www.youtube.com\/channel\/UCGP2Sq0iWaZwT3BdIAQFYpw"]},{"@type":"Person","@id":"https:\/\/www.organisator.ch\/#\/schema\/person\/6f650f90b2842cd4c0cc334b4e36f67e","name":"Tommaso.berner","image":{"@type":"ImageObject","inLanguage":"it-IT","@id":"https:\/\/secure.gravatar.com\/avatar\/ac5001d2a36cb6c6cd3e50789007ffca834b477b74a2144564522e944eabff61?s=96&d=mm&r=g","url":"https:\/\/secure.gravatar.com\/avatar\/ac5001d2a36cb6c6cd3e50789007ffca834b477b74a2144564522e944eabff61?s=96&d=mm&r=g","contentUrl":"https:\/\/secure.gravatar.com\/avatar\/ac5001d2a36cb6c6cd3e50789007ffca834b477b74a2144564522e944eabff61?s=96&d=mm&r=g","caption":"thomas.berner"},"url":"https:\/\/www.organisator.ch\/it\/author\/thomas-berner\/"}]}},"_links":{"self":[{"href":"https:\/\/www.organisator.ch\/it\/wp-json\/wp\/v2\/posts\/21583","targetHints":{"allow":["GET"]}}],"collection":[{"href":"https:\/\/www.organisator.ch\/it\/wp-json\/wp\/v2\/posts"}],"about":[{"href":"https:\/\/www.organisator.ch\/it\/wp-json\/wp\/v2\/types\/post"}],"author":[{"embeddable":true,"href":"https:\/\/www.organisator.ch\/it\/wp-json\/wp\/v2\/users\/4"}],"replies":[{"embeddable":true,"href":"https:\/\/www.organisator.ch\/it\/wp-json\/wp\/v2\/comments?post=21583"}],"version-history":[{"count":1,"href":"https:\/\/www.organisator.ch\/it\/wp-json\/wp\/v2\/posts\/21583\/revisions"}],"predecessor-version":[{"id":21585,"href":"https:\/\/www.organisator.ch\/it\/wp-json\/wp\/v2\/posts\/21583\/revisions\/21585"}],"wp:attachment":[{"href":"https:\/\/www.organisator.ch\/it\/wp-json\/wp\/v2\/media?parent=21583"}],"wp:term":[{"taxonomy":"category","embeddable":true,"href":"https:\/\/www.organisator.ch\/it\/wp-json\/wp\/v2\/categories?post=21583"},{"taxonomy":"post_tag","embeddable":true,"href":"https:\/\/www.organisator.ch\/it\/wp-json\/wp\/v2\/tags?post=21583"}],"curies":[{"name":"wp","href":"https:\/\/api.w.org\/{rel}","templated":true}]}}