{"id":21592,"date":"2023-09-06T04:47:57","date_gmt":"2023-09-06T02:47:57","guid":{"rendered":"https:\/\/www.organisator.ch\/?p=21592"},"modified":"2023-09-05T14:57:22","modified_gmt":"2023-09-05T12:57:22","slug":"neuer-direktor-der-hochschule-fuer-technik-und-umwelt-fhnw","status":"publish","type":"post","link":"https:\/\/www.organisator.ch\/it\/weiterbildung\/2023-09-06\/neuer-direktor-der-hochschule-fuer-technik-und-umwelt-fhnw\/","title":{"rendered":"Nuovo direttore della Scuola di ingegneria e ambiente della FHNW"},"content":{"rendered":"<figure id=\"attachment_21593\" aria-describedby=\"caption-attachment-21593\" style=\"width: 680px\" class=\"wp-caption alignnone\"><img loading=\"lazy\" decoding=\"async\" class=\"size-full wp-image-21593\" src=\"https:\/\/www.organisator.ch\/wp-content\/uploads\/2023\/09\/Neuer-Direktor-der-Hochschule-fuer-Technik-und-Umwelt-FHNW_Organisator.jpg\" alt=\"\" width=\"680\" height=\"468\" srcset=\"https:\/\/www.organisator.ch\/wp-content\/uploads\/2023\/09\/Neuer-Direktor-der-Hochschule-fuer-Technik-und-Umwelt-FHNW_Organisator.jpg 680w, https:\/\/www.organisator.ch\/wp-content\/uploads\/2023\/09\/Neuer-Direktor-der-Hochschule-fuer-Technik-und-Umwelt-FHNW_Organisator-18x12.jpg 18w, https:\/\/www.organisator.ch\/wp-content\/uploads\/2023\/09\/Neuer-Direktor-der-Hochschule-fuer-Technik-und-Umwelt-FHNW_Organisator-375x258.jpg 375w, https:\/\/www.organisator.ch\/wp-content\/uploads\/2023\/09\/Neuer-Direktor-der-Hochschule-fuer-Technik-und-Umwelt-FHNW_Organisator-509x350.jpg 509w\" sizes=\"auto, (max-width: 680px) 100vw, 680px\" \/><figcaption id=\"caption-attachment-21593\" class=\"wp-caption-text\">Peter Flohr, nuovo direttore della Scuola di Ingegneria e Ambiente della FHNW. (Immagine: zVg \/ FHNW)<\/figcaption><\/figure>\n<p>In considerazione delle attuali sfide nel campo del cambiamento climatico, della scarsit\u00e0 di risorse e della ristrutturazione dell'approvvigionamento energetico, dall'inizio del 2025 l'insegnamento e la ricerca della Scuola di Ingegneria della FHNW saranno integrati con l'area dell'ambiente. A tal fine, saranno creati nuovi corsi di studio e saranno costruiti gli istituti e le strutture di laboratorio corrispondenti. Dal 2025, il nome dell'universit\u00e0 sar\u00e0 \"Hochschule f\u00fcr Technik und Umwelt FHNW\".<\/p>\n<p>Peter Flohr (56 anni) si \u00e8 laureato in ingegneria aerospaziale all'Universit\u00e0 di Stoccarda (Germania) nel 1993 e ha conseguito il dottorato di ricerca in matematica applicata all'Universit\u00e0 di Cambridge (Inghilterra) nel 1998. Dal 1998 al 2020 ha ricoperto diverse posizioni tecniche e manageriali presso ABB, Alstom e General Electric, durante le quali ha portato al successo un gran numero di progetti. Dal 2020, il dott. Peter Flohr lavora presso la ZHAW School of Engineering di Winterthur come direttore di dipartimento specializzato. In questo ruolo, dirige attualmente diversi istituti e programmi di laurea e promuove attivamente progetti di sviluppo strategico come membro della direzione del dipartimento.<\/p>\n<p>Il dottor Peter Flohr inizier\u00e0 a lavorare presso l'UASNW il 1\u00b0 aprile 2024 e assumer\u00e0 la gestione strategica e operativa della nuova UASNW dal 1\u00b0 gennaio 2025. Nel suo ruolo di nuovo direttore, amplier\u00e0 la rete regionale e nazionale dell'universit\u00e0, guider\u00e0 la trasformazione dell'universit\u00e0 nella futura Scuola di Ingegneria e Ambiente UASNW, promuover\u00e0 il posizionamento associato dell'universit\u00e0 e le sue offerte di istruzione e formazione e condivider\u00e0 la responsabilit\u00e0 dello sviluppo dell'UASNW come membro del Comitato esecutivo della Scuola universitaria professionale della Svizzera nordoccidentale UASNW. Il Prof. J\u00fcrg Christener, che \u00e8 stato direttore della SUP della Svizzera nord-occidentale fin dalla sua fondazione, andr\u00e0 in pensione alla fine di maggio 2024.<\/p>\n<p><em>Fonte: <a href=\"http:\/\/www.fhnw.ch\">FHNW<\/a><\/em><\/p>","protected":false},"excerpt":{"rendered":"<p>Il Consiglio della SUP dell'Universit\u00e0 di Scienze Applicate della Svizzera nordoccidentale FHNW ha eletto il Dr. Peter Flohr come nuovo Direttore dell'Universit\u00e0 di Scienze Applicate FHNW il 4 settembre 2023. <\/p>","protected":false},"author":4,"featured_media":21593,"comment_status":"closed","ping_status":"closed","sticky":false,"template":"","format":"standard","meta":{"_acf_changed":false,"_yoast_wpseo_focuskw":"Technik und Umwelt","_yoast_wpseo_metadesc":"Der Fachhochschulrat der FHNW hat am 4. September 2023 Dr. Peter Flohr zum neuen Direktor der Hochschule f\u00fcr Technik und Umwelt FHNW gew\u00e4hlt.","articlekey":"","footnotes":""},"categories":[30],"tags":[62,192,1168,381],"class_list":["post-21592","post","type-post","status-publish","format-standard","has-post-thumbnail","hentry","category-weiterbildung","tag-aus-weiterbildung","tag-fachhochschulen","tag-fhnw","tag-personalia"],"acf":[],"yoast_head":"<!-- This site is optimized with the Yoast SEO plugin v27.4 - https:\/\/yoast.com\/product\/yoast-seo-wordpress\/ -->\n<title>Neuer Direktor der Hochschule f\u00fcr Technik und Umwelt FHNW - Organisator<\/title>\n<meta name=\"description\" content=\"Der Fachhochschulrat der FHNW hat am 4. September 2023 Dr. Peter Flohr zum neuen Direktor der Hochschule f\u00fcr Technik und Umwelt FHNW gew\u00e4hlt.\" \/>\n<meta name=\"robots\" content=\"index, follow, max-snippet:-1, max-image-preview:large, max-video-preview:-1\" \/>\n<link rel=\"canonical\" href=\"https:\/\/www.organisator.ch\/it\/formazione-continua\/2023-09-06\/neuer-direktor-der-hochschule-fuer-technik-und-umwelt-fhnw\/\" \/>\n<meta property=\"og:locale\" content=\"it_IT\" \/>\n<meta property=\"og:type\" content=\"article\" \/>\n<meta property=\"og:title\" content=\"Neuer Direktor der Hochschule f\u00fcr Technik und Umwelt FHNW\" \/>\n<meta property=\"og:description\" content=\"Der Fachhochschulrat der FHNW hat am 4. September 2023 Dr. Peter Flohr zum neuen Direktor der Hochschule f\u00fcr Technik und Umwelt FHNW gew\u00e4hlt.\" \/>\n<meta property=\"og:url\" content=\"https:\/\/www.organisator.ch\/it\/formazione-continua\/2023-09-06\/neuer-direktor-der-hochschule-fuer-technik-und-umwelt-fhnw\/\" \/>\n<meta property=\"og:site_name\" content=\"Organisator\" \/>\n<meta property=\"article:publisher\" content=\"https:\/\/www.facebook.com\/OrganisatorFachmagazin\" \/>\n<meta property=\"article:published_time\" content=\"2023-09-06T02:47:57+00:00\" \/>\n<meta property=\"og:image\" content=\"https:\/\/www.organisator.ch\/wp-content\/uploads\/2023\/09\/Neuer-Direktor-der-Hochschule-fuer-Technik-und-Umwelt-FHNW_Organisator.jpg\" \/>\n\t<meta property=\"og:image:width\" content=\"680\" \/>\n\t<meta property=\"og:image:height\" content=\"468\" \/>\n\t<meta property=\"og:image:type\" content=\"image\/jpeg\" \/>\n<meta name=\"author\" content=\"thomas.berner\" \/>\n<meta name=\"twitter:card\" content=\"summary_large_image\" \/>\n<meta name=\"twitter:title\" content=\"Neuer Direktor der Hochschule f\u00fcr Technik und Umwelt #FHNW\" \/>\n<meta name=\"twitter:description\" content=\"Der #Fachhochschulrat der #FHNW hat am 4. September 2023 Dr. Peter #Flohr zum neuen Direktor der Hochschule f\u00fcr Technik und Umwelt FHNW gew\u00e4hlt.\" \/>\n<meta name=\"twitter:image\" content=\"https:\/\/www.organisator.ch\/wp-content\/uploads\/2023\/09\/Neuer-Direktor-der-Hochschule-fuer-Technik-und-Umwelt-FHNW_Organisator.jpg\" \/>\n<script type=\"application\/ld+json\" class=\"yoast-schema-graph\">{\"@context\":\"https:\\\/\\\/schema.org\",\"@graph\":[{\"@type\":\"Article\",\"@id\":\"https:\\\/\\\/www.organisator.ch\\\/weiterbildung\\\/2023-09-06\\\/neuer-direktor-der-hochschule-fuer-technik-und-umwelt-fhnw\\\/#article\",\"isPartOf\":{\"@id\":\"https:\\\/\\\/www.organisator.ch\\\/weiterbildung\\\/2023-09-06\\\/neuer-direktor-der-hochschule-fuer-technik-und-umwelt-fhnw\\\/\"},\"author\":{\"name\":\"thomas.berner\",\"@id\":\"https:\\\/\\\/www.organisator.ch\\\/#\\\/schema\\\/person\\\/6f650f90b2842cd4c0cc334b4e36f67e\"},\"headline\":\"Neuer Direktor der Hochschule f\u00fcr Technik und Umwelt FHNW\",\"datePublished\":\"2023-09-06T02:47:57+00:00\",\"mainEntityOfPage\":{\"@id\":\"https:\\\/\\\/www.organisator.ch\\\/weiterbildung\\\/2023-09-06\\\/neuer-direktor-der-hochschule-fuer-technik-und-umwelt-fhnw\\\/\"},\"wordCount\":305,\"publisher\":{\"@id\":\"https:\\\/\\\/www.organisator.ch\\\/#organization\"},\"image\":{\"@id\":\"https:\\\/\\\/www.organisator.ch\\\/weiterbildung\\\/2023-09-06\\\/neuer-direktor-der-hochschule-fuer-technik-und-umwelt-fhnw\\\/#primaryimage\"},\"thumbnailUrl\":\"https:\\\/\\\/www.organisator.ch\\\/wp-content\\\/uploads\\\/2023\\\/09\\\/Neuer-Direktor-der-Hochschule-fuer-Technik-und-Umwelt-FHNW_Organisator.jpg\",\"keywords\":[\"Aus-\\\/Weiterbildung\",\"Fachhochschulen\",\"FHNW\",\"Personalia\"],\"articleSection\":[\"WEITERBILDUNG\"],\"inLanguage\":\"it-IT\"},{\"@type\":\"WebPage\",\"@id\":\"https:\\\/\\\/www.organisator.ch\\\/weiterbildung\\\/2023-09-06\\\/neuer-direktor-der-hochschule-fuer-technik-und-umwelt-fhnw\\\/\",\"url\":\"https:\\\/\\\/www.organisator.ch\\\/weiterbildung\\\/2023-09-06\\\/neuer-direktor-der-hochschule-fuer-technik-und-umwelt-fhnw\\\/\",\"name\":\"Neuer Direktor der Hochschule f\u00fcr Technik und Umwelt FHNW - Organisator\",\"isPartOf\":{\"@id\":\"https:\\\/\\\/www.organisator.ch\\\/#website\"},\"primaryImageOfPage\":{\"@id\":\"https:\\\/\\\/www.organisator.ch\\\/weiterbildung\\\/2023-09-06\\\/neuer-direktor-der-hochschule-fuer-technik-und-umwelt-fhnw\\\/#primaryimage\"},\"image\":{\"@id\":\"https:\\\/\\\/www.organisator.ch\\\/weiterbildung\\\/2023-09-06\\\/neuer-direktor-der-hochschule-fuer-technik-und-umwelt-fhnw\\\/#primaryimage\"},\"thumbnailUrl\":\"https:\\\/\\\/www.organisator.ch\\\/wp-content\\\/uploads\\\/2023\\\/09\\\/Neuer-Direktor-der-Hochschule-fuer-Technik-und-Umwelt-FHNW_Organisator.jpg\",\"datePublished\":\"2023-09-06T02:47:57+00:00\",\"description\":\"Der Fachhochschulrat der FHNW hat am 4. September 2023 Dr. Peter Flohr zum neuen Direktor der Hochschule f\u00fcr Technik und Umwelt FHNW gew\u00e4hlt.\",\"breadcrumb\":{\"@id\":\"https:\\\/\\\/www.organisator.ch\\\/weiterbildung\\\/2023-09-06\\\/neuer-direktor-der-hochschule-fuer-technik-und-umwelt-fhnw\\\/#breadcrumb\"},\"inLanguage\":\"it-IT\",\"potentialAction\":[{\"@type\":\"ReadAction\",\"target\":[\"https:\\\/\\\/www.organisator.ch\\\/weiterbildung\\\/2023-09-06\\\/neuer-direktor-der-hochschule-fuer-technik-und-umwelt-fhnw\\\/\"]}]},{\"@type\":\"ImageObject\",\"inLanguage\":\"it-IT\",\"@id\":\"https:\\\/\\\/www.organisator.ch\\\/weiterbildung\\\/2023-09-06\\\/neuer-direktor-der-hochschule-fuer-technik-und-umwelt-fhnw\\\/#primaryimage\",\"url\":\"https:\\\/\\\/www.organisator.ch\\\/wp-content\\\/uploads\\\/2023\\\/09\\\/Neuer-Direktor-der-Hochschule-fuer-Technik-und-Umwelt-FHNW_Organisator.jpg\",\"contentUrl\":\"https:\\\/\\\/www.organisator.ch\\\/wp-content\\\/uploads\\\/2023\\\/09\\\/Neuer-Direktor-der-Hochschule-fuer-Technik-und-Umwelt-FHNW_Organisator.jpg\",\"width\":680,\"height\":468,\"caption\":\"Dr. Peter Flohr, neuer Direktor der Hochschule f\u00fcr Technik und Umwelt FHNW. (Bild: zVg \\\/ FHNW)\"},{\"@type\":\"BreadcrumbList\",\"@id\":\"https:\\\/\\\/www.organisator.ch\\\/weiterbildung\\\/2023-09-06\\\/neuer-direktor-der-hochschule-fuer-technik-und-umwelt-fhnw\\\/#breadcrumb\",\"itemListElement\":[{\"@type\":\"ListItem\",\"position\":1,\"name\":\"Home\",\"item\":\"https:\\\/\\\/www.organisator.ch\\\/\"},{\"@type\":\"ListItem\",\"position\":2,\"name\":\"Neuer Direktor der Hochschule f\u00fcr Technik und Umwelt FHNW\"}]},{\"@type\":\"WebSite\",\"@id\":\"https:\\\/\\\/www.organisator.ch\\\/#website\",\"url\":\"https:\\\/\\\/www.organisator.ch\\\/\",\"name\":\"Organisator\",\"description\":\"Kompetent. Praxisnah. Der ORGANISATOR bereitet in 10 Ausgaben pro Jahr die wesentlichen Themen f\u00fcr F\u00fchrungskr\u00e4fte von KMU auf.\",\"publisher\":{\"@id\":\"https:\\\/\\\/www.organisator.ch\\\/#organization\"},\"potentialAction\":[{\"@type\":\"SearchAction\",\"target\":{\"@type\":\"EntryPoint\",\"urlTemplate\":\"https:\\\/\\\/www.organisator.ch\\\/?s={search_term_string}\"},\"query-input\":{\"@type\":\"PropertyValueSpecification\",\"valueRequired\":true,\"valueName\":\"search_term_string\"}}],\"inLanguage\":\"it-IT\"},{\"@type\":\"Organization\",\"@id\":\"https:\\\/\\\/www.organisator.ch\\\/#organization\",\"name\":\"Organisator\",\"url\":\"https:\\\/\\\/www.organisator.ch\\\/\",\"logo\":{\"@type\":\"ImageObject\",\"inLanguage\":\"it-IT\",\"@id\":\"https:\\\/\\\/www.organisator.ch\\\/#\\\/schema\\\/logo\\\/image\\\/\",\"url\":\"https:\\\/\\\/www.organisator.ch\\\/wp-content\\\/uploads\\\/2022\\\/01\\\/Logo_Organisator_Website.png\",\"contentUrl\":\"https:\\\/\\\/www.organisator.ch\\\/wp-content\\\/uploads\\\/2022\\\/01\\\/Logo_Organisator_Website.png\",\"width\":800,\"height\":77,\"caption\":\"Organisator\"},\"image\":{\"@id\":\"https:\\\/\\\/www.organisator.ch\\\/#\\\/schema\\\/logo\\\/image\\\/\"},\"sameAs\":[\"https:\\\/\\\/www.facebook.com\\\/OrganisatorFachmagazin\",\"https:\\\/\\\/www.linkedin.com\\\/showcase\\\/organisator-das-magazin-fr-kmu\",\"https:\\\/\\\/www.xing.com\\\/news\\\/pages\\\/organisator-ch-695\",\"https:\\\/\\\/www.youtube.com\\\/channel\\\/UCGP2Sq0iWaZwT3BdIAQFYpw\"]},{\"@type\":\"Person\",\"@id\":\"https:\\\/\\\/www.organisator.ch\\\/#\\\/schema\\\/person\\\/6f650f90b2842cd4c0cc334b4e36f67e\",\"name\":\"thomas.berner\",\"image\":{\"@type\":\"ImageObject\",\"inLanguage\":\"it-IT\",\"@id\":\"https:\\\/\\\/secure.gravatar.com\\\/avatar\\\/ac5001d2a36cb6c6cd3e50789007ffca834b477b74a2144564522e944eabff61?s=96&d=mm&r=g\",\"url\":\"https:\\\/\\\/secure.gravatar.com\\\/avatar\\\/ac5001d2a36cb6c6cd3e50789007ffca834b477b74a2144564522e944eabff61?s=96&d=mm&r=g\",\"contentUrl\":\"https:\\\/\\\/secure.gravatar.com\\\/avatar\\\/ac5001d2a36cb6c6cd3e50789007ffca834b477b74a2144564522e944eabff61?s=96&d=mm&r=g\",\"caption\":\"thomas.berner\"},\"url\":\"https:\\\/\\\/www.organisator.ch\\\/it\\\/author\\\/thomas-berner\\\/\"}]}<\/script>\n<!-- \/ Yoast SEO plugin. -->","yoast_head_json":{"title":"Nuovo direttore della Scuola di ingegneria e ambiente della FHNW - Organizzatore","description":"Il 4 settembre 2023, il Consiglio della SUP ha eletto il dottor Peter Flohr nuovo direttore della SUP FHNW.","robots":{"index":"index","follow":"follow","max-snippet":"max-snippet:-1","max-image-preview":"max-image-preview:large","max-video-preview":"max-video-preview:-1"},"canonical":"https:\/\/www.organisator.ch\/it\/formazione-continua\/2023-09-06\/neuer-direktor-der-hochschule-fuer-technik-und-umwelt-fhnw\/","og_locale":"it_IT","og_type":"article","og_title":"Neuer Direktor der Hochschule f\u00fcr Technik und Umwelt FHNW","og_description":"Der Fachhochschulrat der FHNW hat am 4. September 2023 Dr. Peter Flohr zum neuen Direktor der Hochschule f\u00fcr Technik und Umwelt FHNW gew\u00e4hlt.","og_url":"https:\/\/www.organisator.ch\/it\/formazione-continua\/2023-09-06\/neuer-direktor-der-hochschule-fuer-technik-und-umwelt-fhnw\/","og_site_name":"Organisator","article_publisher":"https:\/\/www.facebook.com\/OrganisatorFachmagazin","article_published_time":"2023-09-06T02:47:57+00:00","og_image":[{"width":680,"height":468,"url":"https:\/\/www.organisator.ch\/wp-content\/uploads\/2023\/09\/Neuer-Direktor-der-Hochschule-fuer-Technik-und-Umwelt-FHNW_Organisator.jpg","type":"image\/jpeg"}],"author":"thomas.berner","twitter_card":"summary_large_image","twitter_title":"Neuer Direktor der Hochschule f\u00fcr Technik und Umwelt #FHNW","twitter_description":"Der #Fachhochschulrat der #FHNW hat am 4. September 2023 Dr. Peter #Flohr zum neuen Direktor der Hochschule f\u00fcr Technik und Umwelt FHNW gew\u00e4hlt.","twitter_image":"https:\/\/www.organisator.ch\/wp-content\/uploads\/2023\/09\/Neuer-Direktor-der-Hochschule-fuer-Technik-und-Umwelt-FHNW_Organisator.jpg","schema":{"@context":"https:\/\/schema.org","@graph":[{"@type":"Article","@id":"https:\/\/www.organisator.ch\/weiterbildung\/2023-09-06\/neuer-direktor-der-hochschule-fuer-technik-und-umwelt-fhnw\/#article","isPartOf":{"@id":"https:\/\/www.organisator.ch\/weiterbildung\/2023-09-06\/neuer-direktor-der-hochschule-fuer-technik-und-umwelt-fhnw\/"},"author":{"name":"thomas.berner","@id":"https:\/\/www.organisator.ch\/#\/schema\/person\/6f650f90b2842cd4c0cc334b4e36f67e"},"headline":"Neuer Direktor der Hochschule f\u00fcr Technik und Umwelt FHNW","datePublished":"2023-09-06T02:47:57+00:00","mainEntityOfPage":{"@id":"https:\/\/www.organisator.ch\/weiterbildung\/2023-09-06\/neuer-direktor-der-hochschule-fuer-technik-und-umwelt-fhnw\/"},"wordCount":305,"publisher":{"@id":"https:\/\/www.organisator.ch\/#organization"},"image":{"@id":"https:\/\/www.organisator.ch\/weiterbildung\/2023-09-06\/neuer-direktor-der-hochschule-fuer-technik-und-umwelt-fhnw\/#primaryimage"},"thumbnailUrl":"https:\/\/www.organisator.ch\/wp-content\/uploads\/2023\/09\/Neuer-Direktor-der-Hochschule-fuer-Technik-und-Umwelt-FHNW_Organisator.jpg","keywords":["Aus-\/Weiterbildung","Fachhochschulen","FHNW","Personalia"],"articleSection":["WEITERBILDUNG"],"inLanguage":"it-IT"},{"@type":"WebPage","@id":"https:\/\/www.organisator.ch\/weiterbildung\/2023-09-06\/neuer-direktor-der-hochschule-fuer-technik-und-umwelt-fhnw\/","url":"https:\/\/www.organisator.ch\/weiterbildung\/2023-09-06\/neuer-direktor-der-hochschule-fuer-technik-und-umwelt-fhnw\/","name":"Nuovo direttore della Scuola di ingegneria e ambiente della FHNW - Organizzatore","isPartOf":{"@id":"https:\/\/www.organisator.ch\/#website"},"primaryImageOfPage":{"@id":"https:\/\/www.organisator.ch\/weiterbildung\/2023-09-06\/neuer-direktor-der-hochschule-fuer-technik-und-umwelt-fhnw\/#primaryimage"},"image":{"@id":"https:\/\/www.organisator.ch\/weiterbildung\/2023-09-06\/neuer-direktor-der-hochschule-fuer-technik-und-umwelt-fhnw\/#primaryimage"},"thumbnailUrl":"https:\/\/www.organisator.ch\/wp-content\/uploads\/2023\/09\/Neuer-Direktor-der-Hochschule-fuer-Technik-und-Umwelt-FHNW_Organisator.jpg","datePublished":"2023-09-06T02:47:57+00:00","description":"Il 4 settembre 2023, il Consiglio della SUP ha eletto il dottor Peter Flohr nuovo direttore della SUP FHNW.","breadcrumb":{"@id":"https:\/\/www.organisator.ch\/weiterbildung\/2023-09-06\/neuer-direktor-der-hochschule-fuer-technik-und-umwelt-fhnw\/#breadcrumb"},"inLanguage":"it-IT","potentialAction":[{"@type":"ReadAction","target":["https:\/\/www.organisator.ch\/weiterbildung\/2023-09-06\/neuer-direktor-der-hochschule-fuer-technik-und-umwelt-fhnw\/"]}]},{"@type":"ImageObject","inLanguage":"it-IT","@id":"https:\/\/www.organisator.ch\/weiterbildung\/2023-09-06\/neuer-direktor-der-hochschule-fuer-technik-und-umwelt-fhnw\/#primaryimage","url":"https:\/\/www.organisator.ch\/wp-content\/uploads\/2023\/09\/Neuer-Direktor-der-Hochschule-fuer-Technik-und-Umwelt-FHNW_Organisator.jpg","contentUrl":"https:\/\/www.organisator.ch\/wp-content\/uploads\/2023\/09\/Neuer-Direktor-der-Hochschule-fuer-Technik-und-Umwelt-FHNW_Organisator.jpg","width":680,"height":468,"caption":"Dr. Peter Flohr, neuer Direktor der Hochschule f\u00fcr Technik und Umwelt FHNW. (Bild: zVg \/ FHNW)"},{"@type":"BreadcrumbList","@id":"https:\/\/www.organisator.ch\/weiterbildung\/2023-09-06\/neuer-direktor-der-hochschule-fuer-technik-und-umwelt-fhnw\/#breadcrumb","itemListElement":[{"@type":"ListItem","position":1,"name":"Home","item":"https:\/\/www.organisator.ch\/"},{"@type":"ListItem","position":2,"name":"Neuer Direktor der Hochschule f\u00fcr Technik und Umwelt FHNW"}]},{"@type":"WebSite","@id":"https:\/\/www.organisator.ch\/#website","url":"https:\/\/www.organisator.ch\/","name":"Organizzatore","description":"Competente. Pratico. In 10 numeri all'anno, ORGANISATOR presenta i temi essenziali per i manager delle PMI.","publisher":{"@id":"https:\/\/www.organisator.ch\/#organization"},"potentialAction":[{"@type":"SearchAction","target":{"@type":"EntryPoint","urlTemplate":"https:\/\/www.organisator.ch\/?s={search_term_string}"},"query-input":{"@type":"PropertyValueSpecification","valueRequired":true,"valueName":"search_term_string"}}],"inLanguage":"it-IT"},{"@type":"Organization","@id":"https:\/\/www.organisator.ch\/#organization","name":"Organizzatore","url":"https:\/\/www.organisator.ch\/","logo":{"@type":"ImageObject","inLanguage":"it-IT","@id":"https:\/\/www.organisator.ch\/#\/schema\/logo\/image\/","url":"https:\/\/www.organisator.ch\/wp-content\/uploads\/2022\/01\/Logo_Organisator_Website.png","contentUrl":"https:\/\/www.organisator.ch\/wp-content\/uploads\/2022\/01\/Logo_Organisator_Website.png","width":800,"height":77,"caption":"Organisator"},"image":{"@id":"https:\/\/www.organisator.ch\/#\/schema\/logo\/image\/"},"sameAs":["https:\/\/www.facebook.com\/OrganisatorFachmagazin","https:\/\/www.linkedin.com\/showcase\/organisator-das-magazin-fr-kmu","https:\/\/www.xing.com\/news\/pages\/organisator-ch-695","https:\/\/www.youtube.com\/channel\/UCGP2Sq0iWaZwT3BdIAQFYpw"]},{"@type":"Person","@id":"https:\/\/www.organisator.ch\/#\/schema\/person\/6f650f90b2842cd4c0cc334b4e36f67e","name":"Tommaso.berner","image":{"@type":"ImageObject","inLanguage":"it-IT","@id":"https:\/\/secure.gravatar.com\/avatar\/ac5001d2a36cb6c6cd3e50789007ffca834b477b74a2144564522e944eabff61?s=96&d=mm&r=g","url":"https:\/\/secure.gravatar.com\/avatar\/ac5001d2a36cb6c6cd3e50789007ffca834b477b74a2144564522e944eabff61?s=96&d=mm&r=g","contentUrl":"https:\/\/secure.gravatar.com\/avatar\/ac5001d2a36cb6c6cd3e50789007ffca834b477b74a2144564522e944eabff61?s=96&d=mm&r=g","caption":"thomas.berner"},"url":"https:\/\/www.organisator.ch\/it\/author\/thomas-berner\/"}]}},"_links":{"self":[{"href":"https:\/\/www.organisator.ch\/it\/wp-json\/wp\/v2\/posts\/21592","targetHints":{"allow":["GET"]}}],"collection":[{"href":"https:\/\/www.organisator.ch\/it\/wp-json\/wp\/v2\/posts"}],"about":[{"href":"https:\/\/www.organisator.ch\/it\/wp-json\/wp\/v2\/types\/post"}],"author":[{"embeddable":true,"href":"https:\/\/www.organisator.ch\/it\/wp-json\/wp\/v2\/users\/4"}],"replies":[{"embeddable":true,"href":"https:\/\/www.organisator.ch\/it\/wp-json\/wp\/v2\/comments?post=21592"}],"version-history":[{"count":1,"href":"https:\/\/www.organisator.ch\/it\/wp-json\/wp\/v2\/posts\/21592\/revisions"}],"predecessor-version":[{"id":21594,"href":"https:\/\/www.organisator.ch\/it\/wp-json\/wp\/v2\/posts\/21592\/revisions\/21594"}],"wp:featuredmedia":[{"embeddable":true,"href":"https:\/\/www.organisator.ch\/it\/wp-json\/wp\/v2\/media\/21593"}],"wp:attachment":[{"href":"https:\/\/www.organisator.ch\/it\/wp-json\/wp\/v2\/media?parent=21592"}],"wp:term":[{"taxonomy":"category","embeddable":true,"href":"https:\/\/www.organisator.ch\/it\/wp-json\/wp\/v2\/categories?post=21592"},{"taxonomy":"post_tag","embeddable":true,"href":"https:\/\/www.organisator.ch\/it\/wp-json\/wp\/v2\/tags?post=21592"}],"curies":[{"name":"wp","href":"https:\/\/api.w.org\/{rel}","templated":true}]}}