{"id":21611,"date":"2023-09-07T01:35:52","date_gmt":"2023-09-06T23:35:52","guid":{"rendered":"https:\/\/www.werbewoche.ch\/?p=202473"},"modified":"2024-11-14T10:29:06","modified_gmt":"2024-11-14T09:29:06","slug":"neue-loesung-von-converto-soll-maximale-wirkung-im-b2b-online-marketing-ermoeglichen","status":"publish","type":"post","link":"https:\/\/www.organisator.ch\/it\/marketing\/2023-09-07\/neue-loesung-von-converto-soll-maximale-wirkung-im-b2b-online-marketing-ermoeglichen\/","title":{"rendered":"Nuova soluzione di Converto per consentire il massimo impatto nel marketing online B2B"},"content":{"rendered":"<p><img class=\"aligncenter wp-image-202474 size-full\" src=\"https:\/\/www.werbewoche.ch\/wp-content\/uploads\/2023\/09\/converto-neue-b2b-targeting-loesung.jpg\" alt=\"Converto B2B targeting\" width=\"1200\" height=\"900\" \/><\/p>\r\n<p>Con il nuovo targeting B2B di Converto, le aziende hanno ora l'opportunit\u00e0 di rivolgersi ai propri clienti commerciali in modo mirato ed efficace, agendo allo stesso tempo nel rispetto delle leggi sulla protezione dei dati, riducendo al minimo gli sprechi e ottimizzando in modo efficiente i budget di marketing.<\/p>\r\n<p>Il marketing online B2B deve affrontare una moltitudine di sfide. Decisioni di acquisto complesse, gruppi target esigenti e la necessit\u00e0 di creare fiducia sono solo alcuni degli ostacoli che le aziende devono affrontare. \u00c8 qui che entra in gioco il targeting B2B di Converto. L'obiettivo della soluzione \u00e8 creare consapevolezza tra i clienti commerciali per i servizi e i prodotti, conquistare nuovi clienti, rafforzare la percezione del marchio e, naturalmente, aumentare le vendite.<\/p>\r\n<p>Il cuore della soluzione \u00e8 il targeting B2B specifico, che indirizza la pubblicit\u00e0 in base al tipo di azienda, ai titoli di lavoro, alle dimensioni dell'azienda, ai settori, alla sede centrale, al Paese e alla regione. In questo modo si ottiene un approccio mirato che raggiunge i decisori rilevanti e allo stesso tempo riduce al minimo gli sprechi.<br \/>\r\nIl targeting B2B di Converto pu\u00f2 essere perfettamente combinato con una serie di soluzioni pubblicitarie e altri tipi di targeting. Dal 3D aumentato per impressionanti presentazioni tridimensionali dei prodotti agli annunci dinamici con video, display e annunci nativi. Allo stesso modo, i servizi possono essere mappati nei modi pi\u00f9 diversi, offrendo cos\u00ec a ogni azienda un percorso adeguato per la pubblicit\u00e0 online.<\/p>\r\n<p>Oltre al tracciamento standard, Converto offre un ampio tracciamento avanzato. Questo permette alle aziende di tracciare quali aziende specifiche sono interessate alle loro offerte, il che consente di ottimizzare le strategie di marketing.<\/p>","protected":false},"excerpt":{"rendered":"<p>Per i decisori aziendali alla ricerca di soluzioni efficaci nel marketing online B2B, Converto ha pronto un nuovo approccio. La soluzione \"Converto B2B Targeting\" mira ad affrontare in modo specifico le sfide della pubblicit\u00e0 online nel settore aziendale.<\/p>","protected":false},"author":8,"featured_media":0,"comment_status":"closed","ping_status":"closed","sticky":false,"template":"","format":"standard","meta":{"_acf_changed":false,"_yoast_wpseo_focuskw":"Converto B2B-Targeting","_yoast_wpseo_metadesc":"Converto B2B-Targeting: Effektive, datenschutzkonforme Ansprache von Gesch\u00e4ftskunden. Minimiert Streuverluste.","articlekey":"","footnotes":""},"categories":[29],"tags":[3927],"class_list":["post-21611","post","type-post","status-publish","format-standard","hentry","category-marketing","tag-converto"],"acf":[],"yoast_head":"<!-- This site is optimized with the Yoast SEO plugin v27.4 - https:\/\/yoast.com\/product\/yoast-seo-wordpress\/ -->\n<title>Neue L\u00f6sung von Converto soll maximale Wirkung im B2B-Online-Marketing erm\u00f6glichen - Organisator<\/title>\n<meta name=\"description\" content=\"Converto B2B-Targeting: Effektive, datenschutzkonforme Ansprache von Gesch\u00e4ftskunden. Minimiert Streuverluste.\" \/>\n<meta name=\"robots\" content=\"index, follow, max-snippet:-1, max-image-preview:large, max-video-preview:-1\" \/>\n<link rel=\"canonical\" href=\"https:\/\/www.organisator.ch\/it\/marketing\/2023-09-07\/neue-loesung-von-converto-soll-maximale-wirkung-im-b2b-online-marketing-ermoeglichen\/\" \/>\n<meta property=\"og:locale\" content=\"it_IT\" \/>\n<meta property=\"og:type\" content=\"article\" \/>\n<meta property=\"og:title\" content=\"Neue L\u00f6sung von Converto soll maximale Wirkung im B2B-Online-Marketing erm\u00f6glichen - Organisator\" \/>\n<meta property=\"og:description\" content=\"Converto B2B-Targeting: Effektive, datenschutzkonforme Ansprache von Gesch\u00e4ftskunden. Minimiert Streuverluste.\" \/>\n<meta property=\"og:url\" content=\"https:\/\/www.organisator.ch\/it\/marketing\/2023-09-07\/neue-loesung-von-converto-soll-maximale-wirkung-im-b2b-online-marketing-ermoeglichen\/\" \/>\n<meta property=\"og:site_name\" content=\"Organisator\" \/>\n<meta property=\"article:publisher\" content=\"https:\/\/www.facebook.com\/OrganisatorFachmagazin\" \/>\n<meta property=\"article:published_time\" content=\"2023-09-06T23:35:52+00:00\" \/>\n<meta property=\"article:modified_time\" content=\"2024-11-14T09:29:06+00:00\" \/>\n<meta name=\"author\" content=\"galledia\" \/>\n<meta name=\"twitter:card\" content=\"summary_large_image\" \/>\n<meta name=\"twitter:creator\" content=\"@admin\" \/>\n<script type=\"application\/ld+json\" class=\"yoast-schema-graph\">{\"@context\":\"https:\\\/\\\/schema.org\",\"@graph\":[{\"@type\":\"Article\",\"@id\":\"https:\\\/\\\/www.organisator.ch\\\/marketing\\\/2023-09-07\\\/neue-loesung-von-converto-soll-maximale-wirkung-im-b2b-online-marketing-ermoeglichen\\\/#article\",\"isPartOf\":{\"@id\":\"https:\\\/\\\/www.organisator.ch\\\/marketing\\\/2023-09-07\\\/neue-loesung-von-converto-soll-maximale-wirkung-im-b2b-online-marketing-ermoeglichen\\\/\"},\"author\":{\"name\":\"galledia\",\"@id\":\"https:\\\/\\\/www.organisator.ch\\\/#\\\/schema\\\/person\\\/4e51799071cd2dd1232ac003643ef5f0\"},\"headline\":\"Neue L\u00f6sung von Converto soll maximale Wirkung im B2B-Online-Marketing erm\u00f6glichen\",\"datePublished\":\"2023-09-06T23:35:52+00:00\",\"dateModified\":\"2024-11-14T09:29:06+00:00\",\"mainEntityOfPage\":{\"@id\":\"https:\\\/\\\/www.organisator.ch\\\/marketing\\\/2023-09-07\\\/neue-loesung-von-converto-soll-maximale-wirkung-im-b2b-online-marketing-ermoeglichen\\\/\"},\"wordCount\":253,\"publisher\":{\"@id\":\"https:\\\/\\\/www.organisator.ch\\\/#organization\"},\"image\":{\"@id\":\"https:\\\/\\\/www.organisator.ch\\\/marketing\\\/2023-09-07\\\/neue-loesung-von-converto-soll-maximale-wirkung-im-b2b-online-marketing-ermoeglichen\\\/#primaryimage\"},\"thumbnailUrl\":\"https:\\\/\\\/www.werbewoche.ch\\\/wp-content\\\/uploads\\\/2023\\\/09\\\/converto-neue-b2b-targeting-loesung.jpg\",\"keywords\":[\"Converto\"],\"articleSection\":[\"MARKETING\"],\"inLanguage\":\"it-IT\"},{\"@type\":\"WebPage\",\"@id\":\"https:\\\/\\\/www.organisator.ch\\\/marketing\\\/2023-09-07\\\/neue-loesung-von-converto-soll-maximale-wirkung-im-b2b-online-marketing-ermoeglichen\\\/\",\"url\":\"https:\\\/\\\/www.organisator.ch\\\/marketing\\\/2023-09-07\\\/neue-loesung-von-converto-soll-maximale-wirkung-im-b2b-online-marketing-ermoeglichen\\\/\",\"name\":\"Neue L\u00f6sung von Converto soll maximale Wirkung im B2B-Online-Marketing erm\u00f6glichen - Organisator\",\"isPartOf\":{\"@id\":\"https:\\\/\\\/www.organisator.ch\\\/#website\"},\"primaryImageOfPage\":{\"@id\":\"https:\\\/\\\/www.organisator.ch\\\/marketing\\\/2023-09-07\\\/neue-loesung-von-converto-soll-maximale-wirkung-im-b2b-online-marketing-ermoeglichen\\\/#primaryimage\"},\"image\":{\"@id\":\"https:\\\/\\\/www.organisator.ch\\\/marketing\\\/2023-09-07\\\/neue-loesung-von-converto-soll-maximale-wirkung-im-b2b-online-marketing-ermoeglichen\\\/#primaryimage\"},\"thumbnailUrl\":\"https:\\\/\\\/www.werbewoche.ch\\\/wp-content\\\/uploads\\\/2023\\\/09\\\/converto-neue-b2b-targeting-loesung.jpg\",\"datePublished\":\"2023-09-06T23:35:52+00:00\",\"dateModified\":\"2024-11-14T09:29:06+00:00\",\"description\":\"Converto B2B-Targeting: Effektive, datenschutzkonforme Ansprache von Gesch\u00e4ftskunden. Minimiert Streuverluste.\",\"breadcrumb\":{\"@id\":\"https:\\\/\\\/www.organisator.ch\\\/marketing\\\/2023-09-07\\\/neue-loesung-von-converto-soll-maximale-wirkung-im-b2b-online-marketing-ermoeglichen\\\/#breadcrumb\"},\"inLanguage\":\"it-IT\",\"potentialAction\":[{\"@type\":\"ReadAction\",\"target\":[\"https:\\\/\\\/www.organisator.ch\\\/marketing\\\/2023-09-07\\\/neue-loesung-von-converto-soll-maximale-wirkung-im-b2b-online-marketing-ermoeglichen\\\/\"]}]},{\"@type\":\"ImageObject\",\"inLanguage\":\"it-IT\",\"@id\":\"https:\\\/\\\/www.organisator.ch\\\/marketing\\\/2023-09-07\\\/neue-loesung-von-converto-soll-maximale-wirkung-im-b2b-online-marketing-ermoeglichen\\\/#primaryimage\",\"url\":\"https:\\\/\\\/www.werbewoche.ch\\\/wp-content\\\/uploads\\\/2023\\\/09\\\/converto-neue-b2b-targeting-loesung.jpg\",\"contentUrl\":\"https:\\\/\\\/www.werbewoche.ch\\\/wp-content\\\/uploads\\\/2023\\\/09\\\/converto-neue-b2b-targeting-loesung.jpg\"},{\"@type\":\"BreadcrumbList\",\"@id\":\"https:\\\/\\\/www.organisator.ch\\\/marketing\\\/2023-09-07\\\/neue-loesung-von-converto-soll-maximale-wirkung-im-b2b-online-marketing-ermoeglichen\\\/#breadcrumb\",\"itemListElement\":[{\"@type\":\"ListItem\",\"position\":1,\"name\":\"Home\",\"item\":\"https:\\\/\\\/www.organisator.ch\\\/\"},{\"@type\":\"ListItem\",\"position\":2,\"name\":\"Neue L\u00f6sung von Converto soll maximale Wirkung im B2B-Online-Marketing erm\u00f6glichen\"}]},{\"@type\":\"WebSite\",\"@id\":\"https:\\\/\\\/www.organisator.ch\\\/#website\",\"url\":\"https:\\\/\\\/www.organisator.ch\\\/\",\"name\":\"Organisator\",\"description\":\"Kompetent. Praxisnah. Der ORGANISATOR bereitet in 10 Ausgaben pro Jahr die wesentlichen Themen f\u00fcr F\u00fchrungskr\u00e4fte von KMU auf.\",\"publisher\":{\"@id\":\"https:\\\/\\\/www.organisator.ch\\\/#organization\"},\"potentialAction\":[{\"@type\":\"SearchAction\",\"target\":{\"@type\":\"EntryPoint\",\"urlTemplate\":\"https:\\\/\\\/www.organisator.ch\\\/?s={search_term_string}\"},\"query-input\":{\"@type\":\"PropertyValueSpecification\",\"valueRequired\":true,\"valueName\":\"search_term_string\"}}],\"inLanguage\":\"it-IT\"},{\"@type\":\"Organization\",\"@id\":\"https:\\\/\\\/www.organisator.ch\\\/#organization\",\"name\":\"Organisator\",\"url\":\"https:\\\/\\\/www.organisator.ch\\\/\",\"logo\":{\"@type\":\"ImageObject\",\"inLanguage\":\"it-IT\",\"@id\":\"https:\\\/\\\/www.organisator.ch\\\/#\\\/schema\\\/logo\\\/image\\\/\",\"url\":\"https:\\\/\\\/www.organisator.ch\\\/wp-content\\\/uploads\\\/2022\\\/01\\\/Logo_Organisator_Website.png\",\"contentUrl\":\"https:\\\/\\\/www.organisator.ch\\\/wp-content\\\/uploads\\\/2022\\\/01\\\/Logo_Organisator_Website.png\",\"width\":800,\"height\":77,\"caption\":\"Organisator\"},\"image\":{\"@id\":\"https:\\\/\\\/www.organisator.ch\\\/#\\\/schema\\\/logo\\\/image\\\/\"},\"sameAs\":[\"https:\\\/\\\/www.facebook.com\\\/OrganisatorFachmagazin\",\"https:\\\/\\\/www.linkedin.com\\\/showcase\\\/organisator-das-magazin-fr-kmu\",\"https:\\\/\\\/www.xing.com\\\/news\\\/pages\\\/organisator-ch-695\",\"https:\\\/\\\/www.youtube.com\\\/channel\\\/UCGP2Sq0iWaZwT3BdIAQFYpw\"]},{\"@type\":\"Person\",\"@id\":\"https:\\\/\\\/www.organisator.ch\\\/#\\\/schema\\\/person\\\/4e51799071cd2dd1232ac003643ef5f0\",\"name\":\"galledia\",\"image\":{\"@type\":\"ImageObject\",\"inLanguage\":\"it-IT\",\"@id\":\"https:\\\/\\\/secure.gravatar.com\\\/avatar\\\/78a7f90c01fc2bfc875782a0d4922b37cde2cf184ce347b91316d23cd7f69a36?s=96&d=mm&r=g\",\"url\":\"https:\\\/\\\/secure.gravatar.com\\\/avatar\\\/78a7f90c01fc2bfc875782a0d4922b37cde2cf184ce347b91316d23cd7f69a36?s=96&d=mm&r=g\",\"contentUrl\":\"https:\\\/\\\/secure.gravatar.com\\\/avatar\\\/78a7f90c01fc2bfc875782a0d4922b37cde2cf184ce347b91316d23cd7f69a36?s=96&d=mm&r=g\",\"caption\":\"galledia\"},\"sameAs\":[\"https:\\\/\\\/x.com\\\/admin\"],\"url\":\"https:\\\/\\\/www.organisator.ch\\\/it\\\/author\\\/galledia\\\/\"}]}<\/script>\n<!-- \/ Yoast SEO plugin. -->","yoast_head_json":{"title":"La nuova soluzione di Converto per ottenere il massimo impatto nel marketing online B2B - Organizzatore","description":"Converto B2B targeting: targeting efficace e conforme alla protezione dei dati dei clienti commerciali. Riduce al minimo gli sprechi.","robots":{"index":"index","follow":"follow","max-snippet":"max-snippet:-1","max-image-preview":"max-image-preview:large","max-video-preview":"max-video-preview:-1"},"canonical":"https:\/\/www.organisator.ch\/it\/marketing\/2023-09-07\/neue-loesung-von-converto-soll-maximale-wirkung-im-b2b-online-marketing-ermoeglichen\/","og_locale":"it_IT","og_type":"article","og_title":"Neue L\u00f6sung von Converto soll maximale Wirkung im B2B-Online-Marketing erm\u00f6glichen - Organisator","og_description":"Converto B2B-Targeting: Effektive, datenschutzkonforme Ansprache von Gesch\u00e4ftskunden. Minimiert Streuverluste.","og_url":"https:\/\/www.organisator.ch\/it\/marketing\/2023-09-07\/neue-loesung-von-converto-soll-maximale-wirkung-im-b2b-online-marketing-ermoeglichen\/","og_site_name":"Organisator","article_publisher":"https:\/\/www.facebook.com\/OrganisatorFachmagazin","article_published_time":"2023-09-06T23:35:52+00:00","article_modified_time":"2024-11-14T09:29:06+00:00","author":"galledia","twitter_card":"summary_large_image","twitter_creator":"@admin","schema":{"@context":"https:\/\/schema.org","@graph":[{"@type":"Article","@id":"https:\/\/www.organisator.ch\/marketing\/2023-09-07\/neue-loesung-von-converto-soll-maximale-wirkung-im-b2b-online-marketing-ermoeglichen\/#article","isPartOf":{"@id":"https:\/\/www.organisator.ch\/marketing\/2023-09-07\/neue-loesung-von-converto-soll-maximale-wirkung-im-b2b-online-marketing-ermoeglichen\/"},"author":{"name":"galledia","@id":"https:\/\/www.organisator.ch\/#\/schema\/person\/4e51799071cd2dd1232ac003643ef5f0"},"headline":"Neue L\u00f6sung von Converto soll maximale Wirkung im B2B-Online-Marketing erm\u00f6glichen","datePublished":"2023-09-06T23:35:52+00:00","dateModified":"2024-11-14T09:29:06+00:00","mainEntityOfPage":{"@id":"https:\/\/www.organisator.ch\/marketing\/2023-09-07\/neue-loesung-von-converto-soll-maximale-wirkung-im-b2b-online-marketing-ermoeglichen\/"},"wordCount":253,"publisher":{"@id":"https:\/\/www.organisator.ch\/#organization"},"image":{"@id":"https:\/\/www.organisator.ch\/marketing\/2023-09-07\/neue-loesung-von-converto-soll-maximale-wirkung-im-b2b-online-marketing-ermoeglichen\/#primaryimage"},"thumbnailUrl":"https:\/\/www.werbewoche.ch\/wp-content\/uploads\/2023\/09\/converto-neue-b2b-targeting-loesung.jpg","keywords":["Converto"],"articleSection":["MARKETING"],"inLanguage":"it-IT"},{"@type":"WebPage","@id":"https:\/\/www.organisator.ch\/marketing\/2023-09-07\/neue-loesung-von-converto-soll-maximale-wirkung-im-b2b-online-marketing-ermoeglichen\/","url":"https:\/\/www.organisator.ch\/marketing\/2023-09-07\/neue-loesung-von-converto-soll-maximale-wirkung-im-b2b-online-marketing-ermoeglichen\/","name":"La nuova soluzione di Converto per ottenere il massimo impatto nel marketing online B2B - Organizzatore","isPartOf":{"@id":"https:\/\/www.organisator.ch\/#website"},"primaryImageOfPage":{"@id":"https:\/\/www.organisator.ch\/marketing\/2023-09-07\/neue-loesung-von-converto-soll-maximale-wirkung-im-b2b-online-marketing-ermoeglichen\/#primaryimage"},"image":{"@id":"https:\/\/www.organisator.ch\/marketing\/2023-09-07\/neue-loesung-von-converto-soll-maximale-wirkung-im-b2b-online-marketing-ermoeglichen\/#primaryimage"},"thumbnailUrl":"https:\/\/www.werbewoche.ch\/wp-content\/uploads\/2023\/09\/converto-neue-b2b-targeting-loesung.jpg","datePublished":"2023-09-06T23:35:52+00:00","dateModified":"2024-11-14T09:29:06+00:00","description":"Converto B2B targeting: targeting efficace e conforme alla protezione dei dati dei clienti commerciali. Riduce al minimo gli sprechi.","breadcrumb":{"@id":"https:\/\/www.organisator.ch\/marketing\/2023-09-07\/neue-loesung-von-converto-soll-maximale-wirkung-im-b2b-online-marketing-ermoeglichen\/#breadcrumb"},"inLanguage":"it-IT","potentialAction":[{"@type":"ReadAction","target":["https:\/\/www.organisator.ch\/marketing\/2023-09-07\/neue-loesung-von-converto-soll-maximale-wirkung-im-b2b-online-marketing-ermoeglichen\/"]}]},{"@type":"ImageObject","inLanguage":"it-IT","@id":"https:\/\/www.organisator.ch\/marketing\/2023-09-07\/neue-loesung-von-converto-soll-maximale-wirkung-im-b2b-online-marketing-ermoeglichen\/#primaryimage","url":"https:\/\/www.werbewoche.ch\/wp-content\/uploads\/2023\/09\/converto-neue-b2b-targeting-loesung.jpg","contentUrl":"https:\/\/www.werbewoche.ch\/wp-content\/uploads\/2023\/09\/converto-neue-b2b-targeting-loesung.jpg"},{"@type":"BreadcrumbList","@id":"https:\/\/www.organisator.ch\/marketing\/2023-09-07\/neue-loesung-von-converto-soll-maximale-wirkung-im-b2b-online-marketing-ermoeglichen\/#breadcrumb","itemListElement":[{"@type":"ListItem","position":1,"name":"Home","item":"https:\/\/www.organisator.ch\/"},{"@type":"ListItem","position":2,"name":"Neue L\u00f6sung von Converto soll maximale Wirkung im B2B-Online-Marketing erm\u00f6glichen"}]},{"@type":"WebSite","@id":"https:\/\/www.organisator.ch\/#website","url":"https:\/\/www.organisator.ch\/","name":"Organizzatore","description":"Competente. Pratico. In 10 numeri all'anno, ORGANISATOR presenta i temi essenziali per i manager delle PMI.","publisher":{"@id":"https:\/\/www.organisator.ch\/#organization"},"potentialAction":[{"@type":"SearchAction","target":{"@type":"EntryPoint","urlTemplate":"https:\/\/www.organisator.ch\/?s={search_term_string}"},"query-input":{"@type":"PropertyValueSpecification","valueRequired":true,"valueName":"search_term_string"}}],"inLanguage":"it-IT"},{"@type":"Organization","@id":"https:\/\/www.organisator.ch\/#organization","name":"Organizzatore","url":"https:\/\/www.organisator.ch\/","logo":{"@type":"ImageObject","inLanguage":"it-IT","@id":"https:\/\/www.organisator.ch\/#\/schema\/logo\/image\/","url":"https:\/\/www.organisator.ch\/wp-content\/uploads\/2022\/01\/Logo_Organisator_Website.png","contentUrl":"https:\/\/www.organisator.ch\/wp-content\/uploads\/2022\/01\/Logo_Organisator_Website.png","width":800,"height":77,"caption":"Organisator"},"image":{"@id":"https:\/\/www.organisator.ch\/#\/schema\/logo\/image\/"},"sameAs":["https:\/\/www.facebook.com\/OrganisatorFachmagazin","https:\/\/www.linkedin.com\/showcase\/organisator-das-magazin-fr-kmu","https:\/\/www.xing.com\/news\/pages\/organisator-ch-695","https:\/\/www.youtube.com\/channel\/UCGP2Sq0iWaZwT3BdIAQFYpw"]},{"@type":"Person","@id":"https:\/\/www.organisator.ch\/#\/schema\/person\/4e51799071cd2dd1232ac003643ef5f0","name":"galledia","image":{"@type":"ImageObject","inLanguage":"it-IT","@id":"https:\/\/secure.gravatar.com\/avatar\/78a7f90c01fc2bfc875782a0d4922b37cde2cf184ce347b91316d23cd7f69a36?s=96&d=mm&r=g","url":"https:\/\/secure.gravatar.com\/avatar\/78a7f90c01fc2bfc875782a0d4922b37cde2cf184ce347b91316d23cd7f69a36?s=96&d=mm&r=g","contentUrl":"https:\/\/secure.gravatar.com\/avatar\/78a7f90c01fc2bfc875782a0d4922b37cde2cf184ce347b91316d23cd7f69a36?s=96&d=mm&r=g","caption":"galledia"},"sameAs":["https:\/\/x.com\/admin"],"url":"https:\/\/www.organisator.ch\/it\/author\/galledia\/"}]}},"_links":{"self":[{"href":"https:\/\/www.organisator.ch\/it\/wp-json\/wp\/v2\/posts\/21611","targetHints":{"allow":["GET"]}}],"collection":[{"href":"https:\/\/www.organisator.ch\/it\/wp-json\/wp\/v2\/posts"}],"about":[{"href":"https:\/\/www.organisator.ch\/it\/wp-json\/wp\/v2\/types\/post"}],"author":[{"embeddable":true,"href":"https:\/\/www.organisator.ch\/it\/wp-json\/wp\/v2\/users\/8"}],"replies":[{"embeddable":true,"href":"https:\/\/www.organisator.ch\/it\/wp-json\/wp\/v2\/comments?post=21611"}],"version-history":[{"count":3,"href":"https:\/\/www.organisator.ch\/it\/wp-json\/wp\/v2\/posts\/21611\/revisions"}],"predecessor-version":[{"id":32901,"href":"https:\/\/www.organisator.ch\/it\/wp-json\/wp\/v2\/posts\/21611\/revisions\/32901"}],"wp:attachment":[{"href":"https:\/\/www.organisator.ch\/it\/wp-json\/wp\/v2\/media?parent=21611"}],"wp:term":[{"taxonomy":"category","embeddable":true,"href":"https:\/\/www.organisator.ch\/it\/wp-json\/wp\/v2\/categories?post=21611"},{"taxonomy":"post_tag","embeddable":true,"href":"https:\/\/www.organisator.ch\/it\/wp-json\/wp\/v2\/tags?post=21611"}],"curies":[{"name":"wp","href":"https:\/\/api.w.org\/{rel}","templated":true}]}}