{"id":21629,"date":"2023-09-08T10:28:55","date_gmt":"2023-09-08T08:28:55","guid":{"rendered":"https:\/\/www.organisator.ch\/?p=21629"},"modified":"2023-09-25T08:31:37","modified_gmt":"2023-09-25T06:31:37","slug":"rueckblick-sges-2023-wie-gemeinsam-wirkung-erzielt-werden-kann","status":"publish","type":"post","link":"https:\/\/www.organisator.ch\/it\/sustainability\/2023-09-08\/rueckblick-sges-2023-wie-gemeinsam-wirkung-erzielt-werden-kann\/","title":{"rendered":"Revisione SGES 2023: Come raggiungere insieme l'impatto"},"content":{"rendered":"<figure id=\"attachment_21630\" aria-describedby=\"caption-attachment-21630\" style=\"width: 680px\" class=\"wp-caption alignnone\"><img loading=\"lazy\" decoding=\"async\" class=\"size-full wp-image-21630\" src=\"https:\/\/www.organisator.ch\/wp-content\/uploads\/2023\/09\/Rueckblick-SGES-2023-Wie-gemeinsam-Wirkung-erzielt-werden-kann-1_Organisator.jpg\" alt=\"\" width=\"680\" height=\"378\" srcset=\"https:\/\/www.organisator.ch\/wp-content\/uploads\/2023\/09\/Rueckblick-SGES-2023-Wie-gemeinsam-Wirkung-erzielt-werden-kann-1_Organisator.jpg 680w, https:\/\/www.organisator.ch\/wp-content\/uploads\/2023\/09\/Rueckblick-SGES-2023-Wie-gemeinsam-Wirkung-erzielt-werden-kann-1_Organisator-18x10.jpg 18w, https:\/\/www.organisator.ch\/wp-content\/uploads\/2023\/09\/Rueckblick-SGES-2023-Wie-gemeinsam-Wirkung-erzielt-werden-kann-1_Organisator-375x208.jpg 375w, https:\/\/www.organisator.ch\/wp-content\/uploads\/2023\/09\/Rueckblick-SGES-2023-Wie-gemeinsam-Wirkung-erzielt-werden-kann-1_Organisator-630x350.jpg 630w\" sizes=\"auto, (max-width: 680px) 100vw, 680px\" \/><figcaption id=\"caption-attachment-21630\" class=\"wp-caption-text\">Vivace discussione sul podio della SGES 2023: Sonja Hasler (moderatrice), Christoph Brand (Axpo), la Consigliera nazionale Martina Munz e Alexander Keberle (economiesuisse), da sinistra a destra (Foto: Thomas Berner)<\/figcaption><\/figure>\n<p>Raggiungere l'obiettivo \"net zero\" entro il 2050 sta diventando un obiettivo di business e di politica. Nel frattempo si sta facendo molto. Tuttavia, sembra che si stia facendo ancora molto sotto forma di iniziative individuali. In quest'ottica, il motto del Simposio svizzero sull'economia verde di quest'anno doveva essere inteso come un invito a unire le forze per ottenere un maggiore impatto insieme. In 9 keynote, in 16 forum sull'innovazione su vari temi e in una mostra sull'innovazione, la \"Green Economy\" \u00e8 stata avvicinata al pubblico con i 17 Obiettivi di Sviluppo Sostenibile delle Nazioni Unite come pietra angolare.<\/p>\n<h3>Nimby, Banana, Grotta: come si previene l'impatto<\/h3>\n<p>Il fatto che i problemi in questione - e sono molti - possano essere risolti solo insieme \u00e8 stato un punto su cui i partecipanti - secondo gli organizzatori, circa 2000 partecipanti e 250 relatori - hanno probabilmente concordato. Ci sono ancora posizioni diverse sul \"come\": Mentre alcuni sono a favore di una maggiore autoresponsabilit\u00e0, altri vorrebbero un maggiore intervento da parte dello Stato. Ne \u00e8 un esempio la discussione sul tema dell'energia, dove esiste un trilemma di difficile soluzione: Raggiungere un obiettivo di zero netto mantenendo la sicurezza dell'approvvigionamento al minor costo possibile. Adrian Stiefel, responsabile dell'Ufficio per la protezione ambientale della citt\u00e0 di Berna, dimostra che da un lato non \u00e8 possibile senza una normativa chiara, ma dall'altro \u00e8 necessario coinvolgere tutti gli attori. E questo sembra funzionare: nel 2021, Berna ha gi\u00e0 fornito l'85% della sua energia da fonti rinnovabili.<\/p>\n<p>Ma rimangono molti ostacoli. Christoph Brand, CEO di Axpo, li ha descritti con tre acronimi: \"Nimby\" (non nel mio cortile), \"Banana\" (non costruire assolutamente nulla vicino a nessuno) e \"Cave\" (cittadini contrari praticamente a tutto), con i quali ha facilmente preso di mira quella che considera la dilagante politica di opposizione alla costruzione di turbine eoliche. Un'accusa che la consigliera nazionale del PS Martina Munz non ha voluto lasciare cadere: \"Stiamo facendo molto a Berna\", ha detto, riferendosi al Solar and Wind Express recentemente adottato, un pacchetto di misure per accelerare la costruzione di impianti solari ed eolici con una sola possibilit\u00e0 di obiezione. Questo render\u00e0 possibile la svolta energetica? Alexander Keberle di economiesuisse \u00e8 scettico: \"Non \u00e8 sufficiente n\u00e9 dietro n\u00e9 davanti\". Ha sottolineato la necessit\u00e0 di continuare a far funzionare le centrali nucleari il pi\u00f9 a lungo possibile e di non commettere lo stesso errore della Germania, che ora deve produrre pi\u00f9 elettricit\u00e0 dal carbone a causa della chiusura delle centrali nucleari e dipende addirittura dalle importazioni.<\/p>\n<p>La tavola rotonda, tuttavia, ha dimostrato che le posizioni stanno anche convergendo. C'\u00e8 un ampio consenso sulla necessit\u00e0 di procedere con la costruzione di impianti solari e sistemi di stoccaggio dell'elettricit\u00e0, in modo da evitare l'incombente carenza di energia elettrica nel breve termine. \"Ora dobbiamo andare avanti dove c'\u00e8 accordo e non discutere le differenze\", conclude Christoph Brand. O semplicemente: Ottenere pi\u00f9 impatto insieme...<\/p>\n<h3>Raggiungere gli obiettivi di sostenibilit\u00e0: Non funziona senza dati<\/h3>\n<p>Le grandi aziende come BASF sono note per essere sottoposte a un attento esame quando si tratta di protezione del clima. Lars Kissau, responsabile del \"Net Zero Accelerator\" presso BASF, ha chiarito che i grandi attori economici non possono raggiungere i loro obiettivi net zero senza la cooperazione con i partner. A questo proposito, ha fatto appello anche alla politica internazionale: ha auspicato una migliore cooperazione tra la Svizzera e l'UE, ma anche l'abbattimento delle barriere all'interno dell'Europa, ad esempio nell'approvvigionamento energetico e nella ricerca e sviluppo. Tanja Zimmermann, direttrice dell'Empa, ha ricordato quanto possa essere fruttuosa questa cooperazione oltre i confini nazionali. \"Grazie ad aziende come BASF, ora abbiamo il doppio dei progetti all'Empa\". C'\u00e8 quindi la volont\u00e0 delle aziende di andare avanti. Franziska Ryser, consigliere nazionale dei Verdi, ha ammesso che le condizioni quadro tecnologiche aperte sono un prerequisito per questo. Leggi sulla CO2 diverse a livello internazionale potrebbero avere l'effetto di ostacolare la concorrenza.<\/p>\n<figure id=\"attachment_21631\" aria-describedby=\"caption-attachment-21631\" style=\"width: 680px\" class=\"wp-caption alignnone\"><img loading=\"lazy\" decoding=\"async\" class=\"size-full wp-image-21631\" src=\"https:\/\/www.organisator.ch\/wp-content\/uploads\/2023\/09\/Rueckblick-SGES-2023-Wie-gemeinsam-Wirkung-erzielt-werden-kann-2_Organisator.jpg\" alt=\"\" width=\"680\" height=\"452\" srcset=\"https:\/\/www.organisator.ch\/wp-content\/uploads\/2023\/09\/Rueckblick-SGES-2023-Wie-gemeinsam-Wirkung-erzielt-werden-kann-2_Organisator.jpg 680w, https:\/\/www.organisator.ch\/wp-content\/uploads\/2023\/09\/Rueckblick-SGES-2023-Wie-gemeinsam-Wirkung-erzielt-werden-kann-2_Organisator-18x12.jpg 18w, https:\/\/www.organisator.ch\/wp-content\/uploads\/2023\/09\/Rueckblick-SGES-2023-Wie-gemeinsam-Wirkung-erzielt-werden-kann-2_Organisator-375x249.jpg 375w, https:\/\/www.organisator.ch\/wp-content\/uploads\/2023\/09\/Rueckblick-SGES-2023-Wie-gemeinsam-Wirkung-erzielt-werden-kann-2_Organisator-527x350.jpg 527w\" sizes=\"auto, (max-width: 680px) 100vw, 680px\" \/><figcaption id=\"caption-attachment-21631\" class=\"wp-caption-text\">Sfida: non esiste un reporting ESG efficace senza dati. (Immagine: Thomas Berner)<\/figcaption><\/figure>\n<p>L'apertura alla tecnologia pu\u00f2 essere letta anche come un prerequisito per raggiungere gli obiettivi di sostenibilit\u00e0. Solo: la tavola rotonda su questo tema ha mostrato che molti timori diffusi - ad esempio quello dell'intelligenza artificiale - devono ancora essere dissipati. \"La sfida non \u00e8 tecnologica, ma sociale\", ha affermato il Prof. Matthias Sulzer, scienziato senior dell'Urban Energy System Lab dell'Empa. Tuttavia, i dati sono necessari per misurare l'impatto delle misure ESG, ad esempio, ha sottolineato Christian Keller, Presidente del Comitato esecutivo di IBM Svizzera.<\/p>\n<h3>Molte cose concrete alla SGES 2023<\/h3>\n<p>Al di l\u00e0 delle discussioni fondamentali che si sono tenute e si devono ancora tenere, la SGES 2023 ha fornito ancora una volta molti esempi di come il business sostenibile funziona in termini concreti. Ad esempio, sono state presentate soluzioni in bioplastica (Kuori) o un concetto di economia circolare per le carrozzine (loopi). Anche quest'anno \u00e8 stato consegnato l'SDG Award for Business. Con il premio SDG, il Simposio svizzero dell'economia verde premia le soluzioni e i progetti che attuano gli Obiettivi di Sviluppo Sostenibile delle Nazioni Unite in modo innovativo. Il premio intende ispirare gli attori ad assumere impegni coraggiosi e promuovere progetti innovativi che fungano da modello. Quest'anno il premio \u00e8 stato assegnato all'azienda di design Circleg, con sede a Zurigo. Circleg ha sviluppato un sistema di protesi di gamba a basso costo, adattato alle esigenze delle persone nei Paesi in via di sviluppo. Dei 65 milioni di persone al mondo con gambe amputate, la maggior parte vive nei Paesi del Sud del mondo. 55 milioni non hanno protesi perch\u00e9 troppo costose. Grazie all'utilizzo di rifiuti plastici riciclati in combinazione con la produzione locale nei Paesi del Sud, le protesi per le gambe possono essere prodotte localmente e a costi contenuti grazie a Circleg. L'azienda coniuga cos\u00ec obiettivi sociali, economici ed ecologici: Integrare le persone con disabilit\u00e0 nella societ\u00e0, creare posti di lavoro, proteggere l'ambiente utilizzando i rifiuti di plastica come materia prima di base.<\/p>\n<h3>Diverse domande ancora aperte<\/h3>\n<p>La \"green economy\" \u00e8 indubbiamente entrata nella mente delle persone. Tuttavia, molte domande rimangono senza risposta, come ha mostrato anche il SGES 2023, come ad esempio: come pu\u00f2 il cibo diventare pi\u00f9 sostenibile quando, paradossalmente, il cibo che non \u00e8 (ancora) prodotto in modo sostenibile \u00e8 pi\u00f9 economico? Oppure: come funzionano gli strumenti di finanziamento sostenibile e con quali investimenti sostenibili \u00e8 possibile ottenere rendimenti senza dover ricorrere a prodotti finanziari strutturati non trasparenti? E cosa possono fare le PMI per raggiungere gli obiettivi climatici? Le risposte a queste domande possono essere fornite almeno dalla <a href=\"https:\/\/scai.sges.ch\/\">Iniziativa svizzera per l'azione per il clima (SCAI)<\/a>una piattaforma comune di grandi aziende, PMI e altre organizzazioni. La comunit\u00e0 mira a sostenere e incoraggiare soprattutto le PMI nei loro primi passi verso la riduzione di CO2. Attraverso il dialogo e l'utilizzo delle sinergie tra i partecipanti, verranno sviluppati progetti sia aziendali che comuni, che contribuiranno a raggiungere gli obiettivi di riduzione delle emissioni di CO2. Questa piattaforma, che \u00e8 anche un esempio di \"effetto congiunto\", merita certamente maggiore risonanza.<\/p>\n<p><em><a href=\"http:\/\/www.sges.ch\">Ulteriori informazioni<\/a><\/em><\/p>","protected":false},"excerpt":{"rendered":"<p>Il Simposio svizzero sull'economia verde (SGES 2023) si \u00e8 tenuto nuovamente a Winterthur dal 5 al 7 settembre 2023. In occasione della 13a edizione, numerosi rappresentanti dell'economia, della scienza e della politica si sono incontrati nuovamente per uno scambio sull'economia sostenibile. Il motto di quest'anno \u00e8 stato: \"Ottenere un maggiore impatto insieme\".<\/p>","protected":false},"author":4,"featured_media":21630,"comment_status":"closed","ping_status":"closed","sticky":false,"template":"","format":"standard","meta":{"_acf_changed":false,"_yoast_wpseo_focuskw":"SGES 2023","_yoast_wpseo_metadesc":"Vom 5. bis 7. September 2023 fand in Winterthur das Swiss Green Economy Symposium (SGES 2023) statt. Motto: Gemeinsam mehr Wirkung erzielen.","articlekey":"","footnotes":""},"categories":[580],"tags":[66,193,335,358],"class_list":["post-21629","post","type-post","status-publish","format-standard","has-post-thumbnail","hentry","category-sustainability","tag-awards","tag-fachkongressfachmesse","tag-management-und-unternehmensfuehrung","tag-nachhaltige-wirtschaft"],"acf":[],"yoast_head":"<!-- This site is optimized with the Yoast SEO plugin v27.5 - https:\/\/yoast.com\/product\/yoast-seo-wordpress\/ -->\n<title>R\u00fcckblick SGES 2023: Wie gemeinsam Wirkung erzielt werden kann - Organisator<\/title>\n<meta name=\"description\" content=\"Vom 5. bis 7. September 2023 fand in Winterthur das Swiss Green Economy Symposium (SGES 2023) statt. Motto: Gemeinsam mehr Wirkung erzielen.\" \/>\n<meta name=\"robots\" content=\"index, follow, max-snippet:-1, max-image-preview:large, max-video-preview:-1\" \/>\n<link rel=\"canonical\" href=\"https:\/\/www.organisator.ch\/it\/sostenibilita\/2023-09-08\/rueckblick-sges-2023-wie-gemeinsam-wirkung-erzielt-werden-kann\/\" \/>\n<meta property=\"og:locale\" content=\"it_IT\" \/>\n<meta property=\"og:type\" content=\"article\" \/>\n<meta property=\"og:title\" content=\"R\u00fcckblick SGES 2023: Wie gemeinsam Wirkung erzielt werden kann\" \/>\n<meta property=\"og:description\" content=\"Vom 5. bis 7. September 2023 fand in Winterthur das Swiss Green Economy Symposium (SGES 2023) statt. Motto: Gemeinsam mehr Wirkung erzielen.\" \/>\n<meta property=\"og:url\" content=\"https:\/\/www.organisator.ch\/it\/sostenibilita\/2023-09-08\/rueckblick-sges-2023-wie-gemeinsam-wirkung-erzielt-werden-kann\/\" \/>\n<meta property=\"og:site_name\" content=\"Organisator\" \/>\n<meta property=\"article:publisher\" content=\"https:\/\/www.facebook.com\/OrganisatorFachmagazin\" \/>\n<meta property=\"article:published_time\" content=\"2023-09-08T08:28:55+00:00\" \/>\n<meta property=\"article:modified_time\" content=\"2023-09-25T06:31:37+00:00\" \/>\n<meta property=\"og:image\" content=\"https:\/\/www.organisator.ch\/wp-content\/uploads\/2023\/09\/Rueckblick-SGES-2023-Wie-gemeinsam-Wirkung-erzielt-werden-kann-1_Organisator.jpg\" \/>\n\t<meta property=\"og:image:width\" content=\"680\" \/>\n\t<meta property=\"og:image:height\" content=\"378\" \/>\n\t<meta property=\"og:image:type\" content=\"image\/jpeg\" \/>\n<meta name=\"author\" content=\"thomas.berner\" \/>\n<meta name=\"twitter:card\" content=\"summary_large_image\" \/>\n<meta name=\"twitter:title\" content=\"R\u00fcckblick #SGES 2023: Wie gemeinsam Wirkung erzielt werden kann\" \/>\n<meta name=\"twitter:description\" content=\"Vom 5. bis 7. September 2023 fand in #Winterthur das Swiss Green Economy Symposium (#SGES 2023) statt. Motto: Gemeinsam mehr Wirkung erzielen.\" \/>\n<meta name=\"twitter:image\" content=\"https:\/\/www.organisator.ch\/wp-content\/uploads\/2023\/09\/Rueckblick-SGES-2023-Wie-gemeinsam-Wirkung-erzielt-werden-kann-1_Organisator.jpg\" \/>\n<script type=\"application\/ld+json\" class=\"yoast-schema-graph\">{\"@context\":\"https:\\\/\\\/schema.org\",\"@graph\":[{\"@type\":\"Article\",\"@id\":\"https:\\\/\\\/www.organisator.ch\\\/sustainability\\\/2023-09-08\\\/rueckblick-sges-2023-wie-gemeinsam-wirkung-erzielt-werden-kann\\\/#article\",\"isPartOf\":{\"@id\":\"https:\\\/\\\/www.organisator.ch\\\/sustainability\\\/2023-09-08\\\/rueckblick-sges-2023-wie-gemeinsam-wirkung-erzielt-werden-kann\\\/\"},\"author\":{\"name\":\"thomas.berner\",\"@id\":\"https:\\\/\\\/www.organisator.ch\\\/#\\\/schema\\\/person\\\/6f650f90b2842cd4c0cc334b4e36f67e\"},\"headline\":\"R\u00fcckblick SGES 2023: Wie gemeinsam Wirkung erzielt werden kann\",\"datePublished\":\"2023-09-08T08:28:55+00:00\",\"dateModified\":\"2023-09-25T06:31:37+00:00\",\"mainEntityOfPage\":{\"@id\":\"https:\\\/\\\/www.organisator.ch\\\/sustainability\\\/2023-09-08\\\/rueckblick-sges-2023-wie-gemeinsam-wirkung-erzielt-werden-kann\\\/\"},\"wordCount\":1132,\"publisher\":{\"@id\":\"https:\\\/\\\/www.organisator.ch\\\/#organization\"},\"image\":{\"@id\":\"https:\\\/\\\/www.organisator.ch\\\/sustainability\\\/2023-09-08\\\/rueckblick-sges-2023-wie-gemeinsam-wirkung-erzielt-werden-kann\\\/#primaryimage\"},\"thumbnailUrl\":\"https:\\\/\\\/www.organisator.ch\\\/wp-content\\\/uploads\\\/2023\\\/09\\\/Rueckblick-SGES-2023-Wie-gemeinsam-Wirkung-erzielt-werden-kann-1_Organisator.jpg\",\"keywords\":[\"Awards\",\"Fachkongress\\\/Fachmesse\",\"Management und Unternehmensf\u00fchrung\",\"Nachhaltige Wirtschaft\"],\"articleSection\":[\"SUSTAINABILITY\"],\"inLanguage\":\"it-IT\"},{\"@type\":\"WebPage\",\"@id\":\"https:\\\/\\\/www.organisator.ch\\\/sustainability\\\/2023-09-08\\\/rueckblick-sges-2023-wie-gemeinsam-wirkung-erzielt-werden-kann\\\/\",\"url\":\"https:\\\/\\\/www.organisator.ch\\\/sustainability\\\/2023-09-08\\\/rueckblick-sges-2023-wie-gemeinsam-wirkung-erzielt-werden-kann\\\/\",\"name\":\"R\u00fcckblick SGES 2023: Wie gemeinsam Wirkung erzielt werden kann - Organisator\",\"isPartOf\":{\"@id\":\"https:\\\/\\\/www.organisator.ch\\\/#website\"},\"primaryImageOfPage\":{\"@id\":\"https:\\\/\\\/www.organisator.ch\\\/sustainability\\\/2023-09-08\\\/rueckblick-sges-2023-wie-gemeinsam-wirkung-erzielt-werden-kann\\\/#primaryimage\"},\"image\":{\"@id\":\"https:\\\/\\\/www.organisator.ch\\\/sustainability\\\/2023-09-08\\\/rueckblick-sges-2023-wie-gemeinsam-wirkung-erzielt-werden-kann\\\/#primaryimage\"},\"thumbnailUrl\":\"https:\\\/\\\/www.organisator.ch\\\/wp-content\\\/uploads\\\/2023\\\/09\\\/Rueckblick-SGES-2023-Wie-gemeinsam-Wirkung-erzielt-werden-kann-1_Organisator.jpg\",\"datePublished\":\"2023-09-08T08:28:55+00:00\",\"dateModified\":\"2023-09-25T06:31:37+00:00\",\"description\":\"Vom 5. bis 7. September 2023 fand in Winterthur das Swiss Green Economy Symposium (SGES 2023) statt. Motto: Gemeinsam mehr Wirkung erzielen.\",\"breadcrumb\":{\"@id\":\"https:\\\/\\\/www.organisator.ch\\\/sustainability\\\/2023-09-08\\\/rueckblick-sges-2023-wie-gemeinsam-wirkung-erzielt-werden-kann\\\/#breadcrumb\"},\"inLanguage\":\"it-IT\",\"potentialAction\":[{\"@type\":\"ReadAction\",\"target\":[\"https:\\\/\\\/www.organisator.ch\\\/sustainability\\\/2023-09-08\\\/rueckblick-sges-2023-wie-gemeinsam-wirkung-erzielt-werden-kann\\\/\"]}]},{\"@type\":\"ImageObject\",\"inLanguage\":\"it-IT\",\"@id\":\"https:\\\/\\\/www.organisator.ch\\\/sustainability\\\/2023-09-08\\\/rueckblick-sges-2023-wie-gemeinsam-wirkung-erzielt-werden-kann\\\/#primaryimage\",\"url\":\"https:\\\/\\\/www.organisator.ch\\\/wp-content\\\/uploads\\\/2023\\\/09\\\/Rueckblick-SGES-2023-Wie-gemeinsam-Wirkung-erzielt-werden-kann-1_Organisator.jpg\",\"contentUrl\":\"https:\\\/\\\/www.organisator.ch\\\/wp-content\\\/uploads\\\/2023\\\/09\\\/Rueckblick-SGES-2023-Wie-gemeinsam-Wirkung-erzielt-werden-kann-1_Organisator.jpg\",\"width\":680,\"height\":378,\"caption\":\"Angeregte Diskussion auf dem Podium: Sonja Hasler (Moderatorin), Christoph Brand (Axpo), Nationalr\u00e4tin Martina Munz und Alexander Keberle (economiesuisse), v.l.n.r. (Bild: Thomas Berner)\"},{\"@type\":\"BreadcrumbList\",\"@id\":\"https:\\\/\\\/www.organisator.ch\\\/sustainability\\\/2023-09-08\\\/rueckblick-sges-2023-wie-gemeinsam-wirkung-erzielt-werden-kann\\\/#breadcrumb\",\"itemListElement\":[{\"@type\":\"ListItem\",\"position\":1,\"name\":\"Home\",\"item\":\"https:\\\/\\\/www.organisator.ch\\\/\"},{\"@type\":\"ListItem\",\"position\":2,\"name\":\"R\u00fcckblick SGES 2023: Wie gemeinsam Wirkung erzielt werden kann\"}]},{\"@type\":\"WebSite\",\"@id\":\"https:\\\/\\\/www.organisator.ch\\\/#website\",\"url\":\"https:\\\/\\\/www.organisator.ch\\\/\",\"name\":\"Organisator\",\"description\":\"Kompetent. Praxisnah. Der ORGANISATOR bereitet in 10 Ausgaben pro Jahr die wesentlichen Themen f\u00fcr F\u00fchrungskr\u00e4fte von KMU auf.\",\"publisher\":{\"@id\":\"https:\\\/\\\/www.organisator.ch\\\/#organization\"},\"potentialAction\":[{\"@type\":\"SearchAction\",\"target\":{\"@type\":\"EntryPoint\",\"urlTemplate\":\"https:\\\/\\\/www.organisator.ch\\\/?s={search_term_string}\"},\"query-input\":{\"@type\":\"PropertyValueSpecification\",\"valueRequired\":true,\"valueName\":\"search_term_string\"}}],\"inLanguage\":\"it-IT\"},{\"@type\":\"Organization\",\"@id\":\"https:\\\/\\\/www.organisator.ch\\\/#organization\",\"name\":\"Organisator\",\"url\":\"https:\\\/\\\/www.organisator.ch\\\/\",\"logo\":{\"@type\":\"ImageObject\",\"inLanguage\":\"it-IT\",\"@id\":\"https:\\\/\\\/www.organisator.ch\\\/#\\\/schema\\\/logo\\\/image\\\/\",\"url\":\"https:\\\/\\\/www.organisator.ch\\\/wp-content\\\/uploads\\\/2022\\\/01\\\/Logo_Organisator_Website.png\",\"contentUrl\":\"https:\\\/\\\/www.organisator.ch\\\/wp-content\\\/uploads\\\/2022\\\/01\\\/Logo_Organisator_Website.png\",\"width\":800,\"height\":77,\"caption\":\"Organisator\"},\"image\":{\"@id\":\"https:\\\/\\\/www.organisator.ch\\\/#\\\/schema\\\/logo\\\/image\\\/\"},\"sameAs\":[\"https:\\\/\\\/www.facebook.com\\\/OrganisatorFachmagazin\",\"https:\\\/\\\/www.linkedin.com\\\/showcase\\\/organisator-das-magazin-fr-kmu\",\"https:\\\/\\\/www.xing.com\\\/news\\\/pages\\\/organisator-ch-695\",\"https:\\\/\\\/www.youtube.com\\\/channel\\\/UCGP2Sq0iWaZwT3BdIAQFYpw\"]},{\"@type\":\"Person\",\"@id\":\"https:\\\/\\\/www.organisator.ch\\\/#\\\/schema\\\/person\\\/6f650f90b2842cd4c0cc334b4e36f67e\",\"name\":\"thomas.berner\",\"image\":{\"@type\":\"ImageObject\",\"inLanguage\":\"it-IT\",\"@id\":\"https:\\\/\\\/secure.gravatar.com\\\/avatar\\\/ac5001d2a36cb6c6cd3e50789007ffca834b477b74a2144564522e944eabff61?s=96&d=mm&r=g\",\"url\":\"https:\\\/\\\/secure.gravatar.com\\\/avatar\\\/ac5001d2a36cb6c6cd3e50789007ffca834b477b74a2144564522e944eabff61?s=96&d=mm&r=g\",\"contentUrl\":\"https:\\\/\\\/secure.gravatar.com\\\/avatar\\\/ac5001d2a36cb6c6cd3e50789007ffca834b477b74a2144564522e944eabff61?s=96&d=mm&r=g\",\"caption\":\"thomas.berner\"},\"url\":\"https:\\\/\\\/www.organisator.ch\\\/it\\\/author\\\/thomas-berner\\\/\"}]}<\/script>\n<!-- \/ Yoast SEO plugin. -->","yoast_head_json":{"title":"Rassegna SGES 2023: Come avere un impatto insieme - Organizzatore","description":"Il Simposio svizzero sull'economia verde (SGES 2023) si \u00e8 svolto a Winterthur dal 5 al 7 settembre 2023. Motto: raggiungere insieme un maggiore impatto.","robots":{"index":"index","follow":"follow","max-snippet":"max-snippet:-1","max-image-preview":"max-image-preview:large","max-video-preview":"max-video-preview:-1"},"canonical":"https:\/\/www.organisator.ch\/it\/sostenibilita\/2023-09-08\/rueckblick-sges-2023-wie-gemeinsam-wirkung-erzielt-werden-kann\/","og_locale":"it_IT","og_type":"article","og_title":"R\u00fcckblick SGES 2023: Wie gemeinsam Wirkung erzielt werden kann","og_description":"Vom 5. bis 7. September 2023 fand in Winterthur das Swiss Green Economy Symposium (SGES 2023) statt. Motto: Gemeinsam mehr Wirkung erzielen.","og_url":"https:\/\/www.organisator.ch\/it\/sostenibilita\/2023-09-08\/rueckblick-sges-2023-wie-gemeinsam-wirkung-erzielt-werden-kann\/","og_site_name":"Organisator","article_publisher":"https:\/\/www.facebook.com\/OrganisatorFachmagazin","article_published_time":"2023-09-08T08:28:55+00:00","article_modified_time":"2023-09-25T06:31:37+00:00","og_image":[{"width":680,"height":378,"url":"https:\/\/www.organisator.ch\/wp-content\/uploads\/2023\/09\/Rueckblick-SGES-2023-Wie-gemeinsam-Wirkung-erzielt-werden-kann-1_Organisator.jpg","type":"image\/jpeg"}],"author":"thomas.berner","twitter_card":"summary_large_image","twitter_title":"R\u00fcckblick #SGES 2023: Wie gemeinsam Wirkung erzielt werden kann","twitter_description":"Vom 5. bis 7. September 2023 fand in #Winterthur das Swiss Green Economy Symposium (#SGES 2023) statt. Motto: Gemeinsam mehr Wirkung erzielen.","twitter_image":"https:\/\/www.organisator.ch\/wp-content\/uploads\/2023\/09\/Rueckblick-SGES-2023-Wie-gemeinsam-Wirkung-erzielt-werden-kann-1_Organisator.jpg","schema":{"@context":"https:\/\/schema.org","@graph":[{"@type":"Article","@id":"https:\/\/www.organisator.ch\/sustainability\/2023-09-08\/rueckblick-sges-2023-wie-gemeinsam-wirkung-erzielt-werden-kann\/#article","isPartOf":{"@id":"https:\/\/www.organisator.ch\/sustainability\/2023-09-08\/rueckblick-sges-2023-wie-gemeinsam-wirkung-erzielt-werden-kann\/"},"author":{"name":"thomas.berner","@id":"https:\/\/www.organisator.ch\/#\/schema\/person\/6f650f90b2842cd4c0cc334b4e36f67e"},"headline":"R\u00fcckblick SGES 2023: Wie gemeinsam Wirkung erzielt werden kann","datePublished":"2023-09-08T08:28:55+00:00","dateModified":"2023-09-25T06:31:37+00:00","mainEntityOfPage":{"@id":"https:\/\/www.organisator.ch\/sustainability\/2023-09-08\/rueckblick-sges-2023-wie-gemeinsam-wirkung-erzielt-werden-kann\/"},"wordCount":1132,"publisher":{"@id":"https:\/\/www.organisator.ch\/#organization"},"image":{"@id":"https:\/\/www.organisator.ch\/sustainability\/2023-09-08\/rueckblick-sges-2023-wie-gemeinsam-wirkung-erzielt-werden-kann\/#primaryimage"},"thumbnailUrl":"https:\/\/www.organisator.ch\/wp-content\/uploads\/2023\/09\/Rueckblick-SGES-2023-Wie-gemeinsam-Wirkung-erzielt-werden-kann-1_Organisator.jpg","keywords":["Awards","Fachkongress\/Fachmesse","Management und Unternehmensf\u00fchrung","Nachhaltige Wirtschaft"],"articleSection":["SUSTAINABILITY"],"inLanguage":"it-IT"},{"@type":"WebPage","@id":"https:\/\/www.organisator.ch\/sustainability\/2023-09-08\/rueckblick-sges-2023-wie-gemeinsam-wirkung-erzielt-werden-kann\/","url":"https:\/\/www.organisator.ch\/sustainability\/2023-09-08\/rueckblick-sges-2023-wie-gemeinsam-wirkung-erzielt-werden-kann\/","name":"Rassegna SGES 2023: Come avere un impatto insieme - Organizzatore","isPartOf":{"@id":"https:\/\/www.organisator.ch\/#website"},"primaryImageOfPage":{"@id":"https:\/\/www.organisator.ch\/sustainability\/2023-09-08\/rueckblick-sges-2023-wie-gemeinsam-wirkung-erzielt-werden-kann\/#primaryimage"},"image":{"@id":"https:\/\/www.organisator.ch\/sustainability\/2023-09-08\/rueckblick-sges-2023-wie-gemeinsam-wirkung-erzielt-werden-kann\/#primaryimage"},"thumbnailUrl":"https:\/\/www.organisator.ch\/wp-content\/uploads\/2023\/09\/Rueckblick-SGES-2023-Wie-gemeinsam-Wirkung-erzielt-werden-kann-1_Organisator.jpg","datePublished":"2023-09-08T08:28:55+00:00","dateModified":"2023-09-25T06:31:37+00:00","description":"Il Simposio svizzero sull'economia verde (SGES 2023) si \u00e8 svolto a Winterthur dal 5 al 7 settembre 2023. Motto: raggiungere insieme un maggiore impatto.","breadcrumb":{"@id":"https:\/\/www.organisator.ch\/sustainability\/2023-09-08\/rueckblick-sges-2023-wie-gemeinsam-wirkung-erzielt-werden-kann\/#breadcrumb"},"inLanguage":"it-IT","potentialAction":[{"@type":"ReadAction","target":["https:\/\/www.organisator.ch\/sustainability\/2023-09-08\/rueckblick-sges-2023-wie-gemeinsam-wirkung-erzielt-werden-kann\/"]}]},{"@type":"ImageObject","inLanguage":"it-IT","@id":"https:\/\/www.organisator.ch\/sustainability\/2023-09-08\/rueckblick-sges-2023-wie-gemeinsam-wirkung-erzielt-werden-kann\/#primaryimage","url":"https:\/\/www.organisator.ch\/wp-content\/uploads\/2023\/09\/Rueckblick-SGES-2023-Wie-gemeinsam-Wirkung-erzielt-werden-kann-1_Organisator.jpg","contentUrl":"https:\/\/www.organisator.ch\/wp-content\/uploads\/2023\/09\/Rueckblick-SGES-2023-Wie-gemeinsam-Wirkung-erzielt-werden-kann-1_Organisator.jpg","width":680,"height":378,"caption":"Angeregte Diskussion auf dem Podium: Sonja Hasler (Moderatorin), Christoph Brand (Axpo), Nationalr\u00e4tin Martina Munz und Alexander Keberle (economiesuisse), v.l.n.r. (Bild: Thomas Berner)"},{"@type":"BreadcrumbList","@id":"https:\/\/www.organisator.ch\/sustainability\/2023-09-08\/rueckblick-sges-2023-wie-gemeinsam-wirkung-erzielt-werden-kann\/#breadcrumb","itemListElement":[{"@type":"ListItem","position":1,"name":"Home","item":"https:\/\/www.organisator.ch\/"},{"@type":"ListItem","position":2,"name":"R\u00fcckblick SGES 2023: Wie gemeinsam Wirkung erzielt werden kann"}]},{"@type":"WebSite","@id":"https:\/\/www.organisator.ch\/#website","url":"https:\/\/www.organisator.ch\/","name":"Organizzatore","description":"Competente. Pratico. In 10 numeri all'anno, ORGANISATOR presenta i temi essenziali per i manager delle PMI.","publisher":{"@id":"https:\/\/www.organisator.ch\/#organization"},"potentialAction":[{"@type":"SearchAction","target":{"@type":"EntryPoint","urlTemplate":"https:\/\/www.organisator.ch\/?s={search_term_string}"},"query-input":{"@type":"PropertyValueSpecification","valueRequired":true,"valueName":"search_term_string"}}],"inLanguage":"it-IT"},{"@type":"Organization","@id":"https:\/\/www.organisator.ch\/#organization","name":"Organizzatore","url":"https:\/\/www.organisator.ch\/","logo":{"@type":"ImageObject","inLanguage":"it-IT","@id":"https:\/\/www.organisator.ch\/#\/schema\/logo\/image\/","url":"https:\/\/www.organisator.ch\/wp-content\/uploads\/2022\/01\/Logo_Organisator_Website.png","contentUrl":"https:\/\/www.organisator.ch\/wp-content\/uploads\/2022\/01\/Logo_Organisator_Website.png","width":800,"height":77,"caption":"Organisator"},"image":{"@id":"https:\/\/www.organisator.ch\/#\/schema\/logo\/image\/"},"sameAs":["https:\/\/www.facebook.com\/OrganisatorFachmagazin","https:\/\/www.linkedin.com\/showcase\/organisator-das-magazin-fr-kmu","https:\/\/www.xing.com\/news\/pages\/organisator-ch-695","https:\/\/www.youtube.com\/channel\/UCGP2Sq0iWaZwT3BdIAQFYpw"]},{"@type":"Person","@id":"https:\/\/www.organisator.ch\/#\/schema\/person\/6f650f90b2842cd4c0cc334b4e36f67e","name":"Tommaso.berner","image":{"@type":"ImageObject","inLanguage":"it-IT","@id":"https:\/\/secure.gravatar.com\/avatar\/ac5001d2a36cb6c6cd3e50789007ffca834b477b74a2144564522e944eabff61?s=96&d=mm&r=g","url":"https:\/\/secure.gravatar.com\/avatar\/ac5001d2a36cb6c6cd3e50789007ffca834b477b74a2144564522e944eabff61?s=96&d=mm&r=g","contentUrl":"https:\/\/secure.gravatar.com\/avatar\/ac5001d2a36cb6c6cd3e50789007ffca834b477b74a2144564522e944eabff61?s=96&d=mm&r=g","caption":"thomas.berner"},"url":"https:\/\/www.organisator.ch\/it\/author\/thomas-berner\/"}]}},"_links":{"self":[{"href":"https:\/\/www.organisator.ch\/it\/wp-json\/wp\/v2\/posts\/21629","targetHints":{"allow":["GET"]}}],"collection":[{"href":"https:\/\/www.organisator.ch\/it\/wp-json\/wp\/v2\/posts"}],"about":[{"href":"https:\/\/www.organisator.ch\/it\/wp-json\/wp\/v2\/types\/post"}],"author":[{"embeddable":true,"href":"https:\/\/www.organisator.ch\/it\/wp-json\/wp\/v2\/users\/4"}],"replies":[{"embeddable":true,"href":"https:\/\/www.organisator.ch\/it\/wp-json\/wp\/v2\/comments?post=21629"}],"version-history":[{"count":6,"href":"https:\/\/www.organisator.ch\/it\/wp-json\/wp\/v2\/posts\/21629\/revisions"}],"predecessor-version":[{"id":21888,"href":"https:\/\/www.organisator.ch\/it\/wp-json\/wp\/v2\/posts\/21629\/revisions\/21888"}],"wp:featuredmedia":[{"embeddable":true,"href":"https:\/\/www.organisator.ch\/it\/wp-json\/wp\/v2\/media\/21630"}],"wp:attachment":[{"href":"https:\/\/www.organisator.ch\/it\/wp-json\/wp\/v2\/media?parent=21629"}],"wp:term":[{"taxonomy":"category","embeddable":true,"href":"https:\/\/www.organisator.ch\/it\/wp-json\/wp\/v2\/categories?post=21629"},{"taxonomy":"post_tag","embeddable":true,"href":"https:\/\/www.organisator.ch\/it\/wp-json\/wp\/v2\/tags?post=21629"}],"curies":[{"name":"wp","href":"https:\/\/api.w.org\/{rel}","templated":true}]}}