{"id":21647,"date":"2023-09-11T15:29:11","date_gmt":"2023-09-11T13:29:11","guid":{"rendered":"https:\/\/www.organisator.ch\/?p=21647"},"modified":"2023-09-11T15:29:11","modified_gmt":"2023-09-11T13:29:11","slug":"siemens-weiht-klimaneutralen-forschungscampus-in-zug-ein","status":"publish","type":"post","link":"https:\/\/www.organisator.ch\/it\/sustainability\/2023-09-11\/siemens-weiht-klimaneutralen-forschungscampus-in-zug-ein\/","title":{"rendered":"Siemens inaugura a Zug un campus di ricerca a impatto climatico zero"},"content":{"rendered":"<figure id=\"attachment_21648\" aria-describedby=\"caption-attachment-21648\" style=\"width: 680px\" class=\"wp-caption alignnone\"><img loading=\"lazy\" decoding=\"async\" class=\"size-full wp-image-21648\" src=\"https:\/\/www.organisator.ch\/wp-content\/uploads\/2023\/09\/Siemens-weiht-klimaneutralen-Forschungscampus-in-Zug-ein_Organisator.png\" alt=\"\" width=\"680\" height=\"453\" srcset=\"https:\/\/www.organisator.ch\/wp-content\/uploads\/2023\/09\/Siemens-weiht-klimaneutralen-Forschungscampus-in-Zug-ein_Organisator.png 680w, https:\/\/www.organisator.ch\/wp-content\/uploads\/2023\/09\/Siemens-weiht-klimaneutralen-Forschungscampus-in-Zug-ein_Organisator-18x12.png 18w, https:\/\/www.organisator.ch\/wp-content\/uploads\/2023\/09\/Siemens-weiht-klimaneutralen-Forschungscampus-in-Zug-ein_Organisator-375x250.png 375w, https:\/\/www.organisator.ch\/wp-content\/uploads\/2023\/09\/Siemens-weiht-klimaneutralen-Forschungscampus-in-Zug-ein_Organisator-525x350.png 525w\" sizes=\"auto, (max-width: 680px) 100vw, 680px\" \/><figcaption id=\"caption-attachment-21648\" class=\"wp-caption-text\">Inaugurazione del campus di ricerca di Zug: da sinistra a destra: Zsolt Sluitner - CEO Siemens Real Estate, la signora Landammann Silvia Thalmann-Gut, Matthias Rebellius - CEO Smart Infrastructure e membro del Consiglio direttivo di Siemens AG, il Consigliere federale Guy Parmelin, Roland Busch - Presidente del Consiglio direttivo di Siemens AG. (Immagine: Siemens)<\/figcaption><\/figure>\n<p>Siemens ha inaugurato oggi il suo nuovo edificio di ricerca e sviluppo (R&amp;S) alla presenza del consigliere federale Guy Parmelin, del sindaco Silvia Thalmann-Gut e di Roland Busch, presidente del consiglio di amministrazione di Siemens AG. Dopo una fase di costruzione durata sette anni e investimenti per 250 milioni di franchi svizzeri, il campus Siemens di Zug, a impatto climatico zero, \u00e8 ufficialmente completato. \"La tecnologia \u00e8 la chiave della sostenibilit\u00e0\", ha commentato Roland Busch. \"Poich\u00e9 40% della domanda energetica mondiale \u00e8 rappresentata dagli edifici, gli edifici a impatto climatico zero sono una leva importante per le aziende e per interi Paesi per diventare pi\u00f9 sostenibili\". Per tenere sotto controllo i complessi processi, utilizziamo l'intelligenza artificiale per orchestrare l'hardware e il software necessari. La Svizzera, con i suoi elevati standard ambientali e le sue universit\u00e0 di livello mondiale, \u00e8 il luogo perfetto per guidare questa tecnologia. E Siemens Xcelerator, la nostra nuova piattaforma aziendale digitale, facilita l'implementazione efficiente da parte dei clienti grazie al design modulare della nostra soluzione\".<\/p>\n<h3>Un esempio di infrastruttura intelligente<\/h3>\n<p>In quanto sede globale di Siemens Smart Infrastructure, Zug \u00e8 un luogo importante per lo sviluppo delle tecnologie edilizie. Ogni anno, l'azienda registra circa 80 nuovi brevetti da qui. Il campus di 25.000 m2 \u00e8 composto da un edificio principale, un edificio industriale e un edificio di ricerca e sviluppo modernizzato. La neutralit\u00e0 climatica \u00e8 ottenuta grazie a una combinazione di misure diverse. \"Siemens collega in modo unico il mondo reale e quello digitale e rende possibile la creazione di un futuro migliore. Il nuovo Campus Siemens di Zug ne \u00e8 un esempio eccellente\", afferma Matthias Rebellius, membro del Consiglio direttivo di Siemens AG e CEO di Smart Infrastructure. \"Utilizzando le pi\u00f9 recenti tecnologie del nostro portafoglio per migliorare le operazioni degli edifici e raggiungere la massima efficienza, il campus sar\u00e0 gestito in modo completamente neutrale dal punto di vista climatico. Questo significa che stiamo gi\u00e0 raggiungendo l'obiettivo per il quale ci siamo impegnati due anni fa\".<\/p>\n<p>Le pompe di calore e l'acqua del lago di Zugo sono utilizzate per il riscaldamento e il raffreddamento, mentre gli impianti fotovoltaici sul tetto producono elettricit\u00e0. I tetti piani verdi forniscono un ulteriore isolamento. Il sistema di automazione degli edifici Desigo CC, parte di Siemens Xcelerator, garantisce un controllo ottimale del clima degli ambienti e dell'efficienza energetica e, insieme all'illuminazione a LED, offre il miglior comfort possibile. Inoltre, oltre 50 stazioni di ricarica di propriet\u00e0 di Siemens supportano la mobilit\u00e0 sostenibile. L'edificio degli uffici ha ottenuto la certificazione di platino secondo lo standard LEED, mentre gli edifici della fabbrica e della ricerca e sviluppo hanno ottenuto ciascuno lo standard d'oro.<\/p>\n<h3>Piattaforma di costruzione digitale in azione<\/h3>\n<p>Nella progettazione del campus \u00e8 stato utilizzato il Building Information Modelling (BIM). Con il BIM, un edificio viene costruito due volte: prima come gemello digitale e poi come oggetto fisico. In questo modo, i consumi di elettricit\u00e0, riscaldamento, raffreddamento e acqua possono essere documentati, misurati e regolati tramite varie applicazioni. Un sistema di prenotazione delle camere \u00e8 collegato al controllo accessi Siport e a Desigo CC per il controllo delle camere orientato alla domanda e alla segnaletica digitale. Inoltre, sono gi\u00e0 state implementate diverse funzioni IoT per aumentare l'efficienza dell'edificio, migliorare il comfort e ottimizzare l'esperienza degli utenti.<\/p>\n<p>Durante la cerimonia di apertura, i partecipanti hanno avuto l'opportunit\u00e0 di vedere in azione Building X, la piattaforma digitale scalabile di Siemens, durante un tour del campus. Parte di Siemens Xcelerator, Building X aiuta a digitalizzare, gestire e ottimizzare le operazioni degli edifici, migliorando l'esperienza degli utenti, le prestazioni e la sostenibilit\u00e0.<\/p>\n<h3>Continuare una tradizione con il campus di ricerca<\/h3>\n<p>L'edificio di ricerca e sviluppo, che \u00e8 stato ammodernato con un costo di circa 70 milioni di franchi svizzeri, \u00e8 l'ultimo capitolo di una lunga tradizione di investimenti di Siemens in Svizzera. Siemens ha gi\u00e0 lavorato a stretto contatto con l'allora societ\u00e0 di allarme antincendio Cerberus pi\u00f9 di 70 anni fa. Nel 1998, Siemens ha rilevato le attivit\u00e0 industriali di Elektrowatt, che oltre a Cerberus comprendeva anche l'azienda Landis &amp; Gyr con sede a Zugo, e da qui ha costituito la nuova business unit Building Technologies. Da allora, la divisione Siemens Building Technologies, nota dal 2019 come Siemens Smart Infrastructure, ha sede a Zug e contribuisce in modo significativo alla creazione di valore nella regione e in Svizzera nel suo complesso.<\/p>\n<p>Il campus di ricerca, ora completato, offre un ambiente di lavoro neutrale dal punto di vista climatico a pi\u00f9 di 1700 dipendenti che guidano lo sviluppo della tecnologia per le infrastrutture critiche in tutto il mondo.<\/p>\n<p><em>Fonte: <a href=\"https:\/\/www.siemens.com\/ch\/de.html\">Siemens<\/a><\/em><\/p>","protected":false},"excerpt":{"rendered":"<p>Il nuovo campus di Siemens a Zug, neutrale dal punto di vista climatico, rappresenta un investimento in tecnologia all'avanguardia e in Svizzera: l'azienda ha investito 250 milioni di franchi svizzeri e, secondo le sue stesse dichiarazioni, ha creato un'opera sostenibile che collega il mondo reale e quello digitale. Con il nuovo campus, Siemens Smart Infrastructure sta guidando la tecnologia per un futuro verde.<\/p>","protected":false},"author":4,"featured_media":21648,"comment_status":"closed","ping_status":"closed","sticky":false,"template":"","format":"standard","meta":{"_acf_changed":false,"_yoast_wpseo_focuskw":"Forschungscampus","_yoast_wpseo_metadesc":"250 Millionen Franken hat das Unternehmen Siemens in die Hand genommen und einen nachhaltigen Forschungscampus in Zug errichtet.","articlekey":"","footnotes":""},"categories":[580],"tags":[195,218,358,3929,492],"class_list":["post-21647","post","type-post","status-publish","format-standard","has-post-thumbnail","hentry","category-sustainability","tag-facility-management","tag-forschung","tag-nachhaltige-wirtschaft","tag-smart-infrastructure","tag-unternehmen"],"acf":[],"yoast_head":"<!-- This site is optimized with the Yoast SEO plugin v27.5 - https:\/\/yoast.com\/product\/yoast-seo-wordpress\/ -->\n<title>Siemens weiht klimaneutralen Forschungscampus in Zug ein - Organisator<\/title>\n<meta name=\"description\" content=\"250 Millionen Franken hat das Unternehmen Siemens in die Hand genommen und einen nachhaltigen Forschungscampus in Zug errichtet.\" \/>\n<meta name=\"robots\" content=\"index, follow, max-snippet:-1, max-image-preview:large, max-video-preview:-1\" \/>\n<link rel=\"canonical\" href=\"https:\/\/www.organisator.ch\/it\/sostenibilita\/2023-09-11\/siemens-weiht-klimaneutralen-forschungscampus-in-zug-ein\/\" \/>\n<meta property=\"og:locale\" content=\"it_IT\" \/>\n<meta property=\"og:type\" content=\"article\" \/>\n<meta property=\"og:title\" content=\"Siemens weiht klimaneutralen Forschungscampus in Zug ein\" \/>\n<meta property=\"og:description\" content=\"250 Millionen Franken hat das Unternehmen Siemens in die Hand genommen und einen nachhaltigen Forschungscampus in Zug errichtet.\" \/>\n<meta property=\"og:url\" content=\"https:\/\/www.organisator.ch\/it\/sostenibilita\/2023-09-11\/siemens-weiht-klimaneutralen-forschungscampus-in-zug-ein\/\" \/>\n<meta property=\"og:site_name\" content=\"Organisator\" \/>\n<meta property=\"article:publisher\" content=\"https:\/\/www.facebook.com\/OrganisatorFachmagazin\" \/>\n<meta property=\"article:published_time\" content=\"2023-09-11T13:29:11+00:00\" \/>\n<meta property=\"og:image\" content=\"https:\/\/www.organisator.ch\/wp-content\/uploads\/2023\/09\/Siemens-weiht-klimaneutralen-Forschungscampus-in-Zug-ein_Organisator.png\" \/>\n\t<meta property=\"og:image:width\" content=\"680\" \/>\n\t<meta property=\"og:image:height\" content=\"453\" \/>\n\t<meta property=\"og:image:type\" content=\"image\/png\" \/>\n<meta name=\"author\" content=\"thomas.berner\" \/>\n<meta name=\"twitter:card\" content=\"summary_large_image\" \/>\n<meta name=\"twitter:title\" content=\"#Siemens weiht klimaneutralen #Forschungscampus in Zug ein\" \/>\n<meta name=\"twitter:description\" content=\"250 Millionen Franken hat das Unternehmen #Siemens in die Hand genommen und einen nachhaltigen #Forschungscampus in Zug errichtet.\" \/>\n<meta name=\"twitter:image\" content=\"https:\/\/www.organisator.ch\/wp-content\/uploads\/2023\/09\/Siemens-weiht-klimaneutralen-Forschungscampus-in-Zug-ein_Organisator.png\" \/>\n<script type=\"application\/ld+json\" class=\"yoast-schema-graph\">{\"@context\":\"https:\\\/\\\/schema.org\",\"@graph\":[{\"@type\":\"Article\",\"@id\":\"https:\\\/\\\/www.organisator.ch\\\/sustainability\\\/2023-09-11\\\/siemens-weiht-klimaneutralen-forschungscampus-in-zug-ein\\\/#article\",\"isPartOf\":{\"@id\":\"https:\\\/\\\/www.organisator.ch\\\/sustainability\\\/2023-09-11\\\/siemens-weiht-klimaneutralen-forschungscampus-in-zug-ein\\\/\"},\"author\":{\"name\":\"thomas.berner\",\"@id\":\"https:\\\/\\\/www.organisator.ch\\\/#\\\/schema\\\/person\\\/6f650f90b2842cd4c0cc334b4e36f67e\"},\"headline\":\"Siemens weiht klimaneutralen Forschungscampus in Zug ein\",\"datePublished\":\"2023-09-11T13:29:11+00:00\",\"mainEntityOfPage\":{\"@id\":\"https:\\\/\\\/www.organisator.ch\\\/sustainability\\\/2023-09-11\\\/siemens-weiht-klimaneutralen-forschungscampus-in-zug-ein\\\/\"},\"wordCount\":746,\"publisher\":{\"@id\":\"https:\\\/\\\/www.organisator.ch\\\/#organization\"},\"image\":{\"@id\":\"https:\\\/\\\/www.organisator.ch\\\/sustainability\\\/2023-09-11\\\/siemens-weiht-klimaneutralen-forschungscampus-in-zug-ein\\\/#primaryimage\"},\"thumbnailUrl\":\"https:\\\/\\\/www.organisator.ch\\\/wp-content\\\/uploads\\\/2023\\\/09\\\/Siemens-weiht-klimaneutralen-Forschungscampus-in-Zug-ein_Organisator.png\",\"keywords\":[\"Facility Management\",\"Forschung\",\"Nachhaltige Wirtschaft\",\"Smart Infrastructure\",\"Unternehmen\"],\"articleSection\":[\"SUSTAINABILITY\"],\"inLanguage\":\"it-IT\"},{\"@type\":\"WebPage\",\"@id\":\"https:\\\/\\\/www.organisator.ch\\\/sustainability\\\/2023-09-11\\\/siemens-weiht-klimaneutralen-forschungscampus-in-zug-ein\\\/\",\"url\":\"https:\\\/\\\/www.organisator.ch\\\/sustainability\\\/2023-09-11\\\/siemens-weiht-klimaneutralen-forschungscampus-in-zug-ein\\\/\",\"name\":\"Siemens weiht klimaneutralen Forschungscampus in Zug ein - Organisator\",\"isPartOf\":{\"@id\":\"https:\\\/\\\/www.organisator.ch\\\/#website\"},\"primaryImageOfPage\":{\"@id\":\"https:\\\/\\\/www.organisator.ch\\\/sustainability\\\/2023-09-11\\\/siemens-weiht-klimaneutralen-forschungscampus-in-zug-ein\\\/#primaryimage\"},\"image\":{\"@id\":\"https:\\\/\\\/www.organisator.ch\\\/sustainability\\\/2023-09-11\\\/siemens-weiht-klimaneutralen-forschungscampus-in-zug-ein\\\/#primaryimage\"},\"thumbnailUrl\":\"https:\\\/\\\/www.organisator.ch\\\/wp-content\\\/uploads\\\/2023\\\/09\\\/Siemens-weiht-klimaneutralen-Forschungscampus-in-Zug-ein_Organisator.png\",\"datePublished\":\"2023-09-11T13:29:11+00:00\",\"description\":\"250 Millionen Franken hat das Unternehmen Siemens in die Hand genommen und einen nachhaltigen Forschungscampus in Zug errichtet.\",\"breadcrumb\":{\"@id\":\"https:\\\/\\\/www.organisator.ch\\\/sustainability\\\/2023-09-11\\\/siemens-weiht-klimaneutralen-forschungscampus-in-zug-ein\\\/#breadcrumb\"},\"inLanguage\":\"it-IT\",\"potentialAction\":[{\"@type\":\"ReadAction\",\"target\":[\"https:\\\/\\\/www.organisator.ch\\\/sustainability\\\/2023-09-11\\\/siemens-weiht-klimaneutralen-forschungscampus-in-zug-ein\\\/\"]}]},{\"@type\":\"ImageObject\",\"inLanguage\":\"it-IT\",\"@id\":\"https:\\\/\\\/www.organisator.ch\\\/sustainability\\\/2023-09-11\\\/siemens-weiht-klimaneutralen-forschungscampus-in-zug-ein\\\/#primaryimage\",\"url\":\"https:\\\/\\\/www.organisator.ch\\\/wp-content\\\/uploads\\\/2023\\\/09\\\/Siemens-weiht-klimaneutralen-Forschungscampus-in-Zug-ein_Organisator.png\",\"contentUrl\":\"https:\\\/\\\/www.organisator.ch\\\/wp-content\\\/uploads\\\/2023\\\/09\\\/Siemens-weiht-klimaneutralen-Forschungscampus-in-Zug-ein_Organisator.png\",\"width\":680,\"height\":453,\"caption\":\"Forschungscampus in Zug eingeweiht: v.l.n.r.: Zsolt Sluitner - CEO Siemens Real Estate, Frau Landammann Silvia Thalmann-Gut, Matthias Rebellius - CEO Smart Infrastructure und Vorstandsmitglied der Siemens AG, Bundesrat Guy Parmelin, Roland Busch - Vorstandsvorsitzender der Siemens AG. (Bild: Siemens)\"},{\"@type\":\"BreadcrumbList\",\"@id\":\"https:\\\/\\\/www.organisator.ch\\\/sustainability\\\/2023-09-11\\\/siemens-weiht-klimaneutralen-forschungscampus-in-zug-ein\\\/#breadcrumb\",\"itemListElement\":[{\"@type\":\"ListItem\",\"position\":1,\"name\":\"Home\",\"item\":\"https:\\\/\\\/www.organisator.ch\\\/\"},{\"@type\":\"ListItem\",\"position\":2,\"name\":\"Siemens weiht klimaneutralen Forschungscampus in Zug ein\"}]},{\"@type\":\"WebSite\",\"@id\":\"https:\\\/\\\/www.organisator.ch\\\/#website\",\"url\":\"https:\\\/\\\/www.organisator.ch\\\/\",\"name\":\"Organisator\",\"description\":\"Kompetent. Praxisnah. Der ORGANISATOR bereitet in 10 Ausgaben pro Jahr die wesentlichen Themen f\u00fcr F\u00fchrungskr\u00e4fte von KMU auf.\",\"publisher\":{\"@id\":\"https:\\\/\\\/www.organisator.ch\\\/#organization\"},\"potentialAction\":[{\"@type\":\"SearchAction\",\"target\":{\"@type\":\"EntryPoint\",\"urlTemplate\":\"https:\\\/\\\/www.organisator.ch\\\/?s={search_term_string}\"},\"query-input\":{\"@type\":\"PropertyValueSpecification\",\"valueRequired\":true,\"valueName\":\"search_term_string\"}}],\"inLanguage\":\"it-IT\"},{\"@type\":\"Organization\",\"@id\":\"https:\\\/\\\/www.organisator.ch\\\/#organization\",\"name\":\"Organisator\",\"url\":\"https:\\\/\\\/www.organisator.ch\\\/\",\"logo\":{\"@type\":\"ImageObject\",\"inLanguage\":\"it-IT\",\"@id\":\"https:\\\/\\\/www.organisator.ch\\\/#\\\/schema\\\/logo\\\/image\\\/\",\"url\":\"https:\\\/\\\/www.organisator.ch\\\/wp-content\\\/uploads\\\/2022\\\/01\\\/Logo_Organisator_Website.png\",\"contentUrl\":\"https:\\\/\\\/www.organisator.ch\\\/wp-content\\\/uploads\\\/2022\\\/01\\\/Logo_Organisator_Website.png\",\"width\":800,\"height\":77,\"caption\":\"Organisator\"},\"image\":{\"@id\":\"https:\\\/\\\/www.organisator.ch\\\/#\\\/schema\\\/logo\\\/image\\\/\"},\"sameAs\":[\"https:\\\/\\\/www.facebook.com\\\/OrganisatorFachmagazin\",\"https:\\\/\\\/www.linkedin.com\\\/showcase\\\/organisator-das-magazin-fr-kmu\",\"https:\\\/\\\/www.xing.com\\\/news\\\/pages\\\/organisator-ch-695\",\"https:\\\/\\\/www.youtube.com\\\/channel\\\/UCGP2Sq0iWaZwT3BdIAQFYpw\"]},{\"@type\":\"Person\",\"@id\":\"https:\\\/\\\/www.organisator.ch\\\/#\\\/schema\\\/person\\\/6f650f90b2842cd4c0cc334b4e36f67e\",\"name\":\"thomas.berner\",\"image\":{\"@type\":\"ImageObject\",\"inLanguage\":\"it-IT\",\"@id\":\"https:\\\/\\\/secure.gravatar.com\\\/avatar\\\/ac5001d2a36cb6c6cd3e50789007ffca834b477b74a2144564522e944eabff61?s=96&d=mm&r=g\",\"url\":\"https:\\\/\\\/secure.gravatar.com\\\/avatar\\\/ac5001d2a36cb6c6cd3e50789007ffca834b477b74a2144564522e944eabff61?s=96&d=mm&r=g\",\"contentUrl\":\"https:\\\/\\\/secure.gravatar.com\\\/avatar\\\/ac5001d2a36cb6c6cd3e50789007ffca834b477b74a2144564522e944eabff61?s=96&d=mm&r=g\",\"caption\":\"thomas.berner\"},\"url\":\"https:\\\/\\\/www.organisator.ch\\\/it\\\/author\\\/thomas-berner\\\/\"}]}<\/script>\n<!-- \/ Yoast SEO plugin. -->","yoast_head_json":{"title":"Siemens inaugura un campus di ricerca a impatto climatico zero a Zug - Organizzatore","description":"Siemens ha investito 250 milioni di franchi svizzeri per costruire un campus di ricerca sostenibile a Zug.","robots":{"index":"index","follow":"follow","max-snippet":"max-snippet:-1","max-image-preview":"max-image-preview:large","max-video-preview":"max-video-preview:-1"},"canonical":"https:\/\/www.organisator.ch\/it\/sostenibilita\/2023-09-11\/siemens-weiht-klimaneutralen-forschungscampus-in-zug-ein\/","og_locale":"it_IT","og_type":"article","og_title":"Siemens weiht klimaneutralen Forschungscampus in Zug ein","og_description":"250 Millionen Franken hat das Unternehmen Siemens in die Hand genommen und einen nachhaltigen Forschungscampus in Zug errichtet.","og_url":"https:\/\/www.organisator.ch\/it\/sostenibilita\/2023-09-11\/siemens-weiht-klimaneutralen-forschungscampus-in-zug-ein\/","og_site_name":"Organisator","article_publisher":"https:\/\/www.facebook.com\/OrganisatorFachmagazin","article_published_time":"2023-09-11T13:29:11+00:00","og_image":[{"width":680,"height":453,"url":"https:\/\/www.organisator.ch\/wp-content\/uploads\/2023\/09\/Siemens-weiht-klimaneutralen-Forschungscampus-in-Zug-ein_Organisator.png","type":"image\/png"}],"author":"thomas.berner","twitter_card":"summary_large_image","twitter_title":"#Siemens weiht klimaneutralen #Forschungscampus in Zug ein","twitter_description":"250 Millionen Franken hat das Unternehmen #Siemens in die Hand genommen und einen nachhaltigen #Forschungscampus in Zug errichtet.","twitter_image":"https:\/\/www.organisator.ch\/wp-content\/uploads\/2023\/09\/Siemens-weiht-klimaneutralen-Forschungscampus-in-Zug-ein_Organisator.png","schema":{"@context":"https:\/\/schema.org","@graph":[{"@type":"Article","@id":"https:\/\/www.organisator.ch\/sustainability\/2023-09-11\/siemens-weiht-klimaneutralen-forschungscampus-in-zug-ein\/#article","isPartOf":{"@id":"https:\/\/www.organisator.ch\/sustainability\/2023-09-11\/siemens-weiht-klimaneutralen-forschungscampus-in-zug-ein\/"},"author":{"name":"thomas.berner","@id":"https:\/\/www.organisator.ch\/#\/schema\/person\/6f650f90b2842cd4c0cc334b4e36f67e"},"headline":"Siemens weiht klimaneutralen Forschungscampus in Zug ein","datePublished":"2023-09-11T13:29:11+00:00","mainEntityOfPage":{"@id":"https:\/\/www.organisator.ch\/sustainability\/2023-09-11\/siemens-weiht-klimaneutralen-forschungscampus-in-zug-ein\/"},"wordCount":746,"publisher":{"@id":"https:\/\/www.organisator.ch\/#organization"},"image":{"@id":"https:\/\/www.organisator.ch\/sustainability\/2023-09-11\/siemens-weiht-klimaneutralen-forschungscampus-in-zug-ein\/#primaryimage"},"thumbnailUrl":"https:\/\/www.organisator.ch\/wp-content\/uploads\/2023\/09\/Siemens-weiht-klimaneutralen-Forschungscampus-in-Zug-ein_Organisator.png","keywords":["Facility Management","Forschung","Nachhaltige Wirtschaft","Smart Infrastructure","Unternehmen"],"articleSection":["SUSTAINABILITY"],"inLanguage":"it-IT"},{"@type":"WebPage","@id":"https:\/\/www.organisator.ch\/sustainability\/2023-09-11\/siemens-weiht-klimaneutralen-forschungscampus-in-zug-ein\/","url":"https:\/\/www.organisator.ch\/sustainability\/2023-09-11\/siemens-weiht-klimaneutralen-forschungscampus-in-zug-ein\/","name":"Siemens inaugura un campus di ricerca a impatto climatico zero a Zug - Organizzatore","isPartOf":{"@id":"https:\/\/www.organisator.ch\/#website"},"primaryImageOfPage":{"@id":"https:\/\/www.organisator.ch\/sustainability\/2023-09-11\/siemens-weiht-klimaneutralen-forschungscampus-in-zug-ein\/#primaryimage"},"image":{"@id":"https:\/\/www.organisator.ch\/sustainability\/2023-09-11\/siemens-weiht-klimaneutralen-forschungscampus-in-zug-ein\/#primaryimage"},"thumbnailUrl":"https:\/\/www.organisator.ch\/wp-content\/uploads\/2023\/09\/Siemens-weiht-klimaneutralen-Forschungscampus-in-Zug-ein_Organisator.png","datePublished":"2023-09-11T13:29:11+00:00","description":"Siemens ha investito 250 milioni di franchi svizzeri per costruire un campus di ricerca sostenibile a Zug.","breadcrumb":{"@id":"https:\/\/www.organisator.ch\/sustainability\/2023-09-11\/siemens-weiht-klimaneutralen-forschungscampus-in-zug-ein\/#breadcrumb"},"inLanguage":"it-IT","potentialAction":[{"@type":"ReadAction","target":["https:\/\/www.organisator.ch\/sustainability\/2023-09-11\/siemens-weiht-klimaneutralen-forschungscampus-in-zug-ein\/"]}]},{"@type":"ImageObject","inLanguage":"it-IT","@id":"https:\/\/www.organisator.ch\/sustainability\/2023-09-11\/siemens-weiht-klimaneutralen-forschungscampus-in-zug-ein\/#primaryimage","url":"https:\/\/www.organisator.ch\/wp-content\/uploads\/2023\/09\/Siemens-weiht-klimaneutralen-Forschungscampus-in-Zug-ein_Organisator.png","contentUrl":"https:\/\/www.organisator.ch\/wp-content\/uploads\/2023\/09\/Siemens-weiht-klimaneutralen-Forschungscampus-in-Zug-ein_Organisator.png","width":680,"height":453,"caption":"Forschungscampus in Zug eingeweiht: v.l.n.r.: Zsolt Sluitner - CEO Siemens Real Estate, Frau Landammann Silvia Thalmann-Gut, Matthias Rebellius - CEO Smart Infrastructure und Vorstandsmitglied der Siemens AG, Bundesrat Guy Parmelin, Roland Busch - Vorstandsvorsitzender der Siemens AG. (Bild: Siemens)"},{"@type":"BreadcrumbList","@id":"https:\/\/www.organisator.ch\/sustainability\/2023-09-11\/siemens-weiht-klimaneutralen-forschungscampus-in-zug-ein\/#breadcrumb","itemListElement":[{"@type":"ListItem","position":1,"name":"Home","item":"https:\/\/www.organisator.ch\/"},{"@type":"ListItem","position":2,"name":"Siemens weiht klimaneutralen Forschungscampus in Zug ein"}]},{"@type":"WebSite","@id":"https:\/\/www.organisator.ch\/#website","url":"https:\/\/www.organisator.ch\/","name":"Organizzatore","description":"Competente. Pratico. In 10 numeri all'anno, ORGANISATOR presenta i temi essenziali per i manager delle PMI.","publisher":{"@id":"https:\/\/www.organisator.ch\/#organization"},"potentialAction":[{"@type":"SearchAction","target":{"@type":"EntryPoint","urlTemplate":"https:\/\/www.organisator.ch\/?s={search_term_string}"},"query-input":{"@type":"PropertyValueSpecification","valueRequired":true,"valueName":"search_term_string"}}],"inLanguage":"it-IT"},{"@type":"Organization","@id":"https:\/\/www.organisator.ch\/#organization","name":"Organizzatore","url":"https:\/\/www.organisator.ch\/","logo":{"@type":"ImageObject","inLanguage":"it-IT","@id":"https:\/\/www.organisator.ch\/#\/schema\/logo\/image\/","url":"https:\/\/www.organisator.ch\/wp-content\/uploads\/2022\/01\/Logo_Organisator_Website.png","contentUrl":"https:\/\/www.organisator.ch\/wp-content\/uploads\/2022\/01\/Logo_Organisator_Website.png","width":800,"height":77,"caption":"Organisator"},"image":{"@id":"https:\/\/www.organisator.ch\/#\/schema\/logo\/image\/"},"sameAs":["https:\/\/www.facebook.com\/OrganisatorFachmagazin","https:\/\/www.linkedin.com\/showcase\/organisator-das-magazin-fr-kmu","https:\/\/www.xing.com\/news\/pages\/organisator-ch-695","https:\/\/www.youtube.com\/channel\/UCGP2Sq0iWaZwT3BdIAQFYpw"]},{"@type":"Person","@id":"https:\/\/www.organisator.ch\/#\/schema\/person\/6f650f90b2842cd4c0cc334b4e36f67e","name":"Tommaso.berner","image":{"@type":"ImageObject","inLanguage":"it-IT","@id":"https:\/\/secure.gravatar.com\/avatar\/ac5001d2a36cb6c6cd3e50789007ffca834b477b74a2144564522e944eabff61?s=96&d=mm&r=g","url":"https:\/\/secure.gravatar.com\/avatar\/ac5001d2a36cb6c6cd3e50789007ffca834b477b74a2144564522e944eabff61?s=96&d=mm&r=g","contentUrl":"https:\/\/secure.gravatar.com\/avatar\/ac5001d2a36cb6c6cd3e50789007ffca834b477b74a2144564522e944eabff61?s=96&d=mm&r=g","caption":"thomas.berner"},"url":"https:\/\/www.organisator.ch\/it\/author\/thomas-berner\/"}]}},"_links":{"self":[{"href":"https:\/\/www.organisator.ch\/it\/wp-json\/wp\/v2\/posts\/21647","targetHints":{"allow":["GET"]}}],"collection":[{"href":"https:\/\/www.organisator.ch\/it\/wp-json\/wp\/v2\/posts"}],"about":[{"href":"https:\/\/www.organisator.ch\/it\/wp-json\/wp\/v2\/types\/post"}],"author":[{"embeddable":true,"href":"https:\/\/www.organisator.ch\/it\/wp-json\/wp\/v2\/users\/4"}],"replies":[{"embeddable":true,"href":"https:\/\/www.organisator.ch\/it\/wp-json\/wp\/v2\/comments?post=21647"}],"version-history":[{"count":4,"href":"https:\/\/www.organisator.ch\/it\/wp-json\/wp\/v2\/posts\/21647\/revisions"}],"predecessor-version":[{"id":22040,"href":"https:\/\/www.organisator.ch\/it\/wp-json\/wp\/v2\/posts\/21647\/revisions\/22040"}],"wp:featuredmedia":[{"embeddable":true,"href":"https:\/\/www.organisator.ch\/it\/wp-json\/wp\/v2\/media\/21648"}],"wp:attachment":[{"href":"https:\/\/www.organisator.ch\/it\/wp-json\/wp\/v2\/media?parent=21647"}],"wp:term":[{"taxonomy":"category","embeddable":true,"href":"https:\/\/www.organisator.ch\/it\/wp-json\/wp\/v2\/categories?post=21647"},{"taxonomy":"post_tag","embeddable":true,"href":"https:\/\/www.organisator.ch\/it\/wp-json\/wp\/v2\/tags?post=21647"}],"curies":[{"name":"wp","href":"https:\/\/api.w.org\/{rel}","templated":true}]}}