{"id":2167,"date":"2017-07-10T11:10:41","date_gmt":"2017-07-10T09:10:41","guid":{"rendered":"https:\/\/www.organisator.ch\/?p=2167"},"modified":"2017-07-10T11:10:41","modified_gmt":"2017-07-10T09:10:41","slug":"kof-studie-belegt-herr-und-frau-schweizer-arbeiten-weniger","status":"publish","type":"post","link":"https:\/\/www.organisator.ch\/it\/allgemein\/2017-07-10\/kof-studie-belegt-herr-und-frau-schweizer-arbeiten-weniger\/","title":{"rendered":"Lo studio KOF dimostra: I signori svizzeri lavorano meno"},"content":{"rendered":"<figure id=\"attachment_2168\" aria-describedby=\"caption-attachment-2168\" style=\"width: 680px\" class=\"wp-caption alignnone\"><img loading=\"lazy\" decoding=\"async\" class=\"size-medium wp-image-2168\" src=\"https:\/\/www.organisator.ch\/wp-content\/uploads\/2017\/07\/KOF-Studie-belegt-Herr-und-Frau-Schweizer-arbeiten-weniger-org-organisator.jpg\" alt=\"\" width=\"680\" height=\"454\" srcset=\"https:\/\/www.organisator.ch\/wp-content\/uploads\/2017\/07\/KOF-Studie-belegt-Herr-und-Frau-Schweizer-arbeiten-weniger-org-organisator.jpg 1000w, https:\/\/www.organisator.ch\/wp-content\/uploads\/2017\/07\/KOF-Studie-belegt-Herr-und-Frau-Schweizer-arbeiten-weniger-org-organisator-680x454.jpg 680w, https:\/\/www.organisator.ch\/wp-content\/uploads\/2017\/07\/KOF-Studie-belegt-Herr-und-Frau-Schweizer-arbeiten-weniger-org-organisator-768x513.jpg 768w, https:\/\/www.organisator.ch\/wp-content\/uploads\/2017\/07\/KOF-Studie-belegt-Herr-und-Frau-Schweizer-arbeiten-weniger-org-organisator-16x12.jpg 16w, https:\/\/www.organisator.ch\/wp-content\/uploads\/2017\/07\/KOF-Studie-belegt-Herr-und-Frau-Schweizer-arbeiten-weniger-org-organisator-262x175.jpg 262w, https:\/\/www.organisator.ch\/wp-content\/uploads\/2017\/07\/KOF-Studie-belegt-Herr-und-Frau-Schweizer-arbeiten-weniger-org-organisator-524x350.jpg 524w, https:\/\/www.organisator.ch\/wp-content\/uploads\/2017\/07\/KOF-Studie-belegt-Herr-und-Frau-Schweizer-arbeiten-weniger-org-organisator-920x615.jpg 920w, https:\/\/www.organisator.ch\/wp-content\/uploads\/2017\/07\/KOF-Studie-belegt-Herr-und-Frau-Schweizer-arbeiten-weniger-org-organisator-300x200.jpg 300w\" sizes=\"auto, (max-width: 680px) 100vw, 680px\" \/><figcaption id=\"caption-attachment-2168\" class=\"wp-caption-text\">Solo 2 uomini su 3 hanno raggiunto l'et\u00e0 pensionabile 60 anni fa, come dimostra uno studio del KOF sull'orario di lavoro. (Immagine \u00a9 iakovenko123)<\/figcaption><\/figure>\n<p>&nbsp;<\/p>\n<p>Lo studio del KOF, condotto dall'Istituto Svizzero di Ricerca sul Ciclo Economico del Politecnico di Zurigo, mostra una \"massiccia diminuzione delle ore di lavoro\", afferma l'autore dello studio Michael Siebenthaler: \"Documenta l'impressionante aumento del benessere nella nostra societ\u00e0\", perch\u00e9 agli svizzeri piace considerarsi laboriosi e industriosi. Ma il clich\u00e9 \u00e8 vero: pi\u00f9 a lungo \u00e8, meno \u00e8.<\/p>\n<p>Attualmente, un lavoratore dipendente lavora in media circa 1562 ore all'anno. Nel 1950, invece, si lavorava ancora 2400 ore (cfr. grafico). Si accontentavano di due settimane di vacanza, mentre oggi ci concediamo una media di 5,2 settimane. C'erano solo 5 giorni festivi, ora ce ne sono 9,5. Inoltre, la settimana di sei giorni era comune, solo un dipendente su sette godeva di un sabato libero.<\/p>\n<p>&nbsp;<\/p>\n<p><img loading=\"lazy\" decoding=\"async\" class=\"alignnone size-medium wp-image-2171\" src=\"https:\/\/www.organisator.ch\/wp-content\/uploads\/2017\/07\/KOF-Studie-belegt-Herr-und-Frau-Schweizer-arbeiten-weniger_org_organisator_Grafik.jpg\" alt=\"\" width=\"680\" height=\"548\" srcset=\"https:\/\/www.organisator.ch\/wp-content\/uploads\/2017\/07\/KOF-Studie-belegt-Herr-und-Frau-Schweizer-arbeiten-weniger_org_organisator_Grafik.jpg 1172w, https:\/\/www.organisator.ch\/wp-content\/uploads\/2017\/07\/KOF-Studie-belegt-Herr-und-Frau-Schweizer-arbeiten-weniger_org_organisator_Grafik-680x548.jpg 680w, https:\/\/www.organisator.ch\/wp-content\/uploads\/2017\/07\/KOF-Studie-belegt-Herr-und-Frau-Schweizer-arbeiten-weniger_org_organisator_Grafik-1024x826.jpg 1024w, https:\/\/www.organisator.ch\/wp-content\/uploads\/2017\/07\/KOF-Studie-belegt-Herr-und-Frau-Schweizer-arbeiten-weniger_org_organisator_Grafik-768x619.jpg 768w, https:\/\/www.organisator.ch\/wp-content\/uploads\/2017\/07\/KOF-Studie-belegt-Herr-und-Frau-Schweizer-arbeiten-weniger_org_organisator_Grafik-16x12.jpg 16w, https:\/\/www.organisator.ch\/wp-content\/uploads\/2017\/07\/KOF-Studie-belegt-Herr-und-Frau-Schweizer-arbeiten-weniger_org_organisator_Grafik-217x175.jpg 217w, https:\/\/www.organisator.ch\/wp-content\/uploads\/2017\/07\/KOF-Studie-belegt-Herr-und-Frau-Schweizer-arbeiten-weniger_org_organisator_Grafik-434x350.jpg 434w, https:\/\/www.organisator.ch\/wp-content\/uploads\/2017\/07\/KOF-Studie-belegt-Herr-und-Frau-Schweizer-arbeiten-weniger_org_organisator_Grafik-992x800.jpg 992w, https:\/\/www.organisator.ch\/wp-content\/uploads\/2017\/07\/KOF-Studie-belegt-Herr-und-Frau-Schweizer-arbeiten-weniger_org_organisator_Grafik-920x742.jpg 920w, https:\/\/www.organisator.ch\/wp-content\/uploads\/2017\/07\/KOF-Studie-belegt-Herr-und-Frau-Schweizer-arbeiten-weniger_org_organisator_Grafik-300x242.jpg 300w\" sizes=\"auto, (max-width: 680px) 100vw, 680px\" \/><\/p>\n<p>&nbsp;<\/p>\n<p><strong>L'orario di lavoro: allora e oggi <\/strong><\/p>\n<p>Negli anni Cinquanta la settimana lavorativa standard era di 49 ore, mentre nel settore alberghiero la norma era di 55 ore. Oggi, l'obiettivo settimanale viene raggiunto dopo meno di 42 ore. Allo stesso tempo, sempre meno persone lavorano a tempo pieno: tra le donne, solo 41% lavorano a tempo pieno. Anche tra gli uomini la cifra \u00e8 scesa a 83%. Inoltre, gli statistici considerano pienamente occupati anche coloro che hanno mezza giornata libera a settimana.<\/p>\n<p><strong>Differenze nazionali <\/strong><\/p>\n<p>Quanto strettamente si lavora in Svizzera rispetto ad altri Paesi? L'esperto di KOF Siegenthaler ha scoperto alcuni risultati sorprendenti nel suo studio. In molti luoghi del mondo il numero di ore lavorate \u00e8 significativamente pi\u00f9 alto: negli Stati Uniti \u00e8 di 1770 ore all'anno. I sudcoreani sgobbano per il loro benessere per ben 2213 ore - l'ultima volta che la Svizzera ha lavorato cos\u00ec tante ore \u00e8 stato nel 1966.<\/p>\n<p>&nbsp;<\/p>\n<p><img loading=\"lazy\" decoding=\"async\" class=\"alignnone size-full wp-image-2172\" src=\"https:\/\/www.organisator.ch\/wp-content\/uploads\/2017\/07\/KOF-Studie-belegt-Herr-und-Frau-Schweizer-arbeiten-weniger-org-organisator_Grafik2.jpg\" alt=\"\" width=\"591\" height=\"944\" srcset=\"https:\/\/www.organisator.ch\/wp-content\/uploads\/2017\/07\/KOF-Studie-belegt-Herr-und-Frau-Schweizer-arbeiten-weniger-org-organisator_Grafik2.jpg 591w, https:\/\/www.organisator.ch\/wp-content\/uploads\/2017\/07\/KOF-Studie-belegt-Herr-und-Frau-Schweizer-arbeiten-weniger-org-organisator_Grafik2-8x12.jpg 8w, https:\/\/www.organisator.ch\/wp-content\/uploads\/2017\/07\/KOF-Studie-belegt-Herr-und-Frau-Schweizer-arbeiten-weniger-org-organisator_Grafik2-110x175.jpg 110w, https:\/\/www.organisator.ch\/wp-content\/uploads\/2017\/07\/KOF-Studie-belegt-Herr-und-Frau-Schweizer-arbeiten-weniger-org-organisator_Grafik2-219x350.jpg 219w, https:\/\/www.organisator.ch\/wp-content\/uploads\/2017\/07\/KOF-Studie-belegt-Herr-und-Frau-Schweizer-arbeiten-weniger-org-organisator_Grafik2-501x800.jpg 501w, https:\/\/www.organisator.ch\/wp-content\/uploads\/2017\/07\/KOF-Studie-belegt-Herr-und-Frau-Schweizer-arbeiten-weniger-org-organisator_Grafik2-300x479.jpg 300w\" sizes=\"auto, (max-width: 591px) 100vw, 591px\" \/><\/p>\n<p><strong>La Francia ha una settimana di 35 ore<\/strong><\/p>\n<p>Anche rispetto ai francesi, che non sono considerati particolarmente diligenti in questo Paese, il vantaggio dei lavoratori svizzeri \u00e8 di sole 90 ore all'anno, che corrispondono a meno di 30 minuti per giorno lavorativo. \u00c8 vero che i francesi hanno un orario di lavoro legale basso, di sole 35 ore. D'altra parte, questo standard viene rispettato molto pi\u00f9 spesso: Il tasso di part-time \u00e8 solo la met\u00e0 di quello della Svizzera, dove raggiunge i 37%.<\/p>\n<p>\"A livello internazionale vediamo la preferenza per il tempo libero e noi non facciamo eccezione\", afferma Siegenthaler. Quindi, se qui difficilmente si lavora pi\u00f9 a lungo dei francesi, viene da chiedersi: la Svizzera non avrebbe potuto introdurre anche lei una settimana di 35 ore? Rudolf Minsch, capo economista dell'associazione economica Economiesuisse, risponde negativamente: perch\u00e9 uno dei principali vantaggi della Svizzera \u00e8 che una parte maggiore della popolazione ha un lavoro.<\/p>\n<p>In Francia, invece, molte persone sono state espulse dal mercato del lavoro a causa della rigidit\u00e0 delle regole, soprattutto quelle socialmente pi\u00f9 deboli. \"L'esempio della Francia dimostra che le normative rigide sono molto dannose per il mercato del lavoro\", sottolinea Minsch in un testo della NZZ (\"Von wegen fleissige Schweizer\", NZZAS, 8.7.2017). \"Nel nostro Paese, le aziende mantengono la loro flessibilit\u00e0 - eppure i dipendenti beneficiano della diminuzione dell'orario di lavoro\".<\/p>\n<p><a href=\"http:\/\/www.kof.ethz.ch\">www.kof.ethz.ch<\/a><\/p>","protected":false},"excerpt":{"rendered":"<p>&nbsp; Die KOF Studie der Konjunkturforschungsstelle der ETH Z\u00fcrich belegt einen &#8222;massiven R\u00fcckgang der Arbeitszeit&#8220;, so der Studienautor Michael Siebenthaler: &#8222;Sie dokumentiert den eindr\u00fccklichen Anstieg des Wohlstands in unserer Gesellschaft&#8220;, denn die Schweizer w\u00fcrden sich gerne als arbeitsam und fleissig sehen. Doch das Klischee stimme je l\u00e4nger, desto weniger. Zurzeit arbeitet eine erwerbst\u00e4tige Person im [&hellip;]<\/p>\n","protected":false},"author":5,"featured_media":2168,"comment_status":"open","ping_status":"open","sticky":false,"template":"","format":"standard","meta":{"_acf_changed":false,"_yoast_wpseo_focuskw":"KOF Studie","_yoast_wpseo_metadesc":"Eine aktuelle KOF Studie der ETZ Z\u00fcrich zeigt, dass seit 1950 die Arbeitsdauer in der Schweiz um einen Drittel gesunken ist.","articlekey":"","footnotes":""},"categories":[1],"tags":[57,424,459],"class_list":["post-2167","post","type-post","status-publish","format-standard","has-post-thumbnail","hentry","category-allgemein","tag-arbeitszeit","tag-schweiz","tag-studie"],"acf":[],"yoast_head":"<!-- This site is optimized with the Yoast SEO plugin v27.4 - https:\/\/yoast.com\/product\/yoast-seo-wordpress\/ -->\n<title>KOF Studie belegt: Herr und Frau Schweizer arbeiten weniger - Organisator<\/title>\n<meta name=\"description\" content=\"Eine aktuelle KOF Studie der ETZ Z\u00fcrich zeigt, dass seit 1950 die Arbeitsdauer in der Schweiz um einen Drittel gesunken ist.\" \/>\n<meta name=\"robots\" content=\"index, follow, max-snippet:-1, max-image-preview:large, max-video-preview:-1\" \/>\n<link rel=\"canonical\" href=\"https:\/\/www.organisator.ch\/it\/generale\/2017-07-10\/kof-studie-belegt-herr-und-frau-schweizer-arbeiten-weniger\/\" \/>\n<meta property=\"og:locale\" content=\"it_IT\" \/>\n<meta property=\"og:type\" content=\"article\" \/>\n<meta property=\"og:title\" content=\"KOF Studie belegt: Herr und Frau Schweizer arbeiten weniger - Organisator\" \/>\n<meta property=\"og:description\" content=\"Eine aktuelle KOF Studie der ETZ Z\u00fcrich zeigt, dass seit 1950 die Arbeitsdauer in der Schweiz um einen Drittel gesunken ist.\" \/>\n<meta property=\"og:url\" content=\"https:\/\/www.organisator.ch\/it\/generale\/2017-07-10\/kof-studie-belegt-herr-und-frau-schweizer-arbeiten-weniger\/\" \/>\n<meta property=\"og:site_name\" content=\"Organisator\" \/>\n<meta property=\"article:publisher\" content=\"https:\/\/www.facebook.com\/OrganisatorFachmagazin\" \/>\n<meta property=\"article:published_time\" content=\"2017-07-10T09:10:41+00:00\" \/>\n<meta property=\"og:image\" content=\"https:\/\/www.organisator.ch\/wp-content\/uploads\/2017\/07\/KOF-Studie-belegt-Herr-und-Frau-Schweizer-arbeiten-weniger-org-organisator.jpg\" \/>\n\t<meta property=\"og:image:width\" content=\"1000\" \/>\n\t<meta property=\"og:image:height\" content=\"668\" \/>\n\t<meta property=\"og:image:type\" content=\"image\/jpeg\" \/>\n<meta name=\"author\" content=\"michael.merz\" \/>\n<meta name=\"twitter:card\" content=\"summary_large_image\" \/>\n<script type=\"application\/ld+json\" class=\"yoast-schema-graph\">{\"@context\":\"https:\\\/\\\/schema.org\",\"@graph\":[{\"@type\":\"Article\",\"@id\":\"https:\\\/\\\/www.organisator.ch\\\/fr\\\/general\\\/2017-07-10\\\/kof-etude-prouve-que-monsieur-et-madame-suisse-travaillent-moins\\\/#article\",\"isPartOf\":{\"@id\":\"https:\\\/\\\/www.organisator.ch\\\/fr\\\/general\\\/2017-07-10\\\/kof-etude-prouve-que-monsieur-et-madame-suisse-travaillent-moins\\\/\"},\"author\":{\"name\":\"michael.merz\",\"@id\":\"https:\\\/\\\/www.organisator.ch\\\/#\\\/schema\\\/person\\\/134708ca9321c57b0362cceb7948ffbd\"},\"headline\":\"KOF Studie belegt: Herr und Frau Schweizer arbeiten weniger\",\"datePublished\":\"2017-07-10T09:10:41+00:00\",\"mainEntityOfPage\":{\"@id\":\"https:\\\/\\\/www.organisator.ch\\\/fr\\\/general\\\/2017-07-10\\\/kof-etude-prouve-que-monsieur-et-madame-suisse-travaillent-moins\\\/\"},\"wordCount\":512,\"commentCount\":0,\"publisher\":{\"@id\":\"https:\\\/\\\/www.organisator.ch\\\/#organization\"},\"image\":{\"@id\":\"https:\\\/\\\/www.organisator.ch\\\/fr\\\/general\\\/2017-07-10\\\/kof-etude-prouve-que-monsieur-et-madame-suisse-travaillent-moins\\\/#primaryimage\"},\"thumbnailUrl\":\"https:\\\/\\\/www.organisator.ch\\\/wp-content\\\/uploads\\\/2017\\\/07\\\/KOF-Studie-belegt-Herr-und-Frau-Schweizer-arbeiten-weniger-org-organisator.jpg\",\"keywords\":[\"Arbeitszeit\",\"Schweiz\",\"Studie\"],\"articleSection\":[\"Allgemein\"],\"inLanguage\":\"it-IT\"},{\"@type\":\"WebPage\",\"@id\":\"https:\\\/\\\/www.organisator.ch\\\/fr\\\/general\\\/2017-07-10\\\/kof-etude-prouve-que-monsieur-et-madame-suisse-travaillent-moins\\\/\",\"url\":\"https:\\\/\\\/www.organisator.ch\\\/fr\\\/general\\\/2017-07-10\\\/kof-etude-prouve-que-monsieur-et-madame-suisse-travaillent-moins\\\/\",\"name\":\"KOF Studie belegt: Herr und Frau Schweizer arbeiten weniger - Organisator\",\"isPartOf\":{\"@id\":\"https:\\\/\\\/www.organisator.ch\\\/#website\"},\"primaryImageOfPage\":{\"@id\":\"https:\\\/\\\/www.organisator.ch\\\/fr\\\/general\\\/2017-07-10\\\/kof-etude-prouve-que-monsieur-et-madame-suisse-travaillent-moins\\\/#primaryimage\"},\"image\":{\"@id\":\"https:\\\/\\\/www.organisator.ch\\\/fr\\\/general\\\/2017-07-10\\\/kof-etude-prouve-que-monsieur-et-madame-suisse-travaillent-moins\\\/#primaryimage\"},\"thumbnailUrl\":\"https:\\\/\\\/www.organisator.ch\\\/wp-content\\\/uploads\\\/2017\\\/07\\\/KOF-Studie-belegt-Herr-und-Frau-Schweizer-arbeiten-weniger-org-organisator.jpg\",\"datePublished\":\"2017-07-10T09:10:41+00:00\",\"description\":\"Eine aktuelle KOF Studie der ETZ Z\u00fcrich zeigt, dass seit 1950 die Arbeitsdauer in der Schweiz um einen Drittel gesunken ist.\",\"breadcrumb\":{\"@id\":\"https:\\\/\\\/www.organisator.ch\\\/fr\\\/general\\\/2017-07-10\\\/kof-etude-prouve-que-monsieur-et-madame-suisse-travaillent-moins\\\/#breadcrumb\"},\"inLanguage\":\"it-IT\",\"potentialAction\":[{\"@type\":\"ReadAction\",\"target\":[\"https:\\\/\\\/www.organisator.ch\\\/fr\\\/general\\\/2017-07-10\\\/kof-etude-prouve-que-monsieur-et-madame-suisse-travaillent-moins\\\/\"]}]},{\"@type\":\"ImageObject\",\"inLanguage\":\"it-IT\",\"@id\":\"https:\\\/\\\/www.organisator.ch\\\/fr\\\/general\\\/2017-07-10\\\/kof-etude-prouve-que-monsieur-et-madame-suisse-travaillent-moins\\\/#primaryimage\",\"url\":\"https:\\\/\\\/www.organisator.ch\\\/wp-content\\\/uploads\\\/2017\\\/07\\\/KOF-Studie-belegt-Herr-und-Frau-Schweizer-arbeiten-weniger-org-organisator.jpg\",\"contentUrl\":\"https:\\\/\\\/www.organisator.ch\\\/wp-content\\\/uploads\\\/2017\\\/07\\\/KOF-Studie-belegt-Herr-und-Frau-Schweizer-arbeiten-weniger-org-organisator.jpg\",\"width\":1000,\"height\":668,\"caption\":\"Vor 60 Jahren erreichten nur 2 von 3 M\u00e4nnern das Rentenalter, zeigt eine KOF Studie \u00fcber Arbeitszeit. (Bild \u00a9 iakovenko123)\"},{\"@type\":\"BreadcrumbList\",\"@id\":\"https:\\\/\\\/www.organisator.ch\\\/fr\\\/general\\\/2017-07-10\\\/kof-etude-prouve-que-monsieur-et-madame-suisse-travaillent-moins\\\/#breadcrumb\",\"itemListElement\":[{\"@type\":\"ListItem\",\"position\":1,\"name\":\"Home\",\"item\":\"https:\\\/\\\/www.organisator.ch\\\/\"},{\"@type\":\"ListItem\",\"position\":2,\"name\":\"KOF Studie belegt: Herr und Frau Schweizer arbeiten weniger\"}]},{\"@type\":\"WebSite\",\"@id\":\"https:\\\/\\\/www.organisator.ch\\\/#website\",\"url\":\"https:\\\/\\\/www.organisator.ch\\\/\",\"name\":\"Organisator\",\"description\":\"Kompetent. Praxisnah. Der ORGANISATOR bereitet in 10 Ausgaben pro Jahr die wesentlichen Themen f\u00fcr F\u00fchrungskr\u00e4fte von KMU auf.\",\"publisher\":{\"@id\":\"https:\\\/\\\/www.organisator.ch\\\/#organization\"},\"potentialAction\":[{\"@type\":\"SearchAction\",\"target\":{\"@type\":\"EntryPoint\",\"urlTemplate\":\"https:\\\/\\\/www.organisator.ch\\\/?s={search_term_string}\"},\"query-input\":{\"@type\":\"PropertyValueSpecification\",\"valueRequired\":true,\"valueName\":\"search_term_string\"}}],\"inLanguage\":\"it-IT\"},{\"@type\":\"Organization\",\"@id\":\"https:\\\/\\\/www.organisator.ch\\\/#organization\",\"name\":\"Organisator\",\"url\":\"https:\\\/\\\/www.organisator.ch\\\/\",\"logo\":{\"@type\":\"ImageObject\",\"inLanguage\":\"it-IT\",\"@id\":\"https:\\\/\\\/www.organisator.ch\\\/#\\\/schema\\\/logo\\\/image\\\/\",\"url\":\"https:\\\/\\\/www.organisator.ch\\\/wp-content\\\/uploads\\\/2022\\\/01\\\/Logo_Organisator_Website.png\",\"contentUrl\":\"https:\\\/\\\/www.organisator.ch\\\/wp-content\\\/uploads\\\/2022\\\/01\\\/Logo_Organisator_Website.png\",\"width\":800,\"height\":77,\"caption\":\"Organisator\"},\"image\":{\"@id\":\"https:\\\/\\\/www.organisator.ch\\\/#\\\/schema\\\/logo\\\/image\\\/\"},\"sameAs\":[\"https:\\\/\\\/www.facebook.com\\\/OrganisatorFachmagazin\",\"https:\\\/\\\/www.linkedin.com\\\/showcase\\\/organisator-das-magazin-fr-kmu\",\"https:\\\/\\\/www.xing.com\\\/news\\\/pages\\\/organisator-ch-695\",\"https:\\\/\\\/www.youtube.com\\\/channel\\\/UCGP2Sq0iWaZwT3BdIAQFYpw\"]},{\"@type\":\"Person\",\"@id\":\"https:\\\/\\\/www.organisator.ch\\\/#\\\/schema\\\/person\\\/134708ca9321c57b0362cceb7948ffbd\",\"name\":\"michael.merz\",\"image\":{\"@type\":\"ImageObject\",\"inLanguage\":\"it-IT\",\"@id\":\"https:\\\/\\\/secure.gravatar.com\\\/avatar\\\/?s=96&d=mm&r=g\",\"url\":\"https:\\\/\\\/secure.gravatar.com\\\/avatar\\\/?s=96&d=mm&r=g\",\"contentUrl\":\"https:\\\/\\\/secure.gravatar.com\\\/avatar\\\/?s=96&d=mm&r=g\",\"caption\":\"michael.merz\"},\"url\":\"https:\\\/\\\/www.organisator.ch\\\/it\\\/author\\\/michael-merz\\\/\"}]}<\/script>\n<!-- \/ Yoast SEO plugin. -->","yoast_head_json":{"title":"Lo studio del KOF lo dimostra: I signori svizzeri lavorano meno - Organizzatore","description":"Un recente studio del KOF, condotto dall'ETZ di Zurigo, mostra che dal 1950 le ore di lavoro in Svizzera sono diminuite di un terzo.","robots":{"index":"index","follow":"follow","max-snippet":"max-snippet:-1","max-image-preview":"max-image-preview:large","max-video-preview":"max-video-preview:-1"},"canonical":"https:\/\/www.organisator.ch\/it\/generale\/2017-07-10\/kof-studie-belegt-herr-und-frau-schweizer-arbeiten-weniger\/","og_locale":"it_IT","og_type":"article","og_title":"KOF Studie belegt: Herr und Frau Schweizer arbeiten weniger - Organisator","og_description":"Eine aktuelle KOF Studie der ETZ Z\u00fcrich zeigt, dass seit 1950 die Arbeitsdauer in der Schweiz um einen Drittel gesunken ist.","og_url":"https:\/\/www.organisator.ch\/it\/generale\/2017-07-10\/kof-studie-belegt-herr-und-frau-schweizer-arbeiten-weniger\/","og_site_name":"Organisator","article_publisher":"https:\/\/www.facebook.com\/OrganisatorFachmagazin","article_published_time":"2017-07-10T09:10:41+00:00","og_image":[{"width":1000,"height":668,"url":"https:\/\/www.organisator.ch\/wp-content\/uploads\/2017\/07\/KOF-Studie-belegt-Herr-und-Frau-Schweizer-arbeiten-weniger-org-organisator.jpg","type":"image\/jpeg"}],"author":"michael.merz","twitter_card":"summary_large_image","schema":{"@context":"https:\/\/schema.org","@graph":[{"@type":"Article","@id":"https:\/\/www.organisator.ch\/fr\/general\/2017-07-10\/kof-etude-prouve-que-monsieur-et-madame-suisse-travaillent-moins\/#article","isPartOf":{"@id":"https:\/\/www.organisator.ch\/fr\/general\/2017-07-10\/kof-etude-prouve-que-monsieur-et-madame-suisse-travaillent-moins\/"},"author":{"name":"michael.merz","@id":"https:\/\/www.organisator.ch\/#\/schema\/person\/134708ca9321c57b0362cceb7948ffbd"},"headline":"KOF Studie belegt: Herr und Frau Schweizer arbeiten weniger","datePublished":"2017-07-10T09:10:41+00:00","mainEntityOfPage":{"@id":"https:\/\/www.organisator.ch\/fr\/general\/2017-07-10\/kof-etude-prouve-que-monsieur-et-madame-suisse-travaillent-moins\/"},"wordCount":512,"commentCount":0,"publisher":{"@id":"https:\/\/www.organisator.ch\/#organization"},"image":{"@id":"https:\/\/www.organisator.ch\/fr\/general\/2017-07-10\/kof-etude-prouve-que-monsieur-et-madame-suisse-travaillent-moins\/#primaryimage"},"thumbnailUrl":"https:\/\/www.organisator.ch\/wp-content\/uploads\/2017\/07\/KOF-Studie-belegt-Herr-und-Frau-Schweizer-arbeiten-weniger-org-organisator.jpg","keywords":["Arbeitszeit","Schweiz","Studie"],"articleSection":["Allgemein"],"inLanguage":"it-IT"},{"@type":"WebPage","@id":"https:\/\/www.organisator.ch\/fr\/general\/2017-07-10\/kof-etude-prouve-que-monsieur-et-madame-suisse-travaillent-moins\/","url":"https:\/\/www.organisator.ch\/fr\/general\/2017-07-10\/kof-etude-prouve-que-monsieur-et-madame-suisse-travaillent-moins\/","name":"Lo studio del KOF lo dimostra: I signori svizzeri lavorano meno - Organizzatore","isPartOf":{"@id":"https:\/\/www.organisator.ch\/#website"},"primaryImageOfPage":{"@id":"https:\/\/www.organisator.ch\/fr\/general\/2017-07-10\/kof-etude-prouve-que-monsieur-et-madame-suisse-travaillent-moins\/#primaryimage"},"image":{"@id":"https:\/\/www.organisator.ch\/fr\/general\/2017-07-10\/kof-etude-prouve-que-monsieur-et-madame-suisse-travaillent-moins\/#primaryimage"},"thumbnailUrl":"https:\/\/www.organisator.ch\/wp-content\/uploads\/2017\/07\/KOF-Studie-belegt-Herr-und-Frau-Schweizer-arbeiten-weniger-org-organisator.jpg","datePublished":"2017-07-10T09:10:41+00:00","description":"Un recente studio del KOF, condotto dall'ETZ di Zurigo, mostra che dal 1950 le ore di lavoro in Svizzera sono diminuite di un terzo.","breadcrumb":{"@id":"https:\/\/www.organisator.ch\/fr\/general\/2017-07-10\/kof-etude-prouve-que-monsieur-et-madame-suisse-travaillent-moins\/#breadcrumb"},"inLanguage":"it-IT","potentialAction":[{"@type":"ReadAction","target":["https:\/\/www.organisator.ch\/fr\/general\/2017-07-10\/kof-etude-prouve-que-monsieur-et-madame-suisse-travaillent-moins\/"]}]},{"@type":"ImageObject","inLanguage":"it-IT","@id":"https:\/\/www.organisator.ch\/fr\/general\/2017-07-10\/kof-etude-prouve-que-monsieur-et-madame-suisse-travaillent-moins\/#primaryimage","url":"https:\/\/www.organisator.ch\/wp-content\/uploads\/2017\/07\/KOF-Studie-belegt-Herr-und-Frau-Schweizer-arbeiten-weniger-org-organisator.jpg","contentUrl":"https:\/\/www.organisator.ch\/wp-content\/uploads\/2017\/07\/KOF-Studie-belegt-Herr-und-Frau-Schweizer-arbeiten-weniger-org-organisator.jpg","width":1000,"height":668,"caption":"Vor 60 Jahren erreichten nur 2 von 3 M\u00e4nnern das Rentenalter, zeigt eine KOF Studie \u00fcber Arbeitszeit. (Bild \u00a9 iakovenko123)"},{"@type":"BreadcrumbList","@id":"https:\/\/www.organisator.ch\/fr\/general\/2017-07-10\/kof-etude-prouve-que-monsieur-et-madame-suisse-travaillent-moins\/#breadcrumb","itemListElement":[{"@type":"ListItem","position":1,"name":"Home","item":"https:\/\/www.organisator.ch\/"},{"@type":"ListItem","position":2,"name":"KOF Studie belegt: Herr und Frau Schweizer arbeiten weniger"}]},{"@type":"WebSite","@id":"https:\/\/www.organisator.ch\/#website","url":"https:\/\/www.organisator.ch\/","name":"Organizzatore","description":"Competente. Pratico. In 10 numeri all'anno, ORGANISATOR presenta i temi essenziali per i manager delle PMI.","publisher":{"@id":"https:\/\/www.organisator.ch\/#organization"},"potentialAction":[{"@type":"SearchAction","target":{"@type":"EntryPoint","urlTemplate":"https:\/\/www.organisator.ch\/?s={search_term_string}"},"query-input":{"@type":"PropertyValueSpecification","valueRequired":true,"valueName":"search_term_string"}}],"inLanguage":"it-IT"},{"@type":"Organization","@id":"https:\/\/www.organisator.ch\/#organization","name":"Organizzatore","url":"https:\/\/www.organisator.ch\/","logo":{"@type":"ImageObject","inLanguage":"it-IT","@id":"https:\/\/www.organisator.ch\/#\/schema\/logo\/image\/","url":"https:\/\/www.organisator.ch\/wp-content\/uploads\/2022\/01\/Logo_Organisator_Website.png","contentUrl":"https:\/\/www.organisator.ch\/wp-content\/uploads\/2022\/01\/Logo_Organisator_Website.png","width":800,"height":77,"caption":"Organisator"},"image":{"@id":"https:\/\/www.organisator.ch\/#\/schema\/logo\/image\/"},"sameAs":["https:\/\/www.facebook.com\/OrganisatorFachmagazin","https:\/\/www.linkedin.com\/showcase\/organisator-das-magazin-fr-kmu","https:\/\/www.xing.com\/news\/pages\/organisator-ch-695","https:\/\/www.youtube.com\/channel\/UCGP2Sq0iWaZwT3BdIAQFYpw"]},{"@type":"Person","@id":"https:\/\/www.organisator.ch\/#\/schema\/person\/134708ca9321c57b0362cceb7948ffbd","name":"michael.merz","image":{"@type":"ImageObject","inLanguage":"it-IT","@id":"https:\/\/secure.gravatar.com\/avatar\/?s=96&d=mm&r=g","url":"https:\/\/secure.gravatar.com\/avatar\/?s=96&d=mm&r=g","contentUrl":"https:\/\/secure.gravatar.com\/avatar\/?s=96&d=mm&r=g","caption":"michael.merz"},"url":"https:\/\/www.organisator.ch\/it\/author\/michael-merz\/"}]}},"_links":{"self":[{"href":"https:\/\/www.organisator.ch\/it\/wp-json\/wp\/v2\/posts\/2167","targetHints":{"allow":["GET"]}}],"collection":[{"href":"https:\/\/www.organisator.ch\/it\/wp-json\/wp\/v2\/posts"}],"about":[{"href":"https:\/\/www.organisator.ch\/it\/wp-json\/wp\/v2\/types\/post"}],"author":[{"embeddable":true,"href":"https:\/\/www.organisator.ch\/it\/wp-json\/wp\/v2\/users\/5"}],"replies":[{"embeddable":true,"href":"https:\/\/www.organisator.ch\/it\/wp-json\/wp\/v2\/comments?post=2167"}],"version-history":[{"count":0,"href":"https:\/\/www.organisator.ch\/it\/wp-json\/wp\/v2\/posts\/2167\/revisions"}],"wp:featuredmedia":[{"embeddable":true,"href":"https:\/\/www.organisator.ch\/it\/wp-json\/wp\/v2\/media\/2168"}],"wp:attachment":[{"href":"https:\/\/www.organisator.ch\/it\/wp-json\/wp\/v2\/media?parent=2167"}],"wp:term":[{"taxonomy":"category","embeddable":true,"href":"https:\/\/www.organisator.ch\/it\/wp-json\/wp\/v2\/categories?post=2167"},{"taxonomy":"post_tag","embeddable":true,"href":"https:\/\/www.organisator.ch\/it\/wp-json\/wp\/v2\/tags?post=2167"}],"curies":[{"name":"wp","href":"https:\/\/api.w.org\/{rel}","templated":true}]}}