{"id":21709,"date":"2023-09-14T08:31:57","date_gmt":"2023-09-14T06:31:57","guid":{"rendered":"https:\/\/www.organisator.ch\/?p=21709"},"modified":"2023-09-14T08:31:57","modified_gmt":"2023-09-14T06:31:57","slug":"verstaerkung-im-dach-markt-bei-victorinox","status":"publish","type":"post","link":"https:\/\/www.organisator.ch\/it\/management\/2023-09-14\/verstaerkung-im-dach-markt-bei-victorinox\/","title":{"rendered":"Rafforzamento nel mercato DACH di Victorinox"},"content":{"rendered":"<figure id=\"attachment_21710\" aria-describedby=\"caption-attachment-21710\" style=\"width: 680px\" class=\"wp-caption alignnone\"><img loading=\"lazy\" decoding=\"async\" class=\"size-full wp-image-21710\" src=\"https:\/\/www.organisator.ch\/wp-content\/uploads\/2023\/09\/Verstaerkung-im-DACH-Markt-bei-Victorinox_Organisator.jpg\" alt=\"\" width=\"680\" height=\"304\" srcset=\"https:\/\/www.organisator.ch\/wp-content\/uploads\/2023\/09\/Verstaerkung-im-DACH-Markt-bei-Victorinox_Organisator.jpg 680w, https:\/\/www.organisator.ch\/wp-content\/uploads\/2023\/09\/Verstaerkung-im-DACH-Markt-bei-Victorinox_Organisator-18x8.jpg 18w, https:\/\/www.organisator.ch\/wp-content\/uploads\/2023\/09\/Verstaerkung-im-DACH-Markt-bei-Victorinox_Organisator-375x168.jpg 375w\" sizes=\"auto, (max-width: 680px) 100vw, 680px\" \/><figcaption id=\"caption-attachment-21710\" class=\"wp-caption-text\">Ibarhim Recaj (a sinistra) e Frank Wenning rafforzano il team di vendita per il mercato DACH di Victorinox. (Immagini: zVg \/ Victorinox)<\/figcaption><\/figure>\n<p>Ibrahim Racaj vive nel cantone di Lucerna, in Svizzera. Ha iniziato la sua carriera professionale come consulente clienti presso Swisscom, la pi\u00f9 grande azienda di telecomunicazioni della Svizzera, prima di assumere il ruolo di Territory Manager Retail e poi di Key Account Manager Retail e Public Vending presso Selecta, un gruppo di aziende del settore della ristorazione e del vending. Da febbraio 2023, Ibrahim Racaj \u00e8 Key Account Manager per l'Austria e parte della Svizzera (codici postali 3,5,8 e 9) nella divisione Victorinox Corporate Business.<\/p>\n<p>Frank Wenning di M\u00fcnster (Germania) \u00e8 \"Area Manager Corporate Business\" dall'aprile 2023 ed \u00e8 responsabile dei clienti Victorinox Corporate Business nella Germania settentrionale (codici postali 0-5). L'obiettivo \u00e8 quello di sviluppare ed espandere ulteriormente il mercato Corporate Business in Germania. Frank Wenning vanta un'esperienza pluriennale nel settore delle vendite: prima \u00e8 stato Area Sales Manager presso Lite Structures Germany, un produttore di componenti per l'edilizia, e pi\u00f9 recentemente Account Manager presso BiC Graphic Europe, un produttore leader di beni di consumo e materiali pubblicitari personalizzati.<\/p>\n<p>Andr\u00e9 F\u00e4ssler, Head of Sales Corporate Business per il mercato DACH di Victorinox, commenta cos\u00ec il rafforzamento nella sua area: \"Siamo molto soddisfatti di aver acquisito due talenti nelle vendite per il canale corporate business nella regione DACH con Ibrahim Racaj e Frank Wenning. Siamo convinti che con il team ampliato saremo in grado di servire ancora meglio i nostri clienti e di portare avanti con successo l'attivit\u00e0\".<\/p>\n<p><em>Fonte: <a href=\"http:\/\/www.victorinox.com\">Victorinox<\/a><\/em><\/p>","protected":false},"excerpt":{"rendered":"<p>La divisione Corporate Business di Victorinox ha un nuovo Key Account Manager in Ibrahim Racaj e un nuovo Area Manager in Frank Wenning. L'azienda familiare fondata da Karl Elsener \u00e8 attiva in tutto il mondo ed \u00e8 ora gestita dalla quarta generazione. La sede centrale dell'azienda \u00e8 a Ibach, nel Canton Svitto.<\/p>","protected":false},"author":4,"featured_media":21710,"comment_status":"closed","ping_status":"closed","sticky":false,"template":"","format":"standard","meta":{"_acf_changed":false,"_yoast_wpseo_focuskw":"DACH-Markt","_yoast_wpseo_metadesc":"Ibrahim Racaj als Key Account Manager und Frank Wenning als neuer Area Manager verst\u00e4rken das Sales-Team f\u00fcr den DACH-Markt bei Victorinox.","articlekey":"","footnotes":""},"categories":[28],"tags":[339,381,492],"class_list":["post-21709","post","type-post","status-publish","format-standard","has-post-thumbnail","hentry","category-management","tag-marketing","tag-personalia","tag-unternehmen"],"acf":[],"yoast_head":"<!-- This site is optimized with the Yoast SEO plugin v27.5 - https:\/\/yoast.com\/product\/yoast-seo-wordpress\/ -->\n<title>Verst\u00e4rkung im DACH-Markt bei Victorinox - Organisator<\/title>\n<meta name=\"description\" content=\"Ibrahim Racaj als Key Account Manager und Frank Wenning als neuer Area Manager verst\u00e4rken das Sales-Team f\u00fcr den DACH-Markt bei Victorinox.\" \/>\n<meta name=\"robots\" content=\"index, follow, max-snippet:-1, max-image-preview:large, max-video-preview:-1\" \/>\n<link rel=\"canonical\" href=\"https:\/\/www.organisator.ch\/it\/gestione-2\/2023-09-14\/verstaerkung-im-dach-markt-bei-victorinox\/\" \/>\n<meta property=\"og:locale\" content=\"it_IT\" \/>\n<meta property=\"og:type\" content=\"article\" \/>\n<meta property=\"og:title\" content=\"Verst\u00e4rkung im DACH-Markt bei Victorinox\" \/>\n<meta property=\"og:description\" content=\"Ibrahim Racaj als Key Account Manager und Frank Wenning als neuer Area Manager verst\u00e4rken das Sales-Team f\u00fcr den DACH-Markt bei Victorinox.\" \/>\n<meta property=\"og:url\" content=\"https:\/\/www.organisator.ch\/it\/gestione-2\/2023-09-14\/verstaerkung-im-dach-markt-bei-victorinox\/\" \/>\n<meta property=\"og:site_name\" content=\"Organisator\" \/>\n<meta property=\"article:publisher\" content=\"https:\/\/www.facebook.com\/OrganisatorFachmagazin\" \/>\n<meta property=\"article:published_time\" content=\"2023-09-14T06:31:57+00:00\" \/>\n<meta property=\"og:image\" content=\"https:\/\/www.organisator.ch\/wp-content\/uploads\/2023\/09\/Verstaerkung-im-DACH-Markt-bei-Victorinox_Organisator.jpg\" \/>\n\t<meta property=\"og:image:width\" content=\"680\" \/>\n\t<meta property=\"og:image:height\" content=\"304\" \/>\n\t<meta property=\"og:image:type\" content=\"image\/jpeg\" \/>\n<meta name=\"author\" content=\"thomas.berner\" \/>\n<meta name=\"twitter:card\" content=\"summary_large_image\" \/>\n<meta name=\"twitter:title\" content=\"Verst\u00e4rkung im #DACH-Markt bei #Victorinox\" \/>\n<meta name=\"twitter:description\" content=\"Ibrahim Racaj als Key Account Manager und Frank Wenning als neuer Area Manager verst\u00e4rken das Sales-Team f\u00fcr den #DACH-Markt bei #Victorinox.\" \/>\n<meta name=\"twitter:image\" content=\"https:\/\/www.organisator.ch\/wp-content\/uploads\/2023\/09\/Verstaerkung-im-DACH-Markt-bei-Victorinox_Organisator.jpg\" \/>\n<script type=\"application\/ld+json\" class=\"yoast-schema-graph\">{\"@context\":\"https:\\\/\\\/schema.org\",\"@graph\":[{\"@type\":\"Article\",\"@id\":\"https:\\\/\\\/www.organisator.ch\\\/management\\\/2023-09-14\\\/verstaerkung-im-dach-markt-bei-victorinox\\\/#article\",\"isPartOf\":{\"@id\":\"https:\\\/\\\/www.organisator.ch\\\/management\\\/2023-09-14\\\/verstaerkung-im-dach-markt-bei-victorinox\\\/\"},\"author\":{\"name\":\"thomas.berner\",\"@id\":\"https:\\\/\\\/www.organisator.ch\\\/#\\\/schema\\\/person\\\/6f650f90b2842cd4c0cc334b4e36f67e\"},\"headline\":\"Verst\u00e4rkung im DACH-Markt bei Victorinox\",\"datePublished\":\"2023-09-14T06:31:57+00:00\",\"mainEntityOfPage\":{\"@id\":\"https:\\\/\\\/www.organisator.ch\\\/management\\\/2023-09-14\\\/verstaerkung-im-dach-markt-bei-victorinox\\\/\"},\"wordCount\":254,\"publisher\":{\"@id\":\"https:\\\/\\\/www.organisator.ch\\\/#organization\"},\"image\":{\"@id\":\"https:\\\/\\\/www.organisator.ch\\\/management\\\/2023-09-14\\\/verstaerkung-im-dach-markt-bei-victorinox\\\/#primaryimage\"},\"thumbnailUrl\":\"https:\\\/\\\/www.organisator.ch\\\/wp-content\\\/uploads\\\/2023\\\/09\\\/Verstaerkung-im-DACH-Markt-bei-Victorinox_Organisator.jpg\",\"keywords\":[\"Marketing\",\"Personalia\",\"Unternehmen\"],\"articleSection\":[\"MANAGEMENT\"],\"inLanguage\":\"it-IT\"},{\"@type\":\"WebPage\",\"@id\":\"https:\\\/\\\/www.organisator.ch\\\/management\\\/2023-09-14\\\/verstaerkung-im-dach-markt-bei-victorinox\\\/\",\"url\":\"https:\\\/\\\/www.organisator.ch\\\/management\\\/2023-09-14\\\/verstaerkung-im-dach-markt-bei-victorinox\\\/\",\"name\":\"Verst\u00e4rkung im DACH-Markt bei Victorinox - Organisator\",\"isPartOf\":{\"@id\":\"https:\\\/\\\/www.organisator.ch\\\/#website\"},\"primaryImageOfPage\":{\"@id\":\"https:\\\/\\\/www.organisator.ch\\\/management\\\/2023-09-14\\\/verstaerkung-im-dach-markt-bei-victorinox\\\/#primaryimage\"},\"image\":{\"@id\":\"https:\\\/\\\/www.organisator.ch\\\/management\\\/2023-09-14\\\/verstaerkung-im-dach-markt-bei-victorinox\\\/#primaryimage\"},\"thumbnailUrl\":\"https:\\\/\\\/www.organisator.ch\\\/wp-content\\\/uploads\\\/2023\\\/09\\\/Verstaerkung-im-DACH-Markt-bei-Victorinox_Organisator.jpg\",\"datePublished\":\"2023-09-14T06:31:57+00:00\",\"description\":\"Ibrahim Racaj als Key Account Manager und Frank Wenning als neuer Area Manager verst\u00e4rken das Sales-Team f\u00fcr den DACH-Markt bei Victorinox.\",\"breadcrumb\":{\"@id\":\"https:\\\/\\\/www.organisator.ch\\\/management\\\/2023-09-14\\\/verstaerkung-im-dach-markt-bei-victorinox\\\/#breadcrumb\"},\"inLanguage\":\"it-IT\",\"potentialAction\":[{\"@type\":\"ReadAction\",\"target\":[\"https:\\\/\\\/www.organisator.ch\\\/management\\\/2023-09-14\\\/verstaerkung-im-dach-markt-bei-victorinox\\\/\"]}]},{\"@type\":\"ImageObject\",\"inLanguage\":\"it-IT\",\"@id\":\"https:\\\/\\\/www.organisator.ch\\\/management\\\/2023-09-14\\\/verstaerkung-im-dach-markt-bei-victorinox\\\/#primaryimage\",\"url\":\"https:\\\/\\\/www.organisator.ch\\\/wp-content\\\/uploads\\\/2023\\\/09\\\/Verstaerkung-im-DACH-Markt-bei-Victorinox_Organisator.jpg\",\"contentUrl\":\"https:\\\/\\\/www.organisator.ch\\\/wp-content\\\/uploads\\\/2023\\\/09\\\/Verstaerkung-im-DACH-Markt-bei-Victorinox_Organisator.jpg\",\"width\":680,\"height\":304,\"caption\":\"Ibarhim Recaj (links) und Frank Wenning verst\u00e4rken das Sales-Team f\u00fcr den DACH-Markt bei Victorinox. (Bilder: zVg \\\/ Victorinox)\"},{\"@type\":\"BreadcrumbList\",\"@id\":\"https:\\\/\\\/www.organisator.ch\\\/management\\\/2023-09-14\\\/verstaerkung-im-dach-markt-bei-victorinox\\\/#breadcrumb\",\"itemListElement\":[{\"@type\":\"ListItem\",\"position\":1,\"name\":\"Home\",\"item\":\"https:\\\/\\\/www.organisator.ch\\\/\"},{\"@type\":\"ListItem\",\"position\":2,\"name\":\"Verst\u00e4rkung im DACH-Markt bei Victorinox\"}]},{\"@type\":\"WebSite\",\"@id\":\"https:\\\/\\\/www.organisator.ch\\\/#website\",\"url\":\"https:\\\/\\\/www.organisator.ch\\\/\",\"name\":\"Organisator\",\"description\":\"Kompetent. Praxisnah. Der ORGANISATOR bereitet in 10 Ausgaben pro Jahr die wesentlichen Themen f\u00fcr F\u00fchrungskr\u00e4fte von KMU auf.\",\"publisher\":{\"@id\":\"https:\\\/\\\/www.organisator.ch\\\/#organization\"},\"potentialAction\":[{\"@type\":\"SearchAction\",\"target\":{\"@type\":\"EntryPoint\",\"urlTemplate\":\"https:\\\/\\\/www.organisator.ch\\\/?s={search_term_string}\"},\"query-input\":{\"@type\":\"PropertyValueSpecification\",\"valueRequired\":true,\"valueName\":\"search_term_string\"}}],\"inLanguage\":\"it-IT\"},{\"@type\":\"Organization\",\"@id\":\"https:\\\/\\\/www.organisator.ch\\\/#organization\",\"name\":\"Organisator\",\"url\":\"https:\\\/\\\/www.organisator.ch\\\/\",\"logo\":{\"@type\":\"ImageObject\",\"inLanguage\":\"it-IT\",\"@id\":\"https:\\\/\\\/www.organisator.ch\\\/#\\\/schema\\\/logo\\\/image\\\/\",\"url\":\"https:\\\/\\\/www.organisator.ch\\\/wp-content\\\/uploads\\\/2022\\\/01\\\/Logo_Organisator_Website.png\",\"contentUrl\":\"https:\\\/\\\/www.organisator.ch\\\/wp-content\\\/uploads\\\/2022\\\/01\\\/Logo_Organisator_Website.png\",\"width\":800,\"height\":77,\"caption\":\"Organisator\"},\"image\":{\"@id\":\"https:\\\/\\\/www.organisator.ch\\\/#\\\/schema\\\/logo\\\/image\\\/\"},\"sameAs\":[\"https:\\\/\\\/www.facebook.com\\\/OrganisatorFachmagazin\",\"https:\\\/\\\/www.linkedin.com\\\/showcase\\\/organisator-das-magazin-fr-kmu\",\"https:\\\/\\\/www.xing.com\\\/news\\\/pages\\\/organisator-ch-695\",\"https:\\\/\\\/www.youtube.com\\\/channel\\\/UCGP2Sq0iWaZwT3BdIAQFYpw\"]},{\"@type\":\"Person\",\"@id\":\"https:\\\/\\\/www.organisator.ch\\\/#\\\/schema\\\/person\\\/6f650f90b2842cd4c0cc334b4e36f67e\",\"name\":\"thomas.berner\",\"image\":{\"@type\":\"ImageObject\",\"inLanguage\":\"it-IT\",\"@id\":\"https:\\\/\\\/secure.gravatar.com\\\/avatar\\\/ac5001d2a36cb6c6cd3e50789007ffca834b477b74a2144564522e944eabff61?s=96&d=mm&r=g\",\"url\":\"https:\\\/\\\/secure.gravatar.com\\\/avatar\\\/ac5001d2a36cb6c6cd3e50789007ffca834b477b74a2144564522e944eabff61?s=96&d=mm&r=g\",\"contentUrl\":\"https:\\\/\\\/secure.gravatar.com\\\/avatar\\\/ac5001d2a36cb6c6cd3e50789007ffca834b477b74a2144564522e944eabff61?s=96&d=mm&r=g\",\"caption\":\"thomas.berner\"},\"url\":\"https:\\\/\\\/www.organisator.ch\\\/it\\\/author\\\/thomas-berner\\\/\"}]}<\/script>\n<!-- \/ Yoast SEO plugin. -->","yoast_head_json":{"title":"Rafforzamento del mercato DACH per Victorinox - Organizzatore","description":"Ibrahim Racaj come Key Account Manager e Frank Wenning come nuovo Area Manager rafforzano il team di vendita per il mercato DACH di Victorinox.","robots":{"index":"index","follow":"follow","max-snippet":"max-snippet:-1","max-image-preview":"max-image-preview:large","max-video-preview":"max-video-preview:-1"},"canonical":"https:\/\/www.organisator.ch\/it\/gestione-2\/2023-09-14\/verstaerkung-im-dach-markt-bei-victorinox\/","og_locale":"it_IT","og_type":"article","og_title":"Verst\u00e4rkung im DACH-Markt bei Victorinox","og_description":"Ibrahim Racaj als Key Account Manager und Frank Wenning als neuer Area Manager verst\u00e4rken das Sales-Team f\u00fcr den DACH-Markt bei Victorinox.","og_url":"https:\/\/www.organisator.ch\/it\/gestione-2\/2023-09-14\/verstaerkung-im-dach-markt-bei-victorinox\/","og_site_name":"Organisator","article_publisher":"https:\/\/www.facebook.com\/OrganisatorFachmagazin","article_published_time":"2023-09-14T06:31:57+00:00","og_image":[{"width":680,"height":304,"url":"https:\/\/www.organisator.ch\/wp-content\/uploads\/2023\/09\/Verstaerkung-im-DACH-Markt-bei-Victorinox_Organisator.jpg","type":"image\/jpeg"}],"author":"thomas.berner","twitter_card":"summary_large_image","twitter_title":"Verst\u00e4rkung im #DACH-Markt bei #Victorinox","twitter_description":"Ibrahim Racaj als Key Account Manager und Frank Wenning als neuer Area Manager verst\u00e4rken das Sales-Team f\u00fcr den #DACH-Markt bei #Victorinox.","twitter_image":"https:\/\/www.organisator.ch\/wp-content\/uploads\/2023\/09\/Verstaerkung-im-DACH-Markt-bei-Victorinox_Organisator.jpg","schema":{"@context":"https:\/\/schema.org","@graph":[{"@type":"Article","@id":"https:\/\/www.organisator.ch\/management\/2023-09-14\/verstaerkung-im-dach-markt-bei-victorinox\/#article","isPartOf":{"@id":"https:\/\/www.organisator.ch\/management\/2023-09-14\/verstaerkung-im-dach-markt-bei-victorinox\/"},"author":{"name":"thomas.berner","@id":"https:\/\/www.organisator.ch\/#\/schema\/person\/6f650f90b2842cd4c0cc334b4e36f67e"},"headline":"Verst\u00e4rkung im DACH-Markt bei Victorinox","datePublished":"2023-09-14T06:31:57+00:00","mainEntityOfPage":{"@id":"https:\/\/www.organisator.ch\/management\/2023-09-14\/verstaerkung-im-dach-markt-bei-victorinox\/"},"wordCount":254,"publisher":{"@id":"https:\/\/www.organisator.ch\/#organization"},"image":{"@id":"https:\/\/www.organisator.ch\/management\/2023-09-14\/verstaerkung-im-dach-markt-bei-victorinox\/#primaryimage"},"thumbnailUrl":"https:\/\/www.organisator.ch\/wp-content\/uploads\/2023\/09\/Verstaerkung-im-DACH-Markt-bei-Victorinox_Organisator.jpg","keywords":["Marketing","Personalia","Unternehmen"],"articleSection":["MANAGEMENT"],"inLanguage":"it-IT"},{"@type":"WebPage","@id":"https:\/\/www.organisator.ch\/management\/2023-09-14\/verstaerkung-im-dach-markt-bei-victorinox\/","url":"https:\/\/www.organisator.ch\/management\/2023-09-14\/verstaerkung-im-dach-markt-bei-victorinox\/","name":"Rafforzamento del mercato DACH per Victorinox - Organizzatore","isPartOf":{"@id":"https:\/\/www.organisator.ch\/#website"},"primaryImageOfPage":{"@id":"https:\/\/www.organisator.ch\/management\/2023-09-14\/verstaerkung-im-dach-markt-bei-victorinox\/#primaryimage"},"image":{"@id":"https:\/\/www.organisator.ch\/management\/2023-09-14\/verstaerkung-im-dach-markt-bei-victorinox\/#primaryimage"},"thumbnailUrl":"https:\/\/www.organisator.ch\/wp-content\/uploads\/2023\/09\/Verstaerkung-im-DACH-Markt-bei-Victorinox_Organisator.jpg","datePublished":"2023-09-14T06:31:57+00:00","description":"Ibrahim Racaj come Key Account Manager e Frank Wenning come nuovo Area Manager rafforzano il team di vendita per il mercato DACH di Victorinox.","breadcrumb":{"@id":"https:\/\/www.organisator.ch\/management\/2023-09-14\/verstaerkung-im-dach-markt-bei-victorinox\/#breadcrumb"},"inLanguage":"it-IT","potentialAction":[{"@type":"ReadAction","target":["https:\/\/www.organisator.ch\/management\/2023-09-14\/verstaerkung-im-dach-markt-bei-victorinox\/"]}]},{"@type":"ImageObject","inLanguage":"it-IT","@id":"https:\/\/www.organisator.ch\/management\/2023-09-14\/verstaerkung-im-dach-markt-bei-victorinox\/#primaryimage","url":"https:\/\/www.organisator.ch\/wp-content\/uploads\/2023\/09\/Verstaerkung-im-DACH-Markt-bei-Victorinox_Organisator.jpg","contentUrl":"https:\/\/www.organisator.ch\/wp-content\/uploads\/2023\/09\/Verstaerkung-im-DACH-Markt-bei-Victorinox_Organisator.jpg","width":680,"height":304,"caption":"Ibarhim Recaj (links) und Frank Wenning verst\u00e4rken das Sales-Team f\u00fcr den DACH-Markt bei Victorinox. (Bilder: zVg \/ Victorinox)"},{"@type":"BreadcrumbList","@id":"https:\/\/www.organisator.ch\/management\/2023-09-14\/verstaerkung-im-dach-markt-bei-victorinox\/#breadcrumb","itemListElement":[{"@type":"ListItem","position":1,"name":"Home","item":"https:\/\/www.organisator.ch\/"},{"@type":"ListItem","position":2,"name":"Verst\u00e4rkung im DACH-Markt bei Victorinox"}]},{"@type":"WebSite","@id":"https:\/\/www.organisator.ch\/#website","url":"https:\/\/www.organisator.ch\/","name":"Organizzatore","description":"Competente. Pratico. In 10 numeri all'anno, ORGANISATOR presenta i temi essenziali per i manager delle PMI.","publisher":{"@id":"https:\/\/www.organisator.ch\/#organization"},"potentialAction":[{"@type":"SearchAction","target":{"@type":"EntryPoint","urlTemplate":"https:\/\/www.organisator.ch\/?s={search_term_string}"},"query-input":{"@type":"PropertyValueSpecification","valueRequired":true,"valueName":"search_term_string"}}],"inLanguage":"it-IT"},{"@type":"Organization","@id":"https:\/\/www.organisator.ch\/#organization","name":"Organizzatore","url":"https:\/\/www.organisator.ch\/","logo":{"@type":"ImageObject","inLanguage":"it-IT","@id":"https:\/\/www.organisator.ch\/#\/schema\/logo\/image\/","url":"https:\/\/www.organisator.ch\/wp-content\/uploads\/2022\/01\/Logo_Organisator_Website.png","contentUrl":"https:\/\/www.organisator.ch\/wp-content\/uploads\/2022\/01\/Logo_Organisator_Website.png","width":800,"height":77,"caption":"Organisator"},"image":{"@id":"https:\/\/www.organisator.ch\/#\/schema\/logo\/image\/"},"sameAs":["https:\/\/www.facebook.com\/OrganisatorFachmagazin","https:\/\/www.linkedin.com\/showcase\/organisator-das-magazin-fr-kmu","https:\/\/www.xing.com\/news\/pages\/organisator-ch-695","https:\/\/www.youtube.com\/channel\/UCGP2Sq0iWaZwT3BdIAQFYpw"]},{"@type":"Person","@id":"https:\/\/www.organisator.ch\/#\/schema\/person\/6f650f90b2842cd4c0cc334b4e36f67e","name":"Tommaso.berner","image":{"@type":"ImageObject","inLanguage":"it-IT","@id":"https:\/\/secure.gravatar.com\/avatar\/ac5001d2a36cb6c6cd3e50789007ffca834b477b74a2144564522e944eabff61?s=96&d=mm&r=g","url":"https:\/\/secure.gravatar.com\/avatar\/ac5001d2a36cb6c6cd3e50789007ffca834b477b74a2144564522e944eabff61?s=96&d=mm&r=g","contentUrl":"https:\/\/secure.gravatar.com\/avatar\/ac5001d2a36cb6c6cd3e50789007ffca834b477b74a2144564522e944eabff61?s=96&d=mm&r=g","caption":"thomas.berner"},"url":"https:\/\/www.organisator.ch\/it\/author\/thomas-berner\/"}]}},"_links":{"self":[{"href":"https:\/\/www.organisator.ch\/it\/wp-json\/wp\/v2\/posts\/21709","targetHints":{"allow":["GET"]}}],"collection":[{"href":"https:\/\/www.organisator.ch\/it\/wp-json\/wp\/v2\/posts"}],"about":[{"href":"https:\/\/www.organisator.ch\/it\/wp-json\/wp\/v2\/types\/post"}],"author":[{"embeddable":true,"href":"https:\/\/www.organisator.ch\/it\/wp-json\/wp\/v2\/users\/4"}],"replies":[{"embeddable":true,"href":"https:\/\/www.organisator.ch\/it\/wp-json\/wp\/v2\/comments?post=21709"}],"version-history":[{"count":1,"href":"https:\/\/www.organisator.ch\/it\/wp-json\/wp\/v2\/posts\/21709\/revisions"}],"predecessor-version":[{"id":21711,"href":"https:\/\/www.organisator.ch\/it\/wp-json\/wp\/v2\/posts\/21709\/revisions\/21711"}],"wp:featuredmedia":[{"embeddable":true,"href":"https:\/\/www.organisator.ch\/it\/wp-json\/wp\/v2\/media\/21710"}],"wp:attachment":[{"href":"https:\/\/www.organisator.ch\/it\/wp-json\/wp\/v2\/media?parent=21709"}],"wp:term":[{"taxonomy":"category","embeddable":true,"href":"https:\/\/www.organisator.ch\/it\/wp-json\/wp\/v2\/categories?post=21709"},{"taxonomy":"post_tag","embeddable":true,"href":"https:\/\/www.organisator.ch\/it\/wp-json\/wp\/v2\/tags?post=21709"}],"curies":[{"name":"wp","href":"https:\/\/api.w.org\/{rel}","templated":true}]}}