{"id":21736,"date":"2023-09-15T10:03:42","date_gmt":"2023-09-15T08:03:42","guid":{"rendered":"https:\/\/www.m-q.ch\/?p=18490"},"modified":"2024-11-14T09:44:52","modified_gmt":"2024-11-14T08:44:52","slug":"scrt-und-telsys-firmieren-neu-unter-dem-namen-orange-cyberdefense-schweiz","status":"publish","type":"post","link":"https:\/\/www.organisator.ch\/it\/operational-excellence\/2023-09-15\/scrt-und-telsys-firmieren-neu-unter-dem-namen-orange-cyberdefense-schweiz\/","title":{"rendered":"SCRT e Telsys operano ora con il nome di Orange Cyberdefense Switzerland."},"content":{"rendered":"<figure id=\"attachment_18491\" class=\"wp-caption alignnone\" style=\"width: 680px\" aria-describedby=\"caption-attachment-18491\"><img class=\"alignnone wp-image-18491 size-full\" src=\"https:\/\/www.m-q.ch\/wp-content\/uploads\/2023\/09\/SCRT-und-Telsys-firmieren-neu-unter-dem-Namen-Orange-Cyberdefense-Schweiz_MQ.jpg\" alt=\"Arancione Cyberdefence\" width=\"680\" height=\"483\" \/>\r\n<figcaption id=\"caption-attachment-18491\" class=\"wp-caption-text\">Nicolas Lutz, direttore generale di Orange Cyberdefense Svizzera. (Immagine: zVg)<\/figcaption>\r\n<\/figure>\r\n<p>Orange Cyberdefense sta accelerando l'espansione delle sue attivit\u00e0 di sicurezza informatica in Svizzera dopo l'acquisizione di SCRT e Telsys lo scorso novembre. Entrambe le societ\u00e0 sorelle, con sede a Morges (VD), contano circa 100 esperti in sicurezza informatica e servizi correlati a Morges, Ginevra, Berna e Zurigo e opereranno con effetto immediato sotto il nome di Orange Cyberdefense Switzerland.<\/p>\r\n<p>In quattro anni, l'azienda ha acquisito e integrato quattro nuove societ\u00e0. Questo sottolinea l'ambizione di diventare il numero uno in Europa entro il 2027. L'anno scorso il mercato europeo \u00e8 cresciuto del 9%, mentre Orange Cyberdefense ha registrato una crescita del 14% nelle sue attivit\u00e0 globali e ha raggiunto un fatturato di 977 milioni di euro.<\/p>\r\n<h3><strong>Svizzera: il settimo mercato europeo della cibernetica<\/strong><\/h3>\r\n<p>L'integrazione di SCRT e Telsys sotto il marchio Orange Cyberdefense consentir\u00e0 di sfruttare appieno le sinergie sempre pi\u00f9 significative tra le competenze nel cloud e nella sicurezza informatica. In Svizzera, l'azienda amplier\u00e0 quindi il proprio portafoglio di offerte di cloud sicuro, offrendo un supporto completo alle aziende e alle autorit\u00e0 pubbliche, e ampliando al contempo le proprie competenze nel settore del back-up e del ripristino. In cambio, i clienti potranno beneficiare di quello che, secondo l'azienda, \u00e8 un livello di sicurezza di livello mondiale che soddisfa i pi\u00f9 elevati standard di mercato. Grazie alle sinergie con Orange Business, Orange Cyberdefense Switzerland \u00e8 in grado di supportare multinazionali e organizzazioni internazionali a livello globale.<\/p>\r\n<p>I nuovi sviluppi hanno gi\u00e0 portato a una crescita di quasi il 20% nella cybersecurity e a un fatturato di oltre 25 milioni di franchi svizzeri (CHF) nel mercato svizzero nel primo semestre del 2023. La politica di reclutamento dell'azienda mira a costruire la pi\u00f9 grande comunit\u00e0 informatica d'Europa. Per rafforzare la capacit\u00e0 dei team e soddisfare le diverse e crescenti esigenze dei clienti, viene attuata gradualmente anche in Svizzera.<\/p>\r\n<p>Nicolas Lutz, direttore generale di Orange Cyberdefense Svizzera dal gennaio 2023, sottolinea: \"L'integrazione di SCRT e Telsys nella nostra azienda, leader europeo nella sicurezza informatica, rappresenta una nuova pietra miliare nella storia della nostra societ\u00e0 di cui sono orgoglioso.\"<\/p>\r\n<p><a href=\"https:\/\/orangecyberdefense.com\/global\/\">Fonte e ulteriori informazioni<\/a><\/p>\n<p class=\"syndicated-attribution\">Questo articolo \u00e8 apparso originariamente su m-q.ch - <a href=\"https:\/\/www.m-q.ch\/de\/scrt-und-telsys-firmieren-neu-unter-dem-namen-orange-cyberdefense-schweiz\/\" target=\"_blank\">https:\/\/www.m-q.ch\/de\/scrt-und-telsys-firmieren-neu-unter-dem-namen-orange-cyberdefense-schweiz\/<\/a><\/p>","protected":false},"excerpt":{"rendered":"<p>Le societ\u00e0 svizzere SCRT e Telsys, acquisite da Orange Cyberdefense nel 2022, opereranno con effetto immediato sotto il nome di Orange Cyberdefense Switzerland.<\/p>","protected":false},"author":8,"featured_media":0,"comment_status":"closed","ping_status":"closed","sticky":false,"template":"","format":"standard","meta":{"_acf_changed":false,"_yoast_wpseo_focuskw":"Orange Cyberdefense","_yoast_wpseo_metadesc":"Orange Cyberdefense Schweiz: Expansion und Integration von SCRT und Telsys. Wachstum und Cybersecurity-Fokus.","articlekey":"","footnotes":""},"categories":[582],"tags":[],"class_list":["post-21736","post","type-post","status-publish","format-standard","hentry","category-operational-excellence"],"acf":[],"yoast_head":"<!-- This site is optimized with the Yoast SEO plugin v27.5 - https:\/\/yoast.com\/product\/yoast-seo-wordpress\/ -->\n<title>SCRT und Telsys firmieren neu unter dem Namen Orange Cyberdefense Schweiz - Organisator<\/title>\n<meta name=\"description\" content=\"Orange Cyberdefense Schweiz: Expansion und Integration von SCRT und Telsys. Wachstum und Cybersecurity-Fokus.\" \/>\n<meta name=\"robots\" content=\"index, follow, max-snippet:-1, max-image-preview:large, max-video-preview:-1\" \/>\n<link rel=\"canonical\" href=\"https:\/\/www.organisator.ch\/it\/eccellenza-operativa\/2023-09-15\/scrt-und-telsys-firmieren-neu-unter-dem-namen-orange-cyberdefense-schweiz\/\" \/>\n<meta property=\"og:locale\" content=\"it_IT\" \/>\n<meta property=\"og:type\" content=\"article\" \/>\n<meta property=\"og:title\" content=\"SCRT und Telsys firmieren neu unter dem Namen Orange Cyberdefense Schweiz - Organisator\" \/>\n<meta property=\"og:description\" content=\"Orange Cyberdefense Schweiz: Expansion und Integration von SCRT und Telsys. Wachstum und Cybersecurity-Fokus.\" \/>\n<meta property=\"og:url\" content=\"https:\/\/www.organisator.ch\/it\/eccellenza-operativa\/2023-09-15\/scrt-und-telsys-firmieren-neu-unter-dem-namen-orange-cyberdefense-schweiz\/\" \/>\n<meta property=\"og:site_name\" content=\"Organisator\" \/>\n<meta property=\"article:publisher\" content=\"https:\/\/www.facebook.com\/OrganisatorFachmagazin\" \/>\n<meta property=\"article:published_time\" content=\"2023-09-15T08:03:42+00:00\" \/>\n<meta property=\"article:modified_time\" content=\"2024-11-14T08:44:52+00:00\" \/>\n<meta name=\"author\" content=\"galledia\" \/>\n<meta name=\"twitter:card\" content=\"summary_large_image\" \/>\n<meta name=\"twitter:creator\" content=\"@admin\" \/>\n<script type=\"application\/ld+json\" class=\"yoast-schema-graph\">{\"@context\":\"https:\\\/\\\/schema.org\",\"@graph\":[{\"@type\":\"Article\",\"@id\":\"https:\\\/\\\/www.organisator.ch\\\/operational-excellence\\\/2023-09-15\\\/scrt-und-telsys-firmieren-neu-unter-dem-namen-orange-cyberdefense-schweiz\\\/#article\",\"isPartOf\":{\"@id\":\"https:\\\/\\\/www.organisator.ch\\\/operational-excellence\\\/2023-09-15\\\/scrt-und-telsys-firmieren-neu-unter-dem-namen-orange-cyberdefense-schweiz\\\/\"},\"author\":{\"name\":\"galledia\",\"@id\":\"https:\\\/\\\/www.organisator.ch\\\/#\\\/schema\\\/person\\\/4e51799071cd2dd1232ac003643ef5f0\"},\"headline\":\"SCRT und Telsys firmieren neu unter dem Namen Orange Cyberdefense Schweiz\",\"datePublished\":\"2023-09-15T08:03:42+00:00\",\"dateModified\":\"2024-11-14T08:44:52+00:00\",\"mainEntityOfPage\":{\"@id\":\"https:\\\/\\\/www.organisator.ch\\\/operational-excellence\\\/2023-09-15\\\/scrt-und-telsys-firmieren-neu-unter-dem-namen-orange-cyberdefense-schweiz\\\/\"},\"wordCount\":367,\"publisher\":{\"@id\":\"https:\\\/\\\/www.organisator.ch\\\/#organization\"},\"image\":{\"@id\":\"https:\\\/\\\/www.organisator.ch\\\/operational-excellence\\\/2023-09-15\\\/scrt-und-telsys-firmieren-neu-unter-dem-namen-orange-cyberdefense-schweiz\\\/#primaryimage\"},\"thumbnailUrl\":\"https:\\\/\\\/www.m-q.ch\\\/wp-content\\\/uploads\\\/2023\\\/09\\\/SCRT-und-Telsys-firmieren-neu-unter-dem-Namen-Orange-Cyberdefense-Schweiz_MQ.jpg\",\"articleSection\":[\"OPERATIONAL EXCELLENCE\"],\"inLanguage\":\"it-IT\"},{\"@type\":\"WebPage\",\"@id\":\"https:\\\/\\\/www.organisator.ch\\\/operational-excellence\\\/2023-09-15\\\/scrt-und-telsys-firmieren-neu-unter-dem-namen-orange-cyberdefense-schweiz\\\/\",\"url\":\"https:\\\/\\\/www.organisator.ch\\\/operational-excellence\\\/2023-09-15\\\/scrt-und-telsys-firmieren-neu-unter-dem-namen-orange-cyberdefense-schweiz\\\/\",\"name\":\"SCRT und Telsys firmieren neu unter dem Namen Orange Cyberdefense Schweiz - Organisator\",\"isPartOf\":{\"@id\":\"https:\\\/\\\/www.organisator.ch\\\/#website\"},\"primaryImageOfPage\":{\"@id\":\"https:\\\/\\\/www.organisator.ch\\\/operational-excellence\\\/2023-09-15\\\/scrt-und-telsys-firmieren-neu-unter-dem-namen-orange-cyberdefense-schweiz\\\/#primaryimage\"},\"image\":{\"@id\":\"https:\\\/\\\/www.organisator.ch\\\/operational-excellence\\\/2023-09-15\\\/scrt-und-telsys-firmieren-neu-unter-dem-namen-orange-cyberdefense-schweiz\\\/#primaryimage\"},\"thumbnailUrl\":\"https:\\\/\\\/www.m-q.ch\\\/wp-content\\\/uploads\\\/2023\\\/09\\\/SCRT-und-Telsys-firmieren-neu-unter-dem-Namen-Orange-Cyberdefense-Schweiz_MQ.jpg\",\"datePublished\":\"2023-09-15T08:03:42+00:00\",\"dateModified\":\"2024-11-14T08:44:52+00:00\",\"description\":\"Orange Cyberdefense Schweiz: Expansion und Integration von SCRT und Telsys. Wachstum und Cybersecurity-Fokus.\",\"breadcrumb\":{\"@id\":\"https:\\\/\\\/www.organisator.ch\\\/operational-excellence\\\/2023-09-15\\\/scrt-und-telsys-firmieren-neu-unter-dem-namen-orange-cyberdefense-schweiz\\\/#breadcrumb\"},\"inLanguage\":\"it-IT\",\"potentialAction\":[{\"@type\":\"ReadAction\",\"target\":[\"https:\\\/\\\/www.organisator.ch\\\/operational-excellence\\\/2023-09-15\\\/scrt-und-telsys-firmieren-neu-unter-dem-namen-orange-cyberdefense-schweiz\\\/\"]}]},{\"@type\":\"ImageObject\",\"inLanguage\":\"it-IT\",\"@id\":\"https:\\\/\\\/www.organisator.ch\\\/operational-excellence\\\/2023-09-15\\\/scrt-und-telsys-firmieren-neu-unter-dem-namen-orange-cyberdefense-schweiz\\\/#primaryimage\",\"url\":\"https:\\\/\\\/www.m-q.ch\\\/wp-content\\\/uploads\\\/2023\\\/09\\\/SCRT-und-Telsys-firmieren-neu-unter-dem-Namen-Orange-Cyberdefense-Schweiz_MQ.jpg\",\"contentUrl\":\"https:\\\/\\\/www.m-q.ch\\\/wp-content\\\/uploads\\\/2023\\\/09\\\/SCRT-und-Telsys-firmieren-neu-unter-dem-Namen-Orange-Cyberdefense-Schweiz_MQ.jpg\"},{\"@type\":\"BreadcrumbList\",\"@id\":\"https:\\\/\\\/www.organisator.ch\\\/operational-excellence\\\/2023-09-15\\\/scrt-und-telsys-firmieren-neu-unter-dem-namen-orange-cyberdefense-schweiz\\\/#breadcrumb\",\"itemListElement\":[{\"@type\":\"ListItem\",\"position\":1,\"name\":\"Home\",\"item\":\"https:\\\/\\\/www.organisator.ch\\\/\"},{\"@type\":\"ListItem\",\"position\":2,\"name\":\"SCRT und Telsys firmieren neu unter dem Namen Orange Cyberdefense Schweiz\"}]},{\"@type\":\"WebSite\",\"@id\":\"https:\\\/\\\/www.organisator.ch\\\/#website\",\"url\":\"https:\\\/\\\/www.organisator.ch\\\/\",\"name\":\"Organisator\",\"description\":\"Kompetent. Praxisnah. Der ORGANISATOR bereitet in 10 Ausgaben pro Jahr die wesentlichen Themen f\u00fcr F\u00fchrungskr\u00e4fte von KMU auf.\",\"publisher\":{\"@id\":\"https:\\\/\\\/www.organisator.ch\\\/#organization\"},\"potentialAction\":[{\"@type\":\"SearchAction\",\"target\":{\"@type\":\"EntryPoint\",\"urlTemplate\":\"https:\\\/\\\/www.organisator.ch\\\/?s={search_term_string}\"},\"query-input\":{\"@type\":\"PropertyValueSpecification\",\"valueRequired\":true,\"valueName\":\"search_term_string\"}}],\"inLanguage\":\"it-IT\"},{\"@type\":\"Organization\",\"@id\":\"https:\\\/\\\/www.organisator.ch\\\/#organization\",\"name\":\"Organisator\",\"url\":\"https:\\\/\\\/www.organisator.ch\\\/\",\"logo\":{\"@type\":\"ImageObject\",\"inLanguage\":\"it-IT\",\"@id\":\"https:\\\/\\\/www.organisator.ch\\\/#\\\/schema\\\/logo\\\/image\\\/\",\"url\":\"https:\\\/\\\/www.organisator.ch\\\/wp-content\\\/uploads\\\/2022\\\/01\\\/Logo_Organisator_Website.png\",\"contentUrl\":\"https:\\\/\\\/www.organisator.ch\\\/wp-content\\\/uploads\\\/2022\\\/01\\\/Logo_Organisator_Website.png\",\"width\":800,\"height\":77,\"caption\":\"Organisator\"},\"image\":{\"@id\":\"https:\\\/\\\/www.organisator.ch\\\/#\\\/schema\\\/logo\\\/image\\\/\"},\"sameAs\":[\"https:\\\/\\\/www.facebook.com\\\/OrganisatorFachmagazin\",\"https:\\\/\\\/www.linkedin.com\\\/showcase\\\/organisator-das-magazin-fr-kmu\",\"https:\\\/\\\/www.xing.com\\\/news\\\/pages\\\/organisator-ch-695\",\"https:\\\/\\\/www.youtube.com\\\/channel\\\/UCGP2Sq0iWaZwT3BdIAQFYpw\"]},{\"@type\":\"Person\",\"@id\":\"https:\\\/\\\/www.organisator.ch\\\/#\\\/schema\\\/person\\\/4e51799071cd2dd1232ac003643ef5f0\",\"name\":\"galledia\",\"image\":{\"@type\":\"ImageObject\",\"inLanguage\":\"it-IT\",\"@id\":\"https:\\\/\\\/secure.gravatar.com\\\/avatar\\\/78a7f90c01fc2bfc875782a0d4922b37cde2cf184ce347b91316d23cd7f69a36?s=96&d=mm&r=g\",\"url\":\"https:\\\/\\\/secure.gravatar.com\\\/avatar\\\/78a7f90c01fc2bfc875782a0d4922b37cde2cf184ce347b91316d23cd7f69a36?s=96&d=mm&r=g\",\"contentUrl\":\"https:\\\/\\\/secure.gravatar.com\\\/avatar\\\/78a7f90c01fc2bfc875782a0d4922b37cde2cf184ce347b91316d23cd7f69a36?s=96&d=mm&r=g\",\"caption\":\"galledia\"},\"sameAs\":[\"https:\\\/\\\/x.com\\\/admin\"],\"url\":\"https:\\\/\\\/www.organisator.ch\\\/it\\\/author\\\/galledia\\\/\"}]}<\/script>\n<!-- \/ Yoast SEO plugin. -->","yoast_head_json":{"title":"SCRT e Telsys operano ora sotto il nome di Orange Cyberdefense Svizzera - Organizzatore","description":"Orange Cyberdefense Svizzera: espansione e integrazione di SCRT e Telsys. Crescita e attenzione alla cybersecurity.","robots":{"index":"index","follow":"follow","max-snippet":"max-snippet:-1","max-image-preview":"max-image-preview:large","max-video-preview":"max-video-preview:-1"},"canonical":"https:\/\/www.organisator.ch\/it\/eccellenza-operativa\/2023-09-15\/scrt-und-telsys-firmieren-neu-unter-dem-namen-orange-cyberdefense-schweiz\/","og_locale":"it_IT","og_type":"article","og_title":"SCRT und Telsys firmieren neu unter dem Namen Orange Cyberdefense Schweiz - Organisator","og_description":"Orange Cyberdefense Schweiz: Expansion und Integration von SCRT und Telsys. Wachstum und Cybersecurity-Fokus.","og_url":"https:\/\/www.organisator.ch\/it\/eccellenza-operativa\/2023-09-15\/scrt-und-telsys-firmieren-neu-unter-dem-namen-orange-cyberdefense-schweiz\/","og_site_name":"Organisator","article_publisher":"https:\/\/www.facebook.com\/OrganisatorFachmagazin","article_published_time":"2023-09-15T08:03:42+00:00","article_modified_time":"2024-11-14T08:44:52+00:00","author":"galledia","twitter_card":"summary_large_image","twitter_creator":"@admin","schema":{"@context":"https:\/\/schema.org","@graph":[{"@type":"Article","@id":"https:\/\/www.organisator.ch\/operational-excellence\/2023-09-15\/scrt-und-telsys-firmieren-neu-unter-dem-namen-orange-cyberdefense-schweiz\/#article","isPartOf":{"@id":"https:\/\/www.organisator.ch\/operational-excellence\/2023-09-15\/scrt-und-telsys-firmieren-neu-unter-dem-namen-orange-cyberdefense-schweiz\/"},"author":{"name":"galledia","@id":"https:\/\/www.organisator.ch\/#\/schema\/person\/4e51799071cd2dd1232ac003643ef5f0"},"headline":"SCRT und Telsys firmieren neu unter dem Namen Orange Cyberdefense Schweiz","datePublished":"2023-09-15T08:03:42+00:00","dateModified":"2024-11-14T08:44:52+00:00","mainEntityOfPage":{"@id":"https:\/\/www.organisator.ch\/operational-excellence\/2023-09-15\/scrt-und-telsys-firmieren-neu-unter-dem-namen-orange-cyberdefense-schweiz\/"},"wordCount":367,"publisher":{"@id":"https:\/\/www.organisator.ch\/#organization"},"image":{"@id":"https:\/\/www.organisator.ch\/operational-excellence\/2023-09-15\/scrt-und-telsys-firmieren-neu-unter-dem-namen-orange-cyberdefense-schweiz\/#primaryimage"},"thumbnailUrl":"https:\/\/www.m-q.ch\/wp-content\/uploads\/2023\/09\/SCRT-und-Telsys-firmieren-neu-unter-dem-Namen-Orange-Cyberdefense-Schweiz_MQ.jpg","articleSection":["OPERATIONAL EXCELLENCE"],"inLanguage":"it-IT"},{"@type":"WebPage","@id":"https:\/\/www.organisator.ch\/operational-excellence\/2023-09-15\/scrt-und-telsys-firmieren-neu-unter-dem-namen-orange-cyberdefense-schweiz\/","url":"https:\/\/www.organisator.ch\/operational-excellence\/2023-09-15\/scrt-und-telsys-firmieren-neu-unter-dem-namen-orange-cyberdefense-schweiz\/","name":"SCRT e Telsys operano ora sotto il nome di Orange Cyberdefense Svizzera - Organizzatore","isPartOf":{"@id":"https:\/\/www.organisator.ch\/#website"},"primaryImageOfPage":{"@id":"https:\/\/www.organisator.ch\/operational-excellence\/2023-09-15\/scrt-und-telsys-firmieren-neu-unter-dem-namen-orange-cyberdefense-schweiz\/#primaryimage"},"image":{"@id":"https:\/\/www.organisator.ch\/operational-excellence\/2023-09-15\/scrt-und-telsys-firmieren-neu-unter-dem-namen-orange-cyberdefense-schweiz\/#primaryimage"},"thumbnailUrl":"https:\/\/www.m-q.ch\/wp-content\/uploads\/2023\/09\/SCRT-und-Telsys-firmieren-neu-unter-dem-Namen-Orange-Cyberdefense-Schweiz_MQ.jpg","datePublished":"2023-09-15T08:03:42+00:00","dateModified":"2024-11-14T08:44:52+00:00","description":"Orange Cyberdefense Svizzera: espansione e integrazione di SCRT e Telsys. Crescita e attenzione alla cybersecurity.","breadcrumb":{"@id":"https:\/\/www.organisator.ch\/operational-excellence\/2023-09-15\/scrt-und-telsys-firmieren-neu-unter-dem-namen-orange-cyberdefense-schweiz\/#breadcrumb"},"inLanguage":"it-IT","potentialAction":[{"@type":"ReadAction","target":["https:\/\/www.organisator.ch\/operational-excellence\/2023-09-15\/scrt-und-telsys-firmieren-neu-unter-dem-namen-orange-cyberdefense-schweiz\/"]}]},{"@type":"ImageObject","inLanguage":"it-IT","@id":"https:\/\/www.organisator.ch\/operational-excellence\/2023-09-15\/scrt-und-telsys-firmieren-neu-unter-dem-namen-orange-cyberdefense-schweiz\/#primaryimage","url":"https:\/\/www.m-q.ch\/wp-content\/uploads\/2023\/09\/SCRT-und-Telsys-firmieren-neu-unter-dem-Namen-Orange-Cyberdefense-Schweiz_MQ.jpg","contentUrl":"https:\/\/www.m-q.ch\/wp-content\/uploads\/2023\/09\/SCRT-und-Telsys-firmieren-neu-unter-dem-Namen-Orange-Cyberdefense-Schweiz_MQ.jpg"},{"@type":"BreadcrumbList","@id":"https:\/\/www.organisator.ch\/operational-excellence\/2023-09-15\/scrt-und-telsys-firmieren-neu-unter-dem-namen-orange-cyberdefense-schweiz\/#breadcrumb","itemListElement":[{"@type":"ListItem","position":1,"name":"Home","item":"https:\/\/www.organisator.ch\/"},{"@type":"ListItem","position":2,"name":"SCRT und Telsys firmieren neu unter dem Namen Orange Cyberdefense Schweiz"}]},{"@type":"WebSite","@id":"https:\/\/www.organisator.ch\/#website","url":"https:\/\/www.organisator.ch\/","name":"Organizzatore","description":"Competente. Pratico. In 10 numeri all'anno, ORGANISATOR presenta i temi essenziali per i manager delle PMI.","publisher":{"@id":"https:\/\/www.organisator.ch\/#organization"},"potentialAction":[{"@type":"SearchAction","target":{"@type":"EntryPoint","urlTemplate":"https:\/\/www.organisator.ch\/?s={search_term_string}"},"query-input":{"@type":"PropertyValueSpecification","valueRequired":true,"valueName":"search_term_string"}}],"inLanguage":"it-IT"},{"@type":"Organization","@id":"https:\/\/www.organisator.ch\/#organization","name":"Organizzatore","url":"https:\/\/www.organisator.ch\/","logo":{"@type":"ImageObject","inLanguage":"it-IT","@id":"https:\/\/www.organisator.ch\/#\/schema\/logo\/image\/","url":"https:\/\/www.organisator.ch\/wp-content\/uploads\/2022\/01\/Logo_Organisator_Website.png","contentUrl":"https:\/\/www.organisator.ch\/wp-content\/uploads\/2022\/01\/Logo_Organisator_Website.png","width":800,"height":77,"caption":"Organisator"},"image":{"@id":"https:\/\/www.organisator.ch\/#\/schema\/logo\/image\/"},"sameAs":["https:\/\/www.facebook.com\/OrganisatorFachmagazin","https:\/\/www.linkedin.com\/showcase\/organisator-das-magazin-fr-kmu","https:\/\/www.xing.com\/news\/pages\/organisator-ch-695","https:\/\/www.youtube.com\/channel\/UCGP2Sq0iWaZwT3BdIAQFYpw"]},{"@type":"Person","@id":"https:\/\/www.organisator.ch\/#\/schema\/person\/4e51799071cd2dd1232ac003643ef5f0","name":"galledia","image":{"@type":"ImageObject","inLanguage":"it-IT","@id":"https:\/\/secure.gravatar.com\/avatar\/78a7f90c01fc2bfc875782a0d4922b37cde2cf184ce347b91316d23cd7f69a36?s=96&d=mm&r=g","url":"https:\/\/secure.gravatar.com\/avatar\/78a7f90c01fc2bfc875782a0d4922b37cde2cf184ce347b91316d23cd7f69a36?s=96&d=mm&r=g","contentUrl":"https:\/\/secure.gravatar.com\/avatar\/78a7f90c01fc2bfc875782a0d4922b37cde2cf184ce347b91316d23cd7f69a36?s=96&d=mm&r=g","caption":"galledia"},"sameAs":["https:\/\/x.com\/admin"],"url":"https:\/\/www.organisator.ch\/it\/author\/galledia\/"}]}},"_links":{"self":[{"href":"https:\/\/www.organisator.ch\/it\/wp-json\/wp\/v2\/posts\/21736","targetHints":{"allow":["GET"]}}],"collection":[{"href":"https:\/\/www.organisator.ch\/it\/wp-json\/wp\/v2\/posts"}],"about":[{"href":"https:\/\/www.organisator.ch\/it\/wp-json\/wp\/v2\/types\/post"}],"author":[{"embeddable":true,"href":"https:\/\/www.organisator.ch\/it\/wp-json\/wp\/v2\/users\/8"}],"replies":[{"embeddable":true,"href":"https:\/\/www.organisator.ch\/it\/wp-json\/wp\/v2\/comments?post=21736"}],"version-history":[{"count":4,"href":"https:\/\/www.organisator.ch\/it\/wp-json\/wp\/v2\/posts\/21736\/revisions"}],"predecessor-version":[{"id":32877,"href":"https:\/\/www.organisator.ch\/it\/wp-json\/wp\/v2\/posts\/21736\/revisions\/32877"}],"wp:attachment":[{"href":"https:\/\/www.organisator.ch\/it\/wp-json\/wp\/v2\/media?parent=21736"}],"wp:term":[{"taxonomy":"category","embeddable":true,"href":"https:\/\/www.organisator.ch\/it\/wp-json\/wp\/v2\/categories?post=21736"},{"taxonomy":"post_tag","embeddable":true,"href":"https:\/\/www.organisator.ch\/it\/wp-json\/wp\/v2\/tags?post=21736"}],"curies":[{"name":"wp","href":"https:\/\/api.w.org\/{rel}","templated":true}]}}