{"id":21743,"date":"2023-09-15T13:38:53","date_gmt":"2023-09-15T11:38:53","guid":{"rendered":"https:\/\/www.organisator.ch\/?p=21743"},"modified":"2023-09-15T13:38:53","modified_gmt":"2023-09-15T11:38:53","slug":"neue-studie-zeigt-optimismus-bei-kmu-schwindet","status":"publish","type":"post","link":"https:\/\/www.organisator.ch\/it\/management\/2023-09-15\/neue-studie-zeigt-optimismus-bei-kmu-schwindet\/","title":{"rendered":"Un nuovo studio dimostra che l'ottimismo delle PMI sta diminuendo"},"content":{"rendered":"<figure id=\"attachment_21744\" aria-describedby=\"caption-attachment-21744\" style=\"width: 680px\" class=\"wp-caption alignnone\"><img loading=\"lazy\" decoding=\"async\" class=\"size-full wp-image-21744\" src=\"https:\/\/www.organisator.ch\/wp-content\/uploads\/2023\/09\/Neue-Studie-zeigt-Optimismus-bei-KMU-schwindet_Organisator.jpg\" alt=\"\" width=\"680\" height=\"383\" srcset=\"https:\/\/www.organisator.ch\/wp-content\/uploads\/2023\/09\/Neue-Studie-zeigt-Optimismus-bei-KMU-schwindet_Organisator.jpg 680w, https:\/\/www.organisator.ch\/wp-content\/uploads\/2023\/09\/Neue-Studie-zeigt-Optimismus-bei-KMU-schwindet_Organisator-18x10.jpg 18w, https:\/\/www.organisator.ch\/wp-content\/uploads\/2023\/09\/Neue-Studie-zeigt-Optimismus-bei-KMU-schwindet_Organisator-375x211.jpg 375w, https:\/\/www.organisator.ch\/wp-content\/uploads\/2023\/09\/Neue-Studie-zeigt-Optimismus-bei-KMU-schwindet_Organisator-621x350.jpg 621w\" sizes=\"auto, (max-width: 680px) 100vw, 680px\" \/><figcaption id=\"caption-attachment-21744\" class=\"wp-caption-text\">Nonostante la resistenza alle crisi, l'ottimismo delle PMI svizzere sta svanendo. (Immagine: Kearney)<\/figcaption><\/figure>\n<p>Lo studio sulle PMI pubblicato da Kearney e dai suoi partner Raiffeisen, swiss export e Angst + Pfister AG fornisce per la sesta volta un quadro della situazione attuale, delle sfide e delle opportunit\u00e0 per le PMI. 382 rappresentanti di PMI svizzere sono stati intervistati nel periodo compreso tra maggio e inizio luglio 2023.<\/p>\n<h3>L'ottimismo delle PMI \u00e8 diminuito<\/h3>\n<p>L'indagine si \u00e8 concentrata sulla resilienza delle PMI nell'attuale contesto difficile. Secondo Fabian Siegrist, partner di Kearney a Zurigo, la maggior parte delle PMI \u00e8 resiliente o molto resiliente alle crisi attuali. Tuttavia, i prezzi delle materie prime e dell'energia, insieme alla carenza di lavoratori qualificati, destano grande preoccupazione negli imprenditori.<\/p>\n<p>Dopo le prospettive molto ottimistiche delle PMI nell'indagine dello scorso anno, questo ottimismo si sta affievolendo nell'indagine di quest'anno. La reticenza delle PMI si riflette, tra l'altro, nelle loro aspettative finanziarie. Solo la met\u00e0 delle aziende intervistate prevede ancora un aumento delle vendite per quest'anno, rispetto al 63% (2022) e al 69% (2021) degli anni precedenti.<\/p>\n<p>Roger Reist, Head of Corporate Clients, Treasury &amp; Markets e membro della Direzione generale di Raiffeisen Svizzera, descrive i venti contrari che le PMI si trovano attualmente ad affrontare: \"Il boom della domanda di beni causato dalla pandemia \u00e8 finalmente terminato e i consumatori tornano a spendere di pi\u00f9 per i servizi. D'altra parte, la domanda industriale \u00e8 appesantita da un'inflazione ostinatamente alta e da tassi di interesse in aumento\". Ciononostante, lo studio conferma che un'ampia fetta di PMI svizzere sta dimostrando ancora una volta la propria capacit\u00e0 di ripresa.\"<\/p>\n<h3><strong>Grandi differenze di resistenza<\/strong><\/h3>\n<p>Alla luce delle numerose e complesse sfide che le PMI devono affrontare nella loro attivit\u00e0 quotidiana, lo studio ha analizzato come le PMI rispondono alle situazioni di crisi per mitigarne gli effetti, prevenirle del tutto o addirittura trarne vantaggio. Per le PMI, i clienti e i dipendenti soddisfatti sono i parametri decisivi per misurare la propria resilienza, seguiti solo dagli indicatori finanziari. Solo il 19% si sente ben preparato quando si tratta della carenza di lavoratori qualificati. Secondo i risultati dello studio, le PMI intervistate hanno adottato numerose misure per rafforzarsi contro le sfide e le crisi. Gli adeguamenti dei processi, che includono anche la digitalizzazione dei processi, sono al primo posto. Seguono gli investimenti nell'innovazione e l'adattamento delle strategie per i clienti e i prezzi. Claudia Moerker, direttore generale dell'Associazione svizzera per l'esportazione, osserva che molte aziende hanno ottimizzato le loro catene di approvvigionamento per soddisfare le richieste dei consumatori e hanno mantenuto le scorte il pi\u00f9 basse possibile per risparmiare sui costi.<\/p>\n<h3><strong>I rischi economici pesano sulle prospettive<\/strong><\/h3>\n<p>Per i prossimi tre anni, il 62% delle aziende prevede ancora uno sviluppo da buono a molto buono della propria azienda, nel 2022 era ancora il 67%, nel 2021 addirittura il 76%. Le crisi e le sfide che si sono susseguite hanno quindi lasciato il segno sulle PMI. Come l'anno precedente, le PMI intervistate hanno individuato negli alti prezzi dell'energia e delle materie prime, nell'accesso a lavoratori e personale qualificati e, ancora una volta, nelle relazioni bilaterali poco chiare tra Svizzera e UE i maggiori rischi economici per i prossimi dodici mesi. Dopo il fallimento dell'accordo quadro con l'UE, le relazioni bilaterali tra la Svizzera e l'UE sono cambiate poco. Per questo motivo, circa la met\u00e0 delle aziende intervistate continua a chiedere ai politici di trovare una soluzione alla questione dell'UE. Lo studio mostra chiaramente che l'importanza di questa preoccupazione aumenta con le dimensioni dell'azienda. Alla luce dell'aggravarsi della carenza di manodopera qualificata, la richiesta di garantire il fabbisogno di lavoratori qualificati e di assicurare condizioni quadro attraenti e un'ulteriore promozione della sede \u00e8 in aumento rispetto agli anni precedenti.<\/p>\n<p>Lo \"Studio PMI\", condotto dal 2018, fornisce una valutazione annuale della situazione delle PMI svizzere.<\/p>\n<p><em>Fonte: <a href=\"http:\/\/www.kearney.ch\">Kearney<\/a><\/em><\/p>","protected":false},"excerpt":{"rendered":"<p>Secondo uno studio sulle PMI svizzere condotto dalla societ\u00e0 di consulenza manageriale globale Kearney e dai suoi partner Raiffeisen, swiss export e Angst + Pfister AG, la maggior parte delle PMI \u00e8 ottimista sul futuro, ma le prospettive si stanno facendo pi\u00f9 cupe. A causa degli sconvolgimenti economici, si teme una riduzione delle vendite e dei margini. <\/p>","protected":false},"author":4,"featured_media":0,"comment_status":"closed","ping_status":"closed","sticky":false,"template":"","format":"standard","meta":{"_acf_changed":false,"_yoast_wpseo_focuskw":"Optimismus bei KMU","_yoast_wpseo_metadesc":"Laut einer neuen Studie zum Schweizer Mittelstand ist der Optimismus bei KMU zwar noch vorhanden, doch die Aussichten tr\u00fcben sich ein.","articlekey":"","footnotes":""},"categories":[28],"tags":[3943,3942,459,492],"class_list":["post-21743","post","type-post","status-publish","format-standard","hentry","category-management","tag-konjunkturaussichten","tag-schweizer-kmu","tag-studie","tag-unternehmen"],"acf":[],"yoast_head":"<!-- This site is optimized with the Yoast SEO plugin v27.5 - https:\/\/yoast.com\/product\/yoast-seo-wordpress\/ -->\n<title>Neue Studie zeigt: Optimismus bei KMU schwindet - Organisator<\/title>\n<meta name=\"description\" content=\"Laut einer neuen Studie zum Schweizer Mittelstand ist der Optimismus bei KMU zwar noch vorhanden, doch die Aussichten tr\u00fcben sich ein.\" \/>\n<meta name=\"robots\" content=\"index, follow, max-snippet:-1, max-image-preview:large, max-video-preview:-1\" \/>\n<link rel=\"canonical\" href=\"https:\/\/www.organisator.ch\/it\/gestione-2\/2023-09-15\/neue-studie-zeigt-optimismus-bei-kmu-schwindet\/\" \/>\n<meta property=\"og:locale\" content=\"it_IT\" \/>\n<meta property=\"og:type\" content=\"article\" \/>\n<meta property=\"og:title\" content=\"Neue Studie zeigt: Optimismus bei KMU schwindet\" \/>\n<meta property=\"og:description\" content=\"Laut einer neuen Studie zum Schweizer Mittelstand ist der Optimismus bei KMU zwar noch vorhanden, doch die Aussichten tr\u00fcben sich ein.\" \/>\n<meta property=\"og:url\" content=\"https:\/\/www.organisator.ch\/it\/gestione-2\/2023-09-15\/neue-studie-zeigt-optimismus-bei-kmu-schwindet\/\" \/>\n<meta property=\"og:site_name\" content=\"Organisator\" \/>\n<meta property=\"article:publisher\" content=\"https:\/\/www.facebook.com\/OrganisatorFachmagazin\" \/>\n<meta property=\"article:published_time\" content=\"2023-09-15T11:38:53+00:00\" \/>\n<meta property=\"og:image\" content=\"https:\/\/www.organisator.ch\/wp-content\/uploads\/2023\/09\/Neue-Studie-zeigt-Optimismus-bei-KMU-schwindet_Organisator.jpg\" \/>\n\t<meta property=\"og:image:width\" content=\"680\" \/>\n\t<meta property=\"og:image:height\" content=\"383\" \/>\n\t<meta property=\"og:image:type\" content=\"image\/jpeg\" \/>\n<meta name=\"author\" content=\"thomas.berner\" \/>\n<meta name=\"twitter:card\" content=\"summary_large_image\" \/>\n<meta name=\"twitter:title\" content=\"Neue Studie zeigt: #Optimismus bei KMU schwindet\" \/>\n<meta name=\"twitter:description\" content=\"Laut einer neuen Studie zum Schweizer #Mittelstand ist der Optimismus bei #KMU zwar noch vorhanden, doch die Aussichten tr\u00fcben sich ein.\" \/>\n<meta name=\"twitter:image\" content=\"https:\/\/www.organisator.ch\/wp-content\/uploads\/2023\/09\/Neue-Studie-zeigt-Optimismus-bei-KMU-schwindet_Organisator.jpg\" \/>\n<script type=\"application\/ld+json\" class=\"yoast-schema-graph\">{\"@context\":\"https:\\\/\\\/schema.org\",\"@graph\":[{\"@type\":\"Article\",\"@id\":\"https:\\\/\\\/www.organisator.ch\\\/management\\\/2023-09-15\\\/neue-studie-zeigt-optimismus-bei-kmu-schwindet\\\/#article\",\"isPartOf\":{\"@id\":\"https:\\\/\\\/www.organisator.ch\\\/management\\\/2023-09-15\\\/neue-studie-zeigt-optimismus-bei-kmu-schwindet\\\/\"},\"author\":{\"name\":\"thomas.berner\",\"@id\":\"https:\\\/\\\/www.organisator.ch\\\/#\\\/schema\\\/person\\\/6f650f90b2842cd4c0cc334b4e36f67e\"},\"headline\":\"Neue Studie zeigt: Optimismus bei KMU schwindet\",\"datePublished\":\"2023-09-15T11:38:53+00:00\",\"mainEntityOfPage\":{\"@id\":\"https:\\\/\\\/www.organisator.ch\\\/management\\\/2023-09-15\\\/neue-studie-zeigt-optimismus-bei-kmu-schwindet\\\/\"},\"wordCount\":631,\"publisher\":{\"@id\":\"https:\\\/\\\/www.organisator.ch\\\/#organization\"},\"image\":{\"@id\":\"https:\\\/\\\/www.organisator.ch\\\/management\\\/2023-09-15\\\/neue-studie-zeigt-optimismus-bei-kmu-schwindet\\\/#primaryimage\"},\"thumbnailUrl\":\"https:\\\/\\\/www.organisator.ch\\\/wp-content\\\/uploads\\\/2023\\\/09\\\/Neue-Studie-zeigt-Optimismus-bei-KMU-schwindet_Organisator.jpg\",\"keywords\":[\"Konjunkturaussichten\",\"Schweizer KMU\",\"Studie\",\"Unternehmen\"],\"articleSection\":[\"MANAGEMENT\"],\"inLanguage\":\"it-IT\"},{\"@type\":\"WebPage\",\"@id\":\"https:\\\/\\\/www.organisator.ch\\\/management\\\/2023-09-15\\\/neue-studie-zeigt-optimismus-bei-kmu-schwindet\\\/\",\"url\":\"https:\\\/\\\/www.organisator.ch\\\/management\\\/2023-09-15\\\/neue-studie-zeigt-optimismus-bei-kmu-schwindet\\\/\",\"name\":\"Neue Studie zeigt: Optimismus bei KMU schwindet - Organisator\",\"isPartOf\":{\"@id\":\"https:\\\/\\\/www.organisator.ch\\\/#website\"},\"primaryImageOfPage\":{\"@id\":\"https:\\\/\\\/www.organisator.ch\\\/management\\\/2023-09-15\\\/neue-studie-zeigt-optimismus-bei-kmu-schwindet\\\/#primaryimage\"},\"image\":{\"@id\":\"https:\\\/\\\/www.organisator.ch\\\/management\\\/2023-09-15\\\/neue-studie-zeigt-optimismus-bei-kmu-schwindet\\\/#primaryimage\"},\"thumbnailUrl\":\"https:\\\/\\\/www.organisator.ch\\\/wp-content\\\/uploads\\\/2023\\\/09\\\/Neue-Studie-zeigt-Optimismus-bei-KMU-schwindet_Organisator.jpg\",\"datePublished\":\"2023-09-15T11:38:53+00:00\",\"description\":\"Laut einer neuen Studie zum Schweizer Mittelstand ist der Optimismus bei KMU zwar noch vorhanden, doch die Aussichten tr\u00fcben sich ein.\",\"breadcrumb\":{\"@id\":\"https:\\\/\\\/www.organisator.ch\\\/management\\\/2023-09-15\\\/neue-studie-zeigt-optimismus-bei-kmu-schwindet\\\/#breadcrumb\"},\"inLanguage\":\"it-IT\",\"potentialAction\":[{\"@type\":\"ReadAction\",\"target\":[\"https:\\\/\\\/www.organisator.ch\\\/management\\\/2023-09-15\\\/neue-studie-zeigt-optimismus-bei-kmu-schwindet\\\/\"]}]},{\"@type\":\"ImageObject\",\"inLanguage\":\"it-IT\",\"@id\":\"https:\\\/\\\/www.organisator.ch\\\/management\\\/2023-09-15\\\/neue-studie-zeigt-optimismus-bei-kmu-schwindet\\\/#primaryimage\",\"url\":\"https:\\\/\\\/www.organisator.ch\\\/wp-content\\\/uploads\\\/2023\\\/09\\\/Neue-Studie-zeigt-Optimismus-bei-KMU-schwindet_Organisator.jpg\",\"contentUrl\":\"https:\\\/\\\/www.organisator.ch\\\/wp-content\\\/uploads\\\/2023\\\/09\\\/Neue-Studie-zeigt-Optimismus-bei-KMU-schwindet_Organisator.jpg\"},{\"@type\":\"BreadcrumbList\",\"@id\":\"https:\\\/\\\/www.organisator.ch\\\/management\\\/2023-09-15\\\/neue-studie-zeigt-optimismus-bei-kmu-schwindet\\\/#breadcrumb\",\"itemListElement\":[{\"@type\":\"ListItem\",\"position\":1,\"name\":\"Home\",\"item\":\"https:\\\/\\\/www.organisator.ch\\\/\"},{\"@type\":\"ListItem\",\"position\":2,\"name\":\"Neue Studie zeigt: Optimismus bei KMU schwindet\"}]},{\"@type\":\"WebSite\",\"@id\":\"https:\\\/\\\/www.organisator.ch\\\/#website\",\"url\":\"https:\\\/\\\/www.organisator.ch\\\/\",\"name\":\"Organisator\",\"description\":\"Kompetent. Praxisnah. Der ORGANISATOR bereitet in 10 Ausgaben pro Jahr die wesentlichen Themen f\u00fcr F\u00fchrungskr\u00e4fte von KMU auf.\",\"publisher\":{\"@id\":\"https:\\\/\\\/www.organisator.ch\\\/#organization\"},\"potentialAction\":[{\"@type\":\"SearchAction\",\"target\":{\"@type\":\"EntryPoint\",\"urlTemplate\":\"https:\\\/\\\/www.organisator.ch\\\/?s={search_term_string}\"},\"query-input\":{\"@type\":\"PropertyValueSpecification\",\"valueRequired\":true,\"valueName\":\"search_term_string\"}}],\"inLanguage\":\"it-IT\"},{\"@type\":\"Organization\",\"@id\":\"https:\\\/\\\/www.organisator.ch\\\/#organization\",\"name\":\"Organisator\",\"url\":\"https:\\\/\\\/www.organisator.ch\\\/\",\"logo\":{\"@type\":\"ImageObject\",\"inLanguage\":\"it-IT\",\"@id\":\"https:\\\/\\\/www.organisator.ch\\\/#\\\/schema\\\/logo\\\/image\\\/\",\"url\":\"https:\\\/\\\/www.organisator.ch\\\/wp-content\\\/uploads\\\/2022\\\/01\\\/Logo_Organisator_Website.png\",\"contentUrl\":\"https:\\\/\\\/www.organisator.ch\\\/wp-content\\\/uploads\\\/2022\\\/01\\\/Logo_Organisator_Website.png\",\"width\":800,\"height\":77,\"caption\":\"Organisator\"},\"image\":{\"@id\":\"https:\\\/\\\/www.organisator.ch\\\/#\\\/schema\\\/logo\\\/image\\\/\"},\"sameAs\":[\"https:\\\/\\\/www.facebook.com\\\/OrganisatorFachmagazin\",\"https:\\\/\\\/www.linkedin.com\\\/showcase\\\/organisator-das-magazin-fr-kmu\",\"https:\\\/\\\/www.xing.com\\\/news\\\/pages\\\/organisator-ch-695\",\"https:\\\/\\\/www.youtube.com\\\/channel\\\/UCGP2Sq0iWaZwT3BdIAQFYpw\"]},{\"@type\":\"Person\",\"@id\":\"https:\\\/\\\/www.organisator.ch\\\/#\\\/schema\\\/person\\\/6f650f90b2842cd4c0cc334b4e36f67e\",\"name\":\"thomas.berner\",\"image\":{\"@type\":\"ImageObject\",\"inLanguage\":\"it-IT\",\"@id\":\"https:\\\/\\\/secure.gravatar.com\\\/avatar\\\/ac5001d2a36cb6c6cd3e50789007ffca834b477b74a2144564522e944eabff61?s=96&d=mm&r=g\",\"url\":\"https:\\\/\\\/secure.gravatar.com\\\/avatar\\\/ac5001d2a36cb6c6cd3e50789007ffca834b477b74a2144564522e944eabff61?s=96&d=mm&r=g\",\"contentUrl\":\"https:\\\/\\\/secure.gravatar.com\\\/avatar\\\/ac5001d2a36cb6c6cd3e50789007ffca834b477b74a2144564522e944eabff61?s=96&d=mm&r=g\",\"caption\":\"thomas.berner\"},\"url\":\"https:\\\/\\\/www.organisator.ch\\\/it\\\/author\\\/thomas-berner\\\/\"}]}<\/script>\n<!-- \/ Yoast SEO plugin. -->","yoast_head_json":{"title":"Un nuovo studio dimostra che l'ottimismo delle PMI sta diminuendo - Organizzatore","description":"Secondo un nuovo studio sulle PMI svizzere, l'ottimismo \u00e8 ancora presente tra le PMI, ma le prospettive si stanno affievolendo.","robots":{"index":"index","follow":"follow","max-snippet":"max-snippet:-1","max-image-preview":"max-image-preview:large","max-video-preview":"max-video-preview:-1"},"canonical":"https:\/\/www.organisator.ch\/it\/gestione-2\/2023-09-15\/neue-studie-zeigt-optimismus-bei-kmu-schwindet\/","og_locale":"it_IT","og_type":"article","og_title":"Neue Studie zeigt: Optimismus bei KMU schwindet","og_description":"Laut einer neuen Studie zum Schweizer Mittelstand ist der Optimismus bei KMU zwar noch vorhanden, doch die Aussichten tr\u00fcben sich ein.","og_url":"https:\/\/www.organisator.ch\/it\/gestione-2\/2023-09-15\/neue-studie-zeigt-optimismus-bei-kmu-schwindet\/","og_site_name":"Organisator","article_publisher":"https:\/\/www.facebook.com\/OrganisatorFachmagazin","article_published_time":"2023-09-15T11:38:53+00:00","og_image":[{"width":680,"height":383,"url":"https:\/\/www.organisator.ch\/wp-content\/uploads\/2023\/09\/Neue-Studie-zeigt-Optimismus-bei-KMU-schwindet_Organisator.jpg","type":"image\/jpeg"}],"author":"thomas.berner","twitter_card":"summary_large_image","twitter_title":"Neue Studie zeigt: #Optimismus bei KMU schwindet","twitter_description":"Laut einer neuen Studie zum Schweizer #Mittelstand ist der Optimismus bei #KMU zwar noch vorhanden, doch die Aussichten tr\u00fcben sich ein.","twitter_image":"https:\/\/www.organisator.ch\/wp-content\/uploads\/2023\/09\/Neue-Studie-zeigt-Optimismus-bei-KMU-schwindet_Organisator.jpg","schema":{"@context":"https:\/\/schema.org","@graph":[{"@type":"Article","@id":"https:\/\/www.organisator.ch\/management\/2023-09-15\/neue-studie-zeigt-optimismus-bei-kmu-schwindet\/#article","isPartOf":{"@id":"https:\/\/www.organisator.ch\/management\/2023-09-15\/neue-studie-zeigt-optimismus-bei-kmu-schwindet\/"},"author":{"name":"thomas.berner","@id":"https:\/\/www.organisator.ch\/#\/schema\/person\/6f650f90b2842cd4c0cc334b4e36f67e"},"headline":"Neue Studie zeigt: Optimismus bei KMU schwindet","datePublished":"2023-09-15T11:38:53+00:00","mainEntityOfPage":{"@id":"https:\/\/www.organisator.ch\/management\/2023-09-15\/neue-studie-zeigt-optimismus-bei-kmu-schwindet\/"},"wordCount":631,"publisher":{"@id":"https:\/\/www.organisator.ch\/#organization"},"image":{"@id":"https:\/\/www.organisator.ch\/management\/2023-09-15\/neue-studie-zeigt-optimismus-bei-kmu-schwindet\/#primaryimage"},"thumbnailUrl":"https:\/\/www.organisator.ch\/wp-content\/uploads\/2023\/09\/Neue-Studie-zeigt-Optimismus-bei-KMU-schwindet_Organisator.jpg","keywords":["Konjunkturaussichten","Schweizer KMU","Studie","Unternehmen"],"articleSection":["MANAGEMENT"],"inLanguage":"it-IT"},{"@type":"WebPage","@id":"https:\/\/www.organisator.ch\/management\/2023-09-15\/neue-studie-zeigt-optimismus-bei-kmu-schwindet\/","url":"https:\/\/www.organisator.ch\/management\/2023-09-15\/neue-studie-zeigt-optimismus-bei-kmu-schwindet\/","name":"Un nuovo studio dimostra che l'ottimismo delle PMI sta diminuendo - Organizzatore","isPartOf":{"@id":"https:\/\/www.organisator.ch\/#website"},"primaryImageOfPage":{"@id":"https:\/\/www.organisator.ch\/management\/2023-09-15\/neue-studie-zeigt-optimismus-bei-kmu-schwindet\/#primaryimage"},"image":{"@id":"https:\/\/www.organisator.ch\/management\/2023-09-15\/neue-studie-zeigt-optimismus-bei-kmu-schwindet\/#primaryimage"},"thumbnailUrl":"https:\/\/www.organisator.ch\/wp-content\/uploads\/2023\/09\/Neue-Studie-zeigt-Optimismus-bei-KMU-schwindet_Organisator.jpg","datePublished":"2023-09-15T11:38:53+00:00","description":"Secondo un nuovo studio sulle PMI svizzere, l'ottimismo \u00e8 ancora presente tra le PMI, ma le prospettive si stanno affievolendo.","breadcrumb":{"@id":"https:\/\/www.organisator.ch\/management\/2023-09-15\/neue-studie-zeigt-optimismus-bei-kmu-schwindet\/#breadcrumb"},"inLanguage":"it-IT","potentialAction":[{"@type":"ReadAction","target":["https:\/\/www.organisator.ch\/management\/2023-09-15\/neue-studie-zeigt-optimismus-bei-kmu-schwindet\/"]}]},{"@type":"ImageObject","inLanguage":"it-IT","@id":"https:\/\/www.organisator.ch\/management\/2023-09-15\/neue-studie-zeigt-optimismus-bei-kmu-schwindet\/#primaryimage","url":"https:\/\/www.organisator.ch\/wp-content\/uploads\/2023\/09\/Neue-Studie-zeigt-Optimismus-bei-KMU-schwindet_Organisator.jpg","contentUrl":"https:\/\/www.organisator.ch\/wp-content\/uploads\/2023\/09\/Neue-Studie-zeigt-Optimismus-bei-KMU-schwindet_Organisator.jpg"},{"@type":"BreadcrumbList","@id":"https:\/\/www.organisator.ch\/management\/2023-09-15\/neue-studie-zeigt-optimismus-bei-kmu-schwindet\/#breadcrumb","itemListElement":[{"@type":"ListItem","position":1,"name":"Home","item":"https:\/\/www.organisator.ch\/"},{"@type":"ListItem","position":2,"name":"Neue Studie zeigt: Optimismus bei KMU schwindet"}]},{"@type":"WebSite","@id":"https:\/\/www.organisator.ch\/#website","url":"https:\/\/www.organisator.ch\/","name":"Organizzatore","description":"Competente. Pratico. In 10 numeri all'anno, ORGANISATOR presenta i temi essenziali per i manager delle PMI.","publisher":{"@id":"https:\/\/www.organisator.ch\/#organization"},"potentialAction":[{"@type":"SearchAction","target":{"@type":"EntryPoint","urlTemplate":"https:\/\/www.organisator.ch\/?s={search_term_string}"},"query-input":{"@type":"PropertyValueSpecification","valueRequired":true,"valueName":"search_term_string"}}],"inLanguage":"it-IT"},{"@type":"Organization","@id":"https:\/\/www.organisator.ch\/#organization","name":"Organizzatore","url":"https:\/\/www.organisator.ch\/","logo":{"@type":"ImageObject","inLanguage":"it-IT","@id":"https:\/\/www.organisator.ch\/#\/schema\/logo\/image\/","url":"https:\/\/www.organisator.ch\/wp-content\/uploads\/2022\/01\/Logo_Organisator_Website.png","contentUrl":"https:\/\/www.organisator.ch\/wp-content\/uploads\/2022\/01\/Logo_Organisator_Website.png","width":800,"height":77,"caption":"Organisator"},"image":{"@id":"https:\/\/www.organisator.ch\/#\/schema\/logo\/image\/"},"sameAs":["https:\/\/www.facebook.com\/OrganisatorFachmagazin","https:\/\/www.linkedin.com\/showcase\/organisator-das-magazin-fr-kmu","https:\/\/www.xing.com\/news\/pages\/organisator-ch-695","https:\/\/www.youtube.com\/channel\/UCGP2Sq0iWaZwT3BdIAQFYpw"]},{"@type":"Person","@id":"https:\/\/www.organisator.ch\/#\/schema\/person\/6f650f90b2842cd4c0cc334b4e36f67e","name":"Tommaso.berner","image":{"@type":"ImageObject","inLanguage":"it-IT","@id":"https:\/\/secure.gravatar.com\/avatar\/ac5001d2a36cb6c6cd3e50789007ffca834b477b74a2144564522e944eabff61?s=96&d=mm&r=g","url":"https:\/\/secure.gravatar.com\/avatar\/ac5001d2a36cb6c6cd3e50789007ffca834b477b74a2144564522e944eabff61?s=96&d=mm&r=g","contentUrl":"https:\/\/secure.gravatar.com\/avatar\/ac5001d2a36cb6c6cd3e50789007ffca834b477b74a2144564522e944eabff61?s=96&d=mm&r=g","caption":"thomas.berner"},"url":"https:\/\/www.organisator.ch\/it\/author\/thomas-berner\/"}]}},"_links":{"self":[{"href":"https:\/\/www.organisator.ch\/it\/wp-json\/wp\/v2\/posts\/21743","targetHints":{"allow":["GET"]}}],"collection":[{"href":"https:\/\/www.organisator.ch\/it\/wp-json\/wp\/v2\/posts"}],"about":[{"href":"https:\/\/www.organisator.ch\/it\/wp-json\/wp\/v2\/types\/post"}],"author":[{"embeddable":true,"href":"https:\/\/www.organisator.ch\/it\/wp-json\/wp\/v2\/users\/4"}],"replies":[{"embeddable":true,"href":"https:\/\/www.organisator.ch\/it\/wp-json\/wp\/v2\/comments?post=21743"}],"version-history":[{"count":1,"href":"https:\/\/www.organisator.ch\/it\/wp-json\/wp\/v2\/posts\/21743\/revisions"}],"predecessor-version":[{"id":21745,"href":"https:\/\/www.organisator.ch\/it\/wp-json\/wp\/v2\/posts\/21743\/revisions\/21745"}],"wp:attachment":[{"href":"https:\/\/www.organisator.ch\/it\/wp-json\/wp\/v2\/media?parent=21743"}],"wp:term":[{"taxonomy":"category","embeddable":true,"href":"https:\/\/www.organisator.ch\/it\/wp-json\/wp\/v2\/categories?post=21743"},{"taxonomy":"post_tag","embeddable":true,"href":"https:\/\/www.organisator.ch\/it\/wp-json\/wp\/v2\/tags?post=21743"}],"curies":[{"name":"wp","href":"https:\/\/api.w.org\/{rel}","templated":true}]}}