{"id":21803,"date":"2023-09-20T11:01:03","date_gmt":"2023-09-20T09:01:03","guid":{"rendered":"https:\/\/www.organisator.ch\/?p=21803"},"modified":"2023-09-29T08:42:09","modified_gmt":"2023-09-29T06:42:09","slug":"cybersicherheit-nur-etwas-fuer-digitale-pioniere","status":"publish","type":"post","link":"https:\/\/www.organisator.ch\/it\/operational-excellence\/2023-09-20\/cybersicherheit-nur-etwas-fuer-digitale-pioniere\/","title":{"rendered":"Cybersecurity: solo per i \"pionieri digitali\"?"},"content":{"rendered":"<figure id=\"attachment_21809\" aria-describedby=\"caption-attachment-21809\" style=\"width: 680px\" class=\"wp-caption alignnone\"><img loading=\"lazy\" decoding=\"async\" class=\"size-full wp-image-21809\" src=\"https:\/\/www.organisator.ch\/wp-content\/uploads\/2023\/09\/Cybersicherheit-Nur-etwas-fuer-digitale-Pioniere_Organisator.jpg\" alt=\"\" width=\"680\" height=\"533\" srcset=\"https:\/\/www.organisator.ch\/wp-content\/uploads\/2023\/09\/Cybersicherheit-Nur-etwas-fuer-digitale-Pioniere_Organisator.jpg 680w, https:\/\/www.organisator.ch\/wp-content\/uploads\/2023\/09\/Cybersicherheit-Nur-etwas-fuer-digitale-Pioniere_Organisator-15x12.jpg 15w, https:\/\/www.organisator.ch\/wp-content\/uploads\/2023\/09\/Cybersicherheit-Nur-etwas-fuer-digitale-Pioniere_Organisator-375x294.jpg 375w, https:\/\/www.organisator.ch\/wp-content\/uploads\/2023\/09\/Cybersicherheit-Nur-etwas-fuer-digitale-Pioniere_Organisator-447x350.jpg 447w\" sizes=\"auto, (max-width: 680px) 100vw, 680px\" \/><figcaption id=\"caption-attachment-21809\" class=\"wp-caption-text\">Una nuova indagine mostra che, nonostante le crescenti minacce, la cybersicurezza \u00e8 una priorit\u00e0 bassa nelle PMI svizzere. (Immagine: Unsplash.com)<\/figcaption><\/figure>\n<p>8 PMI su 10 affidano le proprie infrastrutture digitali a fornitori esterni di servizi IT e si rivolgono a loro anche per ottenere consulenza in materia di sicurezza informatica. Tuttavia, i progressi nell'implementazione di misure di protezione contro la criminalit\u00e0 informatica sono stati scarsi.<\/p>\n<h3><strong>\"<\/strong><strong>I \"pionieri digitali\" stanno facendo di pi\u00f9 per la sicurezza informatica, ma sono sempre di meno<\/strong><\/h3>\n<p>Il livello generale di informazione degli intervistati sui rischi informatici \u00e8 leggermente migliorato rispetto alla prima indagine del 2020. Poco pi\u00f9 della met\u00e0 (56 %) si sente ora abbastanza o molto ben informata (2020: 47 %). I risultati dello studio indicano che le PMI con manager ben informati sono molto pi\u00f9 propense ad attuare misure per migliorare la sicurezza informatica rispetto agli intervistati che si considerano poco informati.<\/p>\n<p>Gli intervistati che si considerano \"pionieri digitali\" sono anche costantemente pi\u00f9 informati, implementano un maggior numero di misure e attribuiscono maggiore importanza al tema del cyber-rischio (vedi grafico 1). A questo proposito, \u00e8 interessante notare che le PMI intervistate che si considerano pionieri digitali nel 2023 sono molto meno numerose (12%) rispetto a un anno fa (2022: 21%).<\/p>\n<figure id=\"attachment_21807\" aria-describedby=\"caption-attachment-21807\" style=\"width: 680px\" class=\"wp-caption alignnone\"><img loading=\"lazy\" decoding=\"async\" class=\"size-full wp-image-21807\" src=\"https:\/\/www.organisator.ch\/wp-content\/uploads\/2023\/09\/Cybersicherheit-Nur-etwas-fuer-digitale-Pioniere-1_Organisator.png\" alt=\"\" width=\"680\" height=\"626\" srcset=\"https:\/\/www.organisator.ch\/wp-content\/uploads\/2023\/09\/Cybersicherheit-Nur-etwas-fuer-digitale-Pioniere-1_Organisator.png 680w, https:\/\/www.organisator.ch\/wp-content\/uploads\/2023\/09\/Cybersicherheit-Nur-etwas-fuer-digitale-Pioniere-1_Organisator-13x12.png 13w, https:\/\/www.organisator.ch\/wp-content\/uploads\/2023\/09\/Cybersicherheit-Nur-etwas-fuer-digitale-Pioniere-1_Organisator-326x300.png 326w, https:\/\/www.organisator.ch\/wp-content\/uploads\/2023\/09\/Cybersicherheit-Nur-etwas-fuer-digitale-Pioniere-1_Organisator-380x350.png 380w\" sizes=\"auto, (max-width: 680px) 100vw, 680px\" \/><figcaption id=\"caption-attachment-21807\" class=\"wp-caption-text\">Grafico 1 (Fonte: gfs-z\u00fcrich)<\/figcaption><\/figure>\n<ul>\n<li>Una PMI su dieci (11 %) \u00e8 gi\u00e0 stata attaccata con successo dai criminali informatici in modo tale da richiedere un notevole sforzo per riparare il danno. Pi\u00f9 della met\u00e0 (55 %) degli intervistati che avevano gi\u00e0 subito un attacco ha lamentato danni finanziari. Circa un ottavo (13 %) ha dichiarato di aver subito la perdita dei dati dei clienti o danni alla reputazione.<\/li>\n<li>Secondo gli intervistati, la criminalit\u00e0 informatica \u00e8 un problema serio (valore medio di 4,7 sulla scala a 5 punti). Riconoscono anche l'importanza delle misure contro i cyberattacchi (4,5). Quanto pi\u00f9 le PMI sono aperte nei confronti della tecnologia, tanto pi\u00f9 sono valutati sia i pericoli che la necessit\u00e0 di misure.<\/li>\n<li>Il grado di attuazione delle varie misure esaminate \u00e8 pari a 3,9 e 4,5 (su una scala di 5), praticamente invariato rispetto agli ultimi due anni. I pionieri digitali hanno implementato pi\u00f9 misure dei primi seguaci e questi ultimi pi\u00f9 dei ritardatari.<\/li>\n<li>Come gi\u00e0 osservato negli anni precedenti, le misure organizzative vengono ancora attuate in misura significativamente inferiore rispetto alle misure tecniche. Le due misure organizzative meno attuate sono la formazione regolare dei dipendenti (2,9 su una scala di 5) e l'attuazione di un audit di sicurezza (2,8).<\/li>\n<li>Circa la met\u00e0 (52 %) degli intervistati ritiene piuttosto o molto probabile che aumenteranno le misure di sicurezza contro la criminalit\u00e0 informatica nei prossimi uno-tre anni. I pi\u00f9 informati sul tema della sicurezza informatica prevedono un maggior numero di misure contro la criminalit\u00e0 informatica (3,6 sulla scala a 5 punti) rispetto ai meno informati (3,0).<\/li>\n<\/ul>\n<figure id=\"attachment_21808\" aria-describedby=\"caption-attachment-21808\" style=\"width: 680px\" class=\"wp-caption alignnone\"><img loading=\"lazy\" decoding=\"async\" class=\"size-full wp-image-21808\" src=\"https:\/\/www.organisator.ch\/wp-content\/uploads\/2023\/09\/Cybersicherheit-Nur-etwas-fuer-digitale-Pioniere-2_Organisator.png\" alt=\"\" width=\"680\" height=\"296\" srcset=\"https:\/\/www.organisator.ch\/wp-content\/uploads\/2023\/09\/Cybersicherheit-Nur-etwas-fuer-digitale-Pioniere-2_Organisator.png 680w, https:\/\/www.organisator.ch\/wp-content\/uploads\/2023\/09\/Cybersicherheit-Nur-etwas-fuer-digitale-Pioniere-2_Organisator-18x8.png 18w, https:\/\/www.organisator.ch\/wp-content\/uploads\/2023\/09\/Cybersicherheit-Nur-etwas-fuer-digitale-Pioniere-2_Organisator-375x163.png 375w\" sizes=\"auto, (max-width: 680px) 100vw, 680px\" \/><figcaption id=\"caption-attachment-21808\" class=\"wp-caption-text\">Grafico 2 (Fonte: gfs-z\u00fcrich)<\/figcaption><\/figure>\n<p>La collaborazione con partner terzi nei settori dell'IT e della sicurezza informatica \u00e8 una cosa ovvia per molte PMI. Il 79% delle aziende intervistate si fida di almeno un fornitore esterno di servizi IT ed \u00e8 complessivamente molto soddisfatto (91%). Tuttavia, solo la met\u00e0 degli intervistati pu\u00f2 confermare che i propri fornitori di servizi IT dispongono di una certificazione di sicurezza riconosciuta (cfr. grafico 2).<\/p>\n<h3><strong>L'ufficio di casa<\/strong><\/h3>\n<p>Il numero di luoghi di lavoro che i CEO delle PMI descrivono come \"home-office-ready\" \u00e8 diminuito per il quarto anno consecutivo. Anche l'uso di canali di comunicazione digitale come Skype, Teams o WhatsApp \u00e8 diminuito nel 2023 rispetto al 2022.<\/p>\n<ul>\n<li>Dal 2020, il numero di posti di lavoro pronti per l'ufficio da casa \u00e8 diminuito di anno in anno. Il numero di PMI in cui alcuni o tutti i dipendenti possono lavorare da casa \u00e8 diminuito da 67 % (nel 2020) a 56 % (nel 2023).<\/li>\n<li>Nelle aziende in cui esiste l'home office, il 42 % dei dipendenti lavora parzialmente o prevalentemente a casa. Ginevra e Zurigo si distinguono, come negli studi precedenti, per essere particolarmente favorevoli all'home office.<\/li>\n<li>Nel 2023, dopo la fine di tutte le misure pandemiche, quasi tre quarti degli intervistati 73 % prevedono che la quota di home office rimarr\u00e0 invariata nel lungo periodo. Sembra che l'uso dell'home office sia ormai consolidato nella maggior parte delle PMI.<\/li>\n<\/ul>\n<p>I risultati dello studio sulla digitalizzazione e la sicurezza informatica nelle PMI sono chiari: pi\u00f9 le aziende si identificano come \"pionieri\" digitali, pi\u00f9 spesso implementano misure tecniche e organizzative per rafforzare la sicurezza informatica nella loro azienda. Tuttavia, mentre negli anni precedenti circa un quinto delle PMI intervistate si considerava sempre un \"pioniere\" digitale, nel 2023 questa cifra sar\u00e0 solo di circa un decimo.<\/p>\n<p><em>Fonti\/partner di ricerca: <a href=\"https:\/\/www.mobiliar.ch\/\">La Mobiliare,<\/a>\u00a0<a href=\"https:\/\/digitalswitzerland.com\/de\/\">digitalswitzerland<\/a>,\u00a0<a href=\"https:\/\/www.fhnw.ch\/de\/die-fhnw\/hochschulen\/hsw\">Scuola di economia FHNW<\/a>,\u00a0<a href=\"https:\/\/www.satw.ch\/de\/\">Accademia svizzera delle scienze ingegneristiche SATW<\/a>,\u00a0<a href=\"https:\/\/www.digitalsecurityswitzerland.ch\/de\/\">Alleanza per la Sicurezza Digitale Svizzera ADSS<\/a>\u00a0e\u00a0<a href=\"https:\/\/gfs-zh.ch\/\">gfs-z\u00fcrich<\/a>. <\/em><\/p>","protected":false},"excerpt":{"rendered":"<p>Per la quarta volta \u00e8 stato condotto uno studio rappresentativo sull'impatto della crisi Corona sulla digitalizzazione e sulla sicurezza informatica delle PMI svizzere. I partner della ricerca sono stati Die Mobiliar, digitalswitzerland, Hochschule f\u00fcr Wirtschaft FHNW, Schweizerische Akademie der Technischen Wissenschaften SATW, Allianz Digitale Sicherheit Schweiz ADSS e gfs-z\u00fcrich. Per lo studio sono stati intervistati telefonicamente, dal 18 aprile al 13 giugno 2023, 502 amministratori delegati di PMI con 4-49 dipendenti nella Svizzera tedesca, francese e italiana.<\/p>","protected":false},"author":58,"featured_media":21809,"comment_status":"closed","ping_status":"closed","sticky":false,"template":"","format":"standard","meta":{"_acf_changed":false,"_yoast_wpseo_focuskw":"Cybersicherheit","_yoast_wpseo_metadesc":"\u00abDigitale Pioniere\u00bb unternehmen mehr f\u00fcr die Cybersicherheit \u2013 es gibt aber immer weniger von ihnen. Dies zeigt eine neue Studie.","articlekey":"","footnotes":""},"categories":[582],"tags":[156,260,286,459,487],"class_list":["post-21803","post","type-post","status-publish","format-standard","has-post-thumbnail","hentry","category-operational-excellence","tag-digitalisierung","tag-ict-sicherheit","tag-it","tag-studie","tag-umfrage"],"acf":[],"yoast_head":"<!-- This site is optimized with the Yoast SEO plugin v27.5 - https:\/\/yoast.com\/product\/yoast-seo-wordpress\/ -->\n<title>Cybersicherheit: Nur etwas f\u00fcr &quot;digitale Pioniere&quot;? - Organisator<\/title>\n<meta name=\"description\" content=\"\u00abDigitale Pioniere\u00bb unternehmen mehr f\u00fcr die Cybersicherheit \u2013 es gibt aber immer weniger von ihnen. Dies zeigt eine neue Studie.\" \/>\n<meta name=\"robots\" content=\"index, follow, max-snippet:-1, max-image-preview:large, max-video-preview:-1\" \/>\n<link rel=\"canonical\" href=\"https:\/\/www.organisator.ch\/it\/eccellenza-operativa\/2023-09-20\/cybersicherheit-nur-etwas-fuer-digitale-pioniere\/\" \/>\n<meta property=\"og:locale\" content=\"it_IT\" \/>\n<meta property=\"og:type\" content=\"article\" \/>\n<meta property=\"og:title\" content=\"Cybersicherheit: Nur etwas f\u00fcr &quot;digitale Pioniere&quot;?\" \/>\n<meta property=\"og:description\" content=\"\u00abDigitale Pioniere\u00bb unternehmen mehr f\u00fcr die Cybersicherheit \u2013 es gibt aber immer weniger von ihnen. Dies zeigt eine neue Studie.\" \/>\n<meta property=\"og:url\" content=\"https:\/\/www.organisator.ch\/it\/eccellenza-operativa\/2023-09-20\/cybersicherheit-nur-etwas-fuer-digitale-pioniere\/\" \/>\n<meta property=\"og:site_name\" content=\"Organisator\" \/>\n<meta property=\"article:publisher\" content=\"https:\/\/www.facebook.com\/OrganisatorFachmagazin\" \/>\n<meta property=\"article:published_time\" content=\"2023-09-20T09:01:03+00:00\" \/>\n<meta property=\"article:modified_time\" content=\"2023-09-29T06:42:09+00:00\" \/>\n<meta property=\"og:image\" content=\"https:\/\/www.organisator.ch\/wp-content\/uploads\/2023\/09\/Cybersicherheit-Nur-etwas-fuer-digitale-Pioniere_Organisator.jpg\" \/>\n\t<meta property=\"og:image:width\" content=\"680\" \/>\n\t<meta property=\"og:image:height\" content=\"533\" \/>\n\t<meta property=\"og:image:type\" content=\"image\/jpeg\" \/>\n<meta name=\"author\" content=\"Adelisa Kalajdzini\" \/>\n<meta name=\"twitter:card\" content=\"summary_large_image\" \/>\n<meta name=\"twitter:title\" content=\"#Cybersicherheit: Nur etwas f\u00fcr &quot;digitale Pioniere&quot;?\" \/>\n<meta name=\"twitter:description\" content=\"\u00abDigitale Pioniere\u00bb unternehmen mehr f\u00fcr die #Cybersicherheit \u2013 es gibt aber immer weniger von ihnen. Dies zeigt eine neue #Studie.\" \/>\n<meta name=\"twitter:image\" content=\"https:\/\/www.organisator.ch\/wp-content\/uploads\/2023\/09\/Cybersicherheit-Nur-etwas-fuer-digitale-Pioniere_Organisator.jpg\" \/>\n<script type=\"application\/ld+json\" class=\"yoast-schema-graph\">{\"@context\":\"https:\\\/\\\/schema.org\",\"@graph\":[{\"@type\":\"Article\",\"@id\":\"https:\\\/\\\/www.organisator.ch\\\/operational-excellence\\\/2023-09-20\\\/cybersicherheit-nur-etwas-fuer-digitale-pioniere\\\/#article\",\"isPartOf\":{\"@id\":\"https:\\\/\\\/www.organisator.ch\\\/operational-excellence\\\/2023-09-20\\\/cybersicherheit-nur-etwas-fuer-digitale-pioniere\\\/\"},\"author\":{\"name\":\"Adelisa Kalajdzini\",\"@id\":\"https:\\\/\\\/www.organisator.ch\\\/#\\\/schema\\\/person\\\/2e1314a2172123f874db408d8911d3f3\"},\"headline\":\"Cybersicherheit: Nur etwas f\u00fcr &#8222;digitale Pioniere&#8220;?\",\"datePublished\":\"2023-09-20T09:01:03+00:00\",\"dateModified\":\"2023-09-29T06:42:09+00:00\",\"mainEntityOfPage\":{\"@id\":\"https:\\\/\\\/www.organisator.ch\\\/operational-excellence\\\/2023-09-20\\\/cybersicherheit-nur-etwas-fuer-digitale-pioniere\\\/\"},\"wordCount\":740,\"publisher\":{\"@id\":\"https:\\\/\\\/www.organisator.ch\\\/#organization\"},\"image\":{\"@id\":\"https:\\\/\\\/www.organisator.ch\\\/operational-excellence\\\/2023-09-20\\\/cybersicherheit-nur-etwas-fuer-digitale-pioniere\\\/#primaryimage\"},\"thumbnailUrl\":\"https:\\\/\\\/www.organisator.ch\\\/wp-content\\\/uploads\\\/2023\\\/09\\\/Cybersicherheit-Nur-etwas-fuer-digitale-Pioniere_Organisator.jpg\",\"keywords\":[\"Digitalisierung\",\"ICT-Sicherheit\",\"IT\",\"Studie\",\"Umfrage\"],\"articleSection\":[\"OPERATIONAL EXCELLENCE\"],\"inLanguage\":\"it-IT\"},{\"@type\":\"WebPage\",\"@id\":\"https:\\\/\\\/www.organisator.ch\\\/operational-excellence\\\/2023-09-20\\\/cybersicherheit-nur-etwas-fuer-digitale-pioniere\\\/\",\"url\":\"https:\\\/\\\/www.organisator.ch\\\/operational-excellence\\\/2023-09-20\\\/cybersicherheit-nur-etwas-fuer-digitale-pioniere\\\/\",\"name\":\"Cybersicherheit: Nur etwas f\u00fcr \\\"digitale Pioniere\\\"? - Organisator\",\"isPartOf\":{\"@id\":\"https:\\\/\\\/www.organisator.ch\\\/#website\"},\"primaryImageOfPage\":{\"@id\":\"https:\\\/\\\/www.organisator.ch\\\/operational-excellence\\\/2023-09-20\\\/cybersicherheit-nur-etwas-fuer-digitale-pioniere\\\/#primaryimage\"},\"image\":{\"@id\":\"https:\\\/\\\/www.organisator.ch\\\/operational-excellence\\\/2023-09-20\\\/cybersicherheit-nur-etwas-fuer-digitale-pioniere\\\/#primaryimage\"},\"thumbnailUrl\":\"https:\\\/\\\/www.organisator.ch\\\/wp-content\\\/uploads\\\/2023\\\/09\\\/Cybersicherheit-Nur-etwas-fuer-digitale-Pioniere_Organisator.jpg\",\"datePublished\":\"2023-09-20T09:01:03+00:00\",\"dateModified\":\"2023-09-29T06:42:09+00:00\",\"description\":\"\u00abDigitale Pioniere\u00bb unternehmen mehr f\u00fcr die Cybersicherheit \u2013 es gibt aber immer weniger von ihnen. Dies zeigt eine neue Studie.\",\"breadcrumb\":{\"@id\":\"https:\\\/\\\/www.organisator.ch\\\/operational-excellence\\\/2023-09-20\\\/cybersicherheit-nur-etwas-fuer-digitale-pioniere\\\/#breadcrumb\"},\"inLanguage\":\"it-IT\",\"potentialAction\":[{\"@type\":\"ReadAction\",\"target\":[\"https:\\\/\\\/www.organisator.ch\\\/operational-excellence\\\/2023-09-20\\\/cybersicherheit-nur-etwas-fuer-digitale-pioniere\\\/\"]}]},{\"@type\":\"ImageObject\",\"inLanguage\":\"it-IT\",\"@id\":\"https:\\\/\\\/www.organisator.ch\\\/operational-excellence\\\/2023-09-20\\\/cybersicherheit-nur-etwas-fuer-digitale-pioniere\\\/#primaryimage\",\"url\":\"https:\\\/\\\/www.organisator.ch\\\/wp-content\\\/uploads\\\/2023\\\/09\\\/Cybersicherheit-Nur-etwas-fuer-digitale-Pioniere_Organisator.jpg\",\"contentUrl\":\"https:\\\/\\\/www.organisator.ch\\\/wp-content\\\/uploads\\\/2023\\\/09\\\/Cybersicherheit-Nur-etwas-fuer-digitale-Pioniere_Organisator.jpg\",\"width\":680,\"height\":533,\"caption\":\"Eine neue Umfrage zeigt, dass trotz wachsender Bedrohungslage die Cybersicherheit in Schweizer KMU eine geringe Priorit\u00e4t hat. (Bild: Unsplash.com)\"},{\"@type\":\"BreadcrumbList\",\"@id\":\"https:\\\/\\\/www.organisator.ch\\\/operational-excellence\\\/2023-09-20\\\/cybersicherheit-nur-etwas-fuer-digitale-pioniere\\\/#breadcrumb\",\"itemListElement\":[{\"@type\":\"ListItem\",\"position\":1,\"name\":\"Home\",\"item\":\"https:\\\/\\\/www.organisator.ch\\\/\"},{\"@type\":\"ListItem\",\"position\":2,\"name\":\"Cybersicherheit: Nur etwas f\u00fcr &#8222;digitale Pioniere&#8220;?\"}]},{\"@type\":\"WebSite\",\"@id\":\"https:\\\/\\\/www.organisator.ch\\\/#website\",\"url\":\"https:\\\/\\\/www.organisator.ch\\\/\",\"name\":\"Organisator\",\"description\":\"Kompetent. Praxisnah. Der ORGANISATOR bereitet in 10 Ausgaben pro Jahr die wesentlichen Themen f\u00fcr F\u00fchrungskr\u00e4fte von KMU auf.\",\"publisher\":{\"@id\":\"https:\\\/\\\/www.organisator.ch\\\/#organization\"},\"potentialAction\":[{\"@type\":\"SearchAction\",\"target\":{\"@type\":\"EntryPoint\",\"urlTemplate\":\"https:\\\/\\\/www.organisator.ch\\\/?s={search_term_string}\"},\"query-input\":{\"@type\":\"PropertyValueSpecification\",\"valueRequired\":true,\"valueName\":\"search_term_string\"}}],\"inLanguage\":\"it-IT\"},{\"@type\":\"Organization\",\"@id\":\"https:\\\/\\\/www.organisator.ch\\\/#organization\",\"name\":\"Organisator\",\"url\":\"https:\\\/\\\/www.organisator.ch\\\/\",\"logo\":{\"@type\":\"ImageObject\",\"inLanguage\":\"it-IT\",\"@id\":\"https:\\\/\\\/www.organisator.ch\\\/#\\\/schema\\\/logo\\\/image\\\/\",\"url\":\"https:\\\/\\\/www.organisator.ch\\\/wp-content\\\/uploads\\\/2022\\\/01\\\/Logo_Organisator_Website.png\",\"contentUrl\":\"https:\\\/\\\/www.organisator.ch\\\/wp-content\\\/uploads\\\/2022\\\/01\\\/Logo_Organisator_Website.png\",\"width\":800,\"height\":77,\"caption\":\"Organisator\"},\"image\":{\"@id\":\"https:\\\/\\\/www.organisator.ch\\\/#\\\/schema\\\/logo\\\/image\\\/\"},\"sameAs\":[\"https:\\\/\\\/www.facebook.com\\\/OrganisatorFachmagazin\",\"https:\\\/\\\/www.linkedin.com\\\/showcase\\\/organisator-das-magazin-fr-kmu\",\"https:\\\/\\\/www.xing.com\\\/news\\\/pages\\\/organisator-ch-695\",\"https:\\\/\\\/www.youtube.com\\\/channel\\\/UCGP2Sq0iWaZwT3BdIAQFYpw\"]},{\"@type\":\"Person\",\"@id\":\"https:\\\/\\\/www.organisator.ch\\\/#\\\/schema\\\/person\\\/2e1314a2172123f874db408d8911d3f3\",\"name\":\"Adelisa Kalajdzini\",\"image\":{\"@type\":\"ImageObject\",\"inLanguage\":\"it-IT\",\"@id\":\"https:\\\/\\\/secure.gravatar.com\\\/avatar\\\/09a397c22ac58cad6f160ee8306348599df9df58a8ede73696226897b9fa4b24?s=96&d=mm&r=g\",\"url\":\"https:\\\/\\\/secure.gravatar.com\\\/avatar\\\/09a397c22ac58cad6f160ee8306348599df9df58a8ede73696226897b9fa4b24?s=96&d=mm&r=g\",\"contentUrl\":\"https:\\\/\\\/secure.gravatar.com\\\/avatar\\\/09a397c22ac58cad6f160ee8306348599df9df58a8ede73696226897b9fa4b24?s=96&d=mm&r=g\",\"caption\":\"Adelisa Kalajdzini\"},\"url\":\"https:\\\/\\\/www.organisator.ch\\\/it\\\/author\\\/adelisa-kalajdzini\\\/\"}]}<\/script>\n<!-- \/ Yoast SEO plugin. -->","yoast_head_json":{"title":"Cybersecurity: solo per i \"pionieri digitali\"? - Organizzatore","description":"I \"pionieri digitali\" fanno di pi\u00f9 per la sicurezza informatica, ma sono sempre meno. Lo dimostra un nuovo studio.","robots":{"index":"index","follow":"follow","max-snippet":"max-snippet:-1","max-image-preview":"max-image-preview:large","max-video-preview":"max-video-preview:-1"},"canonical":"https:\/\/www.organisator.ch\/it\/eccellenza-operativa\/2023-09-20\/cybersicherheit-nur-etwas-fuer-digitale-pioniere\/","og_locale":"it_IT","og_type":"article","og_title":"Cybersicherheit: Nur etwas f\u00fcr \"digitale Pioniere\"?","og_description":"\u00abDigitale Pioniere\u00bb unternehmen mehr f\u00fcr die Cybersicherheit \u2013 es gibt aber immer weniger von ihnen. Dies zeigt eine neue Studie.","og_url":"https:\/\/www.organisator.ch\/it\/eccellenza-operativa\/2023-09-20\/cybersicherheit-nur-etwas-fuer-digitale-pioniere\/","og_site_name":"Organisator","article_publisher":"https:\/\/www.facebook.com\/OrganisatorFachmagazin","article_published_time":"2023-09-20T09:01:03+00:00","article_modified_time":"2023-09-29T06:42:09+00:00","og_image":[{"width":680,"height":533,"url":"https:\/\/www.organisator.ch\/wp-content\/uploads\/2023\/09\/Cybersicherheit-Nur-etwas-fuer-digitale-Pioniere_Organisator.jpg","type":"image\/jpeg"}],"author":"Adelisa Kalajdzini","twitter_card":"summary_large_image","twitter_title":"#Cybersicherheit: Nur etwas f\u00fcr \"digitale Pioniere\"?","twitter_description":"\u00abDigitale Pioniere\u00bb unternehmen mehr f\u00fcr die #Cybersicherheit \u2013 es gibt aber immer weniger von ihnen. Dies zeigt eine neue #Studie.","twitter_image":"https:\/\/www.organisator.ch\/wp-content\/uploads\/2023\/09\/Cybersicherheit-Nur-etwas-fuer-digitale-Pioniere_Organisator.jpg","schema":{"@context":"https:\/\/schema.org","@graph":[{"@type":"Article","@id":"https:\/\/www.organisator.ch\/operational-excellence\/2023-09-20\/cybersicherheit-nur-etwas-fuer-digitale-pioniere\/#article","isPartOf":{"@id":"https:\/\/www.organisator.ch\/operational-excellence\/2023-09-20\/cybersicherheit-nur-etwas-fuer-digitale-pioniere\/"},"author":{"name":"Adelisa Kalajdzini","@id":"https:\/\/www.organisator.ch\/#\/schema\/person\/2e1314a2172123f874db408d8911d3f3"},"headline":"Cybersicherheit: Nur etwas f\u00fcr &#8222;digitale Pioniere&#8220;?","datePublished":"2023-09-20T09:01:03+00:00","dateModified":"2023-09-29T06:42:09+00:00","mainEntityOfPage":{"@id":"https:\/\/www.organisator.ch\/operational-excellence\/2023-09-20\/cybersicherheit-nur-etwas-fuer-digitale-pioniere\/"},"wordCount":740,"publisher":{"@id":"https:\/\/www.organisator.ch\/#organization"},"image":{"@id":"https:\/\/www.organisator.ch\/operational-excellence\/2023-09-20\/cybersicherheit-nur-etwas-fuer-digitale-pioniere\/#primaryimage"},"thumbnailUrl":"https:\/\/www.organisator.ch\/wp-content\/uploads\/2023\/09\/Cybersicherheit-Nur-etwas-fuer-digitale-Pioniere_Organisator.jpg","keywords":["Digitalisierung","ICT-Sicherheit","IT","Studie","Umfrage"],"articleSection":["OPERATIONAL EXCELLENCE"],"inLanguage":"it-IT"},{"@type":"WebPage","@id":"https:\/\/www.organisator.ch\/operational-excellence\/2023-09-20\/cybersicherheit-nur-etwas-fuer-digitale-pioniere\/","url":"https:\/\/www.organisator.ch\/operational-excellence\/2023-09-20\/cybersicherheit-nur-etwas-fuer-digitale-pioniere\/","name":"Cybersecurity: solo per i \"pionieri digitali\"? - Organizzatore","isPartOf":{"@id":"https:\/\/www.organisator.ch\/#website"},"primaryImageOfPage":{"@id":"https:\/\/www.organisator.ch\/operational-excellence\/2023-09-20\/cybersicherheit-nur-etwas-fuer-digitale-pioniere\/#primaryimage"},"image":{"@id":"https:\/\/www.organisator.ch\/operational-excellence\/2023-09-20\/cybersicherheit-nur-etwas-fuer-digitale-pioniere\/#primaryimage"},"thumbnailUrl":"https:\/\/www.organisator.ch\/wp-content\/uploads\/2023\/09\/Cybersicherheit-Nur-etwas-fuer-digitale-Pioniere_Organisator.jpg","datePublished":"2023-09-20T09:01:03+00:00","dateModified":"2023-09-29T06:42:09+00:00","description":"I \"pionieri digitali\" fanno di pi\u00f9 per la sicurezza informatica, ma sono sempre meno. Lo dimostra un nuovo studio.","breadcrumb":{"@id":"https:\/\/www.organisator.ch\/operational-excellence\/2023-09-20\/cybersicherheit-nur-etwas-fuer-digitale-pioniere\/#breadcrumb"},"inLanguage":"it-IT","potentialAction":[{"@type":"ReadAction","target":["https:\/\/www.organisator.ch\/operational-excellence\/2023-09-20\/cybersicherheit-nur-etwas-fuer-digitale-pioniere\/"]}]},{"@type":"ImageObject","inLanguage":"it-IT","@id":"https:\/\/www.organisator.ch\/operational-excellence\/2023-09-20\/cybersicherheit-nur-etwas-fuer-digitale-pioniere\/#primaryimage","url":"https:\/\/www.organisator.ch\/wp-content\/uploads\/2023\/09\/Cybersicherheit-Nur-etwas-fuer-digitale-Pioniere_Organisator.jpg","contentUrl":"https:\/\/www.organisator.ch\/wp-content\/uploads\/2023\/09\/Cybersicherheit-Nur-etwas-fuer-digitale-Pioniere_Organisator.jpg","width":680,"height":533,"caption":"Eine neue Umfrage zeigt, dass trotz wachsender Bedrohungslage die Cybersicherheit in Schweizer KMU eine geringe Priorit\u00e4t hat. (Bild: Unsplash.com)"},{"@type":"BreadcrumbList","@id":"https:\/\/www.organisator.ch\/operational-excellence\/2023-09-20\/cybersicherheit-nur-etwas-fuer-digitale-pioniere\/#breadcrumb","itemListElement":[{"@type":"ListItem","position":1,"name":"Home","item":"https:\/\/www.organisator.ch\/"},{"@type":"ListItem","position":2,"name":"Cybersicherheit: Nur etwas f\u00fcr &#8222;digitale Pioniere&#8220;?"}]},{"@type":"WebSite","@id":"https:\/\/www.organisator.ch\/#website","url":"https:\/\/www.organisator.ch\/","name":"Organizzatore","description":"Competente. Pratico. In 10 numeri all'anno, ORGANISATOR presenta i temi essenziali per i manager delle PMI.","publisher":{"@id":"https:\/\/www.organisator.ch\/#organization"},"potentialAction":[{"@type":"SearchAction","target":{"@type":"EntryPoint","urlTemplate":"https:\/\/www.organisator.ch\/?s={search_term_string}"},"query-input":{"@type":"PropertyValueSpecification","valueRequired":true,"valueName":"search_term_string"}}],"inLanguage":"it-IT"},{"@type":"Organization","@id":"https:\/\/www.organisator.ch\/#organization","name":"Organizzatore","url":"https:\/\/www.organisator.ch\/","logo":{"@type":"ImageObject","inLanguage":"it-IT","@id":"https:\/\/www.organisator.ch\/#\/schema\/logo\/image\/","url":"https:\/\/www.organisator.ch\/wp-content\/uploads\/2022\/01\/Logo_Organisator_Website.png","contentUrl":"https:\/\/www.organisator.ch\/wp-content\/uploads\/2022\/01\/Logo_Organisator_Website.png","width":800,"height":77,"caption":"Organisator"},"image":{"@id":"https:\/\/www.organisator.ch\/#\/schema\/logo\/image\/"},"sameAs":["https:\/\/www.facebook.com\/OrganisatorFachmagazin","https:\/\/www.linkedin.com\/showcase\/organisator-das-magazin-fr-kmu","https:\/\/www.xing.com\/news\/pages\/organisator-ch-695","https:\/\/www.youtube.com\/channel\/UCGP2Sq0iWaZwT3BdIAQFYpw"]},{"@type":"Person","@id":"https:\/\/www.organisator.ch\/#\/schema\/person\/2e1314a2172123f874db408d8911d3f3","name":"Adelisa Kalajdzini","image":{"@type":"ImageObject","inLanguage":"it-IT","@id":"https:\/\/secure.gravatar.com\/avatar\/09a397c22ac58cad6f160ee8306348599df9df58a8ede73696226897b9fa4b24?s=96&d=mm&r=g","url":"https:\/\/secure.gravatar.com\/avatar\/09a397c22ac58cad6f160ee8306348599df9df58a8ede73696226897b9fa4b24?s=96&d=mm&r=g","contentUrl":"https:\/\/secure.gravatar.com\/avatar\/09a397c22ac58cad6f160ee8306348599df9df58a8ede73696226897b9fa4b24?s=96&d=mm&r=g","caption":"Adelisa Kalajdzini"},"url":"https:\/\/www.organisator.ch\/it\/author\/adelisa-kalajdzini\/"}]}},"_links":{"self":[{"href":"https:\/\/www.organisator.ch\/it\/wp-json\/wp\/v2\/posts\/21803","targetHints":{"allow":["GET"]}}],"collection":[{"href":"https:\/\/www.organisator.ch\/it\/wp-json\/wp\/v2\/posts"}],"about":[{"href":"https:\/\/www.organisator.ch\/it\/wp-json\/wp\/v2\/types\/post"}],"author":[{"embeddable":true,"href":"https:\/\/www.organisator.ch\/it\/wp-json\/wp\/v2\/users\/58"}],"replies":[{"embeddable":true,"href":"https:\/\/www.organisator.ch\/it\/wp-json\/wp\/v2\/comments?post=21803"}],"version-history":[{"count":4,"href":"https:\/\/www.organisator.ch\/it\/wp-json\/wp\/v2\/posts\/21803\/revisions"}],"predecessor-version":[{"id":21810,"href":"https:\/\/www.organisator.ch\/it\/wp-json\/wp\/v2\/posts\/21803\/revisions\/21810"}],"wp:featuredmedia":[{"embeddable":true,"href":"https:\/\/www.organisator.ch\/it\/wp-json\/wp\/v2\/media\/21809"}],"wp:attachment":[{"href":"https:\/\/www.organisator.ch\/it\/wp-json\/wp\/v2\/media?parent=21803"}],"wp:term":[{"taxonomy":"category","embeddable":true,"href":"https:\/\/www.organisator.ch\/it\/wp-json\/wp\/v2\/categories?post=21803"},{"taxonomy":"post_tag","embeddable":true,"href":"https:\/\/www.organisator.ch\/it\/wp-json\/wp\/v2\/tags?post=21803"}],"curies":[{"name":"wp","href":"https:\/\/api.w.org\/{rel}","templated":true}]}}