{"id":21824,"date":"2023-09-20T15:16:22","date_gmt":"2023-09-20T13:16:22","guid":{"rendered":"https:\/\/www.organisator.ch\/?p=21824"},"modified":"2023-09-20T15:16:22","modified_gmt":"2023-09-20T13:16:22","slug":"polen-schweiz-ehrgeiz-ganz-nach-vorne-zu-kommen","status":"publish","type":"post","link":"https:\/\/www.organisator.ch\/it\/management\/2023-09-20\/polen-schweiz-ehrgeiz-ganz-nach-vorne-zu-kommen\/","title":{"rendered":"Polonia - Svizzera: \"Ambizione di andare fino in fondo\"."},"content":{"rendered":"<figure id=\"attachment_21825\" aria-describedby=\"caption-attachment-21825\" style=\"width: 680px\" class=\"wp-caption alignnone\"><img loading=\"lazy\" decoding=\"async\" class=\"size-full wp-image-21825\" src=\"https:\/\/www.organisator.ch\/wp-content\/uploads\/2023\/09\/Polen-Schweiz-Ehrgeiz-ganz-nach-vorne-zu-kommen_Organisator.jpg\" alt=\"\" width=\"680\" height=\"475\" srcset=\"https:\/\/www.organisator.ch\/wp-content\/uploads\/2023\/09\/Polen-Schweiz-Ehrgeiz-ganz-nach-vorne-zu-kommen_Organisator.jpg 680w, https:\/\/www.organisator.ch\/wp-content\/uploads\/2023\/09\/Polen-Schweiz-Ehrgeiz-ganz-nach-vorne-zu-kommen_Organisator-18x12.jpg 18w, https:\/\/www.organisator.ch\/wp-content\/uploads\/2023\/09\/Polen-Schweiz-Ehrgeiz-ganz-nach-vorne-zu-kommen_Organisator-375x262.jpg 375w, https:\/\/www.organisator.ch\/wp-content\/uploads\/2023\/09\/Polen-Schweiz-Ehrgeiz-ganz-nach-vorne-zu-kommen_Organisator-501x350.jpg 501w\" sizes=\"auto, (max-width: 680px) 100vw, 680px\" \/><figcaption id=\"caption-attachment-21825\" class=\"wp-caption-text\">Hanno discusso le opportunit\u00e0 e i rischi dello sviluppo tecnologico industriale (da sinistra a destra): Nicolas Mayencourt (Dreamlab AG), Prof. Dr. Michael Hengartner (ETH Zurigo), Marcin Rzetecki (Polish Blockchain Association), Andrew Garuana Galizia (World Economic Forum), Adrian Kutnik (Borsa di Varsavia), Prof. Dr. Joanna Cygler (Lukasiewicz Research Network). La conclusione della discussione: l'educazione e l'azione lungimirante sono fattori chiave. (Foto: Thomas Berner)<\/figcaption><\/figure>\n<p>\u00c8 stato uno dei primi atti ufficiali dell'ambasciatrice polacca Iwona Kozlowska quando ha assunto la direzione degli affari in Svizzera nel 2020, nel bel mezzo della crisi di Corona: ha lanciato un Forum economico e tecnologico polacco-svizzero. Il successo \u00e8 stato totale e nel frattempo l'evento sembra essersi affermato. In ogni caso, il terzo evento del 18-19 settembre 2023 a Berna ha visto la partecipazione di 100-150 visitatori provenienti da entrambi i Paesi. Sotto forma di tavole rotonde, sono stati evidenziati vari aspetti della cooperazione economica, politica e di ricerca. Sono stati discussi anche gli sviluppi futuri, ad esempio dall'Industria 4.0 all'Industria 5.0, nonch\u00e9 le sfide attuali della cooperazione tra la Svizzera e l'intera UE o nel contesto di sviluppi globali come il cambiamento climatico e lo sviluppo demografico.<\/p>\n<h3>Innovazione ad altezza d'uomo<\/h3>\n<p>La Svizzera e la Polonia hanno relazioni bilaterali stabili. Questo \u00e8 stato sottolineato pi\u00f9 volte. Negli ultimi anni, la Polonia \u00e8 diventata sempre pi\u00f9 importante per l'economia svizzera come sede di nearshoring e come mercato di vendita di beni di consumo e di capitale di alta qualit\u00e0. La Polonia \u00e8 diventata un attore di peso a livello internazionale anche come sede di investimenti: in base agli investimenti effettuati, il Paese \u00e8 il numero 1 nell'UE, come <a href=\"https:\/\/www.organisator.ch\/de\/allgemein\/2023-08-30\/polen-und-die-schweiz-liegen-nicht-weit-auseinander\/\">L'ambasciatore Iwona Kozlowska ha dichiarato in un'intervista a questo giornale<\/a>.<\/p>\n<p>Se la Polonia \u00e8 interessante per la Svizzera come mercato di vendita e come risorsa per la forza lavoro, la Polonia \u00e8 interessata soprattutto al trasferimento di know-how. Conoscono la forza finanziaria della Svizzera e la sua reputazione di luogo di innovazione, oltre che di porto di stabilit\u00e0 politica con condizioni quadro sicure. Ma \u00e8 proprio in termini di innovazione che la Polonia ha recuperato terreno: con Billon Group (soluzioni blockchain per la gestione dei documenti, le transazioni finanziarie digitali e la tokenizzazione), Vigo Photonics (tecnologia dei sensori a infrarossi) o Elproma (elettronica), sono state presentate tre delle aziende polacche pi\u00f9 innovative. Queste tre aziende dimostrano che, quando si tratta di tecnologia, i due Paesi sono in sintonia. E non dimentichiamolo: Anche alcune innovazioni svizzere sono \"Made in Poland\", come ad esempio il Gruppo Kudelski di Losanna, ora quotato in borsa, il cui fondatore Stefan Kudelski \u00e8 originario di Varsavia.<\/p>\n<h3>Creare fiducia - eliminare gli ostacoli normativi<\/h3>\n<p>Che molte cose funzionino bene tra i due Paesi \u00e8 innegabile. Tuttavia - come ha ammesso anche l'ambasciatore Iwona Kozlowska - c'\u00e8 ancora molto da fare in Polonia. Ma: \"Abbiamo l'ambizione di andare avanti\". L'ambasciatrice vede la necessit\u00e0 di recuperare il ritardo accumulato, ad esempio, nel settore della formazione professionale. In particolare, il sistema di istruzione duale svizzero \u00e8 considerato un modello. La prof.ssa Joanna Cygler del Lukasievicz Research Network, ad esempio, ha sottolineato che la Polonia deve essere pi\u00f9 aperta a un'ampia gamma di competenze nelle aziende. Anche se la scena delle start-up polacche non deve sottrarsi al confronto internazionale in termini di dinamiche, manca ancora una maturit\u00e0 imprenditoriale, come osserva Marcin Rzetecki, presidente della Polish Blockchain Association: \"I giovani devono imparare meglio a delegare e a condividere il lavoro.<\/p>\n<p>E le diverse normative sono talvolta percepite come ostacoli. Marek Dutkiewicz, fondatore di HR Campus in Svizzera, conosce molto bene entrambe le \"culture\": mentre in Svizzera molte cose si fanno con una stretta di mano e la fiducia, nel suo Paese d'origine vive ancora in modo diverso. Il Dr. Ing. Pawel Stezycki, anch'egli della Lukasiewicz Research Network, \u00e8 d'accordo: \"Ho sei avvocati, anche se in realt\u00e0 vorrei averne solo uno\", ha detto, riferendosi ai lunghi contratti che spesso sono all'ordine del giorno nelle cooperazioni.<\/p>\n<h3>Una fruttuosa cooperazione \"dal basso verso l'alto<\/h3>\n<p>Quali sono i settori pi\u00f9 importanti per la cooperazione tra istituzioni svizzere e polacche? Dal punto di vista economico e della ricerca, si tratta soprattutto di tecnologie farmaceutiche, finanziarie e informatiche. La blockchain \u00e8 un esempio importante. La Swiss-Polish Blockchain Association \u00e8 stata fondata di recente con l'obiettivo di mettere in rete la \"Crypto Valley\" di Zugo con gli esponenti dell'altrettanto dinamica scena blockchain polacca - nel classico modo \"bottom-up\". Ed \u00e8 proprio questo approccio dal basso verso l'alto che \u00e8 emerso pi\u00f9 volte al Polish Business and Technology Forum: la cooperazione non pu\u00f2 essere imposta \"dall'alto\", ma deve nascere dal basso. Di conseguenza, dietro a tutte le cooperazioni esistenti o appena avviate ci sono le iniziative dei singoli. Il Forum si \u00e8 posto il compito di mettere in rete queste iniziative individuali. Le opportunit\u00e0 di cooperazione tra Svizzera e Polonia sono numerose. La difficolt\u00e0 pu\u00f2 risiedere nel trovare il giusto punto di contatto tra la moltitudine.<\/p>\n<blockquote>\n<h3>Punti di contatto per le prime informazioni<\/h3>\n<p><em>Costruire un business dalla Svizzera con la Polonia? Le aziende svizzere possono ottenere le prime informazioni qui:<\/em><\/p>\n<ul>\n<li><em><a href=\"https:\/\/www.gov.pl\/web\/schweiz\/botschaft\">Ambasciata della Repubblica di Polonia a Berna<\/a>\u00a0<\/em><\/li>\n<li><em><a href=\"https:\/\/polconsul-basel.ch\/\">Consolato della Repubblica di Polonia a Basilea<\/a> (sono previste altre sedi a Zurigo o Ginevra)<\/em><\/li>\n<li><em><a href=\"http:\/\/www.s-ge.com\">Svizzera Impresa Globale (S-GE)<\/a><\/em><\/li>\n<li><em><a href=\"https:\/\/swisspolishblockchain.org\/\">Associazione Blockchain Svizzera-Polacca<\/a>\u00a0<\/em><\/li>\n<\/ul>\n<p><em>Interessante per la collaborazione nella ricerca:<\/em><\/p>\n<ul>\n<li><em><a href=\"https:\/\/poloniumfoundation.org\/\">Fondazione Polonio<\/a> (Fondazione per la cooperazione tra scienziati polacchi e stranieri)<\/em><\/li>\n<li><em><a href=\"https:\/\/lukasiewicz.gov.pl\/en\/\">Rete di ricerca Lukasiewicz<\/a> (22 istituti con oltre 4500 scienziati e ingegneri)<\/em><\/li>\n<\/ul>\n<\/blockquote>","protected":false},"excerpt":{"rendered":"<p>Il 18 e 19 settembre 2023 si \u00e8 tenuto in Svizzera, presso il Kursaal di Berna, il terzo Polish Business and Technology Forum. L'evento mira a creare ponti tra le istituzioni svizzere e polacche al fine di incrementare la cooperazione in ambito economico, scientifico e politico. <\/p>","protected":false},"author":4,"featured_media":21825,"comment_status":"closed","ping_status":"closed","sticky":false,"template":"","format":"standard","meta":{"_acf_changed":false,"_yoast_wpseo_focuskw":"Ehrgeiz","_yoast_wpseo_metadesc":"Am 18. und 19. September 2023 fand im Berner Kursaal das dritte Polnische Wirtschafts- und Technologieforum in der Schweiz statt.","articlekey":"","footnotes":""},"categories":[28],"tags":[193,280,335,508,531],"class_list":["post-21824","post","type-post","status-publish","format-standard","has-post-thumbnail","hentry","category-management","tag-fachkongressfachmesse","tag-internationalisierung","tag-management-und-unternehmensfuehrung","tag-vermischtes","tag-wirtschaftspolitik"],"acf":[],"yoast_head":"<!-- This site is optimized with the Yoast SEO plugin v27.5 - https:\/\/yoast.com\/product\/yoast-seo-wordpress\/ -->\n<title>Polen - Schweiz: \u00abEhrgeiz, ganz nach vorne zu kommen\u00bb - Organisator<\/title>\n<meta name=\"description\" content=\"Am 18. und 19. September 2023 fand im Berner Kursaal das dritte Polnische Wirtschafts- und Technologieforum in der Schweiz statt.\" \/>\n<meta name=\"robots\" content=\"index, follow, max-snippet:-1, max-image-preview:large, max-video-preview:-1\" \/>\n<link rel=\"canonical\" href=\"https:\/\/www.organisator.ch\/it\/gestione-2\/2023-09-20\/polen-schweiz-ehrgeiz-ganz-nach-vorne-zu-kommen\/\" \/>\n<meta property=\"og:locale\" content=\"it_IT\" \/>\n<meta property=\"og:type\" content=\"article\" \/>\n<meta property=\"og:title\" content=\"Polen - Schweiz: \u00abEhrgeiz, ganz nach vorne zu kommen\u00bb\" \/>\n<meta property=\"og:description\" content=\"Am 18. und 19. September 2023 fand im Berner Kursaal das dritte Polnische Wirtschafts- und Technologieforum in der Schweiz statt.\" \/>\n<meta property=\"og:url\" content=\"https:\/\/www.organisator.ch\/it\/gestione-2\/2023-09-20\/polen-schweiz-ehrgeiz-ganz-nach-vorne-zu-kommen\/\" \/>\n<meta property=\"og:site_name\" content=\"Organisator\" \/>\n<meta property=\"article:publisher\" content=\"https:\/\/www.facebook.com\/OrganisatorFachmagazin\" \/>\n<meta property=\"article:published_time\" content=\"2023-09-20T13:16:22+00:00\" \/>\n<meta property=\"og:image\" content=\"https:\/\/www.organisator.ch\/wp-content\/uploads\/2023\/09\/Polen-Schweiz-Ehrgeiz-ganz-nach-vorne-zu-kommen_Organisator.jpg\" \/>\n\t<meta property=\"og:image:width\" content=\"680\" \/>\n\t<meta property=\"og:image:height\" content=\"475\" \/>\n\t<meta property=\"og:image:type\" content=\"image\/jpeg\" \/>\n<meta name=\"author\" content=\"thomas.berner\" \/>\n<meta name=\"twitter:card\" content=\"summary_large_image\" \/>\n<meta name=\"twitter:title\" content=\"#Polen - #Schweiz: \u00ab#Ehrgeiz, ganz nach vorne zu kommen\u00bb\" \/>\n<meta name=\"twitter:description\" content=\"Am 18. und 19. September 2023 fand im Berner #Kursaal das dritte Polnische #Wirtschafts- und #Technologieforum in der Schweiz statt.\" \/>\n<meta name=\"twitter:image\" content=\"https:\/\/www.organisator.ch\/wp-content\/uploads\/2023\/09\/Polen-Schweiz-Ehrgeiz-ganz-nach-vorne-zu-kommen_Organisator.jpg\" \/>\n<script type=\"application\/ld+json\" class=\"yoast-schema-graph\">{\"@context\":\"https:\\\/\\\/schema.org\",\"@graph\":[{\"@type\":\"Article\",\"@id\":\"https:\\\/\\\/www.organisator.ch\\\/management\\\/2023-09-20\\\/polen-schweiz-ehrgeiz-ganz-nach-vorne-zu-kommen\\\/#article\",\"isPartOf\":{\"@id\":\"https:\\\/\\\/www.organisator.ch\\\/management\\\/2023-09-20\\\/polen-schweiz-ehrgeiz-ganz-nach-vorne-zu-kommen\\\/\"},\"author\":{\"name\":\"thomas.berner\",\"@id\":\"https:\\\/\\\/www.organisator.ch\\\/#\\\/schema\\\/person\\\/6f650f90b2842cd4c0cc334b4e36f67e\"},\"headline\":\"Polen &#8211; Schweiz: \u00abEhrgeiz, ganz nach vorne zu kommen\u00bb\",\"datePublished\":\"2023-09-20T13:16:22+00:00\",\"mainEntityOfPage\":{\"@id\":\"https:\\\/\\\/www.organisator.ch\\\/management\\\/2023-09-20\\\/polen-schweiz-ehrgeiz-ganz-nach-vorne-zu-kommen\\\/\"},\"wordCount\":837,\"publisher\":{\"@id\":\"https:\\\/\\\/www.organisator.ch\\\/#organization\"},\"image\":{\"@id\":\"https:\\\/\\\/www.organisator.ch\\\/management\\\/2023-09-20\\\/polen-schweiz-ehrgeiz-ganz-nach-vorne-zu-kommen\\\/#primaryimage\"},\"thumbnailUrl\":\"https:\\\/\\\/www.organisator.ch\\\/wp-content\\\/uploads\\\/2023\\\/09\\\/Polen-Schweiz-Ehrgeiz-ganz-nach-vorne-zu-kommen_Organisator.jpg\",\"keywords\":[\"Fachkongress\\\/Fachmesse\",\"Internationalisierung\",\"Management und Unternehmensf\u00fchrung\",\"Vermischtes\",\"Wirtschaftspolitik\"],\"articleSection\":[\"MANAGEMENT\"],\"inLanguage\":\"it-IT\"},{\"@type\":\"WebPage\",\"@id\":\"https:\\\/\\\/www.organisator.ch\\\/management\\\/2023-09-20\\\/polen-schweiz-ehrgeiz-ganz-nach-vorne-zu-kommen\\\/\",\"url\":\"https:\\\/\\\/www.organisator.ch\\\/management\\\/2023-09-20\\\/polen-schweiz-ehrgeiz-ganz-nach-vorne-zu-kommen\\\/\",\"name\":\"Polen - Schweiz: \u00abEhrgeiz, ganz nach vorne zu kommen\u00bb - Organisator\",\"isPartOf\":{\"@id\":\"https:\\\/\\\/www.organisator.ch\\\/#website\"},\"primaryImageOfPage\":{\"@id\":\"https:\\\/\\\/www.organisator.ch\\\/management\\\/2023-09-20\\\/polen-schweiz-ehrgeiz-ganz-nach-vorne-zu-kommen\\\/#primaryimage\"},\"image\":{\"@id\":\"https:\\\/\\\/www.organisator.ch\\\/management\\\/2023-09-20\\\/polen-schweiz-ehrgeiz-ganz-nach-vorne-zu-kommen\\\/#primaryimage\"},\"thumbnailUrl\":\"https:\\\/\\\/www.organisator.ch\\\/wp-content\\\/uploads\\\/2023\\\/09\\\/Polen-Schweiz-Ehrgeiz-ganz-nach-vorne-zu-kommen_Organisator.jpg\",\"datePublished\":\"2023-09-20T13:16:22+00:00\",\"description\":\"Am 18. und 19. September 2023 fand im Berner Kursaal das dritte Polnische Wirtschafts- und Technologieforum in der Schweiz statt.\",\"breadcrumb\":{\"@id\":\"https:\\\/\\\/www.organisator.ch\\\/management\\\/2023-09-20\\\/polen-schweiz-ehrgeiz-ganz-nach-vorne-zu-kommen\\\/#breadcrumb\"},\"inLanguage\":\"it-IT\",\"potentialAction\":[{\"@type\":\"ReadAction\",\"target\":[\"https:\\\/\\\/www.organisator.ch\\\/management\\\/2023-09-20\\\/polen-schweiz-ehrgeiz-ganz-nach-vorne-zu-kommen\\\/\"]}]},{\"@type\":\"ImageObject\",\"inLanguage\":\"it-IT\",\"@id\":\"https:\\\/\\\/www.organisator.ch\\\/management\\\/2023-09-20\\\/polen-schweiz-ehrgeiz-ganz-nach-vorne-zu-kommen\\\/#primaryimage\",\"url\":\"https:\\\/\\\/www.organisator.ch\\\/wp-content\\\/uploads\\\/2023\\\/09\\\/Polen-Schweiz-Ehrgeiz-ganz-nach-vorne-zu-kommen_Organisator.jpg\",\"contentUrl\":\"https:\\\/\\\/www.organisator.ch\\\/wp-content\\\/uploads\\\/2023\\\/09\\\/Polen-Schweiz-Ehrgeiz-ganz-nach-vorne-zu-kommen_Organisator.jpg\",\"width\":680,\"height\":475,\"caption\":\"Diskutierten \u00fcber Chancen und Risiken der industriellen technologischen Entwicklung (v.l.n.r): Nicolas Mayencourt (Dreamlab AG), Prof. Dr. Michael Hengartner (ETH Z\u00fcrich), Marcin Rzetecki (Polish Blockchain Association), Andrew Garuana Galizia (World Economic Forum), Adrian Kutnik (Warsaw Stock Exchange), Prof. Dr. Joanna Cygler (Lukasiewicz Research Network). Bild: Thomas Berner\"},{\"@type\":\"BreadcrumbList\",\"@id\":\"https:\\\/\\\/www.organisator.ch\\\/management\\\/2023-09-20\\\/polen-schweiz-ehrgeiz-ganz-nach-vorne-zu-kommen\\\/#breadcrumb\",\"itemListElement\":[{\"@type\":\"ListItem\",\"position\":1,\"name\":\"Home\",\"item\":\"https:\\\/\\\/www.organisator.ch\\\/\"},{\"@type\":\"ListItem\",\"position\":2,\"name\":\"Polen &#8211; Schweiz: \u00abEhrgeiz, ganz nach vorne zu kommen\u00bb\"}]},{\"@type\":\"WebSite\",\"@id\":\"https:\\\/\\\/www.organisator.ch\\\/#website\",\"url\":\"https:\\\/\\\/www.organisator.ch\\\/\",\"name\":\"Organisator\",\"description\":\"Kompetent. Praxisnah. Der ORGANISATOR bereitet in 10 Ausgaben pro Jahr die wesentlichen Themen f\u00fcr F\u00fchrungskr\u00e4fte von KMU auf.\",\"publisher\":{\"@id\":\"https:\\\/\\\/www.organisator.ch\\\/#organization\"},\"potentialAction\":[{\"@type\":\"SearchAction\",\"target\":{\"@type\":\"EntryPoint\",\"urlTemplate\":\"https:\\\/\\\/www.organisator.ch\\\/?s={search_term_string}\"},\"query-input\":{\"@type\":\"PropertyValueSpecification\",\"valueRequired\":true,\"valueName\":\"search_term_string\"}}],\"inLanguage\":\"it-IT\"},{\"@type\":\"Organization\",\"@id\":\"https:\\\/\\\/www.organisator.ch\\\/#organization\",\"name\":\"Organisator\",\"url\":\"https:\\\/\\\/www.organisator.ch\\\/\",\"logo\":{\"@type\":\"ImageObject\",\"inLanguage\":\"it-IT\",\"@id\":\"https:\\\/\\\/www.organisator.ch\\\/#\\\/schema\\\/logo\\\/image\\\/\",\"url\":\"https:\\\/\\\/www.organisator.ch\\\/wp-content\\\/uploads\\\/2022\\\/01\\\/Logo_Organisator_Website.png\",\"contentUrl\":\"https:\\\/\\\/www.organisator.ch\\\/wp-content\\\/uploads\\\/2022\\\/01\\\/Logo_Organisator_Website.png\",\"width\":800,\"height\":77,\"caption\":\"Organisator\"},\"image\":{\"@id\":\"https:\\\/\\\/www.organisator.ch\\\/#\\\/schema\\\/logo\\\/image\\\/\"},\"sameAs\":[\"https:\\\/\\\/www.facebook.com\\\/OrganisatorFachmagazin\",\"https:\\\/\\\/www.linkedin.com\\\/showcase\\\/organisator-das-magazin-fr-kmu\",\"https:\\\/\\\/www.xing.com\\\/news\\\/pages\\\/organisator-ch-695\",\"https:\\\/\\\/www.youtube.com\\\/channel\\\/UCGP2Sq0iWaZwT3BdIAQFYpw\"]},{\"@type\":\"Person\",\"@id\":\"https:\\\/\\\/www.organisator.ch\\\/#\\\/schema\\\/person\\\/6f650f90b2842cd4c0cc334b4e36f67e\",\"name\":\"thomas.berner\",\"image\":{\"@type\":\"ImageObject\",\"inLanguage\":\"it-IT\",\"@id\":\"https:\\\/\\\/secure.gravatar.com\\\/avatar\\\/ac5001d2a36cb6c6cd3e50789007ffca834b477b74a2144564522e944eabff61?s=96&d=mm&r=g\",\"url\":\"https:\\\/\\\/secure.gravatar.com\\\/avatar\\\/ac5001d2a36cb6c6cd3e50789007ffca834b477b74a2144564522e944eabff61?s=96&d=mm&r=g\",\"contentUrl\":\"https:\\\/\\\/secure.gravatar.com\\\/avatar\\\/ac5001d2a36cb6c6cd3e50789007ffca834b477b74a2144564522e944eabff61?s=96&d=mm&r=g\",\"caption\":\"thomas.berner\"},\"url\":\"https:\\\/\\\/www.organisator.ch\\\/it\\\/author\\\/thomas-berner\\\/\"}]}<\/script>\n<!-- \/ Yoast SEO plugin. -->","yoast_head_json":{"title":"Polonia - Svizzera: \"Ambizione di arrivare in alto\" - Organizzatore","description":"Il 18 e 19 settembre 2023 si \u00e8 tenuto in Svizzera, presso il Kursaal di Berna, il terzo Forum polacco di affari e tecnologia.","robots":{"index":"index","follow":"follow","max-snippet":"max-snippet:-1","max-image-preview":"max-image-preview:large","max-video-preview":"max-video-preview:-1"},"canonical":"https:\/\/www.organisator.ch\/it\/gestione-2\/2023-09-20\/polen-schweiz-ehrgeiz-ganz-nach-vorne-zu-kommen\/","og_locale":"it_IT","og_type":"article","og_title":"Polen - Schweiz: \u00abEhrgeiz, ganz nach vorne zu kommen\u00bb","og_description":"Am 18. und 19. September 2023 fand im Berner Kursaal das dritte Polnische Wirtschafts- und Technologieforum in der Schweiz statt.","og_url":"https:\/\/www.organisator.ch\/it\/gestione-2\/2023-09-20\/polen-schweiz-ehrgeiz-ganz-nach-vorne-zu-kommen\/","og_site_name":"Organisator","article_publisher":"https:\/\/www.facebook.com\/OrganisatorFachmagazin","article_published_time":"2023-09-20T13:16:22+00:00","og_image":[{"width":680,"height":475,"url":"https:\/\/www.organisator.ch\/wp-content\/uploads\/2023\/09\/Polen-Schweiz-Ehrgeiz-ganz-nach-vorne-zu-kommen_Organisator.jpg","type":"image\/jpeg"}],"author":"thomas.berner","twitter_card":"summary_large_image","twitter_title":"#Polen - #Schweiz: \u00ab#Ehrgeiz, ganz nach vorne zu kommen\u00bb","twitter_description":"Am 18. und 19. September 2023 fand im Berner #Kursaal das dritte Polnische #Wirtschafts- und #Technologieforum in der Schweiz statt.","twitter_image":"https:\/\/www.organisator.ch\/wp-content\/uploads\/2023\/09\/Polen-Schweiz-Ehrgeiz-ganz-nach-vorne-zu-kommen_Organisator.jpg","schema":{"@context":"https:\/\/schema.org","@graph":[{"@type":"Article","@id":"https:\/\/www.organisator.ch\/management\/2023-09-20\/polen-schweiz-ehrgeiz-ganz-nach-vorne-zu-kommen\/#article","isPartOf":{"@id":"https:\/\/www.organisator.ch\/management\/2023-09-20\/polen-schweiz-ehrgeiz-ganz-nach-vorne-zu-kommen\/"},"author":{"name":"thomas.berner","@id":"https:\/\/www.organisator.ch\/#\/schema\/person\/6f650f90b2842cd4c0cc334b4e36f67e"},"headline":"Polen &#8211; Schweiz: \u00abEhrgeiz, ganz nach vorne zu kommen\u00bb","datePublished":"2023-09-20T13:16:22+00:00","mainEntityOfPage":{"@id":"https:\/\/www.organisator.ch\/management\/2023-09-20\/polen-schweiz-ehrgeiz-ganz-nach-vorne-zu-kommen\/"},"wordCount":837,"publisher":{"@id":"https:\/\/www.organisator.ch\/#organization"},"image":{"@id":"https:\/\/www.organisator.ch\/management\/2023-09-20\/polen-schweiz-ehrgeiz-ganz-nach-vorne-zu-kommen\/#primaryimage"},"thumbnailUrl":"https:\/\/www.organisator.ch\/wp-content\/uploads\/2023\/09\/Polen-Schweiz-Ehrgeiz-ganz-nach-vorne-zu-kommen_Organisator.jpg","keywords":["Fachkongress\/Fachmesse","Internationalisierung","Management und Unternehmensf\u00fchrung","Vermischtes","Wirtschaftspolitik"],"articleSection":["MANAGEMENT"],"inLanguage":"it-IT"},{"@type":"WebPage","@id":"https:\/\/www.organisator.ch\/management\/2023-09-20\/polen-schweiz-ehrgeiz-ganz-nach-vorne-zu-kommen\/","url":"https:\/\/www.organisator.ch\/management\/2023-09-20\/polen-schweiz-ehrgeiz-ganz-nach-vorne-zu-kommen\/","name":"Polonia - Svizzera: \"Ambizione di arrivare in alto\" - Organizzatore","isPartOf":{"@id":"https:\/\/www.organisator.ch\/#website"},"primaryImageOfPage":{"@id":"https:\/\/www.organisator.ch\/management\/2023-09-20\/polen-schweiz-ehrgeiz-ganz-nach-vorne-zu-kommen\/#primaryimage"},"image":{"@id":"https:\/\/www.organisator.ch\/management\/2023-09-20\/polen-schweiz-ehrgeiz-ganz-nach-vorne-zu-kommen\/#primaryimage"},"thumbnailUrl":"https:\/\/www.organisator.ch\/wp-content\/uploads\/2023\/09\/Polen-Schweiz-Ehrgeiz-ganz-nach-vorne-zu-kommen_Organisator.jpg","datePublished":"2023-09-20T13:16:22+00:00","description":"Il 18 e 19 settembre 2023 si \u00e8 tenuto in Svizzera, presso il Kursaal di Berna, il terzo Forum polacco di affari e tecnologia.","breadcrumb":{"@id":"https:\/\/www.organisator.ch\/management\/2023-09-20\/polen-schweiz-ehrgeiz-ganz-nach-vorne-zu-kommen\/#breadcrumb"},"inLanguage":"it-IT","potentialAction":[{"@type":"ReadAction","target":["https:\/\/www.organisator.ch\/management\/2023-09-20\/polen-schweiz-ehrgeiz-ganz-nach-vorne-zu-kommen\/"]}]},{"@type":"ImageObject","inLanguage":"it-IT","@id":"https:\/\/www.organisator.ch\/management\/2023-09-20\/polen-schweiz-ehrgeiz-ganz-nach-vorne-zu-kommen\/#primaryimage","url":"https:\/\/www.organisator.ch\/wp-content\/uploads\/2023\/09\/Polen-Schweiz-Ehrgeiz-ganz-nach-vorne-zu-kommen_Organisator.jpg","contentUrl":"https:\/\/www.organisator.ch\/wp-content\/uploads\/2023\/09\/Polen-Schweiz-Ehrgeiz-ganz-nach-vorne-zu-kommen_Organisator.jpg","width":680,"height":475,"caption":"Diskutierten \u00fcber Chancen und Risiken der industriellen technologischen Entwicklung (v.l.n.r): Nicolas Mayencourt (Dreamlab AG), Prof. Dr. Michael Hengartner (ETH Z\u00fcrich), Marcin Rzetecki (Polish Blockchain Association), Andrew Garuana Galizia (World Economic Forum), Adrian Kutnik (Warsaw Stock Exchange), Prof. Dr. Joanna Cygler (Lukasiewicz Research Network). Bild: Thomas Berner"},{"@type":"BreadcrumbList","@id":"https:\/\/www.organisator.ch\/management\/2023-09-20\/polen-schweiz-ehrgeiz-ganz-nach-vorne-zu-kommen\/#breadcrumb","itemListElement":[{"@type":"ListItem","position":1,"name":"Home","item":"https:\/\/www.organisator.ch\/"},{"@type":"ListItem","position":2,"name":"Polen &#8211; Schweiz: \u00abEhrgeiz, ganz nach vorne zu kommen\u00bb"}]},{"@type":"WebSite","@id":"https:\/\/www.organisator.ch\/#website","url":"https:\/\/www.organisator.ch\/","name":"Organizzatore","description":"Competente. Pratico. In 10 numeri all'anno, ORGANISATOR presenta i temi essenziali per i manager delle PMI.","publisher":{"@id":"https:\/\/www.organisator.ch\/#organization"},"potentialAction":[{"@type":"SearchAction","target":{"@type":"EntryPoint","urlTemplate":"https:\/\/www.organisator.ch\/?s={search_term_string}"},"query-input":{"@type":"PropertyValueSpecification","valueRequired":true,"valueName":"search_term_string"}}],"inLanguage":"it-IT"},{"@type":"Organization","@id":"https:\/\/www.organisator.ch\/#organization","name":"Organizzatore","url":"https:\/\/www.organisator.ch\/","logo":{"@type":"ImageObject","inLanguage":"it-IT","@id":"https:\/\/www.organisator.ch\/#\/schema\/logo\/image\/","url":"https:\/\/www.organisator.ch\/wp-content\/uploads\/2022\/01\/Logo_Organisator_Website.png","contentUrl":"https:\/\/www.organisator.ch\/wp-content\/uploads\/2022\/01\/Logo_Organisator_Website.png","width":800,"height":77,"caption":"Organisator"},"image":{"@id":"https:\/\/www.organisator.ch\/#\/schema\/logo\/image\/"},"sameAs":["https:\/\/www.facebook.com\/OrganisatorFachmagazin","https:\/\/www.linkedin.com\/showcase\/organisator-das-magazin-fr-kmu","https:\/\/www.xing.com\/news\/pages\/organisator-ch-695","https:\/\/www.youtube.com\/channel\/UCGP2Sq0iWaZwT3BdIAQFYpw"]},{"@type":"Person","@id":"https:\/\/www.organisator.ch\/#\/schema\/person\/6f650f90b2842cd4c0cc334b4e36f67e","name":"Tommaso.berner","image":{"@type":"ImageObject","inLanguage":"it-IT","@id":"https:\/\/secure.gravatar.com\/avatar\/ac5001d2a36cb6c6cd3e50789007ffca834b477b74a2144564522e944eabff61?s=96&d=mm&r=g","url":"https:\/\/secure.gravatar.com\/avatar\/ac5001d2a36cb6c6cd3e50789007ffca834b477b74a2144564522e944eabff61?s=96&d=mm&r=g","contentUrl":"https:\/\/secure.gravatar.com\/avatar\/ac5001d2a36cb6c6cd3e50789007ffca834b477b74a2144564522e944eabff61?s=96&d=mm&r=g","caption":"thomas.berner"},"url":"https:\/\/www.organisator.ch\/it\/author\/thomas-berner\/"}]}},"_links":{"self":[{"href":"https:\/\/www.organisator.ch\/it\/wp-json\/wp\/v2\/posts\/21824","targetHints":{"allow":["GET"]}}],"collection":[{"href":"https:\/\/www.organisator.ch\/it\/wp-json\/wp\/v2\/posts"}],"about":[{"href":"https:\/\/www.organisator.ch\/it\/wp-json\/wp\/v2\/types\/post"}],"author":[{"embeddable":true,"href":"https:\/\/www.organisator.ch\/it\/wp-json\/wp\/v2\/users\/4"}],"replies":[{"embeddable":true,"href":"https:\/\/www.organisator.ch\/it\/wp-json\/wp\/v2\/comments?post=21824"}],"version-history":[{"count":1,"href":"https:\/\/www.organisator.ch\/it\/wp-json\/wp\/v2\/posts\/21824\/revisions"}],"predecessor-version":[{"id":21826,"href":"https:\/\/www.organisator.ch\/it\/wp-json\/wp\/v2\/posts\/21824\/revisions\/21826"}],"wp:featuredmedia":[{"embeddable":true,"href":"https:\/\/www.organisator.ch\/it\/wp-json\/wp\/v2\/media\/21825"}],"wp:attachment":[{"href":"https:\/\/www.organisator.ch\/it\/wp-json\/wp\/v2\/media?parent=21824"}],"wp:term":[{"taxonomy":"category","embeddable":true,"href":"https:\/\/www.organisator.ch\/it\/wp-json\/wp\/v2\/categories?post=21824"},{"taxonomy":"post_tag","embeddable":true,"href":"https:\/\/www.organisator.ch\/it\/wp-json\/wp\/v2\/tags?post=21824"}],"curies":[{"name":"wp","href":"https:\/\/api.w.org\/{rel}","templated":true}]}}