{"id":2189,"date":"2019-06-13T12:25:22","date_gmt":"2019-06-13T10:25:22","guid":{"rendered":"https:\/\/www.umweltperspektiven.ch\/?p=2189"},"modified":"2022-02-09T11:10:06","modified_gmt":"2022-02-09T10:10:06","slug":"8-zermatt-summit-neue-geschaeftsmodelle-erobern-die-welt","status":"publish","type":"post","link":"https:\/\/www.organisator.ch\/it\/sustainability\/2019-06-13\/8-zermatt-summit-neue-geschaeftsmodelle-erobern-die-welt\/","title":{"rendered":"8\u00b0 Summit di Zermatt: \"I nuovi modelli di business conquistano il mondo\"."},"content":{"rendered":"<figure id=\"attachment_2190\" aria-describedby=\"caption-attachment-2190\" style=\"width: 680px\" class=\"wp-caption alignnone\"><img loading=\"lazy\" decoding=\"async\" class=\"size-medium wp-image-2190\" src=\"\/\/www.umweltperspektiven.ch\/wp-content\/uploads\/2019\/06\/ZermattSummit-1024x576.jpg\" alt=\"\" width=\"680\" height=\"383\" \/><figcaption id=\"caption-attachment-2190\" class=\"wp-caption-text\">C'\u00e8 un divario tra Davos e Porto Allegre che il vertice di Zermatt vuole colmare. (Immagine: zVg)<\/figcaption><\/figure>\n<p>Dal 12 al 14 settembre 2019, lo Zermatt Summit si svolger\u00e0 per l'ottava volta a Zermatt, in Svizzera. \"L'imprenditorialit\u00e0 al servizio del bene comune\" \u00e8 il tema della conferenza di quest'anno. 25 imprenditori attivi a livello globale, come Alis\u00e9e de Tonnac, che \u00e8 stata recentemente nominata dalla rivista Forbes come uno dei principali \"Imprenditori sociali under 30\", o Giuseppe Lavazza, che \u00e8 stato il primo leader del mercato del caff\u00e8 a lanciare capsule di caff\u00e8 compostabili e biodegradabili nel 2015, mostreranno nei loro keynote e come partecipanti al panel come rompere con la logica tradizionale del business mainstream attraverso l'innovazione.<\/p>\n<p>Pi\u00f9 di 150 business e opinion leader dalla Svizzera, dall'Europa e da oltreoceano sono attesi al summit di alto profilo. Uno degli obiettivi dichiarati del Vertice di Zermatt \u00e8: Il modello economico classico, che si concentra sulle persone, deve essere trasformato - ispirandosi alla natura e tenendo conto dei bisogni di tutte le persone.<\/p>\n<p><strong>Richiesto un cambiamento radicale<\/strong><\/p>\n<p>Abbiamo bisogno di un'uscita radicale dall'economia dell'usa e getta che ha prevalso fin dall'industrializzazione. Usando esempi concreti dalla tecnologia d'avanguardia e dall'imprenditoria moderna, il Summit di Zermatt spiega che questo modello non ha senso nel nostro clima in continuo cambiamento. I progetti sviluppati alla conferenza non solo promuovono una nuova economia circolare, ma creano flussi di reddito multipli che disaccoppiano le aziende dai modelli di core business esistenti e le trasformano in organizzazioni pi\u00f9 orientate agli stakeholder.<\/p>\n<p><em>Per maggiori informazioni sul programma e sulla vendita dei biglietti, visitate <\/em><a href=\"\/\/www.zermattsummit.org\"><em>www.zermattsummit.org<\/em><\/a><\/p>","protected":false},"excerpt":{"rendered":"<p>Vom 12. bis 14. September 2019 findet zum achten Mal der Zermatt Summit in Zermatt in der Schweiz statt. \u00abEntrepreneurship to serve the common good\u00bb heisst das diesj\u00e4hrige Konferenzthema. 25 global t\u00e4tige UnternehmerInnen wie beispielsweise Alis\u00e9e de Tonnac, die k\u00fcrzlich vom Forbes Magazine als eine der f\u00fchrenden \u00abSocial Entrepreneur under 30\u00bb nominiert worden ist oder [&hellip;]<\/p>\n","protected":false},"author":5,"featured_media":2190,"comment_status":"open","ping_status":"open","sticky":false,"template":"","format":"standard","meta":{"_acf_changed":false,"_yoast_wpseo_focuskw":"Zermatt Summit","_yoast_wpseo_metadesc":"Der Zermatt Summit: Die Referenz f\u00fcr ethisches Wirtschaften in einer globalisierten Welt. Der 8. Summit findet vom 12. bis 14. September 2019 statt.","articlekey":"","footnotes":""},"categories":[580],"tags":[1130,1603,2239,2246,2597],"class_list":["post-2189","post","type-post","status-publish","format-standard","has-post-thumbnail","hentry","category-sustainability","tag-ethische-oekonomie","tag-leadship","tag-summit","tag-sustainability","tag-zermatt"],"acf":[],"yoast_head":"<!-- This site is optimized with the Yoast SEO plugin v27.5 - https:\/\/yoast.com\/product\/yoast-seo-wordpress\/ -->\n<title>8. Zermatt Summit: \u201eNeue Gesch\u00e4ftsmodelle erobern die Welt\u201c - Organisator<\/title>\n<meta name=\"description\" content=\"Der Zermatt Summit: Die Referenz f\u00fcr ethisches Wirtschaften in einer globalisierten Welt. Der 8. Summit findet vom 12. bis 14. September 2019 statt.\" \/>\n<meta name=\"robots\" content=\"index, follow, max-snippet:-1, max-image-preview:large, max-video-preview:-1\" \/>\n<link rel=\"canonical\" href=\"https:\/\/www.organisator.ch\/it\/sostenibilita\/2019-06-13\/8-zermatt-summit-neue-geschaeftsmodelle-erobern-die-welt\/\" \/>\n<meta property=\"og:locale\" content=\"it_IT\" \/>\n<meta property=\"og:type\" content=\"article\" \/>\n<meta property=\"og:title\" content=\"8. Zermatt Summit: \u201eNeue Gesch\u00e4ftsmodelle erobern die Welt\u201c - Organisator\" \/>\n<meta property=\"og:description\" content=\"Der Zermatt Summit: Die Referenz f\u00fcr ethisches Wirtschaften in einer globalisierten Welt. Der 8. Summit findet vom 12. bis 14. September 2019 statt.\" \/>\n<meta property=\"og:url\" content=\"https:\/\/www.organisator.ch\/it\/sostenibilita\/2019-06-13\/8-zermatt-summit-neue-geschaeftsmodelle-erobern-die-welt\/\" \/>\n<meta property=\"og:site_name\" content=\"Organisator\" \/>\n<meta property=\"article:publisher\" content=\"https:\/\/www.facebook.com\/OrganisatorFachmagazin\" \/>\n<meta property=\"article:published_time\" content=\"2019-06-13T10:25:22+00:00\" \/>\n<meta property=\"article:modified_time\" content=\"2022-02-09T10:10:06+00:00\" \/>\n<meta property=\"og:image\" content=\"https:\/\/www.organisator.ch\/wp-content\/uploads\/2019\/06\/ZermattSummit-1024x576-1.jpg\" \/>\n\t<meta property=\"og:image:width\" content=\"1024\" \/>\n\t<meta property=\"og:image:height\" content=\"576\" \/>\n\t<meta property=\"og:image:type\" content=\"image\/jpeg\" \/>\n<meta name=\"author\" content=\"michael.merz\" \/>\n<meta name=\"twitter:card\" content=\"summary_large_image\" \/>\n<script type=\"application\/ld+json\" class=\"yoast-schema-graph\">{\"@context\":\"https:\\\/\\\/schema.org\",\"@graph\":[{\"@type\":\"Article\",\"@id\":\"https:\\\/\\\/www.organisator.ch\\\/sustainability\\\/2019-06-13\\\/8-zermatt-summit-neue-geschaeftsmodelle-erobern-die-welt\\\/#article\",\"isPartOf\":{\"@id\":\"https:\\\/\\\/www.organisator.ch\\\/sustainability\\\/2019-06-13\\\/8-zermatt-summit-neue-geschaeftsmodelle-erobern-die-welt\\\/\"},\"author\":{\"name\":\"michael.merz\",\"@id\":\"https:\\\/\\\/www.organisator.ch\\\/#\\\/schema\\\/person\\\/134708ca9321c57b0362cceb7948ffbd\"},\"headline\":\"8. Zermatt Summit: \u201eNeue Gesch\u00e4ftsmodelle erobern die Welt\u201c\",\"datePublished\":\"2019-06-13T10:25:22+00:00\",\"dateModified\":\"2022-02-09T10:10:06+00:00\",\"mainEntityOfPage\":{\"@id\":\"https:\\\/\\\/www.organisator.ch\\\/sustainability\\\/2019-06-13\\\/8-zermatt-summit-neue-geschaeftsmodelle-erobern-die-welt\\\/\"},\"wordCount\":265,\"commentCount\":0,\"publisher\":{\"@id\":\"https:\\\/\\\/www.organisator.ch\\\/#organization\"},\"image\":{\"@id\":\"https:\\\/\\\/www.organisator.ch\\\/sustainability\\\/2019-06-13\\\/8-zermatt-summit-neue-geschaeftsmodelle-erobern-die-welt\\\/#primaryimage\"},\"thumbnailUrl\":\"https:\\\/\\\/www.organisator.ch\\\/wp-content\\\/uploads\\\/2019\\\/06\\\/ZermattSummit-1024x576-1.jpg\",\"keywords\":[\"Ethische \u00d6konomie\",\"Leadship\",\"Summit\",\"Sustainability\",\"Zermatt\"],\"articleSection\":[\"SUSTAINABILITY\"],\"inLanguage\":\"it-IT\"},{\"@type\":\"WebPage\",\"@id\":\"https:\\\/\\\/www.organisator.ch\\\/sustainability\\\/2019-06-13\\\/8-zermatt-summit-neue-geschaeftsmodelle-erobern-die-welt\\\/\",\"url\":\"https:\\\/\\\/www.organisator.ch\\\/sustainability\\\/2019-06-13\\\/8-zermatt-summit-neue-geschaeftsmodelle-erobern-die-welt\\\/\",\"name\":\"8. Zermatt Summit: \u201eNeue Gesch\u00e4ftsmodelle erobern die Welt\u201c - Organisator\",\"isPartOf\":{\"@id\":\"https:\\\/\\\/www.organisator.ch\\\/#website\"},\"primaryImageOfPage\":{\"@id\":\"https:\\\/\\\/www.organisator.ch\\\/sustainability\\\/2019-06-13\\\/8-zermatt-summit-neue-geschaeftsmodelle-erobern-die-welt\\\/#primaryimage\"},\"image\":{\"@id\":\"https:\\\/\\\/www.organisator.ch\\\/sustainability\\\/2019-06-13\\\/8-zermatt-summit-neue-geschaeftsmodelle-erobern-die-welt\\\/#primaryimage\"},\"thumbnailUrl\":\"https:\\\/\\\/www.organisator.ch\\\/wp-content\\\/uploads\\\/2019\\\/06\\\/ZermattSummit-1024x576-1.jpg\",\"datePublished\":\"2019-06-13T10:25:22+00:00\",\"dateModified\":\"2022-02-09T10:10:06+00:00\",\"description\":\"Der Zermatt Summit: Die Referenz f\u00fcr ethisches Wirtschaften in einer globalisierten Welt. Der 8. Summit findet vom 12. bis 14. September 2019 statt.\",\"breadcrumb\":{\"@id\":\"https:\\\/\\\/www.organisator.ch\\\/sustainability\\\/2019-06-13\\\/8-zermatt-summit-neue-geschaeftsmodelle-erobern-die-welt\\\/#breadcrumb\"},\"inLanguage\":\"it-IT\",\"potentialAction\":[{\"@type\":\"ReadAction\",\"target\":[\"https:\\\/\\\/www.organisator.ch\\\/sustainability\\\/2019-06-13\\\/8-zermatt-summit-neue-geschaeftsmodelle-erobern-die-welt\\\/\"]}]},{\"@type\":\"ImageObject\",\"inLanguage\":\"it-IT\",\"@id\":\"https:\\\/\\\/www.organisator.ch\\\/sustainability\\\/2019-06-13\\\/8-zermatt-summit-neue-geschaeftsmodelle-erobern-die-welt\\\/#primaryimage\",\"url\":\"https:\\\/\\\/www.organisator.ch\\\/wp-content\\\/uploads\\\/2019\\\/06\\\/ZermattSummit-1024x576-1.jpg\",\"contentUrl\":\"https:\\\/\\\/www.organisator.ch\\\/wp-content\\\/uploads\\\/2019\\\/06\\\/ZermattSummit-1024x576-1.jpg\",\"width\":1024,\"height\":576,\"caption\":\"Zwischen Davos und Porto Allegre besteht eine Lu\u0308cke, die der Zermatt Summit schliessen will. (Bild: zVg)\"},{\"@type\":\"BreadcrumbList\",\"@id\":\"https:\\\/\\\/www.organisator.ch\\\/sustainability\\\/2019-06-13\\\/8-zermatt-summit-neue-geschaeftsmodelle-erobern-die-welt\\\/#breadcrumb\",\"itemListElement\":[{\"@type\":\"ListItem\",\"position\":1,\"name\":\"Home\",\"item\":\"https:\\\/\\\/www.organisator.ch\\\/\"},{\"@type\":\"ListItem\",\"position\":2,\"name\":\"8. Zermatt Summit: \u201eNeue Gesch\u00e4ftsmodelle erobern die Welt\u201c\"}]},{\"@type\":\"WebSite\",\"@id\":\"https:\\\/\\\/www.organisator.ch\\\/#website\",\"url\":\"https:\\\/\\\/www.organisator.ch\\\/\",\"name\":\"Organisator\",\"description\":\"Kompetent. Praxisnah. Der ORGANISATOR bereitet in 10 Ausgaben pro Jahr die wesentlichen Themen f\u00fcr F\u00fchrungskr\u00e4fte von KMU auf.\",\"publisher\":{\"@id\":\"https:\\\/\\\/www.organisator.ch\\\/#organization\"},\"potentialAction\":[{\"@type\":\"SearchAction\",\"target\":{\"@type\":\"EntryPoint\",\"urlTemplate\":\"https:\\\/\\\/www.organisator.ch\\\/?s={search_term_string}\"},\"query-input\":{\"@type\":\"PropertyValueSpecification\",\"valueRequired\":true,\"valueName\":\"search_term_string\"}}],\"inLanguage\":\"it-IT\"},{\"@type\":\"Organization\",\"@id\":\"https:\\\/\\\/www.organisator.ch\\\/#organization\",\"name\":\"Organisator\",\"url\":\"https:\\\/\\\/www.organisator.ch\\\/\",\"logo\":{\"@type\":\"ImageObject\",\"inLanguage\":\"it-IT\",\"@id\":\"https:\\\/\\\/www.organisator.ch\\\/#\\\/schema\\\/logo\\\/image\\\/\",\"url\":\"https:\\\/\\\/www.organisator.ch\\\/wp-content\\\/uploads\\\/2022\\\/01\\\/Logo_Organisator_Website.png\",\"contentUrl\":\"https:\\\/\\\/www.organisator.ch\\\/wp-content\\\/uploads\\\/2022\\\/01\\\/Logo_Organisator_Website.png\",\"width\":800,\"height\":77,\"caption\":\"Organisator\"},\"image\":{\"@id\":\"https:\\\/\\\/www.organisator.ch\\\/#\\\/schema\\\/logo\\\/image\\\/\"},\"sameAs\":[\"https:\\\/\\\/www.facebook.com\\\/OrganisatorFachmagazin\",\"https:\\\/\\\/www.linkedin.com\\\/showcase\\\/organisator-das-magazin-fr-kmu\",\"https:\\\/\\\/www.xing.com\\\/news\\\/pages\\\/organisator-ch-695\",\"https:\\\/\\\/www.youtube.com\\\/channel\\\/UCGP2Sq0iWaZwT3BdIAQFYpw\"]},{\"@type\":\"Person\",\"@id\":\"https:\\\/\\\/www.organisator.ch\\\/#\\\/schema\\\/person\\\/134708ca9321c57b0362cceb7948ffbd\",\"name\":\"michael.merz\",\"image\":{\"@type\":\"ImageObject\",\"inLanguage\":\"it-IT\",\"@id\":\"https:\\\/\\\/secure.gravatar.com\\\/avatar\\\/?s=96&d=mm&r=g\",\"url\":\"https:\\\/\\\/secure.gravatar.com\\\/avatar\\\/?s=96&d=mm&r=g\",\"contentUrl\":\"https:\\\/\\\/secure.gravatar.com\\\/avatar\\\/?s=96&d=mm&r=g\",\"caption\":\"michael.merz\"},\"url\":\"https:\\\/\\\/www.organisator.ch\\\/it\\\/author\\\/michael-merz\\\/\"}]}<\/script>\n<!-- \/ Yoast SEO plugin. -->","yoast_head_json":{"title":"8\u00b0 Summit di Zermatt: \"Nuovi modelli di business alla conquista del mondo\" - Organizzatore","description":"Il Summit di Zermatt: il riferimento per il business etico in un mondo globalizzato. L'ottavo vertice si terr\u00e0 dal 12 al 14 settembre 2019.","robots":{"index":"index","follow":"follow","max-snippet":"max-snippet:-1","max-image-preview":"max-image-preview:large","max-video-preview":"max-video-preview:-1"},"canonical":"https:\/\/www.organisator.ch\/it\/sostenibilita\/2019-06-13\/8-zermatt-summit-neue-geschaeftsmodelle-erobern-die-welt\/","og_locale":"it_IT","og_type":"article","og_title":"8. Zermatt Summit: \u201eNeue Gesch\u00e4ftsmodelle erobern die Welt\u201c - Organisator","og_description":"Der Zermatt Summit: Die Referenz f\u00fcr ethisches Wirtschaften in einer globalisierten Welt. Der 8. Summit findet vom 12. bis 14. September 2019 statt.","og_url":"https:\/\/www.organisator.ch\/it\/sostenibilita\/2019-06-13\/8-zermatt-summit-neue-geschaeftsmodelle-erobern-die-welt\/","og_site_name":"Organisator","article_publisher":"https:\/\/www.facebook.com\/OrganisatorFachmagazin","article_published_time":"2019-06-13T10:25:22+00:00","article_modified_time":"2022-02-09T10:10:06+00:00","og_image":[{"width":1024,"height":576,"url":"https:\/\/www.organisator.ch\/wp-content\/uploads\/2019\/06\/ZermattSummit-1024x576-1.jpg","type":"image\/jpeg"}],"author":"michael.merz","twitter_card":"summary_large_image","schema":{"@context":"https:\/\/schema.org","@graph":[{"@type":"Article","@id":"https:\/\/www.organisator.ch\/sustainability\/2019-06-13\/8-zermatt-summit-neue-geschaeftsmodelle-erobern-die-welt\/#article","isPartOf":{"@id":"https:\/\/www.organisator.ch\/sustainability\/2019-06-13\/8-zermatt-summit-neue-geschaeftsmodelle-erobern-die-welt\/"},"author":{"name":"michael.merz","@id":"https:\/\/www.organisator.ch\/#\/schema\/person\/134708ca9321c57b0362cceb7948ffbd"},"headline":"8. Zermatt Summit: \u201eNeue Gesch\u00e4ftsmodelle erobern die Welt\u201c","datePublished":"2019-06-13T10:25:22+00:00","dateModified":"2022-02-09T10:10:06+00:00","mainEntityOfPage":{"@id":"https:\/\/www.organisator.ch\/sustainability\/2019-06-13\/8-zermatt-summit-neue-geschaeftsmodelle-erobern-die-welt\/"},"wordCount":265,"commentCount":0,"publisher":{"@id":"https:\/\/www.organisator.ch\/#organization"},"image":{"@id":"https:\/\/www.organisator.ch\/sustainability\/2019-06-13\/8-zermatt-summit-neue-geschaeftsmodelle-erobern-die-welt\/#primaryimage"},"thumbnailUrl":"https:\/\/www.organisator.ch\/wp-content\/uploads\/2019\/06\/ZermattSummit-1024x576-1.jpg","keywords":["Ethische \u00d6konomie","Leadship","Summit","Sustainability","Zermatt"],"articleSection":["SUSTAINABILITY"],"inLanguage":"it-IT"},{"@type":"WebPage","@id":"https:\/\/www.organisator.ch\/sustainability\/2019-06-13\/8-zermatt-summit-neue-geschaeftsmodelle-erobern-die-welt\/","url":"https:\/\/www.organisator.ch\/sustainability\/2019-06-13\/8-zermatt-summit-neue-geschaeftsmodelle-erobern-die-welt\/","name":"8\u00b0 Summit di Zermatt: \"Nuovi modelli di business alla conquista del mondo\" - Organizzatore","isPartOf":{"@id":"https:\/\/www.organisator.ch\/#website"},"primaryImageOfPage":{"@id":"https:\/\/www.organisator.ch\/sustainability\/2019-06-13\/8-zermatt-summit-neue-geschaeftsmodelle-erobern-die-welt\/#primaryimage"},"image":{"@id":"https:\/\/www.organisator.ch\/sustainability\/2019-06-13\/8-zermatt-summit-neue-geschaeftsmodelle-erobern-die-welt\/#primaryimage"},"thumbnailUrl":"https:\/\/www.organisator.ch\/wp-content\/uploads\/2019\/06\/ZermattSummit-1024x576-1.jpg","datePublished":"2019-06-13T10:25:22+00:00","dateModified":"2022-02-09T10:10:06+00:00","description":"Il Summit di Zermatt: il riferimento per il business etico in un mondo globalizzato. L'ottavo vertice si terr\u00e0 dal 12 al 14 settembre 2019.","breadcrumb":{"@id":"https:\/\/www.organisator.ch\/sustainability\/2019-06-13\/8-zermatt-summit-neue-geschaeftsmodelle-erobern-die-welt\/#breadcrumb"},"inLanguage":"it-IT","potentialAction":[{"@type":"ReadAction","target":["https:\/\/www.organisator.ch\/sustainability\/2019-06-13\/8-zermatt-summit-neue-geschaeftsmodelle-erobern-die-welt\/"]}]},{"@type":"ImageObject","inLanguage":"it-IT","@id":"https:\/\/www.organisator.ch\/sustainability\/2019-06-13\/8-zermatt-summit-neue-geschaeftsmodelle-erobern-die-welt\/#primaryimage","url":"https:\/\/www.organisator.ch\/wp-content\/uploads\/2019\/06\/ZermattSummit-1024x576-1.jpg","contentUrl":"https:\/\/www.organisator.ch\/wp-content\/uploads\/2019\/06\/ZermattSummit-1024x576-1.jpg","width":1024,"height":576,"caption":"Zwischen Davos und Porto Allegre besteht eine Lu\u0308cke, die der Zermatt Summit schliessen will. (Bild: zVg)"},{"@type":"BreadcrumbList","@id":"https:\/\/www.organisator.ch\/sustainability\/2019-06-13\/8-zermatt-summit-neue-geschaeftsmodelle-erobern-die-welt\/#breadcrumb","itemListElement":[{"@type":"ListItem","position":1,"name":"Home","item":"https:\/\/www.organisator.ch\/"},{"@type":"ListItem","position":2,"name":"8. Zermatt Summit: \u201eNeue Gesch\u00e4ftsmodelle erobern die Welt\u201c"}]},{"@type":"WebSite","@id":"https:\/\/www.organisator.ch\/#website","url":"https:\/\/www.organisator.ch\/","name":"Organizzatore","description":"Competente. Pratico. In 10 numeri all'anno, ORGANISATOR presenta i temi essenziali per i manager delle PMI.","publisher":{"@id":"https:\/\/www.organisator.ch\/#organization"},"potentialAction":[{"@type":"SearchAction","target":{"@type":"EntryPoint","urlTemplate":"https:\/\/www.organisator.ch\/?s={search_term_string}"},"query-input":{"@type":"PropertyValueSpecification","valueRequired":true,"valueName":"search_term_string"}}],"inLanguage":"it-IT"},{"@type":"Organization","@id":"https:\/\/www.organisator.ch\/#organization","name":"Organizzatore","url":"https:\/\/www.organisator.ch\/","logo":{"@type":"ImageObject","inLanguage":"it-IT","@id":"https:\/\/www.organisator.ch\/#\/schema\/logo\/image\/","url":"https:\/\/www.organisator.ch\/wp-content\/uploads\/2022\/01\/Logo_Organisator_Website.png","contentUrl":"https:\/\/www.organisator.ch\/wp-content\/uploads\/2022\/01\/Logo_Organisator_Website.png","width":800,"height":77,"caption":"Organisator"},"image":{"@id":"https:\/\/www.organisator.ch\/#\/schema\/logo\/image\/"},"sameAs":["https:\/\/www.facebook.com\/OrganisatorFachmagazin","https:\/\/www.linkedin.com\/showcase\/organisator-das-magazin-fr-kmu","https:\/\/www.xing.com\/news\/pages\/organisator-ch-695","https:\/\/www.youtube.com\/channel\/UCGP2Sq0iWaZwT3BdIAQFYpw"]},{"@type":"Person","@id":"https:\/\/www.organisator.ch\/#\/schema\/person\/134708ca9321c57b0362cceb7948ffbd","name":"michael.merz","image":{"@type":"ImageObject","inLanguage":"it-IT","@id":"https:\/\/secure.gravatar.com\/avatar\/?s=96&d=mm&r=g","url":"https:\/\/secure.gravatar.com\/avatar\/?s=96&d=mm&r=g","contentUrl":"https:\/\/secure.gravatar.com\/avatar\/?s=96&d=mm&r=g","caption":"michael.merz"},"url":"https:\/\/www.organisator.ch\/it\/author\/michael-merz\/"}]}},"_links":{"self":[{"href":"https:\/\/www.organisator.ch\/it\/wp-json\/wp\/v2\/posts\/2189","targetHints":{"allow":["GET"]}}],"collection":[{"href":"https:\/\/www.organisator.ch\/it\/wp-json\/wp\/v2\/posts"}],"about":[{"href":"https:\/\/www.organisator.ch\/it\/wp-json\/wp\/v2\/types\/post"}],"author":[{"embeddable":true,"href":"https:\/\/www.organisator.ch\/it\/wp-json\/wp\/v2\/users\/5"}],"replies":[{"embeddable":true,"href":"https:\/\/www.organisator.ch\/it\/wp-json\/wp\/v2\/comments?post=2189"}],"version-history":[{"count":1,"href":"https:\/\/www.organisator.ch\/it\/wp-json\/wp\/v2\/posts\/2189\/revisions"}],"predecessor-version":[{"id":10902,"href":"https:\/\/www.organisator.ch\/it\/wp-json\/wp\/v2\/posts\/2189\/revisions\/10902"}],"wp:featuredmedia":[{"embeddable":true,"href":"https:\/\/www.organisator.ch\/it\/wp-json\/wp\/v2\/media\/2190"}],"wp:attachment":[{"href":"https:\/\/www.organisator.ch\/it\/wp-json\/wp\/v2\/media?parent=2189"}],"wp:term":[{"taxonomy":"category","embeddable":true,"href":"https:\/\/www.organisator.ch\/it\/wp-json\/wp\/v2\/categories?post=2189"},{"taxonomy":"post_tag","embeddable":true,"href":"https:\/\/www.organisator.ch\/it\/wp-json\/wp\/v2\/tags?post=2189"}],"curies":[{"name":"wp","href":"https:\/\/api.w.org\/{rel}","templated":true}]}}