{"id":21896,"date":"2023-09-25T09:54:54","date_gmt":"2023-09-25T07:54:54","guid":{"rendered":"https:\/\/www.m-q.ch\/?p=18512"},"modified":"2024-11-14T09:18:27","modified_gmt":"2024-11-14T08:18:27","slug":"control-2024-zum-18-mal-mit-sonderschau-beruehrungslose-messtechnik","status":"publish","type":"post","link":"https:\/\/www.organisator.ch\/it\/operational-excellence\/2023-09-25\/control-2024-zum-18-mal-mit-sonderschau-beruehrungslose-messtechnik\/","title":{"rendered":"Control 2024: per la 18a volta con la mostra speciale \"Tecnologia di misura senza contatto"},"content":{"rendered":"<figure id=\"attachment_18513\" class=\"wp-caption alignnone\" style=\"width: 680px\" aria-describedby=\"caption-attachment-18513\"><img class=\"alignnone wp-image-18513 size-full\" src=\"https:\/\/www.m-q.ch\/wp-content\/uploads\/2023\/09\/Control-2024-Zum-18.-Mal-mit-Sonderschau-Beruehrungslose-Messtechnik_MQ.jpg\" alt=\"Spettacolo speciale Control 2024\" width=\"680\" height=\"420\" \/>\r\n<figcaption id=\"caption-attachment-18513\" class=\"wp-caption-text\">Control 2024 includer\u00e0 ancora una volta la mostra speciale sulla \"Tecnologia di misura senza contatto\". (Immagine: P.E. Schall Messen GmbH \/ Fraunhofer Gesellschaft)<\/figcaption>\r\n<\/figure>\r\n<p>La mostra speciale presenter\u00e0 su una superficie di circa 300 metri quadrati una sezione di tecnologie, applicazioni e componenti di sistema innovativi nel campo delle tecnologie di misura e collaudo senza contatto e offrir\u00e0 agli utenti una prima guida nella scelta della tecnologia adatta ad affrontare i propri compiti di collaudo. (Le aziende, gli istituti di ricerca e le universit\u00e0 interessate a partecipare sono pregate di presentare una proposta espositiva alla Fraunhofer Vision Business Unit entro il 13 ottobre 2023, allegando un titolo e una breve descrizione: <a href=\"mailto:vision@fraunhofer.de\">vision@fraunhofer.de<\/a>). \u00a0\u00a0<\/p>\r\n<h3>Mostra speciale come parte integrante della fiera<\/h3>\r\n<p>Negli ultimi anni, la mostra speciale \"Tecnologia di misura senza contatto\" si \u00e8 affermata con successo come luogo di comunicazione e scambio di innovazioni tra espositori e visitatori della fiera. Ora \u00e8 saldamente integrato nel programma della fiera Control.  Le prestazioni e la flessibilit\u00e0 dei sistemi moderni sono in costante crescita, per cui non \u00e8 facile per gli utenti orientarsi sul mercato.<\/p>\r\n<p>Come ogni anno, verranno presentati gli ultimi sviluppi e i sistemi innovativi di misura e collaudo che operano senza contatto. Da un lato, l'attenzione sar\u00e0 rivolta all'ispezione o alla misurazione di caratteristiche esterne o visibili di componenti o materiali. Le tecnologie pertinenti sono, ad esempio, la sezionatura della luce, la proiezione di frange, la fotogrammetria, l'interferometria a luce bianca, l'olografia, i metodi di misurazione a tempo di volo o confocali. Inoltre, viene fornita una piattaforma per la misurazione e il test di tecniche per l'interno dei materiali che operano nella parte non visibile dello spettro di lunghezze d'onda, come la termografia, i raggi X, gli ultrasuoni o i terahertz, o metodi spettroscopici come l'imaging iperspettrale.<\/p>\r\n<p>La mostra speciale offre anche un'eccellente opportunit\u00e0 per presentare esposizioni nel campo dell'intelligenza artificiale e dell'apprendimento automatico nell'elaborazione delle immagini. Si tratta di un aspetto particolarmente rilevante in quanto vi \u00e8 un notevole interesse da parte dei potenziali utenti per le informazioni su questo argomento.<\/p>\r\n<h3>Control 2024 vuole costruire sul successo del 2023<\/h3>\r\n<p>L'ispezione e l'assicurazione della qualit\u00e0 hanno acquisito un'importanza senza precedenti. L'analisi integrata nella produzione delle propriet\u00e0 e delle condizioni dei pezzi e dei prodotti \u00e8 essenziale per la qualit\u00e0 della produzione. L'efficienza, la conservazione delle risorse e la sostenibilit\u00e0 possono essere implementate solo attraverso metodi moderni di misurazione e test. Control mette in contatto fornitori e utenti a livello visivo. Control 2024 mira a costruire sul successo di Control 2023: secondo gli organizzatori, i partecipanti e gli espositori, \u00e8 stato puro entusiasmo. \"Che settimana fantastica alla fiera Control di quest'anno!\". Questo \u00e8 stato il sunto sentito da espositori e visitatori del settore ovunque nel maggio 2023. Anche quest'anno, quindi, nei padiglioni espositivi di Control 2024 saranno esposte soluzioni impressionanti e all'avanguardia per l'assicurazione della qualit\u00e0.\u00a0<\/p>\r\n<p><em>Fonti: <a href=\"http:\/\/www.control-messe.de\/\">www.control-messe.de; <\/a><a href=\"https:\/\/www.vision.fraunhofer.de\/\">www.vision.fraunhofer.de<\/a><\/em><\/p>\n<p class=\"syndicated-attribution\">Questo articolo \u00e8 apparso originariamente su m-q.ch - <a href=\"https:\/\/www.m-q.ch\/de\/control-2024-zum-18-mal-mit-sonderschau-beruehrungslose-messtechnik\/\" target=\"_blank\">https:\/\/www.m-q.ch\/de\/control-2024-zum-18-mal-mit-sonderschau-beruehrungslose-messtechnik\/<\/a><\/p>","protected":false},"excerpt":{"rendered":"<p>Nell'ambito di Control 2024, la principale fiera internazionale per il controllo della qualit\u00e0, che si terr\u00e0 a Stoccarda dal 23 al 26 aprile 2024, la Fraunhofer Vision Business Unit, in collaborazione con P. E. Schall GmbH &amp; Co. KG organizzer\u00e0 per la diciottesima volta la mostra speciale \"Contactless Measurement Technology\".<\/p>","protected":false},"author":8,"featured_media":0,"comment_status":"closed","ping_status":"closed","sticky":false,"template":"","format":"standard","meta":{"_acf_changed":false,"_yoast_wpseo_focuskw":"Control 2024 Sonderschau","_yoast_wpseo_metadesc":"Control 2024 Sonderschau: Innovationen in ber\u00fchrungsloser Messtechnik und Qualit\u00e4tssicherung auf 300 Quadratmetern.","articlekey":"","footnotes":""},"categories":[582],"tags":[3948],"class_list":["post-21896","post","type-post","status-publish","format-standard","hentry","category-operational-excellence","tag-control-2024"],"acf":[],"yoast_head":"<!-- This site is optimized with the Yoast SEO plugin v27.5 - https:\/\/yoast.com\/product\/yoast-seo-wordpress\/ -->\n<title>Control 2024: Zum 18. Mal mit Sonderschau \u201eBer\u00fchrungslose Messtechnik\u201c - Organisator<\/title>\n<meta name=\"description\" content=\"Control 2024 Sonderschau: Innovationen in ber\u00fchrungsloser Messtechnik und Qualit\u00e4tssicherung auf 300 Quadratmetern.\" \/>\n<meta name=\"robots\" content=\"index, follow, max-snippet:-1, max-image-preview:large, max-video-preview:-1\" \/>\n<link rel=\"canonical\" href=\"https:\/\/www.organisator.ch\/it\/eccellenza-operativa\/2023-09-25\/control-2024-zum-18-mal-mit-sonderschau-beruehrungslose-messtechnik\/\" \/>\n<meta property=\"og:locale\" content=\"it_IT\" \/>\n<meta property=\"og:type\" content=\"article\" \/>\n<meta property=\"og:title\" content=\"Control 2024: Zum 18. Mal mit Sonderschau \u201eBer\u00fchrungslose Messtechnik\u201c - Organisator\" \/>\n<meta property=\"og:description\" content=\"Control 2024 Sonderschau: Innovationen in ber\u00fchrungsloser Messtechnik und Qualit\u00e4tssicherung auf 300 Quadratmetern.\" \/>\n<meta property=\"og:url\" content=\"https:\/\/www.organisator.ch\/it\/eccellenza-operativa\/2023-09-25\/control-2024-zum-18-mal-mit-sonderschau-beruehrungslose-messtechnik\/\" \/>\n<meta property=\"og:site_name\" content=\"Organisator\" \/>\n<meta property=\"article:publisher\" content=\"https:\/\/www.facebook.com\/OrganisatorFachmagazin\" \/>\n<meta property=\"article:published_time\" content=\"2023-09-25T07:54:54+00:00\" \/>\n<meta property=\"article:modified_time\" content=\"2024-11-14T08:18:27+00:00\" \/>\n<meta name=\"author\" content=\"galledia\" \/>\n<meta name=\"twitter:card\" content=\"summary_large_image\" \/>\n<meta name=\"twitter:creator\" content=\"@admin\" \/>\n<script type=\"application\/ld+json\" class=\"yoast-schema-graph\">{\"@context\":\"https:\\\/\\\/schema.org\",\"@graph\":[{\"@type\":\"Article\",\"@id\":\"https:\\\/\\\/www.organisator.ch\\\/operational-excellence\\\/2023-09-25\\\/control-2024-zum-18-mal-mit-sonderschau-beruehrungslose-messtechnik\\\/#article\",\"isPartOf\":{\"@id\":\"https:\\\/\\\/www.organisator.ch\\\/operational-excellence\\\/2023-09-25\\\/control-2024-zum-18-mal-mit-sonderschau-beruehrungslose-messtechnik\\\/\"},\"author\":{\"name\":\"galledia\",\"@id\":\"https:\\\/\\\/www.organisator.ch\\\/#\\\/schema\\\/person\\\/4e51799071cd2dd1232ac003643ef5f0\"},\"headline\":\"Control 2024: Zum 18. Mal mit Sonderschau \u201eBer\u00fchrungslose Messtechnik\u201c\",\"datePublished\":\"2023-09-25T07:54:54+00:00\",\"dateModified\":\"2024-11-14T08:18:27+00:00\",\"mainEntityOfPage\":{\"@id\":\"https:\\\/\\\/www.organisator.ch\\\/operational-excellence\\\/2023-09-25\\\/control-2024-zum-18-mal-mit-sonderschau-beruehrungslose-messtechnik\\\/\"},\"wordCount\":453,\"publisher\":{\"@id\":\"https:\\\/\\\/www.organisator.ch\\\/#organization\"},\"image\":{\"@id\":\"https:\\\/\\\/www.organisator.ch\\\/operational-excellence\\\/2023-09-25\\\/control-2024-zum-18-mal-mit-sonderschau-beruehrungslose-messtechnik\\\/#primaryimage\"},\"thumbnailUrl\":\"https:\\\/\\\/www.m-q.ch\\\/wp-content\\\/uploads\\\/2023\\\/09\\\/Control-2024-Zum-18.-Mal-mit-Sonderschau-Beruehrungslose-Messtechnik_MQ.jpg\",\"keywords\":[\"Control 2024\"],\"articleSection\":[\"OPERATIONAL EXCELLENCE\"],\"inLanguage\":\"it-IT\"},{\"@type\":\"WebPage\",\"@id\":\"https:\\\/\\\/www.organisator.ch\\\/operational-excellence\\\/2023-09-25\\\/control-2024-zum-18-mal-mit-sonderschau-beruehrungslose-messtechnik\\\/\",\"url\":\"https:\\\/\\\/www.organisator.ch\\\/operational-excellence\\\/2023-09-25\\\/control-2024-zum-18-mal-mit-sonderschau-beruehrungslose-messtechnik\\\/\",\"name\":\"Control 2024: Zum 18. Mal mit Sonderschau \u201eBer\u00fchrungslose Messtechnik\u201c - Organisator\",\"isPartOf\":{\"@id\":\"https:\\\/\\\/www.organisator.ch\\\/#website\"},\"primaryImageOfPage\":{\"@id\":\"https:\\\/\\\/www.organisator.ch\\\/operational-excellence\\\/2023-09-25\\\/control-2024-zum-18-mal-mit-sonderschau-beruehrungslose-messtechnik\\\/#primaryimage\"},\"image\":{\"@id\":\"https:\\\/\\\/www.organisator.ch\\\/operational-excellence\\\/2023-09-25\\\/control-2024-zum-18-mal-mit-sonderschau-beruehrungslose-messtechnik\\\/#primaryimage\"},\"thumbnailUrl\":\"https:\\\/\\\/www.m-q.ch\\\/wp-content\\\/uploads\\\/2023\\\/09\\\/Control-2024-Zum-18.-Mal-mit-Sonderschau-Beruehrungslose-Messtechnik_MQ.jpg\",\"datePublished\":\"2023-09-25T07:54:54+00:00\",\"dateModified\":\"2024-11-14T08:18:27+00:00\",\"description\":\"Control 2024 Sonderschau: Innovationen in ber\u00fchrungsloser Messtechnik und Qualit\u00e4tssicherung auf 300 Quadratmetern.\",\"breadcrumb\":{\"@id\":\"https:\\\/\\\/www.organisator.ch\\\/operational-excellence\\\/2023-09-25\\\/control-2024-zum-18-mal-mit-sonderschau-beruehrungslose-messtechnik\\\/#breadcrumb\"},\"inLanguage\":\"it-IT\",\"potentialAction\":[{\"@type\":\"ReadAction\",\"target\":[\"https:\\\/\\\/www.organisator.ch\\\/operational-excellence\\\/2023-09-25\\\/control-2024-zum-18-mal-mit-sonderschau-beruehrungslose-messtechnik\\\/\"]}]},{\"@type\":\"ImageObject\",\"inLanguage\":\"it-IT\",\"@id\":\"https:\\\/\\\/www.organisator.ch\\\/operational-excellence\\\/2023-09-25\\\/control-2024-zum-18-mal-mit-sonderschau-beruehrungslose-messtechnik\\\/#primaryimage\",\"url\":\"https:\\\/\\\/www.m-q.ch\\\/wp-content\\\/uploads\\\/2023\\\/09\\\/Control-2024-Zum-18.-Mal-mit-Sonderschau-Beruehrungslose-Messtechnik_MQ.jpg\",\"contentUrl\":\"https:\\\/\\\/www.m-q.ch\\\/wp-content\\\/uploads\\\/2023\\\/09\\\/Control-2024-Zum-18.-Mal-mit-Sonderschau-Beruehrungslose-Messtechnik_MQ.jpg\"},{\"@type\":\"BreadcrumbList\",\"@id\":\"https:\\\/\\\/www.organisator.ch\\\/operational-excellence\\\/2023-09-25\\\/control-2024-zum-18-mal-mit-sonderschau-beruehrungslose-messtechnik\\\/#breadcrumb\",\"itemListElement\":[{\"@type\":\"ListItem\",\"position\":1,\"name\":\"Home\",\"item\":\"https:\\\/\\\/www.organisator.ch\\\/\"},{\"@type\":\"ListItem\",\"position\":2,\"name\":\"Control 2024: Zum 18. Mal mit Sonderschau \u201eBer\u00fchrungslose Messtechnik\u201c\"}]},{\"@type\":\"WebSite\",\"@id\":\"https:\\\/\\\/www.organisator.ch\\\/#website\",\"url\":\"https:\\\/\\\/www.organisator.ch\\\/\",\"name\":\"Organisator\",\"description\":\"Kompetent. Praxisnah. Der ORGANISATOR bereitet in 10 Ausgaben pro Jahr die wesentlichen Themen f\u00fcr F\u00fchrungskr\u00e4fte von KMU auf.\",\"publisher\":{\"@id\":\"https:\\\/\\\/www.organisator.ch\\\/#organization\"},\"potentialAction\":[{\"@type\":\"SearchAction\",\"target\":{\"@type\":\"EntryPoint\",\"urlTemplate\":\"https:\\\/\\\/www.organisator.ch\\\/?s={search_term_string}\"},\"query-input\":{\"@type\":\"PropertyValueSpecification\",\"valueRequired\":true,\"valueName\":\"search_term_string\"}}],\"inLanguage\":\"it-IT\"},{\"@type\":\"Organization\",\"@id\":\"https:\\\/\\\/www.organisator.ch\\\/#organization\",\"name\":\"Organisator\",\"url\":\"https:\\\/\\\/www.organisator.ch\\\/\",\"logo\":{\"@type\":\"ImageObject\",\"inLanguage\":\"it-IT\",\"@id\":\"https:\\\/\\\/www.organisator.ch\\\/#\\\/schema\\\/logo\\\/image\\\/\",\"url\":\"https:\\\/\\\/www.organisator.ch\\\/wp-content\\\/uploads\\\/2022\\\/01\\\/Logo_Organisator_Website.png\",\"contentUrl\":\"https:\\\/\\\/www.organisator.ch\\\/wp-content\\\/uploads\\\/2022\\\/01\\\/Logo_Organisator_Website.png\",\"width\":800,\"height\":77,\"caption\":\"Organisator\"},\"image\":{\"@id\":\"https:\\\/\\\/www.organisator.ch\\\/#\\\/schema\\\/logo\\\/image\\\/\"},\"sameAs\":[\"https:\\\/\\\/www.facebook.com\\\/OrganisatorFachmagazin\",\"https:\\\/\\\/www.linkedin.com\\\/showcase\\\/organisator-das-magazin-fr-kmu\",\"https:\\\/\\\/www.xing.com\\\/news\\\/pages\\\/organisator-ch-695\",\"https:\\\/\\\/www.youtube.com\\\/channel\\\/UCGP2Sq0iWaZwT3BdIAQFYpw\"]},{\"@type\":\"Person\",\"@id\":\"https:\\\/\\\/www.organisator.ch\\\/#\\\/schema\\\/person\\\/4e51799071cd2dd1232ac003643ef5f0\",\"name\":\"galledia\",\"image\":{\"@type\":\"ImageObject\",\"inLanguage\":\"it-IT\",\"@id\":\"https:\\\/\\\/secure.gravatar.com\\\/avatar\\\/78a7f90c01fc2bfc875782a0d4922b37cde2cf184ce347b91316d23cd7f69a36?s=96&d=mm&r=g\",\"url\":\"https:\\\/\\\/secure.gravatar.com\\\/avatar\\\/78a7f90c01fc2bfc875782a0d4922b37cde2cf184ce347b91316d23cd7f69a36?s=96&d=mm&r=g\",\"contentUrl\":\"https:\\\/\\\/secure.gravatar.com\\\/avatar\\\/78a7f90c01fc2bfc875782a0d4922b37cde2cf184ce347b91316d23cd7f69a36?s=96&d=mm&r=g\",\"caption\":\"galledia\"},\"sameAs\":[\"https:\\\/\\\/x.com\\\/admin\"],\"url\":\"https:\\\/\\\/www.organisator.ch\\\/it\\\/author\\\/galledia\\\/\"}]}<\/script>\n<!-- \/ Yoast SEO plugin. -->","yoast_head_json":{"title":"Control 2024: per la 18a volta con la mostra speciale \"Tecnologia di misura senza contatto\" - Organizzatore","description":"Mostra speciale Control 2024: Innovazioni nella tecnologia di misura senza contatto e nel controllo qualit\u00e0 su 300 metri quadrati.","robots":{"index":"index","follow":"follow","max-snippet":"max-snippet:-1","max-image-preview":"max-image-preview:large","max-video-preview":"max-video-preview:-1"},"canonical":"https:\/\/www.organisator.ch\/it\/eccellenza-operativa\/2023-09-25\/control-2024-zum-18-mal-mit-sonderschau-beruehrungslose-messtechnik\/","og_locale":"it_IT","og_type":"article","og_title":"Control 2024: Zum 18. Mal mit Sonderschau \u201eBer\u00fchrungslose Messtechnik\u201c - Organisator","og_description":"Control 2024 Sonderschau: Innovationen in ber\u00fchrungsloser Messtechnik und Qualit\u00e4tssicherung auf 300 Quadratmetern.","og_url":"https:\/\/www.organisator.ch\/it\/eccellenza-operativa\/2023-09-25\/control-2024-zum-18-mal-mit-sonderschau-beruehrungslose-messtechnik\/","og_site_name":"Organisator","article_publisher":"https:\/\/www.facebook.com\/OrganisatorFachmagazin","article_published_time":"2023-09-25T07:54:54+00:00","article_modified_time":"2024-11-14T08:18:27+00:00","author":"galledia","twitter_card":"summary_large_image","twitter_creator":"@admin","schema":{"@context":"https:\/\/schema.org","@graph":[{"@type":"Article","@id":"https:\/\/www.organisator.ch\/operational-excellence\/2023-09-25\/control-2024-zum-18-mal-mit-sonderschau-beruehrungslose-messtechnik\/#article","isPartOf":{"@id":"https:\/\/www.organisator.ch\/operational-excellence\/2023-09-25\/control-2024-zum-18-mal-mit-sonderschau-beruehrungslose-messtechnik\/"},"author":{"name":"galledia","@id":"https:\/\/www.organisator.ch\/#\/schema\/person\/4e51799071cd2dd1232ac003643ef5f0"},"headline":"Control 2024: Zum 18. Mal mit Sonderschau \u201eBer\u00fchrungslose Messtechnik\u201c","datePublished":"2023-09-25T07:54:54+00:00","dateModified":"2024-11-14T08:18:27+00:00","mainEntityOfPage":{"@id":"https:\/\/www.organisator.ch\/operational-excellence\/2023-09-25\/control-2024-zum-18-mal-mit-sonderschau-beruehrungslose-messtechnik\/"},"wordCount":453,"publisher":{"@id":"https:\/\/www.organisator.ch\/#organization"},"image":{"@id":"https:\/\/www.organisator.ch\/operational-excellence\/2023-09-25\/control-2024-zum-18-mal-mit-sonderschau-beruehrungslose-messtechnik\/#primaryimage"},"thumbnailUrl":"https:\/\/www.m-q.ch\/wp-content\/uploads\/2023\/09\/Control-2024-Zum-18.-Mal-mit-Sonderschau-Beruehrungslose-Messtechnik_MQ.jpg","keywords":["Control 2024"],"articleSection":["OPERATIONAL EXCELLENCE"],"inLanguage":"it-IT"},{"@type":"WebPage","@id":"https:\/\/www.organisator.ch\/operational-excellence\/2023-09-25\/control-2024-zum-18-mal-mit-sonderschau-beruehrungslose-messtechnik\/","url":"https:\/\/www.organisator.ch\/operational-excellence\/2023-09-25\/control-2024-zum-18-mal-mit-sonderschau-beruehrungslose-messtechnik\/","name":"Control 2024: per la 18a volta con la mostra speciale \"Tecnologia di misura senza contatto\" - Organizzatore","isPartOf":{"@id":"https:\/\/www.organisator.ch\/#website"},"primaryImageOfPage":{"@id":"https:\/\/www.organisator.ch\/operational-excellence\/2023-09-25\/control-2024-zum-18-mal-mit-sonderschau-beruehrungslose-messtechnik\/#primaryimage"},"image":{"@id":"https:\/\/www.organisator.ch\/operational-excellence\/2023-09-25\/control-2024-zum-18-mal-mit-sonderschau-beruehrungslose-messtechnik\/#primaryimage"},"thumbnailUrl":"https:\/\/www.m-q.ch\/wp-content\/uploads\/2023\/09\/Control-2024-Zum-18.-Mal-mit-Sonderschau-Beruehrungslose-Messtechnik_MQ.jpg","datePublished":"2023-09-25T07:54:54+00:00","dateModified":"2024-11-14T08:18:27+00:00","description":"Mostra speciale Control 2024: Innovazioni nella tecnologia di misura senza contatto e nel controllo qualit\u00e0 su 300 metri quadrati.","breadcrumb":{"@id":"https:\/\/www.organisator.ch\/operational-excellence\/2023-09-25\/control-2024-zum-18-mal-mit-sonderschau-beruehrungslose-messtechnik\/#breadcrumb"},"inLanguage":"it-IT","potentialAction":[{"@type":"ReadAction","target":["https:\/\/www.organisator.ch\/operational-excellence\/2023-09-25\/control-2024-zum-18-mal-mit-sonderschau-beruehrungslose-messtechnik\/"]}]},{"@type":"ImageObject","inLanguage":"it-IT","@id":"https:\/\/www.organisator.ch\/operational-excellence\/2023-09-25\/control-2024-zum-18-mal-mit-sonderschau-beruehrungslose-messtechnik\/#primaryimage","url":"https:\/\/www.m-q.ch\/wp-content\/uploads\/2023\/09\/Control-2024-Zum-18.-Mal-mit-Sonderschau-Beruehrungslose-Messtechnik_MQ.jpg","contentUrl":"https:\/\/www.m-q.ch\/wp-content\/uploads\/2023\/09\/Control-2024-Zum-18.-Mal-mit-Sonderschau-Beruehrungslose-Messtechnik_MQ.jpg"},{"@type":"BreadcrumbList","@id":"https:\/\/www.organisator.ch\/operational-excellence\/2023-09-25\/control-2024-zum-18-mal-mit-sonderschau-beruehrungslose-messtechnik\/#breadcrumb","itemListElement":[{"@type":"ListItem","position":1,"name":"Home","item":"https:\/\/www.organisator.ch\/"},{"@type":"ListItem","position":2,"name":"Control 2024: Zum 18. Mal mit Sonderschau \u201eBer\u00fchrungslose Messtechnik\u201c"}]},{"@type":"WebSite","@id":"https:\/\/www.organisator.ch\/#website","url":"https:\/\/www.organisator.ch\/","name":"Organizzatore","description":"Competente. Pratico. In 10 numeri all'anno, ORGANISATOR presenta i temi essenziali per i manager delle PMI.","publisher":{"@id":"https:\/\/www.organisator.ch\/#organization"},"potentialAction":[{"@type":"SearchAction","target":{"@type":"EntryPoint","urlTemplate":"https:\/\/www.organisator.ch\/?s={search_term_string}"},"query-input":{"@type":"PropertyValueSpecification","valueRequired":true,"valueName":"search_term_string"}}],"inLanguage":"it-IT"},{"@type":"Organization","@id":"https:\/\/www.organisator.ch\/#organization","name":"Organizzatore","url":"https:\/\/www.organisator.ch\/","logo":{"@type":"ImageObject","inLanguage":"it-IT","@id":"https:\/\/www.organisator.ch\/#\/schema\/logo\/image\/","url":"https:\/\/www.organisator.ch\/wp-content\/uploads\/2022\/01\/Logo_Organisator_Website.png","contentUrl":"https:\/\/www.organisator.ch\/wp-content\/uploads\/2022\/01\/Logo_Organisator_Website.png","width":800,"height":77,"caption":"Organisator"},"image":{"@id":"https:\/\/www.organisator.ch\/#\/schema\/logo\/image\/"},"sameAs":["https:\/\/www.facebook.com\/OrganisatorFachmagazin","https:\/\/www.linkedin.com\/showcase\/organisator-das-magazin-fr-kmu","https:\/\/www.xing.com\/news\/pages\/organisator-ch-695","https:\/\/www.youtube.com\/channel\/UCGP2Sq0iWaZwT3BdIAQFYpw"]},{"@type":"Person","@id":"https:\/\/www.organisator.ch\/#\/schema\/person\/4e51799071cd2dd1232ac003643ef5f0","name":"galledia","image":{"@type":"ImageObject","inLanguage":"it-IT","@id":"https:\/\/secure.gravatar.com\/avatar\/78a7f90c01fc2bfc875782a0d4922b37cde2cf184ce347b91316d23cd7f69a36?s=96&d=mm&r=g","url":"https:\/\/secure.gravatar.com\/avatar\/78a7f90c01fc2bfc875782a0d4922b37cde2cf184ce347b91316d23cd7f69a36?s=96&d=mm&r=g","contentUrl":"https:\/\/secure.gravatar.com\/avatar\/78a7f90c01fc2bfc875782a0d4922b37cde2cf184ce347b91316d23cd7f69a36?s=96&d=mm&r=g","caption":"galledia"},"sameAs":["https:\/\/x.com\/admin"],"url":"https:\/\/www.organisator.ch\/it\/author\/galledia\/"}]}},"_links":{"self":[{"href":"https:\/\/www.organisator.ch\/it\/wp-json\/wp\/v2\/posts\/21896","targetHints":{"allow":["GET"]}}],"collection":[{"href":"https:\/\/www.organisator.ch\/it\/wp-json\/wp\/v2\/posts"}],"about":[{"href":"https:\/\/www.organisator.ch\/it\/wp-json\/wp\/v2\/types\/post"}],"author":[{"embeddable":true,"href":"https:\/\/www.organisator.ch\/it\/wp-json\/wp\/v2\/users\/8"}],"replies":[{"embeddable":true,"href":"https:\/\/www.organisator.ch\/it\/wp-json\/wp\/v2\/comments?post=21896"}],"version-history":[{"count":3,"href":"https:\/\/www.organisator.ch\/it\/wp-json\/wp\/v2\/posts\/21896\/revisions"}],"predecessor-version":[{"id":32857,"href":"https:\/\/www.organisator.ch\/it\/wp-json\/wp\/v2\/posts\/21896\/revisions\/32857"}],"wp:attachment":[{"href":"https:\/\/www.organisator.ch\/it\/wp-json\/wp\/v2\/media?parent=21896"}],"wp:term":[{"taxonomy":"category","embeddable":true,"href":"https:\/\/www.organisator.ch\/it\/wp-json\/wp\/v2\/categories?post=21896"},{"taxonomy":"post_tag","embeddable":true,"href":"https:\/\/www.organisator.ch\/it\/wp-json\/wp\/v2\/tags?post=21896"}],"curies":[{"name":"wp","href":"https:\/\/api.w.org\/{rel}","templated":true}]}}