{"id":21960,"date":"2023-09-27T08:52:16","date_gmt":"2023-09-27T06:52:16","guid":{"rendered":"https:\/\/www.organisator.ch\/?p=21960"},"modified":"2023-09-27T08:52:16","modified_gmt":"2023-09-27T06:52:16","slug":"bank-cic-mirko-angelini-wird-neuer-cfo","status":"publish","type":"post","link":"https:\/\/www.organisator.ch\/it\/management\/2023-09-27\/bank-cic-mirko-angelini-wird-neuer-cfo\/","title":{"rendered":"Banca CIC: Mirko Angelini diventa nuovo direttore finanziario"},"content":{"rendered":"<figure id=\"attachment_21961\" aria-describedby=\"caption-attachment-21961\" style=\"width: 680px\" class=\"wp-caption alignnone\"><img loading=\"lazy\" decoding=\"async\" class=\"wp-image-21961 size-full\" src=\"https:\/\/www.organisator.ch\/wp-content\/uploads\/2023\/09\/Mirko-Angelini_Bild1_ps-e1695797102133.jpg\" alt=\"\" width=\"680\" height=\"477\" srcset=\"https:\/\/www.organisator.ch\/wp-content\/uploads\/2023\/09\/Mirko-Angelini_Bild1_ps-e1695797102133.jpg 680w, https:\/\/www.organisator.ch\/wp-content\/uploads\/2023\/09\/Mirko-Angelini_Bild1_ps-e1695797102133-18x12.jpg 18w, https:\/\/www.organisator.ch\/wp-content\/uploads\/2023\/09\/Mirko-Angelini_Bild1_ps-e1695797102133-375x263.jpg 375w, https:\/\/www.organisator.ch\/wp-content\/uploads\/2023\/09\/Mirko-Angelini_Bild1_ps-e1695797102133-499x350.jpg 499w\" sizes=\"auto, (max-width: 680px) 100vw, 680px\" \/><figcaption id=\"caption-attachment-21961\" class=\"wp-caption-text\">Mirko Angelini - nuovo Direttore finanziario e membro del Comitato esecutivo. (Immagine: www.cic.ch)<\/figcaption><\/figure>\n<p>Mirko Angelini, dottore commercialista, vanta un'esperienza di oltre 20 anni in materia di corporate governance, gestione del rischio, contabilit\u00e0, finanza, controllo interno, compliance e revisione interna, sia a livello nazionale che internazionale. Prima di assumere l'incarico presso la Banca CIC (Svizzera) SA, ha ricoperto posizioni analoghe in una banca privata svizzera. All'inizio della sua carriera ha lavorato per Price Waterhouse Coopers (PwC) in Svizzera e in Inghilterra nel settore finanziario.<\/p>\n<p>Mirko Angelini \u00e8 membro attivo di EXPERTsuisse, dell'Institute of Internal Auditors Switzerland (IIA Switzerland) e della Swiss Risk Association (SRA). \u00c8 inoltre in possesso della certificazione di Risk Management CRMA, che dimostra il suo costante impegno per l'eccellenza delle competenze professionali. La nomina di Mirko Angelini segue quella di Yves Aeschlimann a Chief Risk Officer e membro del Comitato esecutivo a partire dal 1\u00b0 agosto 2023.<\/p>\n<p>Le nomine hanno completato il Comitato esecutivo di Bank CIC (Svizzera) SA. La Direzione generale \u00e8 ora composta da cinque membri (Livia Moretti CEO, David Fusi responsabile del front office, Matthias K\u00e4lin COO, Yves Aeschlimann CRO, Mirko Angelini CFO), tutti dotati delle competenze necessarie per il mercato svizzero e internazionale. Ci\u00f2 garantisce una gestione responsabile e stabile e il continuo sviluppo di Bank CIC (Svizzera) SA.<\/p>\n<p><em>Fonte:<\/em> <a href=\"http:\/\/www.cic.ch\"><em>www.cic.ch<\/em><\/a><\/p>","protected":false},"excerpt":{"rendered":"<p>Mirko Angelini diventer\u00e0 Direttore finanziario e membro della Direzione generale di Bank CIC (Svizzera) SA a partire dal 1\u00b0 ottobre 2023. La nomina \u00e8 stata approvata dalla FINMA. In questo ruolo, sar\u00e0 responsabile in particolare delle finanze, del controlling, dei mercati, delle relazioni bancarie, dei prestiti e dei servizi fiscali.<\/p>","protected":false},"author":58,"featured_media":21961,"comment_status":"closed","ping_status":"closed","sticky":false,"template":"","format":"standard","meta":{"_acf_changed":false,"_yoast_wpseo_focuskw":"Mirko Angelini","_yoast_wpseo_metadesc":"Mirko Angelini wird per 1. Oktober 2023 Chief Financial Officer und Mitglied der Gesch\u00e4ftsleitung der Bank CIC (Schweiz) AG.","articlekey":"","footnotes":""},"categories":[28],"tags":[334,381,492],"class_list":["post-21960","post","type-post","status-publish","format-standard","has-post-thumbnail","hentry","category-management","tag-management","tag-personalia","tag-unternehmen"],"acf":[],"yoast_head":"<!-- This site is optimized with the Yoast SEO plugin v27.4 - https:\/\/yoast.com\/product\/yoast-seo-wordpress\/ -->\n<title>Bank CIC: Mirko Angelini wird neuer CFO - Organisator<\/title>\n<meta name=\"description\" content=\"Mirko Angelini wird per 1. Oktober 2023 Chief Financial Officer und Mitglied der Gesch\u00e4ftsleitung der Bank CIC (Schweiz) AG.\" \/>\n<meta name=\"robots\" content=\"index, follow, max-snippet:-1, max-image-preview:large, max-video-preview:-1\" \/>\n<link rel=\"canonical\" href=\"https:\/\/www.organisator.ch\/it\/gestione-2\/2023-09-27\/bank-cic-mirko-angelini-wird-neuer-cfo\/\" \/>\n<meta property=\"og:locale\" content=\"it_IT\" \/>\n<meta property=\"og:type\" content=\"article\" \/>\n<meta property=\"og:title\" content=\"Bank CIC: Mirko Angelini wird neuer CFO\" \/>\n<meta property=\"og:description\" content=\"Mirko Angelini wird per 1. Oktober 2023 Chief Financial Officer und Mitglied der Gesch\u00e4ftsleitung der Bank CIC (Schweiz) AG.\" \/>\n<meta property=\"og:url\" content=\"https:\/\/www.organisator.ch\/it\/gestione-2\/2023-09-27\/bank-cic-mirko-angelini-wird-neuer-cfo\/\" \/>\n<meta property=\"og:site_name\" content=\"Organisator\" \/>\n<meta property=\"article:publisher\" content=\"https:\/\/www.facebook.com\/OrganisatorFachmagazin\" \/>\n<meta property=\"article:published_time\" content=\"2023-09-27T06:52:16+00:00\" \/>\n<meta property=\"og:image\" content=\"https:\/\/www.organisator.ch\/wp-content\/uploads\/2023\/09\/Mirko-Angelini_Bild1_ps-e1695797102133.jpg\" \/>\n\t<meta property=\"og:image:width\" content=\"680\" \/>\n\t<meta property=\"og:image:height\" content=\"477\" \/>\n\t<meta property=\"og:image:type\" content=\"image\/jpeg\" \/>\n<meta name=\"author\" content=\"Adelisa Kalajdzini\" \/>\n<meta name=\"twitter:card\" content=\"summary_large_image\" \/>\n<meta name=\"twitter:title\" content=\"Bank #CIC: Mirko #Angelini wird neuer CFO\" \/>\n<meta name=\"twitter:description\" content=\"Mirko #Angelini wird per 1. Oktober 2023 Chief Financial Officer und Mitglied der Gesch\u00e4ftsleitung der Bank #CIC (Schweiz) AG.\" \/>\n<meta name=\"twitter:image\" content=\"https:\/\/www.organisator.ch\/wp-content\/uploads\/2023\/09\/Mirko-Angelini_Bild1_ps-e1695797102133.jpg\" \/>\n<script type=\"application\/ld+json\" class=\"yoast-schema-graph\">{\"@context\":\"https:\\\/\\\/schema.org\",\"@graph\":[{\"@type\":\"Article\",\"@id\":\"https:\\\/\\\/www.organisator.ch\\\/management\\\/2023-09-27\\\/bank-cic-mirko-angelini-wird-neuer-cfo\\\/#article\",\"isPartOf\":{\"@id\":\"https:\\\/\\\/www.organisator.ch\\\/management\\\/2023-09-27\\\/bank-cic-mirko-angelini-wird-neuer-cfo\\\/\"},\"author\":{\"name\":\"Adelisa Kalajdzini\",\"@id\":\"https:\\\/\\\/www.organisator.ch\\\/#\\\/schema\\\/person\\\/2e1314a2172123f874db408d8911d3f3\"},\"headline\":\"Bank CIC: Mirko Angelini wird neuer CFO\",\"datePublished\":\"2023-09-27T06:52:16+00:00\",\"mainEntityOfPage\":{\"@id\":\"https:\\\/\\\/www.organisator.ch\\\/management\\\/2023-09-27\\\/bank-cic-mirko-angelini-wird-neuer-cfo\\\/\"},\"wordCount\":250,\"publisher\":{\"@id\":\"https:\\\/\\\/www.organisator.ch\\\/#organization\"},\"image\":{\"@id\":\"https:\\\/\\\/www.organisator.ch\\\/management\\\/2023-09-27\\\/bank-cic-mirko-angelini-wird-neuer-cfo\\\/#primaryimage\"},\"thumbnailUrl\":\"https:\\\/\\\/www.organisator.ch\\\/wp-content\\\/uploads\\\/2023\\\/09\\\/Mirko-Angelini_Bild1_ps-e1695797102133.jpg\",\"keywords\":[\"Management\",\"Personalia\",\"Unternehmen\"],\"articleSection\":[\"MANAGEMENT\"],\"inLanguage\":\"it-IT\"},{\"@type\":\"WebPage\",\"@id\":\"https:\\\/\\\/www.organisator.ch\\\/management\\\/2023-09-27\\\/bank-cic-mirko-angelini-wird-neuer-cfo\\\/\",\"url\":\"https:\\\/\\\/www.organisator.ch\\\/management\\\/2023-09-27\\\/bank-cic-mirko-angelini-wird-neuer-cfo\\\/\",\"name\":\"Bank CIC: Mirko Angelini wird neuer CFO - Organisator\",\"isPartOf\":{\"@id\":\"https:\\\/\\\/www.organisator.ch\\\/#website\"},\"primaryImageOfPage\":{\"@id\":\"https:\\\/\\\/www.organisator.ch\\\/management\\\/2023-09-27\\\/bank-cic-mirko-angelini-wird-neuer-cfo\\\/#primaryimage\"},\"image\":{\"@id\":\"https:\\\/\\\/www.organisator.ch\\\/management\\\/2023-09-27\\\/bank-cic-mirko-angelini-wird-neuer-cfo\\\/#primaryimage\"},\"thumbnailUrl\":\"https:\\\/\\\/www.organisator.ch\\\/wp-content\\\/uploads\\\/2023\\\/09\\\/Mirko-Angelini_Bild1_ps-e1695797102133.jpg\",\"datePublished\":\"2023-09-27T06:52:16+00:00\",\"description\":\"Mirko Angelini wird per 1. Oktober 2023 Chief Financial Officer und Mitglied der Gesch\u00e4ftsleitung der Bank CIC (Schweiz) AG.\",\"breadcrumb\":{\"@id\":\"https:\\\/\\\/www.organisator.ch\\\/management\\\/2023-09-27\\\/bank-cic-mirko-angelini-wird-neuer-cfo\\\/#breadcrumb\"},\"inLanguage\":\"it-IT\",\"potentialAction\":[{\"@type\":\"ReadAction\",\"target\":[\"https:\\\/\\\/www.organisator.ch\\\/management\\\/2023-09-27\\\/bank-cic-mirko-angelini-wird-neuer-cfo\\\/\"]}]},{\"@type\":\"ImageObject\",\"inLanguage\":\"it-IT\",\"@id\":\"https:\\\/\\\/www.organisator.ch\\\/management\\\/2023-09-27\\\/bank-cic-mirko-angelini-wird-neuer-cfo\\\/#primaryimage\",\"url\":\"https:\\\/\\\/www.organisator.ch\\\/wp-content\\\/uploads\\\/2023\\\/09\\\/Mirko-Angelini_Bild1_ps-e1695797102133.jpg\",\"contentUrl\":\"https:\\\/\\\/www.organisator.ch\\\/wp-content\\\/uploads\\\/2023\\\/09\\\/Mirko-Angelini_Bild1_ps-e1695797102133.jpg\",\"width\":680,\"height\":477,\"caption\":\"Mirko Angelini - neuer Chief Financial Officer und Mitglied der Gesch\u00e4ftsleitung. (Bild: www.cic.ch)\"},{\"@type\":\"BreadcrumbList\",\"@id\":\"https:\\\/\\\/www.organisator.ch\\\/management\\\/2023-09-27\\\/bank-cic-mirko-angelini-wird-neuer-cfo\\\/#breadcrumb\",\"itemListElement\":[{\"@type\":\"ListItem\",\"position\":1,\"name\":\"Home\",\"item\":\"https:\\\/\\\/www.organisator.ch\\\/\"},{\"@type\":\"ListItem\",\"position\":2,\"name\":\"Bank CIC: Mirko Angelini wird neuer CFO\"}]},{\"@type\":\"WebSite\",\"@id\":\"https:\\\/\\\/www.organisator.ch\\\/#website\",\"url\":\"https:\\\/\\\/www.organisator.ch\\\/\",\"name\":\"Organisator\",\"description\":\"Kompetent. Praxisnah. Der ORGANISATOR bereitet in 10 Ausgaben pro Jahr die wesentlichen Themen f\u00fcr F\u00fchrungskr\u00e4fte von KMU auf.\",\"publisher\":{\"@id\":\"https:\\\/\\\/www.organisator.ch\\\/#organization\"},\"potentialAction\":[{\"@type\":\"SearchAction\",\"target\":{\"@type\":\"EntryPoint\",\"urlTemplate\":\"https:\\\/\\\/www.organisator.ch\\\/?s={search_term_string}\"},\"query-input\":{\"@type\":\"PropertyValueSpecification\",\"valueRequired\":true,\"valueName\":\"search_term_string\"}}],\"inLanguage\":\"it-IT\"},{\"@type\":\"Organization\",\"@id\":\"https:\\\/\\\/www.organisator.ch\\\/#organization\",\"name\":\"Organisator\",\"url\":\"https:\\\/\\\/www.organisator.ch\\\/\",\"logo\":{\"@type\":\"ImageObject\",\"inLanguage\":\"it-IT\",\"@id\":\"https:\\\/\\\/www.organisator.ch\\\/#\\\/schema\\\/logo\\\/image\\\/\",\"url\":\"https:\\\/\\\/www.organisator.ch\\\/wp-content\\\/uploads\\\/2022\\\/01\\\/Logo_Organisator_Website.png\",\"contentUrl\":\"https:\\\/\\\/www.organisator.ch\\\/wp-content\\\/uploads\\\/2022\\\/01\\\/Logo_Organisator_Website.png\",\"width\":800,\"height\":77,\"caption\":\"Organisator\"},\"image\":{\"@id\":\"https:\\\/\\\/www.organisator.ch\\\/#\\\/schema\\\/logo\\\/image\\\/\"},\"sameAs\":[\"https:\\\/\\\/www.facebook.com\\\/OrganisatorFachmagazin\",\"https:\\\/\\\/www.linkedin.com\\\/showcase\\\/organisator-das-magazin-fr-kmu\",\"https:\\\/\\\/www.xing.com\\\/news\\\/pages\\\/organisator-ch-695\",\"https:\\\/\\\/www.youtube.com\\\/channel\\\/UCGP2Sq0iWaZwT3BdIAQFYpw\"]},{\"@type\":\"Person\",\"@id\":\"https:\\\/\\\/www.organisator.ch\\\/#\\\/schema\\\/person\\\/2e1314a2172123f874db408d8911d3f3\",\"name\":\"Adelisa Kalajdzini\",\"image\":{\"@type\":\"ImageObject\",\"inLanguage\":\"it-IT\",\"@id\":\"https:\\\/\\\/secure.gravatar.com\\\/avatar\\\/09a397c22ac58cad6f160ee8306348599df9df58a8ede73696226897b9fa4b24?s=96&d=mm&r=g\",\"url\":\"https:\\\/\\\/secure.gravatar.com\\\/avatar\\\/09a397c22ac58cad6f160ee8306348599df9df58a8ede73696226897b9fa4b24?s=96&d=mm&r=g\",\"contentUrl\":\"https:\\\/\\\/secure.gravatar.com\\\/avatar\\\/09a397c22ac58cad6f160ee8306348599df9df58a8ede73696226897b9fa4b24?s=96&d=mm&r=g\",\"caption\":\"Adelisa Kalajdzini\"},\"url\":\"https:\\\/\\\/www.organisator.ch\\\/it\\\/author\\\/adelisa-kalajdzini\\\/\"}]}<\/script>\n<!-- \/ Yoast SEO plugin. -->","yoast_head_json":{"title":"Banca CIC: Mirko Angelini diventa nuovo direttore finanziario - Organizzatore","description":"Mirko Angelini diventer\u00e0 Direttore finanziario e membro del Comitato esecutivo di Bank CIC (Svizzera) SA a partire dal 1\u00b0 ottobre 2023.","robots":{"index":"index","follow":"follow","max-snippet":"max-snippet:-1","max-image-preview":"max-image-preview:large","max-video-preview":"max-video-preview:-1"},"canonical":"https:\/\/www.organisator.ch\/it\/gestione-2\/2023-09-27\/bank-cic-mirko-angelini-wird-neuer-cfo\/","og_locale":"it_IT","og_type":"article","og_title":"Bank CIC: Mirko Angelini wird neuer CFO","og_description":"Mirko Angelini wird per 1. Oktober 2023 Chief Financial Officer und Mitglied der Gesch\u00e4ftsleitung der Bank CIC (Schweiz) AG.","og_url":"https:\/\/www.organisator.ch\/it\/gestione-2\/2023-09-27\/bank-cic-mirko-angelini-wird-neuer-cfo\/","og_site_name":"Organisator","article_publisher":"https:\/\/www.facebook.com\/OrganisatorFachmagazin","article_published_time":"2023-09-27T06:52:16+00:00","og_image":[{"width":680,"height":477,"url":"https:\/\/www.organisator.ch\/wp-content\/uploads\/2023\/09\/Mirko-Angelini_Bild1_ps-e1695797102133.jpg","type":"image\/jpeg"}],"author":"Adelisa Kalajdzini","twitter_card":"summary_large_image","twitter_title":"Bank #CIC: Mirko #Angelini wird neuer CFO","twitter_description":"Mirko #Angelini wird per 1. Oktober 2023 Chief Financial Officer und Mitglied der Gesch\u00e4ftsleitung der Bank #CIC (Schweiz) AG.","twitter_image":"https:\/\/www.organisator.ch\/wp-content\/uploads\/2023\/09\/Mirko-Angelini_Bild1_ps-e1695797102133.jpg","schema":{"@context":"https:\/\/schema.org","@graph":[{"@type":"Article","@id":"https:\/\/www.organisator.ch\/management\/2023-09-27\/bank-cic-mirko-angelini-wird-neuer-cfo\/#article","isPartOf":{"@id":"https:\/\/www.organisator.ch\/management\/2023-09-27\/bank-cic-mirko-angelini-wird-neuer-cfo\/"},"author":{"name":"Adelisa Kalajdzini","@id":"https:\/\/www.organisator.ch\/#\/schema\/person\/2e1314a2172123f874db408d8911d3f3"},"headline":"Bank CIC: Mirko Angelini wird neuer CFO","datePublished":"2023-09-27T06:52:16+00:00","mainEntityOfPage":{"@id":"https:\/\/www.organisator.ch\/management\/2023-09-27\/bank-cic-mirko-angelini-wird-neuer-cfo\/"},"wordCount":250,"publisher":{"@id":"https:\/\/www.organisator.ch\/#organization"},"image":{"@id":"https:\/\/www.organisator.ch\/management\/2023-09-27\/bank-cic-mirko-angelini-wird-neuer-cfo\/#primaryimage"},"thumbnailUrl":"https:\/\/www.organisator.ch\/wp-content\/uploads\/2023\/09\/Mirko-Angelini_Bild1_ps-e1695797102133.jpg","keywords":["Management","Personalia","Unternehmen"],"articleSection":["MANAGEMENT"],"inLanguage":"it-IT"},{"@type":"WebPage","@id":"https:\/\/www.organisator.ch\/management\/2023-09-27\/bank-cic-mirko-angelini-wird-neuer-cfo\/","url":"https:\/\/www.organisator.ch\/management\/2023-09-27\/bank-cic-mirko-angelini-wird-neuer-cfo\/","name":"Banca CIC: Mirko Angelini diventa nuovo direttore finanziario - Organizzatore","isPartOf":{"@id":"https:\/\/www.organisator.ch\/#website"},"primaryImageOfPage":{"@id":"https:\/\/www.organisator.ch\/management\/2023-09-27\/bank-cic-mirko-angelini-wird-neuer-cfo\/#primaryimage"},"image":{"@id":"https:\/\/www.organisator.ch\/management\/2023-09-27\/bank-cic-mirko-angelini-wird-neuer-cfo\/#primaryimage"},"thumbnailUrl":"https:\/\/www.organisator.ch\/wp-content\/uploads\/2023\/09\/Mirko-Angelini_Bild1_ps-e1695797102133.jpg","datePublished":"2023-09-27T06:52:16+00:00","description":"Mirko Angelini diventer\u00e0 Direttore finanziario e membro del Comitato esecutivo di Bank CIC (Svizzera) SA a partire dal 1\u00b0 ottobre 2023.","breadcrumb":{"@id":"https:\/\/www.organisator.ch\/management\/2023-09-27\/bank-cic-mirko-angelini-wird-neuer-cfo\/#breadcrumb"},"inLanguage":"it-IT","potentialAction":[{"@type":"ReadAction","target":["https:\/\/www.organisator.ch\/management\/2023-09-27\/bank-cic-mirko-angelini-wird-neuer-cfo\/"]}]},{"@type":"ImageObject","inLanguage":"it-IT","@id":"https:\/\/www.organisator.ch\/management\/2023-09-27\/bank-cic-mirko-angelini-wird-neuer-cfo\/#primaryimage","url":"https:\/\/www.organisator.ch\/wp-content\/uploads\/2023\/09\/Mirko-Angelini_Bild1_ps-e1695797102133.jpg","contentUrl":"https:\/\/www.organisator.ch\/wp-content\/uploads\/2023\/09\/Mirko-Angelini_Bild1_ps-e1695797102133.jpg","width":680,"height":477,"caption":"Mirko Angelini - neuer Chief Financial Officer und Mitglied der Gesch\u00e4ftsleitung. (Bild: www.cic.ch)"},{"@type":"BreadcrumbList","@id":"https:\/\/www.organisator.ch\/management\/2023-09-27\/bank-cic-mirko-angelini-wird-neuer-cfo\/#breadcrumb","itemListElement":[{"@type":"ListItem","position":1,"name":"Home","item":"https:\/\/www.organisator.ch\/"},{"@type":"ListItem","position":2,"name":"Bank CIC: Mirko Angelini wird neuer CFO"}]},{"@type":"WebSite","@id":"https:\/\/www.organisator.ch\/#website","url":"https:\/\/www.organisator.ch\/","name":"Organizzatore","description":"Competente. Pratico. In 10 numeri all'anno, ORGANISATOR presenta i temi essenziali per i manager delle PMI.","publisher":{"@id":"https:\/\/www.organisator.ch\/#organization"},"potentialAction":[{"@type":"SearchAction","target":{"@type":"EntryPoint","urlTemplate":"https:\/\/www.organisator.ch\/?s={search_term_string}"},"query-input":{"@type":"PropertyValueSpecification","valueRequired":true,"valueName":"search_term_string"}}],"inLanguage":"it-IT"},{"@type":"Organization","@id":"https:\/\/www.organisator.ch\/#organization","name":"Organizzatore","url":"https:\/\/www.organisator.ch\/","logo":{"@type":"ImageObject","inLanguage":"it-IT","@id":"https:\/\/www.organisator.ch\/#\/schema\/logo\/image\/","url":"https:\/\/www.organisator.ch\/wp-content\/uploads\/2022\/01\/Logo_Organisator_Website.png","contentUrl":"https:\/\/www.organisator.ch\/wp-content\/uploads\/2022\/01\/Logo_Organisator_Website.png","width":800,"height":77,"caption":"Organisator"},"image":{"@id":"https:\/\/www.organisator.ch\/#\/schema\/logo\/image\/"},"sameAs":["https:\/\/www.facebook.com\/OrganisatorFachmagazin","https:\/\/www.linkedin.com\/showcase\/organisator-das-magazin-fr-kmu","https:\/\/www.xing.com\/news\/pages\/organisator-ch-695","https:\/\/www.youtube.com\/channel\/UCGP2Sq0iWaZwT3BdIAQFYpw"]},{"@type":"Person","@id":"https:\/\/www.organisator.ch\/#\/schema\/person\/2e1314a2172123f874db408d8911d3f3","name":"Adelisa Kalajdzini","image":{"@type":"ImageObject","inLanguage":"it-IT","@id":"https:\/\/secure.gravatar.com\/avatar\/09a397c22ac58cad6f160ee8306348599df9df58a8ede73696226897b9fa4b24?s=96&d=mm&r=g","url":"https:\/\/secure.gravatar.com\/avatar\/09a397c22ac58cad6f160ee8306348599df9df58a8ede73696226897b9fa4b24?s=96&d=mm&r=g","contentUrl":"https:\/\/secure.gravatar.com\/avatar\/09a397c22ac58cad6f160ee8306348599df9df58a8ede73696226897b9fa4b24?s=96&d=mm&r=g","caption":"Adelisa Kalajdzini"},"url":"https:\/\/www.organisator.ch\/it\/author\/adelisa-kalajdzini\/"}]}},"_links":{"self":[{"href":"https:\/\/www.organisator.ch\/it\/wp-json\/wp\/v2\/posts\/21960","targetHints":{"allow":["GET"]}}],"collection":[{"href":"https:\/\/www.organisator.ch\/it\/wp-json\/wp\/v2\/posts"}],"about":[{"href":"https:\/\/www.organisator.ch\/it\/wp-json\/wp\/v2\/types\/post"}],"author":[{"embeddable":true,"href":"https:\/\/www.organisator.ch\/it\/wp-json\/wp\/v2\/users\/58"}],"replies":[{"embeddable":true,"href":"https:\/\/www.organisator.ch\/it\/wp-json\/wp\/v2\/comments?post=21960"}],"version-history":[{"count":3,"href":"https:\/\/www.organisator.ch\/it\/wp-json\/wp\/v2\/posts\/21960\/revisions"}],"predecessor-version":[{"id":21964,"href":"https:\/\/www.organisator.ch\/it\/wp-json\/wp\/v2\/posts\/21960\/revisions\/21964"}],"wp:featuredmedia":[{"embeddable":true,"href":"https:\/\/www.organisator.ch\/it\/wp-json\/wp\/v2\/media\/21961"}],"wp:attachment":[{"href":"https:\/\/www.organisator.ch\/it\/wp-json\/wp\/v2\/media?parent=21960"}],"wp:term":[{"taxonomy":"category","embeddable":true,"href":"https:\/\/www.organisator.ch\/it\/wp-json\/wp\/v2\/categories?post=21960"},{"taxonomy":"post_tag","embeddable":true,"href":"https:\/\/www.organisator.ch\/it\/wp-json\/wp\/v2\/tags?post=21960"}],"curies":[{"name":"wp","href":"https:\/\/api.w.org\/{rel}","templated":true}]}}