{"id":21967,"date":"2023-10-02T00:18:42","date_gmt":"2023-10-01T22:18:42","guid":{"rendered":"https:\/\/www.organisator.ch\/?p=21967"},"modified":"2023-09-29T10:23:16","modified_gmt":"2023-09-29T08:23:16","slug":"genuss-momente-in-der-arbeit","status":"publish","type":"post","link":"https:\/\/www.organisator.ch\/it\/allgemein\/2023-10-02\/genuss-momente-in-der-arbeit\/","title":{"rendered":"Momenti di piacere al lavoro"},"content":{"rendered":"<figure id=\"attachment_21968\" aria-describedby=\"caption-attachment-21968\" style=\"width: 680px\" class=\"wp-caption alignnone\"><img loading=\"lazy\" decoding=\"async\" class=\"size-full wp-image-21968\" src=\"https:\/\/www.organisator.ch\/wp-content\/uploads\/2023\/09\/Genuss-Momente-in-der-Arbeit-1_Organisator.jpg\" alt=\"\" width=\"680\" height=\"453\" srcset=\"https:\/\/www.organisator.ch\/wp-content\/uploads\/2023\/09\/Genuss-Momente-in-der-Arbeit-1_Organisator.jpg 680w, https:\/\/www.organisator.ch\/wp-content\/uploads\/2023\/09\/Genuss-Momente-in-der-Arbeit-1_Organisator-18x12.jpg 18w, https:\/\/www.organisator.ch\/wp-content\/uploads\/2023\/09\/Genuss-Momente-in-der-Arbeit-1_Organisator-375x250.jpg 375w, https:\/\/www.organisator.ch\/wp-content\/uploads\/2023\/09\/Genuss-Momente-in-der-Arbeit-1_Organisator-525x350.jpg 525w\" sizes=\"auto, (max-width: 680px) 100vw, 680px\" \/><figcaption id=\"caption-attachment-21968\" class=\"wp-caption-text\">Per i momenti di piacere al lavoro: il piacere del caff\u00e8 Dallmayr. (Immagine: Dallmayr)<\/figcaption><\/figure>\n<p>Dal 1968 Dallmayr porta il piacere del caff\u00e8 in Svizzera. Le radici regionali sono una parte importante della filosofia aziendale. L'azienda impiega oggi oltre 300 persone in sei filiali, che coprono l'intera rete di servizi svizzera con un supporto locale.<\/p>\n<h3><strong>Enjoy local - Il meglio della Svizzera con un semplice clic<\/strong><\/h3>\n<p>In collaborazione con regio garantie, il marchio di qualit\u00e0 dell'Associazione svizzera dei prodotti regionali, Dallmayr ha lanciato i primi distributori automatici di snack che sono riforniti solo di prodotti regionali e gestiti in modo responsabile.<\/p>\n<figure id=\"attachment_21969\" aria-describedby=\"caption-attachment-21969\" style=\"width: 680px\" class=\"wp-caption alignnone\"><img loading=\"lazy\" decoding=\"async\" class=\"size-full wp-image-21969\" src=\"https:\/\/www.organisator.ch\/wp-content\/uploads\/2023\/09\/Genuss-Momente-in-der-Arbeit-2_Organisator.jpg\" alt=\"\" width=\"680\" height=\"453\" srcset=\"https:\/\/www.organisator.ch\/wp-content\/uploads\/2023\/09\/Genuss-Momente-in-der-Arbeit-2_Organisator.jpg 680w, https:\/\/www.organisator.ch\/wp-content\/uploads\/2023\/09\/Genuss-Momente-in-der-Arbeit-2_Organisator-18x12.jpg 18w, https:\/\/www.organisator.ch\/wp-content\/uploads\/2023\/09\/Genuss-Momente-in-der-Arbeit-2_Organisator-375x250.jpg 375w, https:\/\/www.organisator.ch\/wp-content\/uploads\/2023\/09\/Genuss-Momente-in-der-Arbeit-2_Organisator-525x350.jpg 525w\" sizes=\"auto, (max-width: 680px) 100vw, 680px\" \/><figcaption id=\"caption-attachment-21969\" class=\"wp-caption-text\">Approfittate dei distributori automatici locali (Immagine: Dallmayr)<\/figcaption><\/figure>\n<p>Enjoy local\" porta la variet\u00e0 nel vostro distributore automatico di snack: bevande e snack interessanti, provenienti da produttori di un'ampia gamma di regioni svizzere, prodotti secondo le linee guida della regio garantie.<\/p>\n<h3><strong>Ambiente Dallmayr<\/strong><\/h3>\n<p>L'home office ha cambiato la vita quotidiana in ufficio. Sono richiesti nuovi concetti di locali con i quali le aziende possono guadagnare punti come datori di lavoro attraenti. Dal coffee point compatto alla coffee lounge completamente attrezzata: Dallmayr trova la soluzione giusta per ogni azienda e garantisce quel certo \"fattore di benessere\" sul posto di lavoro.<\/p>\n<figure id=\"attachment_21970\" aria-describedby=\"caption-attachment-21970\" style=\"width: 680px\" class=\"wp-caption alignnone\"><img loading=\"lazy\" decoding=\"async\" class=\"size-full wp-image-21970\" src=\"https:\/\/www.organisator.ch\/wp-content\/uploads\/2023\/09\/Genuss-Momente-in-der-Arbeit-3_Organisator.jpg\" alt=\"\" width=\"680\" height=\"453\" srcset=\"https:\/\/www.organisator.ch\/wp-content\/uploads\/2023\/09\/Genuss-Momente-in-der-Arbeit-3_Organisator.jpg 680w, https:\/\/www.organisator.ch\/wp-content\/uploads\/2023\/09\/Genuss-Momente-in-der-Arbeit-3_Organisator-18x12.jpg 18w, https:\/\/www.organisator.ch\/wp-content\/uploads\/2023\/09\/Genuss-Momente-in-der-Arbeit-3_Organisator-375x250.jpg 375w, https:\/\/www.organisator.ch\/wp-content\/uploads\/2023\/09\/Genuss-Momente-in-der-Arbeit-3_Organisator-525x350.jpg 525w\" sizes=\"auto, (max-width: 680px) 100vw, 680px\" \/><figcaption id=\"caption-attachment-21970\" class=\"wp-caption-text\">Salone Dallmayr, Postfinance, Berna. (Immagine: Dallmayr)<\/figcaption><\/figure>\n<p>Che si tratti di un'azienda, di un ospedale, di un hotel o di una PMI, Dallmayr Vending &amp; Office si considera un partner per ogni dimensione di impresa e offre \"il piacere di un'unica fonte\". E come si risolve la questione del caff\u00e8?<\/p>\n<p><em>Contattateci: <a href=\"http:\/\/www.dallmayr.ch\/automaten\">www.dallmayr.ch\/automaten<\/a><\/em><\/p>","protected":false},"excerpt":{"rendered":"<p>PUBLIREPORTAGE Concedete a voi stessi e al vostro team una pausa con il caff\u00e8 e il t\u00e8 Dallmayr. Momenti di relax in un ambiente piacevole aumentano il benessere per un perfetto \"equilibrio lavoro-caff\u00e8\".<\/p>","protected":false},"author":4,"featured_media":0,"comment_status":"closed","ping_status":"closed","sticky":false,"template":"","format":"standard","meta":{"_acf_changed":false,"_yoast_wpseo_focuskw":"Genuss-Momente","_yoast_wpseo_metadesc":"G\u00f6nnen Sie sich und Ihrem Team eine Pause mit Dallmayr Kaffee und Tee. Genuss-Momente der Entspannung steigern das Wohlbefinden.","articlekey":"","footnotes":""},"categories":[1],"tags":[51,208,3539,2696],"class_list":["post-21967","post","type-post","status-publish","format-standard","hentry","category-allgemein","tag-arbeitsplatzgestaltung","tag-fit-im-job","tag-mitarbeiterverpflegung","tag-publireportage"],"acf":[],"yoast_head":"<!-- This site is optimized with the Yoast SEO plugin v27.5 - https:\/\/yoast.com\/product\/yoast-seo-wordpress\/ -->\n<title>Genuss-Momente in der Arbeit - Organisator<\/title>\n<meta name=\"description\" content=\"G\u00f6nnen Sie sich und Ihrem Team eine Pause mit Dallmayr Kaffee und Tee. Genuss-Momente der Entspannung steigern das Wohlbefinden.\" \/>\n<meta name=\"robots\" content=\"index, follow, max-snippet:-1, max-image-preview:large, max-video-preview:-1\" \/>\n<link rel=\"canonical\" href=\"https:\/\/www.organisator.ch\/it\/generale\/2023-10-02\/genuss-momente-in-der-arbeit\/\" \/>\n<meta property=\"og:locale\" content=\"it_IT\" \/>\n<meta property=\"og:type\" content=\"article\" \/>\n<meta property=\"og:title\" content=\"Genuss-Momente in der Arbeit - Organisator\" \/>\n<meta property=\"og:description\" content=\"G\u00f6nnen Sie sich und Ihrem Team eine Pause mit Dallmayr Kaffee und Tee. Genuss-Momente der Entspannung steigern das Wohlbefinden.\" \/>\n<meta property=\"og:url\" content=\"https:\/\/www.organisator.ch\/it\/generale\/2023-10-02\/genuss-momente-in-der-arbeit\/\" \/>\n<meta property=\"og:site_name\" content=\"Organisator\" \/>\n<meta property=\"article:publisher\" content=\"https:\/\/www.facebook.com\/OrganisatorFachmagazin\" \/>\n<meta property=\"article:published_time\" content=\"2023-10-01T22:18:42+00:00\" \/>\n<meta property=\"og:image\" content=\"https:\/\/www.organisator.ch\/wp-content\/uploads\/2023\/09\/Genuss-Momente-in-der-Arbeit-1_Organisator.jpg\" \/>\n<meta name=\"author\" content=\"thomas.berner\" \/>\n<meta name=\"twitter:card\" content=\"summary_large_image\" \/>\n<script type=\"application\/ld+json\" class=\"yoast-schema-graph\">{\"@context\":\"https:\\\/\\\/schema.org\",\"@graph\":[{\"@type\":\"Article\",\"@id\":\"https:\\\/\\\/www.organisator.ch\\\/allgemein\\\/2023-10-02\\\/genuss-momente-in-der-arbeit\\\/#article\",\"isPartOf\":{\"@id\":\"https:\\\/\\\/www.organisator.ch\\\/allgemein\\\/2023-10-02\\\/genuss-momente-in-der-arbeit\\\/\"},\"author\":{\"name\":\"thomas.berner\",\"@id\":\"https:\\\/\\\/www.organisator.ch\\\/#\\\/schema\\\/person\\\/6f650f90b2842cd4c0cc334b4e36f67e\"},\"headline\":\"Genuss-Momente in der Arbeit\",\"datePublished\":\"2023-10-01T22:18:42+00:00\",\"mainEntityOfPage\":{\"@id\":\"https:\\\/\\\/www.organisator.ch\\\/allgemein\\\/2023-10-02\\\/genuss-momente-in-der-arbeit\\\/\"},\"wordCount\":241,\"publisher\":{\"@id\":\"https:\\\/\\\/www.organisator.ch\\\/#organization\"},\"image\":{\"@id\":\"https:\\\/\\\/www.organisator.ch\\\/allgemein\\\/2023-10-02\\\/genuss-momente-in-der-arbeit\\\/#primaryimage\"},\"thumbnailUrl\":\"https:\\\/\\\/www.organisator.ch\\\/wp-content\\\/uploads\\\/2023\\\/09\\\/Genuss-Momente-in-der-Arbeit-1_Organisator.jpg\",\"keywords\":[\"Arbeitsplatzgestaltung\",\"Fit im Job\",\"Mitarbeiterverpflegung\",\"Publireportage\"],\"articleSection\":[\"Allgemein\"],\"inLanguage\":\"it-IT\"},{\"@type\":\"WebPage\",\"@id\":\"https:\\\/\\\/www.organisator.ch\\\/allgemein\\\/2023-10-02\\\/genuss-momente-in-der-arbeit\\\/\",\"url\":\"https:\\\/\\\/www.organisator.ch\\\/allgemein\\\/2023-10-02\\\/genuss-momente-in-der-arbeit\\\/\",\"name\":\"Genuss-Momente in der Arbeit - Organisator\",\"isPartOf\":{\"@id\":\"https:\\\/\\\/www.organisator.ch\\\/#website\"},\"primaryImageOfPage\":{\"@id\":\"https:\\\/\\\/www.organisator.ch\\\/allgemein\\\/2023-10-02\\\/genuss-momente-in-der-arbeit\\\/#primaryimage\"},\"image\":{\"@id\":\"https:\\\/\\\/www.organisator.ch\\\/allgemein\\\/2023-10-02\\\/genuss-momente-in-der-arbeit\\\/#primaryimage\"},\"thumbnailUrl\":\"https:\\\/\\\/www.organisator.ch\\\/wp-content\\\/uploads\\\/2023\\\/09\\\/Genuss-Momente-in-der-Arbeit-1_Organisator.jpg\",\"datePublished\":\"2023-10-01T22:18:42+00:00\",\"description\":\"G\u00f6nnen Sie sich und Ihrem Team eine Pause mit Dallmayr Kaffee und Tee. Genuss-Momente der Entspannung steigern das Wohlbefinden.\",\"breadcrumb\":{\"@id\":\"https:\\\/\\\/www.organisator.ch\\\/allgemein\\\/2023-10-02\\\/genuss-momente-in-der-arbeit\\\/#breadcrumb\"},\"inLanguage\":\"it-IT\",\"potentialAction\":[{\"@type\":\"ReadAction\",\"target\":[\"https:\\\/\\\/www.organisator.ch\\\/allgemein\\\/2023-10-02\\\/genuss-momente-in-der-arbeit\\\/\"]}]},{\"@type\":\"ImageObject\",\"inLanguage\":\"it-IT\",\"@id\":\"https:\\\/\\\/www.organisator.ch\\\/allgemein\\\/2023-10-02\\\/genuss-momente-in-der-arbeit\\\/#primaryimage\",\"url\":\"https:\\\/\\\/www.organisator.ch\\\/wp-content\\\/uploads\\\/2023\\\/09\\\/Genuss-Momente-in-der-Arbeit-1_Organisator.jpg\",\"contentUrl\":\"https:\\\/\\\/www.organisator.ch\\\/wp-content\\\/uploads\\\/2023\\\/09\\\/Genuss-Momente-in-der-Arbeit-1_Organisator.jpg\"},{\"@type\":\"BreadcrumbList\",\"@id\":\"https:\\\/\\\/www.organisator.ch\\\/allgemein\\\/2023-10-02\\\/genuss-momente-in-der-arbeit\\\/#breadcrumb\",\"itemListElement\":[{\"@type\":\"ListItem\",\"position\":1,\"name\":\"Home\",\"item\":\"https:\\\/\\\/www.organisator.ch\\\/\"},{\"@type\":\"ListItem\",\"position\":2,\"name\":\"Genuss-Momente in der Arbeit\"}]},{\"@type\":\"WebSite\",\"@id\":\"https:\\\/\\\/www.organisator.ch\\\/#website\",\"url\":\"https:\\\/\\\/www.organisator.ch\\\/\",\"name\":\"Organisator\",\"description\":\"Kompetent. Praxisnah. Der ORGANISATOR bereitet in 10 Ausgaben pro Jahr die wesentlichen Themen f\u00fcr F\u00fchrungskr\u00e4fte von KMU auf.\",\"publisher\":{\"@id\":\"https:\\\/\\\/www.organisator.ch\\\/#organization\"},\"potentialAction\":[{\"@type\":\"SearchAction\",\"target\":{\"@type\":\"EntryPoint\",\"urlTemplate\":\"https:\\\/\\\/www.organisator.ch\\\/?s={search_term_string}\"},\"query-input\":{\"@type\":\"PropertyValueSpecification\",\"valueRequired\":true,\"valueName\":\"search_term_string\"}}],\"inLanguage\":\"it-IT\"},{\"@type\":\"Organization\",\"@id\":\"https:\\\/\\\/www.organisator.ch\\\/#organization\",\"name\":\"Organisator\",\"url\":\"https:\\\/\\\/www.organisator.ch\\\/\",\"logo\":{\"@type\":\"ImageObject\",\"inLanguage\":\"it-IT\",\"@id\":\"https:\\\/\\\/www.organisator.ch\\\/#\\\/schema\\\/logo\\\/image\\\/\",\"url\":\"https:\\\/\\\/www.organisator.ch\\\/wp-content\\\/uploads\\\/2022\\\/01\\\/Logo_Organisator_Website.png\",\"contentUrl\":\"https:\\\/\\\/www.organisator.ch\\\/wp-content\\\/uploads\\\/2022\\\/01\\\/Logo_Organisator_Website.png\",\"width\":800,\"height\":77,\"caption\":\"Organisator\"},\"image\":{\"@id\":\"https:\\\/\\\/www.organisator.ch\\\/#\\\/schema\\\/logo\\\/image\\\/\"},\"sameAs\":[\"https:\\\/\\\/www.facebook.com\\\/OrganisatorFachmagazin\",\"https:\\\/\\\/www.linkedin.com\\\/showcase\\\/organisator-das-magazin-fr-kmu\",\"https:\\\/\\\/www.xing.com\\\/news\\\/pages\\\/organisator-ch-695\",\"https:\\\/\\\/www.youtube.com\\\/channel\\\/UCGP2Sq0iWaZwT3BdIAQFYpw\"]},{\"@type\":\"Person\",\"@id\":\"https:\\\/\\\/www.organisator.ch\\\/#\\\/schema\\\/person\\\/6f650f90b2842cd4c0cc334b4e36f67e\",\"name\":\"thomas.berner\",\"image\":{\"@type\":\"ImageObject\",\"inLanguage\":\"it-IT\",\"@id\":\"https:\\\/\\\/secure.gravatar.com\\\/avatar\\\/ac5001d2a36cb6c6cd3e50789007ffca834b477b74a2144564522e944eabff61?s=96&d=mm&r=g\",\"url\":\"https:\\\/\\\/secure.gravatar.com\\\/avatar\\\/ac5001d2a36cb6c6cd3e50789007ffca834b477b74a2144564522e944eabff61?s=96&d=mm&r=g\",\"contentUrl\":\"https:\\\/\\\/secure.gravatar.com\\\/avatar\\\/ac5001d2a36cb6c6cd3e50789007ffca834b477b74a2144564522e944eabff61?s=96&d=mm&r=g\",\"caption\":\"thomas.berner\"},\"url\":\"https:\\\/\\\/www.organisator.ch\\\/it\\\/author\\\/thomas-berner\\\/\"}]}<\/script>\n<!-- \/ Yoast SEO plugin. -->","yoast_head_json":{"title":"Momenti di piacere al lavoro - Organizzatore","description":"Concedete a voi stessi e al vostro team una pausa con il caff\u00e8 e il t\u00e8 Dallmayr. Momenti di relax indulgente aumentano il vostro benessere.","robots":{"index":"index","follow":"follow","max-snippet":"max-snippet:-1","max-image-preview":"max-image-preview:large","max-video-preview":"max-video-preview:-1"},"canonical":"https:\/\/www.organisator.ch\/it\/generale\/2023-10-02\/genuss-momente-in-der-arbeit\/","og_locale":"it_IT","og_type":"article","og_title":"Genuss-Momente in der Arbeit - Organisator","og_description":"G\u00f6nnen Sie sich und Ihrem Team eine Pause mit Dallmayr Kaffee und Tee. Genuss-Momente der Entspannung steigern das Wohlbefinden.","og_url":"https:\/\/www.organisator.ch\/it\/generale\/2023-10-02\/genuss-momente-in-der-arbeit\/","og_site_name":"Organisator","article_publisher":"https:\/\/www.facebook.com\/OrganisatorFachmagazin","article_published_time":"2023-10-01T22:18:42+00:00","og_image":[{"url":"https:\/\/www.organisator.ch\/wp-content\/uploads\/2023\/09\/Genuss-Momente-in-der-Arbeit-1_Organisator.jpg","type":"","width":"","height":""}],"author":"thomas.berner","twitter_card":"summary_large_image","schema":{"@context":"https:\/\/schema.org","@graph":[{"@type":"Article","@id":"https:\/\/www.organisator.ch\/allgemein\/2023-10-02\/genuss-momente-in-der-arbeit\/#article","isPartOf":{"@id":"https:\/\/www.organisator.ch\/allgemein\/2023-10-02\/genuss-momente-in-der-arbeit\/"},"author":{"name":"thomas.berner","@id":"https:\/\/www.organisator.ch\/#\/schema\/person\/6f650f90b2842cd4c0cc334b4e36f67e"},"headline":"Genuss-Momente in der Arbeit","datePublished":"2023-10-01T22:18:42+00:00","mainEntityOfPage":{"@id":"https:\/\/www.organisator.ch\/allgemein\/2023-10-02\/genuss-momente-in-der-arbeit\/"},"wordCount":241,"publisher":{"@id":"https:\/\/www.organisator.ch\/#organization"},"image":{"@id":"https:\/\/www.organisator.ch\/allgemein\/2023-10-02\/genuss-momente-in-der-arbeit\/#primaryimage"},"thumbnailUrl":"https:\/\/www.organisator.ch\/wp-content\/uploads\/2023\/09\/Genuss-Momente-in-der-Arbeit-1_Organisator.jpg","keywords":["Arbeitsplatzgestaltung","Fit im Job","Mitarbeiterverpflegung","Publireportage"],"articleSection":["Allgemein"],"inLanguage":"it-IT"},{"@type":"WebPage","@id":"https:\/\/www.organisator.ch\/allgemein\/2023-10-02\/genuss-momente-in-der-arbeit\/","url":"https:\/\/www.organisator.ch\/allgemein\/2023-10-02\/genuss-momente-in-der-arbeit\/","name":"Momenti di piacere al lavoro - Organizzatore","isPartOf":{"@id":"https:\/\/www.organisator.ch\/#website"},"primaryImageOfPage":{"@id":"https:\/\/www.organisator.ch\/allgemein\/2023-10-02\/genuss-momente-in-der-arbeit\/#primaryimage"},"image":{"@id":"https:\/\/www.organisator.ch\/allgemein\/2023-10-02\/genuss-momente-in-der-arbeit\/#primaryimage"},"thumbnailUrl":"https:\/\/www.organisator.ch\/wp-content\/uploads\/2023\/09\/Genuss-Momente-in-der-Arbeit-1_Organisator.jpg","datePublished":"2023-10-01T22:18:42+00:00","description":"Concedete a voi stessi e al vostro team una pausa con il caff\u00e8 e il t\u00e8 Dallmayr. Momenti di relax indulgente aumentano il vostro benessere.","breadcrumb":{"@id":"https:\/\/www.organisator.ch\/allgemein\/2023-10-02\/genuss-momente-in-der-arbeit\/#breadcrumb"},"inLanguage":"it-IT","potentialAction":[{"@type":"ReadAction","target":["https:\/\/www.organisator.ch\/allgemein\/2023-10-02\/genuss-momente-in-der-arbeit\/"]}]},{"@type":"ImageObject","inLanguage":"it-IT","@id":"https:\/\/www.organisator.ch\/allgemein\/2023-10-02\/genuss-momente-in-der-arbeit\/#primaryimage","url":"https:\/\/www.organisator.ch\/wp-content\/uploads\/2023\/09\/Genuss-Momente-in-der-Arbeit-1_Organisator.jpg","contentUrl":"https:\/\/www.organisator.ch\/wp-content\/uploads\/2023\/09\/Genuss-Momente-in-der-Arbeit-1_Organisator.jpg"},{"@type":"BreadcrumbList","@id":"https:\/\/www.organisator.ch\/allgemein\/2023-10-02\/genuss-momente-in-der-arbeit\/#breadcrumb","itemListElement":[{"@type":"ListItem","position":1,"name":"Home","item":"https:\/\/www.organisator.ch\/"},{"@type":"ListItem","position":2,"name":"Genuss-Momente in der Arbeit"}]},{"@type":"WebSite","@id":"https:\/\/www.organisator.ch\/#website","url":"https:\/\/www.organisator.ch\/","name":"Organizzatore","description":"Competente. Pratico. In 10 numeri all'anno, ORGANISATOR presenta i temi essenziali per i manager delle PMI.","publisher":{"@id":"https:\/\/www.organisator.ch\/#organization"},"potentialAction":[{"@type":"SearchAction","target":{"@type":"EntryPoint","urlTemplate":"https:\/\/www.organisator.ch\/?s={search_term_string}"},"query-input":{"@type":"PropertyValueSpecification","valueRequired":true,"valueName":"search_term_string"}}],"inLanguage":"it-IT"},{"@type":"Organization","@id":"https:\/\/www.organisator.ch\/#organization","name":"Organizzatore","url":"https:\/\/www.organisator.ch\/","logo":{"@type":"ImageObject","inLanguage":"it-IT","@id":"https:\/\/www.organisator.ch\/#\/schema\/logo\/image\/","url":"https:\/\/www.organisator.ch\/wp-content\/uploads\/2022\/01\/Logo_Organisator_Website.png","contentUrl":"https:\/\/www.organisator.ch\/wp-content\/uploads\/2022\/01\/Logo_Organisator_Website.png","width":800,"height":77,"caption":"Organisator"},"image":{"@id":"https:\/\/www.organisator.ch\/#\/schema\/logo\/image\/"},"sameAs":["https:\/\/www.facebook.com\/OrganisatorFachmagazin","https:\/\/www.linkedin.com\/showcase\/organisator-das-magazin-fr-kmu","https:\/\/www.xing.com\/news\/pages\/organisator-ch-695","https:\/\/www.youtube.com\/channel\/UCGP2Sq0iWaZwT3BdIAQFYpw"]},{"@type":"Person","@id":"https:\/\/www.organisator.ch\/#\/schema\/person\/6f650f90b2842cd4c0cc334b4e36f67e","name":"Tommaso.berner","image":{"@type":"ImageObject","inLanguage":"it-IT","@id":"https:\/\/secure.gravatar.com\/avatar\/ac5001d2a36cb6c6cd3e50789007ffca834b477b74a2144564522e944eabff61?s=96&d=mm&r=g","url":"https:\/\/secure.gravatar.com\/avatar\/ac5001d2a36cb6c6cd3e50789007ffca834b477b74a2144564522e944eabff61?s=96&d=mm&r=g","contentUrl":"https:\/\/secure.gravatar.com\/avatar\/ac5001d2a36cb6c6cd3e50789007ffca834b477b74a2144564522e944eabff61?s=96&d=mm&r=g","caption":"thomas.berner"},"url":"https:\/\/www.organisator.ch\/it\/author\/thomas-berner\/"}]}},"_links":{"self":[{"href":"https:\/\/www.organisator.ch\/it\/wp-json\/wp\/v2\/posts\/21967","targetHints":{"allow":["GET"]}}],"collection":[{"href":"https:\/\/www.organisator.ch\/it\/wp-json\/wp\/v2\/posts"}],"about":[{"href":"https:\/\/www.organisator.ch\/it\/wp-json\/wp\/v2\/types\/post"}],"author":[{"embeddable":true,"href":"https:\/\/www.organisator.ch\/it\/wp-json\/wp\/v2\/users\/4"}],"replies":[{"embeddable":true,"href":"https:\/\/www.organisator.ch\/it\/wp-json\/wp\/v2\/comments?post=21967"}],"version-history":[{"count":1,"href":"https:\/\/www.organisator.ch\/it\/wp-json\/wp\/v2\/posts\/21967\/revisions"}],"predecessor-version":[{"id":21971,"href":"https:\/\/www.organisator.ch\/it\/wp-json\/wp\/v2\/posts\/21967\/revisions\/21971"}],"wp:attachment":[{"href":"https:\/\/www.organisator.ch\/it\/wp-json\/wp\/v2\/media?parent=21967"}],"wp:term":[{"taxonomy":"category","embeddable":true,"href":"https:\/\/www.organisator.ch\/it\/wp-json\/wp\/v2\/categories?post=21967"},{"taxonomy":"post_tag","embeddable":true,"href":"https:\/\/www.organisator.ch\/it\/wp-json\/wp\/v2\/tags?post=21967"}],"curies":[{"name":"wp","href":"https:\/\/api.w.org\/{rel}","templated":true}]}}