{"id":21991,"date":"2023-09-28T11:19:16","date_gmt":"2023-09-28T09:19:16","guid":{"rendered":"https:\/\/www.organisator.ch\/?p=21991"},"modified":"2023-09-28T11:19:16","modified_gmt":"2023-09-28T09:19:16","slug":"neustart-fuer-die-shma-swiss-hospitality-marketing-association","status":"publish","type":"post","link":"https:\/\/www.organisator.ch\/it\/management\/2023-09-28\/neustart-fuer-die-shma-swiss-hospitality-marketing-association\/","title":{"rendered":"Nuovo inizio per l'SHMA: Associazione Svizzera Ospitalit\u00e0 e Marketing"},"content":{"rendered":"<figure id=\"attachment_21992\" aria-describedby=\"caption-attachment-21992\" style=\"width: 680px\" class=\"wp-caption alignnone\"><img loading=\"lazy\" decoding=\"async\" class=\"size-full wp-image-21992\" src=\"https:\/\/www.organisator.ch\/wp-content\/uploads\/2023\/09\/SHMA-Vorstand_bild_ps.jpg\" alt=\"\" width=\"680\" height=\"510\" srcset=\"https:\/\/www.organisator.ch\/wp-content\/uploads\/2023\/09\/SHMA-Vorstand_bild_ps.jpg 680w, https:\/\/www.organisator.ch\/wp-content\/uploads\/2023\/09\/SHMA-Vorstand_bild_ps-16x12.jpg 16w, https:\/\/www.organisator.ch\/wp-content\/uploads\/2023\/09\/SHMA-Vorstand_bild_ps-375x281.jpg 375w, https:\/\/www.organisator.ch\/wp-content\/uploads\/2023\/09\/SHMA-Vorstand_bild_ps-467x350.jpg 467w\" sizes=\"auto, (max-width: 680px) 100vw, 680px\" \/><figcaption id=\"caption-attachment-21992\" class=\"wp-caption-text\">Il Comitato SHMA (da sinistra): Stefan Hannig, Sven H\u00e4berlin, Karin Breitenstein e Gina Domagala. (Immagine: www.shma.ch)<\/figcaption><\/figure>\n<p>\"\u00c8 una questione che ci sta a cuore rafforzare la comunit\u00e0 delle vendite e del marketing nel nostro settore e rilanciare l'SHMA\", hanno dichiarato Stefan Hannig e Karin Breitenstein nel loro discorso di benvenuto all'evento di apertura a Zurigo. Insieme ai loro colleghi del consiglio direttivo Gina Domagala e Sven H\u00e4berlin, hanno invitato i presenti all'Ameron di Zurigo per informarli sul riorientamento dell'associazione, fondata nel 1972. All'evento hanno partecipato circa 40 persone.<\/p>\n<p>Gli obiettivi principali della rete sono stati descritti dalla presidente dell'SHMA Karin Breitenstein: \"Vogliamo mostrare la diversit\u00e0 del settore ai giovani, offrire alle parti interessate una piattaforma di scambio e quindi, in ultima analisi, trattenere i lavoratori qualificati nel turismo\".<\/p>\n<h3><strong>Premio SHMA per giovani talenti<\/strong><\/h3>\n<p>Il premio SHMA, assegnato dal 2019 in collaborazione con l'IST, Istituto superiore per il turismo e l'outdoor di Zurigo, per la migliore tesi di diploma sul tema delle vendite e del marketing, proseguir\u00e0. Il premio \u00e8 dotato di 1000 franchi svizzeri.<\/p>\n<h3><strong>Molti vantaggi per i soci<\/strong><\/h3>\n<p>L'iscrizione all'associazione no-profit SHMA costa 79 franchi per i singoli, 349 franchi per le aziende e 49 franchi per gli studenti. Tra le altre cose, i membri riceveranno l'accesso agli SHMA Sales &amp; Marketing Hubs, che in futuro si terranno quattro volte all'anno. I partecipanti possono aspettarsi opportunit\u00e0 interattive per lo scambio di esperienze e il trasferimento di conoscenze tra giovani professionisti potenziali, laureati e professionisti del settore.<\/p>\n<h3>\u00a0<strong>Prossimi eventi di networking<\/strong><\/h3>\n<p>Le prossime date degli SHMA Sales &amp; Marketing Hubs di Zurigo sono il 18.12.2023, il 25.03.2024, il 24.06.2024, il 30.09.2024 e il 16.12.2024, ciascuna alle ore 18:00. Per il 2024 \u00e8 previsto anche un evento dedicato ai talenti, con presentazioni sul tema dello sviluppo e della promozione dei talenti.<\/p>\n<p><em>Fonte: <a href=\"https:\/\/shma.ch\/\">www.shma.ch<\/a><\/em><\/p>","protected":false},"excerpt":{"rendered":"<p>Idee fresche, grande motivazione e scambi vivaci hanno caratterizzato l'evento di avvio della SHMA (Swiss Hospitality &amp; Marketing Association) presso l'Ameron Zurich Bellerive au Lac. Con il nuovo consiglio direttivo, l'associazione si sta riallineando e si concentra soprattutto sul networking tra professionisti esperti e giovani professionisti del settore vendite e marketing dell'industria alberghiera e turistica svizzera.<\/p>","protected":false},"author":58,"featured_media":21992,"comment_status":"closed","ping_status":"closed","sticky":false,"template":"","format":"standard","meta":{"_acf_changed":false,"_yoast_wpseo_focuskw":"SHMA","_yoast_wpseo_metadesc":"Frische Ideen und grosse Motivation pr\u00e4gten den Event der SHMA (Swiss Hospitality & Marketing Association) im Ameron Z\u00fcrich Bellerive au Lac.","articlekey":"","footnotes":""},"categories":[28],"tags":[334,339,492,503],"class_list":["post-21991","post","type-post","status-publish","format-standard","has-post-thumbnail","hentry","category-management","tag-management","tag-marketing","tag-unternehmen","tag-verbaende"],"acf":[],"yoast_head":"<!-- This site is optimized with the Yoast SEO plugin v27.5 - https:\/\/yoast.com\/product\/yoast-seo-wordpress\/ -->\n<title>Neustart f\u00fcr die SHMA: Swiss Hospitality &amp; Marketing Association - Organisator<\/title>\n<meta name=\"description\" content=\"Frische Ideen und grosse Motivation pr\u00e4gten den Event der SHMA (Swiss Hospitality &amp; Marketing Association) im Ameron Z\u00fcrich Bellerive au Lac.\" \/>\n<meta name=\"robots\" content=\"index, follow, max-snippet:-1, max-image-preview:large, max-video-preview:-1\" \/>\n<link rel=\"canonical\" href=\"https:\/\/www.organisator.ch\/it\/gestione-2\/2023-09-28\/neustart-fuer-die-shma-swiss-hospitality-marketing-association\/\" \/>\n<meta property=\"og:locale\" content=\"it_IT\" \/>\n<meta property=\"og:type\" content=\"article\" \/>\n<meta property=\"og:title\" content=\"Neustart f\u00fcr die SHMA: Swiss Hospitality &amp; Marketing Association\" \/>\n<meta property=\"og:description\" content=\"Frische Ideen und grosse Motivation pr\u00e4gten den Event der SHMA (Swiss Hospitality &amp; Marketing Association) im Ameron Z\u00fcrich Bellerive au Lac.\" \/>\n<meta property=\"og:url\" content=\"https:\/\/www.organisator.ch\/it\/gestione-2\/2023-09-28\/neustart-fuer-die-shma-swiss-hospitality-marketing-association\/\" \/>\n<meta property=\"og:site_name\" content=\"Organisator\" \/>\n<meta property=\"article:publisher\" content=\"https:\/\/www.facebook.com\/OrganisatorFachmagazin\" \/>\n<meta property=\"article:published_time\" content=\"2023-09-28T09:19:16+00:00\" \/>\n<meta property=\"og:image\" content=\"https:\/\/www.organisator.ch\/wp-content\/uploads\/2023\/09\/SHMA-Vorstand_bild_ps.jpg\" \/>\n\t<meta property=\"og:image:width\" content=\"680\" \/>\n\t<meta property=\"og:image:height\" content=\"510\" \/>\n\t<meta property=\"og:image:type\" content=\"image\/jpeg\" \/>\n<meta name=\"author\" content=\"Adelisa Kalajdzini\" \/>\n<meta name=\"twitter:card\" content=\"summary_large_image\" \/>\n<meta name=\"twitter:title\" content=\"Neustart f\u00fcr die #SHMA: Swiss Hospitality &amp; Marketing Association\" \/>\n<meta name=\"twitter:description\" content=\"Frische Ideen und grosse Motivation pr\u00e4gten den Event der #SHMA (Swiss Hospitality &amp; Marketing Association) im Ameron Z\u00fcrich Bellerive au Lac.\" \/>\n<meta name=\"twitter:image\" content=\"https:\/\/www.organisator.ch\/wp-content\/uploads\/2023\/09\/SHMA-Vorstand_bild_ps.jpg\" \/>\n<script type=\"application\/ld+json\" class=\"yoast-schema-graph\">{\"@context\":\"https:\\\/\\\/schema.org\",\"@graph\":[{\"@type\":\"Article\",\"@id\":\"https:\\\/\\\/www.organisator.ch\\\/management\\\/2023-09-28\\\/neustart-fuer-die-shma-swiss-hospitality-marketing-association\\\/#article\",\"isPartOf\":{\"@id\":\"https:\\\/\\\/www.organisator.ch\\\/management\\\/2023-09-28\\\/neustart-fuer-die-shma-swiss-hospitality-marketing-association\\\/\"},\"author\":{\"name\":\"Adelisa Kalajdzini\",\"@id\":\"https:\\\/\\\/www.organisator.ch\\\/#\\\/schema\\\/person\\\/2e1314a2172123f874db408d8911d3f3\"},\"headline\":\"Neustart f\u00fcr die SHMA: Swiss Hospitality &#038; Marketing Association\",\"datePublished\":\"2023-09-28T09:19:16+00:00\",\"mainEntityOfPage\":{\"@id\":\"https:\\\/\\\/www.organisator.ch\\\/management\\\/2023-09-28\\\/neustart-fuer-die-shma-swiss-hospitality-marketing-association\\\/\"},\"wordCount\":307,\"publisher\":{\"@id\":\"https:\\\/\\\/www.organisator.ch\\\/#organization\"},\"image\":{\"@id\":\"https:\\\/\\\/www.organisator.ch\\\/management\\\/2023-09-28\\\/neustart-fuer-die-shma-swiss-hospitality-marketing-association\\\/#primaryimage\"},\"thumbnailUrl\":\"https:\\\/\\\/www.organisator.ch\\\/wp-content\\\/uploads\\\/2023\\\/09\\\/SHMA-Vorstand_bild_ps.jpg\",\"keywords\":[\"Management\",\"Marketing\",\"Unternehmen\",\"Verb\u00e4nde\"],\"articleSection\":[\"MANAGEMENT\"],\"inLanguage\":\"it-IT\"},{\"@type\":\"WebPage\",\"@id\":\"https:\\\/\\\/www.organisator.ch\\\/management\\\/2023-09-28\\\/neustart-fuer-die-shma-swiss-hospitality-marketing-association\\\/\",\"url\":\"https:\\\/\\\/www.organisator.ch\\\/management\\\/2023-09-28\\\/neustart-fuer-die-shma-swiss-hospitality-marketing-association\\\/\",\"name\":\"Neustart f\u00fcr die SHMA: Swiss Hospitality & Marketing Association - Organisator\",\"isPartOf\":{\"@id\":\"https:\\\/\\\/www.organisator.ch\\\/#website\"},\"primaryImageOfPage\":{\"@id\":\"https:\\\/\\\/www.organisator.ch\\\/management\\\/2023-09-28\\\/neustart-fuer-die-shma-swiss-hospitality-marketing-association\\\/#primaryimage\"},\"image\":{\"@id\":\"https:\\\/\\\/www.organisator.ch\\\/management\\\/2023-09-28\\\/neustart-fuer-die-shma-swiss-hospitality-marketing-association\\\/#primaryimage\"},\"thumbnailUrl\":\"https:\\\/\\\/www.organisator.ch\\\/wp-content\\\/uploads\\\/2023\\\/09\\\/SHMA-Vorstand_bild_ps.jpg\",\"datePublished\":\"2023-09-28T09:19:16+00:00\",\"description\":\"Frische Ideen und grosse Motivation pr\u00e4gten den Event der SHMA (Swiss Hospitality & Marketing Association) im Ameron Z\u00fcrich Bellerive au Lac.\",\"breadcrumb\":{\"@id\":\"https:\\\/\\\/www.organisator.ch\\\/management\\\/2023-09-28\\\/neustart-fuer-die-shma-swiss-hospitality-marketing-association\\\/#breadcrumb\"},\"inLanguage\":\"it-IT\",\"potentialAction\":[{\"@type\":\"ReadAction\",\"target\":[\"https:\\\/\\\/www.organisator.ch\\\/management\\\/2023-09-28\\\/neustart-fuer-die-shma-swiss-hospitality-marketing-association\\\/\"]}]},{\"@type\":\"ImageObject\",\"inLanguage\":\"it-IT\",\"@id\":\"https:\\\/\\\/www.organisator.ch\\\/management\\\/2023-09-28\\\/neustart-fuer-die-shma-swiss-hospitality-marketing-association\\\/#primaryimage\",\"url\":\"https:\\\/\\\/www.organisator.ch\\\/wp-content\\\/uploads\\\/2023\\\/09\\\/SHMA-Vorstand_bild_ps.jpg\",\"contentUrl\":\"https:\\\/\\\/www.organisator.ch\\\/wp-content\\\/uploads\\\/2023\\\/09\\\/SHMA-Vorstand_bild_ps.jpg\",\"width\":680,\"height\":510,\"caption\":\"Der SHMA-Vorstand (v.l.): Stefan Hannig, Sven H\u00e4berlin, Karin Breitenstein und Gina Domagala. (Bild: www.shma.ch)\"},{\"@type\":\"BreadcrumbList\",\"@id\":\"https:\\\/\\\/www.organisator.ch\\\/management\\\/2023-09-28\\\/neustart-fuer-die-shma-swiss-hospitality-marketing-association\\\/#breadcrumb\",\"itemListElement\":[{\"@type\":\"ListItem\",\"position\":1,\"name\":\"Home\",\"item\":\"https:\\\/\\\/www.organisator.ch\\\/\"},{\"@type\":\"ListItem\",\"position\":2,\"name\":\"Neustart f\u00fcr die SHMA: Swiss Hospitality &#038; Marketing Association\"}]},{\"@type\":\"WebSite\",\"@id\":\"https:\\\/\\\/www.organisator.ch\\\/#website\",\"url\":\"https:\\\/\\\/www.organisator.ch\\\/\",\"name\":\"Organisator\",\"description\":\"Kompetent. Praxisnah. Der ORGANISATOR bereitet in 10 Ausgaben pro Jahr die wesentlichen Themen f\u00fcr F\u00fchrungskr\u00e4fte von KMU auf.\",\"publisher\":{\"@id\":\"https:\\\/\\\/www.organisator.ch\\\/#organization\"},\"potentialAction\":[{\"@type\":\"SearchAction\",\"target\":{\"@type\":\"EntryPoint\",\"urlTemplate\":\"https:\\\/\\\/www.organisator.ch\\\/?s={search_term_string}\"},\"query-input\":{\"@type\":\"PropertyValueSpecification\",\"valueRequired\":true,\"valueName\":\"search_term_string\"}}],\"inLanguage\":\"it-IT\"},{\"@type\":\"Organization\",\"@id\":\"https:\\\/\\\/www.organisator.ch\\\/#organization\",\"name\":\"Organisator\",\"url\":\"https:\\\/\\\/www.organisator.ch\\\/\",\"logo\":{\"@type\":\"ImageObject\",\"inLanguage\":\"it-IT\",\"@id\":\"https:\\\/\\\/www.organisator.ch\\\/#\\\/schema\\\/logo\\\/image\\\/\",\"url\":\"https:\\\/\\\/www.organisator.ch\\\/wp-content\\\/uploads\\\/2022\\\/01\\\/Logo_Organisator_Website.png\",\"contentUrl\":\"https:\\\/\\\/www.organisator.ch\\\/wp-content\\\/uploads\\\/2022\\\/01\\\/Logo_Organisator_Website.png\",\"width\":800,\"height\":77,\"caption\":\"Organisator\"},\"image\":{\"@id\":\"https:\\\/\\\/www.organisator.ch\\\/#\\\/schema\\\/logo\\\/image\\\/\"},\"sameAs\":[\"https:\\\/\\\/www.facebook.com\\\/OrganisatorFachmagazin\",\"https:\\\/\\\/www.linkedin.com\\\/showcase\\\/organisator-das-magazin-fr-kmu\",\"https:\\\/\\\/www.xing.com\\\/news\\\/pages\\\/organisator-ch-695\",\"https:\\\/\\\/www.youtube.com\\\/channel\\\/UCGP2Sq0iWaZwT3BdIAQFYpw\"]},{\"@type\":\"Person\",\"@id\":\"https:\\\/\\\/www.organisator.ch\\\/#\\\/schema\\\/person\\\/2e1314a2172123f874db408d8911d3f3\",\"name\":\"Adelisa Kalajdzini\",\"image\":{\"@type\":\"ImageObject\",\"inLanguage\":\"it-IT\",\"@id\":\"https:\\\/\\\/secure.gravatar.com\\\/avatar\\\/09a397c22ac58cad6f160ee8306348599df9df58a8ede73696226897b9fa4b24?s=96&d=mm&r=g\",\"url\":\"https:\\\/\\\/secure.gravatar.com\\\/avatar\\\/09a397c22ac58cad6f160ee8306348599df9df58a8ede73696226897b9fa4b24?s=96&d=mm&r=g\",\"contentUrl\":\"https:\\\/\\\/secure.gravatar.com\\\/avatar\\\/09a397c22ac58cad6f160ee8306348599df9df58a8ede73696226897b9fa4b24?s=96&d=mm&r=g\",\"caption\":\"Adelisa Kalajdzini\"},\"url\":\"https:\\\/\\\/www.organisator.ch\\\/it\\\/author\\\/adelisa-kalajdzini\\\/\"}]}<\/script>\n<!-- \/ Yoast SEO plugin. -->","yoast_head_json":{"title":"Nuovo inizio per l'SHMA: Associazione Svizzera Ospitalit\u00e0 e Marketing - Organizzatore","description":"Idee fresche e grande motivazione hanno caratterizzato l'evento SHMA (Swiss Hospitality &amp; Marketing Association) presso l'Ameron Zurich Bellerive au Lac.","robots":{"index":"index","follow":"follow","max-snippet":"max-snippet:-1","max-image-preview":"max-image-preview:large","max-video-preview":"max-video-preview:-1"},"canonical":"https:\/\/www.organisator.ch\/it\/gestione-2\/2023-09-28\/neustart-fuer-die-shma-swiss-hospitality-marketing-association\/","og_locale":"it_IT","og_type":"article","og_title":"Neustart f\u00fcr die SHMA: Swiss Hospitality & Marketing Association","og_description":"Frische Ideen und grosse Motivation pr\u00e4gten den Event der SHMA (Swiss Hospitality & Marketing Association) im Ameron Z\u00fcrich Bellerive au Lac.","og_url":"https:\/\/www.organisator.ch\/it\/gestione-2\/2023-09-28\/neustart-fuer-die-shma-swiss-hospitality-marketing-association\/","og_site_name":"Organisator","article_publisher":"https:\/\/www.facebook.com\/OrganisatorFachmagazin","article_published_time":"2023-09-28T09:19:16+00:00","og_image":[{"width":680,"height":510,"url":"https:\/\/www.organisator.ch\/wp-content\/uploads\/2023\/09\/SHMA-Vorstand_bild_ps.jpg","type":"image\/jpeg"}],"author":"Adelisa Kalajdzini","twitter_card":"summary_large_image","twitter_title":"Neustart f\u00fcr die #SHMA: Swiss Hospitality & Marketing Association","twitter_description":"Frische Ideen und grosse Motivation pr\u00e4gten den Event der #SHMA (Swiss Hospitality & Marketing Association) im Ameron Z\u00fcrich Bellerive au Lac.","twitter_image":"https:\/\/www.organisator.ch\/wp-content\/uploads\/2023\/09\/SHMA-Vorstand_bild_ps.jpg","schema":{"@context":"https:\/\/schema.org","@graph":[{"@type":"Article","@id":"https:\/\/www.organisator.ch\/management\/2023-09-28\/neustart-fuer-die-shma-swiss-hospitality-marketing-association\/#article","isPartOf":{"@id":"https:\/\/www.organisator.ch\/management\/2023-09-28\/neustart-fuer-die-shma-swiss-hospitality-marketing-association\/"},"author":{"name":"Adelisa Kalajdzini","@id":"https:\/\/www.organisator.ch\/#\/schema\/person\/2e1314a2172123f874db408d8911d3f3"},"headline":"Neustart f\u00fcr die SHMA: Swiss Hospitality &#038; Marketing Association","datePublished":"2023-09-28T09:19:16+00:00","mainEntityOfPage":{"@id":"https:\/\/www.organisator.ch\/management\/2023-09-28\/neustart-fuer-die-shma-swiss-hospitality-marketing-association\/"},"wordCount":307,"publisher":{"@id":"https:\/\/www.organisator.ch\/#organization"},"image":{"@id":"https:\/\/www.organisator.ch\/management\/2023-09-28\/neustart-fuer-die-shma-swiss-hospitality-marketing-association\/#primaryimage"},"thumbnailUrl":"https:\/\/www.organisator.ch\/wp-content\/uploads\/2023\/09\/SHMA-Vorstand_bild_ps.jpg","keywords":["Management","Marketing","Unternehmen","Verb\u00e4nde"],"articleSection":["MANAGEMENT"],"inLanguage":"it-IT"},{"@type":"WebPage","@id":"https:\/\/www.organisator.ch\/management\/2023-09-28\/neustart-fuer-die-shma-swiss-hospitality-marketing-association\/","url":"https:\/\/www.organisator.ch\/management\/2023-09-28\/neustart-fuer-die-shma-swiss-hospitality-marketing-association\/","name":"Nuovo inizio per l'SHMA: Associazione Svizzera Ospitalit\u00e0 e Marketing - Organizzatore","isPartOf":{"@id":"https:\/\/www.organisator.ch\/#website"},"primaryImageOfPage":{"@id":"https:\/\/www.organisator.ch\/management\/2023-09-28\/neustart-fuer-die-shma-swiss-hospitality-marketing-association\/#primaryimage"},"image":{"@id":"https:\/\/www.organisator.ch\/management\/2023-09-28\/neustart-fuer-die-shma-swiss-hospitality-marketing-association\/#primaryimage"},"thumbnailUrl":"https:\/\/www.organisator.ch\/wp-content\/uploads\/2023\/09\/SHMA-Vorstand_bild_ps.jpg","datePublished":"2023-09-28T09:19:16+00:00","description":"Idee fresche e grande motivazione hanno caratterizzato l'evento SHMA (Swiss Hospitality &amp; Marketing Association) presso l'Ameron Zurich Bellerive au Lac.","breadcrumb":{"@id":"https:\/\/www.organisator.ch\/management\/2023-09-28\/neustart-fuer-die-shma-swiss-hospitality-marketing-association\/#breadcrumb"},"inLanguage":"it-IT","potentialAction":[{"@type":"ReadAction","target":["https:\/\/www.organisator.ch\/management\/2023-09-28\/neustart-fuer-die-shma-swiss-hospitality-marketing-association\/"]}]},{"@type":"ImageObject","inLanguage":"it-IT","@id":"https:\/\/www.organisator.ch\/management\/2023-09-28\/neustart-fuer-die-shma-swiss-hospitality-marketing-association\/#primaryimage","url":"https:\/\/www.organisator.ch\/wp-content\/uploads\/2023\/09\/SHMA-Vorstand_bild_ps.jpg","contentUrl":"https:\/\/www.organisator.ch\/wp-content\/uploads\/2023\/09\/SHMA-Vorstand_bild_ps.jpg","width":680,"height":510,"caption":"Der SHMA-Vorstand (v.l.): Stefan Hannig, Sven H\u00e4berlin, Karin Breitenstein und Gina Domagala. (Bild: www.shma.ch)"},{"@type":"BreadcrumbList","@id":"https:\/\/www.organisator.ch\/management\/2023-09-28\/neustart-fuer-die-shma-swiss-hospitality-marketing-association\/#breadcrumb","itemListElement":[{"@type":"ListItem","position":1,"name":"Home","item":"https:\/\/www.organisator.ch\/"},{"@type":"ListItem","position":2,"name":"Neustart f\u00fcr die SHMA: Swiss Hospitality &#038; Marketing Association"}]},{"@type":"WebSite","@id":"https:\/\/www.organisator.ch\/#website","url":"https:\/\/www.organisator.ch\/","name":"Organizzatore","description":"Competente. Pratico. In 10 numeri all'anno, ORGANISATOR presenta i temi essenziali per i manager delle PMI.","publisher":{"@id":"https:\/\/www.organisator.ch\/#organization"},"potentialAction":[{"@type":"SearchAction","target":{"@type":"EntryPoint","urlTemplate":"https:\/\/www.organisator.ch\/?s={search_term_string}"},"query-input":{"@type":"PropertyValueSpecification","valueRequired":true,"valueName":"search_term_string"}}],"inLanguage":"it-IT"},{"@type":"Organization","@id":"https:\/\/www.organisator.ch\/#organization","name":"Organizzatore","url":"https:\/\/www.organisator.ch\/","logo":{"@type":"ImageObject","inLanguage":"it-IT","@id":"https:\/\/www.organisator.ch\/#\/schema\/logo\/image\/","url":"https:\/\/www.organisator.ch\/wp-content\/uploads\/2022\/01\/Logo_Organisator_Website.png","contentUrl":"https:\/\/www.organisator.ch\/wp-content\/uploads\/2022\/01\/Logo_Organisator_Website.png","width":800,"height":77,"caption":"Organisator"},"image":{"@id":"https:\/\/www.organisator.ch\/#\/schema\/logo\/image\/"},"sameAs":["https:\/\/www.facebook.com\/OrganisatorFachmagazin","https:\/\/www.linkedin.com\/showcase\/organisator-das-magazin-fr-kmu","https:\/\/www.xing.com\/news\/pages\/organisator-ch-695","https:\/\/www.youtube.com\/channel\/UCGP2Sq0iWaZwT3BdIAQFYpw"]},{"@type":"Person","@id":"https:\/\/www.organisator.ch\/#\/schema\/person\/2e1314a2172123f874db408d8911d3f3","name":"Adelisa Kalajdzini","image":{"@type":"ImageObject","inLanguage":"it-IT","@id":"https:\/\/secure.gravatar.com\/avatar\/09a397c22ac58cad6f160ee8306348599df9df58a8ede73696226897b9fa4b24?s=96&d=mm&r=g","url":"https:\/\/secure.gravatar.com\/avatar\/09a397c22ac58cad6f160ee8306348599df9df58a8ede73696226897b9fa4b24?s=96&d=mm&r=g","contentUrl":"https:\/\/secure.gravatar.com\/avatar\/09a397c22ac58cad6f160ee8306348599df9df58a8ede73696226897b9fa4b24?s=96&d=mm&r=g","caption":"Adelisa Kalajdzini"},"url":"https:\/\/www.organisator.ch\/it\/author\/adelisa-kalajdzini\/"}]}},"_links":{"self":[{"href":"https:\/\/www.organisator.ch\/it\/wp-json\/wp\/v2\/posts\/21991","targetHints":{"allow":["GET"]}}],"collection":[{"href":"https:\/\/www.organisator.ch\/it\/wp-json\/wp\/v2\/posts"}],"about":[{"href":"https:\/\/www.organisator.ch\/it\/wp-json\/wp\/v2\/types\/post"}],"author":[{"embeddable":true,"href":"https:\/\/www.organisator.ch\/it\/wp-json\/wp\/v2\/users\/58"}],"replies":[{"embeddable":true,"href":"https:\/\/www.organisator.ch\/it\/wp-json\/wp\/v2\/comments?post=21991"}],"version-history":[{"count":3,"href":"https:\/\/www.organisator.ch\/it\/wp-json\/wp\/v2\/posts\/21991\/revisions"}],"predecessor-version":[{"id":22010,"href":"https:\/\/www.organisator.ch\/it\/wp-json\/wp\/v2\/posts\/21991\/revisions\/22010"}],"wp:featuredmedia":[{"embeddable":true,"href":"https:\/\/www.organisator.ch\/it\/wp-json\/wp\/v2\/media\/21992"}],"wp:attachment":[{"href":"https:\/\/www.organisator.ch\/it\/wp-json\/wp\/v2\/media?parent=21991"}],"wp:term":[{"taxonomy":"category","embeddable":true,"href":"https:\/\/www.organisator.ch\/it\/wp-json\/wp\/v2\/categories?post=21991"},{"taxonomy":"post_tag","embeddable":true,"href":"https:\/\/www.organisator.ch\/it\/wp-json\/wp\/v2\/tags?post=21991"}],"curies":[{"name":"wp","href":"https:\/\/api.w.org\/{rel}","templated":true}]}}