{"id":22006,"date":"2023-09-28T11:16:38","date_gmt":"2023-09-28T09:16:38","guid":{"rendered":"https:\/\/www.organisator.ch\/?p=22006"},"modified":"2023-10-23T11:12:15","modified_gmt":"2023-10-23T09:12:15","slug":"erfolgs-impuls-was-machen-sie-aus-ihrer-vergangenheit","status":"publish","type":"post","link":"https:\/\/www.organisator.ch\/it\/management\/2023-09-28\/erfolgs-impuls-was-machen-sie-aus-ihrer-vergangenheit\/","title":{"rendered":"Impulso al successo: cosa fare del proprio passato?"},"content":{"rendered":"<figure id=\"attachment_22007\" aria-describedby=\"caption-attachment-22007\" style=\"width: 680px\" class=\"wp-caption alignnone\"><img loading=\"lazy\" decoding=\"async\" class=\"size-full wp-image-22007\" src=\"https:\/\/www.organisator.ch\/wp-content\/uploads\/2023\/09\/Erfolgs-Impuls-Was-machen-Sie-aus-Ihrer-Vergangenheit_Organisator.jpg\" alt=\"\" width=\"680\" height=\"510\" srcset=\"https:\/\/www.organisator.ch\/wp-content\/uploads\/2023\/09\/Erfolgs-Impuls-Was-machen-Sie-aus-Ihrer-Vergangenheit_Organisator.jpg 680w, https:\/\/www.organisator.ch\/wp-content\/uploads\/2023\/09\/Erfolgs-Impuls-Was-machen-Sie-aus-Ihrer-Vergangenheit_Organisator-16x12.jpg 16w, https:\/\/www.organisator.ch\/wp-content\/uploads\/2023\/09\/Erfolgs-Impuls-Was-machen-Sie-aus-Ihrer-Vergangenheit_Organisator-375x281.jpg 375w, https:\/\/www.organisator.ch\/wp-content\/uploads\/2023\/09\/Erfolgs-Impuls-Was-machen-Sie-aus-Ihrer-Vergangenheit_Organisator-467x350.jpg 467w\" sizes=\"auto, (max-width: 680px) 100vw, 680px\" \/><figcaption id=\"caption-attachment-22007\" class=\"wp-caption-text\">Tornare indietro nel tempo: Molti ricordi sono costruiti dal nostro cervello e non sono accaduti in quel modo. (Immagine: Pixabay.com)<\/figcaption><\/figure>\n<p>Quello che voglio dire \u00e8 che il nostro passato influenza i nostri pensieri e le nostre azioni. Fin qui tutto bene. E la maggior parte delle persone crede che il nostro passato sia un dato fisso. Ma non \u00e8 affatto cos\u00ec. Il nostro cervello costruisce da solo circa la met\u00e0 dei nostri ricordi per rendere il passato coerente. S\u00ec, proprio cos\u00ec: solo circa la met\u00e0 dei nostri ricordi \u00e8 avvenuta realmente in quel modo. Il resto \u00e8 inventato, e non ce ne accorgiamo nemmeno.<\/p>\n<p>E per spingersi ancora pi\u00f9 in l\u00e0: Non \u00e8 il passato in s\u00e9 a influenzare i nostri pensieri di oggi, ma l'interpretazione del passato. A seconda del significato che si d\u00e0 agli eventi (a volte persino inventati), oggi si penser\u00e0 in modo diverso.<\/p>\n<p>Questo ha conseguenze drammatiche: Nessuno \u00e8 come \u00e8 a causa degli eventi del passato, ma solo a causa dell'interpretazione che ne \u00e8 stata data (anche se si \u00e8 trattato di eventi estremamente drastici). Per coloro che trovano questo difficile da digerire, si consiglia il libro di Viktor Frankl \"La ricerca di senso dell'uomo\". In esso descrive come, da prigioniero di un campo di concentramento, la sua interpretazione di eventi terribili gli abbia garantito la sopravvivenza.<\/p>\n<p>Ci\u00f2 che ne consegue \u00e8 che oggi possiamo cambiare i nostri pensieri e le nostre decisioni se interpretiamo il nostro passato in modo diverso. Non esiste una sola realt\u00e0 del passato, ma diversi modi di guardarlo.<\/p>\n<p>Cosa potete fare con questa intuizione come leader? Tre cose:<\/p>\n<ol>\n<li><strong>Di chi si circonda?<\/strong><br \/>\nInserite nel vostro team solo persone che hanno dentro di s\u00e9 un'interpretazione costruttiva del proprio passato e si assumono la piena responsabilit\u00e0 della propria situazione attuale. Troppe persone incolpano le circostanze esterne per il loro destino. Al pi\u00f9 tardi all'et\u00e0 di 25 anni, ogni persona ha la piena responsabilit\u00e0 della propria vita (non mi riferisco alle tristi eccezioni della privazione fisica della libert\u00e0).<\/li>\n<li><strong>Quali sono le opzioni?<\/strong><br \/>\nFate attenzione quando qualcuno vede solo una strada per il futuro, derivata dal passato. Ci sono sempre diverse opzioni. Chiedetele.<\/li>\n<li><strong>Qual \u00e8 il significato degli eventi?<\/strong><br \/>\nInsieme al vostro team, interpretate sempre gli eventi passati in modo che siano utili per il futuro. Questo non ha nulla a che vedere con il whitewashing, poich\u00e9 la realt\u00e0 non esiste. Ma porta anche a risultati migliori in futuro.<\/li>\n<\/ol>\n<p>Questo \u00e8 solo un piccolo approfondimento sull'importanza della psicologia per la leadership. E anche queste idee possono avere un effetto significativo sulle prestazioni del vostro team. Provate.<\/p>\n<p><i><strong>All'autore:<\/strong><br \/>\n<\/i><em>Volkmar V\u00f6lzke \u00e8 un massimizzatore di successi. Autore del libro. Consulente. Allenatore. Altoparlante.\u00a0<a href=\"http:\/\/www.volkmarvoelzke.ch\/\">www.volkmarvoelzke.ch<\/a><\/em><\/p>","protected":false},"excerpt":{"rendered":"<p>Sapevate che in realt\u00e0 in passato tutto era molto diverso? Non si tratta di teorie cospiratorie, ma di psicologia di base con chiare conseguenze per noi e la nostra vita.<\/p>","protected":false},"author":4,"featured_media":22007,"comment_status":"closed","ping_status":"closed","sticky":false,"template":"","format":"standard","meta":{"_acf_changed":false,"_yoast_wpseo_focuskw":"Vergangenheit","_yoast_wpseo_metadesc":"Wussten Sie schon, dass in der Vergangenheit in Wirklichkeit alles ganz anders war? Das hat deutliche Folgen f\u00fcr uns und unser Leben.","articlekey":"","footnotes":""},"categories":[28],"tags":[177,335,401,429],"class_list":["post-22006","post","type-post","status-publish","format-standard","has-post-thumbnail","hentry","category-management","tag-erfolgs-impuls","tag-management-und-unternehmensfuehrung","tag-psychologie","tag-selbstmanagement"],"acf":[],"yoast_head":"<!-- This site is optimized with the Yoast SEO plugin v27.5 - https:\/\/yoast.com\/product\/yoast-seo-wordpress\/ -->\n<title>Erfolgs-Impuls: Was machen Sie aus Ihrer Vergangenheit? - Organisator<\/title>\n<meta name=\"description\" content=\"Wussten Sie schon, dass in der Vergangenheit in Wirklichkeit alles ganz anders war? Das hat deutliche Folgen f\u00fcr uns und unser Leben.\" \/>\n<meta name=\"robots\" content=\"index, follow, max-snippet:-1, max-image-preview:large, max-video-preview:-1\" \/>\n<link rel=\"canonical\" href=\"https:\/\/www.organisator.ch\/it\/gestione-2\/2023-09-28\/erfolgs-impuls-was-machen-sie-aus-ihrer-vergangenheit\/\" \/>\n<meta property=\"og:locale\" content=\"it_IT\" \/>\n<meta property=\"og:type\" content=\"article\" \/>\n<meta property=\"og:title\" content=\"Erfolgs-Impuls: Was machen Sie aus Ihrer Vergangenheit?\" \/>\n<meta property=\"og:description\" content=\"Wussten Sie schon, dass in der Vergangenheit in Wirklichkeit alles ganz anders war? Das hat deutliche Folgen f\u00fcr uns und unser Leben.\" \/>\n<meta property=\"og:url\" content=\"https:\/\/www.organisator.ch\/it\/gestione-2\/2023-09-28\/erfolgs-impuls-was-machen-sie-aus-ihrer-vergangenheit\/\" \/>\n<meta property=\"og:site_name\" content=\"Organisator\" \/>\n<meta property=\"article:publisher\" content=\"https:\/\/www.facebook.com\/OrganisatorFachmagazin\" \/>\n<meta property=\"article:published_time\" content=\"2023-09-28T09:16:38+00:00\" \/>\n<meta property=\"article:modified_time\" content=\"2023-10-23T09:12:15+00:00\" \/>\n<meta property=\"og:image\" content=\"https:\/\/www.organisator.ch\/wp-content\/uploads\/2023\/09\/Erfolgs-Impuls-Was-machen-Sie-aus-Ihrer-Vergangenheit_Organisator.jpg\" \/>\n\t<meta property=\"og:image:width\" content=\"680\" \/>\n\t<meta property=\"og:image:height\" content=\"510\" \/>\n\t<meta property=\"og:image:type\" content=\"image\/jpeg\" \/>\n<meta name=\"author\" content=\"thomas.berner\" \/>\n<meta name=\"twitter:card\" content=\"summary_large_image\" \/>\n<meta name=\"twitter:title\" content=\"#Erfolgs-Impuls: Was machen Sie aus Ihrer #Vergangenheit?\" \/>\n<meta name=\"twitter:description\" content=\"Wussten Sie schon, dass in der #Vergangenheit in Wirklichkeit alles ganz anders war? Das hat deutliche Folgen f\u00fcr uns und unser Leben.\" \/>\n<meta name=\"twitter:image\" content=\"https:\/\/www.organisator.ch\/wp-content\/uploads\/2023\/09\/Erfolgs-Impuls-Was-machen-Sie-aus-Ihrer-Vergangenheit_Organisator.jpg\" \/>\n<script type=\"application\/ld+json\" class=\"yoast-schema-graph\">{\"@context\":\"https:\\\/\\\/schema.org\",\"@graph\":[{\"@type\":\"Article\",\"@id\":\"https:\\\/\\\/www.organisator.ch\\\/management\\\/2023-09-28\\\/erfolgs-impuls-was-machen-sie-aus-ihrer-vergangenheit\\\/#article\",\"isPartOf\":{\"@id\":\"https:\\\/\\\/www.organisator.ch\\\/management\\\/2023-09-28\\\/erfolgs-impuls-was-machen-sie-aus-ihrer-vergangenheit\\\/\"},\"author\":{\"name\":\"thomas.berner\",\"@id\":\"https:\\\/\\\/www.organisator.ch\\\/#\\\/schema\\\/person\\\/6f650f90b2842cd4c0cc334b4e36f67e\"},\"headline\":\"Erfolgs-Impuls: Was machen Sie aus Ihrer Vergangenheit?\",\"datePublished\":\"2023-09-28T09:16:38+00:00\",\"dateModified\":\"2023-10-23T09:12:15+00:00\",\"mainEntityOfPage\":{\"@id\":\"https:\\\/\\\/www.organisator.ch\\\/management\\\/2023-09-28\\\/erfolgs-impuls-was-machen-sie-aus-ihrer-vergangenheit\\\/\"},\"wordCount\":448,\"publisher\":{\"@id\":\"https:\\\/\\\/www.organisator.ch\\\/#organization\"},\"image\":{\"@id\":\"https:\\\/\\\/www.organisator.ch\\\/management\\\/2023-09-28\\\/erfolgs-impuls-was-machen-sie-aus-ihrer-vergangenheit\\\/#primaryimage\"},\"thumbnailUrl\":\"https:\\\/\\\/www.organisator.ch\\\/wp-content\\\/uploads\\\/2023\\\/09\\\/Erfolgs-Impuls-Was-machen-Sie-aus-Ihrer-Vergangenheit_Organisator.jpg\",\"keywords\":[\"Erfolgs-Impuls\",\"Management und Unternehmensf\u00fchrung\",\"Psychologie\",\"Selbstmanagement\"],\"articleSection\":[\"MANAGEMENT\"],\"inLanguage\":\"it-IT\"},{\"@type\":\"WebPage\",\"@id\":\"https:\\\/\\\/www.organisator.ch\\\/management\\\/2023-09-28\\\/erfolgs-impuls-was-machen-sie-aus-ihrer-vergangenheit\\\/\",\"url\":\"https:\\\/\\\/www.organisator.ch\\\/management\\\/2023-09-28\\\/erfolgs-impuls-was-machen-sie-aus-ihrer-vergangenheit\\\/\",\"name\":\"Erfolgs-Impuls: Was machen Sie aus Ihrer Vergangenheit? - Organisator\",\"isPartOf\":{\"@id\":\"https:\\\/\\\/www.organisator.ch\\\/#website\"},\"primaryImageOfPage\":{\"@id\":\"https:\\\/\\\/www.organisator.ch\\\/management\\\/2023-09-28\\\/erfolgs-impuls-was-machen-sie-aus-ihrer-vergangenheit\\\/#primaryimage\"},\"image\":{\"@id\":\"https:\\\/\\\/www.organisator.ch\\\/management\\\/2023-09-28\\\/erfolgs-impuls-was-machen-sie-aus-ihrer-vergangenheit\\\/#primaryimage\"},\"thumbnailUrl\":\"https:\\\/\\\/www.organisator.ch\\\/wp-content\\\/uploads\\\/2023\\\/09\\\/Erfolgs-Impuls-Was-machen-Sie-aus-Ihrer-Vergangenheit_Organisator.jpg\",\"datePublished\":\"2023-09-28T09:16:38+00:00\",\"dateModified\":\"2023-10-23T09:12:15+00:00\",\"description\":\"Wussten Sie schon, dass in der Vergangenheit in Wirklichkeit alles ganz anders war? Das hat deutliche Folgen f\u00fcr uns und unser Leben.\",\"breadcrumb\":{\"@id\":\"https:\\\/\\\/www.organisator.ch\\\/management\\\/2023-09-28\\\/erfolgs-impuls-was-machen-sie-aus-ihrer-vergangenheit\\\/#breadcrumb\"},\"inLanguage\":\"it-IT\",\"potentialAction\":[{\"@type\":\"ReadAction\",\"target\":[\"https:\\\/\\\/www.organisator.ch\\\/management\\\/2023-09-28\\\/erfolgs-impuls-was-machen-sie-aus-ihrer-vergangenheit\\\/\"]}]},{\"@type\":\"ImageObject\",\"inLanguage\":\"it-IT\",\"@id\":\"https:\\\/\\\/www.organisator.ch\\\/management\\\/2023-09-28\\\/erfolgs-impuls-was-machen-sie-aus-ihrer-vergangenheit\\\/#primaryimage\",\"url\":\"https:\\\/\\\/www.organisator.ch\\\/wp-content\\\/uploads\\\/2023\\\/09\\\/Erfolgs-Impuls-Was-machen-Sie-aus-Ihrer-Vergangenheit_Organisator.jpg\",\"contentUrl\":\"https:\\\/\\\/www.organisator.ch\\\/wp-content\\\/uploads\\\/2023\\\/09\\\/Erfolgs-Impuls-Was-machen-Sie-aus-Ihrer-Vergangenheit_Organisator.jpg\",\"width\":680,\"height\":510,\"caption\":\"Die Zeit zur\u00fcckdrehen: Vieles aus der Vergangenheit ist von unserem Gehirn konstruiert und hat sich nicht so abgespielt. (Bild: Pixabay.com)\"},{\"@type\":\"BreadcrumbList\",\"@id\":\"https:\\\/\\\/www.organisator.ch\\\/management\\\/2023-09-28\\\/erfolgs-impuls-was-machen-sie-aus-ihrer-vergangenheit\\\/#breadcrumb\",\"itemListElement\":[{\"@type\":\"ListItem\",\"position\":1,\"name\":\"Home\",\"item\":\"https:\\\/\\\/www.organisator.ch\\\/\"},{\"@type\":\"ListItem\",\"position\":2,\"name\":\"Erfolgs-Impuls: Was machen Sie aus Ihrer Vergangenheit?\"}]},{\"@type\":\"WebSite\",\"@id\":\"https:\\\/\\\/www.organisator.ch\\\/#website\",\"url\":\"https:\\\/\\\/www.organisator.ch\\\/\",\"name\":\"Organisator\",\"description\":\"Kompetent. Praxisnah. Der ORGANISATOR bereitet in 10 Ausgaben pro Jahr die wesentlichen Themen f\u00fcr F\u00fchrungskr\u00e4fte von KMU auf.\",\"publisher\":{\"@id\":\"https:\\\/\\\/www.organisator.ch\\\/#organization\"},\"potentialAction\":[{\"@type\":\"SearchAction\",\"target\":{\"@type\":\"EntryPoint\",\"urlTemplate\":\"https:\\\/\\\/www.organisator.ch\\\/?s={search_term_string}\"},\"query-input\":{\"@type\":\"PropertyValueSpecification\",\"valueRequired\":true,\"valueName\":\"search_term_string\"}}],\"inLanguage\":\"it-IT\"},{\"@type\":\"Organization\",\"@id\":\"https:\\\/\\\/www.organisator.ch\\\/#organization\",\"name\":\"Organisator\",\"url\":\"https:\\\/\\\/www.organisator.ch\\\/\",\"logo\":{\"@type\":\"ImageObject\",\"inLanguage\":\"it-IT\",\"@id\":\"https:\\\/\\\/www.organisator.ch\\\/#\\\/schema\\\/logo\\\/image\\\/\",\"url\":\"https:\\\/\\\/www.organisator.ch\\\/wp-content\\\/uploads\\\/2022\\\/01\\\/Logo_Organisator_Website.png\",\"contentUrl\":\"https:\\\/\\\/www.organisator.ch\\\/wp-content\\\/uploads\\\/2022\\\/01\\\/Logo_Organisator_Website.png\",\"width\":800,\"height\":77,\"caption\":\"Organisator\"},\"image\":{\"@id\":\"https:\\\/\\\/www.organisator.ch\\\/#\\\/schema\\\/logo\\\/image\\\/\"},\"sameAs\":[\"https:\\\/\\\/www.facebook.com\\\/OrganisatorFachmagazin\",\"https:\\\/\\\/www.linkedin.com\\\/showcase\\\/organisator-das-magazin-fr-kmu\",\"https:\\\/\\\/www.xing.com\\\/news\\\/pages\\\/organisator-ch-695\",\"https:\\\/\\\/www.youtube.com\\\/channel\\\/UCGP2Sq0iWaZwT3BdIAQFYpw\"]},{\"@type\":\"Person\",\"@id\":\"https:\\\/\\\/www.organisator.ch\\\/#\\\/schema\\\/person\\\/6f650f90b2842cd4c0cc334b4e36f67e\",\"name\":\"thomas.berner\",\"image\":{\"@type\":\"ImageObject\",\"inLanguage\":\"it-IT\",\"@id\":\"https:\\\/\\\/secure.gravatar.com\\\/avatar\\\/ac5001d2a36cb6c6cd3e50789007ffca834b477b74a2144564522e944eabff61?s=96&d=mm&r=g\",\"url\":\"https:\\\/\\\/secure.gravatar.com\\\/avatar\\\/ac5001d2a36cb6c6cd3e50789007ffca834b477b74a2144564522e944eabff61?s=96&d=mm&r=g\",\"contentUrl\":\"https:\\\/\\\/secure.gravatar.com\\\/avatar\\\/ac5001d2a36cb6c6cd3e50789007ffca834b477b74a2144564522e944eabff61?s=96&d=mm&r=g\",\"caption\":\"thomas.berner\"},\"url\":\"https:\\\/\\\/www.organisator.ch\\\/it\\\/author\\\/thomas-berner\\\/\"}]}<\/script>\n<!-- \/ Yoast SEO plugin. -->","yoast_head_json":{"title":"Impulso di successo: cosa fare del proprio passato? - Organizzatore","description":"Sapevate che in realt\u00e0 in passato tutto era molto diverso? Questo ha chiare conseguenze per noi e per la nostra vita.","robots":{"index":"index","follow":"follow","max-snippet":"max-snippet:-1","max-image-preview":"max-image-preview:large","max-video-preview":"max-video-preview:-1"},"canonical":"https:\/\/www.organisator.ch\/it\/gestione-2\/2023-09-28\/erfolgs-impuls-was-machen-sie-aus-ihrer-vergangenheit\/","og_locale":"it_IT","og_type":"article","og_title":"Erfolgs-Impuls: Was machen Sie aus Ihrer Vergangenheit?","og_description":"Wussten Sie schon, dass in der Vergangenheit in Wirklichkeit alles ganz anders war? Das hat deutliche Folgen f\u00fcr uns und unser Leben.","og_url":"https:\/\/www.organisator.ch\/it\/gestione-2\/2023-09-28\/erfolgs-impuls-was-machen-sie-aus-ihrer-vergangenheit\/","og_site_name":"Organisator","article_publisher":"https:\/\/www.facebook.com\/OrganisatorFachmagazin","article_published_time":"2023-09-28T09:16:38+00:00","article_modified_time":"2023-10-23T09:12:15+00:00","og_image":[{"width":680,"height":510,"url":"https:\/\/www.organisator.ch\/wp-content\/uploads\/2023\/09\/Erfolgs-Impuls-Was-machen-Sie-aus-Ihrer-Vergangenheit_Organisator.jpg","type":"image\/jpeg"}],"author":"thomas.berner","twitter_card":"summary_large_image","twitter_title":"#Erfolgs-Impuls: Was machen Sie aus Ihrer #Vergangenheit?","twitter_description":"Wussten Sie schon, dass in der #Vergangenheit in Wirklichkeit alles ganz anders war? Das hat deutliche Folgen f\u00fcr uns und unser Leben.","twitter_image":"https:\/\/www.organisator.ch\/wp-content\/uploads\/2023\/09\/Erfolgs-Impuls-Was-machen-Sie-aus-Ihrer-Vergangenheit_Organisator.jpg","schema":{"@context":"https:\/\/schema.org","@graph":[{"@type":"Article","@id":"https:\/\/www.organisator.ch\/management\/2023-09-28\/erfolgs-impuls-was-machen-sie-aus-ihrer-vergangenheit\/#article","isPartOf":{"@id":"https:\/\/www.organisator.ch\/management\/2023-09-28\/erfolgs-impuls-was-machen-sie-aus-ihrer-vergangenheit\/"},"author":{"name":"thomas.berner","@id":"https:\/\/www.organisator.ch\/#\/schema\/person\/6f650f90b2842cd4c0cc334b4e36f67e"},"headline":"Erfolgs-Impuls: Was machen Sie aus Ihrer Vergangenheit?","datePublished":"2023-09-28T09:16:38+00:00","dateModified":"2023-10-23T09:12:15+00:00","mainEntityOfPage":{"@id":"https:\/\/www.organisator.ch\/management\/2023-09-28\/erfolgs-impuls-was-machen-sie-aus-ihrer-vergangenheit\/"},"wordCount":448,"publisher":{"@id":"https:\/\/www.organisator.ch\/#organization"},"image":{"@id":"https:\/\/www.organisator.ch\/management\/2023-09-28\/erfolgs-impuls-was-machen-sie-aus-ihrer-vergangenheit\/#primaryimage"},"thumbnailUrl":"https:\/\/www.organisator.ch\/wp-content\/uploads\/2023\/09\/Erfolgs-Impuls-Was-machen-Sie-aus-Ihrer-Vergangenheit_Organisator.jpg","keywords":["Erfolgs-Impuls","Management und Unternehmensf\u00fchrung","Psychologie","Selbstmanagement"],"articleSection":["MANAGEMENT"],"inLanguage":"it-IT"},{"@type":"WebPage","@id":"https:\/\/www.organisator.ch\/management\/2023-09-28\/erfolgs-impuls-was-machen-sie-aus-ihrer-vergangenheit\/","url":"https:\/\/www.organisator.ch\/management\/2023-09-28\/erfolgs-impuls-was-machen-sie-aus-ihrer-vergangenheit\/","name":"Impulso di successo: cosa fare del proprio passato? - Organizzatore","isPartOf":{"@id":"https:\/\/www.organisator.ch\/#website"},"primaryImageOfPage":{"@id":"https:\/\/www.organisator.ch\/management\/2023-09-28\/erfolgs-impuls-was-machen-sie-aus-ihrer-vergangenheit\/#primaryimage"},"image":{"@id":"https:\/\/www.organisator.ch\/management\/2023-09-28\/erfolgs-impuls-was-machen-sie-aus-ihrer-vergangenheit\/#primaryimage"},"thumbnailUrl":"https:\/\/www.organisator.ch\/wp-content\/uploads\/2023\/09\/Erfolgs-Impuls-Was-machen-Sie-aus-Ihrer-Vergangenheit_Organisator.jpg","datePublished":"2023-09-28T09:16:38+00:00","dateModified":"2023-10-23T09:12:15+00:00","description":"Sapevate che in realt\u00e0 in passato tutto era molto diverso? Questo ha chiare conseguenze per noi e per la nostra vita.","breadcrumb":{"@id":"https:\/\/www.organisator.ch\/management\/2023-09-28\/erfolgs-impuls-was-machen-sie-aus-ihrer-vergangenheit\/#breadcrumb"},"inLanguage":"it-IT","potentialAction":[{"@type":"ReadAction","target":["https:\/\/www.organisator.ch\/management\/2023-09-28\/erfolgs-impuls-was-machen-sie-aus-ihrer-vergangenheit\/"]}]},{"@type":"ImageObject","inLanguage":"it-IT","@id":"https:\/\/www.organisator.ch\/management\/2023-09-28\/erfolgs-impuls-was-machen-sie-aus-ihrer-vergangenheit\/#primaryimage","url":"https:\/\/www.organisator.ch\/wp-content\/uploads\/2023\/09\/Erfolgs-Impuls-Was-machen-Sie-aus-Ihrer-Vergangenheit_Organisator.jpg","contentUrl":"https:\/\/www.organisator.ch\/wp-content\/uploads\/2023\/09\/Erfolgs-Impuls-Was-machen-Sie-aus-Ihrer-Vergangenheit_Organisator.jpg","width":680,"height":510,"caption":"Die Zeit zur\u00fcckdrehen: Vieles aus der Vergangenheit ist von unserem Gehirn konstruiert und hat sich nicht so abgespielt. (Bild: Pixabay.com)"},{"@type":"BreadcrumbList","@id":"https:\/\/www.organisator.ch\/management\/2023-09-28\/erfolgs-impuls-was-machen-sie-aus-ihrer-vergangenheit\/#breadcrumb","itemListElement":[{"@type":"ListItem","position":1,"name":"Home","item":"https:\/\/www.organisator.ch\/"},{"@type":"ListItem","position":2,"name":"Erfolgs-Impuls: Was machen Sie aus Ihrer Vergangenheit?"}]},{"@type":"WebSite","@id":"https:\/\/www.organisator.ch\/#website","url":"https:\/\/www.organisator.ch\/","name":"Organizzatore","description":"Competente. Pratico. In 10 numeri all'anno, ORGANISATOR presenta i temi essenziali per i manager delle PMI.","publisher":{"@id":"https:\/\/www.organisator.ch\/#organization"},"potentialAction":[{"@type":"SearchAction","target":{"@type":"EntryPoint","urlTemplate":"https:\/\/www.organisator.ch\/?s={search_term_string}"},"query-input":{"@type":"PropertyValueSpecification","valueRequired":true,"valueName":"search_term_string"}}],"inLanguage":"it-IT"},{"@type":"Organization","@id":"https:\/\/www.organisator.ch\/#organization","name":"Organizzatore","url":"https:\/\/www.organisator.ch\/","logo":{"@type":"ImageObject","inLanguage":"it-IT","@id":"https:\/\/www.organisator.ch\/#\/schema\/logo\/image\/","url":"https:\/\/www.organisator.ch\/wp-content\/uploads\/2022\/01\/Logo_Organisator_Website.png","contentUrl":"https:\/\/www.organisator.ch\/wp-content\/uploads\/2022\/01\/Logo_Organisator_Website.png","width":800,"height":77,"caption":"Organisator"},"image":{"@id":"https:\/\/www.organisator.ch\/#\/schema\/logo\/image\/"},"sameAs":["https:\/\/www.facebook.com\/OrganisatorFachmagazin","https:\/\/www.linkedin.com\/showcase\/organisator-das-magazin-fr-kmu","https:\/\/www.xing.com\/news\/pages\/organisator-ch-695","https:\/\/www.youtube.com\/channel\/UCGP2Sq0iWaZwT3BdIAQFYpw"]},{"@type":"Person","@id":"https:\/\/www.organisator.ch\/#\/schema\/person\/6f650f90b2842cd4c0cc334b4e36f67e","name":"Tommaso.berner","image":{"@type":"ImageObject","inLanguage":"it-IT","@id":"https:\/\/secure.gravatar.com\/avatar\/ac5001d2a36cb6c6cd3e50789007ffca834b477b74a2144564522e944eabff61?s=96&d=mm&r=g","url":"https:\/\/secure.gravatar.com\/avatar\/ac5001d2a36cb6c6cd3e50789007ffca834b477b74a2144564522e944eabff61?s=96&d=mm&r=g","contentUrl":"https:\/\/secure.gravatar.com\/avatar\/ac5001d2a36cb6c6cd3e50789007ffca834b477b74a2144564522e944eabff61?s=96&d=mm&r=g","caption":"thomas.berner"},"url":"https:\/\/www.organisator.ch\/it\/author\/thomas-berner\/"}]}},"_links":{"self":[{"href":"https:\/\/www.organisator.ch\/it\/wp-json\/wp\/v2\/posts\/22006","targetHints":{"allow":["GET"]}}],"collection":[{"href":"https:\/\/www.organisator.ch\/it\/wp-json\/wp\/v2\/posts"}],"about":[{"href":"https:\/\/www.organisator.ch\/it\/wp-json\/wp\/v2\/types\/post"}],"author":[{"embeddable":true,"href":"https:\/\/www.organisator.ch\/it\/wp-json\/wp\/v2\/users\/4"}],"replies":[{"embeddable":true,"href":"https:\/\/www.organisator.ch\/it\/wp-json\/wp\/v2\/comments?post=22006"}],"version-history":[{"count":1,"href":"https:\/\/www.organisator.ch\/it\/wp-json\/wp\/v2\/posts\/22006\/revisions"}],"predecessor-version":[{"id":22008,"href":"https:\/\/www.organisator.ch\/it\/wp-json\/wp\/v2\/posts\/22006\/revisions\/22008"}],"wp:featuredmedia":[{"embeddable":true,"href":"https:\/\/www.organisator.ch\/it\/wp-json\/wp\/v2\/media\/22007"}],"wp:attachment":[{"href":"https:\/\/www.organisator.ch\/it\/wp-json\/wp\/v2\/media?parent=22006"}],"wp:term":[{"taxonomy":"category","embeddable":true,"href":"https:\/\/www.organisator.ch\/it\/wp-json\/wp\/v2\/categories?post=22006"},{"taxonomy":"post_tag","embeddable":true,"href":"https:\/\/www.organisator.ch\/it\/wp-json\/wp\/v2\/tags?post=22006"}],"curies":[{"name":"wp","href":"https:\/\/api.w.org\/{rel}","templated":true}]}}