{"id":22140,"date":"2023-10-05T08:23:05","date_gmt":"2023-10-05T06:23:05","guid":{"rendered":"https:\/\/www.m-q.ch\/?p=18624"},"modified":"2024-11-14T08:31:53","modified_gmt":"2024-11-14T07:31:53","slug":"carlo-gebhardt-ist-neuer-experte-fuer-sichere-digitale-transformation-bei-eraneos","status":"publish","type":"post","link":"https:\/\/www.organisator.ch\/it\/operational-excellence\/2023-10-05\/carlo-gebhardt-ist-neuer-experte-fuer-sichere-digitale-transformation-bei-eraneos\/","title":{"rendered":"Carlo Gebhardt \u00e8 il nuovo esperto di trasformazione digitale sicura di Eraneos"},"content":{"rendered":"<figure id=\"attachment_18625\" class=\"wp-caption alignnone\" style=\"width: 680px\" aria-describedby=\"caption-attachment-18625\"><img class=\"alignnone wp-image-18625 size-full\" src=\"https:\/\/www.m-q.ch\/wp-content\/uploads\/2023\/10\/Eraneos-Group_Bild1_ps.jpg\" alt=\"Eraneos Cybersecurity\" width=\"680\" height=\"383\" \/>\r\n<figcaption id=\"caption-attachment-18625\" class=\"wp-caption-text\">Da sinistra a destra: Adrian W\u00e4gli, Managing Partner, Eraneos Svizzera; Dr. Carlo Gebhardt; Oliver Vaterlaus, CEO Eraneos. (Immagine: www.eraneos.com)<\/figcaption>\r\n<\/figure>\r\n<p>Con questo passo, Eraneos espande la propria presenza a livello globale e accelera l'accesso dei clienti a competenze all'avanguardia nel campo della trasformazione digitale, in particolare nelle aree limitrofe del cloud computing e delle tecnologie di piattaforma. Carlo Gebhardt integrer\u00e0 l'attuale portafoglio di competenze di Eraneos in materia di cybersecurity e protezione dei dati con servizi che consentono una trasformazione digitale pi\u00f9 rapida e sicura. Allo stesso tempo, promuover\u00e0 le sinergie all'interno della rete internazionale di Eraneos.\u00a0<\/p>\r\n<p>Il dott. Carlo Gebhardt ha pi\u00f9 di 25 anni di esperienza nel campo delle basi, dei processi e delle pratiche sicure nell'IT. L'ha acquisita durante gli studi di informatica tecnica e durante il dottorato, dove ha svolto un lavoro pionieristico nel campo della sicurezza affidabile del cloud. \"La cybersecurity e la resilienza sono oggi alla base di qualsiasi trasformazione digitale. Il cloud \u00e8 diventato lo standard di fatto per la digitalizzazione. In questo contesto, la sicurezza e la protezione dei dati sono pietre miliari importanti. La sicurezza informatica \u00e8 diventata un fattore elementare per lo sviluppo del business\", spiega Carlo Gebhardt, responsabile della sicurezza informatica del Gruppo Eraneos.\u00a0<\/p>\r\n<p>\"Eraneos ha l'agilit\u00e0, la cultura, il talento e le persone per avere un grande impatto sullo sviluppo della trasformazione digitale. Siamo lieti che Carlo Gebhardt guidi i nostri sforzi per supportare i nostri clienti nel loro percorso e per rafforzare il portafoglio di Eraneos. In questo modo consolider\u00e0 ulteriormente il nostro ruolo di leader internazionale in questo settore\", afferma Oliver Vaterlaus, CEO di Eraneos.\u00a0<\/p>\r\n<p><em>Fonte: <a href=\"https:\/\/www.eraneos.com\/ch\/ch\/\">www.eraneos.com\u00a0<\/a><\/em><\/p>\n<p class=\"syndicated-attribution\">Questo articolo \u00e8 apparso originariamente su m-q.ch - <a href=\"https:\/\/www.m-q.ch\/de\/carlo-gebhardt-ist-neuer-experte-fuer-sichere-digitale-transformation-bei-eraneos\/\" target=\"_blank\">https:\/\/www.m-q.ch\/de\/carlo-gebhardt-ist-neuer-experte-fuer-sichere-digitale-transformation-bei-eraneos\/<\/a><\/p>","protected":false},"excerpt":{"rendered":"<p>Eraneos rafforza le proprie competenze in materia di Cyber Security e Privacy con Carlo Gebhardt, esperto di fama internazionale di Secure Digital Transformation. Il leader di lungo corso nel campo della sicurezza informatica entra in azienda come partner e assume un duplice ruolo di leadership: \u00e8 responsabile dell'iniziativa strategica di sicurezza informatica del Gruppo Eraneos e contemporaneamente dirige la divisione Secure Digital Transformation di Eraneos Svizzera.<\/p>","protected":false},"author":58,"featured_media":0,"comment_status":"closed","ping_status":"closed","sticky":false,"template":"","format":"standard","meta":{"_acf_changed":false,"_yoast_wpseo_focuskw":"Eraneos Cybersecurity","_yoast_wpseo_metadesc":"Eraneos erweitert globale Pr\u00e4senz mit Carlo Gebhardt: Cybersicherheit und Digitalisierung im Fokus.","articlekey":"","footnotes":""},"categories":[582],"tags":[],"class_list":["post-22140","post","type-post","status-publish","format-standard","hentry","category-operational-excellence"],"acf":[],"yoast_head":"<!-- This site is optimized with the Yoast SEO plugin v27.5 - https:\/\/yoast.com\/product\/yoast-seo-wordpress\/ -->\n<title>Carlo Gebhardt ist neuer Experte f\u00fcr sichere digitale Transformation bei Eraneos - Organisator<\/title>\n<meta name=\"description\" content=\"Eraneos erweitert globale Pr\u00e4senz mit Carlo Gebhardt: Cybersicherheit und Digitalisierung im Fokus.\" \/>\n<meta name=\"robots\" content=\"index, follow, max-snippet:-1, max-image-preview:large, max-video-preview:-1\" \/>\n<link rel=\"canonical\" href=\"https:\/\/www.organisator.ch\/it\/eccellenza-operativa\/2023-10-05\/carlo-gebhardt-ist-neuer-experte-fuer-sichere-digitale-transformation-bei-eraneos\/\" \/>\n<meta property=\"og:locale\" content=\"it_IT\" \/>\n<meta property=\"og:type\" content=\"article\" \/>\n<meta property=\"og:title\" content=\"Carlo Gebhardt ist neuer Experte f\u00fcr sichere digitale Transformation bei Eraneos - Organisator\" \/>\n<meta property=\"og:description\" content=\"Eraneos erweitert globale Pr\u00e4senz mit Carlo Gebhardt: Cybersicherheit und Digitalisierung im Fokus.\" \/>\n<meta property=\"og:url\" content=\"https:\/\/www.organisator.ch\/it\/eccellenza-operativa\/2023-10-05\/carlo-gebhardt-ist-neuer-experte-fuer-sichere-digitale-transformation-bei-eraneos\/\" \/>\n<meta property=\"og:site_name\" content=\"Organisator\" \/>\n<meta property=\"article:publisher\" content=\"https:\/\/www.facebook.com\/OrganisatorFachmagazin\" \/>\n<meta property=\"article:published_time\" content=\"2023-10-05T06:23:05+00:00\" \/>\n<meta property=\"article:modified_time\" content=\"2024-11-14T07:31:53+00:00\" \/>\n<meta name=\"author\" content=\"Adelisa Kalajdzini\" \/>\n<meta name=\"twitter:card\" content=\"summary_large_image\" \/>\n<script type=\"application\/ld+json\" class=\"yoast-schema-graph\">{\"@context\":\"https:\\\/\\\/schema.org\",\"@graph\":[{\"@type\":\"Article\",\"@id\":\"https:\\\/\\\/www.organisator.ch\\\/operational-excellence\\\/2023-10-05\\\/carlo-gebhardt-ist-neuer-experte-fuer-sichere-digitale-transformation-bei-eraneos\\\/#article\",\"isPartOf\":{\"@id\":\"https:\\\/\\\/www.organisator.ch\\\/operational-excellence\\\/2023-10-05\\\/carlo-gebhardt-ist-neuer-experte-fuer-sichere-digitale-transformation-bei-eraneos\\\/\"},\"author\":{\"name\":\"Adelisa Kalajdzini\",\"@id\":\"https:\\\/\\\/www.organisator.ch\\\/#\\\/schema\\\/person\\\/2e1314a2172123f874db408d8911d3f3\"},\"headline\":\"Carlo Gebhardt ist neuer Experte f\u00fcr sichere digitale Transformation bei Eraneos\",\"datePublished\":\"2023-10-05T06:23:05+00:00\",\"dateModified\":\"2024-11-14T07:31:53+00:00\",\"mainEntityOfPage\":{\"@id\":\"https:\\\/\\\/www.organisator.ch\\\/operational-excellence\\\/2023-10-05\\\/carlo-gebhardt-ist-neuer-experte-fuer-sichere-digitale-transformation-bei-eraneos\\\/\"},\"wordCount\":285,\"publisher\":{\"@id\":\"https:\\\/\\\/www.organisator.ch\\\/#organization\"},\"image\":{\"@id\":\"https:\\\/\\\/www.organisator.ch\\\/operational-excellence\\\/2023-10-05\\\/carlo-gebhardt-ist-neuer-experte-fuer-sichere-digitale-transformation-bei-eraneos\\\/#primaryimage\"},\"thumbnailUrl\":\"https:\\\/\\\/www.m-q.ch\\\/wp-content\\\/uploads\\\/2023\\\/10\\\/Eraneos-Group_Bild1_ps.jpg\",\"articleSection\":[\"OPERATIONAL EXCELLENCE\"],\"inLanguage\":\"it-IT\"},{\"@type\":\"WebPage\",\"@id\":\"https:\\\/\\\/www.organisator.ch\\\/operational-excellence\\\/2023-10-05\\\/carlo-gebhardt-ist-neuer-experte-fuer-sichere-digitale-transformation-bei-eraneos\\\/\",\"url\":\"https:\\\/\\\/www.organisator.ch\\\/operational-excellence\\\/2023-10-05\\\/carlo-gebhardt-ist-neuer-experte-fuer-sichere-digitale-transformation-bei-eraneos\\\/\",\"name\":\"Carlo Gebhardt ist neuer Experte f\u00fcr sichere digitale Transformation bei Eraneos - Organisator\",\"isPartOf\":{\"@id\":\"https:\\\/\\\/www.organisator.ch\\\/#website\"},\"primaryImageOfPage\":{\"@id\":\"https:\\\/\\\/www.organisator.ch\\\/operational-excellence\\\/2023-10-05\\\/carlo-gebhardt-ist-neuer-experte-fuer-sichere-digitale-transformation-bei-eraneos\\\/#primaryimage\"},\"image\":{\"@id\":\"https:\\\/\\\/www.organisator.ch\\\/operational-excellence\\\/2023-10-05\\\/carlo-gebhardt-ist-neuer-experte-fuer-sichere-digitale-transformation-bei-eraneos\\\/#primaryimage\"},\"thumbnailUrl\":\"https:\\\/\\\/www.m-q.ch\\\/wp-content\\\/uploads\\\/2023\\\/10\\\/Eraneos-Group_Bild1_ps.jpg\",\"datePublished\":\"2023-10-05T06:23:05+00:00\",\"dateModified\":\"2024-11-14T07:31:53+00:00\",\"description\":\"Eraneos erweitert globale Pr\u00e4senz mit Carlo Gebhardt: Cybersicherheit und Digitalisierung im Fokus.\",\"breadcrumb\":{\"@id\":\"https:\\\/\\\/www.organisator.ch\\\/operational-excellence\\\/2023-10-05\\\/carlo-gebhardt-ist-neuer-experte-fuer-sichere-digitale-transformation-bei-eraneos\\\/#breadcrumb\"},\"inLanguage\":\"it-IT\",\"potentialAction\":[{\"@type\":\"ReadAction\",\"target\":[\"https:\\\/\\\/www.organisator.ch\\\/operational-excellence\\\/2023-10-05\\\/carlo-gebhardt-ist-neuer-experte-fuer-sichere-digitale-transformation-bei-eraneos\\\/\"]}]},{\"@type\":\"ImageObject\",\"inLanguage\":\"it-IT\",\"@id\":\"https:\\\/\\\/www.organisator.ch\\\/operational-excellence\\\/2023-10-05\\\/carlo-gebhardt-ist-neuer-experte-fuer-sichere-digitale-transformation-bei-eraneos\\\/#primaryimage\",\"url\":\"https:\\\/\\\/www.m-q.ch\\\/wp-content\\\/uploads\\\/2023\\\/10\\\/Eraneos-Group_Bild1_ps.jpg\",\"contentUrl\":\"https:\\\/\\\/www.m-q.ch\\\/wp-content\\\/uploads\\\/2023\\\/10\\\/Eraneos-Group_Bild1_ps.jpg\"},{\"@type\":\"BreadcrumbList\",\"@id\":\"https:\\\/\\\/www.organisator.ch\\\/operational-excellence\\\/2023-10-05\\\/carlo-gebhardt-ist-neuer-experte-fuer-sichere-digitale-transformation-bei-eraneos\\\/#breadcrumb\",\"itemListElement\":[{\"@type\":\"ListItem\",\"position\":1,\"name\":\"Home\",\"item\":\"https:\\\/\\\/www.organisator.ch\\\/\"},{\"@type\":\"ListItem\",\"position\":2,\"name\":\"Carlo Gebhardt ist neuer Experte f\u00fcr sichere digitale Transformation bei Eraneos\"}]},{\"@type\":\"WebSite\",\"@id\":\"https:\\\/\\\/www.organisator.ch\\\/#website\",\"url\":\"https:\\\/\\\/www.organisator.ch\\\/\",\"name\":\"Organisator\",\"description\":\"Kompetent. Praxisnah. Der ORGANISATOR bereitet in 10 Ausgaben pro Jahr die wesentlichen Themen f\u00fcr F\u00fchrungskr\u00e4fte von KMU auf.\",\"publisher\":{\"@id\":\"https:\\\/\\\/www.organisator.ch\\\/#organization\"},\"potentialAction\":[{\"@type\":\"SearchAction\",\"target\":{\"@type\":\"EntryPoint\",\"urlTemplate\":\"https:\\\/\\\/www.organisator.ch\\\/?s={search_term_string}\"},\"query-input\":{\"@type\":\"PropertyValueSpecification\",\"valueRequired\":true,\"valueName\":\"search_term_string\"}}],\"inLanguage\":\"it-IT\"},{\"@type\":\"Organization\",\"@id\":\"https:\\\/\\\/www.organisator.ch\\\/#organization\",\"name\":\"Organisator\",\"url\":\"https:\\\/\\\/www.organisator.ch\\\/\",\"logo\":{\"@type\":\"ImageObject\",\"inLanguage\":\"it-IT\",\"@id\":\"https:\\\/\\\/www.organisator.ch\\\/#\\\/schema\\\/logo\\\/image\\\/\",\"url\":\"https:\\\/\\\/www.organisator.ch\\\/wp-content\\\/uploads\\\/2022\\\/01\\\/Logo_Organisator_Website.png\",\"contentUrl\":\"https:\\\/\\\/www.organisator.ch\\\/wp-content\\\/uploads\\\/2022\\\/01\\\/Logo_Organisator_Website.png\",\"width\":800,\"height\":77,\"caption\":\"Organisator\"},\"image\":{\"@id\":\"https:\\\/\\\/www.organisator.ch\\\/#\\\/schema\\\/logo\\\/image\\\/\"},\"sameAs\":[\"https:\\\/\\\/www.facebook.com\\\/OrganisatorFachmagazin\",\"https:\\\/\\\/www.linkedin.com\\\/showcase\\\/organisator-das-magazin-fr-kmu\",\"https:\\\/\\\/www.xing.com\\\/news\\\/pages\\\/organisator-ch-695\",\"https:\\\/\\\/www.youtube.com\\\/channel\\\/UCGP2Sq0iWaZwT3BdIAQFYpw\"]},{\"@type\":\"Person\",\"@id\":\"https:\\\/\\\/www.organisator.ch\\\/#\\\/schema\\\/person\\\/2e1314a2172123f874db408d8911d3f3\",\"name\":\"Adelisa Kalajdzini\",\"image\":{\"@type\":\"ImageObject\",\"inLanguage\":\"it-IT\",\"@id\":\"https:\\\/\\\/secure.gravatar.com\\\/avatar\\\/09a397c22ac58cad6f160ee8306348599df9df58a8ede73696226897b9fa4b24?s=96&d=mm&r=g\",\"url\":\"https:\\\/\\\/secure.gravatar.com\\\/avatar\\\/09a397c22ac58cad6f160ee8306348599df9df58a8ede73696226897b9fa4b24?s=96&d=mm&r=g\",\"contentUrl\":\"https:\\\/\\\/secure.gravatar.com\\\/avatar\\\/09a397c22ac58cad6f160ee8306348599df9df58a8ede73696226897b9fa4b24?s=96&d=mm&r=g\",\"caption\":\"Adelisa Kalajdzini\"},\"url\":\"https:\\\/\\\/www.organisator.ch\\\/it\\\/author\\\/adelisa-kalajdzini\\\/\"}]}<\/script>\n<!-- \/ Yoast SEO plugin. -->","yoast_head_json":{"title":"Carlo Gebhardt \u00e8 il nuovo esperto di trasformazione digitale sicura di Eraneos - Organizzatore","description":"Eraneos espande la presenza globale con Carlo Gebhardt: focus su sicurezza informatica e digitalizzazione.","robots":{"index":"index","follow":"follow","max-snippet":"max-snippet:-1","max-image-preview":"max-image-preview:large","max-video-preview":"max-video-preview:-1"},"canonical":"https:\/\/www.organisator.ch\/it\/eccellenza-operativa\/2023-10-05\/carlo-gebhardt-ist-neuer-experte-fuer-sichere-digitale-transformation-bei-eraneos\/","og_locale":"it_IT","og_type":"article","og_title":"Carlo Gebhardt ist neuer Experte f\u00fcr sichere digitale Transformation bei Eraneos - Organisator","og_description":"Eraneos erweitert globale Pr\u00e4senz mit Carlo Gebhardt: Cybersicherheit und Digitalisierung im Fokus.","og_url":"https:\/\/www.organisator.ch\/it\/eccellenza-operativa\/2023-10-05\/carlo-gebhardt-ist-neuer-experte-fuer-sichere-digitale-transformation-bei-eraneos\/","og_site_name":"Organisator","article_publisher":"https:\/\/www.facebook.com\/OrganisatorFachmagazin","article_published_time":"2023-10-05T06:23:05+00:00","article_modified_time":"2024-11-14T07:31:53+00:00","author":"Adelisa Kalajdzini","twitter_card":"summary_large_image","schema":{"@context":"https:\/\/schema.org","@graph":[{"@type":"Article","@id":"https:\/\/www.organisator.ch\/operational-excellence\/2023-10-05\/carlo-gebhardt-ist-neuer-experte-fuer-sichere-digitale-transformation-bei-eraneos\/#article","isPartOf":{"@id":"https:\/\/www.organisator.ch\/operational-excellence\/2023-10-05\/carlo-gebhardt-ist-neuer-experte-fuer-sichere-digitale-transformation-bei-eraneos\/"},"author":{"name":"Adelisa Kalajdzini","@id":"https:\/\/www.organisator.ch\/#\/schema\/person\/2e1314a2172123f874db408d8911d3f3"},"headline":"Carlo Gebhardt ist neuer Experte f\u00fcr sichere digitale Transformation bei Eraneos","datePublished":"2023-10-05T06:23:05+00:00","dateModified":"2024-11-14T07:31:53+00:00","mainEntityOfPage":{"@id":"https:\/\/www.organisator.ch\/operational-excellence\/2023-10-05\/carlo-gebhardt-ist-neuer-experte-fuer-sichere-digitale-transformation-bei-eraneos\/"},"wordCount":285,"publisher":{"@id":"https:\/\/www.organisator.ch\/#organization"},"image":{"@id":"https:\/\/www.organisator.ch\/operational-excellence\/2023-10-05\/carlo-gebhardt-ist-neuer-experte-fuer-sichere-digitale-transformation-bei-eraneos\/#primaryimage"},"thumbnailUrl":"https:\/\/www.m-q.ch\/wp-content\/uploads\/2023\/10\/Eraneos-Group_Bild1_ps.jpg","articleSection":["OPERATIONAL EXCELLENCE"],"inLanguage":"it-IT"},{"@type":"WebPage","@id":"https:\/\/www.organisator.ch\/operational-excellence\/2023-10-05\/carlo-gebhardt-ist-neuer-experte-fuer-sichere-digitale-transformation-bei-eraneos\/","url":"https:\/\/www.organisator.ch\/operational-excellence\/2023-10-05\/carlo-gebhardt-ist-neuer-experte-fuer-sichere-digitale-transformation-bei-eraneos\/","name":"Carlo Gebhardt \u00e8 il nuovo esperto di trasformazione digitale sicura di Eraneos - Organizzatore","isPartOf":{"@id":"https:\/\/www.organisator.ch\/#website"},"primaryImageOfPage":{"@id":"https:\/\/www.organisator.ch\/operational-excellence\/2023-10-05\/carlo-gebhardt-ist-neuer-experte-fuer-sichere-digitale-transformation-bei-eraneos\/#primaryimage"},"image":{"@id":"https:\/\/www.organisator.ch\/operational-excellence\/2023-10-05\/carlo-gebhardt-ist-neuer-experte-fuer-sichere-digitale-transformation-bei-eraneos\/#primaryimage"},"thumbnailUrl":"https:\/\/www.m-q.ch\/wp-content\/uploads\/2023\/10\/Eraneos-Group_Bild1_ps.jpg","datePublished":"2023-10-05T06:23:05+00:00","dateModified":"2024-11-14T07:31:53+00:00","description":"Eraneos espande la presenza globale con Carlo Gebhardt: focus su sicurezza informatica e digitalizzazione.","breadcrumb":{"@id":"https:\/\/www.organisator.ch\/operational-excellence\/2023-10-05\/carlo-gebhardt-ist-neuer-experte-fuer-sichere-digitale-transformation-bei-eraneos\/#breadcrumb"},"inLanguage":"it-IT","potentialAction":[{"@type":"ReadAction","target":["https:\/\/www.organisator.ch\/operational-excellence\/2023-10-05\/carlo-gebhardt-ist-neuer-experte-fuer-sichere-digitale-transformation-bei-eraneos\/"]}]},{"@type":"ImageObject","inLanguage":"it-IT","@id":"https:\/\/www.organisator.ch\/operational-excellence\/2023-10-05\/carlo-gebhardt-ist-neuer-experte-fuer-sichere-digitale-transformation-bei-eraneos\/#primaryimage","url":"https:\/\/www.m-q.ch\/wp-content\/uploads\/2023\/10\/Eraneos-Group_Bild1_ps.jpg","contentUrl":"https:\/\/www.m-q.ch\/wp-content\/uploads\/2023\/10\/Eraneos-Group_Bild1_ps.jpg"},{"@type":"BreadcrumbList","@id":"https:\/\/www.organisator.ch\/operational-excellence\/2023-10-05\/carlo-gebhardt-ist-neuer-experte-fuer-sichere-digitale-transformation-bei-eraneos\/#breadcrumb","itemListElement":[{"@type":"ListItem","position":1,"name":"Home","item":"https:\/\/www.organisator.ch\/"},{"@type":"ListItem","position":2,"name":"Carlo Gebhardt ist neuer Experte f\u00fcr sichere digitale Transformation bei Eraneos"}]},{"@type":"WebSite","@id":"https:\/\/www.organisator.ch\/#website","url":"https:\/\/www.organisator.ch\/","name":"Organizzatore","description":"Competente. Pratico. In 10 numeri all'anno, ORGANISATOR presenta i temi essenziali per i manager delle PMI.","publisher":{"@id":"https:\/\/www.organisator.ch\/#organization"},"potentialAction":[{"@type":"SearchAction","target":{"@type":"EntryPoint","urlTemplate":"https:\/\/www.organisator.ch\/?s={search_term_string}"},"query-input":{"@type":"PropertyValueSpecification","valueRequired":true,"valueName":"search_term_string"}}],"inLanguage":"it-IT"},{"@type":"Organization","@id":"https:\/\/www.organisator.ch\/#organization","name":"Organizzatore","url":"https:\/\/www.organisator.ch\/","logo":{"@type":"ImageObject","inLanguage":"it-IT","@id":"https:\/\/www.organisator.ch\/#\/schema\/logo\/image\/","url":"https:\/\/www.organisator.ch\/wp-content\/uploads\/2022\/01\/Logo_Organisator_Website.png","contentUrl":"https:\/\/www.organisator.ch\/wp-content\/uploads\/2022\/01\/Logo_Organisator_Website.png","width":800,"height":77,"caption":"Organisator"},"image":{"@id":"https:\/\/www.organisator.ch\/#\/schema\/logo\/image\/"},"sameAs":["https:\/\/www.facebook.com\/OrganisatorFachmagazin","https:\/\/www.linkedin.com\/showcase\/organisator-das-magazin-fr-kmu","https:\/\/www.xing.com\/news\/pages\/organisator-ch-695","https:\/\/www.youtube.com\/channel\/UCGP2Sq0iWaZwT3BdIAQFYpw"]},{"@type":"Person","@id":"https:\/\/www.organisator.ch\/#\/schema\/person\/2e1314a2172123f874db408d8911d3f3","name":"Adelisa Kalajdzini","image":{"@type":"ImageObject","inLanguage":"it-IT","@id":"https:\/\/secure.gravatar.com\/avatar\/09a397c22ac58cad6f160ee8306348599df9df58a8ede73696226897b9fa4b24?s=96&d=mm&r=g","url":"https:\/\/secure.gravatar.com\/avatar\/09a397c22ac58cad6f160ee8306348599df9df58a8ede73696226897b9fa4b24?s=96&d=mm&r=g","contentUrl":"https:\/\/secure.gravatar.com\/avatar\/09a397c22ac58cad6f160ee8306348599df9df58a8ede73696226897b9fa4b24?s=96&d=mm&r=g","caption":"Adelisa Kalajdzini"},"url":"https:\/\/www.organisator.ch\/it\/author\/adelisa-kalajdzini\/"}]}},"_links":{"self":[{"href":"https:\/\/www.organisator.ch\/it\/wp-json\/wp\/v2\/posts\/22140","targetHints":{"allow":["GET"]}}],"collection":[{"href":"https:\/\/www.organisator.ch\/it\/wp-json\/wp\/v2\/posts"}],"about":[{"href":"https:\/\/www.organisator.ch\/it\/wp-json\/wp\/v2\/types\/post"}],"author":[{"embeddable":true,"href":"https:\/\/www.organisator.ch\/it\/wp-json\/wp\/v2\/users\/58"}],"replies":[{"embeddable":true,"href":"https:\/\/www.organisator.ch\/it\/wp-json\/wp\/v2\/comments?post=22140"}],"version-history":[{"count":3,"href":"https:\/\/www.organisator.ch\/it\/wp-json\/wp\/v2\/posts\/22140\/revisions"}],"predecessor-version":[{"id":32831,"href":"https:\/\/www.organisator.ch\/it\/wp-json\/wp\/v2\/posts\/22140\/revisions\/32831"}],"wp:attachment":[{"href":"https:\/\/www.organisator.ch\/it\/wp-json\/wp\/v2\/media?parent=22140"}],"wp:term":[{"taxonomy":"category","embeddable":true,"href":"https:\/\/www.organisator.ch\/it\/wp-json\/wp\/v2\/categories?post=22140"},{"taxonomy":"post_tag","embeddable":true,"href":"https:\/\/www.organisator.ch\/it\/wp-json\/wp\/v2\/tags?post=22140"}],"curies":[{"name":"wp","href":"https:\/\/api.w.org\/{rel}","templated":true}]}}