{"id":22191,"date":"2023-10-08T23:49:09","date_gmt":"2023-10-08T21:49:09","guid":{"rendered":"https:\/\/www.werbewoche.ch\/?p=203793"},"modified":"2024-11-13T15:42:43","modified_gmt":"2024-11-13T14:42:43","slug":"rebranding-im-unternehmen-wann-ist-der-richtige-zeitpunkt-fuer-veraenderung","status":"publish","type":"post","link":"https:\/\/www.organisator.ch\/it\/marketing\/2023-10-08\/rebranding-im-unternehmen-wann-ist-der-richtige-zeitpunkt-fuer-veraenderung\/","title":{"rendered":"Rebranding in azienda: Quando \u00e8 il momento giusto per cambiare?"},"content":{"rendered":"<p><img class=\"aligncenter wp-image-203794 size-full\" src=\"https:\/\/www.werbewoche.ch\/wp-content\/uploads\/2023\/09\/Rebranding-Unternehmen-Headerbild-Dominik-Sedlmeier.jpg\" alt=\"Rebranding aziendale\" width=\"1200\" height=\"603\" \/><\/p>\r\n<p>Nel mondo degli affari moderno, ogni giorno appare diverso. Le imprese si trovano ad affrontare continuamente nuove sfide e una concorrenza sempre pi\u00f9 agguerrita. Il cambiamento costante comporta una maggiore pressione competitiva. Per rimanere competitivi e rilevanti in questo ambiente, i marchi devono adattarsi costantemente.<\/p>\r\n<p>Spesso si tratta di un cambiamento radicale che impone di reinventarsi. Questo processo \u00e8 chiamato anche rebranding. In questo processo, un marchio subisce una trasformazione completa e sviluppa una nuova identit\u00e0. Ma come si fa a decidere quando \u00e8 il momento giusto per fare un rebranding? E quali sono i vantaggi? Come si fa a pianificare con cura e quali sono i rischi e le sfide potenziali?<\/p>\r\n<h3><strong>Che cos'\u00e8 il rebranding?<\/strong><\/h3>\r\n<p>Ogni marchio ha bisogno di un'identit\u00e0 unica per distinguersi dagli altri. Questa viene definita dall'identit\u00e0 aziendale, che comprende elementi di design come logo, slogan, web design, colori e caratteri.<\/p>\r\n<p>Le aziende hanno il compito di adattarsi a un mercato in costante evoluzione. Con l'introduzione di nuove tecnologie e prodotti, cambiano anche le esigenze dei clienti. Di conseguenza, \u00e8 necessario modificare la strategia del marchio.<\/p>\r\n<p>Il rebranding inizia spesso con l'adattamento del design aziendale. In questo modo, i marchi possono migliorare il proprio posizionamento e attrarre nuovi potenziali clienti per ampliare il proprio gruppo target. Ci\u00f2 comporta spesso modifiche a colori, caratteri e loghi che creano il riconoscimento del marchio.<\/p>\r\n<p>Il rebranding \u00e8 un processo estremamente complesso che pu\u00f2 portare un marchio in una nuova direzione e richiede un'attenta pianificazione. Non si tratta solo di modifiche al design: vengono ridisegnati sia l'immagine complessiva del marchio sia il messaggio che il marchio vuole trasmettere.<\/p>\r\n<p>Molti marchi ricorrono al rebranding per superare le crisi o per segnalare ai propri clienti la volont\u00e0 di migliorare. Pertanto, la tempistica del rebranding dipende da una serie di fattori e richiede un'attenta considerazione delle opportunit\u00e0 e dei rischi.<\/p>\r\n<h3><strong>Opportunit\u00e0 e rischi di una nuova identit\u00e0 di marca<\/strong><\/h3>\r\n<p>In linea di principio, un rebranding pu\u00f2 contribuire a rafforzare in modo significativo la fiducia della clientela. Un cambiamento significativo nell'identit\u00e0 del marchio \u00e8 spesso un segnale positivo.<\/p>\r\n<p>Molte aziende iniziano il processo di rebranding con l'obiettivo di differenziarsi dalla concorrenza. Un'identit\u00e0 aziendale aggiornata pu\u00f2 aiutare il marchio ad apparire pi\u00f9 moderno, accattivante e contemporaneo.<\/p>\r\n<p>Una delle tante opportunit\u00e0 del rebranding \u00e8 la possibilit\u00e0 di rivolgersi a nuovi gruppi target. Ad esempio, una nuova immagine pu\u00f2 attrarre i consumatori pi\u00f9 giovani e quindi raggiungere una fascia demografica pi\u00f9 ampia. In relazione ai gruppi target esistenti, una nuova identit\u00e0 aziendale pu\u00f2 far apparire il marchio pi\u00f9 credibile e professionale. Inoltre, un'identit\u00e0 creativa e accattivante pu\u00f2 portare i consumatori a percepire il marchio come innovativo e competitivo e a sviluppare un legame pi\u00f9 forte. Infine, il rebranding pu\u00f2 anche aumentare il valore di mercato e attirare l'interesse degli investitori e di altri stakeholder chiave.<\/p>\r\n<p>Nonostante i numerosi vantaggi del rebranding, ci sono anche alcuni rischi e pericoli che devono essere presi in considerazione. Il rischio maggiore \u00e8 quello di confondere e persino perdere i clienti fedeli se il rebranding non \u00e8 ben pensato. Soprattutto per i marchi affermati e conosciuti, il rebranding pu\u00f2 causare confusione e rabbia tra i clienti. Nel peggiore dei casi, la reputazione del marchio pu\u00f2 essere danneggiata.<\/p>\r\n<p>Il rebranding comporta anche alcune implicazioni finanziarie. L'intero processo di rebranding comporta costi significativi, tra cui il cambio del nome di dominio e altre spese. Pertanto, \u00e8 importante pianificare il processo di rebranding in modo attento e strategico.<\/p>\r\n<h3><strong>Un rebranding di successo in pochi passi<\/strong><\/h3>\r\n<p>Un rebranding efficace richiede un'attenta pianificazione ed esecuzione per evitare potenziali errori. Ad esempio, il rebranding di X, precedentemente noto come Twitter, non ha avuto il successo sperato: il nuovo logo e il nuovo nome hanno confuso milioni di utenti. Inoltre, il vecchio marchio \"Larry the Bird\" \u00e8 visibile in alcuni punti della piattaforma e il nuovo logo X non \u00e8 ancora stato completamente implementato.<\/p>\r\n<p>Il primo passo dovrebbe essere la definizione di obiettivi chiari. Si vuole creare una nuova immagine, rivolgersi a un nuovo gruppo target o migliorare la credibilit\u00e0 del marchio? Di conseguenza, gli obiettivi devono essere chiaramente definiti prima di iniziare il processo di rebranding.<\/p>\r\n<p>Inoltre, l'analisi dell'identit\u00e0 attuale \u00e8 estremamente importante. In questo caso, \u00e8 necessario identificare i punti di forza, le debolezze e le potenziali aree problematiche del marchio. Conducendo una ricerca di mercato completa, \u00e8 possibile analizzare come il marchio viene percepito dall'esterno e quali sono le esigenze del gruppo target.<\/p>\r\n<p>Nella terza fase, viene sviluppato il nuovo design. Qui il design aziendale viene modernizzato per distinguersi dalla concorrenza. Ogni aspetto, compresi i colori, i caratteri, i loghi, le immagini e altro ancora, viene preso in considerazione.<\/p>\r\n<p>La nuova identit\u00e0 viene poi implementata. \u00c8 importante implementare in modo coerente la nuova identit\u00e0 aziendale. Ad esempio, il sito web, i profili dei social media e altro materiale di marketing devono essere aggiornati di conseguenza. \u00c8 inoltre importante che il gruppo target percepisca e comprenda il rebranding. A tal fine, una comunicazione corretta e trasparente \u00e8 essenziale per l'azienda.<\/p>\r\n<p>In definitiva, il rebranding deve essere continuamente monitorato e regolato, perch\u00e9 un processo di rebranding non \u00e8 mai veramente completo. \u00c8 importante monitorare attentamente gli effetti per apportare eventuali modifiche e garantire il successo a lungo termine.<\/p>\r\n<h3><strong>Conclusione: grandi opportunit\u00e0 con il rebranding<\/strong><\/h3>\r\n<p>Il rebranding comporta una riprogettazione del marchio. Un processo di rebranding di successo consente a un marchio di riposizionarsi sul mercato e di distinguersi pi\u00f9 chiaramente. L'attenzione \u00e8 sempre rivolta alle esigenze e ai desideri del gruppo target. \u00c8 anche un modo per rivolgersi a un pubblico pi\u00f9 ampio. Il momento giusto per il rebranding \u00e8 quando l'identit\u00e0 del marchio esistente non soddisfa pi\u00f9 gli obiettivi desiderati e una nuova identit\u00e0 aziendale offre maggiori potenzialit\u00e0. \u00c8 importante che le singole fasi siano attuate in modo chiaro e coerente e monitorate costantemente. Solo cos\u00ec si pu\u00f2 ottenere un successo duraturo con il rebranding.<\/p>\r\n<hr \/>\r\n<p><em>* <strong>Dominik Sedlmeier<\/strong> \u00e8 amministratore delegato dell'agenzia <a href=\"https:\/\/www.elclasico-media.de\/\">El Clasico Media<\/a> ed esperto nei settori della comunicazione, del marketing e delle relazioni pubbliche.<\/em><\/p>\r\n<figure id=\"attachment_203795\" class=\"wp-caption aligncenter\" style=\"width: 1200px\" aria-describedby=\"caption-attachment-203795\"><img class=\"size-full wp-image-203795\" src=\"https:\/\/www.werbewoche.ch\/wp-content\/uploads\/2023\/09\/Dominik-Sedlmeier-El-Clasico-Portraet.jpg\" alt=\"\" width=\"1200\" height=\"763\" \/>\r\n<figcaption id=\"caption-attachment-203795\" class=\"wp-caption-text\">(Immagine: zVg.)<\/figcaption>\r\n<\/figure>\r\n<hr \/>\r\n<p><em>Nei contributi degli ospiti di Werbewoche.ch, gli autori stessi sono responsabili dei contenuti e dell'accuratezza. Le opinioni espresse riflettono il loro punto di vista.<\/em><\/p>","protected":false},"excerpt":{"rendered":"<p>Per rimanere competitivi e rilevanti, i marchi devono continuamente adattarsi o addirittura reinventarsi. Ma come si fa a decidere quando \u00e8 arrivato il momento giusto per il rebranding? Nel suo articolo ospite, Dominik Sedlmeier illustra i punti pi\u00f9 importanti su cui riflettere.<\/p>","protected":false},"author":8,"featured_media":0,"comment_status":"closed","ping_status":"closed","sticky":false,"template":"","format":"standard","meta":{"_acf_changed":false,"_yoast_wpseo_focuskw":"Rebranding Unternehmen","_yoast_wpseo_metadesc":"Rebranding: Neugestaltung von Markenidentit\u00e4t f\u00fcr Erfolg. Chancen und Risiken analysiert. Strategische Umsetzung erforderlich.","articlekey":"","footnotes":""},"categories":[29],"tags":[],"class_list":["post-22191","post","type-post","status-publish","format-standard","hentry","category-marketing"],"acf":[],"yoast_head":"<!-- This site is optimized with the Yoast SEO plugin v27.5 - https:\/\/yoast.com\/product\/yoast-seo-wordpress\/ -->\n<title>Rebranding im Unternehmen: Wann ist der richtige Zeitpunkt f\u00fcr Ver\u00e4nderung? - Organisator<\/title>\n<meta name=\"description\" content=\"Rebranding: Neugestaltung von Markenidentit\u00e4t f\u00fcr Erfolg. Chancen und Risiken analysiert. Strategische Umsetzung erforderlich.\" \/>\n<meta name=\"robots\" content=\"index, follow, max-snippet:-1, max-image-preview:large, max-video-preview:-1\" \/>\n<link rel=\"canonical\" href=\"https:\/\/www.organisator.ch\/it\/marketing\/2023-10-08\/rebranding-im-unternehmen-wann-ist-der-richtige-zeitpunkt-fuer-veraenderung\/\" \/>\n<meta property=\"og:locale\" content=\"it_IT\" \/>\n<meta property=\"og:type\" content=\"article\" \/>\n<meta property=\"og:title\" content=\"Rebranding im Unternehmen: Wann ist der richtige Zeitpunkt f\u00fcr Ver\u00e4nderung? - Organisator\" \/>\n<meta property=\"og:description\" content=\"Rebranding: Neugestaltung von Markenidentit\u00e4t f\u00fcr Erfolg. Chancen und Risiken analysiert. Strategische Umsetzung erforderlich.\" \/>\n<meta property=\"og:url\" content=\"https:\/\/www.organisator.ch\/it\/marketing\/2023-10-08\/rebranding-im-unternehmen-wann-ist-der-richtige-zeitpunkt-fuer-veraenderung\/\" \/>\n<meta property=\"og:site_name\" content=\"Organisator\" \/>\n<meta property=\"article:publisher\" content=\"https:\/\/www.facebook.com\/OrganisatorFachmagazin\" \/>\n<meta property=\"article:published_time\" content=\"2023-10-08T21:49:09+00:00\" \/>\n<meta property=\"article:modified_time\" content=\"2024-11-13T14:42:43+00:00\" \/>\n<meta name=\"author\" content=\"galledia\" \/>\n<meta name=\"twitter:card\" content=\"summary_large_image\" \/>\n<meta name=\"twitter:creator\" content=\"@admin\" \/>\n<script type=\"application\/ld+json\" class=\"yoast-schema-graph\">{\"@context\":\"https:\\\/\\\/schema.org\",\"@graph\":[{\"@type\":\"Article\",\"@id\":\"https:\\\/\\\/www.organisator.ch\\\/marketing\\\/2023-10-08\\\/rebranding-im-unternehmen-wann-ist-der-richtige-zeitpunkt-fuer-veraenderung\\\/#article\",\"isPartOf\":{\"@id\":\"https:\\\/\\\/www.organisator.ch\\\/marketing\\\/2023-10-08\\\/rebranding-im-unternehmen-wann-ist-der-richtige-zeitpunkt-fuer-veraenderung\\\/\"},\"author\":{\"name\":\"galledia\",\"@id\":\"https:\\\/\\\/www.organisator.ch\\\/#\\\/schema\\\/person\\\/4e51799071cd2dd1232ac003643ef5f0\"},\"headline\":\"Rebranding im Unternehmen: Wann ist der richtige Zeitpunkt f\u00fcr Ver\u00e4nderung?\",\"datePublished\":\"2023-10-08T21:49:09+00:00\",\"dateModified\":\"2024-11-13T14:42:43+00:00\",\"mainEntityOfPage\":{\"@id\":\"https:\\\/\\\/www.organisator.ch\\\/marketing\\\/2023-10-08\\\/rebranding-im-unternehmen-wann-ist-der-richtige-zeitpunkt-fuer-veraenderung\\\/\"},\"wordCount\":1038,\"publisher\":{\"@id\":\"https:\\\/\\\/www.organisator.ch\\\/#organization\"},\"image\":{\"@id\":\"https:\\\/\\\/www.organisator.ch\\\/marketing\\\/2023-10-08\\\/rebranding-im-unternehmen-wann-ist-der-richtige-zeitpunkt-fuer-veraenderung\\\/#primaryimage\"},\"thumbnailUrl\":\"https:\\\/\\\/www.werbewoche.ch\\\/wp-content\\\/uploads\\\/2023\\\/09\\\/Rebranding-Unternehmen-Headerbild-Dominik-Sedlmeier.jpg\",\"articleSection\":[\"MARKETING\"],\"inLanguage\":\"it-IT\"},{\"@type\":\"WebPage\",\"@id\":\"https:\\\/\\\/www.organisator.ch\\\/marketing\\\/2023-10-08\\\/rebranding-im-unternehmen-wann-ist-der-richtige-zeitpunkt-fuer-veraenderung\\\/\",\"url\":\"https:\\\/\\\/www.organisator.ch\\\/marketing\\\/2023-10-08\\\/rebranding-im-unternehmen-wann-ist-der-richtige-zeitpunkt-fuer-veraenderung\\\/\",\"name\":\"Rebranding im Unternehmen: Wann ist der richtige Zeitpunkt f\u00fcr Ver\u00e4nderung? - Organisator\",\"isPartOf\":{\"@id\":\"https:\\\/\\\/www.organisator.ch\\\/#website\"},\"primaryImageOfPage\":{\"@id\":\"https:\\\/\\\/www.organisator.ch\\\/marketing\\\/2023-10-08\\\/rebranding-im-unternehmen-wann-ist-der-richtige-zeitpunkt-fuer-veraenderung\\\/#primaryimage\"},\"image\":{\"@id\":\"https:\\\/\\\/www.organisator.ch\\\/marketing\\\/2023-10-08\\\/rebranding-im-unternehmen-wann-ist-der-richtige-zeitpunkt-fuer-veraenderung\\\/#primaryimage\"},\"thumbnailUrl\":\"https:\\\/\\\/www.werbewoche.ch\\\/wp-content\\\/uploads\\\/2023\\\/09\\\/Rebranding-Unternehmen-Headerbild-Dominik-Sedlmeier.jpg\",\"datePublished\":\"2023-10-08T21:49:09+00:00\",\"dateModified\":\"2024-11-13T14:42:43+00:00\",\"description\":\"Rebranding: Neugestaltung von Markenidentit\u00e4t f\u00fcr Erfolg. Chancen und Risiken analysiert. Strategische Umsetzung erforderlich.\",\"breadcrumb\":{\"@id\":\"https:\\\/\\\/www.organisator.ch\\\/marketing\\\/2023-10-08\\\/rebranding-im-unternehmen-wann-ist-der-richtige-zeitpunkt-fuer-veraenderung\\\/#breadcrumb\"},\"inLanguage\":\"it-IT\",\"potentialAction\":[{\"@type\":\"ReadAction\",\"target\":[\"https:\\\/\\\/www.organisator.ch\\\/marketing\\\/2023-10-08\\\/rebranding-im-unternehmen-wann-ist-der-richtige-zeitpunkt-fuer-veraenderung\\\/\"]}]},{\"@type\":\"ImageObject\",\"inLanguage\":\"it-IT\",\"@id\":\"https:\\\/\\\/www.organisator.ch\\\/marketing\\\/2023-10-08\\\/rebranding-im-unternehmen-wann-ist-der-richtige-zeitpunkt-fuer-veraenderung\\\/#primaryimage\",\"url\":\"https:\\\/\\\/www.werbewoche.ch\\\/wp-content\\\/uploads\\\/2023\\\/09\\\/Rebranding-Unternehmen-Headerbild-Dominik-Sedlmeier.jpg\",\"contentUrl\":\"https:\\\/\\\/www.werbewoche.ch\\\/wp-content\\\/uploads\\\/2023\\\/09\\\/Rebranding-Unternehmen-Headerbild-Dominik-Sedlmeier.jpg\"},{\"@type\":\"BreadcrumbList\",\"@id\":\"https:\\\/\\\/www.organisator.ch\\\/marketing\\\/2023-10-08\\\/rebranding-im-unternehmen-wann-ist-der-richtige-zeitpunkt-fuer-veraenderung\\\/#breadcrumb\",\"itemListElement\":[{\"@type\":\"ListItem\",\"position\":1,\"name\":\"Home\",\"item\":\"https:\\\/\\\/www.organisator.ch\\\/\"},{\"@type\":\"ListItem\",\"position\":2,\"name\":\"Rebranding im Unternehmen: Wann ist der richtige Zeitpunkt f\u00fcr Ver\u00e4nderung?\"}]},{\"@type\":\"WebSite\",\"@id\":\"https:\\\/\\\/www.organisator.ch\\\/#website\",\"url\":\"https:\\\/\\\/www.organisator.ch\\\/\",\"name\":\"Organisator\",\"description\":\"Kompetent. Praxisnah. Der ORGANISATOR bereitet in 10 Ausgaben pro Jahr die wesentlichen Themen f\u00fcr F\u00fchrungskr\u00e4fte von KMU auf.\",\"publisher\":{\"@id\":\"https:\\\/\\\/www.organisator.ch\\\/#organization\"},\"potentialAction\":[{\"@type\":\"SearchAction\",\"target\":{\"@type\":\"EntryPoint\",\"urlTemplate\":\"https:\\\/\\\/www.organisator.ch\\\/?s={search_term_string}\"},\"query-input\":{\"@type\":\"PropertyValueSpecification\",\"valueRequired\":true,\"valueName\":\"search_term_string\"}}],\"inLanguage\":\"it-IT\"},{\"@type\":\"Organization\",\"@id\":\"https:\\\/\\\/www.organisator.ch\\\/#organization\",\"name\":\"Organisator\",\"url\":\"https:\\\/\\\/www.organisator.ch\\\/\",\"logo\":{\"@type\":\"ImageObject\",\"inLanguage\":\"it-IT\",\"@id\":\"https:\\\/\\\/www.organisator.ch\\\/#\\\/schema\\\/logo\\\/image\\\/\",\"url\":\"https:\\\/\\\/www.organisator.ch\\\/wp-content\\\/uploads\\\/2022\\\/01\\\/Logo_Organisator_Website.png\",\"contentUrl\":\"https:\\\/\\\/www.organisator.ch\\\/wp-content\\\/uploads\\\/2022\\\/01\\\/Logo_Organisator_Website.png\",\"width\":800,\"height\":77,\"caption\":\"Organisator\"},\"image\":{\"@id\":\"https:\\\/\\\/www.organisator.ch\\\/#\\\/schema\\\/logo\\\/image\\\/\"},\"sameAs\":[\"https:\\\/\\\/www.facebook.com\\\/OrganisatorFachmagazin\",\"https:\\\/\\\/www.linkedin.com\\\/showcase\\\/organisator-das-magazin-fr-kmu\",\"https:\\\/\\\/www.xing.com\\\/news\\\/pages\\\/organisator-ch-695\",\"https:\\\/\\\/www.youtube.com\\\/channel\\\/UCGP2Sq0iWaZwT3BdIAQFYpw\"]},{\"@type\":\"Person\",\"@id\":\"https:\\\/\\\/www.organisator.ch\\\/#\\\/schema\\\/person\\\/4e51799071cd2dd1232ac003643ef5f0\",\"name\":\"galledia\",\"image\":{\"@type\":\"ImageObject\",\"inLanguage\":\"it-IT\",\"@id\":\"https:\\\/\\\/secure.gravatar.com\\\/avatar\\\/78a7f90c01fc2bfc875782a0d4922b37cde2cf184ce347b91316d23cd7f69a36?s=96&d=mm&r=g\",\"url\":\"https:\\\/\\\/secure.gravatar.com\\\/avatar\\\/78a7f90c01fc2bfc875782a0d4922b37cde2cf184ce347b91316d23cd7f69a36?s=96&d=mm&r=g\",\"contentUrl\":\"https:\\\/\\\/secure.gravatar.com\\\/avatar\\\/78a7f90c01fc2bfc875782a0d4922b37cde2cf184ce347b91316d23cd7f69a36?s=96&d=mm&r=g\",\"caption\":\"galledia\"},\"sameAs\":[\"https:\\\/\\\/x.com\\\/admin\"],\"url\":\"https:\\\/\\\/www.organisator.ch\\\/it\\\/author\\\/galledia\\\/\"}]}<\/script>\n<!-- \/ Yoast SEO plugin. -->","yoast_head_json":{"title":"Rebranding in azienda: Quando \u00e8 il momento giusto per cambiare? - Organizzatore","description":"Rebranding: riprogettare l'identit\u00e0 del marchio per il successo. Analisi delle opportunit\u00e0 e dei rischi. \u00c8 necessaria un'implementazione strategica.","robots":{"index":"index","follow":"follow","max-snippet":"max-snippet:-1","max-image-preview":"max-image-preview:large","max-video-preview":"max-video-preview:-1"},"canonical":"https:\/\/www.organisator.ch\/it\/marketing\/2023-10-08\/rebranding-im-unternehmen-wann-ist-der-richtige-zeitpunkt-fuer-veraenderung\/","og_locale":"it_IT","og_type":"article","og_title":"Rebranding im Unternehmen: Wann ist der richtige Zeitpunkt f\u00fcr Ver\u00e4nderung? - Organisator","og_description":"Rebranding: Neugestaltung von Markenidentit\u00e4t f\u00fcr Erfolg. Chancen und Risiken analysiert. Strategische Umsetzung erforderlich.","og_url":"https:\/\/www.organisator.ch\/it\/marketing\/2023-10-08\/rebranding-im-unternehmen-wann-ist-der-richtige-zeitpunkt-fuer-veraenderung\/","og_site_name":"Organisator","article_publisher":"https:\/\/www.facebook.com\/OrganisatorFachmagazin","article_published_time":"2023-10-08T21:49:09+00:00","article_modified_time":"2024-11-13T14:42:43+00:00","author":"galledia","twitter_card":"summary_large_image","twitter_creator":"@admin","schema":{"@context":"https:\/\/schema.org","@graph":[{"@type":"Article","@id":"https:\/\/www.organisator.ch\/marketing\/2023-10-08\/rebranding-im-unternehmen-wann-ist-der-richtige-zeitpunkt-fuer-veraenderung\/#article","isPartOf":{"@id":"https:\/\/www.organisator.ch\/marketing\/2023-10-08\/rebranding-im-unternehmen-wann-ist-der-richtige-zeitpunkt-fuer-veraenderung\/"},"author":{"name":"galledia","@id":"https:\/\/www.organisator.ch\/#\/schema\/person\/4e51799071cd2dd1232ac003643ef5f0"},"headline":"Rebranding im Unternehmen: Wann ist der richtige Zeitpunkt f\u00fcr Ver\u00e4nderung?","datePublished":"2023-10-08T21:49:09+00:00","dateModified":"2024-11-13T14:42:43+00:00","mainEntityOfPage":{"@id":"https:\/\/www.organisator.ch\/marketing\/2023-10-08\/rebranding-im-unternehmen-wann-ist-der-richtige-zeitpunkt-fuer-veraenderung\/"},"wordCount":1038,"publisher":{"@id":"https:\/\/www.organisator.ch\/#organization"},"image":{"@id":"https:\/\/www.organisator.ch\/marketing\/2023-10-08\/rebranding-im-unternehmen-wann-ist-der-richtige-zeitpunkt-fuer-veraenderung\/#primaryimage"},"thumbnailUrl":"https:\/\/www.werbewoche.ch\/wp-content\/uploads\/2023\/09\/Rebranding-Unternehmen-Headerbild-Dominik-Sedlmeier.jpg","articleSection":["MARKETING"],"inLanguage":"it-IT"},{"@type":"WebPage","@id":"https:\/\/www.organisator.ch\/marketing\/2023-10-08\/rebranding-im-unternehmen-wann-ist-der-richtige-zeitpunkt-fuer-veraenderung\/","url":"https:\/\/www.organisator.ch\/marketing\/2023-10-08\/rebranding-im-unternehmen-wann-ist-der-richtige-zeitpunkt-fuer-veraenderung\/","name":"Rebranding in azienda: Quando \u00e8 il momento giusto per cambiare? - Organizzatore","isPartOf":{"@id":"https:\/\/www.organisator.ch\/#website"},"primaryImageOfPage":{"@id":"https:\/\/www.organisator.ch\/marketing\/2023-10-08\/rebranding-im-unternehmen-wann-ist-der-richtige-zeitpunkt-fuer-veraenderung\/#primaryimage"},"image":{"@id":"https:\/\/www.organisator.ch\/marketing\/2023-10-08\/rebranding-im-unternehmen-wann-ist-der-richtige-zeitpunkt-fuer-veraenderung\/#primaryimage"},"thumbnailUrl":"https:\/\/www.werbewoche.ch\/wp-content\/uploads\/2023\/09\/Rebranding-Unternehmen-Headerbild-Dominik-Sedlmeier.jpg","datePublished":"2023-10-08T21:49:09+00:00","dateModified":"2024-11-13T14:42:43+00:00","description":"Rebranding: riprogettare l'identit\u00e0 del marchio per il successo. Analisi delle opportunit\u00e0 e dei rischi. \u00c8 necessaria un'implementazione strategica.","breadcrumb":{"@id":"https:\/\/www.organisator.ch\/marketing\/2023-10-08\/rebranding-im-unternehmen-wann-ist-der-richtige-zeitpunkt-fuer-veraenderung\/#breadcrumb"},"inLanguage":"it-IT","potentialAction":[{"@type":"ReadAction","target":["https:\/\/www.organisator.ch\/marketing\/2023-10-08\/rebranding-im-unternehmen-wann-ist-der-richtige-zeitpunkt-fuer-veraenderung\/"]}]},{"@type":"ImageObject","inLanguage":"it-IT","@id":"https:\/\/www.organisator.ch\/marketing\/2023-10-08\/rebranding-im-unternehmen-wann-ist-der-richtige-zeitpunkt-fuer-veraenderung\/#primaryimage","url":"https:\/\/www.werbewoche.ch\/wp-content\/uploads\/2023\/09\/Rebranding-Unternehmen-Headerbild-Dominik-Sedlmeier.jpg","contentUrl":"https:\/\/www.werbewoche.ch\/wp-content\/uploads\/2023\/09\/Rebranding-Unternehmen-Headerbild-Dominik-Sedlmeier.jpg"},{"@type":"BreadcrumbList","@id":"https:\/\/www.organisator.ch\/marketing\/2023-10-08\/rebranding-im-unternehmen-wann-ist-der-richtige-zeitpunkt-fuer-veraenderung\/#breadcrumb","itemListElement":[{"@type":"ListItem","position":1,"name":"Home","item":"https:\/\/www.organisator.ch\/"},{"@type":"ListItem","position":2,"name":"Rebranding im Unternehmen: Wann ist der richtige Zeitpunkt f\u00fcr Ver\u00e4nderung?"}]},{"@type":"WebSite","@id":"https:\/\/www.organisator.ch\/#website","url":"https:\/\/www.organisator.ch\/","name":"Organizzatore","description":"Competente. Pratico. In 10 numeri all'anno, ORGANISATOR presenta i temi essenziali per i manager delle PMI.","publisher":{"@id":"https:\/\/www.organisator.ch\/#organization"},"potentialAction":[{"@type":"SearchAction","target":{"@type":"EntryPoint","urlTemplate":"https:\/\/www.organisator.ch\/?s={search_term_string}"},"query-input":{"@type":"PropertyValueSpecification","valueRequired":true,"valueName":"search_term_string"}}],"inLanguage":"it-IT"},{"@type":"Organization","@id":"https:\/\/www.organisator.ch\/#organization","name":"Organizzatore","url":"https:\/\/www.organisator.ch\/","logo":{"@type":"ImageObject","inLanguage":"it-IT","@id":"https:\/\/www.organisator.ch\/#\/schema\/logo\/image\/","url":"https:\/\/www.organisator.ch\/wp-content\/uploads\/2022\/01\/Logo_Organisator_Website.png","contentUrl":"https:\/\/www.organisator.ch\/wp-content\/uploads\/2022\/01\/Logo_Organisator_Website.png","width":800,"height":77,"caption":"Organisator"},"image":{"@id":"https:\/\/www.organisator.ch\/#\/schema\/logo\/image\/"},"sameAs":["https:\/\/www.facebook.com\/OrganisatorFachmagazin","https:\/\/www.linkedin.com\/showcase\/organisator-das-magazin-fr-kmu","https:\/\/www.xing.com\/news\/pages\/organisator-ch-695","https:\/\/www.youtube.com\/channel\/UCGP2Sq0iWaZwT3BdIAQFYpw"]},{"@type":"Person","@id":"https:\/\/www.organisator.ch\/#\/schema\/person\/4e51799071cd2dd1232ac003643ef5f0","name":"galledia","image":{"@type":"ImageObject","inLanguage":"it-IT","@id":"https:\/\/secure.gravatar.com\/avatar\/78a7f90c01fc2bfc875782a0d4922b37cde2cf184ce347b91316d23cd7f69a36?s=96&d=mm&r=g","url":"https:\/\/secure.gravatar.com\/avatar\/78a7f90c01fc2bfc875782a0d4922b37cde2cf184ce347b91316d23cd7f69a36?s=96&d=mm&r=g","contentUrl":"https:\/\/secure.gravatar.com\/avatar\/78a7f90c01fc2bfc875782a0d4922b37cde2cf184ce347b91316d23cd7f69a36?s=96&d=mm&r=g","caption":"galledia"},"sameAs":["https:\/\/x.com\/admin"],"url":"https:\/\/www.organisator.ch\/it\/author\/galledia\/"}]}},"_links":{"self":[{"href":"https:\/\/www.organisator.ch\/it\/wp-json\/wp\/v2\/posts\/22191","targetHints":{"allow":["GET"]}}],"collection":[{"href":"https:\/\/www.organisator.ch\/it\/wp-json\/wp\/v2\/posts"}],"about":[{"href":"https:\/\/www.organisator.ch\/it\/wp-json\/wp\/v2\/types\/post"}],"author":[{"embeddable":true,"href":"https:\/\/www.organisator.ch\/it\/wp-json\/wp\/v2\/users\/8"}],"replies":[{"embeddable":true,"href":"https:\/\/www.organisator.ch\/it\/wp-json\/wp\/v2\/comments?post=22191"}],"version-history":[{"count":5,"href":"https:\/\/www.organisator.ch\/it\/wp-json\/wp\/v2\/posts\/22191\/revisions"}],"predecessor-version":[{"id":32820,"href":"https:\/\/www.organisator.ch\/it\/wp-json\/wp\/v2\/posts\/22191\/revisions\/32820"}],"wp:attachment":[{"href":"https:\/\/www.organisator.ch\/it\/wp-json\/wp\/v2\/media?parent=22191"}],"wp:term":[{"taxonomy":"category","embeddable":true,"href":"https:\/\/www.organisator.ch\/it\/wp-json\/wp\/v2\/categories?post=22191"},{"taxonomy":"post_tag","embeddable":true,"href":"https:\/\/www.organisator.ch\/it\/wp-json\/wp\/v2\/tags?post=22191"}],"curies":[{"name":"wp","href":"https:\/\/api.w.org\/{rel}","templated":true}]}}