{"id":22194,"date":"2023-10-09T14:19:01","date_gmt":"2023-10-09T12:19:01","guid":{"rendered":"https:\/\/www.organisator.ch\/?p=22194"},"modified":"2023-10-09T14:19:01","modified_gmt":"2023-10-09T12:19:01","slug":"axa-studie-64-prozent-aller-kmu-von-psychisch-bedingten-ausfaellen-betroffen","status":"publish","type":"post","link":"https:\/\/www.organisator.ch\/it\/management\/2023-10-09\/axa-studie-64-prozent-aller-kmu-von-psychisch-bedingten-ausfaellen-betroffen\/","title":{"rendered":"Studio AXA: il 64% di tutte le PMI \u00e8 colpito da assenze di natura psicologica"},"content":{"rendered":"<figure id=\"attachment_22195\" aria-describedby=\"caption-attachment-22195\" style=\"width: 680px\" class=\"wp-caption alignnone\"><img loading=\"lazy\" decoding=\"async\" class=\"size-full wp-image-22195\" src=\"https:\/\/www.organisator.ch\/wp-content\/uploads\/2023\/10\/grafik_01_betroffenheit_entwicklung_Bild1.jpg\" alt=\"\" width=\"680\" height=\"429\" srcset=\"https:\/\/www.organisator.ch\/wp-content\/uploads\/2023\/10\/grafik_01_betroffenheit_entwicklung_Bild1.jpg 680w, https:\/\/www.organisator.ch\/wp-content\/uploads\/2023\/10\/grafik_01_betroffenheit_entwicklung_Bild1-18x12.jpg 18w, https:\/\/www.organisator.ch\/wp-content\/uploads\/2023\/10\/grafik_01_betroffenheit_entwicklung_Bild1-375x237.jpg 375w, https:\/\/www.organisator.ch\/wp-content\/uploads\/2023\/10\/grafik_01_betroffenheit_entwicklung_Bild1-555x350.jpg 555w\" sizes=\"auto, (max-width: 680px) 100vw, 680px\" \/><figcaption id=\"caption-attachment-22195\" class=\"wp-caption-text\">(Immagine: www.axa.ch)<\/figcaption><\/figure>\n<p>L'anno scorso le assenze dal lavoro dovute a malattie mentali sono aumentate del 20%, un dato preoccupante su cui la Giornata Mondiale della Salute Mentale del 10 ottobre dovrebbe richiamare l'attenzione.  L'indice di stress lavorativo di Promozione Salute Svizzera mostra che: Oltre il 30% degli occupati si sente emotivamente esausto. Le ragioni sono diverse, come sostiene Simon Weder, CEO di WeCare e quindi responsabile della gestione della salute sul lavoro nelle aziende di AXA Svizzera: \"Oltre ai fattori di stress sanitario, socio-politico e sociale, anche l'attuale carenza di manodopera gioca un ruolo nello stress sul posto di lavoro che non deve essere sottovalutato. Se i posti vacanti in un'azienda non possono essere occupati, la pressione sui dipendenti esistenti aumenta notevolmente. Le conseguenze del sovraccarico sono spesso assenze dal lavoro dovute allo stress\".<\/p>\n<h3><strong>Una PMI su quattro \u00e8 fortemente colpita<\/strong><\/h3>\n<p>Come mostrano i risultati dell'AXA Labour Market Study di quest'anno, la percentuale di PMI che nel 2022 \u00e8 stata significativamente colpita da assenze dovute a malattie mentali \u00e8 aumentata dal 21 al 26% rispetto all'anno precedente, mentre la percentuale che non ne \u00e8 stata affatto colpita \u00e8 scesa dal 41 al 36%. Pertanto, solo poco pi\u00f9 di un terzo delle PMI intervistate non \u00e8 stato colpito da assenze legate alla salute mentale lo scorso anno. Ci\u00f2 indica che la questione della salute mentale si \u00e8 evoluta.<\/p>\n<p>\u00c8 aumentata anche la percentuale di intervistati che ritiene che la frequenza delle assenze per problemi di salute mentale sia aumentata negli ultimi cinque anni: Per quasi un quarto delle PMI (24% contro 17% dell'anno precedente), le assenze sono aumentate in modo significativo, mentre poco pi\u00f9 della met\u00e0 ritiene che le assenze siano rimaste costanti. Tuttavia, ben il 22% degli intervistati percepisce anche una diminuzione.<\/p>\n<figure id=\"attachment_22196\" aria-describedby=\"caption-attachment-22196\" style=\"width: 680px\" class=\"wp-caption alignnone\"><img loading=\"lazy\" decoding=\"async\" class=\"size-full wp-image-22196\" src=\"https:\/\/www.organisator.ch\/wp-content\/uploads\/2023\/10\/grafik_02_auswirkungen_Bild2.jpg\" alt=\"\" width=\"680\" height=\"429\" srcset=\"https:\/\/www.organisator.ch\/wp-content\/uploads\/2023\/10\/grafik_02_auswirkungen_Bild2.jpg 680w, https:\/\/www.organisator.ch\/wp-content\/uploads\/2023\/10\/grafik_02_auswirkungen_Bild2-18x12.jpg 18w, https:\/\/www.organisator.ch\/wp-content\/uploads\/2023\/10\/grafik_02_auswirkungen_Bild2-375x237.jpg 375w, https:\/\/www.organisator.ch\/wp-content\/uploads\/2023\/10\/grafik_02_auswirkungen_Bild2-555x350.jpg 555w\" sizes=\"auto, (max-width: 680px) 100vw, 680px\" \/><figcaption id=\"caption-attachment-22196\" class=\"wp-caption-text\">(Immagine: www.axa.ch)<\/figcaption><\/figure>\n<p>Se i dipendenti si assentano per un periodo di tempo pi\u00f9 lungo, come spesso accade in caso di malattie mentali, ci\u00f2 comporta notevoli costi finanziari e organizzativi per l'azienda. Ne soffrono soprattutto le piccole e medie imprese. Come effetto diretto delle assenze dovute a disturbi mentali, il 54% delle PMI intervistate ha indicato in primo luogo un carico di lavoro aggiuntivo e straordinari per i dipendenti rimanenti. Poich\u00e9 questo carico di lavoro supplementare pu\u00f2 a sua volta aggravare il problema, le PMI farebbero bene ad adottare misure preventive in anticipo per evitare le assenze per motivi mentali, afferma il CEO di WeCare. \"Un sistema di gestione della salute aziendale, sistematicamente radicato nell'azienda come concetto globale, aiuta a identificare i rischi per la salute in una fase precoce, a ricavare misure efficaci e, di conseguenza, a mantenere e promuovere la salute dei dipendenti a lungo termine.\"<\/p>\n<figure id=\"attachment_22197\" aria-describedby=\"caption-attachment-22197\" style=\"width: 680px\" class=\"wp-caption alignnone\"><img loading=\"lazy\" decoding=\"async\" class=\"size-full wp-image-22197\" src=\"https:\/\/www.organisator.ch\/wp-content\/uploads\/2023\/10\/grafik_03_massnahmen_Bild3.jpg\" alt=\"\" width=\"680\" height=\"429\" srcset=\"https:\/\/www.organisator.ch\/wp-content\/uploads\/2023\/10\/grafik_03_massnahmen_Bild3.jpg 680w, https:\/\/www.organisator.ch\/wp-content\/uploads\/2023\/10\/grafik_03_massnahmen_Bild3-18x12.jpg 18w, https:\/\/www.organisator.ch\/wp-content\/uploads\/2023\/10\/grafik_03_massnahmen_Bild3-375x237.jpg 375w, https:\/\/www.organisator.ch\/wp-content\/uploads\/2023\/10\/grafik_03_massnahmen_Bild3-555x350.jpg 555w\" sizes=\"auto, (max-width: 680px) 100vw, 680px\" \/><figcaption id=\"caption-attachment-22197\" class=\"wp-caption-text\">(Immagine: www.axa.ch)<\/figcaption><\/figure>\n<h3><strong>Misure preventive<\/strong><\/h3>\n<p>I risultati dello studio mostrano che la maggior parte delle PMI intervistate \u00e8 gi\u00e0 attiva in questo settore. Per le aziende, l'attenzione si concentra su misure nell'area interpersonale, come la creazione di un'atmosfera di lavoro piacevole (42 %) e la promozione di una cultura della comunicazione aperta e del feedback (38 %). Un buon approccio, ne \u00e8 convinto Simon Weder: \"Una buona atmosfera di lavoro promuove la volont\u00e0 di rendimento e la motivazione dei dipendenti. I dipendenti sani e motivati, a loro volta, causano meno incidenti e hanno meno probabilit\u00e0 di assentarsi per malattia\".<\/p>\n<p>Circa un quarto delle PMI intervistate adotta anche misure per migliorare l'equilibrio tra lavoro e vita privata dei dipendenti e un'azienda su cinque conduce sondaggi tra i dipendenti. Solo il 15% delle aziende intervistate dichiara di non perseguire alcun approccio preventivo. Eppure questi fanno una grande differenza, come spiega Simon Weder: \"Le statistiche dimostrano che le aziende che investono nella salute dei propri dipendenti risparmiano sui costi e aumentano in modo sostenibile la propria produttivit\u00e0\".<\/p>\n<h3><strong>Sismografo Valutazione dei dipendenti<\/strong><\/h3>\n<p>Uno strumento importante che pu\u00f2 essere utilizzato per anticipare sia l'intenzione di risolvere il contratto di un dipendente sia lo stress psicologico \u00e8 il colloquio di valutazione. In un certo senso, serve come sismografo per la soddisfazione dei dipendenti. In poco pi\u00f9 della met\u00e0 delle PMI intervistate nello studio (56%), la valutazione dei dipendenti \u00e8 istituzionalizzata al punto da far parte dei compiti fissi dei supervisori - nelle grandi PMI con pi\u00f9 di cinquanta dipendenti, la percentuale raggiunge il 65%.<\/p>\n<p>Tuttavia, in pi\u00f9 di un terzo (39%) delle PMI, i colloqui di valutazione non sono programmati in modo fisso, ma sono a discrezione del supervisore (23%) o avvengono solo su richiesta dei dipendenti (16%). Le valutazioni dei dipendenti non sono programmate per principio solo in una piccola percentuale (5%) delle PMI intervistate. Nel complesso, due PMI su cinque hanno la possibilit\u00e0 di pianificare le valutazioni dei dipendenti come precauzione contro i fattori di rischio della rotazione del personale e dello stress psicologico. \"Le valutazioni regolari dei dipendenti rendono pi\u00f9 facile identificare e affrontare sistematicamente lo stress mentale. Tuttavia, quando si tratta di riconoscere le persone stressate mentalmente, i manager spesso non hanno le capacit\u00e0 sensoriali: a differenza delle lesioni fisiche, che sono ovvie, questo richiede una particolare sensibilit\u00e0 e sicurezza nel trattarle, motivo per cui le aziende dovrebbero investire in una formazione adeguata. Se i dipendenti dispongono anche di strategie per una gestione efficace dello stress, le fasi di forte stress sul lavoro possono essere gestite meglio\", afferma Simon Weder.<\/p>\n<p><em>Fonte:<\/em> <a href=\"https:\/\/www.axa.ch\/de\/privatkunden.html\">www.axa.ch\u00a0<\/a><\/p>","protected":false},"excerpt":{"rendered":"<p>Le assenze sul posto di lavoro colpiscono duramente le piccole e medie imprese. Lo studio di AXA PMI lo dimostra: Le assenze dovute a malattie mentali sono destinate ad aumentare ulteriormente in futuro. E: a soffrirne non sono solo le persone colpite, ma anche il resto dei dipendenti.<\/p>","protected":false},"author":58,"featured_media":22195,"comment_status":"closed","ping_status":"closed","sticky":false,"template":"","format":"standard","meta":{"_acf_changed":false,"_yoast_wpseo_focuskw":"AXA-Studie","_yoast_wpseo_metadesc":"Die AXA-Studie zu KMU zeigt: Ausf\u00e4lle am Arbeitsplatz beeinflussen die KMU stark. Absenzen aufgrund einer psychischen Erkrankung nehmen zu.","articlekey":"","footnotes":""},"categories":[28],"tags":[51,194,418,459,487,492],"class_list":["post-22194","post","type-post","status-publish","format-standard","has-post-thumbnail","hentry","category-management","tag-arbeitsplatzgestaltung","tag-fachkraeftemangel","tag-risikomanagement","tag-studie","tag-umfrage","tag-unternehmen"],"acf":[],"yoast_head":"<!-- This site is optimized with the Yoast SEO plugin v27.5 - https:\/\/yoast.com\/product\/yoast-seo-wordpress\/ -->\n<title>AXA-Studie: 64 Prozent aller KMU von psychisch bedingten Ausf\u00e4llen betroffen - Organisator<\/title>\n<meta name=\"description\" content=\"Die AXA-Studie zu KMU zeigt: Ausf\u00e4lle am Arbeitsplatz beeinflussen die KMU stark. Absenzen aufgrund einer psychischen Erkrankung nehmen zu.\" \/>\n<meta name=\"robots\" content=\"index, follow, max-snippet:-1, max-image-preview:large, max-video-preview:-1\" \/>\n<link rel=\"canonical\" href=\"https:\/\/www.organisator.ch\/it\/gestione-2\/2023-10-09\/axa-studie-64-prozent-aller-kmu-von-psychisch-bedingten-ausfaellen-betroffen\/\" \/>\n<meta property=\"og:locale\" content=\"it_IT\" \/>\n<meta property=\"og:type\" content=\"article\" \/>\n<meta property=\"og:title\" content=\"AXA-Studie: 64 Prozent aller KMU von psychisch bedingten Ausf\u00e4llen betroffen\" \/>\n<meta property=\"og:description\" content=\"Die AXA-Studie zu KMU zeigt: Ausf\u00e4lle am Arbeitsplatz beeinflussen die KMU stark. Absenzen aufgrund einer psychischen Erkrankung nehmen zu.\" \/>\n<meta property=\"og:url\" content=\"https:\/\/www.organisator.ch\/it\/gestione-2\/2023-10-09\/axa-studie-64-prozent-aller-kmu-von-psychisch-bedingten-ausfaellen-betroffen\/\" \/>\n<meta property=\"og:site_name\" content=\"Organisator\" \/>\n<meta property=\"article:publisher\" content=\"https:\/\/www.facebook.com\/OrganisatorFachmagazin\" \/>\n<meta property=\"article:published_time\" content=\"2023-10-09T12:19:01+00:00\" \/>\n<meta property=\"og:image\" content=\"https:\/\/www.organisator.ch\/wp-content\/uploads\/2023\/10\/grafik_01_betroffenheit_entwicklung_Bild1.jpg\" \/>\n\t<meta property=\"og:image:width\" content=\"680\" \/>\n\t<meta property=\"og:image:height\" content=\"429\" \/>\n\t<meta property=\"og:image:type\" content=\"image\/jpeg\" \/>\n<meta name=\"author\" content=\"Adelisa Kalajdzini\" \/>\n<meta name=\"twitter:card\" content=\"summary_large_image\" \/>\n<meta name=\"twitter:title\" content=\"#AXA-Studie: 64 Prozent aller KMU von psychisch bedingten Ausf\u00e4llen betroffen\" \/>\n<meta name=\"twitter:description\" content=\"Die #AXA-Studie zu KMU zeigt: Ausf\u00e4lle am Arbeitsplatz beeinflussen die KMU stark. Absenzen aufgrund einer psychischen #Erkrankung nehmen zu.\" \/>\n<meta name=\"twitter:image\" content=\"https:\/\/www.organisator.ch\/wp-content\/uploads\/2023\/10\/grafik_01_betroffenheit_entwicklung_Bild1.jpg\" \/>\n<script type=\"application\/ld+json\" class=\"yoast-schema-graph\">{\"@context\":\"https:\\\/\\\/schema.org\",\"@graph\":[{\"@type\":\"Article\",\"@id\":\"https:\\\/\\\/www.organisator.ch\\\/management\\\/2023-10-09\\\/axa-studie-64-prozent-aller-kmu-von-psychisch-bedingten-ausfaellen-betroffen\\\/#article\",\"isPartOf\":{\"@id\":\"https:\\\/\\\/www.organisator.ch\\\/management\\\/2023-10-09\\\/axa-studie-64-prozent-aller-kmu-von-psychisch-bedingten-ausfaellen-betroffen\\\/\"},\"author\":{\"name\":\"Adelisa Kalajdzini\",\"@id\":\"https:\\\/\\\/www.organisator.ch\\\/#\\\/schema\\\/person\\\/2e1314a2172123f874db408d8911d3f3\"},\"headline\":\"AXA-Studie: 64 Prozent aller KMU von psychisch bedingten Ausf\u00e4llen betroffen\",\"datePublished\":\"2023-10-09T12:19:01+00:00\",\"mainEntityOfPage\":{\"@id\":\"https:\\\/\\\/www.organisator.ch\\\/management\\\/2023-10-09\\\/axa-studie-64-prozent-aller-kmu-von-psychisch-bedingten-ausfaellen-betroffen\\\/\"},\"wordCount\":830,\"publisher\":{\"@id\":\"https:\\\/\\\/www.organisator.ch\\\/#organization\"},\"image\":{\"@id\":\"https:\\\/\\\/www.organisator.ch\\\/management\\\/2023-10-09\\\/axa-studie-64-prozent-aller-kmu-von-psychisch-bedingten-ausfaellen-betroffen\\\/#primaryimage\"},\"thumbnailUrl\":\"https:\\\/\\\/www.organisator.ch\\\/wp-content\\\/uploads\\\/2023\\\/10\\\/grafik_01_betroffenheit_entwicklung_Bild1.jpg\",\"keywords\":[\"Arbeitsplatzgestaltung\",\"Fachkr\u00e4ftemangel\",\"Risikomanagement\",\"Studie\",\"Umfrage\",\"Unternehmen\"],\"articleSection\":[\"MANAGEMENT\"],\"inLanguage\":\"it-IT\"},{\"@type\":\"WebPage\",\"@id\":\"https:\\\/\\\/www.organisator.ch\\\/management\\\/2023-10-09\\\/axa-studie-64-prozent-aller-kmu-von-psychisch-bedingten-ausfaellen-betroffen\\\/\",\"url\":\"https:\\\/\\\/www.organisator.ch\\\/management\\\/2023-10-09\\\/axa-studie-64-prozent-aller-kmu-von-psychisch-bedingten-ausfaellen-betroffen\\\/\",\"name\":\"AXA-Studie: 64 Prozent aller KMU von psychisch bedingten Ausf\u00e4llen betroffen - Organisator\",\"isPartOf\":{\"@id\":\"https:\\\/\\\/www.organisator.ch\\\/#website\"},\"primaryImageOfPage\":{\"@id\":\"https:\\\/\\\/www.organisator.ch\\\/management\\\/2023-10-09\\\/axa-studie-64-prozent-aller-kmu-von-psychisch-bedingten-ausfaellen-betroffen\\\/#primaryimage\"},\"image\":{\"@id\":\"https:\\\/\\\/www.organisator.ch\\\/management\\\/2023-10-09\\\/axa-studie-64-prozent-aller-kmu-von-psychisch-bedingten-ausfaellen-betroffen\\\/#primaryimage\"},\"thumbnailUrl\":\"https:\\\/\\\/www.organisator.ch\\\/wp-content\\\/uploads\\\/2023\\\/10\\\/grafik_01_betroffenheit_entwicklung_Bild1.jpg\",\"datePublished\":\"2023-10-09T12:19:01+00:00\",\"description\":\"Die AXA-Studie zu KMU zeigt: Ausf\u00e4lle am Arbeitsplatz beeinflussen die KMU stark. Absenzen aufgrund einer psychischen Erkrankung nehmen zu.\",\"breadcrumb\":{\"@id\":\"https:\\\/\\\/www.organisator.ch\\\/management\\\/2023-10-09\\\/axa-studie-64-prozent-aller-kmu-von-psychisch-bedingten-ausfaellen-betroffen\\\/#breadcrumb\"},\"inLanguage\":\"it-IT\",\"potentialAction\":[{\"@type\":\"ReadAction\",\"target\":[\"https:\\\/\\\/www.organisator.ch\\\/management\\\/2023-10-09\\\/axa-studie-64-prozent-aller-kmu-von-psychisch-bedingten-ausfaellen-betroffen\\\/\"]}]},{\"@type\":\"ImageObject\",\"inLanguage\":\"it-IT\",\"@id\":\"https:\\\/\\\/www.organisator.ch\\\/management\\\/2023-10-09\\\/axa-studie-64-prozent-aller-kmu-von-psychisch-bedingten-ausfaellen-betroffen\\\/#primaryimage\",\"url\":\"https:\\\/\\\/www.organisator.ch\\\/wp-content\\\/uploads\\\/2023\\\/10\\\/grafik_01_betroffenheit_entwicklung_Bild1.jpg\",\"contentUrl\":\"https:\\\/\\\/www.organisator.ch\\\/wp-content\\\/uploads\\\/2023\\\/10\\\/grafik_01_betroffenheit_entwicklung_Bild1.jpg\",\"width\":680,\"height\":429,\"caption\":\"(Bild: www.axa.ch)\"},{\"@type\":\"BreadcrumbList\",\"@id\":\"https:\\\/\\\/www.organisator.ch\\\/management\\\/2023-10-09\\\/axa-studie-64-prozent-aller-kmu-von-psychisch-bedingten-ausfaellen-betroffen\\\/#breadcrumb\",\"itemListElement\":[{\"@type\":\"ListItem\",\"position\":1,\"name\":\"Home\",\"item\":\"https:\\\/\\\/www.organisator.ch\\\/\"},{\"@type\":\"ListItem\",\"position\":2,\"name\":\"AXA-Studie: 64 Prozent aller KMU von psychisch bedingten Ausf\u00e4llen betroffen\"}]},{\"@type\":\"WebSite\",\"@id\":\"https:\\\/\\\/www.organisator.ch\\\/#website\",\"url\":\"https:\\\/\\\/www.organisator.ch\\\/\",\"name\":\"Organisator\",\"description\":\"Kompetent. Praxisnah. Der ORGANISATOR bereitet in 10 Ausgaben pro Jahr die wesentlichen Themen f\u00fcr F\u00fchrungskr\u00e4fte von KMU auf.\",\"publisher\":{\"@id\":\"https:\\\/\\\/www.organisator.ch\\\/#organization\"},\"potentialAction\":[{\"@type\":\"SearchAction\",\"target\":{\"@type\":\"EntryPoint\",\"urlTemplate\":\"https:\\\/\\\/www.organisator.ch\\\/?s={search_term_string}\"},\"query-input\":{\"@type\":\"PropertyValueSpecification\",\"valueRequired\":true,\"valueName\":\"search_term_string\"}}],\"inLanguage\":\"it-IT\"},{\"@type\":\"Organization\",\"@id\":\"https:\\\/\\\/www.organisator.ch\\\/#organization\",\"name\":\"Organisator\",\"url\":\"https:\\\/\\\/www.organisator.ch\\\/\",\"logo\":{\"@type\":\"ImageObject\",\"inLanguage\":\"it-IT\",\"@id\":\"https:\\\/\\\/www.organisator.ch\\\/#\\\/schema\\\/logo\\\/image\\\/\",\"url\":\"https:\\\/\\\/www.organisator.ch\\\/wp-content\\\/uploads\\\/2022\\\/01\\\/Logo_Organisator_Website.png\",\"contentUrl\":\"https:\\\/\\\/www.organisator.ch\\\/wp-content\\\/uploads\\\/2022\\\/01\\\/Logo_Organisator_Website.png\",\"width\":800,\"height\":77,\"caption\":\"Organisator\"},\"image\":{\"@id\":\"https:\\\/\\\/www.organisator.ch\\\/#\\\/schema\\\/logo\\\/image\\\/\"},\"sameAs\":[\"https:\\\/\\\/www.facebook.com\\\/OrganisatorFachmagazin\",\"https:\\\/\\\/www.linkedin.com\\\/showcase\\\/organisator-das-magazin-fr-kmu\",\"https:\\\/\\\/www.xing.com\\\/news\\\/pages\\\/organisator-ch-695\",\"https:\\\/\\\/www.youtube.com\\\/channel\\\/UCGP2Sq0iWaZwT3BdIAQFYpw\"]},{\"@type\":\"Person\",\"@id\":\"https:\\\/\\\/www.organisator.ch\\\/#\\\/schema\\\/person\\\/2e1314a2172123f874db408d8911d3f3\",\"name\":\"Adelisa Kalajdzini\",\"image\":{\"@type\":\"ImageObject\",\"inLanguage\":\"it-IT\",\"@id\":\"https:\\\/\\\/secure.gravatar.com\\\/avatar\\\/09a397c22ac58cad6f160ee8306348599df9df58a8ede73696226897b9fa4b24?s=96&d=mm&r=g\",\"url\":\"https:\\\/\\\/secure.gravatar.com\\\/avatar\\\/09a397c22ac58cad6f160ee8306348599df9df58a8ede73696226897b9fa4b24?s=96&d=mm&r=g\",\"contentUrl\":\"https:\\\/\\\/secure.gravatar.com\\\/avatar\\\/09a397c22ac58cad6f160ee8306348599df9df58a8ede73696226897b9fa4b24?s=96&d=mm&r=g\",\"caption\":\"Adelisa Kalajdzini\"},\"url\":\"https:\\\/\\\/www.organisator.ch\\\/it\\\/author\\\/adelisa-kalajdzini\\\/\"}]}<\/script>\n<!-- \/ Yoast SEO plugin. -->","yoast_head_json":{"title":"Studio AXA: il 64% di tutte le PMI \u00e8 colpito da assenze di natura psicologica - Organizzatore","description":"Lo studio di AXA sulle PMI dimostra che: Le assenze dal lavoro hanno un forte impatto sulle PMI. Le assenze dovute a malattie mentali sono in aumento.","robots":{"index":"index","follow":"follow","max-snippet":"max-snippet:-1","max-image-preview":"max-image-preview:large","max-video-preview":"max-video-preview:-1"},"canonical":"https:\/\/www.organisator.ch\/it\/gestione-2\/2023-10-09\/axa-studie-64-prozent-aller-kmu-von-psychisch-bedingten-ausfaellen-betroffen\/","og_locale":"it_IT","og_type":"article","og_title":"AXA-Studie: 64 Prozent aller KMU von psychisch bedingten Ausf\u00e4llen betroffen","og_description":"Die AXA-Studie zu KMU zeigt: Ausf\u00e4lle am Arbeitsplatz beeinflussen die KMU stark. Absenzen aufgrund einer psychischen Erkrankung nehmen zu.","og_url":"https:\/\/www.organisator.ch\/it\/gestione-2\/2023-10-09\/axa-studie-64-prozent-aller-kmu-von-psychisch-bedingten-ausfaellen-betroffen\/","og_site_name":"Organisator","article_publisher":"https:\/\/www.facebook.com\/OrganisatorFachmagazin","article_published_time":"2023-10-09T12:19:01+00:00","og_image":[{"width":680,"height":429,"url":"https:\/\/www.organisator.ch\/wp-content\/uploads\/2023\/10\/grafik_01_betroffenheit_entwicklung_Bild1.jpg","type":"image\/jpeg"}],"author":"Adelisa Kalajdzini","twitter_card":"summary_large_image","twitter_title":"#AXA-Studie: 64 Prozent aller KMU von psychisch bedingten Ausf\u00e4llen betroffen","twitter_description":"Die #AXA-Studie zu KMU zeigt: Ausf\u00e4lle am Arbeitsplatz beeinflussen die KMU stark. Absenzen aufgrund einer psychischen #Erkrankung nehmen zu.","twitter_image":"https:\/\/www.organisator.ch\/wp-content\/uploads\/2023\/10\/grafik_01_betroffenheit_entwicklung_Bild1.jpg","schema":{"@context":"https:\/\/schema.org","@graph":[{"@type":"Article","@id":"https:\/\/www.organisator.ch\/management\/2023-10-09\/axa-studie-64-prozent-aller-kmu-von-psychisch-bedingten-ausfaellen-betroffen\/#article","isPartOf":{"@id":"https:\/\/www.organisator.ch\/management\/2023-10-09\/axa-studie-64-prozent-aller-kmu-von-psychisch-bedingten-ausfaellen-betroffen\/"},"author":{"name":"Adelisa Kalajdzini","@id":"https:\/\/www.organisator.ch\/#\/schema\/person\/2e1314a2172123f874db408d8911d3f3"},"headline":"AXA-Studie: 64 Prozent aller KMU von psychisch bedingten Ausf\u00e4llen betroffen","datePublished":"2023-10-09T12:19:01+00:00","mainEntityOfPage":{"@id":"https:\/\/www.organisator.ch\/management\/2023-10-09\/axa-studie-64-prozent-aller-kmu-von-psychisch-bedingten-ausfaellen-betroffen\/"},"wordCount":830,"publisher":{"@id":"https:\/\/www.organisator.ch\/#organization"},"image":{"@id":"https:\/\/www.organisator.ch\/management\/2023-10-09\/axa-studie-64-prozent-aller-kmu-von-psychisch-bedingten-ausfaellen-betroffen\/#primaryimage"},"thumbnailUrl":"https:\/\/www.organisator.ch\/wp-content\/uploads\/2023\/10\/grafik_01_betroffenheit_entwicklung_Bild1.jpg","keywords":["Arbeitsplatzgestaltung","Fachkr\u00e4ftemangel","Risikomanagement","Studie","Umfrage","Unternehmen"],"articleSection":["MANAGEMENT"],"inLanguage":"it-IT"},{"@type":"WebPage","@id":"https:\/\/www.organisator.ch\/management\/2023-10-09\/axa-studie-64-prozent-aller-kmu-von-psychisch-bedingten-ausfaellen-betroffen\/","url":"https:\/\/www.organisator.ch\/management\/2023-10-09\/axa-studie-64-prozent-aller-kmu-von-psychisch-bedingten-ausfaellen-betroffen\/","name":"Studio AXA: il 64% di tutte le PMI \u00e8 colpito da assenze di natura psicologica - Organizzatore","isPartOf":{"@id":"https:\/\/www.organisator.ch\/#website"},"primaryImageOfPage":{"@id":"https:\/\/www.organisator.ch\/management\/2023-10-09\/axa-studie-64-prozent-aller-kmu-von-psychisch-bedingten-ausfaellen-betroffen\/#primaryimage"},"image":{"@id":"https:\/\/www.organisator.ch\/management\/2023-10-09\/axa-studie-64-prozent-aller-kmu-von-psychisch-bedingten-ausfaellen-betroffen\/#primaryimage"},"thumbnailUrl":"https:\/\/www.organisator.ch\/wp-content\/uploads\/2023\/10\/grafik_01_betroffenheit_entwicklung_Bild1.jpg","datePublished":"2023-10-09T12:19:01+00:00","description":"Lo studio di AXA sulle PMI dimostra che: Le assenze dal lavoro hanno un forte impatto sulle PMI. Le assenze dovute a malattie mentali sono in aumento.","breadcrumb":{"@id":"https:\/\/www.organisator.ch\/management\/2023-10-09\/axa-studie-64-prozent-aller-kmu-von-psychisch-bedingten-ausfaellen-betroffen\/#breadcrumb"},"inLanguage":"it-IT","potentialAction":[{"@type":"ReadAction","target":["https:\/\/www.organisator.ch\/management\/2023-10-09\/axa-studie-64-prozent-aller-kmu-von-psychisch-bedingten-ausfaellen-betroffen\/"]}]},{"@type":"ImageObject","inLanguage":"it-IT","@id":"https:\/\/www.organisator.ch\/management\/2023-10-09\/axa-studie-64-prozent-aller-kmu-von-psychisch-bedingten-ausfaellen-betroffen\/#primaryimage","url":"https:\/\/www.organisator.ch\/wp-content\/uploads\/2023\/10\/grafik_01_betroffenheit_entwicklung_Bild1.jpg","contentUrl":"https:\/\/www.organisator.ch\/wp-content\/uploads\/2023\/10\/grafik_01_betroffenheit_entwicklung_Bild1.jpg","width":680,"height":429,"caption":"(Bild: www.axa.ch)"},{"@type":"BreadcrumbList","@id":"https:\/\/www.organisator.ch\/management\/2023-10-09\/axa-studie-64-prozent-aller-kmu-von-psychisch-bedingten-ausfaellen-betroffen\/#breadcrumb","itemListElement":[{"@type":"ListItem","position":1,"name":"Home","item":"https:\/\/www.organisator.ch\/"},{"@type":"ListItem","position":2,"name":"AXA-Studie: 64 Prozent aller KMU von psychisch bedingten Ausf\u00e4llen betroffen"}]},{"@type":"WebSite","@id":"https:\/\/www.organisator.ch\/#website","url":"https:\/\/www.organisator.ch\/","name":"Organizzatore","description":"Competente. Pratico. In 10 numeri all'anno, ORGANISATOR presenta i temi essenziali per i manager delle PMI.","publisher":{"@id":"https:\/\/www.organisator.ch\/#organization"},"potentialAction":[{"@type":"SearchAction","target":{"@type":"EntryPoint","urlTemplate":"https:\/\/www.organisator.ch\/?s={search_term_string}"},"query-input":{"@type":"PropertyValueSpecification","valueRequired":true,"valueName":"search_term_string"}}],"inLanguage":"it-IT"},{"@type":"Organization","@id":"https:\/\/www.organisator.ch\/#organization","name":"Organizzatore","url":"https:\/\/www.organisator.ch\/","logo":{"@type":"ImageObject","inLanguage":"it-IT","@id":"https:\/\/www.organisator.ch\/#\/schema\/logo\/image\/","url":"https:\/\/www.organisator.ch\/wp-content\/uploads\/2022\/01\/Logo_Organisator_Website.png","contentUrl":"https:\/\/www.organisator.ch\/wp-content\/uploads\/2022\/01\/Logo_Organisator_Website.png","width":800,"height":77,"caption":"Organisator"},"image":{"@id":"https:\/\/www.organisator.ch\/#\/schema\/logo\/image\/"},"sameAs":["https:\/\/www.facebook.com\/OrganisatorFachmagazin","https:\/\/www.linkedin.com\/showcase\/organisator-das-magazin-fr-kmu","https:\/\/www.xing.com\/news\/pages\/organisator-ch-695","https:\/\/www.youtube.com\/channel\/UCGP2Sq0iWaZwT3BdIAQFYpw"]},{"@type":"Person","@id":"https:\/\/www.organisator.ch\/#\/schema\/person\/2e1314a2172123f874db408d8911d3f3","name":"Adelisa Kalajdzini","image":{"@type":"ImageObject","inLanguage":"it-IT","@id":"https:\/\/secure.gravatar.com\/avatar\/09a397c22ac58cad6f160ee8306348599df9df58a8ede73696226897b9fa4b24?s=96&d=mm&r=g","url":"https:\/\/secure.gravatar.com\/avatar\/09a397c22ac58cad6f160ee8306348599df9df58a8ede73696226897b9fa4b24?s=96&d=mm&r=g","contentUrl":"https:\/\/secure.gravatar.com\/avatar\/09a397c22ac58cad6f160ee8306348599df9df58a8ede73696226897b9fa4b24?s=96&d=mm&r=g","caption":"Adelisa Kalajdzini"},"url":"https:\/\/www.organisator.ch\/it\/author\/adelisa-kalajdzini\/"}]}},"_links":{"self":[{"href":"https:\/\/www.organisator.ch\/it\/wp-json\/wp\/v2\/posts\/22194","targetHints":{"allow":["GET"]}}],"collection":[{"href":"https:\/\/www.organisator.ch\/it\/wp-json\/wp\/v2\/posts"}],"about":[{"href":"https:\/\/www.organisator.ch\/it\/wp-json\/wp\/v2\/types\/post"}],"author":[{"embeddable":true,"href":"https:\/\/www.organisator.ch\/it\/wp-json\/wp\/v2\/users\/58"}],"replies":[{"embeddable":true,"href":"https:\/\/www.organisator.ch\/it\/wp-json\/wp\/v2\/comments?post=22194"}],"version-history":[{"count":3,"href":"https:\/\/www.organisator.ch\/it\/wp-json\/wp\/v2\/posts\/22194\/revisions"}],"predecessor-version":[{"id":22212,"href":"https:\/\/www.organisator.ch\/it\/wp-json\/wp\/v2\/posts\/22194\/revisions\/22212"}],"wp:featuredmedia":[{"embeddable":true,"href":"https:\/\/www.organisator.ch\/it\/wp-json\/wp\/v2\/media\/22195"}],"wp:attachment":[{"href":"https:\/\/www.organisator.ch\/it\/wp-json\/wp\/v2\/media?parent=22194"}],"wp:term":[{"taxonomy":"category","embeddable":true,"href":"https:\/\/www.organisator.ch\/it\/wp-json\/wp\/v2\/categories?post=22194"},{"taxonomy":"post_tag","embeddable":true,"href":"https:\/\/www.organisator.ch\/it\/wp-json\/wp\/v2\/tags?post=22194"}],"curies":[{"name":"wp","href":"https:\/\/api.w.org\/{rel}","templated":true}]}}