{"id":2225,"date":"2019-06-25T16:26:23","date_gmt":"2019-06-25T14:26:23","guid":{"rendered":"https:\/\/www.umweltperspektiven.ch\/?p=2225"},"modified":"2022-02-09T11:10:06","modified_gmt":"2022-02-09T10:10:06","slug":"bundesraetin-sommaruga-eine-klimaneutrale-energieversorgung-gelingt-nur-zusammen-mit-der-wirtschaft","status":"publish","type":"post","link":"https:\/\/www.organisator.ch\/it\/sustainability\/2019-06-25\/bundesraetin-sommaruga-eine-klimaneutrale-energieversorgung-gelingt-nur-zusammen-mit-der-wirtschaft\/","title":{"rendered":"La consigliera federale Sommaruga: \"Un approvvigionamento energetico neutrale per il clima pu\u00f2 essere raggiunto solo insieme all'economia\"."},"content":{"rendered":"<figure id=\"attachment_2226\" aria-describedby=\"caption-attachment-2226\" style=\"width: 680px\" class=\"wp-caption alignnone\"><img loading=\"lazy\" decoding=\"async\" class=\"size-medium wp-image-2226\" src=\"\/\/www.umweltperspektiven.ch\/wp-content\/uploads\/2019\/06\/Medienmitteilung_Sommaruga_Foto.gif\" alt=\"\" width=\"680\" height=\"455\" \/><figcaption id=\"caption-attachment-2226\" class=\"wp-caption-text\">Nel suo discorso all'HSR, il capo del Dipartimento federale dell'ambiente, dei trasporti e dell'energia ha commentato il ruolo delle associazioni ambientali. (Immagine: swisscleantech)<\/figcaption><\/figure>\n<p>Entro il 2050, l'approvvigionamento energetico deve essere completamente convertito alle energie rinnovabili in modo che la Svizzera diventi climaticamente neutrale. Le tecnologie necessarie vengono sviluppate alla HSR Hochschule f\u00fcr Technik Rapperswil. La consigliera federale Simonetta Sommaruga ha visitato l'impianto power-to-gas durante la sua partecipazione alla manifestazione per i membri di swisscleantech. L'HSR sta facendo progredire questa tecnologia chiave per una fornitura di energia a zero emissioni di CO2 con progetti di ricerca. Permette di immagazzinare l'eccedenza di elettricit\u00e0 rinnovabile a lungo termine e di sostituire le fonti di energia fossile.<\/p>\n<p>Nel suo discorso, il capo del Dipartimento federale dell'ambiente, dei trasporti, dell'energia e delle comunicazioni ha parlato del ruolo dell'economia e dell'associazione swisscleantech nella protezione del clima.<br \/>\n\"swisscleantech si batte da dieci anni per un approvvigionamento energetico neutro per il clima. L'associazione imprenditoriale gioca cos\u00ec un ruolo centrale in Svizzera per raggiungere il necessario abbandono delle energie fossili. Questo cambiamento pu\u00f2 riuscire solo insieme all'economia. Come sede di innovazione, la Svizzera si trova in un'ottima posizione\", ha detto la consigliera federale Sommaruga.<\/p>\n<p><strong>Imprenditori per una protezione ambiziosa del clima\u00a0<\/strong><br \/>\nL'appello per una protezione ambiziosa del clima ha raggiunto anche la comunit\u00e0 economica svizzera. Lo dimostra il numero crescente di membri che sostengono swisscleantech.<\/p>\n<p>\"Dall'inizio dell'anno, siamo stati in grado di conquistare come membri oltre 70 aziende provenienti da una vasta gamma di settori. Sempre pi\u00f9 imprenditori si rendono conto che \u00e8 il momento di agire. Di fronte alla sfida del cambiamento climatico, l'innovazione imprenditoriale gioca un ruolo centrale, che porta molte opportunit\u00e0 economiche. Tuttavia, questo richiede le giuste condizioni quadro politiche. Sin dalla sua fondazione, avvenuta dieci anni fa, swisscleantech ha lavorato proprio per questo\", afferma Fabian Etter, vicepresidente di swisscleantech e presidente del consiglio d'amministrazione della Elektro Etter AG.<\/p>\n<p><strong>La ricerca svizzera per una protezione ambiziosa del clima\u00a0<\/strong><br \/>\nAll'HSR, pi\u00f9 di 100 scienziati in quattro istituti stanno conducendo una ricerca intensiva su un futuro sostenibile nei campi dell'energia e della tecnologia ambientale. L'HSR ha reti nazionali e internazionali molto forti e lavora a stretto contatto con le imprese e l'industria, nonch\u00e9 con altri istituti di ricerca.<\/p>\n<p>\"Due terzi del consumo energetico svizzero si basa su fonti fossili e provoca emissioni di CO2. Molte questioni di implementazione sorgono nella conversione verso un approvvigionamento energetico senza fossili. La ricerca applicata e lo sviluppo dell'HSR hanno fornito risposte concrete a queste. Inoltre, la trasformazione avr\u00e0 successo solo se sar\u00e0 disponibile un numero sufficiente di specialisti ben formati. HSR \u00e8 stata la prima scuola universitaria professionale in Svizzera a istituire un corso di studi in energie rinnovabili e tecnologia ambientale e dal 2010 forma giovani ingegneri per la transizione energetica\", dice Henrik Nordborg, responsabile del corso di studi in energie rinnovabili e tecnologia ambientale presso HSR.<\/p>\n<p><a href=\"\/\/swisscleantech.us16.list-manage.com\/track\/click?u=2bfb22b85cb31f7d1caa96a80&amp;id=8c06f44bac&amp;e=1f70cbc439\">www.swisscleantech.ch\/verband<\/a><\/p>","protected":false},"excerpt":{"rendered":"<p>Bis 2050 muss die Energieversorgung vollst\u00e4ndig auf erneuerbare Energien umgestellt werden, damit die Schweiz klimaneutral wird. Daf\u00fcr n\u00f6tige Technologien werden an der der HSR Hochschule f\u00fcr Technik Rapperswil entwickelt. Bei ihrem Auftritt am Mitgliederevent von swisscleantech besuchte Bundesr\u00e4tin Simonetta Sommaruga auch die Power-to-Gas-Anlage. Diese Schl\u00fcsseltechnologie f\u00fcr eine CO2-neutrale Energieversorgung treibt die HSR mit Forschungsprojekten voran. [&hellip;]<\/p>\n","protected":false},"author":5,"featured_media":2226,"comment_status":"open","ping_status":"open","sticky":false,"template":"","format":"standard","meta":{"_acf_changed":false,"_yoast_wpseo_focuskw":"Sommaruga","_yoast_wpseo_metadesc":"Bundesr\u00e4tin Simonetta Sommaruga war am Sommeranlass des Wirtschaftsverbands swisscleantech an der Hochschule f\u00fcr Technik Rapperswil.","articlekey":"","footnotes":""},"categories":[580],"tags":[712,888,584,2576],"class_list":["post-2225","post","type-post","status-publish","format-standard","has-post-thumbnail","hentry","category-sustainability","tag-anlass","tag-bundesraetin","tag-energie","tag-wirtschaft"],"acf":[],"yoast_head":"<!-- This site is optimized with the Yoast SEO plugin v27.4 - https:\/\/yoast.com\/product\/yoast-seo-wordpress\/ -->\n<title>Bundesr\u00e4tin Sommaruga: \u00abEine klimaneutrale Energieversorgung gelingt nur zusammen mit der Wirtschaft\u00bb - Organisator<\/title>\n<meta name=\"description\" content=\"Bundesr\u00e4tin Simonetta Sommaruga war am Sommeranlass des Wirtschaftsverbands swisscleantech an der Hochschule f\u00fcr Technik Rapperswil.\" \/>\n<meta name=\"robots\" content=\"index, follow, max-snippet:-1, max-image-preview:large, max-video-preview:-1\" \/>\n<link rel=\"canonical\" href=\"https:\/\/www.organisator.ch\/it\/sostenibilita\/2019-06-25\/bundesraetin-sommaruga-eine-klimaneutrale-energieversorgung-gelingt-nur-zusammen-mit-der-wirtschaft\/\" \/>\n<meta property=\"og:locale\" content=\"it_IT\" \/>\n<meta property=\"og:type\" content=\"article\" \/>\n<meta property=\"og:title\" content=\"Bundesr\u00e4tin Sommaruga: \u00abEine klimaneutrale Energieversorgung gelingt nur zusammen mit der Wirtschaft\u00bb - Organisator\" \/>\n<meta property=\"og:description\" content=\"Bundesr\u00e4tin Simonetta Sommaruga war am Sommeranlass des Wirtschaftsverbands swisscleantech an der Hochschule f\u00fcr Technik Rapperswil.\" \/>\n<meta property=\"og:url\" content=\"https:\/\/www.organisator.ch\/it\/sostenibilita\/2019-06-25\/bundesraetin-sommaruga-eine-klimaneutrale-energieversorgung-gelingt-nur-zusammen-mit-der-wirtschaft\/\" \/>\n<meta property=\"og:site_name\" content=\"Organisator\" \/>\n<meta property=\"article:publisher\" content=\"https:\/\/www.facebook.com\/OrganisatorFachmagazin\" \/>\n<meta property=\"article:published_time\" content=\"2019-06-25T14:26:23+00:00\" \/>\n<meta property=\"article:modified_time\" content=\"2022-02-09T10:10:06+00:00\" \/>\n<meta property=\"og:image\" content=\"https:\/\/www.organisator.ch\/wp-content\/uploads\/2019\/06\/Medienmitteilung_Sommaruga_Foto.gif\" \/>\n\t<meta property=\"og:image:width\" content=\"776\" \/>\n\t<meta property=\"og:image:height\" content=\"519\" \/>\n\t<meta property=\"og:image:type\" content=\"image\/gif\" \/>\n<meta name=\"author\" content=\"michael.merz\" \/>\n<meta name=\"twitter:card\" content=\"summary_large_image\" \/>\n<script type=\"application\/ld+json\" class=\"yoast-schema-graph\">{\"@context\":\"https:\\\/\\\/schema.org\",\"@graph\":[{\"@type\":\"Article\",\"@id\":\"https:\\\/\\\/www.organisator.ch\\\/sustainability\\\/2019-06-25\\\/bundesraetin-sommaruga-eine-klimaneutrale-energieversorgung-gelingt-nur-zusammen-mit-der-wirtschaft\\\/#article\",\"isPartOf\":{\"@id\":\"https:\\\/\\\/www.organisator.ch\\\/sustainability\\\/2019-06-25\\\/bundesraetin-sommaruga-eine-klimaneutrale-energieversorgung-gelingt-nur-zusammen-mit-der-wirtschaft\\\/\"},\"author\":{\"name\":\"michael.merz\",\"@id\":\"https:\\\/\\\/www.organisator.ch\\\/#\\\/schema\\\/person\\\/134708ca9321c57b0362cceb7948ffbd\"},\"headline\":\"Bundesr\u00e4tin Sommaruga: \u00abEine klimaneutrale Energieversorgung gelingt nur zusammen mit der Wirtschaft\u00bb\",\"datePublished\":\"2019-06-25T14:26:23+00:00\",\"dateModified\":\"2022-02-09T10:10:06+00:00\",\"mainEntityOfPage\":{\"@id\":\"https:\\\/\\\/www.organisator.ch\\\/sustainability\\\/2019-06-25\\\/bundesraetin-sommaruga-eine-klimaneutrale-energieversorgung-gelingt-nur-zusammen-mit-der-wirtschaft\\\/\"},\"wordCount\":468,\"commentCount\":0,\"publisher\":{\"@id\":\"https:\\\/\\\/www.organisator.ch\\\/#organization\"},\"image\":{\"@id\":\"https:\\\/\\\/www.organisator.ch\\\/sustainability\\\/2019-06-25\\\/bundesraetin-sommaruga-eine-klimaneutrale-energieversorgung-gelingt-nur-zusammen-mit-der-wirtschaft\\\/#primaryimage\"},\"thumbnailUrl\":\"https:\\\/\\\/www.organisator.ch\\\/wp-content\\\/uploads\\\/2019\\\/06\\\/Medienmitteilung_Sommaruga_Foto.gif\",\"keywords\":[\"Anlass\",\"Bundesr\u00e4tin\",\"ENERGIE\",\"Wirtschaft\"],\"articleSection\":[\"SUSTAINABILITY\"],\"inLanguage\":\"it-IT\"},{\"@type\":\"WebPage\",\"@id\":\"https:\\\/\\\/www.organisator.ch\\\/sustainability\\\/2019-06-25\\\/bundesraetin-sommaruga-eine-klimaneutrale-energieversorgung-gelingt-nur-zusammen-mit-der-wirtschaft\\\/\",\"url\":\"https:\\\/\\\/www.organisator.ch\\\/sustainability\\\/2019-06-25\\\/bundesraetin-sommaruga-eine-klimaneutrale-energieversorgung-gelingt-nur-zusammen-mit-der-wirtschaft\\\/\",\"name\":\"Bundesr\u00e4tin Sommaruga: \u00abEine klimaneutrale Energieversorgung gelingt nur zusammen mit der Wirtschaft\u00bb - Organisator\",\"isPartOf\":{\"@id\":\"https:\\\/\\\/www.organisator.ch\\\/#website\"},\"primaryImageOfPage\":{\"@id\":\"https:\\\/\\\/www.organisator.ch\\\/sustainability\\\/2019-06-25\\\/bundesraetin-sommaruga-eine-klimaneutrale-energieversorgung-gelingt-nur-zusammen-mit-der-wirtschaft\\\/#primaryimage\"},\"image\":{\"@id\":\"https:\\\/\\\/www.organisator.ch\\\/sustainability\\\/2019-06-25\\\/bundesraetin-sommaruga-eine-klimaneutrale-energieversorgung-gelingt-nur-zusammen-mit-der-wirtschaft\\\/#primaryimage\"},\"thumbnailUrl\":\"https:\\\/\\\/www.organisator.ch\\\/wp-content\\\/uploads\\\/2019\\\/06\\\/Medienmitteilung_Sommaruga_Foto.gif\",\"datePublished\":\"2019-06-25T14:26:23+00:00\",\"dateModified\":\"2022-02-09T10:10:06+00:00\",\"description\":\"Bundesr\u00e4tin Simonetta Sommaruga war am Sommeranlass des Wirtschaftsverbands swisscleantech an der Hochschule f\u00fcr Technik Rapperswil.\",\"breadcrumb\":{\"@id\":\"https:\\\/\\\/www.organisator.ch\\\/sustainability\\\/2019-06-25\\\/bundesraetin-sommaruga-eine-klimaneutrale-energieversorgung-gelingt-nur-zusammen-mit-der-wirtschaft\\\/#breadcrumb\"},\"inLanguage\":\"it-IT\",\"potentialAction\":[{\"@type\":\"ReadAction\",\"target\":[\"https:\\\/\\\/www.organisator.ch\\\/sustainability\\\/2019-06-25\\\/bundesraetin-sommaruga-eine-klimaneutrale-energieversorgung-gelingt-nur-zusammen-mit-der-wirtschaft\\\/\"]}]},{\"@type\":\"ImageObject\",\"inLanguage\":\"it-IT\",\"@id\":\"https:\\\/\\\/www.organisator.ch\\\/sustainability\\\/2019-06-25\\\/bundesraetin-sommaruga-eine-klimaneutrale-energieversorgung-gelingt-nur-zusammen-mit-der-wirtschaft\\\/#primaryimage\",\"url\":\"https:\\\/\\\/www.organisator.ch\\\/wp-content\\\/uploads\\\/2019\\\/06\\\/Medienmitteilung_Sommaruga_Foto.gif\",\"contentUrl\":\"https:\\\/\\\/www.organisator.ch\\\/wp-content\\\/uploads\\\/2019\\\/06\\\/Medienmitteilung_Sommaruga_Foto.gif\",\"width\":776,\"height\":519,\"caption\":\"In ihrem Referat an der HSR \u00e4usserte sich die Vorsteherin des Eidgen\u00f6ssischen Departements f\u00fcr Umwelt, Verkehr, Energie zur Rolle von Umweltverb\u00e4nden. (Bild: swisscleantech)\"},{\"@type\":\"BreadcrumbList\",\"@id\":\"https:\\\/\\\/www.organisator.ch\\\/sustainability\\\/2019-06-25\\\/bundesraetin-sommaruga-eine-klimaneutrale-energieversorgung-gelingt-nur-zusammen-mit-der-wirtschaft\\\/#breadcrumb\",\"itemListElement\":[{\"@type\":\"ListItem\",\"position\":1,\"name\":\"Home\",\"item\":\"https:\\\/\\\/www.organisator.ch\\\/\"},{\"@type\":\"ListItem\",\"position\":2,\"name\":\"Bundesr\u00e4tin Sommaruga: \u00abEine klimaneutrale Energieversorgung gelingt nur zusammen mit der Wirtschaft\u00bb\"}]},{\"@type\":\"WebSite\",\"@id\":\"https:\\\/\\\/www.organisator.ch\\\/#website\",\"url\":\"https:\\\/\\\/www.organisator.ch\\\/\",\"name\":\"Organisator\",\"description\":\"Kompetent. Praxisnah. Der ORGANISATOR bereitet in 10 Ausgaben pro Jahr die wesentlichen Themen f\u00fcr F\u00fchrungskr\u00e4fte von KMU auf.\",\"publisher\":{\"@id\":\"https:\\\/\\\/www.organisator.ch\\\/#organization\"},\"potentialAction\":[{\"@type\":\"SearchAction\",\"target\":{\"@type\":\"EntryPoint\",\"urlTemplate\":\"https:\\\/\\\/www.organisator.ch\\\/?s={search_term_string}\"},\"query-input\":{\"@type\":\"PropertyValueSpecification\",\"valueRequired\":true,\"valueName\":\"search_term_string\"}}],\"inLanguage\":\"it-IT\"},{\"@type\":\"Organization\",\"@id\":\"https:\\\/\\\/www.organisator.ch\\\/#organization\",\"name\":\"Organisator\",\"url\":\"https:\\\/\\\/www.organisator.ch\\\/\",\"logo\":{\"@type\":\"ImageObject\",\"inLanguage\":\"it-IT\",\"@id\":\"https:\\\/\\\/www.organisator.ch\\\/#\\\/schema\\\/logo\\\/image\\\/\",\"url\":\"https:\\\/\\\/www.organisator.ch\\\/wp-content\\\/uploads\\\/2022\\\/01\\\/Logo_Organisator_Website.png\",\"contentUrl\":\"https:\\\/\\\/www.organisator.ch\\\/wp-content\\\/uploads\\\/2022\\\/01\\\/Logo_Organisator_Website.png\",\"width\":800,\"height\":77,\"caption\":\"Organisator\"},\"image\":{\"@id\":\"https:\\\/\\\/www.organisator.ch\\\/#\\\/schema\\\/logo\\\/image\\\/\"},\"sameAs\":[\"https:\\\/\\\/www.facebook.com\\\/OrganisatorFachmagazin\",\"https:\\\/\\\/www.linkedin.com\\\/showcase\\\/organisator-das-magazin-fr-kmu\",\"https:\\\/\\\/www.xing.com\\\/news\\\/pages\\\/organisator-ch-695\",\"https:\\\/\\\/www.youtube.com\\\/channel\\\/UCGP2Sq0iWaZwT3BdIAQFYpw\"]},{\"@type\":\"Person\",\"@id\":\"https:\\\/\\\/www.organisator.ch\\\/#\\\/schema\\\/person\\\/134708ca9321c57b0362cceb7948ffbd\",\"name\":\"michael.merz\",\"image\":{\"@type\":\"ImageObject\",\"inLanguage\":\"it-IT\",\"@id\":\"https:\\\/\\\/secure.gravatar.com\\\/avatar\\\/?s=96&d=mm&r=g\",\"url\":\"https:\\\/\\\/secure.gravatar.com\\\/avatar\\\/?s=96&d=mm&r=g\",\"contentUrl\":\"https:\\\/\\\/secure.gravatar.com\\\/avatar\\\/?s=96&d=mm&r=g\",\"caption\":\"michael.merz\"},\"url\":\"https:\\\/\\\/www.organisator.ch\\\/it\\\/author\\\/michael-merz\\\/\"}]}<\/script>\n<!-- \/ Yoast SEO plugin. -->","yoast_head_json":{"title":"La Consigliera federale Sommaruga: \"Un approvvigionamento energetico neutrale dal punto di vista climatico pu\u00f2 essere realizzato solo insieme al mondo economico\" - Organizzatore","description":"La Consigliera federale Simonetta Sommaruga ha partecipato all'evento estivo dell'associazione imprenditoriale swisscleantech presso l'Universit\u00e0 di Scienze Applicate di Rapperswil.","robots":{"index":"index","follow":"follow","max-snippet":"max-snippet:-1","max-image-preview":"max-image-preview:large","max-video-preview":"max-video-preview:-1"},"canonical":"https:\/\/www.organisator.ch\/it\/sostenibilita\/2019-06-25\/bundesraetin-sommaruga-eine-klimaneutrale-energieversorgung-gelingt-nur-zusammen-mit-der-wirtschaft\/","og_locale":"it_IT","og_type":"article","og_title":"Bundesr\u00e4tin Sommaruga: \u00abEine klimaneutrale Energieversorgung gelingt nur zusammen mit der Wirtschaft\u00bb - Organisator","og_description":"Bundesr\u00e4tin Simonetta Sommaruga war am Sommeranlass des Wirtschaftsverbands swisscleantech an der Hochschule f\u00fcr Technik Rapperswil.","og_url":"https:\/\/www.organisator.ch\/it\/sostenibilita\/2019-06-25\/bundesraetin-sommaruga-eine-klimaneutrale-energieversorgung-gelingt-nur-zusammen-mit-der-wirtschaft\/","og_site_name":"Organisator","article_publisher":"https:\/\/www.facebook.com\/OrganisatorFachmagazin","article_published_time":"2019-06-25T14:26:23+00:00","article_modified_time":"2022-02-09T10:10:06+00:00","og_image":[{"width":776,"height":519,"url":"https:\/\/www.organisator.ch\/wp-content\/uploads\/2019\/06\/Medienmitteilung_Sommaruga_Foto.gif","type":"image\/gif"}],"author":"michael.merz","twitter_card":"summary_large_image","schema":{"@context":"https:\/\/schema.org","@graph":[{"@type":"Article","@id":"https:\/\/www.organisator.ch\/sustainability\/2019-06-25\/bundesraetin-sommaruga-eine-klimaneutrale-energieversorgung-gelingt-nur-zusammen-mit-der-wirtschaft\/#article","isPartOf":{"@id":"https:\/\/www.organisator.ch\/sustainability\/2019-06-25\/bundesraetin-sommaruga-eine-klimaneutrale-energieversorgung-gelingt-nur-zusammen-mit-der-wirtschaft\/"},"author":{"name":"michael.merz","@id":"https:\/\/www.organisator.ch\/#\/schema\/person\/134708ca9321c57b0362cceb7948ffbd"},"headline":"Bundesr\u00e4tin Sommaruga: \u00abEine klimaneutrale Energieversorgung gelingt nur zusammen mit der Wirtschaft\u00bb","datePublished":"2019-06-25T14:26:23+00:00","dateModified":"2022-02-09T10:10:06+00:00","mainEntityOfPage":{"@id":"https:\/\/www.organisator.ch\/sustainability\/2019-06-25\/bundesraetin-sommaruga-eine-klimaneutrale-energieversorgung-gelingt-nur-zusammen-mit-der-wirtschaft\/"},"wordCount":468,"commentCount":0,"publisher":{"@id":"https:\/\/www.organisator.ch\/#organization"},"image":{"@id":"https:\/\/www.organisator.ch\/sustainability\/2019-06-25\/bundesraetin-sommaruga-eine-klimaneutrale-energieversorgung-gelingt-nur-zusammen-mit-der-wirtschaft\/#primaryimage"},"thumbnailUrl":"https:\/\/www.organisator.ch\/wp-content\/uploads\/2019\/06\/Medienmitteilung_Sommaruga_Foto.gif","keywords":["Anlass","Bundesr\u00e4tin","ENERGIE","Wirtschaft"],"articleSection":["SUSTAINABILITY"],"inLanguage":"it-IT"},{"@type":"WebPage","@id":"https:\/\/www.organisator.ch\/sustainability\/2019-06-25\/bundesraetin-sommaruga-eine-klimaneutrale-energieversorgung-gelingt-nur-zusammen-mit-der-wirtschaft\/","url":"https:\/\/www.organisator.ch\/sustainability\/2019-06-25\/bundesraetin-sommaruga-eine-klimaneutrale-energieversorgung-gelingt-nur-zusammen-mit-der-wirtschaft\/","name":"La Consigliera federale Sommaruga: \"Un approvvigionamento energetico neutrale dal punto di vista climatico pu\u00f2 essere realizzato solo insieme al mondo economico\" - Organizzatore","isPartOf":{"@id":"https:\/\/www.organisator.ch\/#website"},"primaryImageOfPage":{"@id":"https:\/\/www.organisator.ch\/sustainability\/2019-06-25\/bundesraetin-sommaruga-eine-klimaneutrale-energieversorgung-gelingt-nur-zusammen-mit-der-wirtschaft\/#primaryimage"},"image":{"@id":"https:\/\/www.organisator.ch\/sustainability\/2019-06-25\/bundesraetin-sommaruga-eine-klimaneutrale-energieversorgung-gelingt-nur-zusammen-mit-der-wirtschaft\/#primaryimage"},"thumbnailUrl":"https:\/\/www.organisator.ch\/wp-content\/uploads\/2019\/06\/Medienmitteilung_Sommaruga_Foto.gif","datePublished":"2019-06-25T14:26:23+00:00","dateModified":"2022-02-09T10:10:06+00:00","description":"La Consigliera federale Simonetta Sommaruga ha partecipato all'evento estivo dell'associazione imprenditoriale swisscleantech presso l'Universit\u00e0 di Scienze Applicate di Rapperswil.","breadcrumb":{"@id":"https:\/\/www.organisator.ch\/sustainability\/2019-06-25\/bundesraetin-sommaruga-eine-klimaneutrale-energieversorgung-gelingt-nur-zusammen-mit-der-wirtschaft\/#breadcrumb"},"inLanguage":"it-IT","potentialAction":[{"@type":"ReadAction","target":["https:\/\/www.organisator.ch\/sustainability\/2019-06-25\/bundesraetin-sommaruga-eine-klimaneutrale-energieversorgung-gelingt-nur-zusammen-mit-der-wirtschaft\/"]}]},{"@type":"ImageObject","inLanguage":"it-IT","@id":"https:\/\/www.organisator.ch\/sustainability\/2019-06-25\/bundesraetin-sommaruga-eine-klimaneutrale-energieversorgung-gelingt-nur-zusammen-mit-der-wirtschaft\/#primaryimage","url":"https:\/\/www.organisator.ch\/wp-content\/uploads\/2019\/06\/Medienmitteilung_Sommaruga_Foto.gif","contentUrl":"https:\/\/www.organisator.ch\/wp-content\/uploads\/2019\/06\/Medienmitteilung_Sommaruga_Foto.gif","width":776,"height":519,"caption":"In ihrem Referat an der HSR \u00e4usserte sich die Vorsteherin des Eidgen\u00f6ssischen Departements f\u00fcr Umwelt, Verkehr, Energie zur Rolle von Umweltverb\u00e4nden. (Bild: swisscleantech)"},{"@type":"BreadcrumbList","@id":"https:\/\/www.organisator.ch\/sustainability\/2019-06-25\/bundesraetin-sommaruga-eine-klimaneutrale-energieversorgung-gelingt-nur-zusammen-mit-der-wirtschaft\/#breadcrumb","itemListElement":[{"@type":"ListItem","position":1,"name":"Home","item":"https:\/\/www.organisator.ch\/"},{"@type":"ListItem","position":2,"name":"Bundesr\u00e4tin Sommaruga: \u00abEine klimaneutrale Energieversorgung gelingt nur zusammen mit der Wirtschaft\u00bb"}]},{"@type":"WebSite","@id":"https:\/\/www.organisator.ch\/#website","url":"https:\/\/www.organisator.ch\/","name":"Organizzatore","description":"Competente. Pratico. In 10 numeri all'anno, ORGANISATOR presenta i temi essenziali per i manager delle PMI.","publisher":{"@id":"https:\/\/www.organisator.ch\/#organization"},"potentialAction":[{"@type":"SearchAction","target":{"@type":"EntryPoint","urlTemplate":"https:\/\/www.organisator.ch\/?s={search_term_string}"},"query-input":{"@type":"PropertyValueSpecification","valueRequired":true,"valueName":"search_term_string"}}],"inLanguage":"it-IT"},{"@type":"Organization","@id":"https:\/\/www.organisator.ch\/#organization","name":"Organizzatore","url":"https:\/\/www.organisator.ch\/","logo":{"@type":"ImageObject","inLanguage":"it-IT","@id":"https:\/\/www.organisator.ch\/#\/schema\/logo\/image\/","url":"https:\/\/www.organisator.ch\/wp-content\/uploads\/2022\/01\/Logo_Organisator_Website.png","contentUrl":"https:\/\/www.organisator.ch\/wp-content\/uploads\/2022\/01\/Logo_Organisator_Website.png","width":800,"height":77,"caption":"Organisator"},"image":{"@id":"https:\/\/www.organisator.ch\/#\/schema\/logo\/image\/"},"sameAs":["https:\/\/www.facebook.com\/OrganisatorFachmagazin","https:\/\/www.linkedin.com\/showcase\/organisator-das-magazin-fr-kmu","https:\/\/www.xing.com\/news\/pages\/organisator-ch-695","https:\/\/www.youtube.com\/channel\/UCGP2Sq0iWaZwT3BdIAQFYpw"]},{"@type":"Person","@id":"https:\/\/www.organisator.ch\/#\/schema\/person\/134708ca9321c57b0362cceb7948ffbd","name":"michael.merz","image":{"@type":"ImageObject","inLanguage":"it-IT","@id":"https:\/\/secure.gravatar.com\/avatar\/?s=96&d=mm&r=g","url":"https:\/\/secure.gravatar.com\/avatar\/?s=96&d=mm&r=g","contentUrl":"https:\/\/secure.gravatar.com\/avatar\/?s=96&d=mm&r=g","caption":"michael.merz"},"url":"https:\/\/www.organisator.ch\/it\/author\/michael-merz\/"}]}},"_links":{"self":[{"href":"https:\/\/www.organisator.ch\/it\/wp-json\/wp\/v2\/posts\/2225","targetHints":{"allow":["GET"]}}],"collection":[{"href":"https:\/\/www.organisator.ch\/it\/wp-json\/wp\/v2\/posts"}],"about":[{"href":"https:\/\/www.organisator.ch\/it\/wp-json\/wp\/v2\/types\/post"}],"author":[{"embeddable":true,"href":"https:\/\/www.organisator.ch\/it\/wp-json\/wp\/v2\/users\/5"}],"replies":[{"embeddable":true,"href":"https:\/\/www.organisator.ch\/it\/wp-json\/wp\/v2\/comments?post=2225"}],"version-history":[{"count":1,"href":"https:\/\/www.organisator.ch\/it\/wp-json\/wp\/v2\/posts\/2225\/revisions"}],"predecessor-version":[{"id":10899,"href":"https:\/\/www.organisator.ch\/it\/wp-json\/wp\/v2\/posts\/2225\/revisions\/10899"}],"wp:featuredmedia":[{"embeddable":true,"href":"https:\/\/www.organisator.ch\/it\/wp-json\/wp\/v2\/media\/2226"}],"wp:attachment":[{"href":"https:\/\/www.organisator.ch\/it\/wp-json\/wp\/v2\/media?parent=2225"}],"wp:term":[{"taxonomy":"category","embeddable":true,"href":"https:\/\/www.organisator.ch\/it\/wp-json\/wp\/v2\/categories?post=2225"},{"taxonomy":"post_tag","embeddable":true,"href":"https:\/\/www.organisator.ch\/it\/wp-json\/wp\/v2\/tags?post=2225"}],"curies":[{"name":"wp","href":"https:\/\/api.w.org\/{rel}","templated":true}]}}