{"id":22407,"date":"2023-10-18T12:56:43","date_gmt":"2023-10-18T10:56:43","guid":{"rendered":"https:\/\/www.werbewoche.ch\/?p=204973"},"modified":"2024-11-13T13:44:18","modified_gmt":"2024-11-13T12:44:18","slug":"weischer-cinema-schweiz-und-frame-schliessen-partnerschaftsvertrag","status":"publish","type":"post","link":"https:\/\/www.organisator.ch\/it\/marketing\/2023-10-18\/weischer-cinema-schweiz-und-frame-schliessen-partnerschaftsvertrag\/","title":{"rendered":"Weischer.Cinema Svizzera e Frame firmano un accordo di partnership"},"content":{"rendered":"<p>Gli schermi e gli schermi cinematografici DOOH del cinema Frame di Europaallee a Zurigo saranno in futuro commercializzati da Weischer.Cinema Svizzera. L'inventario pubblicitario comprende sei schermi cinematografici e nove schermi all'ingresso e nell'area lounge del cinema.<\/p>\r\n<p>Dal 12 ottobre, al cinema Frame viene offerto al pubblico un programma diversificato di film mainstream di alto livello, film d'autore, documentari, film per famiglie e anteprime svizzere.<\/p>\r\n<p>Christof Kaufmann, CEO di Weischer.Cinema Svizzera, annuncia: \"Siamo molto soddisfatti della collaborazione e siamo convinti che insieme possiamo offrire al mercato pubblicitario spazi pubblicitari estremamente interessanti nel cuore di Zurigo presso il cinema touchpoint premium. La riapertura del Kino Frame contribuisce all'ulteriore sviluppo del panorama cinematografico svizzero e dimostra ancora una volta che il mezzo cinematografico \u00e8 richiesto. Auguriamo a tutto il team di Kino Frame grande successo e ogni bene\".<\/p>\r\n<p>Jennifer Somm, amministratore delegato di Spoundation Motion Picture, aggiunge: \"Con Weischer.Cinema ci avvaliamo di un partner professionale con oltre 60 anni di esperienza nel marketing pubblicitario cinematografico e una grande passione per il mondo del cinema. Collaboriamo gi\u00e0 con Weischer.Cinema in occasione dello Zurich Film Festival e siamo lieti di estendere questa collaborazione da 11 a 365 giorni. Con questa collaborazione, gli inserzionisti del Frame hanno un contatto innovativo quando si tratta di pubblicit\u00e0 efficace su schermo e DOOH nel cuore di Zurigo.\"<\/p>\r\n<p><a href=\"https:\/\/www.werbewoche.ch\/de\/marketing\/2023-10-18\/weischer-cinema-schweiz-und-frame-schliessen-partnerschaftsvertrag\/attachment\/pre-opening-frame_diverse_kino-frame-fru%E2%95%A0eher-kosmos_%E2%94%ACeduard-meltzer_for-zff_klein\/\"><img class=\"attachment-full alignnone\" src=\"https:\/\/www.werbewoche.ch\/wp-content\/uploads\/2023\/10\/Pre-Opening-Frame_Diverse_Kino-Frame-Fru%E2%95%A0eher-Kosmos_%E2%94%AC%C2%AEEduard-Meltzer_for-ZFF_klein.jpg\" alt=\"Weischer.cinema Kino Frame\" width=\"1200\" height=\"800\" \/><\/a> <a href=\"https:\/\/www.werbewoche.ch\/de\/marketing\/2023-10-18\/weischer-cinema-schweiz-und-frame-schliessen-partnerschaftsvertrag\/attachment\/18_klein\/\"><img class=\"attachment-full size-full\" src=\"https:\/\/www.werbewoche.ch\/wp-content\/uploads\/2023\/10\/18_klein.jpg\" alt=\"\" width=\"1200\" height=\"800\" \/><\/a> <a href=\"https:\/\/www.werbewoche.ch\/de\/marketing\/2023-10-18\/weischer-cinema-schweiz-und-frame-schliessen-partnerschaftsvertrag\/attachment\/12_klein\/\"><img class=\"attachment-full size-full\" src=\"https:\/\/www.werbewoche.ch\/wp-content\/uploads\/2023\/10\/12_klein.jpg\" alt=\"\" width=\"1200\" height=\"800\" \/><\/a><\/p>\r\n<hr \/>\r\n<p><em>Weischer.Cinema \u00e8 il leader del mercato della pubblicit\u00e0 cinematografica nell'intera regione D-A-CH. L'azienda, gestita dai proprietari, vanta oltre 60 anni di esperienza nel settore cinematografico e garantisce un ulteriore sviluppo completo e orientato al cliente del mezzo cinematografico a immagini in movimento. Weischer.Cinema \u00e8 una filiale di Weischer, uno dei principali operatori pubblicitari per il cinema, l'outdoor e la pubblicit\u00e0 online in Germania, con sedi ad Amburgo, Francoforte, Colonia, Monaco, Zurigo e Vienna.<\/em><\/p>","protected":false},"excerpt":{"rendered":"<p>L'azienda di marketing pubblicitario Weischer.Cinema Schweiz e il cinema Frame, gestito dall'agenzia di marketing dello ZFF Spoundation Motion Picture AG, hanno avviato una collaborazione a lungo termine.<\/p>","protected":false},"author":8,"featured_media":0,"comment_status":"closed","ping_status":"closed","sticky":false,"template":"","format":"standard","meta":{"_acf_changed":false,"_yoast_wpseo_focuskw":"Weischer.Cinema Kino Frame","_yoast_wpseo_metadesc":"Weischer.Cinema vermarktet k\u00fcnftig Kino Frame Z\u00fcrich: Attraktive Werbefl\u00e4chen und erstklassiges Filmprogramm.","articlekey":"","footnotes":""},"categories":[29],"tags":[3968,3969,3970],"class_list":["post-22407","post","type-post","status-publish","format-standard","hentry","category-marketing","tag-frame","tag-kinowerbung","tag-weischer-cinema"],"acf":[],"yoast_head":"<!-- This site is optimized with the Yoast SEO plugin v27.5 - https:\/\/yoast.com\/product\/yoast-seo-wordpress\/ -->\n<title>Weischer.Cinema Schweiz und Frame schliessen Partnerschaftsvertrag - Organisator<\/title>\n<meta name=\"description\" content=\"Weischer.Cinema vermarktet k\u00fcnftig Kino Frame Z\u00fcrich: Attraktive Werbefl\u00e4chen und erstklassiges Filmprogramm.\" \/>\n<meta name=\"robots\" content=\"index, follow, max-snippet:-1, max-image-preview:large, max-video-preview:-1\" \/>\n<link rel=\"canonical\" href=\"https:\/\/www.organisator.ch\/it\/marketing\/2023-10-18\/weischer-cinema-schweiz-und-frame-schliessen-partnerschaftsvertrag\/\" \/>\n<meta property=\"og:locale\" content=\"it_IT\" \/>\n<meta property=\"og:type\" content=\"article\" \/>\n<meta property=\"og:title\" content=\"Weischer.Cinema Schweiz und Frame schliessen Partnerschaftsvertrag - Organisator\" \/>\n<meta property=\"og:description\" content=\"Weischer.Cinema vermarktet k\u00fcnftig Kino Frame Z\u00fcrich: Attraktive Werbefl\u00e4chen und erstklassiges Filmprogramm.\" \/>\n<meta property=\"og:url\" content=\"https:\/\/www.organisator.ch\/it\/marketing\/2023-10-18\/weischer-cinema-schweiz-und-frame-schliessen-partnerschaftsvertrag\/\" \/>\n<meta property=\"og:site_name\" content=\"Organisator\" \/>\n<meta property=\"article:publisher\" content=\"https:\/\/www.facebook.com\/OrganisatorFachmagazin\" \/>\n<meta property=\"article:published_time\" content=\"2023-10-18T10:56:43+00:00\" \/>\n<meta property=\"article:modified_time\" content=\"2024-11-13T12:44:18+00:00\" \/>\n<meta property=\"og:image\" content=\"https:\/\/www.werbewoche.ch\/wp-content\/uploads\/2023\/10\/Pre-Opening-Frame_Diverse_Kino-Frame-Fru%E2%95%A0eher-Kosmos_%E2%94%AC%C2%AEEduard-Meltzer_for-ZFF_klein.jpg\" \/>\n<meta name=\"author\" content=\"galledia\" \/>\n<meta name=\"twitter:card\" content=\"summary_large_image\" \/>\n<meta name=\"twitter:creator\" content=\"@admin\" \/>\n<script type=\"application\/ld+json\" class=\"yoast-schema-graph\">{\"@context\":\"https:\\\/\\\/schema.org\",\"@graph\":[{\"@type\":\"Article\",\"@id\":\"https:\\\/\\\/www.organisator.ch\\\/marketing\\\/2023-10-18\\\/weischer-cinema-schweiz-und-frame-schliessen-partnerschaftsvertrag\\\/#article\",\"isPartOf\":{\"@id\":\"https:\\\/\\\/www.organisator.ch\\\/marketing\\\/2023-10-18\\\/weischer-cinema-schweiz-und-frame-schliessen-partnerschaftsvertrag\\\/\"},\"author\":{\"name\":\"galledia\",\"@id\":\"https:\\\/\\\/www.organisator.ch\\\/#\\\/schema\\\/person\\\/4e51799071cd2dd1232ac003643ef5f0\"},\"headline\":\"Weischer.Cinema Schweiz und Frame schliessen Partnerschaftsvertrag\",\"datePublished\":\"2023-10-18T10:56:43+00:00\",\"dateModified\":\"2024-11-13T12:44:18+00:00\",\"mainEntityOfPage\":{\"@id\":\"https:\\\/\\\/www.organisator.ch\\\/marketing\\\/2023-10-18\\\/weischer-cinema-schweiz-und-frame-schliessen-partnerschaftsvertrag\\\/\"},\"wordCount\":296,\"publisher\":{\"@id\":\"https:\\\/\\\/www.organisator.ch\\\/#organization\"},\"image\":{\"@id\":\"https:\\\/\\\/www.organisator.ch\\\/marketing\\\/2023-10-18\\\/weischer-cinema-schweiz-und-frame-schliessen-partnerschaftsvertrag\\\/#primaryimage\"},\"thumbnailUrl\":\"https:\\\/\\\/www.werbewoche.ch\\\/wp-content\\\/uploads\\\/2023\\\/10\\\/Pre-Opening-Frame_Diverse_Kino-Frame-Fru%E2%95%A0eher-Kosmos_%E2%94%AC%C2%AEEduard-Meltzer_for-ZFF_klein.jpg\",\"keywords\":[\"Frame\",\"Kinowerbung\",\"Weischer.Cinema\"],\"articleSection\":[\"MARKETING\"],\"inLanguage\":\"it-IT\"},{\"@type\":\"WebPage\",\"@id\":\"https:\\\/\\\/www.organisator.ch\\\/marketing\\\/2023-10-18\\\/weischer-cinema-schweiz-und-frame-schliessen-partnerschaftsvertrag\\\/\",\"url\":\"https:\\\/\\\/www.organisator.ch\\\/marketing\\\/2023-10-18\\\/weischer-cinema-schweiz-und-frame-schliessen-partnerschaftsvertrag\\\/\",\"name\":\"Weischer.Cinema Schweiz und Frame schliessen Partnerschaftsvertrag - Organisator\",\"isPartOf\":{\"@id\":\"https:\\\/\\\/www.organisator.ch\\\/#website\"},\"primaryImageOfPage\":{\"@id\":\"https:\\\/\\\/www.organisator.ch\\\/marketing\\\/2023-10-18\\\/weischer-cinema-schweiz-und-frame-schliessen-partnerschaftsvertrag\\\/#primaryimage\"},\"image\":{\"@id\":\"https:\\\/\\\/www.organisator.ch\\\/marketing\\\/2023-10-18\\\/weischer-cinema-schweiz-und-frame-schliessen-partnerschaftsvertrag\\\/#primaryimage\"},\"thumbnailUrl\":\"https:\\\/\\\/www.werbewoche.ch\\\/wp-content\\\/uploads\\\/2023\\\/10\\\/Pre-Opening-Frame_Diverse_Kino-Frame-Fru%E2%95%A0eher-Kosmos_%E2%94%AC%C2%AEEduard-Meltzer_for-ZFF_klein.jpg\",\"datePublished\":\"2023-10-18T10:56:43+00:00\",\"dateModified\":\"2024-11-13T12:44:18+00:00\",\"description\":\"Weischer.Cinema vermarktet k\u00fcnftig Kino Frame Z\u00fcrich: Attraktive Werbefl\u00e4chen und erstklassiges Filmprogramm.\",\"breadcrumb\":{\"@id\":\"https:\\\/\\\/www.organisator.ch\\\/marketing\\\/2023-10-18\\\/weischer-cinema-schweiz-und-frame-schliessen-partnerschaftsvertrag\\\/#breadcrumb\"},\"inLanguage\":\"it-IT\",\"potentialAction\":[{\"@type\":\"ReadAction\",\"target\":[\"https:\\\/\\\/www.organisator.ch\\\/marketing\\\/2023-10-18\\\/weischer-cinema-schweiz-und-frame-schliessen-partnerschaftsvertrag\\\/\"]}]},{\"@type\":\"ImageObject\",\"inLanguage\":\"it-IT\",\"@id\":\"https:\\\/\\\/www.organisator.ch\\\/marketing\\\/2023-10-18\\\/weischer-cinema-schweiz-und-frame-schliessen-partnerschaftsvertrag\\\/#primaryimage\",\"url\":\"https:\\\/\\\/www.werbewoche.ch\\\/wp-content\\\/uploads\\\/2023\\\/10\\\/Pre-Opening-Frame_Diverse_Kino-Frame-Fru%E2%95%A0eher-Kosmos_%E2%94%AC%C2%AEEduard-Meltzer_for-ZFF_klein.jpg\",\"contentUrl\":\"https:\\\/\\\/www.werbewoche.ch\\\/wp-content\\\/uploads\\\/2023\\\/10\\\/Pre-Opening-Frame_Diverse_Kino-Frame-Fru%E2%95%A0eher-Kosmos_%E2%94%AC%C2%AEEduard-Meltzer_for-ZFF_klein.jpg\"},{\"@type\":\"BreadcrumbList\",\"@id\":\"https:\\\/\\\/www.organisator.ch\\\/marketing\\\/2023-10-18\\\/weischer-cinema-schweiz-und-frame-schliessen-partnerschaftsvertrag\\\/#breadcrumb\",\"itemListElement\":[{\"@type\":\"ListItem\",\"position\":1,\"name\":\"Home\",\"item\":\"https:\\\/\\\/www.organisator.ch\\\/\"},{\"@type\":\"ListItem\",\"position\":2,\"name\":\"Weischer.Cinema Schweiz und Frame schliessen Partnerschaftsvertrag\"}]},{\"@type\":\"WebSite\",\"@id\":\"https:\\\/\\\/www.organisator.ch\\\/#website\",\"url\":\"https:\\\/\\\/www.organisator.ch\\\/\",\"name\":\"Organisator\",\"description\":\"Kompetent. Praxisnah. Der ORGANISATOR bereitet in 10 Ausgaben pro Jahr die wesentlichen Themen f\u00fcr F\u00fchrungskr\u00e4fte von KMU auf.\",\"publisher\":{\"@id\":\"https:\\\/\\\/www.organisator.ch\\\/#organization\"},\"potentialAction\":[{\"@type\":\"SearchAction\",\"target\":{\"@type\":\"EntryPoint\",\"urlTemplate\":\"https:\\\/\\\/www.organisator.ch\\\/?s={search_term_string}\"},\"query-input\":{\"@type\":\"PropertyValueSpecification\",\"valueRequired\":true,\"valueName\":\"search_term_string\"}}],\"inLanguage\":\"it-IT\"},{\"@type\":\"Organization\",\"@id\":\"https:\\\/\\\/www.organisator.ch\\\/#organization\",\"name\":\"Organisator\",\"url\":\"https:\\\/\\\/www.organisator.ch\\\/\",\"logo\":{\"@type\":\"ImageObject\",\"inLanguage\":\"it-IT\",\"@id\":\"https:\\\/\\\/www.organisator.ch\\\/#\\\/schema\\\/logo\\\/image\\\/\",\"url\":\"https:\\\/\\\/www.organisator.ch\\\/wp-content\\\/uploads\\\/2022\\\/01\\\/Logo_Organisator_Website.png\",\"contentUrl\":\"https:\\\/\\\/www.organisator.ch\\\/wp-content\\\/uploads\\\/2022\\\/01\\\/Logo_Organisator_Website.png\",\"width\":800,\"height\":77,\"caption\":\"Organisator\"},\"image\":{\"@id\":\"https:\\\/\\\/www.organisator.ch\\\/#\\\/schema\\\/logo\\\/image\\\/\"},\"sameAs\":[\"https:\\\/\\\/www.facebook.com\\\/OrganisatorFachmagazin\",\"https:\\\/\\\/www.linkedin.com\\\/showcase\\\/organisator-das-magazin-fr-kmu\",\"https:\\\/\\\/www.xing.com\\\/news\\\/pages\\\/organisator-ch-695\",\"https:\\\/\\\/www.youtube.com\\\/channel\\\/UCGP2Sq0iWaZwT3BdIAQFYpw\"]},{\"@type\":\"Person\",\"@id\":\"https:\\\/\\\/www.organisator.ch\\\/#\\\/schema\\\/person\\\/4e51799071cd2dd1232ac003643ef5f0\",\"name\":\"galledia\",\"image\":{\"@type\":\"ImageObject\",\"inLanguage\":\"it-IT\",\"@id\":\"https:\\\/\\\/secure.gravatar.com\\\/avatar\\\/78a7f90c01fc2bfc875782a0d4922b37cde2cf184ce347b91316d23cd7f69a36?s=96&d=mm&r=g\",\"url\":\"https:\\\/\\\/secure.gravatar.com\\\/avatar\\\/78a7f90c01fc2bfc875782a0d4922b37cde2cf184ce347b91316d23cd7f69a36?s=96&d=mm&r=g\",\"contentUrl\":\"https:\\\/\\\/secure.gravatar.com\\\/avatar\\\/78a7f90c01fc2bfc875782a0d4922b37cde2cf184ce347b91316d23cd7f69a36?s=96&d=mm&r=g\",\"caption\":\"galledia\"},\"sameAs\":[\"https:\\\/\\\/x.com\\\/admin\"],\"url\":\"https:\\\/\\\/www.organisator.ch\\\/it\\\/author\\\/galledia\\\/\"}]}<\/script>\n<!-- \/ Yoast SEO plugin. -->","yoast_head_json":{"title":"Weischer.Cinema Svizzera e Frame firmano un accordo di partnership - Organizzatore","description":"Weischer.Cinema commercializzer\u00e0 il Kino Frame Z\u00fcrich in futuro: spazi pubblicitari attraenti e un programma cinematografico di prima classe.","robots":{"index":"index","follow":"follow","max-snippet":"max-snippet:-1","max-image-preview":"max-image-preview:large","max-video-preview":"max-video-preview:-1"},"canonical":"https:\/\/www.organisator.ch\/it\/marketing\/2023-10-18\/weischer-cinema-schweiz-und-frame-schliessen-partnerschaftsvertrag\/","og_locale":"it_IT","og_type":"article","og_title":"Weischer.Cinema Schweiz und Frame schliessen Partnerschaftsvertrag - Organisator","og_description":"Weischer.Cinema vermarktet k\u00fcnftig Kino Frame Z\u00fcrich: Attraktive Werbefl\u00e4chen und erstklassiges Filmprogramm.","og_url":"https:\/\/www.organisator.ch\/it\/marketing\/2023-10-18\/weischer-cinema-schweiz-und-frame-schliessen-partnerschaftsvertrag\/","og_site_name":"Organisator","article_publisher":"https:\/\/www.facebook.com\/OrganisatorFachmagazin","article_published_time":"2023-10-18T10:56:43+00:00","article_modified_time":"2024-11-13T12:44:18+00:00","og_image":[{"url":"https:\/\/www.werbewoche.ch\/wp-content\/uploads\/2023\/10\/Pre-Opening-Frame_Diverse_Kino-Frame-Fru%E2%95%A0eher-Kosmos_%E2%94%AC%C2%AEEduard-Meltzer_for-ZFF_klein.jpg","type":"","width":"","height":""}],"author":"galledia","twitter_card":"summary_large_image","twitter_creator":"@admin","schema":{"@context":"https:\/\/schema.org","@graph":[{"@type":"Article","@id":"https:\/\/www.organisator.ch\/marketing\/2023-10-18\/weischer-cinema-schweiz-und-frame-schliessen-partnerschaftsvertrag\/#article","isPartOf":{"@id":"https:\/\/www.organisator.ch\/marketing\/2023-10-18\/weischer-cinema-schweiz-und-frame-schliessen-partnerschaftsvertrag\/"},"author":{"name":"galledia","@id":"https:\/\/www.organisator.ch\/#\/schema\/person\/4e51799071cd2dd1232ac003643ef5f0"},"headline":"Weischer.Cinema Schweiz und Frame schliessen Partnerschaftsvertrag","datePublished":"2023-10-18T10:56:43+00:00","dateModified":"2024-11-13T12:44:18+00:00","mainEntityOfPage":{"@id":"https:\/\/www.organisator.ch\/marketing\/2023-10-18\/weischer-cinema-schweiz-und-frame-schliessen-partnerschaftsvertrag\/"},"wordCount":296,"publisher":{"@id":"https:\/\/www.organisator.ch\/#organization"},"image":{"@id":"https:\/\/www.organisator.ch\/marketing\/2023-10-18\/weischer-cinema-schweiz-und-frame-schliessen-partnerschaftsvertrag\/#primaryimage"},"thumbnailUrl":"https:\/\/www.werbewoche.ch\/wp-content\/uploads\/2023\/10\/Pre-Opening-Frame_Diverse_Kino-Frame-Fru%E2%95%A0eher-Kosmos_%E2%94%AC%C2%AEEduard-Meltzer_for-ZFF_klein.jpg","keywords":["Frame","Kinowerbung","Weischer.Cinema"],"articleSection":["MARKETING"],"inLanguage":"it-IT"},{"@type":"WebPage","@id":"https:\/\/www.organisator.ch\/marketing\/2023-10-18\/weischer-cinema-schweiz-und-frame-schliessen-partnerschaftsvertrag\/","url":"https:\/\/www.organisator.ch\/marketing\/2023-10-18\/weischer-cinema-schweiz-und-frame-schliessen-partnerschaftsvertrag\/","name":"Weischer.Cinema Svizzera e Frame firmano un accordo di partnership - Organizzatore","isPartOf":{"@id":"https:\/\/www.organisator.ch\/#website"},"primaryImageOfPage":{"@id":"https:\/\/www.organisator.ch\/marketing\/2023-10-18\/weischer-cinema-schweiz-und-frame-schliessen-partnerschaftsvertrag\/#primaryimage"},"image":{"@id":"https:\/\/www.organisator.ch\/marketing\/2023-10-18\/weischer-cinema-schweiz-und-frame-schliessen-partnerschaftsvertrag\/#primaryimage"},"thumbnailUrl":"https:\/\/www.werbewoche.ch\/wp-content\/uploads\/2023\/10\/Pre-Opening-Frame_Diverse_Kino-Frame-Fru%E2%95%A0eher-Kosmos_%E2%94%AC%C2%AEEduard-Meltzer_for-ZFF_klein.jpg","datePublished":"2023-10-18T10:56:43+00:00","dateModified":"2024-11-13T12:44:18+00:00","description":"Weischer.Cinema commercializzer\u00e0 il Kino Frame Z\u00fcrich in futuro: spazi pubblicitari attraenti e un programma cinematografico di prima classe.","breadcrumb":{"@id":"https:\/\/www.organisator.ch\/marketing\/2023-10-18\/weischer-cinema-schweiz-und-frame-schliessen-partnerschaftsvertrag\/#breadcrumb"},"inLanguage":"it-IT","potentialAction":[{"@type":"ReadAction","target":["https:\/\/www.organisator.ch\/marketing\/2023-10-18\/weischer-cinema-schweiz-und-frame-schliessen-partnerschaftsvertrag\/"]}]},{"@type":"ImageObject","inLanguage":"it-IT","@id":"https:\/\/www.organisator.ch\/marketing\/2023-10-18\/weischer-cinema-schweiz-und-frame-schliessen-partnerschaftsvertrag\/#primaryimage","url":"https:\/\/www.werbewoche.ch\/wp-content\/uploads\/2023\/10\/Pre-Opening-Frame_Diverse_Kino-Frame-Fru%E2%95%A0eher-Kosmos_%E2%94%AC%C2%AEEduard-Meltzer_for-ZFF_klein.jpg","contentUrl":"https:\/\/www.werbewoche.ch\/wp-content\/uploads\/2023\/10\/Pre-Opening-Frame_Diverse_Kino-Frame-Fru%E2%95%A0eher-Kosmos_%E2%94%AC%C2%AEEduard-Meltzer_for-ZFF_klein.jpg"},{"@type":"BreadcrumbList","@id":"https:\/\/www.organisator.ch\/marketing\/2023-10-18\/weischer-cinema-schweiz-und-frame-schliessen-partnerschaftsvertrag\/#breadcrumb","itemListElement":[{"@type":"ListItem","position":1,"name":"Home","item":"https:\/\/www.organisator.ch\/"},{"@type":"ListItem","position":2,"name":"Weischer.Cinema Schweiz und Frame schliessen Partnerschaftsvertrag"}]},{"@type":"WebSite","@id":"https:\/\/www.organisator.ch\/#website","url":"https:\/\/www.organisator.ch\/","name":"Organizzatore","description":"Competente. Pratico. In 10 numeri all'anno, ORGANISATOR presenta i temi essenziali per i manager delle PMI.","publisher":{"@id":"https:\/\/www.organisator.ch\/#organization"},"potentialAction":[{"@type":"SearchAction","target":{"@type":"EntryPoint","urlTemplate":"https:\/\/www.organisator.ch\/?s={search_term_string}"},"query-input":{"@type":"PropertyValueSpecification","valueRequired":true,"valueName":"search_term_string"}}],"inLanguage":"it-IT"},{"@type":"Organization","@id":"https:\/\/www.organisator.ch\/#organization","name":"Organizzatore","url":"https:\/\/www.organisator.ch\/","logo":{"@type":"ImageObject","inLanguage":"it-IT","@id":"https:\/\/www.organisator.ch\/#\/schema\/logo\/image\/","url":"https:\/\/www.organisator.ch\/wp-content\/uploads\/2022\/01\/Logo_Organisator_Website.png","contentUrl":"https:\/\/www.organisator.ch\/wp-content\/uploads\/2022\/01\/Logo_Organisator_Website.png","width":800,"height":77,"caption":"Organisator"},"image":{"@id":"https:\/\/www.organisator.ch\/#\/schema\/logo\/image\/"},"sameAs":["https:\/\/www.facebook.com\/OrganisatorFachmagazin","https:\/\/www.linkedin.com\/showcase\/organisator-das-magazin-fr-kmu","https:\/\/www.xing.com\/news\/pages\/organisator-ch-695","https:\/\/www.youtube.com\/channel\/UCGP2Sq0iWaZwT3BdIAQFYpw"]},{"@type":"Person","@id":"https:\/\/www.organisator.ch\/#\/schema\/person\/4e51799071cd2dd1232ac003643ef5f0","name":"galledia","image":{"@type":"ImageObject","inLanguage":"it-IT","@id":"https:\/\/secure.gravatar.com\/avatar\/78a7f90c01fc2bfc875782a0d4922b37cde2cf184ce347b91316d23cd7f69a36?s=96&d=mm&r=g","url":"https:\/\/secure.gravatar.com\/avatar\/78a7f90c01fc2bfc875782a0d4922b37cde2cf184ce347b91316d23cd7f69a36?s=96&d=mm&r=g","contentUrl":"https:\/\/secure.gravatar.com\/avatar\/78a7f90c01fc2bfc875782a0d4922b37cde2cf184ce347b91316d23cd7f69a36?s=96&d=mm&r=g","caption":"galledia"},"sameAs":["https:\/\/x.com\/admin"],"url":"https:\/\/www.organisator.ch\/it\/author\/galledia\/"}]}},"_links":{"self":[{"href":"https:\/\/www.organisator.ch\/it\/wp-json\/wp\/v2\/posts\/22407","targetHints":{"allow":["GET"]}}],"collection":[{"href":"https:\/\/www.organisator.ch\/it\/wp-json\/wp\/v2\/posts"}],"about":[{"href":"https:\/\/www.organisator.ch\/it\/wp-json\/wp\/v2\/types\/post"}],"author":[{"embeddable":true,"href":"https:\/\/www.organisator.ch\/it\/wp-json\/wp\/v2\/users\/8"}],"replies":[{"embeddable":true,"href":"https:\/\/www.organisator.ch\/it\/wp-json\/wp\/v2\/comments?post=22407"}],"version-history":[{"count":7,"href":"https:\/\/www.organisator.ch\/it\/wp-json\/wp\/v2\/posts\/22407\/revisions"}],"predecessor-version":[{"id":32782,"href":"https:\/\/www.organisator.ch\/it\/wp-json\/wp\/v2\/posts\/22407\/revisions\/32782"}],"wp:attachment":[{"href":"https:\/\/www.organisator.ch\/it\/wp-json\/wp\/v2\/media?parent=22407"}],"wp:term":[{"taxonomy":"category","embeddable":true,"href":"https:\/\/www.organisator.ch\/it\/wp-json\/wp\/v2\/categories?post=22407"},{"taxonomy":"post_tag","embeddable":true,"href":"https:\/\/www.organisator.ch\/it\/wp-json\/wp\/v2\/tags?post=22407"}],"curies":[{"name":"wp","href":"https:\/\/api.w.org\/{rel}","templated":true}]}}