{"id":22476,"date":"2023-10-24T07:15:53","date_gmt":"2023-10-24T05:15:53","guid":{"rendered":"https:\/\/www.organisator.ch\/de\/?p=22476"},"modified":"2023-10-23T16:23:39","modified_gmt":"2023-10-23T14:23:39","slug":"projektmanagement-es-geht-auch-kurz-und-buendig","status":"publish","type":"post","link":"https:\/\/www.organisator.ch\/it\/operational-excellence\/2023-10-24\/projektmanagement-es-geht-auch-kurz-und-buendig\/","title":{"rendered":"Gestione del progetto: pu\u00f2 anche essere breve e dolce"},"content":{"rendered":"<div class=\"swpm-post-not-logged-in-msg\">Devi eseguire l&#039;accesso per visualizzare questo contenuto. Avrete bisogno di <a class=\"swpm-login-link\" href=\"https:\/\/www.organisator.ch\/login\/\">Accedi<\/a>. Non sei un membro? <a href=\"https:\/\/www.organisator.ch\/shop\/\">Registrati<\/a><\/div>","protected":false},"excerpt":{"rendered":"<p>L'elaborazione di complesse istruzioni per la gestione dei progetti \u00e8 una delle discipline preferite da molti esperti. Tuttavia, uno sguardo alla pratica delle piccole imprese dimostra che la gestione dei progetti non deve essere una scienza. Con questi consigli e trucchi pratici, potrete portare a termine con successo anche il vostro piccolo progetto.<\/p>","protected":false},"author":1,"featured_media":22475,"comment_status":"closed","ping_status":"closed","sticky":false,"template":"","format":"standard","meta":{"_acf_changed":false,"_yoast_wpseo_focuskw":"Projektmanagement","_yoast_wpseo_metadesc":"Das Aushecken von komplexen Projektmanagementanleitungen geh\u00f6rt zu den Lieblingsdisziplinen so mancher Expertinnen und Experten.","articlekey":"67843","footnotes":""},"categories":[578,582],"tags":[335,397,533],"class_list":["post-22476","post","type-post","status-publish","format-standard","has-post-thumbnail","hentry","category-abo","category-operational-excellence","tag-management-und-unternehmensfuehrung","tag-projektmanagement","tag-wissenschaft"],"acf":[],"yoast_head":"<!-- This site is optimized with the Yoast SEO plugin v27.4 - https:\/\/yoast.com\/product\/yoast-seo-wordpress\/ -->\n<title>Projektmanagement: Es geht auch kurz und b\u00fcndig - Organisator<\/title>\n<meta name=\"description\" content=\"Das Aushecken von komplexen Projektmanagementanleitungen geh\u00f6rt zu den Lieblingsdisziplinen so mancher Expertinnen und Experten.\" \/>\n<meta name=\"robots\" content=\"index, follow, max-snippet:-1, max-image-preview:large, max-video-preview:-1\" \/>\n<link rel=\"canonical\" href=\"https:\/\/www.organisator.ch\/it\/abbonamento\/2023-10-24\/projektmanagement-es-geht-auch-kurz-und-buendig\/\" \/>\n<meta property=\"og:locale\" content=\"it_IT\" \/>\n<meta property=\"og:type\" content=\"article\" \/>\n<meta property=\"og:title\" content=\"Projektmanagement: Es geht auch kurz und b\u00fcndig - Organisator\" \/>\n<meta property=\"og:description\" content=\"Das Aushecken von komplexen Projektmanagementanleitungen geh\u00f6rt zu den Lieblingsdisziplinen so mancher Expertinnen und Experten.\" \/>\n<meta property=\"og:url\" content=\"https:\/\/www.organisator.ch\/it\/abbonamento\/2023-10-24\/projektmanagement-es-geht-auch-kurz-und-buendig\/\" \/>\n<meta property=\"og:site_name\" content=\"Organisator\" \/>\n<meta property=\"article:publisher\" content=\"https:\/\/www.facebook.com\/OrganisatorFachmagazin\" \/>\n<meta property=\"article:published_time\" content=\"2023-10-24T05:15:53+00:00\" \/>\n<meta property=\"og:image\" content=\"https:\/\/www.organisator.ch\/wp-content\/uploads\/2023\/10\/OpEx_Weingartner-Gmuer_Bild_organisator_67856-scaled.jpg\" \/>\n\t<meta property=\"og:image:width\" content=\"1400\" \/>\n\t<meta property=\"og:image:height\" content=\"860\" \/>\n\t<meta property=\"og:image:type\" content=\"image\/jpeg\" \/>\n<meta name=\"author\" content=\"admin\" \/>\n<meta name=\"twitter:card\" content=\"summary_large_image\" \/>\n<script type=\"application\/ld+json\" class=\"yoast-schema-graph\">{\"@context\":\"https:\\\/\\\/schema.org\",\"@graph\":[{\"@type\":\"Article\",\"@id\":\"https:\\\/\\\/www.organisator.ch\\\/abo\\\/2023-10-24\\\/projektmanagement-es-geht-auch-kurz-und-buendig\\\/#article\",\"isPartOf\":{\"@id\":\"https:\\\/\\\/www.organisator.ch\\\/abo\\\/2023-10-24\\\/projektmanagement-es-geht-auch-kurz-und-buendig\\\/\"},\"author\":{\"name\":\"admin\",\"@id\":\"https:\\\/\\\/www.organisator.ch\\\/#\\\/schema\\\/person\\\/aa2bace6c5c5aad60102004a50c4eb1c\"},\"headline\":\"Projektmanagement: Es geht auch kurz und b\u00fcndig\",\"datePublished\":\"2023-10-24T05:15:53+00:00\",\"mainEntityOfPage\":{\"@id\":\"https:\\\/\\\/www.organisator.ch\\\/abo\\\/2023-10-24\\\/projektmanagement-es-geht-auch-kurz-und-buendig\\\/\"},\"wordCount\":865,\"publisher\":{\"@id\":\"https:\\\/\\\/www.organisator.ch\\\/#organization\"},\"image\":{\"@id\":\"https:\\\/\\\/www.organisator.ch\\\/abo\\\/2023-10-24\\\/projektmanagement-es-geht-auch-kurz-und-buendig\\\/#primaryimage\"},\"thumbnailUrl\":\"https:\\\/\\\/www.organisator.ch\\\/wp-content\\\/uploads\\\/2023\\\/10\\\/OpEx_Weingartner-Gmuer_Bild_organisator_67856-scaled.jpg\",\"keywords\":[\"Management und Unternehmensf\u00fchrung\",\"Projektmanagement\",\"Wissenschaft\"],\"articleSection\":[\"ABO+\",\"OPERATIONAL EXCELLENCE\"],\"inLanguage\":\"it-IT\"},{\"@type\":\"WebPage\",\"@id\":\"https:\\\/\\\/www.organisator.ch\\\/abo\\\/2023-10-24\\\/projektmanagement-es-geht-auch-kurz-und-buendig\\\/\",\"url\":\"https:\\\/\\\/www.organisator.ch\\\/abo\\\/2023-10-24\\\/projektmanagement-es-geht-auch-kurz-und-buendig\\\/\",\"name\":\"Projektmanagement: Es geht auch kurz und b\u00fcndig - Organisator\",\"isPartOf\":{\"@id\":\"https:\\\/\\\/www.organisator.ch\\\/#website\"},\"primaryImageOfPage\":{\"@id\":\"https:\\\/\\\/www.organisator.ch\\\/abo\\\/2023-10-24\\\/projektmanagement-es-geht-auch-kurz-und-buendig\\\/#primaryimage\"},\"image\":{\"@id\":\"https:\\\/\\\/www.organisator.ch\\\/abo\\\/2023-10-24\\\/projektmanagement-es-geht-auch-kurz-und-buendig\\\/#primaryimage\"},\"thumbnailUrl\":\"https:\\\/\\\/www.organisator.ch\\\/wp-content\\\/uploads\\\/2023\\\/10\\\/OpEx_Weingartner-Gmuer_Bild_organisator_67856-scaled.jpg\",\"datePublished\":\"2023-10-24T05:15:53+00:00\",\"description\":\"Das Aushecken von komplexen Projektmanagementanleitungen geh\u00f6rt zu den Lieblingsdisziplinen so mancher Expertinnen und Experten.\",\"breadcrumb\":{\"@id\":\"https:\\\/\\\/www.organisator.ch\\\/abo\\\/2023-10-24\\\/projektmanagement-es-geht-auch-kurz-und-buendig\\\/#breadcrumb\"},\"inLanguage\":\"it-IT\",\"potentialAction\":[{\"@type\":\"ReadAction\",\"target\":[\"https:\\\/\\\/www.organisator.ch\\\/abo\\\/2023-10-24\\\/projektmanagement-es-geht-auch-kurz-und-buendig\\\/\"]}]},{\"@type\":\"ImageObject\",\"inLanguage\":\"it-IT\",\"@id\":\"https:\\\/\\\/www.organisator.ch\\\/abo\\\/2023-10-24\\\/projektmanagement-es-geht-auch-kurz-und-buendig\\\/#primaryimage\",\"url\":\"https:\\\/\\\/www.organisator.ch\\\/wp-content\\\/uploads\\\/2023\\\/10\\\/OpEx_Weingartner-Gmuer_Bild_organisator_67856-scaled.jpg\",\"contentUrl\":\"https:\\\/\\\/www.organisator.ch\\\/wp-content\\\/uploads\\\/2023\\\/10\\\/OpEx_Weingartner-Gmuer_Bild_organisator_67856-scaled.jpg\",\"width\":1400,\"height\":860,\"caption\":\"Das Einhalten bew\u00e4hrter Strategien und Praktiken kann auch KMU helfen, den Balanceakt zwischen Tages- und Projektgesch\u00e4ft erfolgreich zu meistern. \u00a9 Depositphotos.com\"},{\"@type\":\"BreadcrumbList\",\"@id\":\"https:\\\/\\\/www.organisator.ch\\\/abo\\\/2023-10-24\\\/projektmanagement-es-geht-auch-kurz-und-buendig\\\/#breadcrumb\",\"itemListElement\":[{\"@type\":\"ListItem\",\"position\":1,\"name\":\"Home\",\"item\":\"https:\\\/\\\/www.organisator.ch\\\/\"},{\"@type\":\"ListItem\",\"position\":2,\"name\":\"Projektmanagement: Es geht auch kurz und b\u00fcndig\"}]},{\"@type\":\"WebSite\",\"@id\":\"https:\\\/\\\/www.organisator.ch\\\/#website\",\"url\":\"https:\\\/\\\/www.organisator.ch\\\/\",\"name\":\"Organisator\",\"description\":\"Kompetent. Praxisnah. Der ORGANISATOR bereitet in 10 Ausgaben pro Jahr die wesentlichen Themen f\u00fcr F\u00fchrungskr\u00e4fte von KMU auf.\",\"publisher\":{\"@id\":\"https:\\\/\\\/www.organisator.ch\\\/#organization\"},\"potentialAction\":[{\"@type\":\"SearchAction\",\"target\":{\"@type\":\"EntryPoint\",\"urlTemplate\":\"https:\\\/\\\/www.organisator.ch\\\/?s={search_term_string}\"},\"query-input\":{\"@type\":\"PropertyValueSpecification\",\"valueRequired\":true,\"valueName\":\"search_term_string\"}}],\"inLanguage\":\"it-IT\"},{\"@type\":\"Organization\",\"@id\":\"https:\\\/\\\/www.organisator.ch\\\/#organization\",\"name\":\"Organisator\",\"url\":\"https:\\\/\\\/www.organisator.ch\\\/\",\"logo\":{\"@type\":\"ImageObject\",\"inLanguage\":\"it-IT\",\"@id\":\"https:\\\/\\\/www.organisator.ch\\\/#\\\/schema\\\/logo\\\/image\\\/\",\"url\":\"https:\\\/\\\/www.organisator.ch\\\/wp-content\\\/uploads\\\/2022\\\/01\\\/Logo_Organisator_Website.png\",\"contentUrl\":\"https:\\\/\\\/www.organisator.ch\\\/wp-content\\\/uploads\\\/2022\\\/01\\\/Logo_Organisator_Website.png\",\"width\":800,\"height\":77,\"caption\":\"Organisator\"},\"image\":{\"@id\":\"https:\\\/\\\/www.organisator.ch\\\/#\\\/schema\\\/logo\\\/image\\\/\"},\"sameAs\":[\"https:\\\/\\\/www.facebook.com\\\/OrganisatorFachmagazin\",\"https:\\\/\\\/www.linkedin.com\\\/showcase\\\/organisator-das-magazin-fr-kmu\",\"https:\\\/\\\/www.xing.com\\\/news\\\/pages\\\/organisator-ch-695\",\"https:\\\/\\\/www.youtube.com\\\/channel\\\/UCGP2Sq0iWaZwT3BdIAQFYpw\"]},{\"@type\":\"Person\",\"@id\":\"https:\\\/\\\/www.organisator.ch\\\/#\\\/schema\\\/person\\\/aa2bace6c5c5aad60102004a50c4eb1c\",\"name\":\"admin\",\"image\":{\"@type\":\"ImageObject\",\"inLanguage\":\"it-IT\",\"@id\":\"https:\\\/\\\/secure.gravatar.com\\\/avatar\\\/ae2f4d718e6c49043e314ce431e7e645d646302a24a5ef5a8bc8e3f5a032e319?s=96&d=mm&r=g\",\"url\":\"https:\\\/\\\/secure.gravatar.com\\\/avatar\\\/ae2f4d718e6c49043e314ce431e7e645d646302a24a5ef5a8bc8e3f5a032e319?s=96&d=mm&r=g\",\"contentUrl\":\"https:\\\/\\\/secure.gravatar.com\\\/avatar\\\/ae2f4d718e6c49043e314ce431e7e645d646302a24a5ef5a8bc8e3f5a032e319?s=96&d=mm&r=g\",\"caption\":\"admin\"},\"sameAs\":[\"https:\\\/\\\/www.organisator.ch\"],\"url\":\"https:\\\/\\\/www.organisator.ch\\\/it\\\/author\\\/admin\\\/\"}]}<\/script>\n<!-- \/ Yoast SEO plugin. -->","yoast_head_json":{"title":"Gestione dei progetti: pu\u00f2 essere anche breve e dolce - Organizzatore","description":"L'elaborazione di complesse istruzioni per la gestione dei progetti \u00e8 una delle discipline preferite da molti esperti.","robots":{"index":"index","follow":"follow","max-snippet":"max-snippet:-1","max-image-preview":"max-image-preview:large","max-video-preview":"max-video-preview:-1"},"canonical":"https:\/\/www.organisator.ch\/it\/abbonamento\/2023-10-24\/projektmanagement-es-geht-auch-kurz-und-buendig\/","og_locale":"it_IT","og_type":"article","og_title":"Projektmanagement: Es geht auch kurz und b\u00fcndig - Organisator","og_description":"Das Aushecken von komplexen Projektmanagementanleitungen geh\u00f6rt zu den Lieblingsdisziplinen so mancher Expertinnen und Experten.","og_url":"https:\/\/www.organisator.ch\/it\/abbonamento\/2023-10-24\/projektmanagement-es-geht-auch-kurz-und-buendig\/","og_site_name":"Organisator","article_publisher":"https:\/\/www.facebook.com\/OrganisatorFachmagazin","article_published_time":"2023-10-24T05:15:53+00:00","og_image":[{"width":1400,"height":860,"url":"https:\/\/www.organisator.ch\/wp-content\/uploads\/2023\/10\/OpEx_Weingartner-Gmuer_Bild_organisator_67856-scaled.jpg","type":"image\/jpeg"}],"author":"admin","twitter_card":"summary_large_image","schema":{"@context":"https:\/\/schema.org","@graph":[{"@type":"Article","@id":"https:\/\/www.organisator.ch\/abo\/2023-10-24\/projektmanagement-es-geht-auch-kurz-und-buendig\/#article","isPartOf":{"@id":"https:\/\/www.organisator.ch\/abo\/2023-10-24\/projektmanagement-es-geht-auch-kurz-und-buendig\/"},"author":{"name":"admin","@id":"https:\/\/www.organisator.ch\/#\/schema\/person\/aa2bace6c5c5aad60102004a50c4eb1c"},"headline":"Projektmanagement: Es geht auch kurz und b\u00fcndig","datePublished":"2023-10-24T05:15:53+00:00","mainEntityOfPage":{"@id":"https:\/\/www.organisator.ch\/abo\/2023-10-24\/projektmanagement-es-geht-auch-kurz-und-buendig\/"},"wordCount":865,"publisher":{"@id":"https:\/\/www.organisator.ch\/#organization"},"image":{"@id":"https:\/\/www.organisator.ch\/abo\/2023-10-24\/projektmanagement-es-geht-auch-kurz-und-buendig\/#primaryimage"},"thumbnailUrl":"https:\/\/www.organisator.ch\/wp-content\/uploads\/2023\/10\/OpEx_Weingartner-Gmuer_Bild_organisator_67856-scaled.jpg","keywords":["Management und Unternehmensf\u00fchrung","Projektmanagement","Wissenschaft"],"articleSection":["ABO+","OPERATIONAL EXCELLENCE"],"inLanguage":"it-IT"},{"@type":"WebPage","@id":"https:\/\/www.organisator.ch\/abo\/2023-10-24\/projektmanagement-es-geht-auch-kurz-und-buendig\/","url":"https:\/\/www.organisator.ch\/abo\/2023-10-24\/projektmanagement-es-geht-auch-kurz-und-buendig\/","name":"Gestione dei progetti: pu\u00f2 essere anche breve e dolce - Organizzatore","isPartOf":{"@id":"https:\/\/www.organisator.ch\/#website"},"primaryImageOfPage":{"@id":"https:\/\/www.organisator.ch\/abo\/2023-10-24\/projektmanagement-es-geht-auch-kurz-und-buendig\/#primaryimage"},"image":{"@id":"https:\/\/www.organisator.ch\/abo\/2023-10-24\/projektmanagement-es-geht-auch-kurz-und-buendig\/#primaryimage"},"thumbnailUrl":"https:\/\/www.organisator.ch\/wp-content\/uploads\/2023\/10\/OpEx_Weingartner-Gmuer_Bild_organisator_67856-scaled.jpg","datePublished":"2023-10-24T05:15:53+00:00","description":"L'elaborazione di complesse istruzioni per la gestione dei progetti \u00e8 una delle discipline preferite da molti esperti.","breadcrumb":{"@id":"https:\/\/www.organisator.ch\/abo\/2023-10-24\/projektmanagement-es-geht-auch-kurz-und-buendig\/#breadcrumb"},"inLanguage":"it-IT","potentialAction":[{"@type":"ReadAction","target":["https:\/\/www.organisator.ch\/abo\/2023-10-24\/projektmanagement-es-geht-auch-kurz-und-buendig\/"]}]},{"@type":"ImageObject","inLanguage":"it-IT","@id":"https:\/\/www.organisator.ch\/abo\/2023-10-24\/projektmanagement-es-geht-auch-kurz-und-buendig\/#primaryimage","url":"https:\/\/www.organisator.ch\/wp-content\/uploads\/2023\/10\/OpEx_Weingartner-Gmuer_Bild_organisator_67856-scaled.jpg","contentUrl":"https:\/\/www.organisator.ch\/wp-content\/uploads\/2023\/10\/OpEx_Weingartner-Gmuer_Bild_organisator_67856-scaled.jpg","width":1400,"height":860,"caption":"Das Einhalten bew\u00e4hrter Strategien und Praktiken kann auch KMU helfen, den Balanceakt zwischen Tages- und Projektgesch\u00e4ft erfolgreich zu meistern. \u00a9 Depositphotos.com"},{"@type":"BreadcrumbList","@id":"https:\/\/www.organisator.ch\/abo\/2023-10-24\/projektmanagement-es-geht-auch-kurz-und-buendig\/#breadcrumb","itemListElement":[{"@type":"ListItem","position":1,"name":"Home","item":"https:\/\/www.organisator.ch\/"},{"@type":"ListItem","position":2,"name":"Projektmanagement: Es geht auch kurz und b\u00fcndig"}]},{"@type":"WebSite","@id":"https:\/\/www.organisator.ch\/#website","url":"https:\/\/www.organisator.ch\/","name":"Organizzatore","description":"Competente. Pratico. In 10 numeri all'anno, ORGANISATOR presenta i temi essenziali per i manager delle PMI.","publisher":{"@id":"https:\/\/www.organisator.ch\/#organization"},"potentialAction":[{"@type":"SearchAction","target":{"@type":"EntryPoint","urlTemplate":"https:\/\/www.organisator.ch\/?s={search_term_string}"},"query-input":{"@type":"PropertyValueSpecification","valueRequired":true,"valueName":"search_term_string"}}],"inLanguage":"it-IT"},{"@type":"Organization","@id":"https:\/\/www.organisator.ch\/#organization","name":"Organizzatore","url":"https:\/\/www.organisator.ch\/","logo":{"@type":"ImageObject","inLanguage":"it-IT","@id":"https:\/\/www.organisator.ch\/#\/schema\/logo\/image\/","url":"https:\/\/www.organisator.ch\/wp-content\/uploads\/2022\/01\/Logo_Organisator_Website.png","contentUrl":"https:\/\/www.organisator.ch\/wp-content\/uploads\/2022\/01\/Logo_Organisator_Website.png","width":800,"height":77,"caption":"Organisator"},"image":{"@id":"https:\/\/www.organisator.ch\/#\/schema\/logo\/image\/"},"sameAs":["https:\/\/www.facebook.com\/OrganisatorFachmagazin","https:\/\/www.linkedin.com\/showcase\/organisator-das-magazin-fr-kmu","https:\/\/www.xing.com\/news\/pages\/organisator-ch-695","https:\/\/www.youtube.com\/channel\/UCGP2Sq0iWaZwT3BdIAQFYpw"]},{"@type":"Person","@id":"https:\/\/www.organisator.ch\/#\/schema\/person\/aa2bace6c5c5aad60102004a50c4eb1c","name":"amministratore","image":{"@type":"ImageObject","inLanguage":"it-IT","@id":"https:\/\/secure.gravatar.com\/avatar\/ae2f4d718e6c49043e314ce431e7e645d646302a24a5ef5a8bc8e3f5a032e319?s=96&d=mm&r=g","url":"https:\/\/secure.gravatar.com\/avatar\/ae2f4d718e6c49043e314ce431e7e645d646302a24a5ef5a8bc8e3f5a032e319?s=96&d=mm&r=g","contentUrl":"https:\/\/secure.gravatar.com\/avatar\/ae2f4d718e6c49043e314ce431e7e645d646302a24a5ef5a8bc8e3f5a032e319?s=96&d=mm&r=g","caption":"admin"},"sameAs":["https:\/\/www.organisator.ch"],"url":"https:\/\/www.organisator.ch\/it\/author\/admin\/"}]}},"_links":{"self":[{"href":"https:\/\/www.organisator.ch\/it\/wp-json\/wp\/v2\/posts\/22476","targetHints":{"allow":["GET"]}}],"collection":[{"href":"https:\/\/www.organisator.ch\/it\/wp-json\/wp\/v2\/posts"}],"about":[{"href":"https:\/\/www.organisator.ch\/it\/wp-json\/wp\/v2\/types\/post"}],"author":[{"embeddable":true,"href":"https:\/\/www.organisator.ch\/it\/wp-json\/wp\/v2\/users\/1"}],"replies":[{"embeddable":true,"href":"https:\/\/www.organisator.ch\/it\/wp-json\/wp\/v2\/comments?post=22476"}],"version-history":[{"count":2,"href":"https:\/\/www.organisator.ch\/it\/wp-json\/wp\/v2\/posts\/22476\/revisions"}],"predecessor-version":[{"id":22632,"href":"https:\/\/www.organisator.ch\/it\/wp-json\/wp\/v2\/posts\/22476\/revisions\/22632"}],"wp:featuredmedia":[{"embeddable":true,"href":"https:\/\/www.organisator.ch\/it\/wp-json\/wp\/v2\/media\/22475"}],"wp:attachment":[{"href":"https:\/\/www.organisator.ch\/it\/wp-json\/wp\/v2\/media?parent=22476"}],"wp:term":[{"taxonomy":"category","embeddable":true,"href":"https:\/\/www.organisator.ch\/it\/wp-json\/wp\/v2\/categories?post=22476"},{"taxonomy":"post_tag","embeddable":true,"href":"https:\/\/www.organisator.ch\/it\/wp-json\/wp\/v2\/tags?post=22476"}],"curies":[{"name":"wp","href":"https:\/\/api.w.org\/{rel}","templated":true}]}}