{"id":22505,"date":"2023-10-23T21:17:50","date_gmt":"2023-10-23T19:17:50","guid":{"rendered":"https:\/\/www.organisator.ch\/de\/?p=22505"},"modified":"2023-10-23T11:22:17","modified_gmt":"2023-10-23T09:22:17","slug":"heike-bruch-wir-muessen-arbeit-wieder-humanisieren","status":"publish","type":"post","link":"https:\/\/www.organisator.ch\/it\/human-resources\/2023-10-23\/heike-bruch-wir-muessen-arbeit-wieder-humanisieren\/","title":{"rendered":"Heike Bruch: \"Dobbiamo umanizzare di nuovo il lavoro\"."},"content":{"rendered":"<div class=\"swpm-post-not-logged-in-msg\">Devi eseguire l&#039;accesso per visualizzare questo contenuto. Avrete bisogno di <a class=\"swpm-login-link\" href=\"https:\/\/www.organisator.ch\/login\/\">Accedi<\/a>. Non sei un membro? <a href=\"https:\/\/www.organisator.ch\/shop\/\">Registrati<\/a><\/div>","protected":false},"excerpt":{"rendered":"<p>La Prof.ssa Heike Bruch dell'Universit\u00e0 di San Gallo \u00e8 una voce importante quando si parla del \"nuovo mondo del lavoro\". L'abbiamo incontrata in occasione della New Work Experience il 14 giugno 2023 ad Amburgo.<\/p>","protected":false},"author":1,"featured_media":22504,"comment_status":"closed","ping_status":"closed","sticky":false,"template":"","format":"standard","meta":{"_acf_changed":false,"_yoast_wpseo_focuskw":"Heike Bruch","_yoast_wpseo_metadesc":"Prof. Dr. Heike Bruch von der Universit\u00e4t St.Gallen ist eine wichtige Stimme, wenn es um das Thema \"Neue Arbeitswelt\" geht.","articlekey":"67250","footnotes":""},"categories":[578,579],"tags":[218,254,283,363],"class_list":["post-22505","post","type-post","status-publish","format-standard","has-post-thumbnail","hentry","category-abo","category-human-resources","tag-forschung","tag-hrm","tag-interview","tag-new-work"],"acf":[],"yoast_head":"<!-- This site is optimized with the Yoast SEO plugin v27.4 - https:\/\/yoast.com\/product\/yoast-seo-wordpress\/ -->\n<title>Heike Bruch: \u00abWir m\u00fcssen Arbeit wieder humanisieren\u00bb - Organisator<\/title>\n<meta name=\"description\" content=\"Prof. Dr. Heike Bruch von der Universit\u00e4t St.Gallen ist eine wichtige Stimme, wenn es um das Thema &quot;Neue Arbeitswelt&quot; geht.\" \/>\n<meta name=\"robots\" content=\"index, follow, max-snippet:-1, max-image-preview:large, max-video-preview:-1\" \/>\n<link rel=\"canonical\" href=\"https:\/\/www.organisator.ch\/it\/abbonamento\/2023-10-23\/heike-bruch-wir-muessen-arbeit-wieder-humanisieren\/\" \/>\n<meta property=\"og:locale\" content=\"it_IT\" \/>\n<meta property=\"og:type\" content=\"article\" \/>\n<meta property=\"og:title\" content=\"Heike Bruch: \u00abWir m\u00fcssen Arbeit wieder humanisieren\u00bb - Organisator\" \/>\n<meta property=\"og:description\" content=\"Prof. Dr. Heike Bruch von der Universit\u00e4t St.Gallen ist eine wichtige Stimme, wenn es um das Thema &quot;Neue Arbeitswelt&quot; geht.\" \/>\n<meta property=\"og:url\" content=\"https:\/\/www.organisator.ch\/it\/abbonamento\/2023-10-23\/heike-bruch-wir-muessen-arbeit-wieder-humanisieren\/\" \/>\n<meta property=\"og:site_name\" content=\"Organisator\" \/>\n<meta property=\"article:publisher\" content=\"https:\/\/www.facebook.com\/OrganisatorFachmagazin\" \/>\n<meta property=\"article:published_time\" content=\"2023-10-23T19:17:50+00:00\" \/>\n<meta property=\"og:image\" content=\"https:\/\/www.organisator.ch\/wp-content\/uploads\/2023\/10\/HRM_Heike-Bruch_Bild_organisator_67257.jpg\" \/>\n\t<meta property=\"og:image:width\" content=\"854\" \/>\n\t<meta property=\"og:image:height\" content=\"881\" \/>\n\t<meta property=\"og:image:type\" content=\"image\/jpeg\" \/>\n<meta name=\"author\" content=\"admin\" \/>\n<meta name=\"twitter:card\" content=\"summary_large_image\" \/>\n<script type=\"application\/ld+json\" class=\"yoast-schema-graph\">{\"@context\":\"https:\\\/\\\/schema.org\",\"@graph\":[{\"@type\":\"Article\",\"@id\":\"https:\\\/\\\/www.organisator.ch\\\/abo\\\/2023-10-23\\\/heike-bruch-wir-muessen-arbeit-wieder-humanisieren\\\/#article\",\"isPartOf\":{\"@id\":\"https:\\\/\\\/www.organisator.ch\\\/abo\\\/2023-10-23\\\/heike-bruch-wir-muessen-arbeit-wieder-humanisieren\\\/\"},\"author\":{\"name\":\"admin\",\"@id\":\"https:\\\/\\\/www.organisator.ch\\\/#\\\/schema\\\/person\\\/aa2bace6c5c5aad60102004a50c4eb1c\"},\"headline\":\"Heike Bruch: \u00abWir m\u00fcssen Arbeit wieder humanisieren\u00bb\",\"datePublished\":\"2023-10-23T19:17:50+00:00\",\"mainEntityOfPage\":{\"@id\":\"https:\\\/\\\/www.organisator.ch\\\/abo\\\/2023-10-23\\\/heike-bruch-wir-muessen-arbeit-wieder-humanisieren\\\/\"},\"wordCount\":2273,\"publisher\":{\"@id\":\"https:\\\/\\\/www.organisator.ch\\\/#organization\"},\"image\":{\"@id\":\"https:\\\/\\\/www.organisator.ch\\\/abo\\\/2023-10-23\\\/heike-bruch-wir-muessen-arbeit-wieder-humanisieren\\\/#primaryimage\"},\"thumbnailUrl\":\"https:\\\/\\\/www.organisator.ch\\\/wp-content\\\/uploads\\\/2023\\\/10\\\/HRM_Heike-Bruch_Bild_organisator_67257.jpg\",\"keywords\":[\"Forschung\",\"HRM\",\"Interview\",\"New Work\"],\"articleSection\":[\"ABO+\",\"HUMAN RESOURCES\"],\"inLanguage\":\"it-IT\"},{\"@type\":\"WebPage\",\"@id\":\"https:\\\/\\\/www.organisator.ch\\\/abo\\\/2023-10-23\\\/heike-bruch-wir-muessen-arbeit-wieder-humanisieren\\\/\",\"url\":\"https:\\\/\\\/www.organisator.ch\\\/abo\\\/2023-10-23\\\/heike-bruch-wir-muessen-arbeit-wieder-humanisieren\\\/\",\"name\":\"Heike Bruch: \u00abWir m\u00fcssen Arbeit wieder humanisieren\u00bb - Organisator\",\"isPartOf\":{\"@id\":\"https:\\\/\\\/www.organisator.ch\\\/#website\"},\"primaryImageOfPage\":{\"@id\":\"https:\\\/\\\/www.organisator.ch\\\/abo\\\/2023-10-23\\\/heike-bruch-wir-muessen-arbeit-wieder-humanisieren\\\/#primaryimage\"},\"image\":{\"@id\":\"https:\\\/\\\/www.organisator.ch\\\/abo\\\/2023-10-23\\\/heike-bruch-wir-muessen-arbeit-wieder-humanisieren\\\/#primaryimage\"},\"thumbnailUrl\":\"https:\\\/\\\/www.organisator.ch\\\/wp-content\\\/uploads\\\/2023\\\/10\\\/HRM_Heike-Bruch_Bild_organisator_67257.jpg\",\"datePublished\":\"2023-10-23T19:17:50+00:00\",\"description\":\"Prof. Dr. Heike Bruch von der Universit\u00e4t St.Gallen ist eine wichtige Stimme, wenn es um das Thema \\\"Neue Arbeitswelt\\\" geht.\",\"breadcrumb\":{\"@id\":\"https:\\\/\\\/www.organisator.ch\\\/abo\\\/2023-10-23\\\/heike-bruch-wir-muessen-arbeit-wieder-humanisieren\\\/#breadcrumb\"},\"inLanguage\":\"it-IT\",\"potentialAction\":[{\"@type\":\"ReadAction\",\"target\":[\"https:\\\/\\\/www.organisator.ch\\\/abo\\\/2023-10-23\\\/heike-bruch-wir-muessen-arbeit-wieder-humanisieren\\\/\"]}]},{\"@type\":\"ImageObject\",\"inLanguage\":\"it-IT\",\"@id\":\"https:\\\/\\\/www.organisator.ch\\\/abo\\\/2023-10-23\\\/heike-bruch-wir-muessen-arbeit-wieder-humanisieren\\\/#primaryimage\",\"url\":\"https:\\\/\\\/www.organisator.ch\\\/wp-content\\\/uploads\\\/2023\\\/10\\\/HRM_Heike-Bruch_Bild_organisator_67257.jpg\",\"contentUrl\":\"https:\\\/\\\/www.organisator.ch\\\/wp-content\\\/uploads\\\/2023\\\/10\\\/HRM_Heike-Bruch_Bild_organisator_67257.jpg\",\"width\":854,\"height\":881,\"caption\":\"\u00a9 zVg\"},{\"@type\":\"BreadcrumbList\",\"@id\":\"https:\\\/\\\/www.organisator.ch\\\/abo\\\/2023-10-23\\\/heike-bruch-wir-muessen-arbeit-wieder-humanisieren\\\/#breadcrumb\",\"itemListElement\":[{\"@type\":\"ListItem\",\"position\":1,\"name\":\"Home\",\"item\":\"https:\\\/\\\/www.organisator.ch\\\/\"},{\"@type\":\"ListItem\",\"position\":2,\"name\":\"Heike Bruch: \u00abWir m\u00fcssen Arbeit wieder humanisieren\u00bb\"}]},{\"@type\":\"WebSite\",\"@id\":\"https:\\\/\\\/www.organisator.ch\\\/#website\",\"url\":\"https:\\\/\\\/www.organisator.ch\\\/\",\"name\":\"Organisator\",\"description\":\"Kompetent. Praxisnah. Der ORGANISATOR bereitet in 10 Ausgaben pro Jahr die wesentlichen Themen f\u00fcr F\u00fchrungskr\u00e4fte von KMU auf.\",\"publisher\":{\"@id\":\"https:\\\/\\\/www.organisator.ch\\\/#organization\"},\"potentialAction\":[{\"@type\":\"SearchAction\",\"target\":{\"@type\":\"EntryPoint\",\"urlTemplate\":\"https:\\\/\\\/www.organisator.ch\\\/?s={search_term_string}\"},\"query-input\":{\"@type\":\"PropertyValueSpecification\",\"valueRequired\":true,\"valueName\":\"search_term_string\"}}],\"inLanguage\":\"it-IT\"},{\"@type\":\"Organization\",\"@id\":\"https:\\\/\\\/www.organisator.ch\\\/#organization\",\"name\":\"Organisator\",\"url\":\"https:\\\/\\\/www.organisator.ch\\\/\",\"logo\":{\"@type\":\"ImageObject\",\"inLanguage\":\"it-IT\",\"@id\":\"https:\\\/\\\/www.organisator.ch\\\/#\\\/schema\\\/logo\\\/image\\\/\",\"url\":\"https:\\\/\\\/www.organisator.ch\\\/wp-content\\\/uploads\\\/2022\\\/01\\\/Logo_Organisator_Website.png\",\"contentUrl\":\"https:\\\/\\\/www.organisator.ch\\\/wp-content\\\/uploads\\\/2022\\\/01\\\/Logo_Organisator_Website.png\",\"width\":800,\"height\":77,\"caption\":\"Organisator\"},\"image\":{\"@id\":\"https:\\\/\\\/www.organisator.ch\\\/#\\\/schema\\\/logo\\\/image\\\/\"},\"sameAs\":[\"https:\\\/\\\/www.facebook.com\\\/OrganisatorFachmagazin\",\"https:\\\/\\\/www.linkedin.com\\\/showcase\\\/organisator-das-magazin-fr-kmu\",\"https:\\\/\\\/www.xing.com\\\/news\\\/pages\\\/organisator-ch-695\",\"https:\\\/\\\/www.youtube.com\\\/channel\\\/UCGP2Sq0iWaZwT3BdIAQFYpw\"]},{\"@type\":\"Person\",\"@id\":\"https:\\\/\\\/www.organisator.ch\\\/#\\\/schema\\\/person\\\/aa2bace6c5c5aad60102004a50c4eb1c\",\"name\":\"admin\",\"image\":{\"@type\":\"ImageObject\",\"inLanguage\":\"it-IT\",\"@id\":\"https:\\\/\\\/secure.gravatar.com\\\/avatar\\\/ae2f4d718e6c49043e314ce431e7e645d646302a24a5ef5a8bc8e3f5a032e319?s=96&d=mm&r=g\",\"url\":\"https:\\\/\\\/secure.gravatar.com\\\/avatar\\\/ae2f4d718e6c49043e314ce431e7e645d646302a24a5ef5a8bc8e3f5a032e319?s=96&d=mm&r=g\",\"contentUrl\":\"https:\\\/\\\/secure.gravatar.com\\\/avatar\\\/ae2f4d718e6c49043e314ce431e7e645d646302a24a5ef5a8bc8e3f5a032e319?s=96&d=mm&r=g\",\"caption\":\"admin\"},\"sameAs\":[\"https:\\\/\\\/www.organisator.ch\"],\"url\":\"https:\\\/\\\/www.organisator.ch\\\/it\\\/author\\\/admin\\\/\"}]}<\/script>\n<!-- \/ Yoast SEO plugin. -->","yoast_head_json":{"title":"Heike Bruch: \"Dobbiamo tornare a umanizzare il lavoro\" - Organizzatore","description":"La Prof.ssa Heike Bruch dell'Universit\u00e0 di San Gallo \u00e8 una voce importante quando si parla del \"nuovo mondo del lavoro\".","robots":{"index":"index","follow":"follow","max-snippet":"max-snippet:-1","max-image-preview":"max-image-preview:large","max-video-preview":"max-video-preview:-1"},"canonical":"https:\/\/www.organisator.ch\/it\/abbonamento\/2023-10-23\/heike-bruch-wir-muessen-arbeit-wieder-humanisieren\/","og_locale":"it_IT","og_type":"article","og_title":"Heike Bruch: \u00abWir m\u00fcssen Arbeit wieder humanisieren\u00bb - Organisator","og_description":"Prof. Dr. Heike Bruch von der Universit\u00e4t St.Gallen ist eine wichtige Stimme, wenn es um das Thema \"Neue Arbeitswelt\" geht.","og_url":"https:\/\/www.organisator.ch\/it\/abbonamento\/2023-10-23\/heike-bruch-wir-muessen-arbeit-wieder-humanisieren\/","og_site_name":"Organisator","article_publisher":"https:\/\/www.facebook.com\/OrganisatorFachmagazin","article_published_time":"2023-10-23T19:17:50+00:00","og_image":[{"width":854,"height":881,"url":"https:\/\/www.organisator.ch\/wp-content\/uploads\/2023\/10\/HRM_Heike-Bruch_Bild_organisator_67257.jpg","type":"image\/jpeg"}],"author":"admin","twitter_card":"summary_large_image","schema":{"@context":"https:\/\/schema.org","@graph":[{"@type":"Article","@id":"https:\/\/www.organisator.ch\/abo\/2023-10-23\/heike-bruch-wir-muessen-arbeit-wieder-humanisieren\/#article","isPartOf":{"@id":"https:\/\/www.organisator.ch\/abo\/2023-10-23\/heike-bruch-wir-muessen-arbeit-wieder-humanisieren\/"},"author":{"name":"admin","@id":"https:\/\/www.organisator.ch\/#\/schema\/person\/aa2bace6c5c5aad60102004a50c4eb1c"},"headline":"Heike Bruch: \u00abWir m\u00fcssen Arbeit wieder humanisieren\u00bb","datePublished":"2023-10-23T19:17:50+00:00","mainEntityOfPage":{"@id":"https:\/\/www.organisator.ch\/abo\/2023-10-23\/heike-bruch-wir-muessen-arbeit-wieder-humanisieren\/"},"wordCount":2273,"publisher":{"@id":"https:\/\/www.organisator.ch\/#organization"},"image":{"@id":"https:\/\/www.organisator.ch\/abo\/2023-10-23\/heike-bruch-wir-muessen-arbeit-wieder-humanisieren\/#primaryimage"},"thumbnailUrl":"https:\/\/www.organisator.ch\/wp-content\/uploads\/2023\/10\/HRM_Heike-Bruch_Bild_organisator_67257.jpg","keywords":["Forschung","HRM","Interview","New Work"],"articleSection":["ABO+","HUMAN RESOURCES"],"inLanguage":"it-IT"},{"@type":"WebPage","@id":"https:\/\/www.organisator.ch\/abo\/2023-10-23\/heike-bruch-wir-muessen-arbeit-wieder-humanisieren\/","url":"https:\/\/www.organisator.ch\/abo\/2023-10-23\/heike-bruch-wir-muessen-arbeit-wieder-humanisieren\/","name":"Heike Bruch: \"Dobbiamo tornare a umanizzare il lavoro\" - Organizzatore","isPartOf":{"@id":"https:\/\/www.organisator.ch\/#website"},"primaryImageOfPage":{"@id":"https:\/\/www.organisator.ch\/abo\/2023-10-23\/heike-bruch-wir-muessen-arbeit-wieder-humanisieren\/#primaryimage"},"image":{"@id":"https:\/\/www.organisator.ch\/abo\/2023-10-23\/heike-bruch-wir-muessen-arbeit-wieder-humanisieren\/#primaryimage"},"thumbnailUrl":"https:\/\/www.organisator.ch\/wp-content\/uploads\/2023\/10\/HRM_Heike-Bruch_Bild_organisator_67257.jpg","datePublished":"2023-10-23T19:17:50+00:00","description":"La Prof.ssa Heike Bruch dell'Universit\u00e0 di San Gallo \u00e8 una voce importante quando si parla del \"nuovo mondo del lavoro\".","breadcrumb":{"@id":"https:\/\/www.organisator.ch\/abo\/2023-10-23\/heike-bruch-wir-muessen-arbeit-wieder-humanisieren\/#breadcrumb"},"inLanguage":"it-IT","potentialAction":[{"@type":"ReadAction","target":["https:\/\/www.organisator.ch\/abo\/2023-10-23\/heike-bruch-wir-muessen-arbeit-wieder-humanisieren\/"]}]},{"@type":"ImageObject","inLanguage":"it-IT","@id":"https:\/\/www.organisator.ch\/abo\/2023-10-23\/heike-bruch-wir-muessen-arbeit-wieder-humanisieren\/#primaryimage","url":"https:\/\/www.organisator.ch\/wp-content\/uploads\/2023\/10\/HRM_Heike-Bruch_Bild_organisator_67257.jpg","contentUrl":"https:\/\/www.organisator.ch\/wp-content\/uploads\/2023\/10\/HRM_Heike-Bruch_Bild_organisator_67257.jpg","width":854,"height":881,"caption":"\u00a9 zVg"},{"@type":"BreadcrumbList","@id":"https:\/\/www.organisator.ch\/abo\/2023-10-23\/heike-bruch-wir-muessen-arbeit-wieder-humanisieren\/#breadcrumb","itemListElement":[{"@type":"ListItem","position":1,"name":"Home","item":"https:\/\/www.organisator.ch\/"},{"@type":"ListItem","position":2,"name":"Heike Bruch: \u00abWir m\u00fcssen Arbeit wieder humanisieren\u00bb"}]},{"@type":"WebSite","@id":"https:\/\/www.organisator.ch\/#website","url":"https:\/\/www.organisator.ch\/","name":"Organizzatore","description":"Competente. Pratico. In 10 numeri all'anno, ORGANISATOR presenta i temi essenziali per i manager delle PMI.","publisher":{"@id":"https:\/\/www.organisator.ch\/#organization"},"potentialAction":[{"@type":"SearchAction","target":{"@type":"EntryPoint","urlTemplate":"https:\/\/www.organisator.ch\/?s={search_term_string}"},"query-input":{"@type":"PropertyValueSpecification","valueRequired":true,"valueName":"search_term_string"}}],"inLanguage":"it-IT"},{"@type":"Organization","@id":"https:\/\/www.organisator.ch\/#organization","name":"Organizzatore","url":"https:\/\/www.organisator.ch\/","logo":{"@type":"ImageObject","inLanguage":"it-IT","@id":"https:\/\/www.organisator.ch\/#\/schema\/logo\/image\/","url":"https:\/\/www.organisator.ch\/wp-content\/uploads\/2022\/01\/Logo_Organisator_Website.png","contentUrl":"https:\/\/www.organisator.ch\/wp-content\/uploads\/2022\/01\/Logo_Organisator_Website.png","width":800,"height":77,"caption":"Organisator"},"image":{"@id":"https:\/\/www.organisator.ch\/#\/schema\/logo\/image\/"},"sameAs":["https:\/\/www.facebook.com\/OrganisatorFachmagazin","https:\/\/www.linkedin.com\/showcase\/organisator-das-magazin-fr-kmu","https:\/\/www.xing.com\/news\/pages\/organisator-ch-695","https:\/\/www.youtube.com\/channel\/UCGP2Sq0iWaZwT3BdIAQFYpw"]},{"@type":"Person","@id":"https:\/\/www.organisator.ch\/#\/schema\/person\/aa2bace6c5c5aad60102004a50c4eb1c","name":"amministratore","image":{"@type":"ImageObject","inLanguage":"it-IT","@id":"https:\/\/secure.gravatar.com\/avatar\/ae2f4d718e6c49043e314ce431e7e645d646302a24a5ef5a8bc8e3f5a032e319?s=96&d=mm&r=g","url":"https:\/\/secure.gravatar.com\/avatar\/ae2f4d718e6c49043e314ce431e7e645d646302a24a5ef5a8bc8e3f5a032e319?s=96&d=mm&r=g","contentUrl":"https:\/\/secure.gravatar.com\/avatar\/ae2f4d718e6c49043e314ce431e7e645d646302a24a5ef5a8bc8e3f5a032e319?s=96&d=mm&r=g","caption":"admin"},"sameAs":["https:\/\/www.organisator.ch"],"url":"https:\/\/www.organisator.ch\/it\/author\/admin\/"}]}},"_links":{"self":[{"href":"https:\/\/www.organisator.ch\/it\/wp-json\/wp\/v2\/posts\/22505","targetHints":{"allow":["GET"]}}],"collection":[{"href":"https:\/\/www.organisator.ch\/it\/wp-json\/wp\/v2\/posts"}],"about":[{"href":"https:\/\/www.organisator.ch\/it\/wp-json\/wp\/v2\/types\/post"}],"author":[{"embeddable":true,"href":"https:\/\/www.organisator.ch\/it\/wp-json\/wp\/v2\/users\/1"}],"replies":[{"embeddable":true,"href":"https:\/\/www.organisator.ch\/it\/wp-json\/wp\/v2\/comments?post=22505"}],"version-history":[{"count":2,"href":"https:\/\/www.organisator.ch\/it\/wp-json\/wp\/v2\/posts\/22505\/revisions"}],"predecessor-version":[{"id":22537,"href":"https:\/\/www.organisator.ch\/it\/wp-json\/wp\/v2\/posts\/22505\/revisions\/22537"}],"wp:featuredmedia":[{"embeddable":true,"href":"https:\/\/www.organisator.ch\/it\/wp-json\/wp\/v2\/media\/22504"}],"wp:attachment":[{"href":"https:\/\/www.organisator.ch\/it\/wp-json\/wp\/v2\/media?parent=22505"}],"wp:term":[{"taxonomy":"category","embeddable":true,"href":"https:\/\/www.organisator.ch\/it\/wp-json\/wp\/v2\/categories?post=22505"},{"taxonomy":"post_tag","embeddable":true,"href":"https:\/\/www.organisator.ch\/it\/wp-json\/wp\/v2\/tags?post=22505"}],"curies":[{"name":"wp","href":"https:\/\/api.w.org\/{rel}","templated":true}]}}