{"id":22547,"date":"2023-10-23T15:50:50","date_gmt":"2023-10-23T13:50:50","guid":{"rendered":"https:\/\/www.organisator.ch\/?p=22547"},"modified":"2023-10-23T15:50:50","modified_gmt":"2023-10-23T13:50:50","slug":"mit-online-ticketing-an-den-digitaltag-zentralschweiz","status":"publish","type":"post","link":"https:\/\/www.organisator.ch\/it\/marketing\/2023-10-23\/mit-online-ticketing-an-den-digitaltag-zentralschweiz\/","title":{"rendered":"Con la biglietteria online per il Digitaltag Zentralschweiz"},"content":{"rendered":"<figure id=\"attachment_22548\" aria-describedby=\"caption-attachment-22548\" style=\"width: 680px\" class=\"wp-caption alignnone\"><img loading=\"lazy\" decoding=\"async\" class=\"wp-image-22548 size-full\" src=\"https:\/\/www.organisator.ch\/wp-content\/uploads\/2023\/10\/NextEvent_Bild1_ps.jpg\" alt=\"\" width=\"680\" height=\"453\" srcset=\"https:\/\/www.organisator.ch\/wp-content\/uploads\/2023\/10\/NextEvent_Bild1_ps.jpg 680w, https:\/\/www.organisator.ch\/wp-content\/uploads\/2023\/10\/NextEvent_Bild1_ps-18x12.jpg 18w, https:\/\/www.organisator.ch\/wp-content\/uploads\/2023\/10\/NextEvent_Bild1_ps-375x250.jpg 375w, https:\/\/www.organisator.ch\/wp-content\/uploads\/2023\/10\/NextEvent_Bild1_ps-525x350.jpg 525w\" sizes=\"auto, (max-width: 680px) 100vw, 680px\" \/><figcaption id=\"caption-attachment-22548\" class=\"wp-caption-text\">Soluzione di biglietteria online per Digitaltag Zentralschweiz. (Immagine: www.unsplash.com)<\/figcaption><\/figure>\n<p>I visitatori del Digitaltag possono acquistare in modo indipendente e sicuro il proprio biglietto in formato digitale. Il widget NextEvent integrato nel sito web di digitalswitzerland Central Switzerland consente la registrazione e l'acquisto di uno o pi\u00f9 biglietti. Inoltre, \u00e8 possibile inserire e attivare un codice sconto o una tessera associativa, che naturalmente \u00e8 molto importante anche per i partner e gli sponsor del Digitaltag. I visitatori pagano i biglietti selezionati con carta di credito, Postcard o Twint e ricevono il loro biglietto via e-mail o salvato direttamente nel portafoglio mobile. In questo modo, i partecipanti sono guidati in modo rapido ed efficiente attraverso il processo di prenotazione fino al pagamento, arrivando cos\u00ec in modo sicuro al biglietto desiderato.<\/p>\n<p>Bruno Affentranger, presidente di digitalswitzerland Central Switzerland, sottolinea: \"Con l'efficiente e sicuro sistema di gestione dei biglietti di NextEvent, offriamo ai nostri visitatori Digitaltag una comoda vendita di biglietti online con una tecnologia web all'avanguardia. Per la nostra collaborazione \u00e8 importante potersi fidare di NextEvent e offrire cos\u00ec ai visitatori un'esperienza digitale accattivante e un servizio clienti di altissimo livello fin dalla fase di prenotazione dei biglietti.\"<\/p>\n<h3><strong>La protezione dei dati \u00e8 fondamentale ed \u00e8 una questione di fiducia<\/strong><\/h3>\n<p>Ogni organizzatore dispone di un proprio sistema e pu\u00f2 quindi garantire che i suoi dati gli appartengano e che le risorse non siano condivise con altri organizzatori. La protezione dei dati di NextEvent \u00e8 molto importante per gli organizzatori e per gli utenti dei servizi di NextEvent.<\/p>\n<p>Il 3\u00b0 Digitaltag, incentrato sul tema \"Fiducia\", si svolger\u00e0 presso il Museo Svizzero dei Trasporti di Lucerna in collaborazione con rinomati partner e sostenitori, organizzato da digitagswitzerland Central Switzerland. Il programma sar\u00e0 vario, gli input entusiasmanti e sorprendenti e l'opportunit\u00e0 di scambiare idee e fare rete con appassionati di digitale e decisori della Svizzera centrale sugli ultimi sviluppi nel campo della digitalizzazione. Domande come: Come affrontare la (in)sicurezza dei dati e cosa significa il termine \"ecosistema della fiducia\".<\/p>\n<p>Roger Kobel, CMO di NextEvent, afferma: \"Siamo molto orgogliosi e soddisfatti di aver conquistato la fiducia di digitalswitzerland Zentralschweiz con il nostro sistema di gestione dei biglietti tecnologicamente maturo e di poter fornire questa soluzione attraente, digitale e facile da usare ai visitatori del 3\u00b0 Digitaltag Zentralschweiz.\"<\/p>\n<p><em>Fonte: <a href=\"https:\/\/www.nextevent.com\/de\/\">www.nextevent.com\u00a0<\/a><\/em><\/p>","protected":false},"excerpt":{"rendered":"<p>La prenotazione interattiva dei biglietti online per il 3\u00b0 Digitaltag Zentralschweiz 2023 con NextEvent, fornitore svizzero di un comprovato software per la gestione di biglietti, eventi e congressi, \u00e8 un'ulteriore prova della loro soluzione digitale e pratica. Tutte le vendite di biglietti saranno gestite tramite NextEvent.com con la loro attraente soluzione di biglietteria online per il Digitaltag Zentralschweiz con il focus sulla \"Fiducia\" il 7 novembre 2023 a Lucerna.<\/p>","protected":false},"author":58,"featured_media":22548,"comment_status":"closed","ping_status":"closed","sticky":false,"template":"","format":"standard","meta":{"_acf_changed":false,"_yoast_wpseo_focuskw":"Digitaltag","_yoast_wpseo_metadesc":"Die Online-Ticketreservation f\u00fcr den Digitaltag Zentralschweiz mit NextEvent, der Ticketing-, Event- und Kongress-Management Software.","articlekey":"","footnotes":""},"categories":[29],"tags":[156,339,492,502],"class_list":["post-22547","post","type-post","status-publish","format-standard","has-post-thumbnail","hentry","category-marketing","tag-digitalisierung","tag-marketing","tag-unternehmen","tag-veranstaltungen"],"acf":[],"yoast_head":"<!-- This site is optimized with the Yoast SEO plugin v27.4 - https:\/\/yoast.com\/product\/yoast-seo-wordpress\/ -->\n<title>Mit Online-Ticketing an den Digitaltag Zentralschweiz - Organisator<\/title>\n<meta name=\"description\" content=\"Die Online-Ticketreservation f\u00fcr den Digitaltag Zentralschweiz mit NextEvent, der Ticketing-, Event- und Kongress-Management Software.\" \/>\n<meta name=\"robots\" content=\"index, follow, max-snippet:-1, max-image-preview:large, max-video-preview:-1\" \/>\n<link rel=\"canonical\" href=\"https:\/\/www.organisator.ch\/it\/marketing\/2023-10-23\/mit-online-ticketing-an-den-digitaltag-zentralschweiz\/\" \/>\n<meta property=\"og:locale\" content=\"it_IT\" \/>\n<meta property=\"og:type\" content=\"article\" \/>\n<meta property=\"og:title\" content=\"Mit Online-Ticketing an den Digitaltag Zentralschweiz\" \/>\n<meta property=\"og:description\" content=\"Die Online-Ticketreservation f\u00fcr den Digitaltag Zentralschweiz mit NextEvent, der Ticketing-, Event- und Kongress-Management Software.\" \/>\n<meta property=\"og:url\" content=\"https:\/\/www.organisator.ch\/it\/marketing\/2023-10-23\/mit-online-ticketing-an-den-digitaltag-zentralschweiz\/\" \/>\n<meta property=\"og:site_name\" content=\"Organisator\" \/>\n<meta property=\"article:publisher\" content=\"https:\/\/www.facebook.com\/OrganisatorFachmagazin\" \/>\n<meta property=\"article:published_time\" content=\"2023-10-23T13:50:50+00:00\" \/>\n<meta property=\"og:image\" content=\"https:\/\/www.organisator.ch\/wp-content\/uploads\/2023\/10\/NextEvent_Bild1_ps.jpg\" \/>\n\t<meta property=\"og:image:width\" content=\"680\" \/>\n\t<meta property=\"og:image:height\" content=\"453\" \/>\n\t<meta property=\"og:image:type\" content=\"image\/jpeg\" \/>\n<meta name=\"author\" content=\"Adelisa Kalajdzini\" \/>\n<meta name=\"twitter:card\" content=\"summary_large_image\" \/>\n<meta name=\"twitter:title\" content=\"Mit Online-Ticketing an den Digitaltag Zentralschweiz\" \/>\n<meta name=\"twitter:description\" content=\"Die #Online-Ticketreservation f\u00fcr den #Digitaltag Zentralschweiz mit #NextEvent, der Ticketing-, Event- und Kongress-Management Software.\" \/>\n<meta name=\"twitter:image\" content=\"https:\/\/www.organisator.ch\/wp-content\/uploads\/2023\/10\/NextEvent_Bild1_ps.jpg\" \/>\n<script type=\"application\/ld+json\" class=\"yoast-schema-graph\">{\"@context\":\"https:\\\/\\\/schema.org\",\"@graph\":[{\"@type\":\"Article\",\"@id\":\"https:\\\/\\\/www.organisator.ch\\\/marketing\\\/2023-10-23\\\/mit-online-ticketing-an-den-digitaltag-zentralschweiz\\\/#article\",\"isPartOf\":{\"@id\":\"https:\\\/\\\/www.organisator.ch\\\/marketing\\\/2023-10-23\\\/mit-online-ticketing-an-den-digitaltag-zentralschweiz\\\/\"},\"author\":{\"name\":\"Adelisa Kalajdzini\",\"@id\":\"https:\\\/\\\/www.organisator.ch\\\/#\\\/schema\\\/person\\\/2e1314a2172123f874db408d8911d3f3\"},\"headline\":\"Mit Online-Ticketing an den Digitaltag Zentralschweiz\",\"datePublished\":\"2023-10-23T13:50:50+00:00\",\"mainEntityOfPage\":{\"@id\":\"https:\\\/\\\/www.organisator.ch\\\/marketing\\\/2023-10-23\\\/mit-online-ticketing-an-den-digitaltag-zentralschweiz\\\/\"},\"wordCount\":366,\"publisher\":{\"@id\":\"https:\\\/\\\/www.organisator.ch\\\/#organization\"},\"image\":{\"@id\":\"https:\\\/\\\/www.organisator.ch\\\/marketing\\\/2023-10-23\\\/mit-online-ticketing-an-den-digitaltag-zentralschweiz\\\/#primaryimage\"},\"thumbnailUrl\":\"https:\\\/\\\/www.organisator.ch\\\/wp-content\\\/uploads\\\/2023\\\/10\\\/NextEvent_Bild1_ps.jpg\",\"keywords\":[\"Digitalisierung\",\"Marketing\",\"Unternehmen\",\"Veranstaltungen\"],\"articleSection\":[\"MARKETING\"],\"inLanguage\":\"it-IT\"},{\"@type\":\"WebPage\",\"@id\":\"https:\\\/\\\/www.organisator.ch\\\/marketing\\\/2023-10-23\\\/mit-online-ticketing-an-den-digitaltag-zentralschweiz\\\/\",\"url\":\"https:\\\/\\\/www.organisator.ch\\\/marketing\\\/2023-10-23\\\/mit-online-ticketing-an-den-digitaltag-zentralschweiz\\\/\",\"name\":\"Mit Online-Ticketing an den Digitaltag Zentralschweiz - Organisator\",\"isPartOf\":{\"@id\":\"https:\\\/\\\/www.organisator.ch\\\/#website\"},\"primaryImageOfPage\":{\"@id\":\"https:\\\/\\\/www.organisator.ch\\\/marketing\\\/2023-10-23\\\/mit-online-ticketing-an-den-digitaltag-zentralschweiz\\\/#primaryimage\"},\"image\":{\"@id\":\"https:\\\/\\\/www.organisator.ch\\\/marketing\\\/2023-10-23\\\/mit-online-ticketing-an-den-digitaltag-zentralschweiz\\\/#primaryimage\"},\"thumbnailUrl\":\"https:\\\/\\\/www.organisator.ch\\\/wp-content\\\/uploads\\\/2023\\\/10\\\/NextEvent_Bild1_ps.jpg\",\"datePublished\":\"2023-10-23T13:50:50+00:00\",\"description\":\"Die Online-Ticketreservation f\u00fcr den Digitaltag Zentralschweiz mit NextEvent, der Ticketing-, Event- und Kongress-Management Software.\",\"breadcrumb\":{\"@id\":\"https:\\\/\\\/www.organisator.ch\\\/marketing\\\/2023-10-23\\\/mit-online-ticketing-an-den-digitaltag-zentralschweiz\\\/#breadcrumb\"},\"inLanguage\":\"it-IT\",\"potentialAction\":[{\"@type\":\"ReadAction\",\"target\":[\"https:\\\/\\\/www.organisator.ch\\\/marketing\\\/2023-10-23\\\/mit-online-ticketing-an-den-digitaltag-zentralschweiz\\\/\"]}]},{\"@type\":\"ImageObject\",\"inLanguage\":\"it-IT\",\"@id\":\"https:\\\/\\\/www.organisator.ch\\\/marketing\\\/2023-10-23\\\/mit-online-ticketing-an-den-digitaltag-zentralschweiz\\\/#primaryimage\",\"url\":\"https:\\\/\\\/www.organisator.ch\\\/wp-content\\\/uploads\\\/2023\\\/10\\\/NextEvent_Bild1_ps.jpg\",\"contentUrl\":\"https:\\\/\\\/www.organisator.ch\\\/wp-content\\\/uploads\\\/2023\\\/10\\\/NextEvent_Bild1_ps.jpg\",\"width\":680,\"height\":453,\"caption\":\"Online Ticketing-L\u00f6sung f\u00fcr den Digitaltag Zentralschweiz mit dem Schwerpunktthema \u00abTrust\u00bb am 7. November 2023 in Luzern. (Bild: www.unsplash.com)\"},{\"@type\":\"BreadcrumbList\",\"@id\":\"https:\\\/\\\/www.organisator.ch\\\/marketing\\\/2023-10-23\\\/mit-online-ticketing-an-den-digitaltag-zentralschweiz\\\/#breadcrumb\",\"itemListElement\":[{\"@type\":\"ListItem\",\"position\":1,\"name\":\"Home\",\"item\":\"https:\\\/\\\/www.organisator.ch\\\/\"},{\"@type\":\"ListItem\",\"position\":2,\"name\":\"Mit Online-Ticketing an den Digitaltag Zentralschweiz\"}]},{\"@type\":\"WebSite\",\"@id\":\"https:\\\/\\\/www.organisator.ch\\\/#website\",\"url\":\"https:\\\/\\\/www.organisator.ch\\\/\",\"name\":\"Organisator\",\"description\":\"Kompetent. Praxisnah. Der ORGANISATOR bereitet in 10 Ausgaben pro Jahr die wesentlichen Themen f\u00fcr F\u00fchrungskr\u00e4fte von KMU auf.\",\"publisher\":{\"@id\":\"https:\\\/\\\/www.organisator.ch\\\/#organization\"},\"potentialAction\":[{\"@type\":\"SearchAction\",\"target\":{\"@type\":\"EntryPoint\",\"urlTemplate\":\"https:\\\/\\\/www.organisator.ch\\\/?s={search_term_string}\"},\"query-input\":{\"@type\":\"PropertyValueSpecification\",\"valueRequired\":true,\"valueName\":\"search_term_string\"}}],\"inLanguage\":\"it-IT\"},{\"@type\":\"Organization\",\"@id\":\"https:\\\/\\\/www.organisator.ch\\\/#organization\",\"name\":\"Organisator\",\"url\":\"https:\\\/\\\/www.organisator.ch\\\/\",\"logo\":{\"@type\":\"ImageObject\",\"inLanguage\":\"it-IT\",\"@id\":\"https:\\\/\\\/www.organisator.ch\\\/#\\\/schema\\\/logo\\\/image\\\/\",\"url\":\"https:\\\/\\\/www.organisator.ch\\\/wp-content\\\/uploads\\\/2022\\\/01\\\/Logo_Organisator_Website.png\",\"contentUrl\":\"https:\\\/\\\/www.organisator.ch\\\/wp-content\\\/uploads\\\/2022\\\/01\\\/Logo_Organisator_Website.png\",\"width\":800,\"height\":77,\"caption\":\"Organisator\"},\"image\":{\"@id\":\"https:\\\/\\\/www.organisator.ch\\\/#\\\/schema\\\/logo\\\/image\\\/\"},\"sameAs\":[\"https:\\\/\\\/www.facebook.com\\\/OrganisatorFachmagazin\",\"https:\\\/\\\/www.linkedin.com\\\/showcase\\\/organisator-das-magazin-fr-kmu\",\"https:\\\/\\\/www.xing.com\\\/news\\\/pages\\\/organisator-ch-695\",\"https:\\\/\\\/www.youtube.com\\\/channel\\\/UCGP2Sq0iWaZwT3BdIAQFYpw\"]},{\"@type\":\"Person\",\"@id\":\"https:\\\/\\\/www.organisator.ch\\\/#\\\/schema\\\/person\\\/2e1314a2172123f874db408d8911d3f3\",\"name\":\"Adelisa Kalajdzini\",\"image\":{\"@type\":\"ImageObject\",\"inLanguage\":\"it-IT\",\"@id\":\"https:\\\/\\\/secure.gravatar.com\\\/avatar\\\/09a397c22ac58cad6f160ee8306348599df9df58a8ede73696226897b9fa4b24?s=96&d=mm&r=g\",\"url\":\"https:\\\/\\\/secure.gravatar.com\\\/avatar\\\/09a397c22ac58cad6f160ee8306348599df9df58a8ede73696226897b9fa4b24?s=96&d=mm&r=g\",\"contentUrl\":\"https:\\\/\\\/secure.gravatar.com\\\/avatar\\\/09a397c22ac58cad6f160ee8306348599df9df58a8ede73696226897b9fa4b24?s=96&d=mm&r=g\",\"caption\":\"Adelisa Kalajdzini\"},\"url\":\"https:\\\/\\\/www.organisator.ch\\\/it\\\/author\\\/adelisa-kalajdzini\\\/\"}]}<\/script>\n<!-- \/ Yoast SEO plugin. -->","yoast_head_json":{"title":"Con la vendita di biglietti online per il Digitaltag Zentralschweiz - Organizzatore","description":"Prenotazione online dei biglietti per il Digitaltag Zentralschweiz con NextEvent, il software per la gestione di biglietti, eventi e congressi.","robots":{"index":"index","follow":"follow","max-snippet":"max-snippet:-1","max-image-preview":"max-image-preview:large","max-video-preview":"max-video-preview:-1"},"canonical":"https:\/\/www.organisator.ch\/it\/marketing\/2023-10-23\/mit-online-ticketing-an-den-digitaltag-zentralschweiz\/","og_locale":"it_IT","og_type":"article","og_title":"Mit Online-Ticketing an den Digitaltag Zentralschweiz","og_description":"Die Online-Ticketreservation f\u00fcr den Digitaltag Zentralschweiz mit NextEvent, der Ticketing-, Event- und Kongress-Management Software.","og_url":"https:\/\/www.organisator.ch\/it\/marketing\/2023-10-23\/mit-online-ticketing-an-den-digitaltag-zentralschweiz\/","og_site_name":"Organisator","article_publisher":"https:\/\/www.facebook.com\/OrganisatorFachmagazin","article_published_time":"2023-10-23T13:50:50+00:00","og_image":[{"width":680,"height":453,"url":"https:\/\/www.organisator.ch\/wp-content\/uploads\/2023\/10\/NextEvent_Bild1_ps.jpg","type":"image\/jpeg"}],"author":"Adelisa Kalajdzini","twitter_card":"summary_large_image","twitter_title":"Mit Online-Ticketing an den Digitaltag Zentralschweiz","twitter_description":"Die #Online-Ticketreservation f\u00fcr den #Digitaltag Zentralschweiz mit #NextEvent, der Ticketing-, Event- und Kongress-Management Software.","twitter_image":"https:\/\/www.organisator.ch\/wp-content\/uploads\/2023\/10\/NextEvent_Bild1_ps.jpg","schema":{"@context":"https:\/\/schema.org","@graph":[{"@type":"Article","@id":"https:\/\/www.organisator.ch\/marketing\/2023-10-23\/mit-online-ticketing-an-den-digitaltag-zentralschweiz\/#article","isPartOf":{"@id":"https:\/\/www.organisator.ch\/marketing\/2023-10-23\/mit-online-ticketing-an-den-digitaltag-zentralschweiz\/"},"author":{"name":"Adelisa Kalajdzini","@id":"https:\/\/www.organisator.ch\/#\/schema\/person\/2e1314a2172123f874db408d8911d3f3"},"headline":"Mit Online-Ticketing an den Digitaltag Zentralschweiz","datePublished":"2023-10-23T13:50:50+00:00","mainEntityOfPage":{"@id":"https:\/\/www.organisator.ch\/marketing\/2023-10-23\/mit-online-ticketing-an-den-digitaltag-zentralschweiz\/"},"wordCount":366,"publisher":{"@id":"https:\/\/www.organisator.ch\/#organization"},"image":{"@id":"https:\/\/www.organisator.ch\/marketing\/2023-10-23\/mit-online-ticketing-an-den-digitaltag-zentralschweiz\/#primaryimage"},"thumbnailUrl":"https:\/\/www.organisator.ch\/wp-content\/uploads\/2023\/10\/NextEvent_Bild1_ps.jpg","keywords":["Digitalisierung","Marketing","Unternehmen","Veranstaltungen"],"articleSection":["MARKETING"],"inLanguage":"it-IT"},{"@type":"WebPage","@id":"https:\/\/www.organisator.ch\/marketing\/2023-10-23\/mit-online-ticketing-an-den-digitaltag-zentralschweiz\/","url":"https:\/\/www.organisator.ch\/marketing\/2023-10-23\/mit-online-ticketing-an-den-digitaltag-zentralschweiz\/","name":"Con la vendita di biglietti online per il Digitaltag Zentralschweiz - Organizzatore","isPartOf":{"@id":"https:\/\/www.organisator.ch\/#website"},"primaryImageOfPage":{"@id":"https:\/\/www.organisator.ch\/marketing\/2023-10-23\/mit-online-ticketing-an-den-digitaltag-zentralschweiz\/#primaryimage"},"image":{"@id":"https:\/\/www.organisator.ch\/marketing\/2023-10-23\/mit-online-ticketing-an-den-digitaltag-zentralschweiz\/#primaryimage"},"thumbnailUrl":"https:\/\/www.organisator.ch\/wp-content\/uploads\/2023\/10\/NextEvent_Bild1_ps.jpg","datePublished":"2023-10-23T13:50:50+00:00","description":"Prenotazione online dei biglietti per il Digitaltag Zentralschweiz con NextEvent, il software per la gestione di biglietti, eventi e congressi.","breadcrumb":{"@id":"https:\/\/www.organisator.ch\/marketing\/2023-10-23\/mit-online-ticketing-an-den-digitaltag-zentralschweiz\/#breadcrumb"},"inLanguage":"it-IT","potentialAction":[{"@type":"ReadAction","target":["https:\/\/www.organisator.ch\/marketing\/2023-10-23\/mit-online-ticketing-an-den-digitaltag-zentralschweiz\/"]}]},{"@type":"ImageObject","inLanguage":"it-IT","@id":"https:\/\/www.organisator.ch\/marketing\/2023-10-23\/mit-online-ticketing-an-den-digitaltag-zentralschweiz\/#primaryimage","url":"https:\/\/www.organisator.ch\/wp-content\/uploads\/2023\/10\/NextEvent_Bild1_ps.jpg","contentUrl":"https:\/\/www.organisator.ch\/wp-content\/uploads\/2023\/10\/NextEvent_Bild1_ps.jpg","width":680,"height":453,"caption":"Online Ticketing-L\u00f6sung f\u00fcr den Digitaltag Zentralschweiz mit dem Schwerpunktthema \u00abTrust\u00bb am 7. November 2023 in Luzern. (Bild: www.unsplash.com)"},{"@type":"BreadcrumbList","@id":"https:\/\/www.organisator.ch\/marketing\/2023-10-23\/mit-online-ticketing-an-den-digitaltag-zentralschweiz\/#breadcrumb","itemListElement":[{"@type":"ListItem","position":1,"name":"Home","item":"https:\/\/www.organisator.ch\/"},{"@type":"ListItem","position":2,"name":"Mit Online-Ticketing an den Digitaltag Zentralschweiz"}]},{"@type":"WebSite","@id":"https:\/\/www.organisator.ch\/#website","url":"https:\/\/www.organisator.ch\/","name":"Organizzatore","description":"Competente. Pratico. In 10 numeri all'anno, ORGANISATOR presenta i temi essenziali per i manager delle PMI.","publisher":{"@id":"https:\/\/www.organisator.ch\/#organization"},"potentialAction":[{"@type":"SearchAction","target":{"@type":"EntryPoint","urlTemplate":"https:\/\/www.organisator.ch\/?s={search_term_string}"},"query-input":{"@type":"PropertyValueSpecification","valueRequired":true,"valueName":"search_term_string"}}],"inLanguage":"it-IT"},{"@type":"Organization","@id":"https:\/\/www.organisator.ch\/#organization","name":"Organizzatore","url":"https:\/\/www.organisator.ch\/","logo":{"@type":"ImageObject","inLanguage":"it-IT","@id":"https:\/\/www.organisator.ch\/#\/schema\/logo\/image\/","url":"https:\/\/www.organisator.ch\/wp-content\/uploads\/2022\/01\/Logo_Organisator_Website.png","contentUrl":"https:\/\/www.organisator.ch\/wp-content\/uploads\/2022\/01\/Logo_Organisator_Website.png","width":800,"height":77,"caption":"Organisator"},"image":{"@id":"https:\/\/www.organisator.ch\/#\/schema\/logo\/image\/"},"sameAs":["https:\/\/www.facebook.com\/OrganisatorFachmagazin","https:\/\/www.linkedin.com\/showcase\/organisator-das-magazin-fr-kmu","https:\/\/www.xing.com\/news\/pages\/organisator-ch-695","https:\/\/www.youtube.com\/channel\/UCGP2Sq0iWaZwT3BdIAQFYpw"]},{"@type":"Person","@id":"https:\/\/www.organisator.ch\/#\/schema\/person\/2e1314a2172123f874db408d8911d3f3","name":"Adelisa Kalajdzini","image":{"@type":"ImageObject","inLanguage":"it-IT","@id":"https:\/\/secure.gravatar.com\/avatar\/09a397c22ac58cad6f160ee8306348599df9df58a8ede73696226897b9fa4b24?s=96&d=mm&r=g","url":"https:\/\/secure.gravatar.com\/avatar\/09a397c22ac58cad6f160ee8306348599df9df58a8ede73696226897b9fa4b24?s=96&d=mm&r=g","contentUrl":"https:\/\/secure.gravatar.com\/avatar\/09a397c22ac58cad6f160ee8306348599df9df58a8ede73696226897b9fa4b24?s=96&d=mm&r=g","caption":"Adelisa Kalajdzini"},"url":"https:\/\/www.organisator.ch\/it\/author\/adelisa-kalajdzini\/"}]}},"_links":{"self":[{"href":"https:\/\/www.organisator.ch\/it\/wp-json\/wp\/v2\/posts\/22547","targetHints":{"allow":["GET"]}}],"collection":[{"href":"https:\/\/www.organisator.ch\/it\/wp-json\/wp\/v2\/posts"}],"about":[{"href":"https:\/\/www.organisator.ch\/it\/wp-json\/wp\/v2\/types\/post"}],"author":[{"embeddable":true,"href":"https:\/\/www.organisator.ch\/it\/wp-json\/wp\/v2\/users\/58"}],"replies":[{"embeddable":true,"href":"https:\/\/www.organisator.ch\/it\/wp-json\/wp\/v2\/comments?post=22547"}],"version-history":[{"count":2,"href":"https:\/\/www.organisator.ch\/it\/wp-json\/wp\/v2\/posts\/22547\/revisions"}],"predecessor-version":[{"id":22550,"href":"https:\/\/www.organisator.ch\/it\/wp-json\/wp\/v2\/posts\/22547\/revisions\/22550"}],"wp:featuredmedia":[{"embeddable":true,"href":"https:\/\/www.organisator.ch\/it\/wp-json\/wp\/v2\/media\/22548"}],"wp:attachment":[{"href":"https:\/\/www.organisator.ch\/it\/wp-json\/wp\/v2\/media?parent=22547"}],"wp:term":[{"taxonomy":"category","embeddable":true,"href":"https:\/\/www.organisator.ch\/it\/wp-json\/wp\/v2\/categories?post=22547"},{"taxonomy":"post_tag","embeddable":true,"href":"https:\/\/www.organisator.ch\/it\/wp-json\/wp\/v2\/tags?post=22547"}],"curies":[{"name":"wp","href":"https:\/\/api.w.org\/{rel}","templated":true}]}}