{"id":22555,"date":"2023-10-23T21:09:35","date_gmt":"2023-10-23T19:09:35","guid":{"rendered":"https:\/\/www.organisator.ch\/de\/?p=22555"},"modified":"2023-10-23T15:13:07","modified_gmt":"2023-10-23T13:13:07","slug":"hannes-managt-klimaneutralitaet","status":"publish","type":"post","link":"https:\/\/www.organisator.ch\/it\/allgemein\/2023-10-23\/hannes-managt-klimaneutralitaet\/","title":{"rendered":"Hannes gestisce: la neutralit\u00e0 climatica"},"content":{"rendered":"<figure id=\"attachment_22553\" aria-describedby=\"caption-attachment-22553\" style=\"width: 554px\" class=\"wp-caption alignnone\"><img loading=\"lazy\" decoding=\"async\" class=\"size-medium wp-image-22553\" src=\"https:\/\/www.organisator.ch\/wp-content\/uploads\/2023\/10\/Kolumne_Hannes-managt_Bild_organisator_67907-554x1000.jpg\" alt=\"\u00a9 Johannes Lott\" width=\"554\" height=\"1000\" srcset=\"https:\/\/www.organisator.ch\/wp-content\/uploads\/2023\/10\/Kolumne_Hannes-managt_Bild_organisator_67907-554x1000.jpg 554w, https:\/\/www.organisator.ch\/wp-content\/uploads\/2023\/10\/Kolumne_Hannes-managt_Bild_organisator_67907-568x1024.jpg 568w, https:\/\/www.organisator.ch\/wp-content\/uploads\/2023\/10\/Kolumne_Hannes-managt_Bild_organisator_67907-768x1385.jpg 768w, https:\/\/www.organisator.ch\/wp-content\/uploads\/2023\/10\/Kolumne_Hannes-managt_Bild_organisator_67907-7x12.jpg 7w, https:\/\/www.organisator.ch\/wp-content\/uploads\/2023\/10\/Kolumne_Hannes-managt_Bild_organisator_67907-166x300.jpg 166w, https:\/\/www.organisator.ch\/wp-content\/uploads\/2023\/10\/Kolumne_Hannes-managt_Bild_organisator_67907-194x350.jpg 194w, https:\/\/www.organisator.ch\/wp-content\/uploads\/2023\/10\/Kolumne_Hannes-managt_Bild_organisator_67907-444x800.jpg 444w, https:\/\/www.organisator.ch\/wp-content\/uploads\/2023\/10\/Kolumne_Hannes-managt_Bild_organisator_67907-scaled.jpg 776w\" sizes=\"auto, (max-width: 554px) 100vw, 554px\" \/><figcaption id=\"caption-attachment-22553\" class=\"wp-caption-text\">\u00a9 Johannes Lott<\/figcaption><\/figure>\n<p>Questi incontri ST sono una novit\u00e0. Poich\u00e9 da qualche tempo le riunioni regolari del luned\u00ec mattina non sembrano sufficienti, \u00e8 stato introdotto questo formato. Poich\u00e9 si parla troppo o perch\u00e9 le richieste di intervento non si basano pi\u00f9 sull'importanza, ma su \"tutto \u00e8 stato detto, ma non ancora da tutti\", gli argomenti vengono strategicamente esternalizzati. Questa \u00e8 la cosiddetta esternalizzazione degli argomenti, e un'etichetta cos\u00ec bella ha il vantaggio che l'intera struttura pu\u00f2 essere commercializzata ancora meglio all'interno e all'esterno.<\/p>\n<h3>La neutralit\u00e0 climatica ne fa parte<\/h3>\n<p>Dopo tutto, quale dirigente convoca una riunione specificamente sul tema della carenza di lavoratori qualificati, ad esempio? La stampa ci si butta a capofitto. La riunione ST di oggi riguarda la neutralit\u00e0 climatica.<\/p>\n<p>Dopo che tutti i partecipanti alla riunione si sono installati (in passato ci si sedeva, oggi si cercano le sbarre), la riunione ha inizio. L'obiettivo \u00e8 chiaro: l'azienda vuole diventare neutrale dal punto di vista climatico. Perch\u00e9 vogliono farlo, chiede Hannes. \"Dovete farlo oggi, \u00e8 un bene per il clima\", dicono, mentre segretamente pensano: \"\u00c8 un bene per l'immagine!<\/p>\n<p>Hannes ha capito da tempo che la parola \"politica\" fa parte della politica aziendale, ed \u00e8 consuetudine usare uno o due trucchi per far sembrare le cose buone, almeno all'esterno. La prima parte spetta quindi al responsabile IT. Egli presenta il software che calcola le emissioni di CO2 dell'azienda. Il sistema rende visibili su barre rosse alla moda tutte le cose che oggi offuscano il bilancio dell'effetto serra. Si rimane un po' perplessi. Perch\u00e9 sul lato destro, l'esperto informatico fa comparire delle barre blu in un'animazione di PowerPoint, che dovrebbero rappresentare le contromisure previste dall'azienda per i prossimi cinque anni.<\/p>\n<h3>Un po' rassegnato<\/h3>\n<p>\"Non \u00e8 mai abbastanza\", \u00e8 il feedback unanime dei partecipanti. \"Non deve esserlo\", sottolinea il capo. Perch\u00e9 la parola chiave del giorno \u00e8 compensazione. Il responsabile delle finanze deve ora aprire la cassa e chiarire quanta parte del budget pu\u00f2 essere sottratta alla formazione continua, ad esempio, per risolvere i certificati di compensazione. Il responsabile delle risorse umane dice che si tratta indubbiamente di una misura di marketing e che il budget deve essere sottratto a questo scopo.<\/p>\n<p>Quindi, ancora una volta, siamo al punto di partenza: il bilancio. Si vuole \"avere\", ma nessuno vuole \"pagare\". Il compromesso: si prende un po' da ogni dipartimento e ci si copre con i certificati. Per i chilometri in aereo, per i chilometri in auto, per il carburante. E per il fast food, si pu\u00f2 persino ordinare direttamente dal fornitore di hamburger. Lui fa entrambe le cose: vende carne e certificati allo stesso banco. \u00c8 una praticit\u00e0 esemplare, soprattutto perch\u00e9 offre uno sconto sulla quantit\u00e0 e uno sconto speciale per un ordine per i prossimi tre anni.<\/p>\n<p>L'unico difetto: non \u00e8 ancora sufficiente. Ora le discussioni cominciano a girare in tondo. Dal \"allora dobbiamo ancora comprare i certificati all'estero\" all'impossibile \"forse dobbiamo ancora guardare dove produciamo meno CO2\".<\/p>\n<h3>L'idea<\/h3>\n<p>Poi, all'improvviso, dal nulla, arriva l'idea del responsabile degli acquisti. \"Compreremo un bosco nel paese vicino! Aveva visto che l\u00ec era disponibile una grande quantit\u00e0 di metri quadrati a un prezzo molto vantaggioso grazie a un'eredit\u00e0 di una famiglia nobile. Quest'area neutralizza la CO2 e questo vale come compensazione secondo i nuovi standard verdi.<\/p>\n<p>L'entusiasmo \u00e8 grande. Perch\u00e9 poi, quando si parla di bilancio, tutti sono davvero coinvolti. L'argomento \u00e8 anche la salvezza per il dipartimento di formazione, che finalmente pu\u00f2 offrire il coaching sugli alberi. Ora si ha la propria foresta, si possono abbracciare gli alberi come se fossero i propri colleghi...<\/p>\n<h3><em>Autore<\/em><\/h3>\n<figure id=\"attachment_22554\" aria-describedby=\"caption-attachment-22554\" style=\"width: 235px\" class=\"wp-caption alignnone\"><img loading=\"lazy\" decoding=\"async\" class=\"size-full wp-image-22554\" src=\"https:\/\/www.organisator.ch\/wp-content\/uploads\/2023\/10\/Zu_Gast_Autorenbild_organisator_27333.jpg\" alt=\"\u00a9 Daniela Bologna\" width=\"235\" height=\"271\" srcset=\"https:\/\/www.organisator.ch\/wp-content\/uploads\/2023\/10\/Zu_Gast_Autorenbild_organisator_27333.jpg 235w, https:\/\/www.organisator.ch\/wp-content\/uploads\/2023\/10\/Zu_Gast_Autorenbild_organisator_27333-10x12.jpg 10w\" sizes=\"auto, (max-width: 235px) 100vw, 235px\" \/><figcaption id=\"caption-attachment-22554\" class=\"wp-caption-text\">\u00a9 Daniela Bologna<\/figcaption><\/figure>\n<p><em>Stefan H\u00e4seli \u00e8 un formatore di comunicazione, oratore, moderatore e autore di diversi libri. Dirige una societ\u00e0 di formazione nella Svizzera orientale.<\/em><\/p>","protected":false},"excerpt":{"rendered":"<p>Oggi si tiene un'altra \"ST\", una cosiddetta riunione a tema speciale, della direzione dell'azienda. Come membro di questo comitato, Hannes \u00e8 un partecipante fisso ...<\/p>","protected":false},"author":1,"featured_media":22553,"comment_status":"closed","ping_status":"closed","sticky":false,"template":"","format":"standard","meta":{"_acf_changed":false,"_yoast_wpseo_focuskw":"Klimaneutralit\u00e4t","_yoast_wpseo_metadesc":"Heute ist zur Klimaneutralit\u00e4t wieder so ein \"ST\", ein sogenanntes Special-Themen-Meeting, der Gesch\u00e4ftsleitung im Unternehmen angesagt...","articlekey":"58836","footnotes":""},"categories":[578,1],"tags":[306,334,335],"class_list":["post-22555","post","type-post","status-publish","format-standard","has-post-thumbnail","hentry","category-abo","category-allgemein","tag-kolumne","tag-management","tag-management-und-unternehmensfuehrung"],"acf":[],"yoast_head":"<!-- This site is optimized with the Yoast SEO plugin v27.4 - https:\/\/yoast.com\/product\/yoast-seo-wordpress\/ -->\n<title>Hannes managt: Klimaneutralit\u00e4t - Organisator<\/title>\n<meta name=\"description\" content=\"Heute ist zur Klimaneutralit\u00e4t wieder so ein &quot;ST&quot;, ein sogenanntes Special-Themen-Meeting, der Gesch\u00e4ftsleitung im Unternehmen angesagt...\" \/>\n<meta name=\"robots\" content=\"index, follow, max-snippet:-1, max-image-preview:large, max-video-preview:-1\" \/>\n<link rel=\"canonical\" href=\"https:\/\/www.organisator.ch\/it\/generale\/2023-10-23\/hannes-managt-klimaneutralitaet\/\" \/>\n<meta property=\"og:locale\" content=\"it_IT\" \/>\n<meta property=\"og:type\" content=\"article\" \/>\n<meta property=\"og:title\" content=\"Hannes managt: Klimaneutralit\u00e4t - Organisator\" \/>\n<meta property=\"og:description\" content=\"Heute ist zur Klimaneutralit\u00e4t wieder so ein &quot;ST&quot;, ein sogenanntes Special-Themen-Meeting, der Gesch\u00e4ftsleitung im Unternehmen angesagt...\" \/>\n<meta property=\"og:url\" content=\"https:\/\/www.organisator.ch\/it\/generale\/2023-10-23\/hannes-managt-klimaneutralitaet\/\" \/>\n<meta property=\"og:site_name\" content=\"Organisator\" \/>\n<meta property=\"article:publisher\" content=\"https:\/\/www.facebook.com\/OrganisatorFachmagazin\" \/>\n<meta property=\"article:published_time\" content=\"2023-10-23T19:09:35+00:00\" \/>\n<meta property=\"og:image\" content=\"https:\/\/www.organisator.ch\/wp-content\/uploads\/2023\/10\/Kolumne_Hannes-managt_Bild_organisator_67907-scaled.jpg\" \/>\n\t<meta property=\"og:image:width\" content=\"776\" \/>\n\t<meta property=\"og:image:height\" content=\"1400\" \/>\n\t<meta property=\"og:image:type\" content=\"image\/jpeg\" \/>\n<meta name=\"author\" content=\"admin\" \/>\n<meta name=\"twitter:card\" content=\"summary_large_image\" \/>\n<script type=\"application\/ld+json\" class=\"yoast-schema-graph\">{\"@context\":\"https:\\\/\\\/schema.org\",\"@graph\":[{\"@type\":\"Article\",\"@id\":\"https:\\\/\\\/www.organisator.ch\\\/allgemein\\\/2023-10-23\\\/hannes-managt-klimaneutralitaet\\\/#article\",\"isPartOf\":{\"@id\":\"https:\\\/\\\/www.organisator.ch\\\/allgemein\\\/2023-10-23\\\/hannes-managt-klimaneutralitaet\\\/\"},\"author\":{\"name\":\"admin\",\"@id\":\"https:\\\/\\\/www.organisator.ch\\\/#\\\/schema\\\/person\\\/aa2bace6c5c5aad60102004a50c4eb1c\"},\"headline\":\"Hannes managt: Klimaneutralit\u00e4t\",\"datePublished\":\"2023-10-23T19:09:35+00:00\",\"mainEntityOfPage\":{\"@id\":\"https:\\\/\\\/www.organisator.ch\\\/allgemein\\\/2023-10-23\\\/hannes-managt-klimaneutralitaet\\\/\"},\"wordCount\":636,\"publisher\":{\"@id\":\"https:\\\/\\\/www.organisator.ch\\\/#organization\"},\"image\":{\"@id\":\"https:\\\/\\\/www.organisator.ch\\\/allgemein\\\/2023-10-23\\\/hannes-managt-klimaneutralitaet\\\/#primaryimage\"},\"thumbnailUrl\":\"https:\\\/\\\/www.organisator.ch\\\/wp-content\\\/uploads\\\/2023\\\/10\\\/Kolumne_Hannes-managt_Bild_organisator_67907-scaled.jpg\",\"keywords\":[\"Kolumne\",\"Management\",\"Management und Unternehmensf\u00fchrung\"],\"articleSection\":[\"ABO+\",\"Allgemein\"],\"inLanguage\":\"it-IT\"},{\"@type\":\"WebPage\",\"@id\":\"https:\\\/\\\/www.organisator.ch\\\/allgemein\\\/2023-10-23\\\/hannes-managt-klimaneutralitaet\\\/\",\"url\":\"https:\\\/\\\/www.organisator.ch\\\/allgemein\\\/2023-10-23\\\/hannes-managt-klimaneutralitaet\\\/\",\"name\":\"Hannes managt: Klimaneutralit\u00e4t - Organisator\",\"isPartOf\":{\"@id\":\"https:\\\/\\\/www.organisator.ch\\\/#website\"},\"primaryImageOfPage\":{\"@id\":\"https:\\\/\\\/www.organisator.ch\\\/allgemein\\\/2023-10-23\\\/hannes-managt-klimaneutralitaet\\\/#primaryimage\"},\"image\":{\"@id\":\"https:\\\/\\\/www.organisator.ch\\\/allgemein\\\/2023-10-23\\\/hannes-managt-klimaneutralitaet\\\/#primaryimage\"},\"thumbnailUrl\":\"https:\\\/\\\/www.organisator.ch\\\/wp-content\\\/uploads\\\/2023\\\/10\\\/Kolumne_Hannes-managt_Bild_organisator_67907-scaled.jpg\",\"datePublished\":\"2023-10-23T19:09:35+00:00\",\"description\":\"Heute ist zur Klimaneutralit\u00e4t wieder so ein \\\"ST\\\", ein sogenanntes Special-Themen-Meeting, der Gesch\u00e4ftsleitung im Unternehmen angesagt...\",\"breadcrumb\":{\"@id\":\"https:\\\/\\\/www.organisator.ch\\\/allgemein\\\/2023-10-23\\\/hannes-managt-klimaneutralitaet\\\/#breadcrumb\"},\"inLanguage\":\"it-IT\",\"potentialAction\":[{\"@type\":\"ReadAction\",\"target\":[\"https:\\\/\\\/www.organisator.ch\\\/allgemein\\\/2023-10-23\\\/hannes-managt-klimaneutralitaet\\\/\"]}]},{\"@type\":\"ImageObject\",\"inLanguage\":\"it-IT\",\"@id\":\"https:\\\/\\\/www.organisator.ch\\\/allgemein\\\/2023-10-23\\\/hannes-managt-klimaneutralitaet\\\/#primaryimage\",\"url\":\"https:\\\/\\\/www.organisator.ch\\\/wp-content\\\/uploads\\\/2023\\\/10\\\/Kolumne_Hannes-managt_Bild_organisator_67907-scaled.jpg\",\"contentUrl\":\"https:\\\/\\\/www.organisator.ch\\\/wp-content\\\/uploads\\\/2023\\\/10\\\/Kolumne_Hannes-managt_Bild_organisator_67907-scaled.jpg\",\"width\":776,\"height\":1400,\"caption\":\"\u00a9 Johannes Lott\"},{\"@type\":\"BreadcrumbList\",\"@id\":\"https:\\\/\\\/www.organisator.ch\\\/allgemein\\\/2023-10-23\\\/hannes-managt-klimaneutralitaet\\\/#breadcrumb\",\"itemListElement\":[{\"@type\":\"ListItem\",\"position\":1,\"name\":\"Home\",\"item\":\"https:\\\/\\\/www.organisator.ch\\\/\"},{\"@type\":\"ListItem\",\"position\":2,\"name\":\"Hannes managt: Klimaneutralit\u00e4t\"}]},{\"@type\":\"WebSite\",\"@id\":\"https:\\\/\\\/www.organisator.ch\\\/#website\",\"url\":\"https:\\\/\\\/www.organisator.ch\\\/\",\"name\":\"Organisator\",\"description\":\"Kompetent. Praxisnah. Der ORGANISATOR bereitet in 10 Ausgaben pro Jahr die wesentlichen Themen f\u00fcr F\u00fchrungskr\u00e4fte von KMU auf.\",\"publisher\":{\"@id\":\"https:\\\/\\\/www.organisator.ch\\\/#organization\"},\"potentialAction\":[{\"@type\":\"SearchAction\",\"target\":{\"@type\":\"EntryPoint\",\"urlTemplate\":\"https:\\\/\\\/www.organisator.ch\\\/?s={search_term_string}\"},\"query-input\":{\"@type\":\"PropertyValueSpecification\",\"valueRequired\":true,\"valueName\":\"search_term_string\"}}],\"inLanguage\":\"it-IT\"},{\"@type\":\"Organization\",\"@id\":\"https:\\\/\\\/www.organisator.ch\\\/#organization\",\"name\":\"Organisator\",\"url\":\"https:\\\/\\\/www.organisator.ch\\\/\",\"logo\":{\"@type\":\"ImageObject\",\"inLanguage\":\"it-IT\",\"@id\":\"https:\\\/\\\/www.organisator.ch\\\/#\\\/schema\\\/logo\\\/image\\\/\",\"url\":\"https:\\\/\\\/www.organisator.ch\\\/wp-content\\\/uploads\\\/2022\\\/01\\\/Logo_Organisator_Website.png\",\"contentUrl\":\"https:\\\/\\\/www.organisator.ch\\\/wp-content\\\/uploads\\\/2022\\\/01\\\/Logo_Organisator_Website.png\",\"width\":800,\"height\":77,\"caption\":\"Organisator\"},\"image\":{\"@id\":\"https:\\\/\\\/www.organisator.ch\\\/#\\\/schema\\\/logo\\\/image\\\/\"},\"sameAs\":[\"https:\\\/\\\/www.facebook.com\\\/OrganisatorFachmagazin\",\"https:\\\/\\\/www.linkedin.com\\\/showcase\\\/organisator-das-magazin-fr-kmu\",\"https:\\\/\\\/www.xing.com\\\/news\\\/pages\\\/organisator-ch-695\",\"https:\\\/\\\/www.youtube.com\\\/channel\\\/UCGP2Sq0iWaZwT3BdIAQFYpw\"]},{\"@type\":\"Person\",\"@id\":\"https:\\\/\\\/www.organisator.ch\\\/#\\\/schema\\\/person\\\/aa2bace6c5c5aad60102004a50c4eb1c\",\"name\":\"admin\",\"image\":{\"@type\":\"ImageObject\",\"inLanguage\":\"it-IT\",\"@id\":\"https:\\\/\\\/secure.gravatar.com\\\/avatar\\\/ae2f4d718e6c49043e314ce431e7e645d646302a24a5ef5a8bc8e3f5a032e319?s=96&d=mm&r=g\",\"url\":\"https:\\\/\\\/secure.gravatar.com\\\/avatar\\\/ae2f4d718e6c49043e314ce431e7e645d646302a24a5ef5a8bc8e3f5a032e319?s=96&d=mm&r=g\",\"contentUrl\":\"https:\\\/\\\/secure.gravatar.com\\\/avatar\\\/ae2f4d718e6c49043e314ce431e7e645d646302a24a5ef5a8bc8e3f5a032e319?s=96&d=mm&r=g\",\"caption\":\"admin\"},\"sameAs\":[\"https:\\\/\\\/www.organisator.ch\"],\"url\":\"https:\\\/\\\/www.organisator.ch\\\/it\\\/author\\\/admin\\\/\"}]}<\/script>\n<!-- \/ Yoast SEO plugin. -->","yoast_head_json":{"title":"Hannes gestisce: Neutralit\u00e0 climatica - Organizzatore","description":"Oggi \u00e8 prevista un'altra \"ST\", una cosiddetta riunione a tema speciale, del management dell'azienda sulla neutralit\u00e0 climatica...","robots":{"index":"index","follow":"follow","max-snippet":"max-snippet:-1","max-image-preview":"max-image-preview:large","max-video-preview":"max-video-preview:-1"},"canonical":"https:\/\/www.organisator.ch\/it\/generale\/2023-10-23\/hannes-managt-klimaneutralitaet\/","og_locale":"it_IT","og_type":"article","og_title":"Hannes managt: Klimaneutralit\u00e4t - Organisator","og_description":"Heute ist zur Klimaneutralit\u00e4t wieder so ein \"ST\", ein sogenanntes Special-Themen-Meeting, der Gesch\u00e4ftsleitung im Unternehmen angesagt...","og_url":"https:\/\/www.organisator.ch\/it\/generale\/2023-10-23\/hannes-managt-klimaneutralitaet\/","og_site_name":"Organisator","article_publisher":"https:\/\/www.facebook.com\/OrganisatorFachmagazin","article_published_time":"2023-10-23T19:09:35+00:00","og_image":[{"width":776,"height":1400,"url":"https:\/\/www.organisator.ch\/wp-content\/uploads\/2023\/10\/Kolumne_Hannes-managt_Bild_organisator_67907-scaled.jpg","type":"image\/jpeg"}],"author":"admin","twitter_card":"summary_large_image","schema":{"@context":"https:\/\/schema.org","@graph":[{"@type":"Article","@id":"https:\/\/www.organisator.ch\/allgemein\/2023-10-23\/hannes-managt-klimaneutralitaet\/#article","isPartOf":{"@id":"https:\/\/www.organisator.ch\/allgemein\/2023-10-23\/hannes-managt-klimaneutralitaet\/"},"author":{"name":"admin","@id":"https:\/\/www.organisator.ch\/#\/schema\/person\/aa2bace6c5c5aad60102004a50c4eb1c"},"headline":"Hannes managt: Klimaneutralit\u00e4t","datePublished":"2023-10-23T19:09:35+00:00","mainEntityOfPage":{"@id":"https:\/\/www.organisator.ch\/allgemein\/2023-10-23\/hannes-managt-klimaneutralitaet\/"},"wordCount":636,"publisher":{"@id":"https:\/\/www.organisator.ch\/#organization"},"image":{"@id":"https:\/\/www.organisator.ch\/allgemein\/2023-10-23\/hannes-managt-klimaneutralitaet\/#primaryimage"},"thumbnailUrl":"https:\/\/www.organisator.ch\/wp-content\/uploads\/2023\/10\/Kolumne_Hannes-managt_Bild_organisator_67907-scaled.jpg","keywords":["Kolumne","Management","Management und Unternehmensf\u00fchrung"],"articleSection":["ABO+","Allgemein"],"inLanguage":"it-IT"},{"@type":"WebPage","@id":"https:\/\/www.organisator.ch\/allgemein\/2023-10-23\/hannes-managt-klimaneutralitaet\/","url":"https:\/\/www.organisator.ch\/allgemein\/2023-10-23\/hannes-managt-klimaneutralitaet\/","name":"Hannes gestisce: Neutralit\u00e0 climatica - Organizzatore","isPartOf":{"@id":"https:\/\/www.organisator.ch\/#website"},"primaryImageOfPage":{"@id":"https:\/\/www.organisator.ch\/allgemein\/2023-10-23\/hannes-managt-klimaneutralitaet\/#primaryimage"},"image":{"@id":"https:\/\/www.organisator.ch\/allgemein\/2023-10-23\/hannes-managt-klimaneutralitaet\/#primaryimage"},"thumbnailUrl":"https:\/\/www.organisator.ch\/wp-content\/uploads\/2023\/10\/Kolumne_Hannes-managt_Bild_organisator_67907-scaled.jpg","datePublished":"2023-10-23T19:09:35+00:00","description":"Oggi \u00e8 prevista un'altra \"ST\", una cosiddetta riunione a tema speciale, del management dell'azienda sulla neutralit\u00e0 climatica...","breadcrumb":{"@id":"https:\/\/www.organisator.ch\/allgemein\/2023-10-23\/hannes-managt-klimaneutralitaet\/#breadcrumb"},"inLanguage":"it-IT","potentialAction":[{"@type":"ReadAction","target":["https:\/\/www.organisator.ch\/allgemein\/2023-10-23\/hannes-managt-klimaneutralitaet\/"]}]},{"@type":"ImageObject","inLanguage":"it-IT","@id":"https:\/\/www.organisator.ch\/allgemein\/2023-10-23\/hannes-managt-klimaneutralitaet\/#primaryimage","url":"https:\/\/www.organisator.ch\/wp-content\/uploads\/2023\/10\/Kolumne_Hannes-managt_Bild_organisator_67907-scaled.jpg","contentUrl":"https:\/\/www.organisator.ch\/wp-content\/uploads\/2023\/10\/Kolumne_Hannes-managt_Bild_organisator_67907-scaled.jpg","width":776,"height":1400,"caption":"\u00a9 Johannes Lott"},{"@type":"BreadcrumbList","@id":"https:\/\/www.organisator.ch\/allgemein\/2023-10-23\/hannes-managt-klimaneutralitaet\/#breadcrumb","itemListElement":[{"@type":"ListItem","position":1,"name":"Home","item":"https:\/\/www.organisator.ch\/"},{"@type":"ListItem","position":2,"name":"Hannes managt: Klimaneutralit\u00e4t"}]},{"@type":"WebSite","@id":"https:\/\/www.organisator.ch\/#website","url":"https:\/\/www.organisator.ch\/","name":"Organizzatore","description":"Competente. Pratico. In 10 numeri all'anno, ORGANISATOR presenta i temi essenziali per i manager delle PMI.","publisher":{"@id":"https:\/\/www.organisator.ch\/#organization"},"potentialAction":[{"@type":"SearchAction","target":{"@type":"EntryPoint","urlTemplate":"https:\/\/www.organisator.ch\/?s={search_term_string}"},"query-input":{"@type":"PropertyValueSpecification","valueRequired":true,"valueName":"search_term_string"}}],"inLanguage":"it-IT"},{"@type":"Organization","@id":"https:\/\/www.organisator.ch\/#organization","name":"Organizzatore","url":"https:\/\/www.organisator.ch\/","logo":{"@type":"ImageObject","inLanguage":"it-IT","@id":"https:\/\/www.organisator.ch\/#\/schema\/logo\/image\/","url":"https:\/\/www.organisator.ch\/wp-content\/uploads\/2022\/01\/Logo_Organisator_Website.png","contentUrl":"https:\/\/www.organisator.ch\/wp-content\/uploads\/2022\/01\/Logo_Organisator_Website.png","width":800,"height":77,"caption":"Organisator"},"image":{"@id":"https:\/\/www.organisator.ch\/#\/schema\/logo\/image\/"},"sameAs":["https:\/\/www.facebook.com\/OrganisatorFachmagazin","https:\/\/www.linkedin.com\/showcase\/organisator-das-magazin-fr-kmu","https:\/\/www.xing.com\/news\/pages\/organisator-ch-695","https:\/\/www.youtube.com\/channel\/UCGP2Sq0iWaZwT3BdIAQFYpw"]},{"@type":"Person","@id":"https:\/\/www.organisator.ch\/#\/schema\/person\/aa2bace6c5c5aad60102004a50c4eb1c","name":"amministratore","image":{"@type":"ImageObject","inLanguage":"it-IT","@id":"https:\/\/secure.gravatar.com\/avatar\/ae2f4d718e6c49043e314ce431e7e645d646302a24a5ef5a8bc8e3f5a032e319?s=96&d=mm&r=g","url":"https:\/\/secure.gravatar.com\/avatar\/ae2f4d718e6c49043e314ce431e7e645d646302a24a5ef5a8bc8e3f5a032e319?s=96&d=mm&r=g","contentUrl":"https:\/\/secure.gravatar.com\/avatar\/ae2f4d718e6c49043e314ce431e7e645d646302a24a5ef5a8bc8e3f5a032e319?s=96&d=mm&r=g","caption":"admin"},"sameAs":["https:\/\/www.organisator.ch"],"url":"https:\/\/www.organisator.ch\/it\/author\/admin\/"}]}},"_links":{"self":[{"href":"https:\/\/www.organisator.ch\/it\/wp-json\/wp\/v2\/posts\/22555","targetHints":{"allow":["GET"]}}],"collection":[{"href":"https:\/\/www.organisator.ch\/it\/wp-json\/wp\/v2\/posts"}],"about":[{"href":"https:\/\/www.organisator.ch\/it\/wp-json\/wp\/v2\/types\/post"}],"author":[{"embeddable":true,"href":"https:\/\/www.organisator.ch\/it\/wp-json\/wp\/v2\/users\/1"}],"replies":[{"embeddable":true,"href":"https:\/\/www.organisator.ch\/it\/wp-json\/wp\/v2\/comments?post=22555"}],"version-history":[{"count":2,"href":"https:\/\/www.organisator.ch\/it\/wp-json\/wp\/v2\/posts\/22555\/revisions"}],"predecessor-version":[{"id":22611,"href":"https:\/\/www.organisator.ch\/it\/wp-json\/wp\/v2\/posts\/22555\/revisions\/22611"}],"wp:featuredmedia":[{"embeddable":true,"href":"https:\/\/www.organisator.ch\/it\/wp-json\/wp\/v2\/media\/22553"}],"wp:attachment":[{"href":"https:\/\/www.organisator.ch\/it\/wp-json\/wp\/v2\/media?parent=22555"}],"wp:term":[{"taxonomy":"category","embeddable":true,"href":"https:\/\/www.organisator.ch\/it\/wp-json\/wp\/v2\/categories?post=22555"},{"taxonomy":"post_tag","embeddable":true,"href":"https:\/\/www.organisator.ch\/it\/wp-json\/wp\/v2\/tags?post=22555"}],"curies":[{"name":"wp","href":"https:\/\/api.w.org\/{rel}","templated":true}]}}