{"id":22607,"date":"2023-10-23T15:00:54","date_gmt":"2023-10-23T13:00:54","guid":{"rendered":"https:\/\/www.werbewoche.ch\/?p=205241"},"modified":"2024-11-13T13:03:14","modified_gmt":"2024-11-13T12:03:14","slug":"consumer-panel-services-gfk-startet-consumer-panel-in-der-schweiz","status":"publish","type":"post","link":"https:\/\/www.organisator.ch\/it\/marketing\/2023-10-23\/consumer-panel-services-gfk-startet-consumer-panel-in-der-schweiz\/","title":{"rendered":"Servizi di panel di consumatori GfK lancia il panel di consumatori in Svizzera"},"content":{"rendered":"<figure id=\"attachment_205244\" class=\"wp-caption alignnone\" style=\"width: 1200px\" aria-describedby=\"caption-attachment-205244\"><img class=\"alignnone wp-image-205244 size-full\" src=\"https:\/\/www.werbewoche.ch\/wp-content\/uploads\/2023\/10\/Unsplash-FMCG.jpg\" alt=\"CPS GfK\" width=\"1200\" height=\"802\" \/>\r\n<figcaption id=\"caption-attachment-205244\" class=\"wp-caption-text\">Immagine: Veronika Koroleva; Unsplash.<\/figcaption>\r\n<\/figure>\r\n<p>Servizi del Consumer Panel GfK sta ampliando il suo portafoglio di servizi. Attualmente, il Consumer Panel \u00e8 gi\u00e0 attivo in 16 Paesi e raccoglie dati da circa 132.000 famiglie e 1.500 rivenditori. Attraverso investimenti e una significativa espansione del panel in Germania, l'azienda vuole ora offrire ai propri clienti ancora pi\u00f9 possibilit\u00e0 e vantaggi. Tra questi, ad esempio, un'analisi pi\u00f9 approfondita di specifici gruppi target o personas, nonch\u00e9 una visione pi\u00f9 dettagliata di insight specifici, come le informazioni sui rivenditori o le valutazioni dei marchi. Inoltre, CPS GfK vuole supportare i marchi FCMG in Svizzera con la sua competenza e la sua esperienza decennale nel processo decisionale e rafforza la sua offerta DACH con questa espansione. Per l'espansione in Svizzera, CPS GfK ha stretto una partnership strategica con Bitsaboutme.<\/p>\r\n<h3>Partnership innovativa sui dati con Bitsaboutme<\/h3>\r\n<p>Bitsaboutme \u00e8 un'applicazione che consente ai consumatori di ottimizzare le proprie abitudini di acquisto e di beneficiare allo stesso tempo di premi. Con l'app, i consumatori possono scansionare gli scontrini al momento dell'acquisto di generi alimentari e collegare i programmi fedelt\u00e0 dei rivenditori in Svizzera. In questo modo ricevono analisi automatiche sulla salute e la sostenibilit\u00e0 dei loro acquisti. Inoltre, gli utenti ricevono anche premi in denaro per la condivisione dei loro dati di spesa. Per farlo, caricano gli scontrini elettronici o fotografano le ricevute cartacee dei rivenditori che non supportano i programmi elettronici. Le informazioni condivise dagli utenti vengono continuamente aggregate e trasmesse a CPS GfK: i prodotti acquistati, compreso il prezzo dell'articolo, e la struttura demografica degli acquirenti. Ci\u00f2 consente a CPS GfK di osservare il comportamento di acquisto dei consumatori svizzeri nel tempo presso i diversi punti vendita. Sulla base di queste informazioni, gli esperti offrono ai marchi di beni di largo consumo e ai rivenditori gi\u00e0 attivi in Svizzera o che intendono espandersi in questo Paese una visione completa e approfondita delle motivazioni, dei comportamenti e dei modelli dei consumatori svizzeri.<\/p>\r\n<h3>Obiettivi chiari per il mercato svizzero<\/h3>\r\n<p>Nei prossimi mesi, CPS GfK si concentrer\u00e0 sull'ulteriore aumento delle dimensioni del panel, grazie alla partnership con Bitsaboutme. Allo stesso tempo, l'azienda sta lavorando intensamente alla preparazione dell'elaborazione e dell'estrapolazione dei dati per garantire il livello di qualit\u00e0 leader del settore dei dati di CPS GfK sul comportamento di acquisto. Inoltre, in stretta collaborazione con i marchi di beni di largo consumo e i rivenditori, si sta sviluppando un portafoglio di prodotti completo per soddisfare le esigenze specifiche del mercato.<\/p>\r\n<p>Entro il 2025, il panel in Svizzera sar\u00e0 ampliato a 5.000 membri attivi mensili.<\/p>\r\n<p>&nbsp;<\/p>","protected":false},"excerpt":{"rendered":"<p>Consumer Panel Services GfK (CPS GfK) amplia il proprio portafoglio e lancia un nuovo panel di consumatori in Svizzera. Questo fornir\u00e0 ai marchi di beni di largo consumo e ai rivenditori attivi in Svizzera o che intendono espandersi in questo Paese una visione completa e approfondita delle motivazioni, dei comportamenti e dei modelli dei consumatori svizzeri.<\/p>","protected":false},"author":8,"featured_media":0,"comment_status":"closed","ping_status":"closed","sticky":false,"template":"","format":"standard","meta":{"_acf_changed":false,"_yoast_wpseo_focuskw":"CPS GfK","_yoast_wpseo_metadesc":"CPS GfK erweitert Panel in der Schweiz: Neue Datenpartnerschaft mit Bitsaboutme und klare Ziele bis 2025.","articlekey":"","footnotes":""},"categories":[29],"tags":[],"class_list":["post-22607","post","type-post","status-publish","format-standard","hentry","category-marketing"],"acf":[],"yoast_head":"<!-- This site is optimized with the Yoast SEO plugin v27.4 - https:\/\/yoast.com\/product\/yoast-seo-wordpress\/ -->\n<title>Consumer Panel Services GfK startet Consumer Panel in der Schweiz - Organisator<\/title>\n<meta name=\"description\" content=\"CPS GfK erweitert Panel in der Schweiz: Neue Datenpartnerschaft mit Bitsaboutme und klare Ziele bis 2025.\" \/>\n<meta name=\"robots\" content=\"index, follow, max-snippet:-1, max-image-preview:large, max-video-preview:-1\" \/>\n<link rel=\"canonical\" href=\"https:\/\/www.organisator.ch\/it\/marketing\/2023-10-23\/consumer-panel-services-gfk-startet-consumer-panel-in-der-schweiz\/\" \/>\n<meta property=\"og:locale\" content=\"it_IT\" \/>\n<meta property=\"og:type\" content=\"article\" \/>\n<meta property=\"og:title\" content=\"Consumer Panel Services GfK startet Consumer Panel in der Schweiz - Organisator\" \/>\n<meta property=\"og:description\" content=\"CPS GfK erweitert Panel in der Schweiz: Neue Datenpartnerschaft mit Bitsaboutme und klare Ziele bis 2025.\" \/>\n<meta property=\"og:url\" content=\"https:\/\/www.organisator.ch\/it\/marketing\/2023-10-23\/consumer-panel-services-gfk-startet-consumer-panel-in-der-schweiz\/\" \/>\n<meta property=\"og:site_name\" content=\"Organisator\" \/>\n<meta property=\"article:publisher\" content=\"https:\/\/www.facebook.com\/OrganisatorFachmagazin\" \/>\n<meta property=\"article:published_time\" content=\"2023-10-23T13:00:54+00:00\" \/>\n<meta property=\"article:modified_time\" content=\"2024-11-13T12:03:14+00:00\" \/>\n<meta name=\"author\" content=\"galledia\" \/>\n<meta name=\"twitter:card\" content=\"summary_large_image\" \/>\n<meta name=\"twitter:creator\" content=\"@admin\" \/>\n<script type=\"application\/ld+json\" class=\"yoast-schema-graph\">{\"@context\":\"https:\\\/\\\/schema.org\",\"@graph\":[{\"@type\":\"Article\",\"@id\":\"https:\\\/\\\/www.organisator.ch\\\/marketing\\\/2023-10-23\\\/consumer-panel-services-gfk-startet-consumer-panel-in-der-schweiz\\\/#article\",\"isPartOf\":{\"@id\":\"https:\\\/\\\/www.organisator.ch\\\/marketing\\\/2023-10-23\\\/consumer-panel-services-gfk-startet-consumer-panel-in-der-schweiz\\\/\"},\"author\":{\"name\":\"galledia\",\"@id\":\"https:\\\/\\\/www.organisator.ch\\\/#\\\/schema\\\/person\\\/4e51799071cd2dd1232ac003643ef5f0\"},\"headline\":\"Consumer Panel Services GfK startet Consumer Panel in der Schweiz\",\"datePublished\":\"2023-10-23T13:00:54+00:00\",\"dateModified\":\"2024-11-13T12:03:14+00:00\",\"mainEntityOfPage\":{\"@id\":\"https:\\\/\\\/www.organisator.ch\\\/marketing\\\/2023-10-23\\\/consumer-panel-services-gfk-startet-consumer-panel-in-der-schweiz\\\/\"},\"wordCount\":398,\"publisher\":{\"@id\":\"https:\\\/\\\/www.organisator.ch\\\/#organization\"},\"image\":{\"@id\":\"https:\\\/\\\/www.organisator.ch\\\/marketing\\\/2023-10-23\\\/consumer-panel-services-gfk-startet-consumer-panel-in-der-schweiz\\\/#primaryimage\"},\"thumbnailUrl\":\"https:\\\/\\\/www.werbewoche.ch\\\/wp-content\\\/uploads\\\/2023\\\/10\\\/Unsplash-FMCG.jpg\",\"articleSection\":[\"MARKETING\"],\"inLanguage\":\"it-IT\"},{\"@type\":\"WebPage\",\"@id\":\"https:\\\/\\\/www.organisator.ch\\\/marketing\\\/2023-10-23\\\/consumer-panel-services-gfk-startet-consumer-panel-in-der-schweiz\\\/\",\"url\":\"https:\\\/\\\/www.organisator.ch\\\/marketing\\\/2023-10-23\\\/consumer-panel-services-gfk-startet-consumer-panel-in-der-schweiz\\\/\",\"name\":\"Consumer Panel Services GfK startet Consumer Panel in der Schweiz - Organisator\",\"isPartOf\":{\"@id\":\"https:\\\/\\\/www.organisator.ch\\\/#website\"},\"primaryImageOfPage\":{\"@id\":\"https:\\\/\\\/www.organisator.ch\\\/marketing\\\/2023-10-23\\\/consumer-panel-services-gfk-startet-consumer-panel-in-der-schweiz\\\/#primaryimage\"},\"image\":{\"@id\":\"https:\\\/\\\/www.organisator.ch\\\/marketing\\\/2023-10-23\\\/consumer-panel-services-gfk-startet-consumer-panel-in-der-schweiz\\\/#primaryimage\"},\"thumbnailUrl\":\"https:\\\/\\\/www.werbewoche.ch\\\/wp-content\\\/uploads\\\/2023\\\/10\\\/Unsplash-FMCG.jpg\",\"datePublished\":\"2023-10-23T13:00:54+00:00\",\"dateModified\":\"2024-11-13T12:03:14+00:00\",\"description\":\"CPS GfK erweitert Panel in der Schweiz: Neue Datenpartnerschaft mit Bitsaboutme und klare Ziele bis 2025.\",\"breadcrumb\":{\"@id\":\"https:\\\/\\\/www.organisator.ch\\\/marketing\\\/2023-10-23\\\/consumer-panel-services-gfk-startet-consumer-panel-in-der-schweiz\\\/#breadcrumb\"},\"inLanguage\":\"it-IT\",\"potentialAction\":[{\"@type\":\"ReadAction\",\"target\":[\"https:\\\/\\\/www.organisator.ch\\\/marketing\\\/2023-10-23\\\/consumer-panel-services-gfk-startet-consumer-panel-in-der-schweiz\\\/\"]}]},{\"@type\":\"ImageObject\",\"inLanguage\":\"it-IT\",\"@id\":\"https:\\\/\\\/www.organisator.ch\\\/marketing\\\/2023-10-23\\\/consumer-panel-services-gfk-startet-consumer-panel-in-der-schweiz\\\/#primaryimage\",\"url\":\"https:\\\/\\\/www.werbewoche.ch\\\/wp-content\\\/uploads\\\/2023\\\/10\\\/Unsplash-FMCG.jpg\",\"contentUrl\":\"https:\\\/\\\/www.werbewoche.ch\\\/wp-content\\\/uploads\\\/2023\\\/10\\\/Unsplash-FMCG.jpg\"},{\"@type\":\"BreadcrumbList\",\"@id\":\"https:\\\/\\\/www.organisator.ch\\\/marketing\\\/2023-10-23\\\/consumer-panel-services-gfk-startet-consumer-panel-in-der-schweiz\\\/#breadcrumb\",\"itemListElement\":[{\"@type\":\"ListItem\",\"position\":1,\"name\":\"Home\",\"item\":\"https:\\\/\\\/www.organisator.ch\\\/\"},{\"@type\":\"ListItem\",\"position\":2,\"name\":\"Consumer Panel Services GfK startet Consumer Panel in der Schweiz\"}]},{\"@type\":\"WebSite\",\"@id\":\"https:\\\/\\\/www.organisator.ch\\\/#website\",\"url\":\"https:\\\/\\\/www.organisator.ch\\\/\",\"name\":\"Organisator\",\"description\":\"Kompetent. Praxisnah. Der ORGANISATOR bereitet in 10 Ausgaben pro Jahr die wesentlichen Themen f\u00fcr F\u00fchrungskr\u00e4fte von KMU auf.\",\"publisher\":{\"@id\":\"https:\\\/\\\/www.organisator.ch\\\/#organization\"},\"potentialAction\":[{\"@type\":\"SearchAction\",\"target\":{\"@type\":\"EntryPoint\",\"urlTemplate\":\"https:\\\/\\\/www.organisator.ch\\\/?s={search_term_string}\"},\"query-input\":{\"@type\":\"PropertyValueSpecification\",\"valueRequired\":true,\"valueName\":\"search_term_string\"}}],\"inLanguage\":\"it-IT\"},{\"@type\":\"Organization\",\"@id\":\"https:\\\/\\\/www.organisator.ch\\\/#organization\",\"name\":\"Organisator\",\"url\":\"https:\\\/\\\/www.organisator.ch\\\/\",\"logo\":{\"@type\":\"ImageObject\",\"inLanguage\":\"it-IT\",\"@id\":\"https:\\\/\\\/www.organisator.ch\\\/#\\\/schema\\\/logo\\\/image\\\/\",\"url\":\"https:\\\/\\\/www.organisator.ch\\\/wp-content\\\/uploads\\\/2022\\\/01\\\/Logo_Organisator_Website.png\",\"contentUrl\":\"https:\\\/\\\/www.organisator.ch\\\/wp-content\\\/uploads\\\/2022\\\/01\\\/Logo_Organisator_Website.png\",\"width\":800,\"height\":77,\"caption\":\"Organisator\"},\"image\":{\"@id\":\"https:\\\/\\\/www.organisator.ch\\\/#\\\/schema\\\/logo\\\/image\\\/\"},\"sameAs\":[\"https:\\\/\\\/www.facebook.com\\\/OrganisatorFachmagazin\",\"https:\\\/\\\/www.linkedin.com\\\/showcase\\\/organisator-das-magazin-fr-kmu\",\"https:\\\/\\\/www.xing.com\\\/news\\\/pages\\\/organisator-ch-695\",\"https:\\\/\\\/www.youtube.com\\\/channel\\\/UCGP2Sq0iWaZwT3BdIAQFYpw\"]},{\"@type\":\"Person\",\"@id\":\"https:\\\/\\\/www.organisator.ch\\\/#\\\/schema\\\/person\\\/4e51799071cd2dd1232ac003643ef5f0\",\"name\":\"galledia\",\"image\":{\"@type\":\"ImageObject\",\"inLanguage\":\"it-IT\",\"@id\":\"https:\\\/\\\/secure.gravatar.com\\\/avatar\\\/78a7f90c01fc2bfc875782a0d4922b37cde2cf184ce347b91316d23cd7f69a36?s=96&d=mm&r=g\",\"url\":\"https:\\\/\\\/secure.gravatar.com\\\/avatar\\\/78a7f90c01fc2bfc875782a0d4922b37cde2cf184ce347b91316d23cd7f69a36?s=96&d=mm&r=g\",\"contentUrl\":\"https:\\\/\\\/secure.gravatar.com\\\/avatar\\\/78a7f90c01fc2bfc875782a0d4922b37cde2cf184ce347b91316d23cd7f69a36?s=96&d=mm&r=g\",\"caption\":\"galledia\"},\"sameAs\":[\"https:\\\/\\\/x.com\\\/admin\"],\"url\":\"https:\\\/\\\/www.organisator.ch\\\/it\\\/author\\\/galledia\\\/\"}]}<\/script>\n<!-- \/ Yoast SEO plugin. -->","yoast_head_json":{"title":"Servizi del panel dei consumatori GfK lancia il panel dei consumatori in Svizzera - Organizzatore","description":"CPS GfK amplia il panel in Svizzera: nuova partnership con Bitsaboutme e obiettivi chiari fino al 2025.","robots":{"index":"index","follow":"follow","max-snippet":"max-snippet:-1","max-image-preview":"max-image-preview:large","max-video-preview":"max-video-preview:-1"},"canonical":"https:\/\/www.organisator.ch\/it\/marketing\/2023-10-23\/consumer-panel-services-gfk-startet-consumer-panel-in-der-schweiz\/","og_locale":"it_IT","og_type":"article","og_title":"Consumer Panel Services GfK startet Consumer Panel in der Schweiz - Organisator","og_description":"CPS GfK erweitert Panel in der Schweiz: Neue Datenpartnerschaft mit Bitsaboutme und klare Ziele bis 2025.","og_url":"https:\/\/www.organisator.ch\/it\/marketing\/2023-10-23\/consumer-panel-services-gfk-startet-consumer-panel-in-der-schweiz\/","og_site_name":"Organisator","article_publisher":"https:\/\/www.facebook.com\/OrganisatorFachmagazin","article_published_time":"2023-10-23T13:00:54+00:00","article_modified_time":"2024-11-13T12:03:14+00:00","author":"galledia","twitter_card":"summary_large_image","twitter_creator":"@admin","schema":{"@context":"https:\/\/schema.org","@graph":[{"@type":"Article","@id":"https:\/\/www.organisator.ch\/marketing\/2023-10-23\/consumer-panel-services-gfk-startet-consumer-panel-in-der-schweiz\/#article","isPartOf":{"@id":"https:\/\/www.organisator.ch\/marketing\/2023-10-23\/consumer-panel-services-gfk-startet-consumer-panel-in-der-schweiz\/"},"author":{"name":"galledia","@id":"https:\/\/www.organisator.ch\/#\/schema\/person\/4e51799071cd2dd1232ac003643ef5f0"},"headline":"Consumer Panel Services GfK startet Consumer Panel in der Schweiz","datePublished":"2023-10-23T13:00:54+00:00","dateModified":"2024-11-13T12:03:14+00:00","mainEntityOfPage":{"@id":"https:\/\/www.organisator.ch\/marketing\/2023-10-23\/consumer-panel-services-gfk-startet-consumer-panel-in-der-schweiz\/"},"wordCount":398,"publisher":{"@id":"https:\/\/www.organisator.ch\/#organization"},"image":{"@id":"https:\/\/www.organisator.ch\/marketing\/2023-10-23\/consumer-panel-services-gfk-startet-consumer-panel-in-der-schweiz\/#primaryimage"},"thumbnailUrl":"https:\/\/www.werbewoche.ch\/wp-content\/uploads\/2023\/10\/Unsplash-FMCG.jpg","articleSection":["MARKETING"],"inLanguage":"it-IT"},{"@type":"WebPage","@id":"https:\/\/www.organisator.ch\/marketing\/2023-10-23\/consumer-panel-services-gfk-startet-consumer-panel-in-der-schweiz\/","url":"https:\/\/www.organisator.ch\/marketing\/2023-10-23\/consumer-panel-services-gfk-startet-consumer-panel-in-der-schweiz\/","name":"Servizi del panel dei consumatori GfK lancia il panel dei consumatori in Svizzera - Organizzatore","isPartOf":{"@id":"https:\/\/www.organisator.ch\/#website"},"primaryImageOfPage":{"@id":"https:\/\/www.organisator.ch\/marketing\/2023-10-23\/consumer-panel-services-gfk-startet-consumer-panel-in-der-schweiz\/#primaryimage"},"image":{"@id":"https:\/\/www.organisator.ch\/marketing\/2023-10-23\/consumer-panel-services-gfk-startet-consumer-panel-in-der-schweiz\/#primaryimage"},"thumbnailUrl":"https:\/\/www.werbewoche.ch\/wp-content\/uploads\/2023\/10\/Unsplash-FMCG.jpg","datePublished":"2023-10-23T13:00:54+00:00","dateModified":"2024-11-13T12:03:14+00:00","description":"CPS GfK amplia il panel in Svizzera: nuova partnership con Bitsaboutme e obiettivi chiari fino al 2025.","breadcrumb":{"@id":"https:\/\/www.organisator.ch\/marketing\/2023-10-23\/consumer-panel-services-gfk-startet-consumer-panel-in-der-schweiz\/#breadcrumb"},"inLanguage":"it-IT","potentialAction":[{"@type":"ReadAction","target":["https:\/\/www.organisator.ch\/marketing\/2023-10-23\/consumer-panel-services-gfk-startet-consumer-panel-in-der-schweiz\/"]}]},{"@type":"ImageObject","inLanguage":"it-IT","@id":"https:\/\/www.organisator.ch\/marketing\/2023-10-23\/consumer-panel-services-gfk-startet-consumer-panel-in-der-schweiz\/#primaryimage","url":"https:\/\/www.werbewoche.ch\/wp-content\/uploads\/2023\/10\/Unsplash-FMCG.jpg","contentUrl":"https:\/\/www.werbewoche.ch\/wp-content\/uploads\/2023\/10\/Unsplash-FMCG.jpg"},{"@type":"BreadcrumbList","@id":"https:\/\/www.organisator.ch\/marketing\/2023-10-23\/consumer-panel-services-gfk-startet-consumer-panel-in-der-schweiz\/#breadcrumb","itemListElement":[{"@type":"ListItem","position":1,"name":"Home","item":"https:\/\/www.organisator.ch\/"},{"@type":"ListItem","position":2,"name":"Consumer Panel Services GfK startet Consumer Panel in der Schweiz"}]},{"@type":"WebSite","@id":"https:\/\/www.organisator.ch\/#website","url":"https:\/\/www.organisator.ch\/","name":"Organizzatore","description":"Competente. Pratico. In 10 numeri all'anno, ORGANISATOR presenta i temi essenziali per i manager delle PMI.","publisher":{"@id":"https:\/\/www.organisator.ch\/#organization"},"potentialAction":[{"@type":"SearchAction","target":{"@type":"EntryPoint","urlTemplate":"https:\/\/www.organisator.ch\/?s={search_term_string}"},"query-input":{"@type":"PropertyValueSpecification","valueRequired":true,"valueName":"search_term_string"}}],"inLanguage":"it-IT"},{"@type":"Organization","@id":"https:\/\/www.organisator.ch\/#organization","name":"Organizzatore","url":"https:\/\/www.organisator.ch\/","logo":{"@type":"ImageObject","inLanguage":"it-IT","@id":"https:\/\/www.organisator.ch\/#\/schema\/logo\/image\/","url":"https:\/\/www.organisator.ch\/wp-content\/uploads\/2022\/01\/Logo_Organisator_Website.png","contentUrl":"https:\/\/www.organisator.ch\/wp-content\/uploads\/2022\/01\/Logo_Organisator_Website.png","width":800,"height":77,"caption":"Organisator"},"image":{"@id":"https:\/\/www.organisator.ch\/#\/schema\/logo\/image\/"},"sameAs":["https:\/\/www.facebook.com\/OrganisatorFachmagazin","https:\/\/www.linkedin.com\/showcase\/organisator-das-magazin-fr-kmu","https:\/\/www.xing.com\/news\/pages\/organisator-ch-695","https:\/\/www.youtube.com\/channel\/UCGP2Sq0iWaZwT3BdIAQFYpw"]},{"@type":"Person","@id":"https:\/\/www.organisator.ch\/#\/schema\/person\/4e51799071cd2dd1232ac003643ef5f0","name":"galledia","image":{"@type":"ImageObject","inLanguage":"it-IT","@id":"https:\/\/secure.gravatar.com\/avatar\/78a7f90c01fc2bfc875782a0d4922b37cde2cf184ce347b91316d23cd7f69a36?s=96&d=mm&r=g","url":"https:\/\/secure.gravatar.com\/avatar\/78a7f90c01fc2bfc875782a0d4922b37cde2cf184ce347b91316d23cd7f69a36?s=96&d=mm&r=g","contentUrl":"https:\/\/secure.gravatar.com\/avatar\/78a7f90c01fc2bfc875782a0d4922b37cde2cf184ce347b91316d23cd7f69a36?s=96&d=mm&r=g","caption":"galledia"},"sameAs":["https:\/\/x.com\/admin"],"url":"https:\/\/www.organisator.ch\/it\/author\/galledia\/"}]}},"_links":{"self":[{"href":"https:\/\/www.organisator.ch\/it\/wp-json\/wp\/v2\/posts\/22607","targetHints":{"allow":["GET"]}}],"collection":[{"href":"https:\/\/www.organisator.ch\/it\/wp-json\/wp\/v2\/posts"}],"about":[{"href":"https:\/\/www.organisator.ch\/it\/wp-json\/wp\/v2\/types\/post"}],"author":[{"embeddable":true,"href":"https:\/\/www.organisator.ch\/it\/wp-json\/wp\/v2\/users\/8"}],"replies":[{"embeddable":true,"href":"https:\/\/www.organisator.ch\/it\/wp-json\/wp\/v2\/comments?post=22607"}],"version-history":[{"count":5,"href":"https:\/\/www.organisator.ch\/it\/wp-json\/wp\/v2\/posts\/22607\/revisions"}],"predecessor-version":[{"id":32768,"href":"https:\/\/www.organisator.ch\/it\/wp-json\/wp\/v2\/posts\/22607\/revisions\/32768"}],"wp:attachment":[{"href":"https:\/\/www.organisator.ch\/it\/wp-json\/wp\/v2\/media?parent=22607"}],"wp:term":[{"taxonomy":"category","embeddable":true,"href":"https:\/\/www.organisator.ch\/it\/wp-json\/wp\/v2\/categories?post=22607"},{"taxonomy":"post_tag","embeddable":true,"href":"https:\/\/www.organisator.ch\/it\/wp-json\/wp\/v2\/tags?post=22607"}],"curies":[{"name":"wp","href":"https:\/\/api.w.org\/{rel}","templated":true}]}}