{"id":22614,"date":"2023-10-24T00:26:37","date_gmt":"2023-10-23T22:26:37","guid":{"rendered":"https:\/\/www.organisator.ch\/?p=22614"},"modified":"2023-10-24T14:15:58","modified_gmt":"2023-10-24T12:15:58","slug":"junge-mitarbeitende-bei-der-privaten-vorsorge-unterstuetzen","status":"publish","type":"post","link":"https:\/\/www.organisator.ch\/it\/management\/finanzen_recht\/2023-10-24\/junge-mitarbeitende-bei-der-privaten-vorsorge-unterstuetzen\/","title":{"rendered":"Sostenere i giovani dipendenti con la previdenza privata"},"content":{"rendered":"<figure id=\"attachment_22615\" aria-describedby=\"caption-attachment-22615\" style=\"width: 680px\" class=\"wp-caption alignnone\"><img loading=\"lazy\" decoding=\"async\" class=\"size-full wp-image-22615\" src=\"https:\/\/www.organisator.ch\/wp-content\/uploads\/2023\/10\/Junge-Mitarbeitende-bei-der-privaten-Vorsorge-unterstuetzen_Organisator.jpg\" alt=\"\" width=\"680\" height=\"540\" srcset=\"\" sizes=\"auto, (max-width: 680px) 100vw, 680px\" data-srcset=\"\" \/><figcaption id=\"caption-attachment-22615\" class=\"wp-caption-text\">Heinrich Bruhin \u00e8 responsabile delle pensioni per i clienti privati della Tellco AG. (\u00a9 Tellco \/ Nora Dal Cero Photography)<\/figcaption><\/figure>\n<p>L'impatto dell'inflazione attuale sulla previdenza \u00e8 dimostrato dal fatto che il risparmio diventa generalmente pi\u00f9 difficile. Due esempi: L'inflazione riduce il reddito disponibile, perch\u00e9 i beni costano generalmente di pi\u00f9, e divora gli interessi percepiti sui conti di risparmio. Ci\u00f2 rende ancora pi\u00f9 importante pensare alla giusta strategia per risparmiare il capitale pensionistico necessario. Heinrich Bruhin si occupa di questi e altri argomenti in qualit\u00e0 di responsabile delle pensioni per i clienti privati della Tellco AG.<\/p>\n<p><strong>Signor Bruhin, come si fa a risparmiare una fortuna?<\/strong><\/p>\n<p>Heinrich Bruhin: La regola generale \u00e8 iniziare il prima possibile. Questo pu\u00f2 essere fatto con un classico conto di risparmio, ma preferibilmente in un terzo pilastro, investito in titoli. Gli investimenti in titoli offrono in genere un rendimento pi\u00f9 elevato rispetto ai conti di risparmio, e su un periodo di 30 o 40 anni, nonostante gli alti e bassi del mercato azionario, si mantiene di pi\u00f9 sul fondo. Soprattutto per i giovani \u00e8 consigliabile iniziare presto a risparmiare per il pilastro 3a. Quanto prima si inizia a risparmiare, tanto maggiore \u00e8 la possibilit\u00e0 di avere un capitale sicuro in et\u00e0 avanzata. Anche piccoli importi mensili possono trasformarsi in una somma considerevole nel corso degli anni (vedi grafico). Circa dieci anni prima dell'et\u00e0 di pensionamento, \u00e8 consigliabile avere una visione globale delle proprie finanze e pianificare il tempo che manca al pensionamento, in particolare il ritiro dai titoli.<\/p>\n<p><strong>Un conto di risparmio non \u00e8 sufficiente per la previdenza per la vecchiaia?<\/strong><\/p>\n<p>Avere un conto di risparmio non \u00e8 certo sbagliato. Il capitale \u00e8 protetto dalle fluttuazioni dei prezzi e, idealmente, gli interessi compensano almeno la perdita di valore dovuta all'inflazione. Tuttavia, se si vuole accumulare un patrimonio, esistono strumenti di investimento pi\u00f9 redditizi. L'esperienza ha dimostrato che gli investimenti in titoli, con particolare attenzione agli investimenti azionari del 3\u00b0 pilastro, sono particolarmente adatti a questo scopo.<\/p>\n<p><strong>Per chi vale il 3\u00b0 pilastro?<\/strong><\/p>\n<p>Per tutti. \u00c8 possibile versare importi flessibili nel 3\u00b0 pilastro e investirli in modo redditizio. I contributi versati possono essere dedotti dal reddito imponibile, con un notevole risparmio fiscale. Il denaro del 3\u00b0 pilastro \u00e8 vincolato, ma pu\u00f2 essere ritirato rapidamente se necessario, ad esempio se si vuole acquistare una casa di propriet\u00e0, intraprendere un'attivit\u00e0 autonoma o emigrare.<\/p>\n<p><strong>Il 1\u00b0 e il 2\u00b0 pilastro non sono sufficienti?<\/strong><\/p>\n<p>Il 1\u00b0 e il 2\u00b0 pilastro dovrebbero costituire la base della pensione, che sta diventando sempre pi\u00f9 difficile a causa degli sviluppi socio-demografici. Il 3\u00b0 pilastro offre la possibilit\u00e0 di risparmiare ulteriori fondi per la pensione e di perseguire una strategia pensionistica pi\u00f9 individuale. Per molte persone la propria previdenza \u00e8 importante, ma spesso ne sanno troppo poco. Questa mancanza di conoscenza pu\u00f2 portare a non riconoscere le proprie lacune e a non sfruttare opportunit\u00e0 semplici ed efficaci. Per i lavoratori autonomi, in particolare, \u00e8 consigliabile considerare una combinazione equilibrata di tutti e tre i pilastri per garantire una solida previdenza finanziaria.<\/p>\n<p><strong>Cosa devono tenere a mente i lavoratori autonomi o i giovani imprenditori per quanto riguarda la previdenza?<\/strong><\/p>\n<p>I giovani imprenditori e i fondatori di una start-up hanno comprensibilmente altre priorit\u00e0 rispetto alla previdenza. Tuttavia, \u00e8 importante non trascurare la previdenza finanziaria. A differenza dei dipendenti, non sono assicurati automaticamente nel secondo pilastro.<\/p>\n<ul>\n<li>Fondo pensione: i vantaggi di una soluzione di fondo pensione spesso superano gli svantaggi, soprattutto se il reddito \u00e8 elevato. Per legge, i contributi di risparmio fino a 25% del salario annuo AVS sono deducibili dalle imposte. Gli importi possono essere versati anche a posteriori e quindi \u00e8 possibile colmare le lacune. I lavoratori autonomi che si sono organizzati come ditta individuale sono invece limitati nell'adesione a un fondo pensione.<\/li>\n<li>Pilastro 3a: chi non aderisce a una cassa pensione pu\u00f2 versare ogni anno nel 3\u00b0 pilastro fino a 20% del proprio salario annuo (2023: max. 35 280.- CHF) e dedurre questo importo dal proprio reddito imponibile. Chi ha aderito contemporaneamente a una cassa pensione pu\u00f2 versare nel 3\u00b0 pilastro un importo deducibile nettamente inferiore. L'importo massimo ammonta quindi a un massimo di 7056.- franchi all'anno (2023), come per i lavoratori dipendenti. Gli anni in cui l'importo massimo non \u00e8 stato utilizzato non possono essere recuperati.<\/li>\n<\/ul>\n<p>La pianificazione della pensione per i lavoratori autonomi richiede iniziativa e un'attenta pianificazione finanziaria. \u00c8 importante agire per tempo e sfruttare le varie opzioni disponibili.<\/p>\n<p><strong>\u00c8 possibile individuare delle tendenze nel settore della previdenza?<\/strong><\/p>\n<p>S\u00ec, la tendenza si sta chiaramente spostando verso il risparmio dei titoli 3a attraverso soluzioni digitali, cio\u00e8 attraverso le app. Sul mercato esistono numerose offerte che facilitano il processo. Investire in titoli \u00e8 quindi molto semplice. Queste app offrono funzioni come il risparmio automatico, la gestione del budget e il monitoraggio degli investimenti. Particolarmente apprezzate dai giovani sono le opportunit\u00e0 di investire in soluzioni di investimento basate su indici e su temi futuri come la digitalizzazione o la blockchain. Notiamo anche che, forse alimentati dalla carenza di lavoratori qualificati, i datori di lavoro stanno iniziando a fornire ulteriore supporto ai loro giovani dipendenti nell'ambito della previdenza privata. Ad esempio, stanno integrando i versamenti del 3\u00b0 pilastro dei loro dipendenti con versamenti di sussidi diretti sul conto 3a. Tali incentivi possono essere utilizzati in modo efficiente nell'ambito dell'employer branding e consentono di avviare precocemente il risparmio previdenziale, in modo che i giovani dipendenti possano costruirsi un futuro finanziario sicuro.<\/p>\n<p><img loading=\"lazy\" decoding=\"async\" class=\"alignnone size-medium wp-image-22743\" src=\"https:\/\/www.organisator.ch\/wp-content\/uploads\/2023\/10\/1_3a-680x408.png\" alt=\"\" width=\"680\" height=\"408\" srcset=\"https:\/\/www.organisator.ch\/wp-content\/uploads\/2023\/10\/1_3a-680x408.png 680w, https:\/\/www.organisator.ch\/wp-content\/uploads\/2023\/10\/1_3a-1024x614.png 1024w, https:\/\/www.organisator.ch\/wp-content\/uploads\/2023\/10\/1_3a-768x461.png 768w, https:\/\/www.organisator.ch\/wp-content\/uploads\/2023\/10\/1_3a-1536x921.png 1536w, https:\/\/www.organisator.ch\/wp-content\/uploads\/2023\/10\/1_3a-2048x1228.png 2048w, https:\/\/www.organisator.ch\/wp-content\/uploads\/2023\/10\/1_3a-18x12.png 18w, https:\/\/www.organisator.ch\/wp-content\/uploads\/2023\/10\/1_3a-375x225.png 375w, https:\/\/www.organisator.ch\/wp-content\/uploads\/2023\/10\/1_3a-583x350.png 583w, https:\/\/www.organisator.ch\/wp-content\/uploads\/2023\/10\/1_3a-1000x600.png 1000w\" sizes=\"auto, (max-width: 680px) 100vw, 680px\" \/><\/p>\n<p><img loading=\"lazy\" decoding=\"async\" class=\"alignnone size-medium wp-image-22745\" src=\"https:\/\/www.organisator.ch\/wp-content\/uploads\/2023\/10\/2_3a-680x407.png\" alt=\"\" width=\"680\" height=\"407\" srcset=\"https:\/\/www.organisator.ch\/wp-content\/uploads\/2023\/10\/2_3a-680x407.png 680w, https:\/\/www.organisator.ch\/wp-content\/uploads\/2023\/10\/2_3a-1024x614.png 1024w, https:\/\/www.organisator.ch\/wp-content\/uploads\/2023\/10\/2_3a-768x460.png 768w, https:\/\/www.organisator.ch\/wp-content\/uploads\/2023\/10\/2_3a-18x12.png 18w, https:\/\/www.organisator.ch\/wp-content\/uploads\/2023\/10\/2_3a-375x225.png 375w, https:\/\/www.organisator.ch\/wp-content\/uploads\/2023\/10\/2_3a-584x350.png 584w, https:\/\/www.organisator.ch\/wp-content\/uploads\/2023\/10\/2_3a-1000x599.png 1000w, https:\/\/www.organisator.ch\/wp-content\/uploads\/2023\/10\/2_3a.png 1280w\" sizes=\"auto, (max-width: 680px) 100vw, 680px\" \/><\/p>\n<figure id=\"attachment_22746\" aria-describedby=\"caption-attachment-22746\" style=\"width: 680px\" class=\"wp-caption alignnone\"><img loading=\"lazy\" decoding=\"async\" class=\"size-full wp-image-22746\" src=\"https:\/\/www.organisator.ch\/wp-content\/uploads\/2023\/10\/Junge-Mitarbeitende-bei-der-privaten-Vorsorge-unterstuetzen-3_Organisator.jpg\" alt=\"\" width=\"680\" height=\"523\" srcset=\"https:\/\/www.organisator.ch\/wp-content\/uploads\/2023\/10\/Junge-Mitarbeitende-bei-der-privaten-Vorsorge-unterstuetzen-3_Organisator.jpg 680w, https:\/\/www.organisator.ch\/wp-content\/uploads\/2023\/10\/Junge-Mitarbeitende-bei-der-privaten-Vorsorge-unterstuetzen-3_Organisator-16x12.jpg 16w, https:\/\/www.organisator.ch\/wp-content\/uploads\/2023\/10\/Junge-Mitarbeitende-bei-der-privaten-Vorsorge-unterstuetzen-3_Organisator-375x288.jpg 375w, https:\/\/www.organisator.ch\/wp-content\/uploads\/2023\/10\/Junge-Mitarbeitende-bei-der-privaten-Vorsorge-unterstuetzen-3_Organisator-455x350.jpg 455w\" sizes=\"auto, (max-width: 680px) 100vw, 680px\" \/><figcaption id=\"caption-attachment-22746\" class=\"wp-caption-text\">Esempio di calcolo per il risparmio con il pilastro 3a.<\/figcaption><\/figure>","protected":false},"excerpt":{"rendered":"<p>Anche se relativamente bassa, l'inflazione \u00e8 un problema anche in Svizzera. L'inflazione \u00e8 chiaramente percepibile e influenza il nostro comportamento di consumo e di risparmio. Cosa significa questo in termini di previdenza? Cosa devono considerare in particolare i giovani per un futuro finanziario sicuro?<\/p>","protected":false},"author":4,"featured_media":22615,"comment_status":"closed","ping_status":"closed","sticky":false,"template":"","format":"standard","meta":{"_acf_changed":false,"_yoast_wpseo_focuskw":"Vorsorge","_yoast_wpseo_metadesc":"Die Teuerung ist deutlich sp\u00fcrbar und beeinflusst unser Konsum- und Sparverhalten. Was bedeutet dies in Bezug auf die Altersvorsorge?","articlekey":"","footnotes":""},"categories":[24],"tags":[2932,201,3980],"class_list":["post-22614","post","type-post","status-publish","format-standard","has-post-thumbnail","hentry","category-finanzen_recht","tag-altersvorsorge","tag-finanzen","tag-saeule-3a"],"acf":[],"yoast_head":"<!-- This site is optimized with the Yoast SEO plugin v27.5 - https:\/\/yoast.com\/product\/yoast-seo-wordpress\/ -->\n<title>Junge Mitarbeitende bei der \u00adprivaten Vorsorge unterst\u00fctzen - Organisator<\/title>\n<meta name=\"description\" content=\"Die Teuerung ist deutlich sp\u00fcrbar und beeinflusst unser Konsum- und Sparverhalten. Was bedeutet dies in Bezug auf die Altersvorsorge?\" \/>\n<meta name=\"robots\" content=\"index, follow, max-snippet:-1, max-image-preview:large, max-video-preview:-1\" \/>\n<link rel=\"canonical\" href=\"https:\/\/www.organisator.ch\/it\/gestione-2\/finanzen_recht\/2023-10-24\/junge-mitarbeitende-bei-der-privaten-vorsorge-unterstuetzen\/\" \/>\n<meta property=\"og:locale\" content=\"it_IT\" \/>\n<meta property=\"og:type\" content=\"article\" \/>\n<meta property=\"og:title\" content=\"Junge Mitarbeitende bei der \u00adprivaten Vorsorge unterst\u00fctzen - Organisator\" \/>\n<meta property=\"og:description\" content=\"Die Teuerung ist deutlich sp\u00fcrbar und beeinflusst unser Konsum- und Sparverhalten. Was bedeutet dies in Bezug auf die Altersvorsorge?\" \/>\n<meta property=\"og:url\" content=\"https:\/\/www.organisator.ch\/it\/gestione-2\/finanzen_recht\/2023-10-24\/junge-mitarbeitende-bei-der-privaten-vorsorge-unterstuetzen\/\" \/>\n<meta property=\"og:site_name\" content=\"Organisator\" \/>\n<meta property=\"article:publisher\" content=\"https:\/\/www.facebook.com\/OrganisatorFachmagazin\" \/>\n<meta property=\"article:published_time\" content=\"2023-10-23T22:26:37+00:00\" \/>\n<meta property=\"article:modified_time\" content=\"2023-10-24T12:15:58+00:00\" \/>\n<meta property=\"og:image\" content=\"https:\/\/www.organisator.ch\/wp-content\/uploads\/2023\/10\/Junge-Mitarbeitende-bei-der-\u00adprivaten-Vorsorge-unterstuetzen_Organisator.jpg\" \/>\n\t<meta property=\"og:image:width\" content=\"680\" \/>\n\t<meta property=\"og:image:height\" content=\"540\" \/>\n\t<meta property=\"og:image:type\" content=\"image\/jpeg\" \/>\n<meta name=\"author\" content=\"thomas.berner\" \/>\n<meta name=\"twitter:card\" content=\"summary_large_image\" \/>\n<script type=\"application\/ld+json\" class=\"yoast-schema-graph\">{\"@context\":\"https:\\\/\\\/schema.org\",\"@graph\":[{\"@type\":\"Article\",\"@id\":\"https:\\\/\\\/www.organisator.ch\\\/management\\\/finanzen_recht\\\/2023-10-24\\\/junge-mitarbeitende-bei-der-privaten-vorsorge-unterstuetzen\\\/#article\",\"isPartOf\":{\"@id\":\"https:\\\/\\\/www.organisator.ch\\\/management\\\/finanzen_recht\\\/2023-10-24\\\/junge-mitarbeitende-bei-der-privaten-vorsorge-unterstuetzen\\\/\"},\"author\":{\"name\":\"thomas.berner\",\"@id\":\"https:\\\/\\\/www.organisator.ch\\\/#\\\/schema\\\/person\\\/6f650f90b2842cd4c0cc334b4e36f67e\"},\"headline\":\"Junge Mitarbeitende bei der \u00adprivaten Vorsorge unterst\u00fctzen\",\"datePublished\":\"2023-10-23T22:26:37+00:00\",\"dateModified\":\"2023-10-24T12:15:58+00:00\",\"mainEntityOfPage\":{\"@id\":\"https:\\\/\\\/www.organisator.ch\\\/management\\\/finanzen_recht\\\/2023-10-24\\\/junge-mitarbeitende-bei-der-privaten-vorsorge-unterstuetzen\\\/\"},\"wordCount\":892,\"publisher\":{\"@id\":\"https:\\\/\\\/www.organisator.ch\\\/#organization\"},\"image\":{\"@id\":\"https:\\\/\\\/www.organisator.ch\\\/management\\\/finanzen_recht\\\/2023-10-24\\\/junge-mitarbeitende-bei-der-privaten-vorsorge-unterstuetzen\\\/#primaryimage\"},\"thumbnailUrl\":\"https:\\\/\\\/www.organisator.ch\\\/wp-content\\\/uploads\\\/2023\\\/10\\\/Junge-Mitarbeitende-bei-der-\u00adprivaten-Vorsorge-unterstuetzen_Organisator.jpg\",\"keywords\":[\"Altersvorsorge\",\"Finanzen\",\"S\u00e4ule 3a\"],\"articleSection\":[\"FINANZEN\\\/RECHT\"],\"inLanguage\":\"it-IT\"},{\"@type\":\"WebPage\",\"@id\":\"https:\\\/\\\/www.organisator.ch\\\/management\\\/finanzen_recht\\\/2023-10-24\\\/junge-mitarbeitende-bei-der-privaten-vorsorge-unterstuetzen\\\/\",\"url\":\"https:\\\/\\\/www.organisator.ch\\\/management\\\/finanzen_recht\\\/2023-10-24\\\/junge-mitarbeitende-bei-der-privaten-vorsorge-unterstuetzen\\\/\",\"name\":\"Junge Mitarbeitende bei der \u00adprivaten Vorsorge unterst\u00fctzen - Organisator\",\"isPartOf\":{\"@id\":\"https:\\\/\\\/www.organisator.ch\\\/#website\"},\"primaryImageOfPage\":{\"@id\":\"https:\\\/\\\/www.organisator.ch\\\/management\\\/finanzen_recht\\\/2023-10-24\\\/junge-mitarbeitende-bei-der-privaten-vorsorge-unterstuetzen\\\/#primaryimage\"},\"image\":{\"@id\":\"https:\\\/\\\/www.organisator.ch\\\/management\\\/finanzen_recht\\\/2023-10-24\\\/junge-mitarbeitende-bei-der-privaten-vorsorge-unterstuetzen\\\/#primaryimage\"},\"thumbnailUrl\":\"https:\\\/\\\/www.organisator.ch\\\/wp-content\\\/uploads\\\/2023\\\/10\\\/Junge-Mitarbeitende-bei-der-\u00adprivaten-Vorsorge-unterstuetzen_Organisator.jpg\",\"datePublished\":\"2023-10-23T22:26:37+00:00\",\"dateModified\":\"2023-10-24T12:15:58+00:00\",\"description\":\"Die Teuerung ist deutlich sp\u00fcrbar und beeinflusst unser Konsum- und Sparverhalten. Was bedeutet dies in Bezug auf die Altersvorsorge?\",\"breadcrumb\":{\"@id\":\"https:\\\/\\\/www.organisator.ch\\\/management\\\/finanzen_recht\\\/2023-10-24\\\/junge-mitarbeitende-bei-der-privaten-vorsorge-unterstuetzen\\\/#breadcrumb\"},\"inLanguage\":\"it-IT\",\"potentialAction\":[{\"@type\":\"ReadAction\",\"target\":[\"https:\\\/\\\/www.organisator.ch\\\/management\\\/finanzen_recht\\\/2023-10-24\\\/junge-mitarbeitende-bei-der-privaten-vorsorge-unterstuetzen\\\/\"]}]},{\"@type\":\"ImageObject\",\"inLanguage\":\"it-IT\",\"@id\":\"https:\\\/\\\/www.organisator.ch\\\/management\\\/finanzen_recht\\\/2023-10-24\\\/junge-mitarbeitende-bei-der-privaten-vorsorge-unterstuetzen\\\/#primaryimage\",\"url\":\"https:\\\/\\\/www.organisator.ch\\\/wp-content\\\/uploads\\\/2023\\\/10\\\/Junge-Mitarbeitende-bei-der-\u00adprivaten-Vorsorge-unterstuetzen_Organisator.jpg\",\"contentUrl\":\"https:\\\/\\\/www.organisator.ch\\\/wp-content\\\/uploads\\\/2023\\\/10\\\/Junge-Mitarbeitende-bei-der-\u00adprivaten-Vorsorge-unterstuetzen_Organisator.jpg\",\"width\":680,\"height\":540,\"caption\":\"Heinrich Bruhin ist Leiter Privatkunden Vorsorge bei der Tellco AG. (\u00a9 Tellco \\\/ Nora Dal Cero Photography)\"},{\"@type\":\"BreadcrumbList\",\"@id\":\"https:\\\/\\\/www.organisator.ch\\\/management\\\/finanzen_recht\\\/2023-10-24\\\/junge-mitarbeitende-bei-der-privaten-vorsorge-unterstuetzen\\\/#breadcrumb\",\"itemListElement\":[{\"@type\":\"ListItem\",\"position\":1,\"name\":\"Home\",\"item\":\"https:\\\/\\\/www.organisator.ch\\\/\"},{\"@type\":\"ListItem\",\"position\":2,\"name\":\"Junge Mitarbeitende bei der \u00adprivaten Vorsorge unterst\u00fctzen\"}]},{\"@type\":\"WebSite\",\"@id\":\"https:\\\/\\\/www.organisator.ch\\\/#website\",\"url\":\"https:\\\/\\\/www.organisator.ch\\\/\",\"name\":\"Organisator\",\"description\":\"Kompetent. Praxisnah. Der ORGANISATOR bereitet in 10 Ausgaben pro Jahr die wesentlichen Themen f\u00fcr F\u00fchrungskr\u00e4fte von KMU auf.\",\"publisher\":{\"@id\":\"https:\\\/\\\/www.organisator.ch\\\/#organization\"},\"potentialAction\":[{\"@type\":\"SearchAction\",\"target\":{\"@type\":\"EntryPoint\",\"urlTemplate\":\"https:\\\/\\\/www.organisator.ch\\\/?s={search_term_string}\"},\"query-input\":{\"@type\":\"PropertyValueSpecification\",\"valueRequired\":true,\"valueName\":\"search_term_string\"}}],\"inLanguage\":\"it-IT\"},{\"@type\":\"Organization\",\"@id\":\"https:\\\/\\\/www.organisator.ch\\\/#organization\",\"name\":\"Organisator\",\"url\":\"https:\\\/\\\/www.organisator.ch\\\/\",\"logo\":{\"@type\":\"ImageObject\",\"inLanguage\":\"it-IT\",\"@id\":\"https:\\\/\\\/www.organisator.ch\\\/#\\\/schema\\\/logo\\\/image\\\/\",\"url\":\"https:\\\/\\\/www.organisator.ch\\\/wp-content\\\/uploads\\\/2022\\\/01\\\/Logo_Organisator_Website.png\",\"contentUrl\":\"https:\\\/\\\/www.organisator.ch\\\/wp-content\\\/uploads\\\/2022\\\/01\\\/Logo_Organisator_Website.png\",\"width\":800,\"height\":77,\"caption\":\"Organisator\"},\"image\":{\"@id\":\"https:\\\/\\\/www.organisator.ch\\\/#\\\/schema\\\/logo\\\/image\\\/\"},\"sameAs\":[\"https:\\\/\\\/www.facebook.com\\\/OrganisatorFachmagazin\",\"https:\\\/\\\/www.linkedin.com\\\/showcase\\\/organisator-das-magazin-fr-kmu\",\"https:\\\/\\\/www.xing.com\\\/news\\\/pages\\\/organisator-ch-695\",\"https:\\\/\\\/www.youtube.com\\\/channel\\\/UCGP2Sq0iWaZwT3BdIAQFYpw\"]},{\"@type\":\"Person\",\"@id\":\"https:\\\/\\\/www.organisator.ch\\\/#\\\/schema\\\/person\\\/6f650f90b2842cd4c0cc334b4e36f67e\",\"name\":\"thomas.berner\",\"image\":{\"@type\":\"ImageObject\",\"inLanguage\":\"it-IT\",\"@id\":\"https:\\\/\\\/secure.gravatar.com\\\/avatar\\\/ac5001d2a36cb6c6cd3e50789007ffca834b477b74a2144564522e944eabff61?s=96&d=mm&r=g\",\"url\":\"https:\\\/\\\/secure.gravatar.com\\\/avatar\\\/ac5001d2a36cb6c6cd3e50789007ffca834b477b74a2144564522e944eabff61?s=96&d=mm&r=g\",\"contentUrl\":\"https:\\\/\\\/secure.gravatar.com\\\/avatar\\\/ac5001d2a36cb6c6cd3e50789007ffca834b477b74a2144564522e944eabff61?s=96&d=mm&r=g\",\"caption\":\"thomas.berner\"},\"url\":\"https:\\\/\\\/www.organisator.ch\\\/it\\\/author\\\/thomas-berner\\\/\"}]}<\/script>\n<!-- \/ Yoast SEO plugin. -->","yoast_head_json":{"title":"Assistenza ai giovani dipendenti con la previdenza privata - Organizzatore","description":"L'inflazione \u00e8 chiaramente percepibile e influenza il nostro comportamento di consumo e di risparmio. Cosa significa questo in termini di previdenza per la vecchiaia?","robots":{"index":"index","follow":"follow","max-snippet":"max-snippet:-1","max-image-preview":"max-image-preview:large","max-video-preview":"max-video-preview:-1"},"canonical":"https:\/\/www.organisator.ch\/it\/gestione-2\/finanzen_recht\/2023-10-24\/junge-mitarbeitende-bei-der-privaten-vorsorge-unterstuetzen\/","og_locale":"it_IT","og_type":"article","og_title":"Junge Mitarbeitende bei der \u00adprivaten Vorsorge unterst\u00fctzen - Organisator","og_description":"Die Teuerung ist deutlich sp\u00fcrbar und beeinflusst unser Konsum- und Sparverhalten. Was bedeutet dies in Bezug auf die Altersvorsorge?","og_url":"https:\/\/www.organisator.ch\/it\/gestione-2\/finanzen_recht\/2023-10-24\/junge-mitarbeitende-bei-der-privaten-vorsorge-unterstuetzen\/","og_site_name":"Organisator","article_publisher":"https:\/\/www.facebook.com\/OrganisatorFachmagazin","article_published_time":"2023-10-23T22:26:37+00:00","article_modified_time":"2023-10-24T12:15:58+00:00","og_image":[{"width":680,"height":540,"url":"https:\/\/www.organisator.ch\/wp-content\/uploads\/2023\/10\/Junge-Mitarbeitende-bei-der-\u00adprivaten-Vorsorge-unterstuetzen_Organisator.jpg","type":"image\/jpeg"}],"author":"thomas.berner","twitter_card":"summary_large_image","schema":{"@context":"https:\/\/schema.org","@graph":[{"@type":"Article","@id":"https:\/\/www.organisator.ch\/management\/finanzen_recht\/2023-10-24\/junge-mitarbeitende-bei-der-privaten-vorsorge-unterstuetzen\/#article","isPartOf":{"@id":"https:\/\/www.organisator.ch\/management\/finanzen_recht\/2023-10-24\/junge-mitarbeitende-bei-der-privaten-vorsorge-unterstuetzen\/"},"author":{"name":"thomas.berner","@id":"https:\/\/www.organisator.ch\/#\/schema\/person\/6f650f90b2842cd4c0cc334b4e36f67e"},"headline":"Junge Mitarbeitende bei der \u00adprivaten Vorsorge unterst\u00fctzen","datePublished":"2023-10-23T22:26:37+00:00","dateModified":"2023-10-24T12:15:58+00:00","mainEntityOfPage":{"@id":"https:\/\/www.organisator.ch\/management\/finanzen_recht\/2023-10-24\/junge-mitarbeitende-bei-der-privaten-vorsorge-unterstuetzen\/"},"wordCount":892,"publisher":{"@id":"https:\/\/www.organisator.ch\/#organization"},"image":{"@id":"https:\/\/www.organisator.ch\/management\/finanzen_recht\/2023-10-24\/junge-mitarbeitende-bei-der-privaten-vorsorge-unterstuetzen\/#primaryimage"},"thumbnailUrl":"https:\/\/www.organisator.ch\/wp-content\/uploads\/2023\/10\/Junge-Mitarbeitende-bei-der-\u00adprivaten-Vorsorge-unterstuetzen_Organisator.jpg","keywords":["Altersvorsorge","Finanzen","S\u00e4ule 3a"],"articleSection":["FINANZEN\/RECHT"],"inLanguage":"it-IT"},{"@type":"WebPage","@id":"https:\/\/www.organisator.ch\/management\/finanzen_recht\/2023-10-24\/junge-mitarbeitende-bei-der-privaten-vorsorge-unterstuetzen\/","url":"https:\/\/www.organisator.ch\/management\/finanzen_recht\/2023-10-24\/junge-mitarbeitende-bei-der-privaten-vorsorge-unterstuetzen\/","name":"Assistenza ai giovani dipendenti con la previdenza privata - Organizzatore","isPartOf":{"@id":"https:\/\/www.organisator.ch\/#website"},"primaryImageOfPage":{"@id":"https:\/\/www.organisator.ch\/management\/finanzen_recht\/2023-10-24\/junge-mitarbeitende-bei-der-privaten-vorsorge-unterstuetzen\/#primaryimage"},"image":{"@id":"https:\/\/www.organisator.ch\/management\/finanzen_recht\/2023-10-24\/junge-mitarbeitende-bei-der-privaten-vorsorge-unterstuetzen\/#primaryimage"},"thumbnailUrl":"https:\/\/www.organisator.ch\/wp-content\/uploads\/2023\/10\/Junge-Mitarbeitende-bei-der-\u00adprivaten-Vorsorge-unterstuetzen_Organisator.jpg","datePublished":"2023-10-23T22:26:37+00:00","dateModified":"2023-10-24T12:15:58+00:00","description":"L'inflazione \u00e8 chiaramente percepibile e influenza il nostro comportamento di consumo e di risparmio. Cosa significa questo in termini di previdenza per la vecchiaia?","breadcrumb":{"@id":"https:\/\/www.organisator.ch\/management\/finanzen_recht\/2023-10-24\/junge-mitarbeitende-bei-der-privaten-vorsorge-unterstuetzen\/#breadcrumb"},"inLanguage":"it-IT","potentialAction":[{"@type":"ReadAction","target":["https:\/\/www.organisator.ch\/management\/finanzen_recht\/2023-10-24\/junge-mitarbeitende-bei-der-privaten-vorsorge-unterstuetzen\/"]}]},{"@type":"ImageObject","inLanguage":"it-IT","@id":"https:\/\/www.organisator.ch\/management\/finanzen_recht\/2023-10-24\/junge-mitarbeitende-bei-der-privaten-vorsorge-unterstuetzen\/#primaryimage","url":"https:\/\/www.organisator.ch\/wp-content\/uploads\/2023\/10\/Junge-Mitarbeitende-bei-der-\u00adprivaten-Vorsorge-unterstuetzen_Organisator.jpg","contentUrl":"https:\/\/www.organisator.ch\/wp-content\/uploads\/2023\/10\/Junge-Mitarbeitende-bei-der-\u00adprivaten-Vorsorge-unterstuetzen_Organisator.jpg","width":680,"height":540,"caption":"Heinrich Bruhin ist Leiter Privatkunden Vorsorge bei der Tellco AG. (\u00a9 Tellco \/ Nora Dal Cero Photography)"},{"@type":"BreadcrumbList","@id":"https:\/\/www.organisator.ch\/management\/finanzen_recht\/2023-10-24\/junge-mitarbeitende-bei-der-privaten-vorsorge-unterstuetzen\/#breadcrumb","itemListElement":[{"@type":"ListItem","position":1,"name":"Home","item":"https:\/\/www.organisator.ch\/"},{"@type":"ListItem","position":2,"name":"Junge Mitarbeitende bei der \u00adprivaten Vorsorge unterst\u00fctzen"}]},{"@type":"WebSite","@id":"https:\/\/www.organisator.ch\/#website","url":"https:\/\/www.organisator.ch\/","name":"Organizzatore","description":"Competente. Pratico. In 10 numeri all'anno, ORGANISATOR presenta i temi essenziali per i manager delle PMI.","publisher":{"@id":"https:\/\/www.organisator.ch\/#organization"},"potentialAction":[{"@type":"SearchAction","target":{"@type":"EntryPoint","urlTemplate":"https:\/\/www.organisator.ch\/?s={search_term_string}"},"query-input":{"@type":"PropertyValueSpecification","valueRequired":true,"valueName":"search_term_string"}}],"inLanguage":"it-IT"},{"@type":"Organization","@id":"https:\/\/www.organisator.ch\/#organization","name":"Organizzatore","url":"https:\/\/www.organisator.ch\/","logo":{"@type":"ImageObject","inLanguage":"it-IT","@id":"https:\/\/www.organisator.ch\/#\/schema\/logo\/image\/","url":"https:\/\/www.organisator.ch\/wp-content\/uploads\/2022\/01\/Logo_Organisator_Website.png","contentUrl":"https:\/\/www.organisator.ch\/wp-content\/uploads\/2022\/01\/Logo_Organisator_Website.png","width":800,"height":77,"caption":"Organisator"},"image":{"@id":"https:\/\/www.organisator.ch\/#\/schema\/logo\/image\/"},"sameAs":["https:\/\/www.facebook.com\/OrganisatorFachmagazin","https:\/\/www.linkedin.com\/showcase\/organisator-das-magazin-fr-kmu","https:\/\/www.xing.com\/news\/pages\/organisator-ch-695","https:\/\/www.youtube.com\/channel\/UCGP2Sq0iWaZwT3BdIAQFYpw"]},{"@type":"Person","@id":"https:\/\/www.organisator.ch\/#\/schema\/person\/6f650f90b2842cd4c0cc334b4e36f67e","name":"Tommaso.berner","image":{"@type":"ImageObject","inLanguage":"it-IT","@id":"https:\/\/secure.gravatar.com\/avatar\/ac5001d2a36cb6c6cd3e50789007ffca834b477b74a2144564522e944eabff61?s=96&d=mm&r=g","url":"https:\/\/secure.gravatar.com\/avatar\/ac5001d2a36cb6c6cd3e50789007ffca834b477b74a2144564522e944eabff61?s=96&d=mm&r=g","contentUrl":"https:\/\/secure.gravatar.com\/avatar\/ac5001d2a36cb6c6cd3e50789007ffca834b477b74a2144564522e944eabff61?s=96&d=mm&r=g","caption":"thomas.berner"},"url":"https:\/\/www.organisator.ch\/it\/author\/thomas-berner\/"}]}},"_links":{"self":[{"href":"https:\/\/www.organisator.ch\/it\/wp-json\/wp\/v2\/posts\/22614","targetHints":{"allow":["GET"]}}],"collection":[{"href":"https:\/\/www.organisator.ch\/it\/wp-json\/wp\/v2\/posts"}],"about":[{"href":"https:\/\/www.organisator.ch\/it\/wp-json\/wp\/v2\/types\/post"}],"author":[{"embeddable":true,"href":"https:\/\/www.organisator.ch\/it\/wp-json\/wp\/v2\/users\/4"}],"replies":[{"embeddable":true,"href":"https:\/\/www.organisator.ch\/it\/wp-json\/wp\/v2\/comments?post=22614"}],"version-history":[{"count":4,"href":"https:\/\/www.organisator.ch\/it\/wp-json\/wp\/v2\/posts\/22614\/revisions"}],"predecessor-version":[{"id":22747,"href":"https:\/\/www.organisator.ch\/it\/wp-json\/wp\/v2\/posts\/22614\/revisions\/22747"}],"wp:featuredmedia":[{"embeddable":true,"href":"https:\/\/www.organisator.ch\/it\/wp-json\/wp\/v2\/media\/22615"}],"wp:attachment":[{"href":"https:\/\/www.organisator.ch\/it\/wp-json\/wp\/v2\/media?parent=22614"}],"wp:term":[{"taxonomy":"category","embeddable":true,"href":"https:\/\/www.organisator.ch\/it\/wp-json\/wp\/v2\/categories?post=22614"},{"taxonomy":"post_tag","embeddable":true,"href":"https:\/\/www.organisator.ch\/it\/wp-json\/wp\/v2\/tags?post=22614"}],"curies":[{"name":"wp","href":"https:\/\/api.w.org\/{rel}","templated":true}]}}