{"id":22672,"date":"2023-10-24T08:20:00","date_gmt":"2023-10-24T06:20:00","guid":{"rendered":"https:\/\/www.organisator.ch\/de\/?p=22672"},"modified":"2023-10-24T08:22:17","modified_gmt":"2023-10-24T06:22:17","slug":"fuer-flexibilitaet-in-der-beruflichen-vorsorge-3","status":"publish","type":"post","link":"https:\/\/www.organisator.ch\/it\/allgemein\/2023-10-24\/fuer-flexibilitaet-in-der-beruflichen-vorsorge-3\/","title":{"rendered":"Per la flessibilit\u00e0 della previdenza professionale"},"content":{"rendered":"<p><img loading=\"lazy\" decoding=\"async\" class=\"alignnone size-medium wp-image-22671\" src=\"https:\/\/www.organisator.ch\/wp-content\/uploads\/2023\/10\/PR_Bild_tellco_kmu_attraktiv_cmyk_organisator_47656-680x641.jpg\" alt=\"\" width=\"680\" height=\"641\" srcset=\"https:\/\/www.organisator.ch\/wp-content\/uploads\/2023\/10\/PR_Bild_tellco_kmu_attraktiv_cmyk_organisator_47656-680x641.jpg 680w, https:\/\/www.organisator.ch\/wp-content\/uploads\/2023\/10\/PR_Bild_tellco_kmu_attraktiv_cmyk_organisator_47656-1024x965.jpg 1024w, https:\/\/www.organisator.ch\/wp-content\/uploads\/2023\/10\/PR_Bild_tellco_kmu_attraktiv_cmyk_organisator_47656-768x723.jpg 768w, https:\/\/www.organisator.ch\/wp-content\/uploads\/2023\/10\/PR_Bild_tellco_kmu_attraktiv_cmyk_organisator_47656-13x12.jpg 13w, https:\/\/www.organisator.ch\/wp-content\/uploads\/2023\/10\/PR_Bild_tellco_kmu_attraktiv_cmyk_organisator_47656-318x300.jpg 318w, https:\/\/www.organisator.ch\/wp-content\/uploads\/2023\/10\/PR_Bild_tellco_kmu_attraktiv_cmyk_organisator_47656-372x350.jpg 372w, https:\/\/www.organisator.ch\/wp-content\/uploads\/2023\/10\/PR_Bild_tellco_kmu_attraktiv_cmyk_organisator_47656-849x800.jpg 849w, https:\/\/www.organisator.ch\/wp-content\/uploads\/2023\/10\/PR_Bild_tellco_kmu_attraktiv_cmyk_organisator_47656.jpg 1240w\" sizes=\"auto, (max-width: 680px) 100vw, 680px\" \/><\/p>\n<p>Quando si parla di previdenza professionale si pensa subito alla flessibilit\u00e0? No? Allora probabilmente non siete i soli. La previdenza professionale \u00e8 una previdenza per il periodo successivo al pensionamento ed \u00e8 quindi associata principalmente alla sicurezza e alla continuit\u00e0. La Tellco pk, tuttavia, \u00e8 convinta che anche la flessibilit\u00e0 debba essere un attributo importante di un fondo pensione. Perch\u00e9 cos\u00ec come le aziende cambiano, anche la loro previdenza deve essere in grado di adattarsi.<\/p>\n<blockquote>\n<h3>Extra:<\/h3>\n<p>La flessibilit\u00e0 della Tellco pk si riflette anche nelle scadenze dei premi di risparmio. La maggior parte dei premi non scade prima della fine dell'anno, dando alle aziende pi\u00f9 tempo e sicurezza di pianificazione. A proposito: chi paga prima della scadenza riceve un tasso di interesse dell'1% sull'importo.<\/p><\/blockquote>\n<h3><\/h3>\n<h3>Scelte individuali<\/h3>\n<p>La particolarit\u00e0 della Tellco pk \u00e8 il suo approccio personalizzato: \"Crediamo che la previdenza professionale non possa essere concepita in modo statico: Dovrebbe crescere con l'azienda\". Per questo motivo le aziende affiliate alla Tellco pk hanno la possibilit\u00e0 di scegliere quella pi\u00f9 adatta alle loro esigenze tra una serie di offerte e possono addirittura adeguarla gratuitamente ogni anno.<\/p>\n<p>\u00c8 possibile scegliere tra tre comparti: PRO, PULSE e INDIVIDUA. Si differenziano per la strategia d'investimento - da quella orientata alla sicurezza a quella orientata al rendimento - e per la possibilit\u00e0 di definire autonomamente le singole componenti della soluzione previdenziale.<\/p>\n<p>Nel caso di PRO, con una componente azionaria strategica di 25%, l'attenzione \u00e8 rivolta alla stabilit\u00e0: le fluttuazioni dei prezzi rimangono basse e il patrimonio cresce moderatamente ma regolarmente.<\/p>\n<p>Con PULSE, invece, l'attenzione \u00e8 rivolta alla crescita: una maggiore componente azionaria strategica del 40% garantisce maggiori opportunit\u00e0, ma anche maggiori oscillazioni di prezzo in determinate circostanze.<\/p>\n<p>Infine, con INDIVIDUA \u00e8 l'impresa assicurata a decidere: gestore patrimoniale o depositario, investimenti diretti o in fondi, scelta del tasso di conversione e altro ancora - \u00e8 la commissione di previdenza a decidere.<\/p>\n<p>Mentre i comparti PRO e PULSE sono adatti a tutte le aziende, l'opzione INDIVIDUA \u00e8 una soluzione speciale per le aziende con 50 o pi\u00f9 dipendenti assicurati e un capitale di investimento di almeno 20 milioni di franchi.<\/p>\n<h3><strong>Fondo pensione leader in Svizzera<\/strong><\/h3>\n<p>La Tellco pk \u00e8 uno dei fondi pensione pi\u00f9 importanti del mercato svizzero. In continua crescita, conta attualmente circa 10.000 aziende affiliate e 95.000 assicurati. Gestisce un patrimonio totale di circa 4,26 miliardi di franchi svizzeri (alla fine del 2022).<\/p>\n<p><a href=\"https:\/\/www.tellco.ch\/berufliche-vorsorge\/arbeitgeber\/\">tellco.ch\/kmu<\/a><\/p>","protected":false},"excerpt":{"rendered":"<p>La Tellco pk ha internalizzato la flessibilit\u00e0, in quanto le soluzioni individuali che affrontano le circostanze attuali delle societ\u00e0 affiliate sono standard presso la Schwyzer Pensionskasse.<\/p>","protected":false},"author":1,"featured_media":22671,"comment_status":"closed","ping_status":"closed","sticky":false,"template":"","format":"standard","meta":{"_acf_changed":false,"_yoast_wpseo_focuskw":"Flexibilit\u00e4t","_yoast_wpseo_metadesc":"Die Tellco pk hat Flexibilit\u00e4t verinnerlicht, denn bei der Schwyzer Pensionskasse sind individuelle L\u00f6sungen Standard.","articlekey":"67999","footnotes":""},"categories":[1],"tags":[2921,2696],"class_list":["post-22672","post","type-post","status-publish","format-standard","has-post-thumbnail","hentry","category-allgemein","tag-berufliche-vorsorge","tag-publireportage"],"acf":[],"yoast_head":"<!-- This site is optimized with the Yoast SEO plugin v27.5 - https:\/\/yoast.com\/product\/yoast-seo-wordpress\/ -->\n<title>F\u00fcr Flexibilit\u00e4t in der beruflichen Vorsorge - Organisator<\/title>\n<meta name=\"description\" content=\"Die Tellco pk hat Flexibilit\u00e4t verinnerlicht, denn bei der Schwyzer Pensionskasse sind individuelle L\u00f6sungen Standard.\" \/>\n<meta name=\"robots\" content=\"index, follow, max-snippet:-1, max-image-preview:large, max-video-preview:-1\" \/>\n<link rel=\"canonical\" href=\"https:\/\/www.organisator.ch\/it\/generale\/2023-10-24\/fuer-flexibilitaet-in-der-beruflichen-vorsorge-3\/\" \/>\n<meta property=\"og:locale\" content=\"it_IT\" \/>\n<meta property=\"og:type\" content=\"article\" \/>\n<meta property=\"og:title\" content=\"F\u00fcr Flexibilit\u00e4t in der beruflichen Vorsorge - Organisator\" \/>\n<meta property=\"og:description\" content=\"Die Tellco pk hat Flexibilit\u00e4t verinnerlicht, denn bei der Schwyzer Pensionskasse sind individuelle L\u00f6sungen Standard.\" \/>\n<meta property=\"og:url\" content=\"https:\/\/www.organisator.ch\/it\/generale\/2023-10-24\/fuer-flexibilitaet-in-der-beruflichen-vorsorge-3\/\" \/>\n<meta property=\"og:site_name\" content=\"Organisator\" \/>\n<meta property=\"article:publisher\" content=\"https:\/\/www.facebook.com\/OrganisatorFachmagazin\" \/>\n<meta property=\"article:published_time\" content=\"2023-10-24T06:20:00+00:00\" \/>\n<meta property=\"article:modified_time\" content=\"2023-10-24T06:22:17+00:00\" \/>\n<meta property=\"og:image\" content=\"https:\/\/www.organisator.ch\/wp-content\/uploads\/2023\/10\/PR_Bild_tellco_kmu_attraktiv_cmyk_organisator_47656.jpg\" \/>\n\t<meta property=\"og:image:width\" content=\"1240\" \/>\n\t<meta property=\"og:image:height\" content=\"1168\" \/>\n\t<meta property=\"og:image:type\" content=\"image\/jpeg\" \/>\n<meta name=\"author\" content=\"admin\" \/>\n<meta name=\"twitter:card\" content=\"summary_large_image\" \/>\n<script type=\"application\/ld+json\" class=\"yoast-schema-graph\">{\"@context\":\"https:\\\/\\\/schema.org\",\"@graph\":[{\"@type\":\"Article\",\"@id\":\"https:\\\/\\\/www.organisator.ch\\\/allgemein\\\/2023-10-24\\\/fuer-flexibilitaet-in-der-beruflichen-vorsorge-3\\\/#article\",\"isPartOf\":{\"@id\":\"https:\\\/\\\/www.organisator.ch\\\/allgemein\\\/2023-10-24\\\/fuer-flexibilitaet-in-der-beruflichen-vorsorge-3\\\/\"},\"author\":{\"name\":\"admin\",\"@id\":\"https:\\\/\\\/www.organisator.ch\\\/#\\\/schema\\\/person\\\/aa2bace6c5c5aad60102004a50c4eb1c\"},\"headline\":\"F\u00fcr Flexibilit\u00e4t in der beruflichen Vorsorge\",\"datePublished\":\"2023-10-24T06:20:00+00:00\",\"dateModified\":\"2023-10-24T06:22:17+00:00\",\"mainEntityOfPage\":{\"@id\":\"https:\\\/\\\/www.organisator.ch\\\/allgemein\\\/2023-10-24\\\/fuer-flexibilitaet-in-der-beruflichen-vorsorge-3\\\/\"},\"wordCount\":395,\"publisher\":{\"@id\":\"https:\\\/\\\/www.organisator.ch\\\/#organization\"},\"image\":{\"@id\":\"https:\\\/\\\/www.organisator.ch\\\/allgemein\\\/2023-10-24\\\/fuer-flexibilitaet-in-der-beruflichen-vorsorge-3\\\/#primaryimage\"},\"thumbnailUrl\":\"https:\\\/\\\/www.organisator.ch\\\/wp-content\\\/uploads\\\/2023\\\/10\\\/PR_Bild_tellco_kmu_attraktiv_cmyk_organisator_47656.jpg\",\"keywords\":[\"Berufliche Vorsorge\",\"Publireportage\"],\"articleSection\":[\"Allgemein\"],\"inLanguage\":\"it-IT\"},{\"@type\":\"WebPage\",\"@id\":\"https:\\\/\\\/www.organisator.ch\\\/allgemein\\\/2023-10-24\\\/fuer-flexibilitaet-in-der-beruflichen-vorsorge-3\\\/\",\"url\":\"https:\\\/\\\/www.organisator.ch\\\/allgemein\\\/2023-10-24\\\/fuer-flexibilitaet-in-der-beruflichen-vorsorge-3\\\/\",\"name\":\"F\u00fcr Flexibilit\u00e4t in der beruflichen Vorsorge - Organisator\",\"isPartOf\":{\"@id\":\"https:\\\/\\\/www.organisator.ch\\\/#website\"},\"primaryImageOfPage\":{\"@id\":\"https:\\\/\\\/www.organisator.ch\\\/allgemein\\\/2023-10-24\\\/fuer-flexibilitaet-in-der-beruflichen-vorsorge-3\\\/#primaryimage\"},\"image\":{\"@id\":\"https:\\\/\\\/www.organisator.ch\\\/allgemein\\\/2023-10-24\\\/fuer-flexibilitaet-in-der-beruflichen-vorsorge-3\\\/#primaryimage\"},\"thumbnailUrl\":\"https:\\\/\\\/www.organisator.ch\\\/wp-content\\\/uploads\\\/2023\\\/10\\\/PR_Bild_tellco_kmu_attraktiv_cmyk_organisator_47656.jpg\",\"datePublished\":\"2023-10-24T06:20:00+00:00\",\"dateModified\":\"2023-10-24T06:22:17+00:00\",\"description\":\"Die Tellco pk hat Flexibilit\u00e4t verinnerlicht, denn bei der Schwyzer Pensionskasse sind individuelle L\u00f6sungen Standard.\",\"breadcrumb\":{\"@id\":\"https:\\\/\\\/www.organisator.ch\\\/allgemein\\\/2023-10-24\\\/fuer-flexibilitaet-in-der-beruflichen-vorsorge-3\\\/#breadcrumb\"},\"inLanguage\":\"it-IT\",\"potentialAction\":[{\"@type\":\"ReadAction\",\"target\":[\"https:\\\/\\\/www.organisator.ch\\\/allgemein\\\/2023-10-24\\\/fuer-flexibilitaet-in-der-beruflichen-vorsorge-3\\\/\"]}]},{\"@type\":\"ImageObject\",\"inLanguage\":\"it-IT\",\"@id\":\"https:\\\/\\\/www.organisator.ch\\\/allgemein\\\/2023-10-24\\\/fuer-flexibilitaet-in-der-beruflichen-vorsorge-3\\\/#primaryimage\",\"url\":\"https:\\\/\\\/www.organisator.ch\\\/wp-content\\\/uploads\\\/2023\\\/10\\\/PR_Bild_tellco_kmu_attraktiv_cmyk_organisator_47656.jpg\",\"contentUrl\":\"https:\\\/\\\/www.organisator.ch\\\/wp-content\\\/uploads\\\/2023\\\/10\\\/PR_Bild_tellco_kmu_attraktiv_cmyk_organisator_47656.jpg\",\"width\":1240,\"height\":1168},{\"@type\":\"BreadcrumbList\",\"@id\":\"https:\\\/\\\/www.organisator.ch\\\/allgemein\\\/2023-10-24\\\/fuer-flexibilitaet-in-der-beruflichen-vorsorge-3\\\/#breadcrumb\",\"itemListElement\":[{\"@type\":\"ListItem\",\"position\":1,\"name\":\"Home\",\"item\":\"https:\\\/\\\/www.organisator.ch\\\/\"},{\"@type\":\"ListItem\",\"position\":2,\"name\":\"F\u00fcr Flexibilit\u00e4t in der beruflichen Vorsorge\"}]},{\"@type\":\"WebSite\",\"@id\":\"https:\\\/\\\/www.organisator.ch\\\/#website\",\"url\":\"https:\\\/\\\/www.organisator.ch\\\/\",\"name\":\"Organisator\",\"description\":\"Kompetent. Praxisnah. Der ORGANISATOR bereitet in 10 Ausgaben pro Jahr die wesentlichen Themen f\u00fcr F\u00fchrungskr\u00e4fte von KMU auf.\",\"publisher\":{\"@id\":\"https:\\\/\\\/www.organisator.ch\\\/#organization\"},\"potentialAction\":[{\"@type\":\"SearchAction\",\"target\":{\"@type\":\"EntryPoint\",\"urlTemplate\":\"https:\\\/\\\/www.organisator.ch\\\/?s={search_term_string}\"},\"query-input\":{\"@type\":\"PropertyValueSpecification\",\"valueRequired\":true,\"valueName\":\"search_term_string\"}}],\"inLanguage\":\"it-IT\"},{\"@type\":\"Organization\",\"@id\":\"https:\\\/\\\/www.organisator.ch\\\/#organization\",\"name\":\"Organisator\",\"url\":\"https:\\\/\\\/www.organisator.ch\\\/\",\"logo\":{\"@type\":\"ImageObject\",\"inLanguage\":\"it-IT\",\"@id\":\"https:\\\/\\\/www.organisator.ch\\\/#\\\/schema\\\/logo\\\/image\\\/\",\"url\":\"https:\\\/\\\/www.organisator.ch\\\/wp-content\\\/uploads\\\/2022\\\/01\\\/Logo_Organisator_Website.png\",\"contentUrl\":\"https:\\\/\\\/www.organisator.ch\\\/wp-content\\\/uploads\\\/2022\\\/01\\\/Logo_Organisator_Website.png\",\"width\":800,\"height\":77,\"caption\":\"Organisator\"},\"image\":{\"@id\":\"https:\\\/\\\/www.organisator.ch\\\/#\\\/schema\\\/logo\\\/image\\\/\"},\"sameAs\":[\"https:\\\/\\\/www.facebook.com\\\/OrganisatorFachmagazin\",\"https:\\\/\\\/www.linkedin.com\\\/showcase\\\/organisator-das-magazin-fr-kmu\",\"https:\\\/\\\/www.xing.com\\\/news\\\/pages\\\/organisator-ch-695\",\"https:\\\/\\\/www.youtube.com\\\/channel\\\/UCGP2Sq0iWaZwT3BdIAQFYpw\"]},{\"@type\":\"Person\",\"@id\":\"https:\\\/\\\/www.organisator.ch\\\/#\\\/schema\\\/person\\\/aa2bace6c5c5aad60102004a50c4eb1c\",\"name\":\"admin\",\"image\":{\"@type\":\"ImageObject\",\"inLanguage\":\"it-IT\",\"@id\":\"https:\\\/\\\/secure.gravatar.com\\\/avatar\\\/ae2f4d718e6c49043e314ce431e7e645d646302a24a5ef5a8bc8e3f5a032e319?s=96&d=mm&r=g\",\"url\":\"https:\\\/\\\/secure.gravatar.com\\\/avatar\\\/ae2f4d718e6c49043e314ce431e7e645d646302a24a5ef5a8bc8e3f5a032e319?s=96&d=mm&r=g\",\"contentUrl\":\"https:\\\/\\\/secure.gravatar.com\\\/avatar\\\/ae2f4d718e6c49043e314ce431e7e645d646302a24a5ef5a8bc8e3f5a032e319?s=96&d=mm&r=g\",\"caption\":\"admin\"},\"sameAs\":[\"https:\\\/\\\/www.organisator.ch\"],\"url\":\"https:\\\/\\\/www.organisator.ch\\\/it\\\/author\\\/admin\\\/\"}]}<\/script>\n<!-- \/ Yoast SEO plugin. -->","yoast_head_json":{"title":"Per la flessibilit\u00e0 nella previdenza professionale - Organizzatore","description":"La Tellco pk ha internalizzato la flessibilit\u00e0, perch\u00e9 le soluzioni individuali sono standard presso la Schwyzer Pensionskasse.","robots":{"index":"index","follow":"follow","max-snippet":"max-snippet:-1","max-image-preview":"max-image-preview:large","max-video-preview":"max-video-preview:-1"},"canonical":"https:\/\/www.organisator.ch\/it\/generale\/2023-10-24\/fuer-flexibilitaet-in-der-beruflichen-vorsorge-3\/","og_locale":"it_IT","og_type":"article","og_title":"F\u00fcr Flexibilit\u00e4t in der beruflichen Vorsorge - Organisator","og_description":"Die Tellco pk hat Flexibilit\u00e4t verinnerlicht, denn bei der Schwyzer Pensionskasse sind individuelle L\u00f6sungen Standard.","og_url":"https:\/\/www.organisator.ch\/it\/generale\/2023-10-24\/fuer-flexibilitaet-in-der-beruflichen-vorsorge-3\/","og_site_name":"Organisator","article_publisher":"https:\/\/www.facebook.com\/OrganisatorFachmagazin","article_published_time":"2023-10-24T06:20:00+00:00","article_modified_time":"2023-10-24T06:22:17+00:00","og_image":[{"width":1240,"height":1168,"url":"https:\/\/www.organisator.ch\/wp-content\/uploads\/2023\/10\/PR_Bild_tellco_kmu_attraktiv_cmyk_organisator_47656.jpg","type":"image\/jpeg"}],"author":"admin","twitter_card":"summary_large_image","schema":{"@context":"https:\/\/schema.org","@graph":[{"@type":"Article","@id":"https:\/\/www.organisator.ch\/allgemein\/2023-10-24\/fuer-flexibilitaet-in-der-beruflichen-vorsorge-3\/#article","isPartOf":{"@id":"https:\/\/www.organisator.ch\/allgemein\/2023-10-24\/fuer-flexibilitaet-in-der-beruflichen-vorsorge-3\/"},"author":{"name":"admin","@id":"https:\/\/www.organisator.ch\/#\/schema\/person\/aa2bace6c5c5aad60102004a50c4eb1c"},"headline":"F\u00fcr Flexibilit\u00e4t in der beruflichen Vorsorge","datePublished":"2023-10-24T06:20:00+00:00","dateModified":"2023-10-24T06:22:17+00:00","mainEntityOfPage":{"@id":"https:\/\/www.organisator.ch\/allgemein\/2023-10-24\/fuer-flexibilitaet-in-der-beruflichen-vorsorge-3\/"},"wordCount":395,"publisher":{"@id":"https:\/\/www.organisator.ch\/#organization"},"image":{"@id":"https:\/\/www.organisator.ch\/allgemein\/2023-10-24\/fuer-flexibilitaet-in-der-beruflichen-vorsorge-3\/#primaryimage"},"thumbnailUrl":"https:\/\/www.organisator.ch\/wp-content\/uploads\/2023\/10\/PR_Bild_tellco_kmu_attraktiv_cmyk_organisator_47656.jpg","keywords":["Berufliche Vorsorge","Publireportage"],"articleSection":["Allgemein"],"inLanguage":"it-IT"},{"@type":"WebPage","@id":"https:\/\/www.organisator.ch\/allgemein\/2023-10-24\/fuer-flexibilitaet-in-der-beruflichen-vorsorge-3\/","url":"https:\/\/www.organisator.ch\/allgemein\/2023-10-24\/fuer-flexibilitaet-in-der-beruflichen-vorsorge-3\/","name":"Per la flessibilit\u00e0 nella previdenza professionale - Organizzatore","isPartOf":{"@id":"https:\/\/www.organisator.ch\/#website"},"primaryImageOfPage":{"@id":"https:\/\/www.organisator.ch\/allgemein\/2023-10-24\/fuer-flexibilitaet-in-der-beruflichen-vorsorge-3\/#primaryimage"},"image":{"@id":"https:\/\/www.organisator.ch\/allgemein\/2023-10-24\/fuer-flexibilitaet-in-der-beruflichen-vorsorge-3\/#primaryimage"},"thumbnailUrl":"https:\/\/www.organisator.ch\/wp-content\/uploads\/2023\/10\/PR_Bild_tellco_kmu_attraktiv_cmyk_organisator_47656.jpg","datePublished":"2023-10-24T06:20:00+00:00","dateModified":"2023-10-24T06:22:17+00:00","description":"La Tellco pk ha internalizzato la flessibilit\u00e0, perch\u00e9 le soluzioni individuali sono standard presso la Schwyzer Pensionskasse.","breadcrumb":{"@id":"https:\/\/www.organisator.ch\/allgemein\/2023-10-24\/fuer-flexibilitaet-in-der-beruflichen-vorsorge-3\/#breadcrumb"},"inLanguage":"it-IT","potentialAction":[{"@type":"ReadAction","target":["https:\/\/www.organisator.ch\/allgemein\/2023-10-24\/fuer-flexibilitaet-in-der-beruflichen-vorsorge-3\/"]}]},{"@type":"ImageObject","inLanguage":"it-IT","@id":"https:\/\/www.organisator.ch\/allgemein\/2023-10-24\/fuer-flexibilitaet-in-der-beruflichen-vorsorge-3\/#primaryimage","url":"https:\/\/www.organisator.ch\/wp-content\/uploads\/2023\/10\/PR_Bild_tellco_kmu_attraktiv_cmyk_organisator_47656.jpg","contentUrl":"https:\/\/www.organisator.ch\/wp-content\/uploads\/2023\/10\/PR_Bild_tellco_kmu_attraktiv_cmyk_organisator_47656.jpg","width":1240,"height":1168},{"@type":"BreadcrumbList","@id":"https:\/\/www.organisator.ch\/allgemein\/2023-10-24\/fuer-flexibilitaet-in-der-beruflichen-vorsorge-3\/#breadcrumb","itemListElement":[{"@type":"ListItem","position":1,"name":"Home","item":"https:\/\/www.organisator.ch\/"},{"@type":"ListItem","position":2,"name":"F\u00fcr Flexibilit\u00e4t in der beruflichen Vorsorge"}]},{"@type":"WebSite","@id":"https:\/\/www.organisator.ch\/#website","url":"https:\/\/www.organisator.ch\/","name":"Organizzatore","description":"Competente. Pratico. In 10 numeri all'anno, ORGANISATOR presenta i temi essenziali per i manager delle PMI.","publisher":{"@id":"https:\/\/www.organisator.ch\/#organization"},"potentialAction":[{"@type":"SearchAction","target":{"@type":"EntryPoint","urlTemplate":"https:\/\/www.organisator.ch\/?s={search_term_string}"},"query-input":{"@type":"PropertyValueSpecification","valueRequired":true,"valueName":"search_term_string"}}],"inLanguage":"it-IT"},{"@type":"Organization","@id":"https:\/\/www.organisator.ch\/#organization","name":"Organizzatore","url":"https:\/\/www.organisator.ch\/","logo":{"@type":"ImageObject","inLanguage":"it-IT","@id":"https:\/\/www.organisator.ch\/#\/schema\/logo\/image\/","url":"https:\/\/www.organisator.ch\/wp-content\/uploads\/2022\/01\/Logo_Organisator_Website.png","contentUrl":"https:\/\/www.organisator.ch\/wp-content\/uploads\/2022\/01\/Logo_Organisator_Website.png","width":800,"height":77,"caption":"Organisator"},"image":{"@id":"https:\/\/www.organisator.ch\/#\/schema\/logo\/image\/"},"sameAs":["https:\/\/www.facebook.com\/OrganisatorFachmagazin","https:\/\/www.linkedin.com\/showcase\/organisator-das-magazin-fr-kmu","https:\/\/www.xing.com\/news\/pages\/organisator-ch-695","https:\/\/www.youtube.com\/channel\/UCGP2Sq0iWaZwT3BdIAQFYpw"]},{"@type":"Person","@id":"https:\/\/www.organisator.ch\/#\/schema\/person\/aa2bace6c5c5aad60102004a50c4eb1c","name":"amministratore","image":{"@type":"ImageObject","inLanguage":"it-IT","@id":"https:\/\/secure.gravatar.com\/avatar\/ae2f4d718e6c49043e314ce431e7e645d646302a24a5ef5a8bc8e3f5a032e319?s=96&d=mm&r=g","url":"https:\/\/secure.gravatar.com\/avatar\/ae2f4d718e6c49043e314ce431e7e645d646302a24a5ef5a8bc8e3f5a032e319?s=96&d=mm&r=g","contentUrl":"https:\/\/secure.gravatar.com\/avatar\/ae2f4d718e6c49043e314ce431e7e645d646302a24a5ef5a8bc8e3f5a032e319?s=96&d=mm&r=g","caption":"admin"},"sameAs":["https:\/\/www.organisator.ch"],"url":"https:\/\/www.organisator.ch\/it\/author\/admin\/"}]}},"_links":{"self":[{"href":"https:\/\/www.organisator.ch\/it\/wp-json\/wp\/v2\/posts\/22672","targetHints":{"allow":["GET"]}}],"collection":[{"href":"https:\/\/www.organisator.ch\/it\/wp-json\/wp\/v2\/posts"}],"about":[{"href":"https:\/\/www.organisator.ch\/it\/wp-json\/wp\/v2\/types\/post"}],"author":[{"embeddable":true,"href":"https:\/\/www.organisator.ch\/it\/wp-json\/wp\/v2\/users\/1"}],"replies":[{"embeddable":true,"href":"https:\/\/www.organisator.ch\/it\/wp-json\/wp\/v2\/comments?post=22672"}],"version-history":[{"count":2,"href":"https:\/\/www.organisator.ch\/it\/wp-json\/wp\/v2\/posts\/22672\/revisions"}],"predecessor-version":[{"id":22695,"href":"https:\/\/www.organisator.ch\/it\/wp-json\/wp\/v2\/posts\/22672\/revisions\/22695"}],"wp:featuredmedia":[{"embeddable":true,"href":"https:\/\/www.organisator.ch\/it\/wp-json\/wp\/v2\/media\/22671"}],"wp:attachment":[{"href":"https:\/\/www.organisator.ch\/it\/wp-json\/wp\/v2\/media?parent=22672"}],"wp:term":[{"taxonomy":"category","embeddable":true,"href":"https:\/\/www.organisator.ch\/it\/wp-json\/wp\/v2\/categories?post=22672"},{"taxonomy":"post_tag","embeddable":true,"href":"https:\/\/www.organisator.ch\/it\/wp-json\/wp\/v2\/tags?post=22672"}],"curies":[{"name":"wp","href":"https:\/\/api.w.org\/{rel}","templated":true}]}}