{"id":22725,"date":"2023-10-24T15:38:59","date_gmt":"2023-10-24T13:38:59","guid":{"rendered":"https:\/\/www.organisator.ch\/?p=22725"},"modified":"2023-10-24T11:07:37","modified_gmt":"2023-10-24T09:07:37","slug":"die-hoehle-der-loewen-schweiz-2023-startet-mit-zwei-neuen-investor-innen","status":"publish","type":"post","link":"https:\/\/www.organisator.ch\/it\/management\/2023-10-24\/die-hoehle-der-loewen-schweiz-2023-startet-mit-zwei-neuen-investor-innen\/","title":{"rendered":"Die H\u00f6hle der L\u00f6wen Schweiz 2023 inizia con due nuovi investitori"},"content":{"rendered":"<figure id=\"attachment_22727\" aria-describedby=\"caption-attachment-22727\" style=\"width: 680px\" class=\"wp-caption alignnone\"><img loading=\"lazy\" decoding=\"async\" class=\"wp-image-22727 size-full\" src=\"https:\/\/www.organisator.ch\/wp-content\/uploads\/2023\/10\/Die-Hoehle-der-Loewen-Schweiz-2023-startet-mit-zwei-neuen-Investorinnen_Organisator.jpg\" alt=\"\" width=\"680\" height=\"365\" srcset=\"https:\/\/www.organisator.ch\/wp-content\/uploads\/2023\/10\/Die-Hoehle-der-Loewen-Schweiz-2023-startet-mit-zwei-neuen-Investorinnen_Organisator.jpg 680w, https:\/\/www.organisator.ch\/wp-content\/uploads\/2023\/10\/Die-Hoehle-der-Loewen-Schweiz-2023-startet-mit-zwei-neuen-Investorinnen_Organisator-18x10.jpg 18w, https:\/\/www.organisator.ch\/wp-content\/uploads\/2023\/10\/Die-Hoehle-der-Loewen-Schweiz-2023-startet-mit-zwei-neuen-Investorinnen_Organisator-375x201.jpg 375w, https:\/\/www.organisator.ch\/wp-content\/uploads\/2023\/10\/Die-Hoehle-der-Loewen-Schweiz-2023-startet-mit-zwei-neuen-Investorinnen_Organisator-652x350.jpg 652w\" sizes=\"auto, (max-width: 680px) 100vw, 680px\" \/><figcaption id=\"caption-attachment-22727\" class=\"wp-caption-text\">Gli investitori con due volti nuovi su Die H\u00f6hle der L\u00f6wen Schweiz (da sinistra a destra): Lukas Speiser, Bettina Hein, Nicole B\u00fcttner-Thiel, J\u00fcrg Schwarzenbach, Roland Brack, Tobias Reichmuth, Anja Graf e Felix Bertram. (Immagine: CH Media)<\/figcaption><\/figure>\n<p>Lo show \"Die H\u00f6hle der L\u00f6wen\" viene gi\u00e0 trasmesso in 35 Paesi. Negli Stati Uniti, il format \u00e8 in onda con il titolo \"Shark Tank\" dal 2009 e, secondo quanto riportato, ha creato diverse migliaia di nuovi posti di lavoro dalla sua prima messa in onda. L'idea alla base di questo format di infotainment imprenditoriale \u00e8 che ogni episodio diversi giovani imprenditori presentino le loro idee e i loro concetti imprenditoriali innovativi agli investitori e ne sollecitino l'investimento.<\/p>\n<p>In Svizzera, la quinta stagione di Die H\u00f6hle der L\u00f6wen (La tana del leone) inizier\u00e0 il 31 ottobre 2023 in prima serata. Quest'anno due nuovi investitori offrono nuove opportunit\u00e0 di accordo: lo specialista in dermatologia e venereologia e relatore TedX Felix Bertram e l'imprenditrice dell'AI Nicole B\u00fcttner-Thiel - una <a href=\"https:\/\/www.organisator.ch\/de\/management\/2023-10-23\/nicole-buettner-wichtig-ist-die-menschenzentriertheit\/\">grande intervista con lei<\/a> (a pagamento) apparso su ORGANISATOR 9-10\/2023. Nella battaglia per ottenere un investimento, 42 giovani aziende devono ancora una volta riuscire a convincere gli investitori delle loro idee: oltre ai due nuovi leoni sopra citati, si tratta della pioniera del business flat Anja Graf, dell'imprenditrice tecnologica Bettina Hein, dell'esperto di trading online e fondatore di brack.ch Roland Brack, dell'imprenditore della sostenibilit\u00e0 Tobias Reichmuth, del cofondatore e CEO di Amorana Lukas Speiser, del proprietario di una societ\u00e0 di investimenti J\u00fcrg Schwarzenbach. Tra le start-up di rilievo provenienti da un'ampia gamma di settori vi sono, ad esempio:<\/p>\n<ul>\n<li>Nikin: il marchio di abbigliamento sostenibile di Lenzburg (AG) pianta un albero per ogni prodotto venduto. L'azienda svizzera, che gode gi\u00e0 di un'ottima reputazione, si avventura in un prossimo passo commerciale nella \"H\u00f6hle der L\u00f6wen\".<\/li>\n<li>Skimover: per tutti coloro che amano andare a sciare con i mezzi pubblici: La start-up di Rheinau (ZH) rende superfluo il trasporto degli sci, grazie a un piccolo ausilio di trasporto su ruote.<\/li>\n<li>Hera Organics: due giovani imprenditori di Merlischachen (SZ) hanno deciso di sostituire assorbenti e tamponi con spugne mestruali naturalmente degradabili.<\/li>\n<li>Wedgram: Sviluppata a San Gallo, Wedgram \u00e8 la prima applicazione di social media per matrimoni che mette in contatto fornitori e coppie.<\/li>\n<li>Madame Sum: la start-up di D\u00fcbendorf porta a casa vostra ravioli surgelati di alta qualit\u00e0: sapori creativi, made in Switzerland.<\/li>\n<li>Sashay: scarpe fatte di mele - una donna di Thalwil lo rende possibile: la compagna dell'ex ambasciatore Thomas Borer ha scarpe alla moda fatte di pelle di mela.<\/li>\n<\/ul>\n<p>Come in passato, vi riportiamo i singoli spettacoli di Die H\u00f6hle der L\u00f6wen Svizzera. Anche quest'anno un'azienda avr\u00e0 un <a href=\"https:\/\/www.organisator.ch\/de\/management\/2022-10-12\/erneut-millionendeal-bei-die-hoehle-der-loewen-schweiz\/\">Accordo da un milione<\/a> terra?<\/p>\n<p><em>Ulteriori informazioni e date di trasmissione: <a href=\"https:\/\/www.oneplus.ch\/search\/detail\/1000604\">www.oneplus.ch<\/a><\/em><\/p>","protected":false},"excerpt":{"rendered":"<p>Il pubblico svizzero della TV e dello streaming pu\u00f2 ancora una volta guardare a incredibili idee imprenditoriali - e a due nuovi leoni: con il dermatologo e imprenditore di successo Felix Bertram e l'imprenditrice visionaria dell'intelligenza artificiale Nicole B\u00fcttner-Thiel, altri due investitori sono a bordo nella quinta stagione di Die H\u00f6hle der L\u00f6wen Schweiz insieme a Roland Brack, Anja Graf, Bettina Hein, Tobias Reichmuth, J\u00fcrg Schwarzenbach e Lukas Speiser. 42 start-up sperano in un accordo. La stagione ricomincia marted\u00ec 31 ottobre sul canale televisivo 3+.<\/p>","protected":false},"author":4,"featured_media":22727,"comment_status":"closed","ping_status":"closed","sticky":false,"template":"","format":"standard","meta":{"_acf_changed":false,"_yoast_wpseo_focuskw":"H\u00f6hle der L\u00f6wen Schweiz","_yoast_wpseo_metadesc":"Mit Felix Bertram und Nicole B\u00fcttner-Thiel sind in der f\u00fcnften Staffel von Die H\u00f6hle der L\u00f6wen Schweiz zwei neue Investor\/-innen am Start.","articlekey":"","footnotes":""},"categories":[28],"tags":[2683,451,3982,492],"class_list":["post-22725","post","type-post","status-publish","format-standard","has-post-thumbnail","hentry","category-management","tag-hoehle-der-loewen","tag-startups","tag-unterhaltung","tag-unternehmen"],"acf":[],"yoast_head":"<!-- This site is optimized with the Yoast SEO plugin v27.5 - https:\/\/yoast.com\/product\/yoast-seo-wordpress\/ -->\n<title>Die H\u00f6hle der L\u00f6wen Schweiz 2023 startet mit zwei neuen Investor\/-innen - Organisator<\/title>\n<meta name=\"description\" content=\"Mit Felix Bertram und Nicole B\u00fcttner-Thiel sind in der f\u00fcnften Staffel von Die H\u00f6hle der L\u00f6wen Schweiz zwei neue Investor\/-innen am Start.\" \/>\n<meta name=\"robots\" content=\"index, follow, max-snippet:-1, max-image-preview:large, max-video-preview:-1\" \/>\n<link rel=\"canonical\" href=\"https:\/\/www.organisator.ch\/it\/gestione-2\/2023-10-24\/die-hoehle-der-loewen-schweiz-2023-startet-mit-zwei-neuen-investor-innen\/\" \/>\n<meta property=\"og:locale\" content=\"it_IT\" \/>\n<meta property=\"og:type\" content=\"article\" \/>\n<meta property=\"og:title\" content=\"Die H\u00f6hle der L\u00f6wen Schweiz 2023 startet mit zwei neuen Investor\/-innen\" \/>\n<meta property=\"og:description\" content=\"Mit Felix Bertram und Nicole B\u00fcttner-Thiel sind in der f\u00fcnften Staffel von Die H\u00f6hle der L\u00f6wen Schweiz zwei neue Investor\/-innen am Start.\" \/>\n<meta property=\"og:url\" content=\"https:\/\/www.organisator.ch\/it\/gestione-2\/2023-10-24\/die-hoehle-der-loewen-schweiz-2023-startet-mit-zwei-neuen-investor-innen\/\" \/>\n<meta property=\"og:site_name\" content=\"Organisator\" \/>\n<meta property=\"article:publisher\" content=\"https:\/\/www.facebook.com\/OrganisatorFachmagazin\" \/>\n<meta property=\"article:published_time\" content=\"2023-10-24T13:38:59+00:00\" \/>\n<meta property=\"og:image\" content=\"https:\/\/www.organisator.ch\/wp-content\/uploads\/2023\/10\/Die-Hoehle-der-Loewen-Schweiz-2023-startet-mit-zwei-neuen-Investorinnen_Organisator.jpg\" \/>\n\t<meta property=\"og:image:width\" content=\"680\" \/>\n\t<meta property=\"og:image:height\" content=\"365\" \/>\n\t<meta property=\"og:image:type\" content=\"image\/jpeg\" \/>\n<meta name=\"author\" content=\"thomas.berner\" \/>\n<meta name=\"twitter:card\" content=\"summary_large_image\" \/>\n<meta name=\"twitter:title\" content=\"Die H\u00f6hle der #L\u00f6wen Schweiz 2023 startet mit zwei neuen #Investor\/-innen\" \/>\n<meta name=\"twitter:description\" content=\"Mit Felix #Bertram und Nicole #B\u00fcttner-Thiel sind in der f\u00fcnften Staffel von Die H\u00f6hle der #L\u00f6wen Schweiz zwei neue #Investor\/-innen am Start.\" \/>\n<meta name=\"twitter:image\" content=\"https:\/\/www.organisator.ch\/wp-content\/uploads\/2023\/10\/Die-Hoehle-der-Loewen-Schweiz-2023-startet-mit-zwei-neuen-Investorinnen_Organisator.jpg\" \/>\n<script type=\"application\/ld+json\" class=\"yoast-schema-graph\">{\"@context\":\"https:\\\/\\\/schema.org\",\"@graph\":[{\"@type\":\"Article\",\"@id\":\"https:\\\/\\\/www.organisator.ch\\\/management\\\/2023-10-24\\\/die-hoehle-der-loewen-schweiz-2023-startet-mit-zwei-neuen-investor-innen\\\/#article\",\"isPartOf\":{\"@id\":\"https:\\\/\\\/www.organisator.ch\\\/management\\\/2023-10-24\\\/die-hoehle-der-loewen-schweiz-2023-startet-mit-zwei-neuen-investor-innen\\\/\"},\"author\":{\"name\":\"thomas.berner\",\"@id\":\"https:\\\/\\\/www.organisator.ch\\\/#\\\/schema\\\/person\\\/6f650f90b2842cd4c0cc334b4e36f67e\"},\"headline\":\"Die H\u00f6hle der L\u00f6wen Schweiz 2023 startet mit zwei neuen Investor\\\/-innen\",\"datePublished\":\"2023-10-24T13:38:59+00:00\",\"mainEntityOfPage\":{\"@id\":\"https:\\\/\\\/www.organisator.ch\\\/management\\\/2023-10-24\\\/die-hoehle-der-loewen-schweiz-2023-startet-mit-zwei-neuen-investor-innen\\\/\"},\"wordCount\":446,\"publisher\":{\"@id\":\"https:\\\/\\\/www.organisator.ch\\\/#organization\"},\"image\":{\"@id\":\"https:\\\/\\\/www.organisator.ch\\\/management\\\/2023-10-24\\\/die-hoehle-der-loewen-schweiz-2023-startet-mit-zwei-neuen-investor-innen\\\/#primaryimage\"},\"thumbnailUrl\":\"https:\\\/\\\/www.organisator.ch\\\/wp-content\\\/uploads\\\/2023\\\/10\\\/Die-Hoehle-der-Loewen-Schweiz-2023-startet-mit-zwei-neuen-Investorinnen_Organisator.jpg\",\"keywords\":[\"H\u00f6hle der L\u00f6wen\",\"Startups\",\"Unterhaltung\",\"Unternehmen\"],\"articleSection\":[\"MANAGEMENT\"],\"inLanguage\":\"it-IT\"},{\"@type\":\"WebPage\",\"@id\":\"https:\\\/\\\/www.organisator.ch\\\/management\\\/2023-10-24\\\/die-hoehle-der-loewen-schweiz-2023-startet-mit-zwei-neuen-investor-innen\\\/\",\"url\":\"https:\\\/\\\/www.organisator.ch\\\/management\\\/2023-10-24\\\/die-hoehle-der-loewen-schweiz-2023-startet-mit-zwei-neuen-investor-innen\\\/\",\"name\":\"Die H\u00f6hle der L\u00f6wen Schweiz 2023 startet mit zwei neuen Investor\\\/-innen - Organisator\",\"isPartOf\":{\"@id\":\"https:\\\/\\\/www.organisator.ch\\\/#website\"},\"primaryImageOfPage\":{\"@id\":\"https:\\\/\\\/www.organisator.ch\\\/management\\\/2023-10-24\\\/die-hoehle-der-loewen-schweiz-2023-startet-mit-zwei-neuen-investor-innen\\\/#primaryimage\"},\"image\":{\"@id\":\"https:\\\/\\\/www.organisator.ch\\\/management\\\/2023-10-24\\\/die-hoehle-der-loewen-schweiz-2023-startet-mit-zwei-neuen-investor-innen\\\/#primaryimage\"},\"thumbnailUrl\":\"https:\\\/\\\/www.organisator.ch\\\/wp-content\\\/uploads\\\/2023\\\/10\\\/Die-Hoehle-der-Loewen-Schweiz-2023-startet-mit-zwei-neuen-Investorinnen_Organisator.jpg\",\"datePublished\":\"2023-10-24T13:38:59+00:00\",\"description\":\"Mit Felix Bertram und Nicole B\u00fcttner-Thiel sind in der f\u00fcnften Staffel von Die H\u00f6hle der L\u00f6wen Schweiz zwei neue Investor\\\/-innen am Start.\",\"breadcrumb\":{\"@id\":\"https:\\\/\\\/www.organisator.ch\\\/management\\\/2023-10-24\\\/die-hoehle-der-loewen-schweiz-2023-startet-mit-zwei-neuen-investor-innen\\\/#breadcrumb\"},\"inLanguage\":\"it-IT\",\"potentialAction\":[{\"@type\":\"ReadAction\",\"target\":[\"https:\\\/\\\/www.organisator.ch\\\/management\\\/2023-10-24\\\/die-hoehle-der-loewen-schweiz-2023-startet-mit-zwei-neuen-investor-innen\\\/\"]}]},{\"@type\":\"ImageObject\",\"inLanguage\":\"it-IT\",\"@id\":\"https:\\\/\\\/www.organisator.ch\\\/management\\\/2023-10-24\\\/die-hoehle-der-loewen-schweiz-2023-startet-mit-zwei-neuen-investor-innen\\\/#primaryimage\",\"url\":\"https:\\\/\\\/www.organisator.ch\\\/wp-content\\\/uploads\\\/2023\\\/10\\\/Die-Hoehle-der-Loewen-Schweiz-2023-startet-mit-zwei-neuen-Investorinnen_Organisator.jpg\",\"contentUrl\":\"https:\\\/\\\/www.organisator.ch\\\/wp-content\\\/uploads\\\/2023\\\/10\\\/Die-Hoehle-der-Loewen-Schweiz-2023-startet-mit-zwei-neuen-Investorinnen_Organisator.jpg\",\"width\":680,\"height\":365,\"caption\":\"Die Investor\\\/-innen mit zwei neuen Gesichtern bei Die H\u00f6hle der L\u00f6wen Schweiz (v.l.n.r): Lukas Speiser, Bettina Hein, Nicole B\u00fcttner-Thiel, J\u00fcrg Schwarzenbach, Roland Brack, Andreas Mollet, Anja Graf und Felix Bertram. Nicht im Bild: Tobias Reichmuth. (Bild: CH Media)\"},{\"@type\":\"BreadcrumbList\",\"@id\":\"https:\\\/\\\/www.organisator.ch\\\/management\\\/2023-10-24\\\/die-hoehle-der-loewen-schweiz-2023-startet-mit-zwei-neuen-investor-innen\\\/#breadcrumb\",\"itemListElement\":[{\"@type\":\"ListItem\",\"position\":1,\"name\":\"Home\",\"item\":\"https:\\\/\\\/www.organisator.ch\\\/\"},{\"@type\":\"ListItem\",\"position\":2,\"name\":\"Die H\u00f6hle der L\u00f6wen Schweiz 2023 startet mit zwei neuen Investor\\\/-innen\"}]},{\"@type\":\"WebSite\",\"@id\":\"https:\\\/\\\/www.organisator.ch\\\/#website\",\"url\":\"https:\\\/\\\/www.organisator.ch\\\/\",\"name\":\"Organisator\",\"description\":\"Kompetent. Praxisnah. Der ORGANISATOR bereitet in 10 Ausgaben pro Jahr die wesentlichen Themen f\u00fcr F\u00fchrungskr\u00e4fte von KMU auf.\",\"publisher\":{\"@id\":\"https:\\\/\\\/www.organisator.ch\\\/#organization\"},\"potentialAction\":[{\"@type\":\"SearchAction\",\"target\":{\"@type\":\"EntryPoint\",\"urlTemplate\":\"https:\\\/\\\/www.organisator.ch\\\/?s={search_term_string}\"},\"query-input\":{\"@type\":\"PropertyValueSpecification\",\"valueRequired\":true,\"valueName\":\"search_term_string\"}}],\"inLanguage\":\"it-IT\"},{\"@type\":\"Organization\",\"@id\":\"https:\\\/\\\/www.organisator.ch\\\/#organization\",\"name\":\"Organisator\",\"url\":\"https:\\\/\\\/www.organisator.ch\\\/\",\"logo\":{\"@type\":\"ImageObject\",\"inLanguage\":\"it-IT\",\"@id\":\"https:\\\/\\\/www.organisator.ch\\\/#\\\/schema\\\/logo\\\/image\\\/\",\"url\":\"https:\\\/\\\/www.organisator.ch\\\/wp-content\\\/uploads\\\/2022\\\/01\\\/Logo_Organisator_Website.png\",\"contentUrl\":\"https:\\\/\\\/www.organisator.ch\\\/wp-content\\\/uploads\\\/2022\\\/01\\\/Logo_Organisator_Website.png\",\"width\":800,\"height\":77,\"caption\":\"Organisator\"},\"image\":{\"@id\":\"https:\\\/\\\/www.organisator.ch\\\/#\\\/schema\\\/logo\\\/image\\\/\"},\"sameAs\":[\"https:\\\/\\\/www.facebook.com\\\/OrganisatorFachmagazin\",\"https:\\\/\\\/www.linkedin.com\\\/showcase\\\/organisator-das-magazin-fr-kmu\",\"https:\\\/\\\/www.xing.com\\\/news\\\/pages\\\/organisator-ch-695\",\"https:\\\/\\\/www.youtube.com\\\/channel\\\/UCGP2Sq0iWaZwT3BdIAQFYpw\"]},{\"@type\":\"Person\",\"@id\":\"https:\\\/\\\/www.organisator.ch\\\/#\\\/schema\\\/person\\\/6f650f90b2842cd4c0cc334b4e36f67e\",\"name\":\"thomas.berner\",\"image\":{\"@type\":\"ImageObject\",\"inLanguage\":\"it-IT\",\"@id\":\"https:\\\/\\\/secure.gravatar.com\\\/avatar\\\/ac5001d2a36cb6c6cd3e50789007ffca834b477b74a2144564522e944eabff61?s=96&d=mm&r=g\",\"url\":\"https:\\\/\\\/secure.gravatar.com\\\/avatar\\\/ac5001d2a36cb6c6cd3e50789007ffca834b477b74a2144564522e944eabff61?s=96&d=mm&r=g\",\"contentUrl\":\"https:\\\/\\\/secure.gravatar.com\\\/avatar\\\/ac5001d2a36cb6c6cd3e50789007ffca834b477b74a2144564522e944eabff61?s=96&d=mm&r=g\",\"caption\":\"thomas.berner\"},\"url\":\"https:\\\/\\\/www.organisator.ch\\\/it\\\/author\\\/thomas-berner\\\/\"}]}<\/script>\n<!-- \/ Yoast SEO plugin. -->","yoast_head_json":{"title":"Die H\u00f6hle der L\u00f6wen Schweiz 2023 inizia con due nuovi investitori - Organizzatore","description":"Felix Bertram e Nicole B\u00fcttner-Thiel sono due nuovi investitori nella quinta stagione di Die H\u00f6hle der L\u00f6wen Schweiz.","robots":{"index":"index","follow":"follow","max-snippet":"max-snippet:-1","max-image-preview":"max-image-preview:large","max-video-preview":"max-video-preview:-1"},"canonical":"https:\/\/www.organisator.ch\/it\/gestione-2\/2023-10-24\/die-hoehle-der-loewen-schweiz-2023-startet-mit-zwei-neuen-investor-innen\/","og_locale":"it_IT","og_type":"article","og_title":"Die H\u00f6hle der L\u00f6wen Schweiz 2023 startet mit zwei neuen Investor\/-innen","og_description":"Mit Felix Bertram und Nicole B\u00fcttner-Thiel sind in der f\u00fcnften Staffel von Die H\u00f6hle der L\u00f6wen Schweiz zwei neue Investor\/-innen am Start.","og_url":"https:\/\/www.organisator.ch\/it\/gestione-2\/2023-10-24\/die-hoehle-der-loewen-schweiz-2023-startet-mit-zwei-neuen-investor-innen\/","og_site_name":"Organisator","article_publisher":"https:\/\/www.facebook.com\/OrganisatorFachmagazin","article_published_time":"2023-10-24T13:38:59+00:00","og_image":[{"width":680,"height":365,"url":"https:\/\/www.organisator.ch\/wp-content\/uploads\/2023\/10\/Die-Hoehle-der-Loewen-Schweiz-2023-startet-mit-zwei-neuen-Investorinnen_Organisator.jpg","type":"image\/jpeg"}],"author":"thomas.berner","twitter_card":"summary_large_image","twitter_title":"Die H\u00f6hle der #L\u00f6wen Schweiz 2023 startet mit zwei neuen #Investor\/-innen","twitter_description":"Mit Felix #Bertram und Nicole #B\u00fcttner-Thiel sind in der f\u00fcnften Staffel von Die H\u00f6hle der #L\u00f6wen Schweiz zwei neue #Investor\/-innen am Start.","twitter_image":"https:\/\/www.organisator.ch\/wp-content\/uploads\/2023\/10\/Die-Hoehle-der-Loewen-Schweiz-2023-startet-mit-zwei-neuen-Investorinnen_Organisator.jpg","schema":{"@context":"https:\/\/schema.org","@graph":[{"@type":"Article","@id":"https:\/\/www.organisator.ch\/management\/2023-10-24\/die-hoehle-der-loewen-schweiz-2023-startet-mit-zwei-neuen-investor-innen\/#article","isPartOf":{"@id":"https:\/\/www.organisator.ch\/management\/2023-10-24\/die-hoehle-der-loewen-schweiz-2023-startet-mit-zwei-neuen-investor-innen\/"},"author":{"name":"thomas.berner","@id":"https:\/\/www.organisator.ch\/#\/schema\/person\/6f650f90b2842cd4c0cc334b4e36f67e"},"headline":"Die H\u00f6hle der L\u00f6wen Schweiz 2023 startet mit zwei neuen Investor\/-innen","datePublished":"2023-10-24T13:38:59+00:00","mainEntityOfPage":{"@id":"https:\/\/www.organisator.ch\/management\/2023-10-24\/die-hoehle-der-loewen-schweiz-2023-startet-mit-zwei-neuen-investor-innen\/"},"wordCount":446,"publisher":{"@id":"https:\/\/www.organisator.ch\/#organization"},"image":{"@id":"https:\/\/www.organisator.ch\/management\/2023-10-24\/die-hoehle-der-loewen-schweiz-2023-startet-mit-zwei-neuen-investor-innen\/#primaryimage"},"thumbnailUrl":"https:\/\/www.organisator.ch\/wp-content\/uploads\/2023\/10\/Die-Hoehle-der-Loewen-Schweiz-2023-startet-mit-zwei-neuen-Investorinnen_Organisator.jpg","keywords":["H\u00f6hle der L\u00f6wen","Startups","Unterhaltung","Unternehmen"],"articleSection":["MANAGEMENT"],"inLanguage":"it-IT"},{"@type":"WebPage","@id":"https:\/\/www.organisator.ch\/management\/2023-10-24\/die-hoehle-der-loewen-schweiz-2023-startet-mit-zwei-neuen-investor-innen\/","url":"https:\/\/www.organisator.ch\/management\/2023-10-24\/die-hoehle-der-loewen-schweiz-2023-startet-mit-zwei-neuen-investor-innen\/","name":"Die H\u00f6hle der L\u00f6wen Schweiz 2023 inizia con due nuovi investitori - Organizzatore","isPartOf":{"@id":"https:\/\/www.organisator.ch\/#website"},"primaryImageOfPage":{"@id":"https:\/\/www.organisator.ch\/management\/2023-10-24\/die-hoehle-der-loewen-schweiz-2023-startet-mit-zwei-neuen-investor-innen\/#primaryimage"},"image":{"@id":"https:\/\/www.organisator.ch\/management\/2023-10-24\/die-hoehle-der-loewen-schweiz-2023-startet-mit-zwei-neuen-investor-innen\/#primaryimage"},"thumbnailUrl":"https:\/\/www.organisator.ch\/wp-content\/uploads\/2023\/10\/Die-Hoehle-der-Loewen-Schweiz-2023-startet-mit-zwei-neuen-Investorinnen_Organisator.jpg","datePublished":"2023-10-24T13:38:59+00:00","description":"Felix Bertram e Nicole B\u00fcttner-Thiel sono due nuovi investitori nella quinta stagione di Die H\u00f6hle der L\u00f6wen Schweiz.","breadcrumb":{"@id":"https:\/\/www.organisator.ch\/management\/2023-10-24\/die-hoehle-der-loewen-schweiz-2023-startet-mit-zwei-neuen-investor-innen\/#breadcrumb"},"inLanguage":"it-IT","potentialAction":[{"@type":"ReadAction","target":["https:\/\/www.organisator.ch\/management\/2023-10-24\/die-hoehle-der-loewen-schweiz-2023-startet-mit-zwei-neuen-investor-innen\/"]}]},{"@type":"ImageObject","inLanguage":"it-IT","@id":"https:\/\/www.organisator.ch\/management\/2023-10-24\/die-hoehle-der-loewen-schweiz-2023-startet-mit-zwei-neuen-investor-innen\/#primaryimage","url":"https:\/\/www.organisator.ch\/wp-content\/uploads\/2023\/10\/Die-Hoehle-der-Loewen-Schweiz-2023-startet-mit-zwei-neuen-Investorinnen_Organisator.jpg","contentUrl":"https:\/\/www.organisator.ch\/wp-content\/uploads\/2023\/10\/Die-Hoehle-der-Loewen-Schweiz-2023-startet-mit-zwei-neuen-Investorinnen_Organisator.jpg","width":680,"height":365,"caption":"Die Investor\/-innen mit zwei neuen Gesichtern bei Die H\u00f6hle der L\u00f6wen Schweiz (v.l.n.r): Lukas Speiser, Bettina Hein, Nicole B\u00fcttner-Thiel, J\u00fcrg Schwarzenbach, Roland Brack, Andreas Mollet, Anja Graf und Felix Bertram. Nicht im Bild: Tobias Reichmuth. (Bild: CH Media)"},{"@type":"BreadcrumbList","@id":"https:\/\/www.organisator.ch\/management\/2023-10-24\/die-hoehle-der-loewen-schweiz-2023-startet-mit-zwei-neuen-investor-innen\/#breadcrumb","itemListElement":[{"@type":"ListItem","position":1,"name":"Home","item":"https:\/\/www.organisator.ch\/"},{"@type":"ListItem","position":2,"name":"Die H\u00f6hle der L\u00f6wen Schweiz 2023 startet mit zwei neuen Investor\/-innen"}]},{"@type":"WebSite","@id":"https:\/\/www.organisator.ch\/#website","url":"https:\/\/www.organisator.ch\/","name":"Organizzatore","description":"Competente. Pratico. In 10 numeri all'anno, ORGANISATOR presenta i temi essenziali per i manager delle PMI.","publisher":{"@id":"https:\/\/www.organisator.ch\/#organization"},"potentialAction":[{"@type":"SearchAction","target":{"@type":"EntryPoint","urlTemplate":"https:\/\/www.organisator.ch\/?s={search_term_string}"},"query-input":{"@type":"PropertyValueSpecification","valueRequired":true,"valueName":"search_term_string"}}],"inLanguage":"it-IT"},{"@type":"Organization","@id":"https:\/\/www.organisator.ch\/#organization","name":"Organizzatore","url":"https:\/\/www.organisator.ch\/","logo":{"@type":"ImageObject","inLanguage":"it-IT","@id":"https:\/\/www.organisator.ch\/#\/schema\/logo\/image\/","url":"https:\/\/www.organisator.ch\/wp-content\/uploads\/2022\/01\/Logo_Organisator_Website.png","contentUrl":"https:\/\/www.organisator.ch\/wp-content\/uploads\/2022\/01\/Logo_Organisator_Website.png","width":800,"height":77,"caption":"Organisator"},"image":{"@id":"https:\/\/www.organisator.ch\/#\/schema\/logo\/image\/"},"sameAs":["https:\/\/www.facebook.com\/OrganisatorFachmagazin","https:\/\/www.linkedin.com\/showcase\/organisator-das-magazin-fr-kmu","https:\/\/www.xing.com\/news\/pages\/organisator-ch-695","https:\/\/www.youtube.com\/channel\/UCGP2Sq0iWaZwT3BdIAQFYpw"]},{"@type":"Person","@id":"https:\/\/www.organisator.ch\/#\/schema\/person\/6f650f90b2842cd4c0cc334b4e36f67e","name":"Tommaso.berner","image":{"@type":"ImageObject","inLanguage":"it-IT","@id":"https:\/\/secure.gravatar.com\/avatar\/ac5001d2a36cb6c6cd3e50789007ffca834b477b74a2144564522e944eabff61?s=96&d=mm&r=g","url":"https:\/\/secure.gravatar.com\/avatar\/ac5001d2a36cb6c6cd3e50789007ffca834b477b74a2144564522e944eabff61?s=96&d=mm&r=g","contentUrl":"https:\/\/secure.gravatar.com\/avatar\/ac5001d2a36cb6c6cd3e50789007ffca834b477b74a2144564522e944eabff61?s=96&d=mm&r=g","caption":"thomas.berner"},"url":"https:\/\/www.organisator.ch\/it\/author\/thomas-berner\/"}]}},"_links":{"self":[{"href":"https:\/\/www.organisator.ch\/it\/wp-json\/wp\/v2\/posts\/22725","targetHints":{"allow":["GET"]}}],"collection":[{"href":"https:\/\/www.organisator.ch\/it\/wp-json\/wp\/v2\/posts"}],"about":[{"href":"https:\/\/www.organisator.ch\/it\/wp-json\/wp\/v2\/types\/post"}],"author":[{"embeddable":true,"href":"https:\/\/www.organisator.ch\/it\/wp-json\/wp\/v2\/users\/4"}],"replies":[{"embeddable":true,"href":"https:\/\/www.organisator.ch\/it\/wp-json\/wp\/v2\/comments?post=22725"}],"version-history":[{"count":2,"href":"https:\/\/www.organisator.ch\/it\/wp-json\/wp\/v2\/posts\/22725\/revisions"}],"predecessor-version":[{"id":22733,"href":"https:\/\/www.organisator.ch\/it\/wp-json\/wp\/v2\/posts\/22725\/revisions\/22733"}],"wp:featuredmedia":[{"embeddable":true,"href":"https:\/\/www.organisator.ch\/it\/wp-json\/wp\/v2\/media\/22727"}],"wp:attachment":[{"href":"https:\/\/www.organisator.ch\/it\/wp-json\/wp\/v2\/media?parent=22725"}],"wp:term":[{"taxonomy":"category","embeddable":true,"href":"https:\/\/www.organisator.ch\/it\/wp-json\/wp\/v2\/categories?post=22725"},{"taxonomy":"post_tag","embeddable":true,"href":"https:\/\/www.organisator.ch\/it\/wp-json\/wp\/v2\/tags?post=22725"}],"curies":[{"name":"wp","href":"https:\/\/api.w.org\/{rel}","templated":true}]}}