{"id":22787,"date":"2023-10-26T08:38:19","date_gmt":"2023-10-26T06:38:19","guid":{"rendered":"https:\/\/www.organisator.ch\/?p=22787"},"modified":"2023-10-26T08:38:19","modified_gmt":"2023-10-26T06:38:19","slug":"urs-furrer-wird-neuer-direktor-des-schweizerischen-gewerbeverbands","status":"publish","type":"post","link":"https:\/\/www.organisator.ch\/it\/allgemein\/2023-10-26\/urs-furrer-wird-neuer-direktor-des-schweizerischen-gewerbeverbands\/","title":{"rendered":"Urs Furrer diventa nuovo direttore dell'Associazione svizzera di categoria"},"content":{"rendered":"<div class=\"lead\">\n<figure id=\"attachment_22788\" aria-describedby=\"caption-attachment-22788\" style=\"width: 680px\" class=\"wp-caption alignnone\"><img loading=\"lazy\" decoding=\"async\" class=\"size-full wp-image-22788\" src=\"https:\/\/www.organisator.ch\/wp-content\/uploads\/2023\/10\/Urs-Furrer-ist-neuer-Direktor-des-Schweizerischen-Gewerbeverbands_Organisator.jpg\" alt=\"\" width=\"680\" height=\"438\" srcset=\"https:\/\/www.organisator.ch\/wp-content\/uploads\/2023\/10\/Urs-Furrer-ist-neuer-Direktor-des-Schweizerischen-Gewerbeverbands_Organisator.jpg 680w, https:\/\/www.organisator.ch\/wp-content\/uploads\/2023\/10\/Urs-Furrer-ist-neuer-Direktor-des-Schweizerischen-Gewerbeverbands_Organisator-18x12.jpg 18w, https:\/\/www.organisator.ch\/wp-content\/uploads\/2023\/10\/Urs-Furrer-ist-neuer-Direktor-des-Schweizerischen-Gewerbeverbands_Organisator-375x242.jpg 375w, https:\/\/www.organisator.ch\/wp-content\/uploads\/2023\/10\/Urs-Furrer-ist-neuer-Direktor-des-Schweizerischen-Gewerbeverbands_Organisator-543x350.jpg 543w\" sizes=\"auto, (max-width: 680px) 100vw, 680px\" \/><figcaption id=\"caption-attachment-22788\" class=\"wp-caption-text\">Urs Furrer, direttore designato dell'Associazione svizzera di categoria. (Immagine: sgv \/ zVg)<\/figcaption><\/figure>\n<p>La pi\u00f9 grande organizzazione ombrello dell'economia svizzera sta organizzando la successione dei suoi dirigenti: Urs Furrer succeder\u00e0 a Hans-Ulrich Bigler, che si \u00e8 dimesso per motivi di et\u00e0. L'avvocato \u00e8 direttore generale delle associazioni di categoria Chocosuisse e Biscosuisse dal 2014. In precedenza, Furrer \u00e8 stato membro del Comitato esecutivo di EXPERTsuisse ed economiesuisse e avvocato d'affari presso KPMG. L'entrata in carica di Urs Furrer \u00e8 prevista per il 1\u00b0 maggio 2024.<\/p>\n<\/div>\n<div class=\"text\">\n<p>Urs Furrer, che vive ad Argovia, non vede l'ora di assumere il suo nuovo incarico: \"Desidero ringraziare la Camera di Commercio per la fiducia accordatami. Non vedo l'ora di guidare il sgv verso un futuro di continuo successo insieme ai suoi membri\". Il Presidente della sgv, Fabio Regazzi, \u00e8 ottimista sul futuro dell'Associazione con questa elezione: \"Il Consiglio direttivo della sgv \u00e8 molto lieto che la Camera di commercio svizzera abbia eletto Urs Furrer come nuovo Direttore della Federazione dei mestieri svizzeri. Con il suo curriculum, la sua competenza professionale e sociale, la sua esperienza di leadership, i suoi molti anni di attivit\u00e0 nelle associazioni di categoria, la sua bussola politica e la sua elevata integrit\u00e0, Furrer \u00e8 l'uomo giusto al momento giusto per la sgv!\" Il Presidente dell'sgv \u00e8 convinto che il Direttore designato si impegner\u00e0 per una buona collaborazione con le altre associazioni imprenditoriali e rappresenter\u00e0 le posizioni e gli interessi dell'economia svizzera delle PMI all'interno e all'esterno in modo chiaro, professionale e convincente.<\/p>\n<\/div>\n<p>La sostituzione del direttore dell'Sgv \u00e8 stata in precedenza costellata di inciampi: in origine, la posizione doveva essere ricoperta da Henrique Schneider. Tuttavia, sono state mosse accuse di plagio nei suoi confronti, per cui il Consiglio di amministrazione ha deciso di ritirare la sua elezione sulla base di un parere legale ottenuto. Ora, per\u00f2, le difficolt\u00e0 legate al successore di Hans-Ulrich Bigler sembrano essersi conciliate.<\/p>\n<p><em>Fonte e ulteriori informazioni: <a href=\"https:\/\/www.sgv-usam.ch\/\">www.sgv-usam.ch<\/a><\/em><\/p>","protected":false},"excerpt":{"rendered":"<p>Nella riunione del 25 ottobre 2023, la Camera di Commercio della Confederazione Svizzera dell'Artigianato (sgv) ha eletto all'unanimit\u00e0 Urs Furrer come nuovo direttore. Egli succede a Hans-Ulrich Bigler, che si \u00e8 dimesso per motivi di et\u00e0.<\/p>","protected":false},"author":4,"featured_media":22788,"comment_status":"closed","ping_status":"closed","sticky":false,"template":"","format":"standard","meta":{"_acf_changed":false,"_yoast_wpseo_focuskw":"Urs Furrer","_yoast_wpseo_metadesc":"Die Gewerbekammer des Schwei\u00adze\u00adrischen Gewerbeverbandes sgv hat an ihrer Sitzung vom 25. Oktober 2023 Urs Furrer zum neuen Direktor gew\u00e4hlt.","articlekey":"","footnotes":""},"categories":[1],"tags":[381,503,531],"class_list":["post-22787","post","type-post","status-publish","format-standard","has-post-thumbnail","hentry","category-allgemein","tag-personalia","tag-verbaende","tag-wirtschaftspolitik"],"acf":[],"yoast_head":"<!-- This site is optimized with the Yoast SEO plugin v27.5 - https:\/\/yoast.com\/product\/yoast-seo-wordpress\/ -->\n<title>Urs Furrer wird neuer Direktor des Schweizerischen Gewerbeverbands - Organisator<\/title>\n<meta name=\"description\" content=\"Die Gewerbekammer des Schwei\u00adze\u00adrischen Gewerbeverbandes sgv hat an ihrer Sitzung vom 25. Oktober 2023 Urs Furrer zum neuen Direktor gew\u00e4hlt.\" \/>\n<meta name=\"robots\" content=\"index, follow, max-snippet:-1, max-image-preview:large, max-video-preview:-1\" \/>\n<link rel=\"canonical\" href=\"https:\/\/www.organisator.ch\/it\/generale\/2023-10-26\/urs-furrer-wird-neuer-direktor-des-schweizerischen-gewerbeverbands\/\" \/>\n<meta property=\"og:locale\" content=\"it_IT\" \/>\n<meta property=\"og:type\" content=\"article\" \/>\n<meta property=\"og:title\" content=\"Urs Furrer wird neuer Direktor des Schweizerischen Gewerbeverbands\" \/>\n<meta property=\"og:description\" content=\"Die Gewerbekammer des Schwei\u00adze\u00adrischen Gewerbeverbandes sgv hat an ihrer Sitzung vom 25. Oktober 2023 Urs Furrer zum neuen Direktor gew\u00e4hlt.\" \/>\n<meta property=\"og:url\" content=\"https:\/\/www.organisator.ch\/it\/generale\/2023-10-26\/urs-furrer-wird-neuer-direktor-des-schweizerischen-gewerbeverbands\/\" \/>\n<meta property=\"og:site_name\" content=\"Organisator\" \/>\n<meta property=\"article:publisher\" content=\"https:\/\/www.facebook.com\/OrganisatorFachmagazin\" \/>\n<meta property=\"article:published_time\" content=\"2023-10-26T06:38:19+00:00\" \/>\n<meta property=\"og:image\" content=\"https:\/\/www.organisator.ch\/wp-content\/uploads\/2023\/10\/Urs-Furrer-ist-neuer-Direktor-des-Schweizerischen-Gewerbeverbands_Organisator.jpg\" \/>\n\t<meta property=\"og:image:width\" content=\"680\" \/>\n\t<meta property=\"og:image:height\" content=\"438\" \/>\n\t<meta property=\"og:image:type\" content=\"image\/jpeg\" \/>\n<meta name=\"author\" content=\"thomas.berner\" \/>\n<meta name=\"twitter:card\" content=\"summary_large_image\" \/>\n<meta name=\"twitter:title\" content=\"Urs #Furrer wird neuer #Direktor des Schweizerischen #Gewerbeverbands\" \/>\n<meta name=\"twitter:description\" content=\"Die #Gewerbekammer des Schwei\u00adze\u00adrischen #Gewerbeverbandes sgv hat an ihrer Sitzung vom 25. Oktober 2023 Urs Furrer zum neuen #Direktor gew\u00e4hlt.\" \/>\n<meta name=\"twitter:image\" content=\"https:\/\/www.organisator.ch\/wp-content\/uploads\/2023\/10\/Urs-Furrer-ist-neuer-Direktor-des-Schweizerischen-Gewerbeverbands_Organisator.jpg\" \/>\n<script type=\"application\/ld+json\" class=\"yoast-schema-graph\">{\"@context\":\"https:\\\/\\\/schema.org\",\"@graph\":[{\"@type\":\"Article\",\"@id\":\"https:\\\/\\\/www.organisator.ch\\\/allgemein\\\/2023-10-26\\\/urs-furrer-wird-neuer-direktor-des-schweizerischen-gewerbeverbands\\\/#article\",\"isPartOf\":{\"@id\":\"https:\\\/\\\/www.organisator.ch\\\/allgemein\\\/2023-10-26\\\/urs-furrer-wird-neuer-direktor-des-schweizerischen-gewerbeverbands\\\/\"},\"author\":{\"name\":\"thomas.berner\",\"@id\":\"https:\\\/\\\/www.organisator.ch\\\/#\\\/schema\\\/person\\\/6f650f90b2842cd4c0cc334b4e36f67e\"},\"headline\":\"Urs Furrer wird neuer Direktor des Schweizerischen Gewerbeverbands\",\"datePublished\":\"2023-10-26T06:38:19+00:00\",\"mainEntityOfPage\":{\"@id\":\"https:\\\/\\\/www.organisator.ch\\\/allgemein\\\/2023-10-26\\\/urs-furrer-wird-neuer-direktor-des-schweizerischen-gewerbeverbands\\\/\"},\"wordCount\":306,\"publisher\":{\"@id\":\"https:\\\/\\\/www.organisator.ch\\\/#organization\"},\"image\":{\"@id\":\"https:\\\/\\\/www.organisator.ch\\\/allgemein\\\/2023-10-26\\\/urs-furrer-wird-neuer-direktor-des-schweizerischen-gewerbeverbands\\\/#primaryimage\"},\"thumbnailUrl\":\"https:\\\/\\\/www.organisator.ch\\\/wp-content\\\/uploads\\\/2023\\\/10\\\/Urs-Furrer-ist-neuer-Direktor-des-Schweizerischen-Gewerbeverbands_Organisator.jpg\",\"keywords\":[\"Personalia\",\"Verb\u00e4nde\",\"Wirtschaftspolitik\"],\"articleSection\":[\"Allgemein\"],\"inLanguage\":\"it-IT\"},{\"@type\":\"WebPage\",\"@id\":\"https:\\\/\\\/www.organisator.ch\\\/allgemein\\\/2023-10-26\\\/urs-furrer-wird-neuer-direktor-des-schweizerischen-gewerbeverbands\\\/\",\"url\":\"https:\\\/\\\/www.organisator.ch\\\/allgemein\\\/2023-10-26\\\/urs-furrer-wird-neuer-direktor-des-schweizerischen-gewerbeverbands\\\/\",\"name\":\"Urs Furrer wird neuer Direktor des Schweizerischen Gewerbeverbands - Organisator\",\"isPartOf\":{\"@id\":\"https:\\\/\\\/www.organisator.ch\\\/#website\"},\"primaryImageOfPage\":{\"@id\":\"https:\\\/\\\/www.organisator.ch\\\/allgemein\\\/2023-10-26\\\/urs-furrer-wird-neuer-direktor-des-schweizerischen-gewerbeverbands\\\/#primaryimage\"},\"image\":{\"@id\":\"https:\\\/\\\/www.organisator.ch\\\/allgemein\\\/2023-10-26\\\/urs-furrer-wird-neuer-direktor-des-schweizerischen-gewerbeverbands\\\/#primaryimage\"},\"thumbnailUrl\":\"https:\\\/\\\/www.organisator.ch\\\/wp-content\\\/uploads\\\/2023\\\/10\\\/Urs-Furrer-ist-neuer-Direktor-des-Schweizerischen-Gewerbeverbands_Organisator.jpg\",\"datePublished\":\"2023-10-26T06:38:19+00:00\",\"description\":\"Die Gewerbekammer des Schwei\u00adze\u00adrischen Gewerbeverbandes sgv hat an ihrer Sitzung vom 25. Oktober 2023 Urs Furrer zum neuen Direktor gew\u00e4hlt.\",\"breadcrumb\":{\"@id\":\"https:\\\/\\\/www.organisator.ch\\\/allgemein\\\/2023-10-26\\\/urs-furrer-wird-neuer-direktor-des-schweizerischen-gewerbeverbands\\\/#breadcrumb\"},\"inLanguage\":\"it-IT\",\"potentialAction\":[{\"@type\":\"ReadAction\",\"target\":[\"https:\\\/\\\/www.organisator.ch\\\/allgemein\\\/2023-10-26\\\/urs-furrer-wird-neuer-direktor-des-schweizerischen-gewerbeverbands\\\/\"]}]},{\"@type\":\"ImageObject\",\"inLanguage\":\"it-IT\",\"@id\":\"https:\\\/\\\/www.organisator.ch\\\/allgemein\\\/2023-10-26\\\/urs-furrer-wird-neuer-direktor-des-schweizerischen-gewerbeverbands\\\/#primaryimage\",\"url\":\"https:\\\/\\\/www.organisator.ch\\\/wp-content\\\/uploads\\\/2023\\\/10\\\/Urs-Furrer-ist-neuer-Direktor-des-Schweizerischen-Gewerbeverbands_Organisator.jpg\",\"contentUrl\":\"https:\\\/\\\/www.organisator.ch\\\/wp-content\\\/uploads\\\/2023\\\/10\\\/Urs-Furrer-ist-neuer-Direktor-des-Schweizerischen-Gewerbeverbands_Organisator.jpg\",\"width\":680,\"height\":438,\"caption\":\"Urs Furrer, designierter Direktor des Schweizerischen Gewerbeverbands. (Bild: sgv \\\/ zVg)\"},{\"@type\":\"BreadcrumbList\",\"@id\":\"https:\\\/\\\/www.organisator.ch\\\/allgemein\\\/2023-10-26\\\/urs-furrer-wird-neuer-direktor-des-schweizerischen-gewerbeverbands\\\/#breadcrumb\",\"itemListElement\":[{\"@type\":\"ListItem\",\"position\":1,\"name\":\"Home\",\"item\":\"https:\\\/\\\/www.organisator.ch\\\/\"},{\"@type\":\"ListItem\",\"position\":2,\"name\":\"Urs Furrer wird neuer Direktor des Schweizerischen Gewerbeverbands\"}]},{\"@type\":\"WebSite\",\"@id\":\"https:\\\/\\\/www.organisator.ch\\\/#website\",\"url\":\"https:\\\/\\\/www.organisator.ch\\\/\",\"name\":\"Organisator\",\"description\":\"Kompetent. Praxisnah. Der ORGANISATOR bereitet in 10 Ausgaben pro Jahr die wesentlichen Themen f\u00fcr F\u00fchrungskr\u00e4fte von KMU auf.\",\"publisher\":{\"@id\":\"https:\\\/\\\/www.organisator.ch\\\/#organization\"},\"potentialAction\":[{\"@type\":\"SearchAction\",\"target\":{\"@type\":\"EntryPoint\",\"urlTemplate\":\"https:\\\/\\\/www.organisator.ch\\\/?s={search_term_string}\"},\"query-input\":{\"@type\":\"PropertyValueSpecification\",\"valueRequired\":true,\"valueName\":\"search_term_string\"}}],\"inLanguage\":\"it-IT\"},{\"@type\":\"Organization\",\"@id\":\"https:\\\/\\\/www.organisator.ch\\\/#organization\",\"name\":\"Organisator\",\"url\":\"https:\\\/\\\/www.organisator.ch\\\/\",\"logo\":{\"@type\":\"ImageObject\",\"inLanguage\":\"it-IT\",\"@id\":\"https:\\\/\\\/www.organisator.ch\\\/#\\\/schema\\\/logo\\\/image\\\/\",\"url\":\"https:\\\/\\\/www.organisator.ch\\\/wp-content\\\/uploads\\\/2022\\\/01\\\/Logo_Organisator_Website.png\",\"contentUrl\":\"https:\\\/\\\/www.organisator.ch\\\/wp-content\\\/uploads\\\/2022\\\/01\\\/Logo_Organisator_Website.png\",\"width\":800,\"height\":77,\"caption\":\"Organisator\"},\"image\":{\"@id\":\"https:\\\/\\\/www.organisator.ch\\\/#\\\/schema\\\/logo\\\/image\\\/\"},\"sameAs\":[\"https:\\\/\\\/www.facebook.com\\\/OrganisatorFachmagazin\",\"https:\\\/\\\/www.linkedin.com\\\/showcase\\\/organisator-das-magazin-fr-kmu\",\"https:\\\/\\\/www.xing.com\\\/news\\\/pages\\\/organisator-ch-695\",\"https:\\\/\\\/www.youtube.com\\\/channel\\\/UCGP2Sq0iWaZwT3BdIAQFYpw\"]},{\"@type\":\"Person\",\"@id\":\"https:\\\/\\\/www.organisator.ch\\\/#\\\/schema\\\/person\\\/6f650f90b2842cd4c0cc334b4e36f67e\",\"name\":\"thomas.berner\",\"image\":{\"@type\":\"ImageObject\",\"inLanguage\":\"it-IT\",\"@id\":\"https:\\\/\\\/secure.gravatar.com\\\/avatar\\\/ac5001d2a36cb6c6cd3e50789007ffca834b477b74a2144564522e944eabff61?s=96&d=mm&r=g\",\"url\":\"https:\\\/\\\/secure.gravatar.com\\\/avatar\\\/ac5001d2a36cb6c6cd3e50789007ffca834b477b74a2144564522e944eabff61?s=96&d=mm&r=g\",\"contentUrl\":\"https:\\\/\\\/secure.gravatar.com\\\/avatar\\\/ac5001d2a36cb6c6cd3e50789007ffca834b477b74a2144564522e944eabff61?s=96&d=mm&r=g\",\"caption\":\"thomas.berner\"},\"url\":\"https:\\\/\\\/www.organisator.ch\\\/it\\\/author\\\/thomas-berner\\\/\"}]}<\/script>\n<!-- \/ Yoast SEO plugin. -->","yoast_head_json":{"title":"Urs Furrer diventa nuovo direttore dell'Associazione svizzera di categoria - Organizzatore","description":"Nella riunione del 25 ottobre 2023, la Camera di commercio della Confederazione svizzera dell'artigianato (sgv) ha eletto Urs Furrer nuovo direttore.","robots":{"index":"index","follow":"follow","max-snippet":"max-snippet:-1","max-image-preview":"max-image-preview:large","max-video-preview":"max-video-preview:-1"},"canonical":"https:\/\/www.organisator.ch\/it\/generale\/2023-10-26\/urs-furrer-wird-neuer-direktor-des-schweizerischen-gewerbeverbands\/","og_locale":"it_IT","og_type":"article","og_title":"Urs Furrer wird neuer Direktor des Schweizerischen Gewerbeverbands","og_description":"Die Gewerbekammer des Schwei\u00adze\u00adrischen Gewerbeverbandes sgv hat an ihrer Sitzung vom 25. Oktober 2023 Urs Furrer zum neuen Direktor gew\u00e4hlt.","og_url":"https:\/\/www.organisator.ch\/it\/generale\/2023-10-26\/urs-furrer-wird-neuer-direktor-des-schweizerischen-gewerbeverbands\/","og_site_name":"Organisator","article_publisher":"https:\/\/www.facebook.com\/OrganisatorFachmagazin","article_published_time":"2023-10-26T06:38:19+00:00","og_image":[{"width":680,"height":438,"url":"https:\/\/www.organisator.ch\/wp-content\/uploads\/2023\/10\/Urs-Furrer-ist-neuer-Direktor-des-Schweizerischen-Gewerbeverbands_Organisator.jpg","type":"image\/jpeg"}],"author":"thomas.berner","twitter_card":"summary_large_image","twitter_title":"Urs #Furrer wird neuer #Direktor des Schweizerischen #Gewerbeverbands","twitter_description":"Die #Gewerbekammer des Schwei\u00adze\u00adrischen #Gewerbeverbandes sgv hat an ihrer Sitzung vom 25. Oktober 2023 Urs Furrer zum neuen #Direktor gew\u00e4hlt.","twitter_image":"https:\/\/www.organisator.ch\/wp-content\/uploads\/2023\/10\/Urs-Furrer-ist-neuer-Direktor-des-Schweizerischen-Gewerbeverbands_Organisator.jpg","schema":{"@context":"https:\/\/schema.org","@graph":[{"@type":"Article","@id":"https:\/\/www.organisator.ch\/allgemein\/2023-10-26\/urs-furrer-wird-neuer-direktor-des-schweizerischen-gewerbeverbands\/#article","isPartOf":{"@id":"https:\/\/www.organisator.ch\/allgemein\/2023-10-26\/urs-furrer-wird-neuer-direktor-des-schweizerischen-gewerbeverbands\/"},"author":{"name":"thomas.berner","@id":"https:\/\/www.organisator.ch\/#\/schema\/person\/6f650f90b2842cd4c0cc334b4e36f67e"},"headline":"Urs Furrer wird neuer Direktor des Schweizerischen Gewerbeverbands","datePublished":"2023-10-26T06:38:19+00:00","mainEntityOfPage":{"@id":"https:\/\/www.organisator.ch\/allgemein\/2023-10-26\/urs-furrer-wird-neuer-direktor-des-schweizerischen-gewerbeverbands\/"},"wordCount":306,"publisher":{"@id":"https:\/\/www.organisator.ch\/#organization"},"image":{"@id":"https:\/\/www.organisator.ch\/allgemein\/2023-10-26\/urs-furrer-wird-neuer-direktor-des-schweizerischen-gewerbeverbands\/#primaryimage"},"thumbnailUrl":"https:\/\/www.organisator.ch\/wp-content\/uploads\/2023\/10\/Urs-Furrer-ist-neuer-Direktor-des-Schweizerischen-Gewerbeverbands_Organisator.jpg","keywords":["Personalia","Verb\u00e4nde","Wirtschaftspolitik"],"articleSection":["Allgemein"],"inLanguage":"it-IT"},{"@type":"WebPage","@id":"https:\/\/www.organisator.ch\/allgemein\/2023-10-26\/urs-furrer-wird-neuer-direktor-des-schweizerischen-gewerbeverbands\/","url":"https:\/\/www.organisator.ch\/allgemein\/2023-10-26\/urs-furrer-wird-neuer-direktor-des-schweizerischen-gewerbeverbands\/","name":"Urs Furrer diventa nuovo direttore dell'Associazione svizzera di categoria - Organizzatore","isPartOf":{"@id":"https:\/\/www.organisator.ch\/#website"},"primaryImageOfPage":{"@id":"https:\/\/www.organisator.ch\/allgemein\/2023-10-26\/urs-furrer-wird-neuer-direktor-des-schweizerischen-gewerbeverbands\/#primaryimage"},"image":{"@id":"https:\/\/www.organisator.ch\/allgemein\/2023-10-26\/urs-furrer-wird-neuer-direktor-des-schweizerischen-gewerbeverbands\/#primaryimage"},"thumbnailUrl":"https:\/\/www.organisator.ch\/wp-content\/uploads\/2023\/10\/Urs-Furrer-ist-neuer-Direktor-des-Schweizerischen-Gewerbeverbands_Organisator.jpg","datePublished":"2023-10-26T06:38:19+00:00","description":"Nella riunione del 25 ottobre 2023, la Camera di commercio della Confederazione svizzera dell'artigianato (sgv) ha eletto Urs Furrer nuovo direttore.","breadcrumb":{"@id":"https:\/\/www.organisator.ch\/allgemein\/2023-10-26\/urs-furrer-wird-neuer-direktor-des-schweizerischen-gewerbeverbands\/#breadcrumb"},"inLanguage":"it-IT","potentialAction":[{"@type":"ReadAction","target":["https:\/\/www.organisator.ch\/allgemein\/2023-10-26\/urs-furrer-wird-neuer-direktor-des-schweizerischen-gewerbeverbands\/"]}]},{"@type":"ImageObject","inLanguage":"it-IT","@id":"https:\/\/www.organisator.ch\/allgemein\/2023-10-26\/urs-furrer-wird-neuer-direktor-des-schweizerischen-gewerbeverbands\/#primaryimage","url":"https:\/\/www.organisator.ch\/wp-content\/uploads\/2023\/10\/Urs-Furrer-ist-neuer-Direktor-des-Schweizerischen-Gewerbeverbands_Organisator.jpg","contentUrl":"https:\/\/www.organisator.ch\/wp-content\/uploads\/2023\/10\/Urs-Furrer-ist-neuer-Direktor-des-Schweizerischen-Gewerbeverbands_Organisator.jpg","width":680,"height":438,"caption":"Urs Furrer, designierter Direktor des Schweizerischen Gewerbeverbands. (Bild: sgv \/ zVg)"},{"@type":"BreadcrumbList","@id":"https:\/\/www.organisator.ch\/allgemein\/2023-10-26\/urs-furrer-wird-neuer-direktor-des-schweizerischen-gewerbeverbands\/#breadcrumb","itemListElement":[{"@type":"ListItem","position":1,"name":"Home","item":"https:\/\/www.organisator.ch\/"},{"@type":"ListItem","position":2,"name":"Urs Furrer wird neuer Direktor des Schweizerischen Gewerbeverbands"}]},{"@type":"WebSite","@id":"https:\/\/www.organisator.ch\/#website","url":"https:\/\/www.organisator.ch\/","name":"Organizzatore","description":"Competente. Pratico. In 10 numeri all'anno, ORGANISATOR presenta i temi essenziali per i manager delle PMI.","publisher":{"@id":"https:\/\/www.organisator.ch\/#organization"},"potentialAction":[{"@type":"SearchAction","target":{"@type":"EntryPoint","urlTemplate":"https:\/\/www.organisator.ch\/?s={search_term_string}"},"query-input":{"@type":"PropertyValueSpecification","valueRequired":true,"valueName":"search_term_string"}}],"inLanguage":"it-IT"},{"@type":"Organization","@id":"https:\/\/www.organisator.ch\/#organization","name":"Organizzatore","url":"https:\/\/www.organisator.ch\/","logo":{"@type":"ImageObject","inLanguage":"it-IT","@id":"https:\/\/www.organisator.ch\/#\/schema\/logo\/image\/","url":"https:\/\/www.organisator.ch\/wp-content\/uploads\/2022\/01\/Logo_Organisator_Website.png","contentUrl":"https:\/\/www.organisator.ch\/wp-content\/uploads\/2022\/01\/Logo_Organisator_Website.png","width":800,"height":77,"caption":"Organisator"},"image":{"@id":"https:\/\/www.organisator.ch\/#\/schema\/logo\/image\/"},"sameAs":["https:\/\/www.facebook.com\/OrganisatorFachmagazin","https:\/\/www.linkedin.com\/showcase\/organisator-das-magazin-fr-kmu","https:\/\/www.xing.com\/news\/pages\/organisator-ch-695","https:\/\/www.youtube.com\/channel\/UCGP2Sq0iWaZwT3BdIAQFYpw"]},{"@type":"Person","@id":"https:\/\/www.organisator.ch\/#\/schema\/person\/6f650f90b2842cd4c0cc334b4e36f67e","name":"Tommaso.berner","image":{"@type":"ImageObject","inLanguage":"it-IT","@id":"https:\/\/secure.gravatar.com\/avatar\/ac5001d2a36cb6c6cd3e50789007ffca834b477b74a2144564522e944eabff61?s=96&d=mm&r=g","url":"https:\/\/secure.gravatar.com\/avatar\/ac5001d2a36cb6c6cd3e50789007ffca834b477b74a2144564522e944eabff61?s=96&d=mm&r=g","contentUrl":"https:\/\/secure.gravatar.com\/avatar\/ac5001d2a36cb6c6cd3e50789007ffca834b477b74a2144564522e944eabff61?s=96&d=mm&r=g","caption":"thomas.berner"},"url":"https:\/\/www.organisator.ch\/it\/author\/thomas-berner\/"}]}},"_links":{"self":[{"href":"https:\/\/www.organisator.ch\/it\/wp-json\/wp\/v2\/posts\/22787","targetHints":{"allow":["GET"]}}],"collection":[{"href":"https:\/\/www.organisator.ch\/it\/wp-json\/wp\/v2\/posts"}],"about":[{"href":"https:\/\/www.organisator.ch\/it\/wp-json\/wp\/v2\/types\/post"}],"author":[{"embeddable":true,"href":"https:\/\/www.organisator.ch\/it\/wp-json\/wp\/v2\/users\/4"}],"replies":[{"embeddable":true,"href":"https:\/\/www.organisator.ch\/it\/wp-json\/wp\/v2\/comments?post=22787"}],"version-history":[{"count":1,"href":"https:\/\/www.organisator.ch\/it\/wp-json\/wp\/v2\/posts\/22787\/revisions"}],"predecessor-version":[{"id":22789,"href":"https:\/\/www.organisator.ch\/it\/wp-json\/wp\/v2\/posts\/22787\/revisions\/22789"}],"wp:featuredmedia":[{"embeddable":true,"href":"https:\/\/www.organisator.ch\/it\/wp-json\/wp\/v2\/media\/22788"}],"wp:attachment":[{"href":"https:\/\/www.organisator.ch\/it\/wp-json\/wp\/v2\/media?parent=22787"}],"wp:term":[{"taxonomy":"category","embeddable":true,"href":"https:\/\/www.organisator.ch\/it\/wp-json\/wp\/v2\/categories?post=22787"},{"taxonomy":"post_tag","embeddable":true,"href":"https:\/\/www.organisator.ch\/it\/wp-json\/wp\/v2\/tags?post=22787"}],"curies":[{"name":"wp","href":"https:\/\/api.w.org\/{rel}","templated":true}]}}