{"id":2298,"date":"2019-07-12T10:56:57","date_gmt":"2019-07-12T08:56:57","guid":{"rendered":"https:\/\/www.umweltperspektiven.ch\/?p=2298"},"modified":"2022-02-09T11:10:52","modified_gmt":"2022-02-09T10:10:52","slug":"forschung-belegt-entstehung-der-blitze","status":"publish","type":"post","link":"https:\/\/www.organisator.ch\/it\/sustainability\/2019-07-12\/forschung-belegt-entstehung-der-blitze\/","title":{"rendered":"Ricerca sull'origine del fulmine"},"content":{"rendered":"<figure id=\"attachment_2299\" aria-describedby=\"caption-attachment-2299\" style=\"width: 680px\" class=\"wp-caption alignnone\"><img loading=\"lazy\" decoding=\"async\" class=\"size-medium wp-image-2299\" src=\"\/\/www.umweltperspektiven.ch\/wp-content\/uploads\/2019\/07\/enststehung_blitze_up-Umwelt-Perspektiven.jpg\" alt=\"\" width=\"680\" height=\"453\" \/><figcaption id=\"caption-attachment-2299\" class=\"wp-caption-text\">I temporali si verificano regolarmente nelle calde e umide giornate estive. Ma gli studiosi si interrogano da millenni sull'origine dei fulmini. (Immagine simbolo: Unsplash)<\/figcaption><\/figure>\n<p>Nella cosiddetta teoria della coalescenza delle gocce, si ipotizza che le cariche dei fulmini si formino dalla dissociazione dell'acqua in presenza di calore e radiazione solare. Gli ioni di idrogeno pi\u00f9 leggeri salgono, mentre gli ioni di idrossido pi\u00f9 pesanti tendono a scendere.<\/p>\n<p>Come \u00e8 stato recentemente dimostrato, gli ioni di idrogeno non reagiscono immediatamente con le molecole d'acqua, ma possono percorrere distanze molto pi\u00f9 lunghe rispetto all'acqua scontrandosi con azoto e ossigeno. In teoria si potrebbero considerare anche altre coppie di ioni, ma non \u00e8 stato possibile dimostrarlo nella pratica.<\/p>\n<p><strong>Diverse teorie<\/strong><\/p>\n<p>Le tre teorie prevalenti sull'origine dei fulmini non solo sono in contraddizione tra loro, ma anche con le leggi fondamentali della fisica.<\/p>\n<p>Pertanto, la teoria dell'attrito dei grani di ghiaccio e quella del congelamento delle gocce d'acqua contraddicono il fatto che i temporali si verifichino pi\u00f9 frequentemente nei giorni caldi che in quelli freddi. La teoria della distribuzione della carica nelle gocce d'acqua non pu\u00f2 spiegare una maggiore separazione della carica senza una scarica immediata.<\/p>\n<p>Viene presentata una nuova teoria sulla formazione dei fulmini nell'atmosfera. L'acqua si dissocia preferenzialmente a temperature pi\u00f9 elevate.<\/p>\n<p>A causa della loro piccola massa, gli ioni di idrogeno salgono nella troposfera superiore. L\u00ec si attaccano a sottili goccioline d'acqua. Le gocce d'acqua fini si combinano per formare gocce pi\u00f9 grandi, il che costringe le cariche elettriche collegate a unirsi.<\/p>\n<p>Infine, la densit\u00e0 di carica sulla superficie della gocciolina \u00e8 troppo grande, per cui l'intensit\u00e0 del campo di breakdown<br \/>\n\u00e8 superato in aria. Il fulmine si propaga accelerando le particelle elettricamente cariche nel campo elettrico.<\/p>\n<p><strong>La teoria della coalescenza delle gocce \u00e8 stata azzardata<\/strong><br \/>\nAnche se la teoria della coalescenza delle gocce \u00e8 azzardata, resiste a un esame pi\u00f9 attento almeno quanto le spiegazioni attualmente prevalenti. \u00c8 certo infatti che, per ragioni fisiche, alcune delle teorie attuali non possono essere corrette.<\/p>\n<p>Non si parla del romanticismo di un rinfrescante temporale estivo. Godetevi i lampi e i tuoni o riflettete sulle forze della natura!<\/p>\n<p><em>Informazioni: Daniel S. Christen (Salute-Sicurezza-Protezione dell'ambiente)\u00a0 <\/em><a href=\"mailto:daniel.christen@eco-swiss.ch\"><em>daniel.christen@eco-swiss.ch<\/em><\/a><\/p>","protected":false},"excerpt":{"rendered":"<p>In der sogenannten Tropfen-Koaleszenz-Theorie wird angenommen, dass sich Blitz Ladungen durch die Dissoziation von Wasser bei W\u00e4rme und Sonnenstrahlung bilden. Die leichteren Wasserstoff-Ionen steigen auf, die schwereren Hydroxid-Ionen sinken tendenziell nach unten. Wie k\u00fcrzlich nachgewiesen wurde, reagieren Wasserstoff-Ionen nicht sofort mit Wassermolek\u00fclen, sondern k\u00f6nnen durch Zusammenst\u00f6sse mit Stickstoff und Sauerstoff weit gr\u00f6ssere Wegstrecken als in [&hellip;]<\/p>\n","protected":false},"author":5,"featured_media":2299,"comment_status":"open","ping_status":"open","sticky":false,"template":"","format":"standard","meta":{"_acf_changed":false,"_yoast_wpseo_focuskw":"Blitze","_yoast_wpseo_metadesc":"Blitze entstehen durch das Aufeinandertreffen feinster Wassertropfen, welche sich zu gr\u00f6sseren Regentropfen zusammenballen","articlekey":"","footnotes":""},"categories":[580],"tags":[856,218,1909,2299],"class_list":["post-2298","post","type-post","status-publish","format-standard","has-post-thumbnail","hentry","category-sustainability","tag-blitze","tag-forschung","tag-physik","tag-theorie"],"acf":[],"yoast_head":"<!-- This site is optimized with the Yoast SEO plugin v27.5 - https:\/\/yoast.com\/product\/yoast-seo-wordpress\/ -->\n<title>Forschung \u00fcber Entstehung der Blitze - Organisator<\/title>\n<meta name=\"description\" content=\"Blitze entstehen durch das Aufeinandertreffen feinster Wassertropfen, welche sich zu gr\u00f6sseren Regentropfen zusammenballen\" \/>\n<meta name=\"robots\" content=\"index, follow, max-snippet:-1, max-image-preview:large, max-video-preview:-1\" \/>\n<link rel=\"canonical\" href=\"https:\/\/www.organisator.ch\/it\/sostenibilita\/2019-07-12\/forschung-belegt-entstehung-der-blitze\/\" \/>\n<meta property=\"og:locale\" content=\"it_IT\" \/>\n<meta property=\"og:type\" content=\"article\" \/>\n<meta property=\"og:title\" content=\"Forschung \u00fcber Entstehung der Blitze - Organisator\" \/>\n<meta property=\"og:description\" content=\"Blitze entstehen durch das Aufeinandertreffen feinster Wassertropfen, welche sich zu gr\u00f6sseren Regentropfen zusammenballen\" \/>\n<meta property=\"og:url\" content=\"https:\/\/www.organisator.ch\/it\/sostenibilita\/2019-07-12\/forschung-belegt-entstehung-der-blitze\/\" \/>\n<meta property=\"og:site_name\" content=\"Organisator\" \/>\n<meta property=\"article:publisher\" content=\"https:\/\/www.facebook.com\/OrganisatorFachmagazin\" \/>\n<meta property=\"article:published_time\" content=\"2019-07-12T08:56:57+00:00\" \/>\n<meta property=\"article:modified_time\" content=\"2022-02-09T10:10:52+00:00\" \/>\n<meta property=\"og:image\" content=\"https:\/\/www.organisator.ch\/wp-content\/uploads\/2019\/07\/enststehung_blitze_up-Umwelt-Perspektiven-scaled.jpg\" \/>\n\t<meta property=\"og:image:width\" content=\"2560\" \/>\n\t<meta property=\"og:image:height\" content=\"1707\" \/>\n\t<meta property=\"og:image:type\" content=\"image\/jpeg\" \/>\n<meta name=\"author\" content=\"michael.merz\" \/>\n<meta name=\"twitter:card\" content=\"summary_large_image\" \/>\n<script type=\"application\/ld+json\" class=\"yoast-schema-graph\">{\"@context\":\"https:\\\/\\\/schema.org\",\"@graph\":[{\"@type\":\"Article\",\"@id\":\"https:\\\/\\\/www.organisator.ch\\\/sustainability\\\/2019-07-12\\\/forschung-belegt-entstehung-der-blitze\\\/#article\",\"isPartOf\":{\"@id\":\"https:\\\/\\\/www.organisator.ch\\\/sustainability\\\/2019-07-12\\\/forschung-belegt-entstehung-der-blitze\\\/\"},\"author\":{\"name\":\"michael.merz\",\"@id\":\"https:\\\/\\\/www.organisator.ch\\\/#\\\/schema\\\/person\\\/134708ca9321c57b0362cceb7948ffbd\"},\"headline\":\"Forschung \u00fcber Entstehung der Blitze\",\"datePublished\":\"2019-07-12T08:56:57+00:00\",\"dateModified\":\"2022-02-09T10:10:52+00:00\",\"mainEntityOfPage\":{\"@id\":\"https:\\\/\\\/www.organisator.ch\\\/sustainability\\\/2019-07-12\\\/forschung-belegt-entstehung-der-blitze\\\/\"},\"wordCount\":348,\"commentCount\":0,\"publisher\":{\"@id\":\"https:\\\/\\\/www.organisator.ch\\\/#organization\"},\"image\":{\"@id\":\"https:\\\/\\\/www.organisator.ch\\\/sustainability\\\/2019-07-12\\\/forschung-belegt-entstehung-der-blitze\\\/#primaryimage\"},\"thumbnailUrl\":\"https:\\\/\\\/www.organisator.ch\\\/wp-content\\\/uploads\\\/2019\\\/07\\\/enststehung_blitze_up-Umwelt-Perspektiven-scaled.jpg\",\"keywords\":[\"Blitze\",\"Forschung\",\"Physik\",\"Theorie\"],\"articleSection\":[\"SUSTAINABILITY\"],\"inLanguage\":\"it-IT\"},{\"@type\":\"WebPage\",\"@id\":\"https:\\\/\\\/www.organisator.ch\\\/sustainability\\\/2019-07-12\\\/forschung-belegt-entstehung-der-blitze\\\/\",\"url\":\"https:\\\/\\\/www.organisator.ch\\\/sustainability\\\/2019-07-12\\\/forschung-belegt-entstehung-der-blitze\\\/\",\"name\":\"Forschung \u00fcber Entstehung der Blitze - Organisator\",\"isPartOf\":{\"@id\":\"https:\\\/\\\/www.organisator.ch\\\/#website\"},\"primaryImageOfPage\":{\"@id\":\"https:\\\/\\\/www.organisator.ch\\\/sustainability\\\/2019-07-12\\\/forschung-belegt-entstehung-der-blitze\\\/#primaryimage\"},\"image\":{\"@id\":\"https:\\\/\\\/www.organisator.ch\\\/sustainability\\\/2019-07-12\\\/forschung-belegt-entstehung-der-blitze\\\/#primaryimage\"},\"thumbnailUrl\":\"https:\\\/\\\/www.organisator.ch\\\/wp-content\\\/uploads\\\/2019\\\/07\\\/enststehung_blitze_up-Umwelt-Perspektiven-scaled.jpg\",\"datePublished\":\"2019-07-12T08:56:57+00:00\",\"dateModified\":\"2022-02-09T10:10:52+00:00\",\"description\":\"Blitze entstehen durch das Aufeinandertreffen feinster Wassertropfen, welche sich zu gr\u00f6sseren Regentropfen zusammenballen\",\"breadcrumb\":{\"@id\":\"https:\\\/\\\/www.organisator.ch\\\/sustainability\\\/2019-07-12\\\/forschung-belegt-entstehung-der-blitze\\\/#breadcrumb\"},\"inLanguage\":\"it-IT\",\"potentialAction\":[{\"@type\":\"ReadAction\",\"target\":[\"https:\\\/\\\/www.organisator.ch\\\/sustainability\\\/2019-07-12\\\/forschung-belegt-entstehung-der-blitze\\\/\"]}]},{\"@type\":\"ImageObject\",\"inLanguage\":\"it-IT\",\"@id\":\"https:\\\/\\\/www.organisator.ch\\\/sustainability\\\/2019-07-12\\\/forschung-belegt-entstehung-der-blitze\\\/#primaryimage\",\"url\":\"https:\\\/\\\/www.organisator.ch\\\/wp-content\\\/uploads\\\/2019\\\/07\\\/enststehung_blitze_up-Umwelt-Perspektiven-scaled.jpg\",\"contentUrl\":\"https:\\\/\\\/www.organisator.ch\\\/wp-content\\\/uploads\\\/2019\\\/07\\\/enststehung_blitze_up-Umwelt-Perspektiven-scaled.jpg\",\"width\":2560,\"height\":1707,\"caption\":\"An schw\u00fcl-heissen Sommertagen treten regelm\u00e4ssig Gewitter auf. Doch \u00fcber die Entstehung der Blitze r\u00e4tseln Gelehrte seit Jahrtausenden. (Symbolbild: Unsplash)\"},{\"@type\":\"BreadcrumbList\",\"@id\":\"https:\\\/\\\/www.organisator.ch\\\/sustainability\\\/2019-07-12\\\/forschung-belegt-entstehung-der-blitze\\\/#breadcrumb\",\"itemListElement\":[{\"@type\":\"ListItem\",\"position\":1,\"name\":\"Home\",\"item\":\"https:\\\/\\\/www.organisator.ch\\\/\"},{\"@type\":\"ListItem\",\"position\":2,\"name\":\"Forschung \u00fcber Entstehung der Blitze\"}]},{\"@type\":\"WebSite\",\"@id\":\"https:\\\/\\\/www.organisator.ch\\\/#website\",\"url\":\"https:\\\/\\\/www.organisator.ch\\\/\",\"name\":\"Organisator\",\"description\":\"Kompetent. Praxisnah. Der ORGANISATOR bereitet in 10 Ausgaben pro Jahr die wesentlichen Themen f\u00fcr F\u00fchrungskr\u00e4fte von KMU auf.\",\"publisher\":{\"@id\":\"https:\\\/\\\/www.organisator.ch\\\/#organization\"},\"potentialAction\":[{\"@type\":\"SearchAction\",\"target\":{\"@type\":\"EntryPoint\",\"urlTemplate\":\"https:\\\/\\\/www.organisator.ch\\\/?s={search_term_string}\"},\"query-input\":{\"@type\":\"PropertyValueSpecification\",\"valueRequired\":true,\"valueName\":\"search_term_string\"}}],\"inLanguage\":\"it-IT\"},{\"@type\":\"Organization\",\"@id\":\"https:\\\/\\\/www.organisator.ch\\\/#organization\",\"name\":\"Organisator\",\"url\":\"https:\\\/\\\/www.organisator.ch\\\/\",\"logo\":{\"@type\":\"ImageObject\",\"inLanguage\":\"it-IT\",\"@id\":\"https:\\\/\\\/www.organisator.ch\\\/#\\\/schema\\\/logo\\\/image\\\/\",\"url\":\"https:\\\/\\\/www.organisator.ch\\\/wp-content\\\/uploads\\\/2022\\\/01\\\/Logo_Organisator_Website.png\",\"contentUrl\":\"https:\\\/\\\/www.organisator.ch\\\/wp-content\\\/uploads\\\/2022\\\/01\\\/Logo_Organisator_Website.png\",\"width\":800,\"height\":77,\"caption\":\"Organisator\"},\"image\":{\"@id\":\"https:\\\/\\\/www.organisator.ch\\\/#\\\/schema\\\/logo\\\/image\\\/\"},\"sameAs\":[\"https:\\\/\\\/www.facebook.com\\\/OrganisatorFachmagazin\",\"https:\\\/\\\/www.linkedin.com\\\/showcase\\\/organisator-das-magazin-fr-kmu\",\"https:\\\/\\\/www.xing.com\\\/news\\\/pages\\\/organisator-ch-695\",\"https:\\\/\\\/www.youtube.com\\\/channel\\\/UCGP2Sq0iWaZwT3BdIAQFYpw\"]},{\"@type\":\"Person\",\"@id\":\"https:\\\/\\\/www.organisator.ch\\\/#\\\/schema\\\/person\\\/134708ca9321c57b0362cceb7948ffbd\",\"name\":\"michael.merz\",\"image\":{\"@type\":\"ImageObject\",\"inLanguage\":\"it-IT\",\"@id\":\"https:\\\/\\\/secure.gravatar.com\\\/avatar\\\/?s=96&d=mm&r=g\",\"url\":\"https:\\\/\\\/secure.gravatar.com\\\/avatar\\\/?s=96&d=mm&r=g\",\"contentUrl\":\"https:\\\/\\\/secure.gravatar.com\\\/avatar\\\/?s=96&d=mm&r=g\",\"caption\":\"michael.merz\"},\"url\":\"https:\\\/\\\/www.organisator.ch\\\/it\\\/author\\\/michael-merz\\\/\"}]}<\/script>\n<!-- \/ Yoast SEO plugin. -->","yoast_head_json":{"title":"Ricerca sull'origine dei fulmini - Organizzatore","description":"Il fulmine \u00e8 causato dalla collisione di goccioline d'acqua molto sottili, che si raggruppano per formare gocce di pioggia pi\u00f9 grandi.","robots":{"index":"index","follow":"follow","max-snippet":"max-snippet:-1","max-image-preview":"max-image-preview:large","max-video-preview":"max-video-preview:-1"},"canonical":"https:\/\/www.organisator.ch\/it\/sostenibilita\/2019-07-12\/forschung-belegt-entstehung-der-blitze\/","og_locale":"it_IT","og_type":"article","og_title":"Forschung \u00fcber Entstehung der Blitze - Organisator","og_description":"Blitze entstehen durch das Aufeinandertreffen feinster Wassertropfen, welche sich zu gr\u00f6sseren Regentropfen zusammenballen","og_url":"https:\/\/www.organisator.ch\/it\/sostenibilita\/2019-07-12\/forschung-belegt-entstehung-der-blitze\/","og_site_name":"Organisator","article_publisher":"https:\/\/www.facebook.com\/OrganisatorFachmagazin","article_published_time":"2019-07-12T08:56:57+00:00","article_modified_time":"2022-02-09T10:10:52+00:00","og_image":[{"width":2560,"height":1707,"url":"https:\/\/www.organisator.ch\/wp-content\/uploads\/2019\/07\/enststehung_blitze_up-Umwelt-Perspektiven-scaled.jpg","type":"image\/jpeg"}],"author":"michael.merz","twitter_card":"summary_large_image","schema":{"@context":"https:\/\/schema.org","@graph":[{"@type":"Article","@id":"https:\/\/www.organisator.ch\/sustainability\/2019-07-12\/forschung-belegt-entstehung-der-blitze\/#article","isPartOf":{"@id":"https:\/\/www.organisator.ch\/sustainability\/2019-07-12\/forschung-belegt-entstehung-der-blitze\/"},"author":{"name":"michael.merz","@id":"https:\/\/www.organisator.ch\/#\/schema\/person\/134708ca9321c57b0362cceb7948ffbd"},"headline":"Forschung \u00fcber Entstehung der Blitze","datePublished":"2019-07-12T08:56:57+00:00","dateModified":"2022-02-09T10:10:52+00:00","mainEntityOfPage":{"@id":"https:\/\/www.organisator.ch\/sustainability\/2019-07-12\/forschung-belegt-entstehung-der-blitze\/"},"wordCount":348,"commentCount":0,"publisher":{"@id":"https:\/\/www.organisator.ch\/#organization"},"image":{"@id":"https:\/\/www.organisator.ch\/sustainability\/2019-07-12\/forschung-belegt-entstehung-der-blitze\/#primaryimage"},"thumbnailUrl":"https:\/\/www.organisator.ch\/wp-content\/uploads\/2019\/07\/enststehung_blitze_up-Umwelt-Perspektiven-scaled.jpg","keywords":["Blitze","Forschung","Physik","Theorie"],"articleSection":["SUSTAINABILITY"],"inLanguage":"it-IT"},{"@type":"WebPage","@id":"https:\/\/www.organisator.ch\/sustainability\/2019-07-12\/forschung-belegt-entstehung-der-blitze\/","url":"https:\/\/www.organisator.ch\/sustainability\/2019-07-12\/forschung-belegt-entstehung-der-blitze\/","name":"Ricerca sull'origine dei fulmini - Organizzatore","isPartOf":{"@id":"https:\/\/www.organisator.ch\/#website"},"primaryImageOfPage":{"@id":"https:\/\/www.organisator.ch\/sustainability\/2019-07-12\/forschung-belegt-entstehung-der-blitze\/#primaryimage"},"image":{"@id":"https:\/\/www.organisator.ch\/sustainability\/2019-07-12\/forschung-belegt-entstehung-der-blitze\/#primaryimage"},"thumbnailUrl":"https:\/\/www.organisator.ch\/wp-content\/uploads\/2019\/07\/enststehung_blitze_up-Umwelt-Perspektiven-scaled.jpg","datePublished":"2019-07-12T08:56:57+00:00","dateModified":"2022-02-09T10:10:52+00:00","description":"Il fulmine \u00e8 causato dalla collisione di goccioline d'acqua molto sottili, che si raggruppano per formare gocce di pioggia pi\u00f9 grandi.","breadcrumb":{"@id":"https:\/\/www.organisator.ch\/sustainability\/2019-07-12\/forschung-belegt-entstehung-der-blitze\/#breadcrumb"},"inLanguage":"it-IT","potentialAction":[{"@type":"ReadAction","target":["https:\/\/www.organisator.ch\/sustainability\/2019-07-12\/forschung-belegt-entstehung-der-blitze\/"]}]},{"@type":"ImageObject","inLanguage":"it-IT","@id":"https:\/\/www.organisator.ch\/sustainability\/2019-07-12\/forschung-belegt-entstehung-der-blitze\/#primaryimage","url":"https:\/\/www.organisator.ch\/wp-content\/uploads\/2019\/07\/enststehung_blitze_up-Umwelt-Perspektiven-scaled.jpg","contentUrl":"https:\/\/www.organisator.ch\/wp-content\/uploads\/2019\/07\/enststehung_blitze_up-Umwelt-Perspektiven-scaled.jpg","width":2560,"height":1707,"caption":"An schw\u00fcl-heissen Sommertagen treten regelm\u00e4ssig Gewitter auf. Doch \u00fcber die Entstehung der Blitze r\u00e4tseln Gelehrte seit Jahrtausenden. (Symbolbild: Unsplash)"},{"@type":"BreadcrumbList","@id":"https:\/\/www.organisator.ch\/sustainability\/2019-07-12\/forschung-belegt-entstehung-der-blitze\/#breadcrumb","itemListElement":[{"@type":"ListItem","position":1,"name":"Home","item":"https:\/\/www.organisator.ch\/"},{"@type":"ListItem","position":2,"name":"Forschung \u00fcber Entstehung der Blitze"}]},{"@type":"WebSite","@id":"https:\/\/www.organisator.ch\/#website","url":"https:\/\/www.organisator.ch\/","name":"Organizzatore","description":"Competente. Pratico. In 10 numeri all'anno, ORGANISATOR presenta i temi essenziali per i manager delle PMI.","publisher":{"@id":"https:\/\/www.organisator.ch\/#organization"},"potentialAction":[{"@type":"SearchAction","target":{"@type":"EntryPoint","urlTemplate":"https:\/\/www.organisator.ch\/?s={search_term_string}"},"query-input":{"@type":"PropertyValueSpecification","valueRequired":true,"valueName":"search_term_string"}}],"inLanguage":"it-IT"},{"@type":"Organization","@id":"https:\/\/www.organisator.ch\/#organization","name":"Organizzatore","url":"https:\/\/www.organisator.ch\/","logo":{"@type":"ImageObject","inLanguage":"it-IT","@id":"https:\/\/www.organisator.ch\/#\/schema\/logo\/image\/","url":"https:\/\/www.organisator.ch\/wp-content\/uploads\/2022\/01\/Logo_Organisator_Website.png","contentUrl":"https:\/\/www.organisator.ch\/wp-content\/uploads\/2022\/01\/Logo_Organisator_Website.png","width":800,"height":77,"caption":"Organisator"},"image":{"@id":"https:\/\/www.organisator.ch\/#\/schema\/logo\/image\/"},"sameAs":["https:\/\/www.facebook.com\/OrganisatorFachmagazin","https:\/\/www.linkedin.com\/showcase\/organisator-das-magazin-fr-kmu","https:\/\/www.xing.com\/news\/pages\/organisator-ch-695","https:\/\/www.youtube.com\/channel\/UCGP2Sq0iWaZwT3BdIAQFYpw"]},{"@type":"Person","@id":"https:\/\/www.organisator.ch\/#\/schema\/person\/134708ca9321c57b0362cceb7948ffbd","name":"michael.merz","image":{"@type":"ImageObject","inLanguage":"it-IT","@id":"https:\/\/secure.gravatar.com\/avatar\/?s=96&d=mm&r=g","url":"https:\/\/secure.gravatar.com\/avatar\/?s=96&d=mm&r=g","contentUrl":"https:\/\/secure.gravatar.com\/avatar\/?s=96&d=mm&r=g","caption":"michael.merz"},"url":"https:\/\/www.organisator.ch\/it\/author\/michael-merz\/"}]}},"_links":{"self":[{"href":"https:\/\/www.organisator.ch\/it\/wp-json\/wp\/v2\/posts\/2298","targetHints":{"allow":["GET"]}}],"collection":[{"href":"https:\/\/www.organisator.ch\/it\/wp-json\/wp\/v2\/posts"}],"about":[{"href":"https:\/\/www.organisator.ch\/it\/wp-json\/wp\/v2\/types\/post"}],"author":[{"embeddable":true,"href":"https:\/\/www.organisator.ch\/it\/wp-json\/wp\/v2\/users\/5"}],"replies":[{"embeddable":true,"href":"https:\/\/www.organisator.ch\/it\/wp-json\/wp\/v2\/comments?post=2298"}],"version-history":[{"count":1,"href":"https:\/\/www.organisator.ch\/it\/wp-json\/wp\/v2\/posts\/2298\/revisions"}],"predecessor-version":[{"id":11017,"href":"https:\/\/www.organisator.ch\/it\/wp-json\/wp\/v2\/posts\/2298\/revisions\/11017"}],"wp:featuredmedia":[{"embeddable":true,"href":"https:\/\/www.organisator.ch\/it\/wp-json\/wp\/v2\/media\/2299"}],"wp:attachment":[{"href":"https:\/\/www.organisator.ch\/it\/wp-json\/wp\/v2\/media?parent=2298"}],"wp:term":[{"taxonomy":"category","embeddable":true,"href":"https:\/\/www.organisator.ch\/it\/wp-json\/wp\/v2\/categories?post=2298"},{"taxonomy":"post_tag","embeddable":true,"href":"https:\/\/www.organisator.ch\/it\/wp-json\/wp\/v2\/tags?post=2298"}],"curies":[{"name":"wp","href":"https:\/\/api.w.org\/{rel}","templated":true}]}}