{"id":22997,"date":"2023-11-07T11:22:38","date_gmt":"2023-11-07T10:22:38","guid":{"rendered":"https:\/\/www.organisator.ch\/?p=22997"},"modified":"2023-11-07T09:53:12","modified_gmt":"2023-11-07T08:53:12","slug":"berufsmesse-zuerich-zukunftsberufe-auf-der-ueberholspur","status":"publish","type":"post","link":"https:\/\/www.organisator.ch\/it\/weiterbildung\/2023-11-07\/berufsmesse-zuerich-zukunftsberufe-auf-der-ueberholspur\/","title":{"rendered":"Fiera delle carriere di Zurigo: le professioni del futuro in corsia di sorpasso"},"content":{"rendered":"<figure id=\"attachment_22999\" aria-describedby=\"caption-attachment-22999\" style=\"width: 680px\" class=\"wp-caption alignnone\"><img loading=\"lazy\" decoding=\"async\" class=\"size-full wp-image-22999\" src=\"https:\/\/www.organisator.ch\/wp-content\/uploads\/2023\/11\/An-der-Berufsmesse-Z-MCH-Group-AG_Bild1_ps-.jpg\" alt=\"\" width=\"680\" height=\"453\" srcset=\"https:\/\/www.organisator.ch\/wp-content\/uploads\/2023\/11\/An-der-Berufsmesse-Z-MCH-Group-AG_Bild1_ps-.jpg 680w, https:\/\/www.organisator.ch\/wp-content\/uploads\/2023\/11\/An-der-Berufsmesse-Z-MCH-Group-AG_Bild1_ps--18x12.jpg 18w, https:\/\/www.organisator.ch\/wp-content\/uploads\/2023\/11\/An-der-Berufsmesse-Z-MCH-Group-AG_Bild1_ps--375x250.jpg 375w, https:\/\/www.organisator.ch\/wp-content\/uploads\/2023\/11\/An-der-Berufsmesse-Z-MCH-Group-AG_Bild1_ps--525x350.jpg 525w\" sizes=\"auto, (max-width: 680px) 100vw, 680px\" \/><figcaption id=\"caption-attachment-22999\" class=\"wp-caption-text\">I giovani possono provare in prima persona le professioni alla fiera delle carriere di Zurigo. (Immagine: www.berufsmessezuerich.ch &amp; MCH Group AG)<\/figcaption><\/figure>\n<p>Dall'installatore di impianti solari al cuoco dietetico allo sviluppatore di imprese digitali: la scelta di apprendistati \u00e8 vastissima. La fiera delle carriere di Zurich \u00e8 un'opportunit\u00e0 per tutti i giovani in cerca di un apprendistato di scoprire le loro numerose opzioni in un ambiente interattivo.<\/p>\n<h3><strong>Consigli pratici per la scelta della carriera<\/strong><\/h3>\n<p>Come faccio a fare colpo a un colloquio di lavoro? Quali sono i vantaggi di una maturit\u00e0 professionale e perch\u00e9 il genere non fa differenza nella professione? La fiera delle professioni di Zurigo fornisce risposte utili proprio a queste domande durante i brevi eventi del forum. Nel campus delle candidature, i giovani possono far controllare i propri documenti di candidatura, scattare una foto professionale o parlare con gli attuali apprendisti del processo di ricerca della carriera.<\/p>\n<h3><strong>Una professione con un futuro<\/strong><\/h3>\n<p>\"Il nostro mondo del lavoro \u00e8 in continua evoluzione. La crescente automazione e il collegamento in rete richiedono nuove competenze ai professionisti di oggi. I programmi di formazione professionale di base devono essere concepiti in modo da insegnare ai giovani queste nuove competenze\", afferma Thomas Hess, direttore generale dell'Associazione PMI e Commercio del Cantone di Zurigo (KGV). L'esempio attuale \u00e8 il nuovo programma di formazione professionale per sviluppatori nel settore digitale EFZ, sviluppato da ICT-Berufsbildung Schweiz in collaborazione con vari stakeholder, che ha preso il via per la prima volta nell'agosto 2023. Gli apprendisti supportano le aziende nel loro sviluppo digitale. Lavorano all'interfaccia tra persone, aziende e tecnologia e sono coinvolti in vari progetti di digitalizzazione, ad esempio valutando le tendenze digitali e analizzando i dati.<\/p>\n<h3><strong>La sostenibilit\u00e0 come percorso di carriera<\/strong><\/h3>\n<p>Anche l'apprendistato triennale come installatore solare EFZ e l'apprendistato biennale come tecnico solare EBA sono nuovi e saranno offerti per la prima volta nell'anno scolastico 2024\/2025. Circa 150 aziende offrono apprendistati per la prossima generazione di installatori solari. Gli installatori solari svolgono una professione variegata all'aperto, in cui danno un contributo importante alla transizione energetica.<\/p>\n<p>Un'altra importante posizione chiave nel sistema dell'economia circolare sostenibile \u00e8 il lavoro di un riciclatore qualificato. Non si tratta solo di raccogliere e smistare i rifiuti, ma anche di ampliare la conoscenza delle risorse e di partecipare attivamente alla protezione dell'ambiente.<\/p>\n<p><em>Fonte: <a href=\"https:\/\/www.berufsmessezuerich.ch\/de\">www.berufmessezuerich.ch\u00a0<\/a><\/em><\/p>","protected":false},"excerpt":{"rendered":"<p>Dal 21 al 25 novembre 2023, la fiera delle carriere di Zurigo offrir\u00e0 ai giovani una panoramica sul mondo della formazione professionale. Con oltre 500 apprendistati, programmi di formazione di base e di perfezionamento, la fiera di Zurigo sar\u00e0 un evento imperdibile per chiunque voglia plasmare attivamente il proprio futuro professionale. Verranno inoltre presentati nuovi apprendistati nei settori della digitalizzazione e dell'energia solare. La Fiera delle carriere di Zurigo \u00e8 organizzata dall'Associazione PMI e Commercio del Cantone di Zurigo e da MCH Messe Z\u00fcrich.<\/p>","protected":false},"author":58,"featured_media":22999,"comment_status":"closed","ping_status":"closed","sticky":false,"template":"","format":"standard","meta":{"_acf_changed":false,"_yoast_wpseo_focuskw":"Berufsmesse","_yoast_wpseo_metadesc":"Vom 21. bis zum 25. November 2023 bietet die Berufsmesse Z\u00fcrich Jugendlichen einen Einblick in die Welt der Berufsausbildung.","articlekey":"","footnotes":""},"categories":[30],"tags":[62,3999,424,502],"class_list":["post-22997","post","type-post","status-publish","format-standard","has-post-thumbnail","hentry","category-weiterbildung","tag-aus-weiterbildung","tag-berufsmesse","tag-schweiz","tag-veranstaltungen"],"acf":[],"yoast_head":"<!-- This site is optimized with the Yoast SEO plugin v27.4 - https:\/\/yoast.com\/product\/yoast-seo-wordpress\/ -->\n<title>Berufsmesse Z\u00fcrich: Zukunftsberufe auf der \u00dcberholspur - Organisator<\/title>\n<meta name=\"description\" content=\"Vom 21. bis zum 25. November 2023 bietet die Berufsmesse Z\u00fcrich Jugendlichen einen Einblick in die Welt der Berufsausbildung.\" \/>\n<meta name=\"robots\" content=\"index, follow, max-snippet:-1, max-image-preview:large, max-video-preview:-1\" \/>\n<link rel=\"canonical\" href=\"https:\/\/www.organisator.ch\/it\/formazione-continua\/2023-11-07\/berufsmesse-zuerich-zukunftsberufe-auf-der-ueberholspur\/\" \/>\n<meta property=\"og:locale\" content=\"it_IT\" \/>\n<meta property=\"og:type\" content=\"article\" \/>\n<meta property=\"og:title\" content=\"Berufsmesse Z\u00fcrich: Zukunftsberufe auf der \u00dcberholspur\" \/>\n<meta property=\"og:description\" content=\"Vom 21. bis zum 25. November 2023 bietet die Berufsmesse Z\u00fcrich Jugendlichen einen Einblick in die Welt der Berufsausbildung.\" \/>\n<meta property=\"og:url\" content=\"https:\/\/www.organisator.ch\/it\/formazione-continua\/2023-11-07\/berufsmesse-zuerich-zukunftsberufe-auf-der-ueberholspur\/\" \/>\n<meta property=\"og:site_name\" content=\"Organisator\" \/>\n<meta property=\"article:publisher\" content=\"https:\/\/www.facebook.com\/OrganisatorFachmagazin\" \/>\n<meta property=\"article:published_time\" content=\"2023-11-07T10:22:38+00:00\" \/>\n<meta property=\"og:image\" content=\"https:\/\/www.organisator.ch\/wp-content\/uploads\/2023\/11\/An-der-Berufsmesse-Z-MCH-Group-AG_Bild1_ps-.jpg\" \/>\n\t<meta property=\"og:image:width\" content=\"680\" \/>\n\t<meta property=\"og:image:height\" content=\"453\" \/>\n\t<meta property=\"og:image:type\" content=\"image\/jpeg\" \/>\n<meta name=\"author\" content=\"Adelisa Kalajdzini\" \/>\n<meta name=\"twitter:card\" content=\"summary_large_image\" \/>\n<meta name=\"twitter:title\" content=\"Berufsmesse Z\u00fcrich: Zukunftsberufe auf der \u00dcberholspur\" \/>\n<meta name=\"twitter:description\" content=\"Vom 21. bis zum 25. November 2023 bietet die #Berufsmesse Z\u00fcrich #Jugendlichen einen Einblick in die Welt der #Berufsausbildung.\" \/>\n<meta name=\"twitter:image\" content=\"https:\/\/www.organisator.ch\/wp-content\/uploads\/2023\/11\/An-der-Berufsmesse-Z-MCH-Group-AG_Bild1_ps-.jpg\" \/>\n<script type=\"application\/ld+json\" class=\"yoast-schema-graph\">{\"@context\":\"https:\\\/\\\/schema.org\",\"@graph\":[{\"@type\":\"Article\",\"@id\":\"https:\\\/\\\/www.organisator.ch\\\/weiterbildung\\\/2023-11-07\\\/berufsmesse-zuerich-zukunftsberufe-auf-der-ueberholspur\\\/#article\",\"isPartOf\":{\"@id\":\"https:\\\/\\\/www.organisator.ch\\\/weiterbildung\\\/2023-11-07\\\/berufsmesse-zuerich-zukunftsberufe-auf-der-ueberholspur\\\/\"},\"author\":{\"name\":\"Adelisa Kalajdzini\",\"@id\":\"https:\\\/\\\/www.organisator.ch\\\/#\\\/schema\\\/person\\\/2e1314a2172123f874db408d8911d3f3\"},\"headline\":\"Berufsmesse Z\u00fcrich: Zukunftsberufe auf der \u00dcberholspur\",\"datePublished\":\"2023-11-07T10:22:38+00:00\",\"mainEntityOfPage\":{\"@id\":\"https:\\\/\\\/www.organisator.ch\\\/weiterbildung\\\/2023-11-07\\\/berufsmesse-zuerich-zukunftsberufe-auf-der-ueberholspur\\\/\"},\"wordCount\":376,\"publisher\":{\"@id\":\"https:\\\/\\\/www.organisator.ch\\\/#organization\"},\"image\":{\"@id\":\"https:\\\/\\\/www.organisator.ch\\\/weiterbildung\\\/2023-11-07\\\/berufsmesse-zuerich-zukunftsberufe-auf-der-ueberholspur\\\/#primaryimage\"},\"thumbnailUrl\":\"https:\\\/\\\/www.organisator.ch\\\/wp-content\\\/uploads\\\/2023\\\/11\\\/An-der-Berufsmesse-Z-MCH-Group-AG_Bild1_ps-.jpg\",\"keywords\":[\"Aus-\\\/Weiterbildung\",\"Berufsmesse\",\"Schweiz\",\"Veranstaltungen\"],\"articleSection\":[\"WEITERBILDUNG\"],\"inLanguage\":\"it-IT\"},{\"@type\":\"WebPage\",\"@id\":\"https:\\\/\\\/www.organisator.ch\\\/weiterbildung\\\/2023-11-07\\\/berufsmesse-zuerich-zukunftsberufe-auf-der-ueberholspur\\\/\",\"url\":\"https:\\\/\\\/www.organisator.ch\\\/weiterbildung\\\/2023-11-07\\\/berufsmesse-zuerich-zukunftsberufe-auf-der-ueberholspur\\\/\",\"name\":\"Berufsmesse Z\u00fcrich: Zukunftsberufe auf der \u00dcberholspur - Organisator\",\"isPartOf\":{\"@id\":\"https:\\\/\\\/www.organisator.ch\\\/#website\"},\"primaryImageOfPage\":{\"@id\":\"https:\\\/\\\/www.organisator.ch\\\/weiterbildung\\\/2023-11-07\\\/berufsmesse-zuerich-zukunftsberufe-auf-der-ueberholspur\\\/#primaryimage\"},\"image\":{\"@id\":\"https:\\\/\\\/www.organisator.ch\\\/weiterbildung\\\/2023-11-07\\\/berufsmesse-zuerich-zukunftsberufe-auf-der-ueberholspur\\\/#primaryimage\"},\"thumbnailUrl\":\"https:\\\/\\\/www.organisator.ch\\\/wp-content\\\/uploads\\\/2023\\\/11\\\/An-der-Berufsmesse-Z-MCH-Group-AG_Bild1_ps-.jpg\",\"datePublished\":\"2023-11-07T10:22:38+00:00\",\"description\":\"Vom 21. bis zum 25. November 2023 bietet die Berufsmesse Z\u00fcrich Jugendlichen einen Einblick in die Welt der Berufsausbildung.\",\"breadcrumb\":{\"@id\":\"https:\\\/\\\/www.organisator.ch\\\/weiterbildung\\\/2023-11-07\\\/berufsmesse-zuerich-zukunftsberufe-auf-der-ueberholspur\\\/#breadcrumb\"},\"inLanguage\":\"it-IT\",\"potentialAction\":[{\"@type\":\"ReadAction\",\"target\":[\"https:\\\/\\\/www.organisator.ch\\\/weiterbildung\\\/2023-11-07\\\/berufsmesse-zuerich-zukunftsberufe-auf-der-ueberholspur\\\/\"]}]},{\"@type\":\"ImageObject\",\"inLanguage\":\"it-IT\",\"@id\":\"https:\\\/\\\/www.organisator.ch\\\/weiterbildung\\\/2023-11-07\\\/berufsmesse-zuerich-zukunftsberufe-auf-der-ueberholspur\\\/#primaryimage\",\"url\":\"https:\\\/\\\/www.organisator.ch\\\/wp-content\\\/uploads\\\/2023\\\/11\\\/An-der-Berufsmesse-Z-MCH-Group-AG_Bild1_ps-.jpg\",\"contentUrl\":\"https:\\\/\\\/www.organisator.ch\\\/wp-content\\\/uploads\\\/2023\\\/11\\\/An-der-Berufsmesse-Z-MCH-Group-AG_Bild1_ps-.jpg\",\"width\":680,\"height\":453,\"caption\":\"An der Berufsmesse Z\u00fcrich k\u00f6nnen Jugendliche Berufe gleich selbst ausprobieren. (Bild: www.berufsmessezuerich.ch & MCH Group AG)\"},{\"@type\":\"BreadcrumbList\",\"@id\":\"https:\\\/\\\/www.organisator.ch\\\/weiterbildung\\\/2023-11-07\\\/berufsmesse-zuerich-zukunftsberufe-auf-der-ueberholspur\\\/#breadcrumb\",\"itemListElement\":[{\"@type\":\"ListItem\",\"position\":1,\"name\":\"Home\",\"item\":\"https:\\\/\\\/www.organisator.ch\\\/\"},{\"@type\":\"ListItem\",\"position\":2,\"name\":\"Berufsmesse Z\u00fcrich: Zukunftsberufe auf der \u00dcberholspur\"}]},{\"@type\":\"WebSite\",\"@id\":\"https:\\\/\\\/www.organisator.ch\\\/#website\",\"url\":\"https:\\\/\\\/www.organisator.ch\\\/\",\"name\":\"Organisator\",\"description\":\"Kompetent. Praxisnah. Der ORGANISATOR bereitet in 10 Ausgaben pro Jahr die wesentlichen Themen f\u00fcr F\u00fchrungskr\u00e4fte von KMU auf.\",\"publisher\":{\"@id\":\"https:\\\/\\\/www.organisator.ch\\\/#organization\"},\"potentialAction\":[{\"@type\":\"SearchAction\",\"target\":{\"@type\":\"EntryPoint\",\"urlTemplate\":\"https:\\\/\\\/www.organisator.ch\\\/?s={search_term_string}\"},\"query-input\":{\"@type\":\"PropertyValueSpecification\",\"valueRequired\":true,\"valueName\":\"search_term_string\"}}],\"inLanguage\":\"it-IT\"},{\"@type\":\"Organization\",\"@id\":\"https:\\\/\\\/www.organisator.ch\\\/#organization\",\"name\":\"Organisator\",\"url\":\"https:\\\/\\\/www.organisator.ch\\\/\",\"logo\":{\"@type\":\"ImageObject\",\"inLanguage\":\"it-IT\",\"@id\":\"https:\\\/\\\/www.organisator.ch\\\/#\\\/schema\\\/logo\\\/image\\\/\",\"url\":\"https:\\\/\\\/www.organisator.ch\\\/wp-content\\\/uploads\\\/2022\\\/01\\\/Logo_Organisator_Website.png\",\"contentUrl\":\"https:\\\/\\\/www.organisator.ch\\\/wp-content\\\/uploads\\\/2022\\\/01\\\/Logo_Organisator_Website.png\",\"width\":800,\"height\":77,\"caption\":\"Organisator\"},\"image\":{\"@id\":\"https:\\\/\\\/www.organisator.ch\\\/#\\\/schema\\\/logo\\\/image\\\/\"},\"sameAs\":[\"https:\\\/\\\/www.facebook.com\\\/OrganisatorFachmagazin\",\"https:\\\/\\\/www.linkedin.com\\\/showcase\\\/organisator-das-magazin-fr-kmu\",\"https:\\\/\\\/www.xing.com\\\/news\\\/pages\\\/organisator-ch-695\",\"https:\\\/\\\/www.youtube.com\\\/channel\\\/UCGP2Sq0iWaZwT3BdIAQFYpw\"]},{\"@type\":\"Person\",\"@id\":\"https:\\\/\\\/www.organisator.ch\\\/#\\\/schema\\\/person\\\/2e1314a2172123f874db408d8911d3f3\",\"name\":\"Adelisa Kalajdzini\",\"image\":{\"@type\":\"ImageObject\",\"inLanguage\":\"it-IT\",\"@id\":\"https:\\\/\\\/secure.gravatar.com\\\/avatar\\\/09a397c22ac58cad6f160ee8306348599df9df58a8ede73696226897b9fa4b24?s=96&d=mm&r=g\",\"url\":\"https:\\\/\\\/secure.gravatar.com\\\/avatar\\\/09a397c22ac58cad6f160ee8306348599df9df58a8ede73696226897b9fa4b24?s=96&d=mm&r=g\",\"contentUrl\":\"https:\\\/\\\/secure.gravatar.com\\\/avatar\\\/09a397c22ac58cad6f160ee8306348599df9df58a8ede73696226897b9fa4b24?s=96&d=mm&r=g\",\"caption\":\"Adelisa Kalajdzini\"},\"url\":\"https:\\\/\\\/www.organisator.ch\\\/it\\\/author\\\/adelisa-kalajdzini\\\/\"}]}<\/script>\n<!-- \/ Yoast SEO plugin. -->","yoast_head_json":{"title":"Fiera delle carriere di Zurigo: le professioni del futuro nella corsia di sorpasso - Organizzatore","description":"Dal 21 al 25 novembre 2023, la fiera delle carriere di Zurigo offrir\u00e0 ai giovani una panoramica sul mondo della formazione professionale.","robots":{"index":"index","follow":"follow","max-snippet":"max-snippet:-1","max-image-preview":"max-image-preview:large","max-video-preview":"max-video-preview:-1"},"canonical":"https:\/\/www.organisator.ch\/it\/formazione-continua\/2023-11-07\/berufsmesse-zuerich-zukunftsberufe-auf-der-ueberholspur\/","og_locale":"it_IT","og_type":"article","og_title":"Berufsmesse Z\u00fcrich: Zukunftsberufe auf der \u00dcberholspur","og_description":"Vom 21. bis zum 25. November 2023 bietet die Berufsmesse Z\u00fcrich Jugendlichen einen Einblick in die Welt der Berufsausbildung.","og_url":"https:\/\/www.organisator.ch\/it\/formazione-continua\/2023-11-07\/berufsmesse-zuerich-zukunftsberufe-auf-der-ueberholspur\/","og_site_name":"Organisator","article_publisher":"https:\/\/www.facebook.com\/OrganisatorFachmagazin","article_published_time":"2023-11-07T10:22:38+00:00","og_image":[{"width":680,"height":453,"url":"https:\/\/www.organisator.ch\/wp-content\/uploads\/2023\/11\/An-der-Berufsmesse-Z-MCH-Group-AG_Bild1_ps-.jpg","type":"image\/jpeg"}],"author":"Adelisa Kalajdzini","twitter_card":"summary_large_image","twitter_title":"Berufsmesse Z\u00fcrich: Zukunftsberufe auf der \u00dcberholspur","twitter_description":"Vom 21. bis zum 25. November 2023 bietet die #Berufsmesse Z\u00fcrich #Jugendlichen einen Einblick in die Welt der #Berufsausbildung.","twitter_image":"https:\/\/www.organisator.ch\/wp-content\/uploads\/2023\/11\/An-der-Berufsmesse-Z-MCH-Group-AG_Bild1_ps-.jpg","schema":{"@context":"https:\/\/schema.org","@graph":[{"@type":"Article","@id":"https:\/\/www.organisator.ch\/weiterbildung\/2023-11-07\/berufsmesse-zuerich-zukunftsberufe-auf-der-ueberholspur\/#article","isPartOf":{"@id":"https:\/\/www.organisator.ch\/weiterbildung\/2023-11-07\/berufsmesse-zuerich-zukunftsberufe-auf-der-ueberholspur\/"},"author":{"name":"Adelisa Kalajdzini","@id":"https:\/\/www.organisator.ch\/#\/schema\/person\/2e1314a2172123f874db408d8911d3f3"},"headline":"Berufsmesse Z\u00fcrich: Zukunftsberufe auf der \u00dcberholspur","datePublished":"2023-11-07T10:22:38+00:00","mainEntityOfPage":{"@id":"https:\/\/www.organisator.ch\/weiterbildung\/2023-11-07\/berufsmesse-zuerich-zukunftsberufe-auf-der-ueberholspur\/"},"wordCount":376,"publisher":{"@id":"https:\/\/www.organisator.ch\/#organization"},"image":{"@id":"https:\/\/www.organisator.ch\/weiterbildung\/2023-11-07\/berufsmesse-zuerich-zukunftsberufe-auf-der-ueberholspur\/#primaryimage"},"thumbnailUrl":"https:\/\/www.organisator.ch\/wp-content\/uploads\/2023\/11\/An-der-Berufsmesse-Z-MCH-Group-AG_Bild1_ps-.jpg","keywords":["Aus-\/Weiterbildung","Berufsmesse","Schweiz","Veranstaltungen"],"articleSection":["WEITERBILDUNG"],"inLanguage":"it-IT"},{"@type":"WebPage","@id":"https:\/\/www.organisator.ch\/weiterbildung\/2023-11-07\/berufsmesse-zuerich-zukunftsberufe-auf-der-ueberholspur\/","url":"https:\/\/www.organisator.ch\/weiterbildung\/2023-11-07\/berufsmesse-zuerich-zukunftsberufe-auf-der-ueberholspur\/","name":"Fiera delle carriere di Zurigo: le professioni del futuro nella corsia di sorpasso - Organizzatore","isPartOf":{"@id":"https:\/\/www.organisator.ch\/#website"},"primaryImageOfPage":{"@id":"https:\/\/www.organisator.ch\/weiterbildung\/2023-11-07\/berufsmesse-zuerich-zukunftsberufe-auf-der-ueberholspur\/#primaryimage"},"image":{"@id":"https:\/\/www.organisator.ch\/weiterbildung\/2023-11-07\/berufsmesse-zuerich-zukunftsberufe-auf-der-ueberholspur\/#primaryimage"},"thumbnailUrl":"https:\/\/www.organisator.ch\/wp-content\/uploads\/2023\/11\/An-der-Berufsmesse-Z-MCH-Group-AG_Bild1_ps-.jpg","datePublished":"2023-11-07T10:22:38+00:00","description":"Dal 21 al 25 novembre 2023, la fiera delle carriere di Zurigo offrir\u00e0 ai giovani una panoramica sul mondo della formazione professionale.","breadcrumb":{"@id":"https:\/\/www.organisator.ch\/weiterbildung\/2023-11-07\/berufsmesse-zuerich-zukunftsberufe-auf-der-ueberholspur\/#breadcrumb"},"inLanguage":"it-IT","potentialAction":[{"@type":"ReadAction","target":["https:\/\/www.organisator.ch\/weiterbildung\/2023-11-07\/berufsmesse-zuerich-zukunftsberufe-auf-der-ueberholspur\/"]}]},{"@type":"ImageObject","inLanguage":"it-IT","@id":"https:\/\/www.organisator.ch\/weiterbildung\/2023-11-07\/berufsmesse-zuerich-zukunftsberufe-auf-der-ueberholspur\/#primaryimage","url":"https:\/\/www.organisator.ch\/wp-content\/uploads\/2023\/11\/An-der-Berufsmesse-Z-MCH-Group-AG_Bild1_ps-.jpg","contentUrl":"https:\/\/www.organisator.ch\/wp-content\/uploads\/2023\/11\/An-der-Berufsmesse-Z-MCH-Group-AG_Bild1_ps-.jpg","width":680,"height":453,"caption":"An der Berufsmesse Z\u00fcrich k\u00f6nnen Jugendliche Berufe gleich selbst ausprobieren. (Bild: www.berufsmessezuerich.ch & MCH Group AG)"},{"@type":"BreadcrumbList","@id":"https:\/\/www.organisator.ch\/weiterbildung\/2023-11-07\/berufsmesse-zuerich-zukunftsberufe-auf-der-ueberholspur\/#breadcrumb","itemListElement":[{"@type":"ListItem","position":1,"name":"Home","item":"https:\/\/www.organisator.ch\/"},{"@type":"ListItem","position":2,"name":"Berufsmesse Z\u00fcrich: Zukunftsberufe auf der \u00dcberholspur"}]},{"@type":"WebSite","@id":"https:\/\/www.organisator.ch\/#website","url":"https:\/\/www.organisator.ch\/","name":"Organizzatore","description":"Competente. Pratico. In 10 numeri all'anno, ORGANISATOR presenta i temi essenziali per i manager delle PMI.","publisher":{"@id":"https:\/\/www.organisator.ch\/#organization"},"potentialAction":[{"@type":"SearchAction","target":{"@type":"EntryPoint","urlTemplate":"https:\/\/www.organisator.ch\/?s={search_term_string}"},"query-input":{"@type":"PropertyValueSpecification","valueRequired":true,"valueName":"search_term_string"}}],"inLanguage":"it-IT"},{"@type":"Organization","@id":"https:\/\/www.organisator.ch\/#organization","name":"Organizzatore","url":"https:\/\/www.organisator.ch\/","logo":{"@type":"ImageObject","inLanguage":"it-IT","@id":"https:\/\/www.organisator.ch\/#\/schema\/logo\/image\/","url":"https:\/\/www.organisator.ch\/wp-content\/uploads\/2022\/01\/Logo_Organisator_Website.png","contentUrl":"https:\/\/www.organisator.ch\/wp-content\/uploads\/2022\/01\/Logo_Organisator_Website.png","width":800,"height":77,"caption":"Organisator"},"image":{"@id":"https:\/\/www.organisator.ch\/#\/schema\/logo\/image\/"},"sameAs":["https:\/\/www.facebook.com\/OrganisatorFachmagazin","https:\/\/www.linkedin.com\/showcase\/organisator-das-magazin-fr-kmu","https:\/\/www.xing.com\/news\/pages\/organisator-ch-695","https:\/\/www.youtube.com\/channel\/UCGP2Sq0iWaZwT3BdIAQFYpw"]},{"@type":"Person","@id":"https:\/\/www.organisator.ch\/#\/schema\/person\/2e1314a2172123f874db408d8911d3f3","name":"Adelisa Kalajdzini","image":{"@type":"ImageObject","inLanguage":"it-IT","@id":"https:\/\/secure.gravatar.com\/avatar\/09a397c22ac58cad6f160ee8306348599df9df58a8ede73696226897b9fa4b24?s=96&d=mm&r=g","url":"https:\/\/secure.gravatar.com\/avatar\/09a397c22ac58cad6f160ee8306348599df9df58a8ede73696226897b9fa4b24?s=96&d=mm&r=g","contentUrl":"https:\/\/secure.gravatar.com\/avatar\/09a397c22ac58cad6f160ee8306348599df9df58a8ede73696226897b9fa4b24?s=96&d=mm&r=g","caption":"Adelisa Kalajdzini"},"url":"https:\/\/www.organisator.ch\/it\/author\/adelisa-kalajdzini\/"}]}},"_links":{"self":[{"href":"https:\/\/www.organisator.ch\/it\/wp-json\/wp\/v2\/posts\/22997","targetHints":{"allow":["GET"]}}],"collection":[{"href":"https:\/\/www.organisator.ch\/it\/wp-json\/wp\/v2\/posts"}],"about":[{"href":"https:\/\/www.organisator.ch\/it\/wp-json\/wp\/v2\/types\/post"}],"author":[{"embeddable":true,"href":"https:\/\/www.organisator.ch\/it\/wp-json\/wp\/v2\/users\/58"}],"replies":[{"embeddable":true,"href":"https:\/\/www.organisator.ch\/it\/wp-json\/wp\/v2\/comments?post=22997"}],"version-history":[{"count":2,"href":"https:\/\/www.organisator.ch\/it\/wp-json\/wp\/v2\/posts\/22997\/revisions"}],"predecessor-version":[{"id":23000,"href":"https:\/\/www.organisator.ch\/it\/wp-json\/wp\/v2\/posts\/22997\/revisions\/23000"}],"wp:featuredmedia":[{"embeddable":true,"href":"https:\/\/www.organisator.ch\/it\/wp-json\/wp\/v2\/media\/22999"}],"wp:attachment":[{"href":"https:\/\/www.organisator.ch\/it\/wp-json\/wp\/v2\/media?parent=22997"}],"wp:term":[{"taxonomy":"category","embeddable":true,"href":"https:\/\/www.organisator.ch\/it\/wp-json\/wp\/v2\/categories?post=22997"},{"taxonomy":"post_tag","embeddable":true,"href":"https:\/\/www.organisator.ch\/it\/wp-json\/wp\/v2\/tags?post=22997"}],"curies":[{"name":"wp","href":"https:\/\/api.w.org\/{rel}","templated":true}]}}