{"id":2301,"date":"2017-08-10T11:47:42","date_gmt":"2017-08-10T09:47:42","guid":{"rendered":"https:\/\/www.organisator.ch\/?p=2301"},"modified":"2017-08-10T11:47:42","modified_gmt":"2017-08-10T09:47:42","slug":"irene-frei-wird-vr-praesidentin-der-schulverlag-plus-ag","status":"publish","type":"post","link":"https:\/\/www.organisator.ch\/it\/management\/2017-08-10\/irene-frei-wird-vr-praesidentin-der-schulverlag-plus-ag\/","title":{"rendered":"Irene Frei diventa presidente del consiglio di amministrazione di Schulverlag plus AG"},"content":{"rendered":"<figure id=\"attachment_2302\" aria-describedby=\"caption-attachment-2302\" style=\"width: 432px\" class=\"wp-caption alignnone\"><img loading=\"lazy\" decoding=\"async\" class=\"size-full wp-image-2302\" src=\"https:\/\/www.organisator.ch\/wp-content\/uploads\/2017\/08\/Irene-Frei-wird-VR-Praesidentin-der-Schulverlag-plus-AG_Organisator.jpg\" alt=\"\" width=\"432\" height=\"640\" srcset=\"https:\/\/www.organisator.ch\/wp-content\/uploads\/2017\/08\/Irene-Frei-wird-VR-Praesidentin-der-Schulverlag-plus-AG_Organisator.jpg 432w, https:\/\/www.organisator.ch\/wp-content\/uploads\/2017\/08\/Irene-Frei-wird-VR-Praesidentin-der-Schulverlag-plus-AG_Organisator-8x12.jpg 8w, https:\/\/www.organisator.ch\/wp-content\/uploads\/2017\/08\/Irene-Frei-wird-VR-Praesidentin-der-Schulverlag-plus-AG_Organisator-118x175.jpg 118w, https:\/\/www.organisator.ch\/wp-content\/uploads\/2017\/08\/Irene-Frei-wird-VR-Praesidentin-der-Schulverlag-plus-AG_Organisator-236x350.jpg 236w, https:\/\/www.organisator.ch\/wp-content\/uploads\/2017\/08\/Irene-Frei-wird-VR-Praesidentin-der-Schulverlag-plus-AG_Organisator-300x444.jpg 300w\" sizes=\"auto, (max-width: 432px) 100vw, 432px\" \/><figcaption id=\"caption-attachment-2302\" class=\"wp-caption-text\">Irene Frei, nuovo presidente del consiglio di amministrazione della Schulverlag plus AG. (Immagine: zVg)<\/figcaption><\/figure>\n<p>Irene Frei (foto), manager e consulente interinale indipendente, \u00e8 il nuovo presidente del consiglio di amministrazione della Schulverlag plus AG. Sostituisce il dottor Robert Abt, che si dimette dopo 14 anni di mandato. Ha trasformato la Schulverlag plus da un'organizzazione di diritto pubblico all'AG di oggi e ha avuto un ruolo decisivo nel plasmare l'azienda, che opera con successo sul mercato. La met\u00e0 della societ\u00e0 \u00e8 di propriet\u00e0 dei cantoni di Argovia e Berna.<\/p>\n<p>L'obiettivo del nuovo presidente del consiglio di amministrazione \u00e8 quello di far progredire ulteriormente la digitalizzazione della produzione e della distribuzione del materiale didattico e di condurre l'azienda nel futuro digitale, secondo un comunicato della casa editrice scolastica. A tal fine, porta con s\u00e9 una profonda esperienza dal suo lavoro in varie aziende di media e case editrici.<\/p>\n<p>Anche Martin Hitz, UTA Communova AG, \u00e8 stato appena eletto nel consiglio di amministrazione. Il Consiglio di Amministrazione \u00e8 ora composto da (in ordine alfabetico):<\/p>\n<ul>\n<li>Irene Frei, Presidente (proprietario Irene Frei Interim Management \/ Consulting)<\/li>\n<li>Martin Hitz (UTA Communova AG)<\/li>\n<li>Heinz R\u00f6thlisberger, vicepresidente (Dipartimento dell'educazione di Berna)<\/li>\n<li>Marianne Rubli Supersaxo (Universit\u00e0 di Berna, assistente di ricerca Direzione amministrativa)<\/li>\n<li>Peter Seiler (CEO Res Publica Consulting AG)<\/li>\n<li>Hansi Voigt (specialista dei media, fondatore Watson)<\/li>\n<\/ul>\n<p><em>Ulteriori informazioni: <a href=\"http:\/\/www.schulverlag.ch\">Schulverlag plus AG<\/a><\/em><\/p>","protected":false},"excerpt":{"rendered":"<p>Irene Frei (Bild), selbst\u00e4ndige Interim Managerin und Beraterin, pr\u00e4sidiert neu den Verwaltungsrat der Schulverlag plus AG. Sie l\u00f6st damit Dr. Robert Abt ab, der sein Amt nach 14 Jahren abgibt. Er hat den Schulverlag plus von einer \u00f6ffentlich-rechtlichen Organisation zur heutigen AG transformiert und das erfolgreich am Markt operierende Unternehmen entscheidend mitgepr\u00e4gt. Dieses ist zur [&hellip;]<\/p>\n","protected":false},"author":4,"featured_media":2302,"comment_status":"open","ping_status":"open","sticky":false,"template":"","format":"standard","meta":{"_acf_changed":false,"_yoast_wpseo_focuskw":"Irene Frei","_yoast_wpseo_metadesc":"Die Schulverlag plus AG, ein f\u00fchrender Lehrmittelverlag, hat seit Juli seinen Verwaltungsrat neu besetzt. Verwaltungsratspr\u00e4sidentin ist neu Irene Frei.","articlekey":"","footnotes":""},"categories":[28],"tags":[381,492,508],"class_list":["post-2301","post","type-post","status-publish","format-standard","has-post-thumbnail","hentry","category-management","tag-personalia","tag-unternehmen","tag-vermischtes"],"acf":[],"yoast_head":"<!-- This site is optimized with the Yoast SEO plugin v27.5 - https:\/\/yoast.com\/product\/yoast-seo-wordpress\/ -->\n<title>Irene Frei wird VR-Pr\u00e4sidentin der Schulverlag plus AG - Organisator<\/title>\n<meta name=\"description\" content=\"Die Schulverlag plus AG, ein f\u00fchrender Lehrmittelverlag, hat seit Juli seinen Verwaltungsrat neu besetzt. Verwaltungsratspr\u00e4sidentin ist neu Irene Frei.\" \/>\n<meta name=\"robots\" content=\"index, follow, max-snippet:-1, max-image-preview:large, max-video-preview:-1\" \/>\n<link rel=\"canonical\" href=\"https:\/\/www.organisator.ch\/it\/gestione-2\/2017-08-10\/irene-frei-wird-vr-praesidentin-der-schulverlag-plus-ag\/\" \/>\n<meta property=\"og:locale\" content=\"it_IT\" \/>\n<meta property=\"og:type\" content=\"article\" \/>\n<meta property=\"og:title\" content=\"Irene Frei wird VR-Pr\u00e4sidentin der Schulverlag plus AG\" \/>\n<meta property=\"og:description\" content=\"Die #Schulverlag plus AG ist einer der f\u00fchrenden Lehrmittelverlage und je zur H\u00e4lfte im Besitz der Kantone Aargau und Z\u00fcrich. Seit Juli ist der #Verwaltungsrat neu besetzt.\" \/>\n<meta property=\"og:url\" content=\"https:\/\/www.organisator.ch\/it\/gestione-2\/2017-08-10\/irene-frei-wird-vr-praesidentin-der-schulverlag-plus-ag\/\" \/>\n<meta property=\"og:site_name\" content=\"Organisator\" \/>\n<meta property=\"article:publisher\" content=\"https:\/\/www.facebook.com\/OrganisatorFachmagazin\" \/>\n<meta property=\"article:published_time\" content=\"2017-08-10T09:47:42+00:00\" \/>\n<meta property=\"og:image\" content=\"https:\/\/www.organisator.ch\/wp-content\/uploads\/2017\/08\/Irene-Frei-wird-VR-Praesidentin-der-Schulverlag-plus-AG_Organisator.jpg\" \/>\n\t<meta property=\"og:image:width\" content=\"432\" \/>\n\t<meta property=\"og:image:height\" content=\"640\" \/>\n\t<meta property=\"og:image:type\" content=\"image\/jpeg\" \/>\n<meta name=\"author\" content=\"thomas.berner\" \/>\n<meta name=\"twitter:card\" content=\"summary_large_image\" \/>\n<meta name=\"twitter:title\" content=\"Irene Frei wird #VR-Pr\u00e4sidentin der #Schulverlag plus AG #IreneFrei\" \/>\n<meta name=\"twitter:description\" content=\"Die #Schulverlag plus AG ist einer der f\u00fchrenden Lehrmittelverlage und je zur H\u00e4lfte im Besitz der Kantone Aargau und Z\u00fcrich. Seit Juli ist der #Verwaltungsrat neu besetzt.\" \/>\n<meta name=\"twitter:image\" content=\"https:\/\/www.organisator.ch\/wp-content\/uploads\/2017\/08\/Irene-Frei-wird-VR-Pr\u00e4sidentin-der-Schulverlag-plus-AG_Organisator.jpg\" \/>\n<script type=\"application\/ld+json\" class=\"yoast-schema-graph\">{\"@context\":\"https:\\\/\\\/schema.org\",\"@graph\":[{\"@type\":\"Article\",\"@id\":\"https:\\\/\\\/www.organisator.ch\\\/management\\\/2017-08-10\\\/irene-frei-wird-vr-praesidentin-der-schulverlag-plus-ag\\\/#article\",\"isPartOf\":{\"@id\":\"https:\\\/\\\/www.organisator.ch\\\/management\\\/2017-08-10\\\/irene-frei-wird-vr-praesidentin-der-schulverlag-plus-ag\\\/\"},\"author\":{\"name\":\"thomas.berner\",\"@id\":\"https:\\\/\\\/www.organisator.ch\\\/#\\\/schema\\\/person\\\/6f650f90b2842cd4c0cc334b4e36f67e\"},\"headline\":\"Irene Frei wird VR-Pr\u00e4sidentin der Schulverlag plus AG\",\"datePublished\":\"2017-08-10T09:47:42+00:00\",\"mainEntityOfPage\":{\"@id\":\"https:\\\/\\\/www.organisator.ch\\\/management\\\/2017-08-10\\\/irene-frei-wird-vr-praesidentin-der-schulverlag-plus-ag\\\/\"},\"wordCount\":218,\"commentCount\":0,\"publisher\":{\"@id\":\"https:\\\/\\\/www.organisator.ch\\\/#organization\"},\"image\":{\"@id\":\"https:\\\/\\\/www.organisator.ch\\\/management\\\/2017-08-10\\\/irene-frei-wird-vr-praesidentin-der-schulverlag-plus-ag\\\/#primaryimage\"},\"thumbnailUrl\":\"https:\\\/\\\/www.organisator.ch\\\/wp-content\\\/uploads\\\/2017\\\/08\\\/Irene-Frei-wird-VR-Praesidentin-der-Schulverlag-plus-AG_Organisator.jpg\",\"keywords\":[\"Personalia\",\"Unternehmen\",\"Vermischtes\"],\"articleSection\":[\"MANAGEMENT\"],\"inLanguage\":\"it-IT\"},{\"@type\":\"WebPage\",\"@id\":\"https:\\\/\\\/www.organisator.ch\\\/management\\\/2017-08-10\\\/irene-frei-wird-vr-praesidentin-der-schulverlag-plus-ag\\\/\",\"url\":\"https:\\\/\\\/www.organisator.ch\\\/management\\\/2017-08-10\\\/irene-frei-wird-vr-praesidentin-der-schulverlag-plus-ag\\\/\",\"name\":\"Irene Frei wird VR-Pr\u00e4sidentin der Schulverlag plus AG - Organisator\",\"isPartOf\":{\"@id\":\"https:\\\/\\\/www.organisator.ch\\\/#website\"},\"primaryImageOfPage\":{\"@id\":\"https:\\\/\\\/www.organisator.ch\\\/management\\\/2017-08-10\\\/irene-frei-wird-vr-praesidentin-der-schulverlag-plus-ag\\\/#primaryimage\"},\"image\":{\"@id\":\"https:\\\/\\\/www.organisator.ch\\\/management\\\/2017-08-10\\\/irene-frei-wird-vr-praesidentin-der-schulverlag-plus-ag\\\/#primaryimage\"},\"thumbnailUrl\":\"https:\\\/\\\/www.organisator.ch\\\/wp-content\\\/uploads\\\/2017\\\/08\\\/Irene-Frei-wird-VR-Praesidentin-der-Schulverlag-plus-AG_Organisator.jpg\",\"datePublished\":\"2017-08-10T09:47:42+00:00\",\"description\":\"Die Schulverlag plus AG, ein f\u00fchrender Lehrmittelverlag, hat seit Juli seinen Verwaltungsrat neu besetzt. Verwaltungsratspr\u00e4sidentin ist neu Irene Frei.\",\"breadcrumb\":{\"@id\":\"https:\\\/\\\/www.organisator.ch\\\/management\\\/2017-08-10\\\/irene-frei-wird-vr-praesidentin-der-schulverlag-plus-ag\\\/#breadcrumb\"},\"inLanguage\":\"it-IT\",\"potentialAction\":[{\"@type\":\"ReadAction\",\"target\":[\"https:\\\/\\\/www.organisator.ch\\\/management\\\/2017-08-10\\\/irene-frei-wird-vr-praesidentin-der-schulverlag-plus-ag\\\/\"]}]},{\"@type\":\"ImageObject\",\"inLanguage\":\"it-IT\",\"@id\":\"https:\\\/\\\/www.organisator.ch\\\/management\\\/2017-08-10\\\/irene-frei-wird-vr-praesidentin-der-schulverlag-plus-ag\\\/#primaryimage\",\"url\":\"https:\\\/\\\/www.organisator.ch\\\/wp-content\\\/uploads\\\/2017\\\/08\\\/Irene-Frei-wird-VR-Praesidentin-der-Schulverlag-plus-AG_Organisator.jpg\",\"contentUrl\":\"https:\\\/\\\/www.organisator.ch\\\/wp-content\\\/uploads\\\/2017\\\/08\\\/Irene-Frei-wird-VR-Praesidentin-der-Schulverlag-plus-AG_Organisator.jpg\",\"width\":432,\"height\":640,\"caption\":\"Irene Frei, neue VR-Pr\u00e4sidentin der Schulverlag plus AG. (Bild: zVg)\"},{\"@type\":\"BreadcrumbList\",\"@id\":\"https:\\\/\\\/www.organisator.ch\\\/management\\\/2017-08-10\\\/irene-frei-wird-vr-praesidentin-der-schulverlag-plus-ag\\\/#breadcrumb\",\"itemListElement\":[{\"@type\":\"ListItem\",\"position\":1,\"name\":\"Home\",\"item\":\"https:\\\/\\\/www.organisator.ch\\\/\"},{\"@type\":\"ListItem\",\"position\":2,\"name\":\"Irene Frei wird VR-Pr\u00e4sidentin der Schulverlag plus AG\"}]},{\"@type\":\"WebSite\",\"@id\":\"https:\\\/\\\/www.organisator.ch\\\/#website\",\"url\":\"https:\\\/\\\/www.organisator.ch\\\/\",\"name\":\"Organisator\",\"description\":\"Kompetent. Praxisnah. Der ORGANISATOR bereitet in 10 Ausgaben pro Jahr die wesentlichen Themen f\u00fcr F\u00fchrungskr\u00e4fte von KMU auf.\",\"publisher\":{\"@id\":\"https:\\\/\\\/www.organisator.ch\\\/#organization\"},\"potentialAction\":[{\"@type\":\"SearchAction\",\"target\":{\"@type\":\"EntryPoint\",\"urlTemplate\":\"https:\\\/\\\/www.organisator.ch\\\/?s={search_term_string}\"},\"query-input\":{\"@type\":\"PropertyValueSpecification\",\"valueRequired\":true,\"valueName\":\"search_term_string\"}}],\"inLanguage\":\"it-IT\"},{\"@type\":\"Organization\",\"@id\":\"https:\\\/\\\/www.organisator.ch\\\/#organization\",\"name\":\"Organisator\",\"url\":\"https:\\\/\\\/www.organisator.ch\\\/\",\"logo\":{\"@type\":\"ImageObject\",\"inLanguage\":\"it-IT\",\"@id\":\"https:\\\/\\\/www.organisator.ch\\\/#\\\/schema\\\/logo\\\/image\\\/\",\"url\":\"https:\\\/\\\/www.organisator.ch\\\/wp-content\\\/uploads\\\/2022\\\/01\\\/Logo_Organisator_Website.png\",\"contentUrl\":\"https:\\\/\\\/www.organisator.ch\\\/wp-content\\\/uploads\\\/2022\\\/01\\\/Logo_Organisator_Website.png\",\"width\":800,\"height\":77,\"caption\":\"Organisator\"},\"image\":{\"@id\":\"https:\\\/\\\/www.organisator.ch\\\/#\\\/schema\\\/logo\\\/image\\\/\"},\"sameAs\":[\"https:\\\/\\\/www.facebook.com\\\/OrganisatorFachmagazin\",\"https:\\\/\\\/www.linkedin.com\\\/showcase\\\/organisator-das-magazin-fr-kmu\",\"https:\\\/\\\/www.xing.com\\\/news\\\/pages\\\/organisator-ch-695\",\"https:\\\/\\\/www.youtube.com\\\/channel\\\/UCGP2Sq0iWaZwT3BdIAQFYpw\"]},{\"@type\":\"Person\",\"@id\":\"https:\\\/\\\/www.organisator.ch\\\/#\\\/schema\\\/person\\\/6f650f90b2842cd4c0cc334b4e36f67e\",\"name\":\"thomas.berner\",\"image\":{\"@type\":\"ImageObject\",\"inLanguage\":\"it-IT\",\"@id\":\"https:\\\/\\\/secure.gravatar.com\\\/avatar\\\/ac5001d2a36cb6c6cd3e50789007ffca834b477b74a2144564522e944eabff61?s=96&d=mm&r=g\",\"url\":\"https:\\\/\\\/secure.gravatar.com\\\/avatar\\\/ac5001d2a36cb6c6cd3e50789007ffca834b477b74a2144564522e944eabff61?s=96&d=mm&r=g\",\"contentUrl\":\"https:\\\/\\\/secure.gravatar.com\\\/avatar\\\/ac5001d2a36cb6c6cd3e50789007ffca834b477b74a2144564522e944eabff61?s=96&d=mm&r=g\",\"caption\":\"thomas.berner\"},\"url\":\"https:\\\/\\\/www.organisator.ch\\\/it\\\/author\\\/thomas-berner\\\/\"}]}<\/script>\n<!-- \/ Yoast SEO plugin. -->","yoast_head_json":{"title":"Irene Frei diventa Presidente del Consiglio di Amministrazione di Schulverlag plus AG - Organizzatore","description":"Schulverlag plus AG, azienda leader nella pubblicazione di materiale didattico, ha un nuovo consiglio di amministrazione da luglio. Irene Frei \u00e8 la nuova presidente del Consiglio di amministrazione.","robots":{"index":"index","follow":"follow","max-snippet":"max-snippet:-1","max-image-preview":"max-image-preview:large","max-video-preview":"max-video-preview:-1"},"canonical":"https:\/\/www.organisator.ch\/it\/gestione-2\/2017-08-10\/irene-frei-wird-vr-praesidentin-der-schulverlag-plus-ag\/","og_locale":"it_IT","og_type":"article","og_title":"Irene Frei wird VR-Pr\u00e4sidentin der Schulverlag plus AG","og_description":"Die #Schulverlag plus AG ist einer der f\u00fchrenden Lehrmittelverlage und je zur H\u00e4lfte im Besitz der Kantone Aargau und Z\u00fcrich. Seit Juli ist der #Verwaltungsrat neu besetzt.","og_url":"https:\/\/www.organisator.ch\/it\/gestione-2\/2017-08-10\/irene-frei-wird-vr-praesidentin-der-schulverlag-plus-ag\/","og_site_name":"Organisator","article_publisher":"https:\/\/www.facebook.com\/OrganisatorFachmagazin","article_published_time":"2017-08-10T09:47:42+00:00","og_image":[{"width":432,"height":640,"url":"https:\/\/www.organisator.ch\/wp-content\/uploads\/2017\/08\/Irene-Frei-wird-VR-Praesidentin-der-Schulverlag-plus-AG_Organisator.jpg","type":"image\/jpeg"}],"author":"thomas.berner","twitter_card":"summary_large_image","twitter_title":"Irene Frei wird #VR-Pr\u00e4sidentin der #Schulverlag plus AG #IreneFrei","twitter_description":"Die #Schulverlag plus AG ist einer der f\u00fchrenden Lehrmittelverlage und je zur H\u00e4lfte im Besitz der Kantone Aargau und Z\u00fcrich. Seit Juli ist der #Verwaltungsrat neu besetzt.","twitter_image":"https:\/\/www.organisator.ch\/wp-content\/uploads\/2017\/08\/Irene-Frei-wird-VR-Pr\u00e4sidentin-der-Schulverlag-plus-AG_Organisator.jpg","schema":{"@context":"https:\/\/schema.org","@graph":[{"@type":"Article","@id":"https:\/\/www.organisator.ch\/management\/2017-08-10\/irene-frei-wird-vr-praesidentin-der-schulverlag-plus-ag\/#article","isPartOf":{"@id":"https:\/\/www.organisator.ch\/management\/2017-08-10\/irene-frei-wird-vr-praesidentin-der-schulverlag-plus-ag\/"},"author":{"name":"thomas.berner","@id":"https:\/\/www.organisator.ch\/#\/schema\/person\/6f650f90b2842cd4c0cc334b4e36f67e"},"headline":"Irene Frei wird VR-Pr\u00e4sidentin der Schulverlag plus AG","datePublished":"2017-08-10T09:47:42+00:00","mainEntityOfPage":{"@id":"https:\/\/www.organisator.ch\/management\/2017-08-10\/irene-frei-wird-vr-praesidentin-der-schulverlag-plus-ag\/"},"wordCount":218,"commentCount":0,"publisher":{"@id":"https:\/\/www.organisator.ch\/#organization"},"image":{"@id":"https:\/\/www.organisator.ch\/management\/2017-08-10\/irene-frei-wird-vr-praesidentin-der-schulverlag-plus-ag\/#primaryimage"},"thumbnailUrl":"https:\/\/www.organisator.ch\/wp-content\/uploads\/2017\/08\/Irene-Frei-wird-VR-Praesidentin-der-Schulverlag-plus-AG_Organisator.jpg","keywords":["Personalia","Unternehmen","Vermischtes"],"articleSection":["MANAGEMENT"],"inLanguage":"it-IT"},{"@type":"WebPage","@id":"https:\/\/www.organisator.ch\/management\/2017-08-10\/irene-frei-wird-vr-praesidentin-der-schulverlag-plus-ag\/","url":"https:\/\/www.organisator.ch\/management\/2017-08-10\/irene-frei-wird-vr-praesidentin-der-schulverlag-plus-ag\/","name":"Irene Frei diventa Presidente del Consiglio di Amministrazione di Schulverlag plus AG - Organizzatore","isPartOf":{"@id":"https:\/\/www.organisator.ch\/#website"},"primaryImageOfPage":{"@id":"https:\/\/www.organisator.ch\/management\/2017-08-10\/irene-frei-wird-vr-praesidentin-der-schulverlag-plus-ag\/#primaryimage"},"image":{"@id":"https:\/\/www.organisator.ch\/management\/2017-08-10\/irene-frei-wird-vr-praesidentin-der-schulverlag-plus-ag\/#primaryimage"},"thumbnailUrl":"https:\/\/www.organisator.ch\/wp-content\/uploads\/2017\/08\/Irene-Frei-wird-VR-Praesidentin-der-Schulverlag-plus-AG_Organisator.jpg","datePublished":"2017-08-10T09:47:42+00:00","description":"Schulverlag plus AG, azienda leader nella pubblicazione di materiale didattico, ha un nuovo consiglio di amministrazione da luglio. Irene Frei \u00e8 la nuova presidente del Consiglio di amministrazione.","breadcrumb":{"@id":"https:\/\/www.organisator.ch\/management\/2017-08-10\/irene-frei-wird-vr-praesidentin-der-schulverlag-plus-ag\/#breadcrumb"},"inLanguage":"it-IT","potentialAction":[{"@type":"ReadAction","target":["https:\/\/www.organisator.ch\/management\/2017-08-10\/irene-frei-wird-vr-praesidentin-der-schulverlag-plus-ag\/"]}]},{"@type":"ImageObject","inLanguage":"it-IT","@id":"https:\/\/www.organisator.ch\/management\/2017-08-10\/irene-frei-wird-vr-praesidentin-der-schulverlag-plus-ag\/#primaryimage","url":"https:\/\/www.organisator.ch\/wp-content\/uploads\/2017\/08\/Irene-Frei-wird-VR-Praesidentin-der-Schulverlag-plus-AG_Organisator.jpg","contentUrl":"https:\/\/www.organisator.ch\/wp-content\/uploads\/2017\/08\/Irene-Frei-wird-VR-Praesidentin-der-Schulverlag-plus-AG_Organisator.jpg","width":432,"height":640,"caption":"Irene Frei, neue VR-Pr\u00e4sidentin der Schulverlag plus AG. (Bild: zVg)"},{"@type":"BreadcrumbList","@id":"https:\/\/www.organisator.ch\/management\/2017-08-10\/irene-frei-wird-vr-praesidentin-der-schulverlag-plus-ag\/#breadcrumb","itemListElement":[{"@type":"ListItem","position":1,"name":"Home","item":"https:\/\/www.organisator.ch\/"},{"@type":"ListItem","position":2,"name":"Irene Frei wird VR-Pr\u00e4sidentin der Schulverlag plus AG"}]},{"@type":"WebSite","@id":"https:\/\/www.organisator.ch\/#website","url":"https:\/\/www.organisator.ch\/","name":"Organizzatore","description":"Competente. Pratico. In 10 numeri all'anno, ORGANISATOR presenta i temi essenziali per i manager delle PMI.","publisher":{"@id":"https:\/\/www.organisator.ch\/#organization"},"potentialAction":[{"@type":"SearchAction","target":{"@type":"EntryPoint","urlTemplate":"https:\/\/www.organisator.ch\/?s={search_term_string}"},"query-input":{"@type":"PropertyValueSpecification","valueRequired":true,"valueName":"search_term_string"}}],"inLanguage":"it-IT"},{"@type":"Organization","@id":"https:\/\/www.organisator.ch\/#organization","name":"Organizzatore","url":"https:\/\/www.organisator.ch\/","logo":{"@type":"ImageObject","inLanguage":"it-IT","@id":"https:\/\/www.organisator.ch\/#\/schema\/logo\/image\/","url":"https:\/\/www.organisator.ch\/wp-content\/uploads\/2022\/01\/Logo_Organisator_Website.png","contentUrl":"https:\/\/www.organisator.ch\/wp-content\/uploads\/2022\/01\/Logo_Organisator_Website.png","width":800,"height":77,"caption":"Organisator"},"image":{"@id":"https:\/\/www.organisator.ch\/#\/schema\/logo\/image\/"},"sameAs":["https:\/\/www.facebook.com\/OrganisatorFachmagazin","https:\/\/www.linkedin.com\/showcase\/organisator-das-magazin-fr-kmu","https:\/\/www.xing.com\/news\/pages\/organisator-ch-695","https:\/\/www.youtube.com\/channel\/UCGP2Sq0iWaZwT3BdIAQFYpw"]},{"@type":"Person","@id":"https:\/\/www.organisator.ch\/#\/schema\/person\/6f650f90b2842cd4c0cc334b4e36f67e","name":"Tommaso.berner","image":{"@type":"ImageObject","inLanguage":"it-IT","@id":"https:\/\/secure.gravatar.com\/avatar\/ac5001d2a36cb6c6cd3e50789007ffca834b477b74a2144564522e944eabff61?s=96&d=mm&r=g","url":"https:\/\/secure.gravatar.com\/avatar\/ac5001d2a36cb6c6cd3e50789007ffca834b477b74a2144564522e944eabff61?s=96&d=mm&r=g","contentUrl":"https:\/\/secure.gravatar.com\/avatar\/ac5001d2a36cb6c6cd3e50789007ffca834b477b74a2144564522e944eabff61?s=96&d=mm&r=g","caption":"thomas.berner"},"url":"https:\/\/www.organisator.ch\/it\/author\/thomas-berner\/"}]}},"_links":{"self":[{"href":"https:\/\/www.organisator.ch\/it\/wp-json\/wp\/v2\/posts\/2301","targetHints":{"allow":["GET"]}}],"collection":[{"href":"https:\/\/www.organisator.ch\/it\/wp-json\/wp\/v2\/posts"}],"about":[{"href":"https:\/\/www.organisator.ch\/it\/wp-json\/wp\/v2\/types\/post"}],"author":[{"embeddable":true,"href":"https:\/\/www.organisator.ch\/it\/wp-json\/wp\/v2\/users\/4"}],"replies":[{"embeddable":true,"href":"https:\/\/www.organisator.ch\/it\/wp-json\/wp\/v2\/comments?post=2301"}],"version-history":[{"count":0,"href":"https:\/\/www.organisator.ch\/it\/wp-json\/wp\/v2\/posts\/2301\/revisions"}],"wp:featuredmedia":[{"embeddable":true,"href":"https:\/\/www.organisator.ch\/it\/wp-json\/wp\/v2\/media\/2302"}],"wp:attachment":[{"href":"https:\/\/www.organisator.ch\/it\/wp-json\/wp\/v2\/media?parent=2301"}],"wp:term":[{"taxonomy":"category","embeddable":true,"href":"https:\/\/www.organisator.ch\/it\/wp-json\/wp\/v2\/categories?post=2301"},{"taxonomy":"post_tag","embeddable":true,"href":"https:\/\/www.organisator.ch\/it\/wp-json\/wp\/v2\/tags?post=2301"}],"curies":[{"name":"wp","href":"https:\/\/api.w.org\/{rel}","templated":true}]}}