{"id":23011,"date":"2023-11-07T14:12:53","date_gmt":"2023-11-07T13:12:53","guid":{"rendered":"https:\/\/www.organisator.ch\/?p=23011"},"modified":"2023-11-07T10:36:10","modified_gmt":"2023-11-07T09:36:10","slug":"80-prozent-der-it-fuehrungskraefte-wollen-ki-budget-erhoehen","status":"publish","type":"post","link":"https:\/\/www.organisator.ch\/it\/management\/2023-11-07\/80-prozent-der-it-fuehrungskraefte-wollen-ki-budget-erhoehen\/","title":{"rendered":"L'80% dei responsabili IT vuole aumentare il budget per l'IA"},"content":{"rendered":"<figure id=\"attachment_23012\" aria-describedby=\"caption-attachment-23012\" style=\"width: 680px\" class=\"wp-caption alignnone\"><img loading=\"lazy\" decoding=\"async\" class=\"wp-image-23012 size-full\" src=\"https:\/\/www.organisator.ch\/wp-content\/uploads\/2023\/11\/Zendesk-Studie_Bild1_ps.jpg\" alt=\"\" width=\"680\" height=\"465\" srcset=\"https:\/\/www.organisator.ch\/wp-content\/uploads\/2023\/11\/Zendesk-Studie_Bild1_ps.jpg 680w, https:\/\/www.organisator.ch\/wp-content\/uploads\/2023\/11\/Zendesk-Studie_Bild1_ps-18x12.jpg 18w, https:\/\/www.organisator.ch\/wp-content\/uploads\/2023\/11\/Zendesk-Studie_Bild1_ps-375x256.jpg 375w, https:\/\/www.organisator.ch\/wp-content\/uploads\/2023\/11\/Zendesk-Studie_Bild1_ps-512x350.jpg 512w\" sizes=\"auto, (max-width: 680px) 100vw, 680px\" \/><figcaption id=\"caption-attachment-23012\" class=\"wp-caption-text\">Il sondaggio Zendesk: l'80% dei dirigenti IT vuole aumentare il budget per l'AI. (Immagine: www.pixabay.com)<\/figcaption><\/figure>\n<p>Nel sondaggio, i responsabili IT indicano come priorit\u00e0 il miglioramento dell'esperienza dei dipendenti (EX) e della customer experience (CX). Allo stesso tempo, l'attenzione \u00e8 rivolta alla protezione e alla sicurezza dei dati. La pressione competitiva, le crescenti esigenze dei clienti e i nuovi strumenti di intelligenza artificiale sono fattori decisivi per questi cambiamenti.<\/p>\n<h3><strong>Il ruolo dell'IA nella trasformazione della CX e dell'EX<\/strong><\/h3>\n<p>Le aziende leader investono sempre pi\u00f9 in strumenti di IA generativa: Secondo l'84% dei leader IT intervistati, l'implementazione e l'ottimizzazione dell'IA in tutta l'azienda \u00e8 diventata una priorit\u00e0 significativa. L'80% prevede di aumentare il budget destinato all'IA entro il prossimo anno.<\/p>\n<p>Oltre la met\u00e0 degli intervistati (57%) ritiene che il miglioramento dell'esperienza dei dipendenti (EX) sar\u00e0 estremamente importante nei prossimi 12 mesi. Quasi 9 su 10 (89%) ritengono che l'integrazione dell'IA nell'intero customer journey sia di grande importanza. Sono consapevoli che l'implementazione dell'IA \u00e8 associata a sfide: il 58% \u00e8 preoccupato per il ritmo del panorama dell'IA in rapida evoluzione e teme di non essere in grado di tenere il passo. Inoltre, i team IT devono affrontare la sfida di ottenere di pi\u00f9 con meno risorse.<\/p>\n<h3><strong>Priorit\u00e0 assoluta: protezione dei dati e sicurezza informatica <\/strong><\/h3>\n<p>L'aumento del rischio di cyberattacchi, le crescenti esigenze dei clienti, le leggi pi\u00f9 severe in materia di protezione dei dati e la contemporanea necessit\u00e0 di elaborare grandi volumi di dati sensibili pongono la questione della sicurezza al centro dell'attenzione. La maggior parte dei responsabili IT (87%) concorda sul fatto che la protezione dei dati e la cybersecurity sono priorit\u00e0 assolute. Quasi altrettanti (88%) dichiarano di voler aumentare il budget per la sicurezza informatica nei prossimi 12 mesi. Allo stesso tempo, il 79% degli intervistati vorrebbe un maggiore supporto da parte di partner e fornitori: ritiene che il loro attuale software di CX potrebbe fare di pi\u00f9 per affrontare i problemi di cybersecurity. Le politiche e gli strumenti che promuovono la fiducia dei clienti e dei dipendenti sono importanti quanto i sistemi che proteggono la crescente quantit\u00e0 di dati.<\/p>\n<p>\"L'indagine mostra l'enorme potenziale che l'AI ha per la CX e l'EX. Anche la maggior parte dei responsabili IT lo ha riconosciuto, quindi ora si tratta di sfruttare in modo mirato questo potenziale e di non sprecarlo a causa di problemi di protezione dei dati e di sicurezza\", afferma Tanja Hilpert, Vice President DACH di Zendesk. \"Per noi \u00e8 un dovere portare avanti la CX basata sull'AI in modo responsabile e sicuro dal punto di vista della protezione dei dati, per aiutare i nostri clienti a rendere i processi pi\u00f9 efficienti e a ridurre al minimo i rischi\".<\/p>\n<p><em>Fonte: <a href=\"https:\/\/www.zendesk.de\/\">www.zendesk.de\u00a0<\/a><\/em><\/p>","protected":false},"excerpt":{"rendered":"<p>I dirigenti IT stanno ripensando le loro strategie dopo anni di incertezza economica e di rapido progresso tecnologico: c'\u00e8 un chiaro spostamento degli investimenti verso l'implementazione dell'intelligenza artificiale (AI). Lo dimostra un recente sondaggio di Zendesk su 1.200 responsabili IT di tutto il mondo. <\/p>","protected":false},"author":58,"featured_media":23012,"comment_status":"closed","ping_status":"closed","sticky":false,"template":"","format":"standard","meta":{"_acf_changed":false,"_yoast_wpseo_focuskw":"IT","_yoast_wpseo_metadesc":"Zendesk Umfrage: IT-F\u00fchrungskr\u00e4fte \u00fcberdenken nach Jahren ihre Strategien, 80 Prozent wollen KI-Budget erh\u00f6hen.","articlekey":"","footnotes":""},"categories":[28],"tags":[156,286,334,335,487],"class_list":["post-23011","post","type-post","status-publish","format-standard","has-post-thumbnail","hentry","category-management","tag-digitalisierung","tag-it","tag-management","tag-management-und-unternehmensfuehrung","tag-umfrage"],"acf":[],"yoast_head":"<!-- This site is optimized with the Yoast SEO plugin v27.4 - https:\/\/yoast.com\/product\/yoast-seo-wordpress\/ -->\n<title>80 Prozent der IT-F\u00fchrungskr\u00e4fte wollen KI-Budget erh\u00f6hen - Organisator<\/title>\n<meta name=\"description\" content=\"Zendesk Umfrage: IT-F\u00fchrungskr\u00e4fte \u00fcberdenken nach Jahren ihre Strategien, 80 Prozent wollen KI-Budget erh\u00f6hen.\" \/>\n<meta name=\"robots\" content=\"index, follow, max-snippet:-1, max-image-preview:large, max-video-preview:-1\" \/>\n<link rel=\"canonical\" href=\"https:\/\/www.organisator.ch\/it\/gestione-2\/2023-11-07\/80-prozent-der-it-fuehrungskraefte-wollen-ki-budget-erhoehen\/\" \/>\n<meta property=\"og:locale\" content=\"it_IT\" \/>\n<meta property=\"og:type\" content=\"article\" \/>\n<meta property=\"og:title\" content=\"80 Prozent der IT-F\u00fchrungskr\u00e4fte wollen KI-Budget erh\u00f6hen\" \/>\n<meta property=\"og:description\" content=\"Zendesk Umfrage: IT-F\u00fchrungskr\u00e4fte \u00fcberdenken nach Jahren ihre Strategien, 80 Prozent wollen KI-Budget erh\u00f6hen.\" \/>\n<meta property=\"og:url\" content=\"https:\/\/www.organisator.ch\/it\/gestione-2\/2023-11-07\/80-prozent-der-it-fuehrungskraefte-wollen-ki-budget-erhoehen\/\" \/>\n<meta property=\"og:site_name\" content=\"Organisator\" \/>\n<meta property=\"article:publisher\" content=\"https:\/\/www.facebook.com\/OrganisatorFachmagazin\" \/>\n<meta property=\"article:published_time\" content=\"2023-11-07T13:12:53+00:00\" \/>\n<meta property=\"og:image\" content=\"https:\/\/www.organisator.ch\/wp-content\/uploads\/2023\/11\/Zendesk-Studie_Bild1_ps.jpg\" \/>\n\t<meta property=\"og:image:width\" content=\"680\" \/>\n\t<meta property=\"og:image:height\" content=\"465\" \/>\n\t<meta property=\"og:image:type\" content=\"image\/jpeg\" \/>\n<meta name=\"author\" content=\"Adelisa Kalajdzini\" \/>\n<meta name=\"twitter:card\" content=\"summary_large_image\" \/>\n<meta name=\"twitter:title\" content=\"80 Prozent der IT-F\u00fchrungskr\u00e4fte wollen KI-Budget erh\u00f6hen\" \/>\n<meta name=\"twitter:description\" content=\"#Zendesk Umfrage: #IT-F\u00fchrungskr\u00e4fte \u00fcberdenken nach Jahren ihre Strategien, 80 Prozent wollen #KI-Budget erh\u00f6hen.\" \/>\n<meta name=\"twitter:image\" content=\"https:\/\/www.organisator.ch\/wp-content\/uploads\/2023\/11\/Zendesk-Studie_Bild1_ps.jpg\" \/>\n<script type=\"application\/ld+json\" class=\"yoast-schema-graph\">{\"@context\":\"https:\\\/\\\/schema.org\",\"@graph\":[{\"@type\":\"Article\",\"@id\":\"https:\\\/\\\/www.organisator.ch\\\/management\\\/2023-11-07\\\/80-prozent-der-it-fuehrungskraefte-wollen-ki-budget-erhoehen\\\/#article\",\"isPartOf\":{\"@id\":\"https:\\\/\\\/www.organisator.ch\\\/management\\\/2023-11-07\\\/80-prozent-der-it-fuehrungskraefte-wollen-ki-budget-erhoehen\\\/\"},\"author\":{\"name\":\"Adelisa Kalajdzini\",\"@id\":\"https:\\\/\\\/www.organisator.ch\\\/#\\\/schema\\\/person\\\/2e1314a2172123f874db408d8911d3f3\"},\"headline\":\"80 Prozent der IT-F\u00fchrungskr\u00e4fte wollen KI-Budget erh\u00f6hen\",\"datePublished\":\"2023-11-07T13:12:53+00:00\",\"mainEntityOfPage\":{\"@id\":\"https:\\\/\\\/www.organisator.ch\\\/management\\\/2023-11-07\\\/80-prozent-der-it-fuehrungskraefte-wollen-ki-budget-erhoehen\\\/\"},\"wordCount\":433,\"publisher\":{\"@id\":\"https:\\\/\\\/www.organisator.ch\\\/#organization\"},\"image\":{\"@id\":\"https:\\\/\\\/www.organisator.ch\\\/management\\\/2023-11-07\\\/80-prozent-der-it-fuehrungskraefte-wollen-ki-budget-erhoehen\\\/#primaryimage\"},\"thumbnailUrl\":\"https:\\\/\\\/www.organisator.ch\\\/wp-content\\\/uploads\\\/2023\\\/11\\\/Zendesk-Studie_Bild1_ps.jpg\",\"keywords\":[\"Digitalisierung\",\"IT\",\"Management\",\"Management und Unternehmensf\u00fchrung\",\"Umfrage\"],\"articleSection\":[\"MANAGEMENT\"],\"inLanguage\":\"it-IT\"},{\"@type\":\"WebPage\",\"@id\":\"https:\\\/\\\/www.organisator.ch\\\/management\\\/2023-11-07\\\/80-prozent-der-it-fuehrungskraefte-wollen-ki-budget-erhoehen\\\/\",\"url\":\"https:\\\/\\\/www.organisator.ch\\\/management\\\/2023-11-07\\\/80-prozent-der-it-fuehrungskraefte-wollen-ki-budget-erhoehen\\\/\",\"name\":\"80 Prozent der IT-F\u00fchrungskr\u00e4fte wollen KI-Budget erh\u00f6hen - Organisator\",\"isPartOf\":{\"@id\":\"https:\\\/\\\/www.organisator.ch\\\/#website\"},\"primaryImageOfPage\":{\"@id\":\"https:\\\/\\\/www.organisator.ch\\\/management\\\/2023-11-07\\\/80-prozent-der-it-fuehrungskraefte-wollen-ki-budget-erhoehen\\\/#primaryimage\"},\"image\":{\"@id\":\"https:\\\/\\\/www.organisator.ch\\\/management\\\/2023-11-07\\\/80-prozent-der-it-fuehrungskraefte-wollen-ki-budget-erhoehen\\\/#primaryimage\"},\"thumbnailUrl\":\"https:\\\/\\\/www.organisator.ch\\\/wp-content\\\/uploads\\\/2023\\\/11\\\/Zendesk-Studie_Bild1_ps.jpg\",\"datePublished\":\"2023-11-07T13:12:53+00:00\",\"description\":\"Zendesk Umfrage: IT-F\u00fchrungskr\u00e4fte \u00fcberdenken nach Jahren ihre Strategien, 80 Prozent wollen KI-Budget erh\u00f6hen.\",\"breadcrumb\":{\"@id\":\"https:\\\/\\\/www.organisator.ch\\\/management\\\/2023-11-07\\\/80-prozent-der-it-fuehrungskraefte-wollen-ki-budget-erhoehen\\\/#breadcrumb\"},\"inLanguage\":\"it-IT\",\"potentialAction\":[{\"@type\":\"ReadAction\",\"target\":[\"https:\\\/\\\/www.organisator.ch\\\/management\\\/2023-11-07\\\/80-prozent-der-it-fuehrungskraefte-wollen-ki-budget-erhoehen\\\/\"]}]},{\"@type\":\"ImageObject\",\"inLanguage\":\"it-IT\",\"@id\":\"https:\\\/\\\/www.organisator.ch\\\/management\\\/2023-11-07\\\/80-prozent-der-it-fuehrungskraefte-wollen-ki-budget-erhoehen\\\/#primaryimage\",\"url\":\"https:\\\/\\\/www.organisator.ch\\\/wp-content\\\/uploads\\\/2023\\\/11\\\/Zendesk-Studie_Bild1_ps.jpg\",\"contentUrl\":\"https:\\\/\\\/www.organisator.ch\\\/wp-content\\\/uploads\\\/2023\\\/11\\\/Zendesk-Studie_Bild1_ps.jpg\",\"width\":680,\"height\":465,\"caption\":\"Die Zendesk Umfrage: 80 Prozent der IT-F\u00fchrungskr\u00e4fte wollen KI-Budget erh\u00f6hen.\"},{\"@type\":\"BreadcrumbList\",\"@id\":\"https:\\\/\\\/www.organisator.ch\\\/management\\\/2023-11-07\\\/80-prozent-der-it-fuehrungskraefte-wollen-ki-budget-erhoehen\\\/#breadcrumb\",\"itemListElement\":[{\"@type\":\"ListItem\",\"position\":1,\"name\":\"Home\",\"item\":\"https:\\\/\\\/www.organisator.ch\\\/\"},{\"@type\":\"ListItem\",\"position\":2,\"name\":\"80 Prozent der IT-F\u00fchrungskr\u00e4fte wollen KI-Budget erh\u00f6hen\"}]},{\"@type\":\"WebSite\",\"@id\":\"https:\\\/\\\/www.organisator.ch\\\/#website\",\"url\":\"https:\\\/\\\/www.organisator.ch\\\/\",\"name\":\"Organisator\",\"description\":\"Kompetent. Praxisnah. Der ORGANISATOR bereitet in 10 Ausgaben pro Jahr die wesentlichen Themen f\u00fcr F\u00fchrungskr\u00e4fte von KMU auf.\",\"publisher\":{\"@id\":\"https:\\\/\\\/www.organisator.ch\\\/#organization\"},\"potentialAction\":[{\"@type\":\"SearchAction\",\"target\":{\"@type\":\"EntryPoint\",\"urlTemplate\":\"https:\\\/\\\/www.organisator.ch\\\/?s={search_term_string}\"},\"query-input\":{\"@type\":\"PropertyValueSpecification\",\"valueRequired\":true,\"valueName\":\"search_term_string\"}}],\"inLanguage\":\"it-IT\"},{\"@type\":\"Organization\",\"@id\":\"https:\\\/\\\/www.organisator.ch\\\/#organization\",\"name\":\"Organisator\",\"url\":\"https:\\\/\\\/www.organisator.ch\\\/\",\"logo\":{\"@type\":\"ImageObject\",\"inLanguage\":\"it-IT\",\"@id\":\"https:\\\/\\\/www.organisator.ch\\\/#\\\/schema\\\/logo\\\/image\\\/\",\"url\":\"https:\\\/\\\/www.organisator.ch\\\/wp-content\\\/uploads\\\/2022\\\/01\\\/Logo_Organisator_Website.png\",\"contentUrl\":\"https:\\\/\\\/www.organisator.ch\\\/wp-content\\\/uploads\\\/2022\\\/01\\\/Logo_Organisator_Website.png\",\"width\":800,\"height\":77,\"caption\":\"Organisator\"},\"image\":{\"@id\":\"https:\\\/\\\/www.organisator.ch\\\/#\\\/schema\\\/logo\\\/image\\\/\"},\"sameAs\":[\"https:\\\/\\\/www.facebook.com\\\/OrganisatorFachmagazin\",\"https:\\\/\\\/www.linkedin.com\\\/showcase\\\/organisator-das-magazin-fr-kmu\",\"https:\\\/\\\/www.xing.com\\\/news\\\/pages\\\/organisator-ch-695\",\"https:\\\/\\\/www.youtube.com\\\/channel\\\/UCGP2Sq0iWaZwT3BdIAQFYpw\"]},{\"@type\":\"Person\",\"@id\":\"https:\\\/\\\/www.organisator.ch\\\/#\\\/schema\\\/person\\\/2e1314a2172123f874db408d8911d3f3\",\"name\":\"Adelisa Kalajdzini\",\"image\":{\"@type\":\"ImageObject\",\"inLanguage\":\"it-IT\",\"@id\":\"https:\\\/\\\/secure.gravatar.com\\\/avatar\\\/09a397c22ac58cad6f160ee8306348599df9df58a8ede73696226897b9fa4b24?s=96&d=mm&r=g\",\"url\":\"https:\\\/\\\/secure.gravatar.com\\\/avatar\\\/09a397c22ac58cad6f160ee8306348599df9df58a8ede73696226897b9fa4b24?s=96&d=mm&r=g\",\"contentUrl\":\"https:\\\/\\\/secure.gravatar.com\\\/avatar\\\/09a397c22ac58cad6f160ee8306348599df9df58a8ede73696226897b9fa4b24?s=96&d=mm&r=g\",\"caption\":\"Adelisa Kalajdzini\"},\"url\":\"https:\\\/\\\/www.organisator.ch\\\/it\\\/author\\\/adelisa-kalajdzini\\\/\"}]}<\/script>\n<!-- \/ Yoast SEO plugin. -->","yoast_head_json":{"title":"L'80% dei dirigenti IT vuole aumentare il budget destinato all'intelligenza artificiale - Organizzatore","description":"Sondaggio Zendesk: i responsabili IT ripensano le loro strategie dopo anni, l'80% vuole aumentare il budget per l'AI","robots":{"index":"index","follow":"follow","max-snippet":"max-snippet:-1","max-image-preview":"max-image-preview:large","max-video-preview":"max-video-preview:-1"},"canonical":"https:\/\/www.organisator.ch\/it\/gestione-2\/2023-11-07\/80-prozent-der-it-fuehrungskraefte-wollen-ki-budget-erhoehen\/","og_locale":"it_IT","og_type":"article","og_title":"80 Prozent der IT-F\u00fchrungskr\u00e4fte wollen KI-Budget erh\u00f6hen","og_description":"Zendesk Umfrage: IT-F\u00fchrungskr\u00e4fte \u00fcberdenken nach Jahren ihre Strategien, 80 Prozent wollen KI-Budget erh\u00f6hen.","og_url":"https:\/\/www.organisator.ch\/it\/gestione-2\/2023-11-07\/80-prozent-der-it-fuehrungskraefte-wollen-ki-budget-erhoehen\/","og_site_name":"Organisator","article_publisher":"https:\/\/www.facebook.com\/OrganisatorFachmagazin","article_published_time":"2023-11-07T13:12:53+00:00","og_image":[{"width":680,"height":465,"url":"https:\/\/www.organisator.ch\/wp-content\/uploads\/2023\/11\/Zendesk-Studie_Bild1_ps.jpg","type":"image\/jpeg"}],"author":"Adelisa Kalajdzini","twitter_card":"summary_large_image","twitter_title":"80 Prozent der IT-F\u00fchrungskr\u00e4fte wollen KI-Budget erh\u00f6hen","twitter_description":"#Zendesk Umfrage: #IT-F\u00fchrungskr\u00e4fte \u00fcberdenken nach Jahren ihre Strategien, 80 Prozent wollen #KI-Budget erh\u00f6hen.","twitter_image":"https:\/\/www.organisator.ch\/wp-content\/uploads\/2023\/11\/Zendesk-Studie_Bild1_ps.jpg","schema":{"@context":"https:\/\/schema.org","@graph":[{"@type":"Article","@id":"https:\/\/www.organisator.ch\/management\/2023-11-07\/80-prozent-der-it-fuehrungskraefte-wollen-ki-budget-erhoehen\/#article","isPartOf":{"@id":"https:\/\/www.organisator.ch\/management\/2023-11-07\/80-prozent-der-it-fuehrungskraefte-wollen-ki-budget-erhoehen\/"},"author":{"name":"Adelisa Kalajdzini","@id":"https:\/\/www.organisator.ch\/#\/schema\/person\/2e1314a2172123f874db408d8911d3f3"},"headline":"80 Prozent der IT-F\u00fchrungskr\u00e4fte wollen KI-Budget erh\u00f6hen","datePublished":"2023-11-07T13:12:53+00:00","mainEntityOfPage":{"@id":"https:\/\/www.organisator.ch\/management\/2023-11-07\/80-prozent-der-it-fuehrungskraefte-wollen-ki-budget-erhoehen\/"},"wordCount":433,"publisher":{"@id":"https:\/\/www.organisator.ch\/#organization"},"image":{"@id":"https:\/\/www.organisator.ch\/management\/2023-11-07\/80-prozent-der-it-fuehrungskraefte-wollen-ki-budget-erhoehen\/#primaryimage"},"thumbnailUrl":"https:\/\/www.organisator.ch\/wp-content\/uploads\/2023\/11\/Zendesk-Studie_Bild1_ps.jpg","keywords":["Digitalisierung","IT","Management","Management und Unternehmensf\u00fchrung","Umfrage"],"articleSection":["MANAGEMENT"],"inLanguage":"it-IT"},{"@type":"WebPage","@id":"https:\/\/www.organisator.ch\/management\/2023-11-07\/80-prozent-der-it-fuehrungskraefte-wollen-ki-budget-erhoehen\/","url":"https:\/\/www.organisator.ch\/management\/2023-11-07\/80-prozent-der-it-fuehrungskraefte-wollen-ki-budget-erhoehen\/","name":"L'80% dei dirigenti IT vuole aumentare il budget destinato all'intelligenza artificiale - Organizzatore","isPartOf":{"@id":"https:\/\/www.organisator.ch\/#website"},"primaryImageOfPage":{"@id":"https:\/\/www.organisator.ch\/management\/2023-11-07\/80-prozent-der-it-fuehrungskraefte-wollen-ki-budget-erhoehen\/#primaryimage"},"image":{"@id":"https:\/\/www.organisator.ch\/management\/2023-11-07\/80-prozent-der-it-fuehrungskraefte-wollen-ki-budget-erhoehen\/#primaryimage"},"thumbnailUrl":"https:\/\/www.organisator.ch\/wp-content\/uploads\/2023\/11\/Zendesk-Studie_Bild1_ps.jpg","datePublished":"2023-11-07T13:12:53+00:00","description":"Sondaggio Zendesk: i responsabili IT ripensano le loro strategie dopo anni, l'80% vuole aumentare il budget per l'AI","breadcrumb":{"@id":"https:\/\/www.organisator.ch\/management\/2023-11-07\/80-prozent-der-it-fuehrungskraefte-wollen-ki-budget-erhoehen\/#breadcrumb"},"inLanguage":"it-IT","potentialAction":[{"@type":"ReadAction","target":["https:\/\/www.organisator.ch\/management\/2023-11-07\/80-prozent-der-it-fuehrungskraefte-wollen-ki-budget-erhoehen\/"]}]},{"@type":"ImageObject","inLanguage":"it-IT","@id":"https:\/\/www.organisator.ch\/management\/2023-11-07\/80-prozent-der-it-fuehrungskraefte-wollen-ki-budget-erhoehen\/#primaryimage","url":"https:\/\/www.organisator.ch\/wp-content\/uploads\/2023\/11\/Zendesk-Studie_Bild1_ps.jpg","contentUrl":"https:\/\/www.organisator.ch\/wp-content\/uploads\/2023\/11\/Zendesk-Studie_Bild1_ps.jpg","width":680,"height":465,"caption":"Die Zendesk Umfrage: 80 Prozent der IT-F\u00fchrungskr\u00e4fte wollen KI-Budget erh\u00f6hen."},{"@type":"BreadcrumbList","@id":"https:\/\/www.organisator.ch\/management\/2023-11-07\/80-prozent-der-it-fuehrungskraefte-wollen-ki-budget-erhoehen\/#breadcrumb","itemListElement":[{"@type":"ListItem","position":1,"name":"Home","item":"https:\/\/www.organisator.ch\/"},{"@type":"ListItem","position":2,"name":"80 Prozent der IT-F\u00fchrungskr\u00e4fte wollen KI-Budget erh\u00f6hen"}]},{"@type":"WebSite","@id":"https:\/\/www.organisator.ch\/#website","url":"https:\/\/www.organisator.ch\/","name":"Organizzatore","description":"Competente. Pratico. In 10 numeri all'anno, ORGANISATOR presenta i temi essenziali per i manager delle PMI.","publisher":{"@id":"https:\/\/www.organisator.ch\/#organization"},"potentialAction":[{"@type":"SearchAction","target":{"@type":"EntryPoint","urlTemplate":"https:\/\/www.organisator.ch\/?s={search_term_string}"},"query-input":{"@type":"PropertyValueSpecification","valueRequired":true,"valueName":"search_term_string"}}],"inLanguage":"it-IT"},{"@type":"Organization","@id":"https:\/\/www.organisator.ch\/#organization","name":"Organizzatore","url":"https:\/\/www.organisator.ch\/","logo":{"@type":"ImageObject","inLanguage":"it-IT","@id":"https:\/\/www.organisator.ch\/#\/schema\/logo\/image\/","url":"https:\/\/www.organisator.ch\/wp-content\/uploads\/2022\/01\/Logo_Organisator_Website.png","contentUrl":"https:\/\/www.organisator.ch\/wp-content\/uploads\/2022\/01\/Logo_Organisator_Website.png","width":800,"height":77,"caption":"Organisator"},"image":{"@id":"https:\/\/www.organisator.ch\/#\/schema\/logo\/image\/"},"sameAs":["https:\/\/www.facebook.com\/OrganisatorFachmagazin","https:\/\/www.linkedin.com\/showcase\/organisator-das-magazin-fr-kmu","https:\/\/www.xing.com\/news\/pages\/organisator-ch-695","https:\/\/www.youtube.com\/channel\/UCGP2Sq0iWaZwT3BdIAQFYpw"]},{"@type":"Person","@id":"https:\/\/www.organisator.ch\/#\/schema\/person\/2e1314a2172123f874db408d8911d3f3","name":"Adelisa Kalajdzini","image":{"@type":"ImageObject","inLanguage":"it-IT","@id":"https:\/\/secure.gravatar.com\/avatar\/09a397c22ac58cad6f160ee8306348599df9df58a8ede73696226897b9fa4b24?s=96&d=mm&r=g","url":"https:\/\/secure.gravatar.com\/avatar\/09a397c22ac58cad6f160ee8306348599df9df58a8ede73696226897b9fa4b24?s=96&d=mm&r=g","contentUrl":"https:\/\/secure.gravatar.com\/avatar\/09a397c22ac58cad6f160ee8306348599df9df58a8ede73696226897b9fa4b24?s=96&d=mm&r=g","caption":"Adelisa Kalajdzini"},"url":"https:\/\/www.organisator.ch\/it\/author\/adelisa-kalajdzini\/"}]}},"_links":{"self":[{"href":"https:\/\/www.organisator.ch\/it\/wp-json\/wp\/v2\/posts\/23011","targetHints":{"allow":["GET"]}}],"collection":[{"href":"https:\/\/www.organisator.ch\/it\/wp-json\/wp\/v2\/posts"}],"about":[{"href":"https:\/\/www.organisator.ch\/it\/wp-json\/wp\/v2\/types\/post"}],"author":[{"embeddable":true,"href":"https:\/\/www.organisator.ch\/it\/wp-json\/wp\/v2\/users\/58"}],"replies":[{"embeddable":true,"href":"https:\/\/www.organisator.ch\/it\/wp-json\/wp\/v2\/comments?post=23011"}],"version-history":[{"count":1,"href":"https:\/\/www.organisator.ch\/it\/wp-json\/wp\/v2\/posts\/23011\/revisions"}],"predecessor-version":[{"id":23013,"href":"https:\/\/www.organisator.ch\/it\/wp-json\/wp\/v2\/posts\/23011\/revisions\/23013"}],"wp:featuredmedia":[{"embeddable":true,"href":"https:\/\/www.organisator.ch\/it\/wp-json\/wp\/v2\/media\/23012"}],"wp:attachment":[{"href":"https:\/\/www.organisator.ch\/it\/wp-json\/wp\/v2\/media?parent=23011"}],"wp:term":[{"taxonomy":"category","embeddable":true,"href":"https:\/\/www.organisator.ch\/it\/wp-json\/wp\/v2\/categories?post=23011"},{"taxonomy":"post_tag","embeddable":true,"href":"https:\/\/www.organisator.ch\/it\/wp-json\/wp\/v2\/tags?post=23011"}],"curies":[{"name":"wp","href":"https:\/\/api.w.org\/{rel}","templated":true}]}}