{"id":23051,"date":"2023-11-08T11:19:20","date_gmt":"2023-11-08T10:19:20","guid":{"rendered":"https:\/\/www.organisator.ch\/?p=23051"},"modified":"2023-11-21T14:42:11","modified_gmt":"2023-11-21T13:42:11","slug":"die-hoehle-der-loewen-schweiz-folge-5-2-loewen-zeigen-eine-feine-nase","status":"publish","type":"post","link":"https:\/\/www.organisator.ch\/it\/management\/2023-11-08\/die-hoehle-der-loewen-schweiz-folge-5-2-loewen-zeigen-eine-feine-nase\/","title":{"rendered":"\"Die H\u00f6hle der L\u00f6wen Schweiz\" episodio 5\/2: I leoni mostrano un naso fine"},"content":{"rendered":"<figure id=\"attachment_23052\" aria-describedby=\"caption-attachment-23052\" style=\"width: 680px\" class=\"wp-caption alignnone\"><img loading=\"lazy\" decoding=\"async\" class=\"size-full wp-image-23052\" src=\"https:\/\/www.organisator.ch\/wp-content\/uploads\/2023\/11\/HDL5_Bild4_ps.jpg\" alt=\"\" width=\"680\" height=\"383\" srcset=\"https:\/\/www.organisator.ch\/wp-content\/uploads\/2023\/11\/HDL5_Bild4_ps.jpg 680w, https:\/\/www.organisator.ch\/wp-content\/uploads\/2023\/11\/HDL5_Bild4_ps-18x10.jpg 18w, https:\/\/www.organisator.ch\/wp-content\/uploads\/2023\/11\/HDL5_Bild4_ps-375x211.jpg 375w, https:\/\/www.organisator.ch\/wp-content\/uploads\/2023\/11\/HDL5_Bild4_ps-621x350.jpg 621w\" sizes=\"auto, (max-width: 680px) 100vw, 680px\" \/><figcaption id=\"caption-attachment-23052\" class=\"wp-caption-text\">Nico Mannino e Robin D\u00fcnner, le menti dietro l'innovativo marchio di profumi di Basilea, hanno presentato la loro idea ai leoni e alle leonesse critici. (Immagine: CH Media)<\/figcaption><\/figure>\n<p>Il secondo episodio di \"Die H\u00f6hle der L\u00f6wen\" \u00e8 iniziato questa volta con deliziosi ravioli. Ma anche i leoni e le leonesse sono \"drogati di canederli\"? <strong>\"Madame Sum\"<\/strong> \u00e8 un servizio di consegna di ravioli surgelati ed \u00e8 stato presentato dai co-fondatori Arnaud Verschueren e Yves J\u00e4ger di D\u00fcbendorf. Al centro della loro attivit\u00e0 c'\u00e8 la qualit\u00e0 dei loro ravioli, che mirano a sviluppare continuamente e a creare nuove ricette per garantire ai clienti un'esperienza di gusto sempre migliore. Con un fatturato impressionante di 3,5 milioni di franchi svizzeri e una solida reputazione, hanno gi\u00e0 conquistato un fedele seguito di 7000 \"drogati di ravioli\". Il loro obiettivo \u00e8 quello di espandersi sul mercato tedesco e sono alla ricerca di un investimento di 600.000 franchi svizzeri per il 5% delle azioni della societ\u00e0.<\/p>\n<p>Secondo Madame Sum, la sua capacit\u00e0 di consegna in tutta la Svizzera la contraddistingue. I loro ravioli surgelati sono pronti per essere serviti caldi e fumanti in soli 7 minuti. L'azienda rifornisce partner selezionati di catering e punti vendita al dettaglio. Le vendite B2B rappresentano il 16% del loro fatturato. La qualit\u00e0 e il sapore sono fondamentali e, secondo i fondatori, nessun prodotto viene lanciato se non \u00e8 perfetto. Per assicurarsi che i clienti siano soddisfatti dei nuovi prodotti, prima di metterli a disposizione sul loro sito web, effettuano una fase di test con il \"Dumpling Addict Club\".<\/p>\n<p>Nel 2022 hanno gi\u00e0 raggiunto un fatturato di 1,6 milioni di franchi svizzeri. Con una presenza crescente in Europa e previsioni di vendita stimate a 1,1 miliardi di dollari USA entro il 2026, l'azienda \u00e8 pronta per la prossima fase di crescita. Con l'investimento, l'azienda intende ampliare le proprie capacit\u00e0 produttive, aprire nuovi canali di distribuzione, adottare misure di marketing e di branding e, naturalmente, sviluppare nuovi prodotti.<\/p>\n<p>Nel round degli investitori, hanno avuto l'opportunit\u00e0 di presentare i loro migliori ravioli ai \"leoni e alle leonesse\". Alcuni leoni e leonesse hanno mostrato interesse, mentre altri erano preoccupati per il rischio di espansione. Di conseguenza, non \u00e8 stato raggiunto un accordo. Lukas Speiser vedeva troppi rischi nell'espansione. Tuttavia, Madame Sum continua a impegnarsi per portare i suoi deliziosi ravioli in nuovi mercati e continuare la sua storia di successo.<\/p>\n<h3><strong>Un'idea imprenditoriale che colpisce come una bomba<\/strong><\/h3>\n<p>\"<strong>La bomba da tavolo colpisce\": <\/strong>Brigitte Brunner di Gossau (ZH) ha un'idea commerciale che colpisce letteralmente come una bomba: le bombe da tavola.  La sua azienda offre un'ampia gamma di bombe da tavola personalizzate, perfette per diverse occasioni. Che si tratti di compleanni, matrimoni o festeggiamenti di Capodanno, Brigitte ha la bomba da tavolo giusta con il contenuto giusto, come promette.<\/p>\n<p>La storia di TischbombenHits \u00e8 iniziata nel 2014, quando Brigitte ha lanciato il suo webshop. I clienti possono ora scegliere la bomba da tavolo pi\u00f9 adatta alle loro occasioni con pochi clic. L'idea alla base della sua richiesta di investimento di 90.000 franchi svizzeri per il 10% delle azioni della societ\u00e0 \u00e8 quella di costruire un'azienda svizzera fiorente e di ricevere supporto nel marketing e nelle vendite.<\/p>\n<p>Una delle prime domande emerse durante il round di investitori \u00e8 stata se Brigitte gestisce l'attivit\u00e0 da sola. Al momento, infatti, \u00e8 lei la forza trainante delle sue bombe da tavolo, ma per gli ordini pi\u00f9 grandi collabora con un laboratorio protetto. L'idea originale di questa attivit\u00e0 \u00e8 venuta a Brigitte quando gestiva un negozio di articoli da regalo e decorazioni e si \u00e8 resa conto che il mercato delle bombe da tavolo non era cambiato nel corso degli anni. Ha iniziato a personalizzare le bombe da tavola e la svolta \u00e8 arrivata quando ha creato le prime bombe da tavola con gli orsetti gommosi. L'idea ha avuto cos\u00ec tanto successo che ha abbandonato il negozio di articoli da regalo per concentrarsi interamente sulla produzione di bombe da tavola.<\/p>\n<p>L'anno scorso Brigitte ha venduto tra le 5.000 e le 8.000 bombe da tavolo e ha realizzato un fatturato di 120.000 franchi. La pandemia di coronavirus ha rappresentato una sfida, ma Brigitte \u00e8 riuscita a mantenere le vendite. \u00c8 convinta che un marketing mirato potrebbe incrementare ulteriormente gli affari.<\/p>\n<p>Lukas Speiser ha espresso preoccupazione per la difficolt\u00e0 di rendere l'attivit\u00e0 redditizia. Bettina Hein ha consigliato a Brigitte di tenere per s\u00e9 la sua idea per trarne profitto. Di conseguenza, non c'\u00e8 stato alcun accordo per Brigitte. Ma Brigitte \u00e8 determinata a continuare a espandere la sua attivit\u00e0 con bombe da tavolo personalizzate e a dimostrare che la sua idea pu\u00f2 colpire come una \"bomba colorata\", portando gioia e sorpresa sulle tavole imbandite a festa.<\/p>\n<figure id=\"attachment_23053\" aria-describedby=\"caption-attachment-23053\" style=\"width: 680px\" class=\"wp-caption alignnone\"><img loading=\"lazy\" decoding=\"async\" class=\"size-full wp-image-23053\" src=\"https:\/\/www.organisator.ch\/wp-content\/uploads\/2023\/11\/HDL5_Bild3_ps.jpg\" alt=\"\" width=\"680\" height=\"383\" srcset=\"https:\/\/www.organisator.ch\/wp-content\/uploads\/2023\/11\/HDL5_Bild3_ps.jpg 680w, https:\/\/www.organisator.ch\/wp-content\/uploads\/2023\/11\/HDL5_Bild3_ps-18x10.jpg 18w, https:\/\/www.organisator.ch\/wp-content\/uploads\/2023\/11\/HDL5_Bild3_ps-375x211.jpg 375w, https:\/\/www.organisator.ch\/wp-content\/uploads\/2023\/11\/HDL5_Bild3_ps-621x350.jpg 621w\" sizes=\"auto, (max-width: 680px) 100vw, 680px\" \/><figcaption id=\"caption-attachment-23053\" class=\"wp-caption-text\">Gli appassionati campeggiatori Lukas Imhof e Adam Opuchlik di Lucerna hanno trasformato la loro passione per il campeggio in una soluzione innovativa. (Immagine: CH Media)<\/figcaption><\/figure>\n<h3><strong>Buone idee o proposte che puzzeranno ai leoni?<\/strong><\/h3>\n<p><strong>\"Parco<\/strong><strong>Dormire\" <\/strong>- l'innovazione per campeggiatori e fornitori di piazzole: Lukas Imhof e Adam Opuchlik, due appassionati campeggiatori di Lucerna, sono all'origine di questa idea innovativa, che secondo loro ha trasformato la loro passione per il campeggio in una soluzione innovativa. L'idea di base di \"Parkn' Sleep\" \u00e8 semplice: i campeggiatori dovrebbero avere la libert\u00e0 di partire, parcheggiare da qualche parte e passare la notte senza doversi preoccupare delle multe o della disponibilit\u00e0 di posti auto. Ma la realt\u00e0 \u00e8 spesso diversa. Prenotare le piazzole pu\u00f2 essere complicato e il \"campeggio selvaggio\" \u00e8 vietato in molte regioni.<\/p>\n<p>\u00c8 qui che entra in gioco l'app Parkn' Sleep: mette in contatto campeggiatori e fornitori di piazzole offrendo una piattaforma di facile utilizzo dove i campeggiatori possono trovare, prenotare e pagare le piazzole disponibili. I fornitori di piazzole utilizzano un sistema semplice con un cartello contenente un codice QR. I campeggiatori scansionano questo codice, pagano comodamente tramite l'app e trascorrono la notte in una piazzola sicura. Sia i campeggiatori che gli albergatori traggono vantaggio dal pernottamento di un camper. In questo modo si crea una situazione vantaggiosa per tutte le parti coinvolte.<\/p>\n<p>La storia di successo di \"Parkn' Sleep\" parla da s\u00e9. In appena un anno e mezzo, i fondatori hanno ottenuto 800 fornitori di piazzole e 17.000 campeggiatori registrati. L'app ha gi\u00e0 facilitato 8.500 pernottamenti, con un costo medio di 23 franchi. Gli host ricevono 50% da questa tariffa, il che li rende partner preziosi. Con un investimento da parte dei leoni e delle leonesse di 350.000 franchi svizzeri e 10% di azioni della societ\u00e0, i fondatori intendono guidare l'espansione nazionale ed estendere l'app in tutta Europa. I fondatori hanno gi\u00e0 acquisito 180 comuni come partner e vedono un enorme potenziale di 2000-3000 posti auto solo in Svizzera. Tuttavia, la loro attenzione non \u00e8 rivolta solo alla Svizzera, ma anche all'espansione in tutta Europa.<\/p>\n<p>Infine, i fondatori hanno dovuto prendere una decisione importante quando Roland Brack ha offerto 350.000 franchi svizzeri per 15% delle azioni della societ\u00e0 e Lukas Speiser ha offerto 350.000 franchi svizzeri per 13% delle azioni della societ\u00e0. La scelta \u00e8 caduta su Roland Brack, considerato il partner pi\u00f9 promettente grazie alla sua rete e alla sua esperienza nel settore dei campeggi. Con un forte potenziale di crescita e una chiara attenzione all'Europa, i fondatori sono pronti per la prossima fase del loro entusiasmante viaggio.<\/p>\n<p><strong>\"profumi di lusso pernoire\"<\/strong> - un'esperienza di profumazione da Basilea. La magia del profumo, che pu\u00f2 rivelare la nostra personalit\u00e0, \u00e8 innegabile. Ma la Svizzera pu\u00f2 fare centro anche con i profumi a livello internazionale? Questa era la domanda che aleggiava nell'aria alla presentazione di \"pernoire luxury perfumes\". Nico Mannino e Robin D\u00fcnner, le menti dietro questo marchio di profumi, hanno presentato la loro idea ai leoni e alle leonesse della critica. La domanda era: \u00c8 un'idea profumata o un'idea che puzzer\u00e0 ai leoni? I leoni hanno un naso abbastanza buono per un accordo?<\/p>\n<p>La storia di pernoire inizia nel 2020, quando Nico e Robin fondano a Basilea la loro innovativa azienda di profumi di lusso. Il loro obiettivo era quello di diventare il marchio di profumi pi\u00f9 popolare per il gruppo target di clienti tra i 20 e i 35 anni. Un aspetto fondamentale del loro modello commerciale \u00e8 la rete di profumerie partner che hanno costruito in Europa e in Medio Oriente. Con 40 profumerie e 2.500 clienti nel primo anno e un fatturato di 70.000 franchi svizzeri, avevano gi\u00e0 dimostrato che la loro idea era un successo. Nel secondo anno, le vendite sono triplicate a 200.000 franchi svizzeri. Per spingere la loro espansione e la loro scalata, hanno cercato un investimento di 180.000 franchi svizzeri e hanno offerto il 5% delle azioni della societ\u00e0. L'orgoglio di essere \"Made in Switzerland\" si riflette nei loro profumi. Una caratteristica particolare di pernoire \u00e8 l'attenzione alle fragranze unisex.<\/p>\n<p>Pernoire si \u00e8 posizionata con successo nel segmento del lusso, con un flacone da 50 ml che costa 195 franchi svizzeri. L'azienda vende sia online che offline e utilizza i social media per la pubblicit\u00e0. Offre anche set di scoperta da 5 bottiglie al prezzo di 35 franchi.<\/p>\n<p>Con un fatturato di quasi 300.000 franchi svizzeri in soli due anni, i fondatori attirarono rapidamente l'attenzione di leoni e leonesse: tutti volevano investire. La questione cruciale era quale fosse l'offerta migliore: il duo Nicole B\u00fcttner e J\u00fcrg Schwarzenbach offriva 200.000 franchi svizzeri per 10% di azioni della societ\u00e0, mentre l'offerta di Roland Brack, Lukas Speiser e Anja Graf era di 240.000 franchi svizzeri per 12% di azioni della societ\u00e0. Alla fine i fondatori hanno deciso di accettare l'offerta di 240.000 franchi svizzeri, ritenendo che offrisse loro una migliore opportunit\u00e0 di crescita e di prosecuzione del loro viaggio nella fragranza.<\/p>\n<h3><strong>Dai deliziosi dessert alla pentola per cucinare tuttofare<\/strong><\/h3>\n<p><strong>\"Grainglow\"<\/strong> - rivoluzionari dessert vegani da Zurigo: Grainglow, fondata da Lara Zaugg e Matthias Stieger, \u00e8 una start-up emergente. Si \u00e8 prefissata il compito di conquistare i cuori degli amanti dei dessert e di promuovere allo stesso tempo lo stile di vita vegano.<\/p>\n<p>I loro dessert non sono solo vegani, ma anche privi di zucchero semolato. Utilizzano invece datteri e sciroppo di riso per ottenere la loro dolcezza. I prodotti sono senza glutine, a base vegetale e 100% naturali. Grainglow \u00e8 stata fondata nel 2019 e negli ultimi due anni \u00e8 diventata una forza da non sottovalutare nel panorama dei dessert.<\/p>\n<p>La domanda dei loro prodotti \u00e8 letteralmente esplosa negli ultimi anni e ora stanno cercando un investimento di 250.000 franchi svizzeri in cambio del 10% delle azioni della societ\u00e0 per crescere ulteriormente. La fondatrice Lara Zaugg ha sviluppato la ricetta dei suoi dessert perch\u00e9 non tollera il latte e ha sviluppato una passione per le creazioni culinarie. Nel 2018 ha lanciato un pop-up shop a Berna, che ha subito ricevuto un riscontro positivo.<\/p>\n<p>Nel 2019, Lara ha incontrato Matthias Stieger e insieme hanno creato un negozio online. I primi ordini sono stati ricevuti il giorno successivo. I prodotti Grainglow sono gi\u00e0 disponibili in note catene di vendita al dettaglio come Alnatura e Coop to Go.<\/p>\n<p>Una sfida per i leoni e le leonesse: I fondatori di Grainglow cercavano un partner a \"Die H\u00f6hle der L\u00f6wen\" che fosse pronto a rivoluzionare il mercato dei dessert. Sebbene non siano riusciti a concludere un accordo durante lo show, i fondatori credono ancora nel potenziale della loro azienda. Nel 2021 hanno venduto quasi 40.000 unit\u00e0 nel settore della vendita al dettaglio, nonostante la pandemia abbia colpito gli affari. Nonostante ci\u00f2, i leoni dello show non hanno investito, ma la storia di Grainglow \u00e8 un esempio impressionante del potere dell'innovazione e della passione nel mondo aziendale.<\/p>\n<p><strong>\"La cucina cablata\"<\/strong> - Questa pentola tuttofare \u00e8 un prodotto innovativo destinato a rivoluzionare il modo di cucinare. I fondatori, Dirk Uhlenhaut e Jochen Ganz di Zurigo, sono fermamente convinti che questa pentola rappresenti il futuro della cucina. La pentola high-tech combina molte funzioni in un unico apparecchio e utilizza una tecnologia unica che consente di cucinare in base alla temperatura.<\/p>\n<p>La particolarit\u00e0 di questo prodotto \u00e8 il riscaldamento integrato, con il quale \u00e8 possibile controllare con precisione la temperatura. In questo modo si evita che gli alimenti si brucino o si cuociano troppo, migliorando la qualit\u00e0 del cibo e risparmiando energia. Un'app consente agli utenti di personalizzare il tempo e la temperatura per ottenere risultati perfetti. Questo rende la pentola tuttofare interessante per ogni famiglia.<\/p>\n<p>Il prodotto \u00e8 gi\u00e0 sul mercato da 4 mesi e in questo periodo ha generato vendite per 25.000 franchi. Il prezzo del vaso \u00e8 di 550 franchi. Per accelerare la crescita e diffondere il prodotto in un numero sempre maggiore di famiglie, i fondatori sono alla ricerca di un finanziamento di 600.000 franchi svizzeri e sono disposti a cedere il 7% delle azioni della societ\u00e0. Il gruppo di clienti target della pentola tuttofare \u00e8 costituito da cuochi amatoriali appassionati che cercano esperienze culinarie di alta qualit\u00e0. Tuttavia, Roland Brack ha sottolineato che le vendite sono la cosa pi\u00f9 importante e non l'investimento o il tempo speso fino a questo momento. Il potenziale del prodotto \u00e8 al centro dell'attenzione. Di conseguenza, si \u00e8 discusso anche dell'adeguatezza del prezzo. Nella situazione attuale, tuttavia, non \u00e8 stato raggiunto alcun accordo, ma l'azienda continuer\u00e0 a lavorare per realizzare la sua visione e portare la pentola tuttofare in un numero sempre maggiore di famiglie.<\/p>\n<p><em>Maggiori informazioni sui prossimi programmi: <a href=\"https:\/\/www.oneplus.ch\/\">www.oneplus.ch\u00a0<\/a><\/em><\/p>","protected":false},"excerpt":{"rendered":"<p>Sembra che questa volta i leoni e le leonesse non si siano limitati ad assaggiare ravioli e dolci vegani, ma abbiano anche dimostrato di avere un buon fiuto per gli affari. Nella seconda puntata di \"Die H\u00f6hle der L\u00f6wen Schweiz\", gli investitori non solo sono rimasti impressionati dai prodotti, ma si sono anche dimostrati attivi nelle trattative e negli investimenti. <\/p>","protected":false},"author":58,"featured_media":23052,"comment_status":"closed","ping_status":"closed","sticky":false,"template":"","format":"standard","meta":{"_acf_changed":false,"_yoast_wpseo_focuskw":"Feine Nase","_yoast_wpseo_metadesc":"Die L\u00f6wen und L\u00f6winnen haben diesmal nicht nur in Dumplings und vegane Desserts gebissen, sondern auch bei Deals eine feine Nase gezeigt.","articlekey":"","footnotes":""},"categories":[28],"tags":[334,424,451,492],"class_list":["post-23051","post","type-post","status-publish","format-standard","has-post-thumbnail","hentry","category-management","tag-management","tag-schweiz","tag-startups","tag-unternehmen"],"acf":[],"yoast_head":"<!-- This site is optimized with the Yoast SEO plugin v27.5 - https:\/\/yoast.com\/product\/yoast-seo-wordpress\/ -->\n<title>\u00abDie H\u00f6hle der L\u00f6wen Schweiz\u00bb Folge 5\/2: L\u00f6wen zeigen eine feine Nase - Organisator<\/title>\n<meta name=\"description\" content=\"Die L\u00f6wen und L\u00f6winnen haben diesmal nicht nur in Dumplings und vegane Desserts gebissen, sondern auch bei Deals eine feine Nase gezeigt.\" \/>\n<meta name=\"robots\" content=\"index, follow, max-snippet:-1, max-image-preview:large, max-video-preview:-1\" \/>\n<link rel=\"canonical\" href=\"https:\/\/www.organisator.ch\/it\/gestione-2\/2023-11-08\/die-hoehle-der-loewen-schweiz-folge-5-2-loewen-zeigen-eine-feine-nase\/\" \/>\n<meta property=\"og:locale\" content=\"it_IT\" \/>\n<meta property=\"og:type\" content=\"article\" \/>\n<meta property=\"og:title\" content=\"\u00abDie H\u00f6hle der L\u00f6wen Schweiz\u00bb Folge 5\/2: L\u00f6wen zeigen eine feine Nase\" \/>\n<meta property=\"og:description\" content=\"Die L\u00f6wen und L\u00f6winnen haben diesmal nicht nur in Dumplings und vegane Desserts gebissen, sondern auch bei Deals eine feine Nase gezeigt.\" \/>\n<meta property=\"og:url\" content=\"https:\/\/www.organisator.ch\/it\/gestione-2\/2023-11-08\/die-hoehle-der-loewen-schweiz-folge-5-2-loewen-zeigen-eine-feine-nase\/\" \/>\n<meta property=\"og:site_name\" content=\"Organisator\" \/>\n<meta property=\"article:publisher\" content=\"https:\/\/www.facebook.com\/OrganisatorFachmagazin\" \/>\n<meta property=\"article:published_time\" content=\"2023-11-08T10:19:20+00:00\" \/>\n<meta property=\"article:modified_time\" content=\"2023-11-21T13:42:11+00:00\" \/>\n<meta property=\"og:image\" content=\"https:\/\/www.organisator.ch\/wp-content\/uploads\/2023\/11\/HDL5_Bild4_ps.jpg\" \/>\n\t<meta property=\"og:image:width\" content=\"680\" \/>\n\t<meta property=\"og:image:height\" content=\"383\" \/>\n\t<meta property=\"og:image:type\" content=\"image\/jpeg\" \/>\n<meta name=\"author\" content=\"Adelisa Kalajdzini\" \/>\n<meta name=\"twitter:card\" content=\"summary_large_image\" \/>\n<meta name=\"twitter:title\" content=\"\u00abDie H\u00f6hle der L\u00f6wen Schweiz\u00bb Folge 5\/2: L\u00f6wen zeigen eine feine Nase\" \/>\n<meta name=\"twitter:description\" content=\"Die #L\u00f6wen und #L\u00f6winnen haben diesmal nicht nur in #Dumplings und #vegane Desserts gebissen, sondern auch bei #Deals eine feine Nase gezeigt.\" \/>\n<meta name=\"twitter:image\" content=\"https:\/\/www.organisator.ch\/wp-content\/uploads\/2023\/11\/HDL5_Bild4_ps.jpg\" \/>\n<script type=\"application\/ld+json\" class=\"yoast-schema-graph\">{\"@context\":\"https:\\\/\\\/schema.org\",\"@graph\":[{\"@type\":\"Article\",\"@id\":\"https:\\\/\\\/www.organisator.ch\\\/management\\\/2023-11-08\\\/die-hoehle-der-loewen-schweiz-folge-5-2-loewen-zeigen-eine-feine-nase\\\/#article\",\"isPartOf\":{\"@id\":\"https:\\\/\\\/www.organisator.ch\\\/management\\\/2023-11-08\\\/die-hoehle-der-loewen-schweiz-folge-5-2-loewen-zeigen-eine-feine-nase\\\/\"},\"author\":{\"name\":\"Adelisa Kalajdzini\",\"@id\":\"https:\\\/\\\/www.organisator.ch\\\/#\\\/schema\\\/person\\\/2e1314a2172123f874db408d8911d3f3\"},\"headline\":\"\u00abDie H\u00f6hle der L\u00f6wen Schweiz\u00bb Folge 5\\\/2: L\u00f6wen zeigen eine feine Nase\",\"datePublished\":\"2023-11-08T10:19:20+00:00\",\"dateModified\":\"2023-11-21T13:42:11+00:00\",\"mainEntityOfPage\":{\"@id\":\"https:\\\/\\\/www.organisator.ch\\\/management\\\/2023-11-08\\\/die-hoehle-der-loewen-schweiz-folge-5-2-loewen-zeigen-eine-feine-nase\\\/\"},\"wordCount\":2173,\"publisher\":{\"@id\":\"https:\\\/\\\/www.organisator.ch\\\/#organization\"},\"image\":{\"@id\":\"https:\\\/\\\/www.organisator.ch\\\/management\\\/2023-11-08\\\/die-hoehle-der-loewen-schweiz-folge-5-2-loewen-zeigen-eine-feine-nase\\\/#primaryimage\"},\"thumbnailUrl\":\"https:\\\/\\\/www.organisator.ch\\\/wp-content\\\/uploads\\\/2023\\\/11\\\/HDL5_Bild4_ps.jpg\",\"keywords\":[\"Management\",\"Schweiz\",\"Startups\",\"Unternehmen\"],\"articleSection\":[\"MANAGEMENT\"],\"inLanguage\":\"it-IT\"},{\"@type\":\"WebPage\",\"@id\":\"https:\\\/\\\/www.organisator.ch\\\/management\\\/2023-11-08\\\/die-hoehle-der-loewen-schweiz-folge-5-2-loewen-zeigen-eine-feine-nase\\\/\",\"url\":\"https:\\\/\\\/www.organisator.ch\\\/management\\\/2023-11-08\\\/die-hoehle-der-loewen-schweiz-folge-5-2-loewen-zeigen-eine-feine-nase\\\/\",\"name\":\"\u00abDie H\u00f6hle der L\u00f6wen Schweiz\u00bb Folge 5\\\/2: L\u00f6wen zeigen eine feine Nase - Organisator\",\"isPartOf\":{\"@id\":\"https:\\\/\\\/www.organisator.ch\\\/#website\"},\"primaryImageOfPage\":{\"@id\":\"https:\\\/\\\/www.organisator.ch\\\/management\\\/2023-11-08\\\/die-hoehle-der-loewen-schweiz-folge-5-2-loewen-zeigen-eine-feine-nase\\\/#primaryimage\"},\"image\":{\"@id\":\"https:\\\/\\\/www.organisator.ch\\\/management\\\/2023-11-08\\\/die-hoehle-der-loewen-schweiz-folge-5-2-loewen-zeigen-eine-feine-nase\\\/#primaryimage\"},\"thumbnailUrl\":\"https:\\\/\\\/www.organisator.ch\\\/wp-content\\\/uploads\\\/2023\\\/11\\\/HDL5_Bild4_ps.jpg\",\"datePublished\":\"2023-11-08T10:19:20+00:00\",\"dateModified\":\"2023-11-21T13:42:11+00:00\",\"description\":\"Die L\u00f6wen und L\u00f6winnen haben diesmal nicht nur in Dumplings und vegane Desserts gebissen, sondern auch bei Deals eine feine Nase gezeigt.\",\"breadcrumb\":{\"@id\":\"https:\\\/\\\/www.organisator.ch\\\/management\\\/2023-11-08\\\/die-hoehle-der-loewen-schweiz-folge-5-2-loewen-zeigen-eine-feine-nase\\\/#breadcrumb\"},\"inLanguage\":\"it-IT\",\"potentialAction\":[{\"@type\":\"ReadAction\",\"target\":[\"https:\\\/\\\/www.organisator.ch\\\/management\\\/2023-11-08\\\/die-hoehle-der-loewen-schweiz-folge-5-2-loewen-zeigen-eine-feine-nase\\\/\"]}]},{\"@type\":\"ImageObject\",\"inLanguage\":\"it-IT\",\"@id\":\"https:\\\/\\\/www.organisator.ch\\\/management\\\/2023-11-08\\\/die-hoehle-der-loewen-schweiz-folge-5-2-loewen-zeigen-eine-feine-nase\\\/#primaryimage\",\"url\":\"https:\\\/\\\/www.organisator.ch\\\/wp-content\\\/uploads\\\/2023\\\/11\\\/HDL5_Bild4_ps.jpg\",\"contentUrl\":\"https:\\\/\\\/www.organisator.ch\\\/wp-content\\\/uploads\\\/2023\\\/11\\\/HDL5_Bild4_ps.jpg\",\"width\":680,\"height\":383,\"caption\":\"Nico Mannino und Robin D\u00fcnner, die K\u00f6pfe hinter der innovativen Parf\u00fcmmarke aus Basel, pr\u00e4sentierten ihre Idee vor den kritischen L\u00f6wen und L\u00f6winnen. (Bild: CH Media)\"},{\"@type\":\"BreadcrumbList\",\"@id\":\"https:\\\/\\\/www.organisator.ch\\\/management\\\/2023-11-08\\\/die-hoehle-der-loewen-schweiz-folge-5-2-loewen-zeigen-eine-feine-nase\\\/#breadcrumb\",\"itemListElement\":[{\"@type\":\"ListItem\",\"position\":1,\"name\":\"Home\",\"item\":\"https:\\\/\\\/www.organisator.ch\\\/\"},{\"@type\":\"ListItem\",\"position\":2,\"name\":\"\u00abDie H\u00f6hle der L\u00f6wen Schweiz\u00bb Folge 5\\\/2: L\u00f6wen zeigen eine feine Nase\"}]},{\"@type\":\"WebSite\",\"@id\":\"https:\\\/\\\/www.organisator.ch\\\/#website\",\"url\":\"https:\\\/\\\/www.organisator.ch\\\/\",\"name\":\"Organisator\",\"description\":\"Kompetent. Praxisnah. Der ORGANISATOR bereitet in 10 Ausgaben pro Jahr die wesentlichen Themen f\u00fcr F\u00fchrungskr\u00e4fte von KMU auf.\",\"publisher\":{\"@id\":\"https:\\\/\\\/www.organisator.ch\\\/#organization\"},\"potentialAction\":[{\"@type\":\"SearchAction\",\"target\":{\"@type\":\"EntryPoint\",\"urlTemplate\":\"https:\\\/\\\/www.organisator.ch\\\/?s={search_term_string}\"},\"query-input\":{\"@type\":\"PropertyValueSpecification\",\"valueRequired\":true,\"valueName\":\"search_term_string\"}}],\"inLanguage\":\"it-IT\"},{\"@type\":\"Organization\",\"@id\":\"https:\\\/\\\/www.organisator.ch\\\/#organization\",\"name\":\"Organisator\",\"url\":\"https:\\\/\\\/www.organisator.ch\\\/\",\"logo\":{\"@type\":\"ImageObject\",\"inLanguage\":\"it-IT\",\"@id\":\"https:\\\/\\\/www.organisator.ch\\\/#\\\/schema\\\/logo\\\/image\\\/\",\"url\":\"https:\\\/\\\/www.organisator.ch\\\/wp-content\\\/uploads\\\/2022\\\/01\\\/Logo_Organisator_Website.png\",\"contentUrl\":\"https:\\\/\\\/www.organisator.ch\\\/wp-content\\\/uploads\\\/2022\\\/01\\\/Logo_Organisator_Website.png\",\"width\":800,\"height\":77,\"caption\":\"Organisator\"},\"image\":{\"@id\":\"https:\\\/\\\/www.organisator.ch\\\/#\\\/schema\\\/logo\\\/image\\\/\"},\"sameAs\":[\"https:\\\/\\\/www.facebook.com\\\/OrganisatorFachmagazin\",\"https:\\\/\\\/www.linkedin.com\\\/showcase\\\/organisator-das-magazin-fr-kmu\",\"https:\\\/\\\/www.xing.com\\\/news\\\/pages\\\/organisator-ch-695\",\"https:\\\/\\\/www.youtube.com\\\/channel\\\/UCGP2Sq0iWaZwT3BdIAQFYpw\"]},{\"@type\":\"Person\",\"@id\":\"https:\\\/\\\/www.organisator.ch\\\/#\\\/schema\\\/person\\\/2e1314a2172123f874db408d8911d3f3\",\"name\":\"Adelisa Kalajdzini\",\"image\":{\"@type\":\"ImageObject\",\"inLanguage\":\"it-IT\",\"@id\":\"https:\\\/\\\/secure.gravatar.com\\\/avatar\\\/09a397c22ac58cad6f160ee8306348599df9df58a8ede73696226897b9fa4b24?s=96&d=mm&r=g\",\"url\":\"https:\\\/\\\/secure.gravatar.com\\\/avatar\\\/09a397c22ac58cad6f160ee8306348599df9df58a8ede73696226897b9fa4b24?s=96&d=mm&r=g\",\"contentUrl\":\"https:\\\/\\\/secure.gravatar.com\\\/avatar\\\/09a397c22ac58cad6f160ee8306348599df9df58a8ede73696226897b9fa4b24?s=96&d=mm&r=g\",\"caption\":\"Adelisa Kalajdzini\"},\"url\":\"https:\\\/\\\/www.organisator.ch\\\/it\\\/author\\\/adelisa-kalajdzini\\\/\"}]}<\/script>\n<!-- \/ Yoast SEO plugin. -->","yoast_head_json":{"title":"\"Die H\u00f6hle der L\u00f6wen Schweiz\" episodio 5\/2: i leoni mostrano un naso fine - Organizzatore","description":"Questa volta, i leoni e le leonesse non solo hanno mangiato ravioli e dolci vegani, ma hanno anche mostrato un fiuto per le offerte.","robots":{"index":"index","follow":"follow","max-snippet":"max-snippet:-1","max-image-preview":"max-image-preview:large","max-video-preview":"max-video-preview:-1"},"canonical":"https:\/\/www.organisator.ch\/it\/gestione-2\/2023-11-08\/die-hoehle-der-loewen-schweiz-folge-5-2-loewen-zeigen-eine-feine-nase\/","og_locale":"it_IT","og_type":"article","og_title":"\u00abDie H\u00f6hle der L\u00f6wen Schweiz\u00bb Folge 5\/2: L\u00f6wen zeigen eine feine Nase","og_description":"Die L\u00f6wen und L\u00f6winnen haben diesmal nicht nur in Dumplings und vegane Desserts gebissen, sondern auch bei Deals eine feine Nase gezeigt.","og_url":"https:\/\/www.organisator.ch\/it\/gestione-2\/2023-11-08\/die-hoehle-der-loewen-schweiz-folge-5-2-loewen-zeigen-eine-feine-nase\/","og_site_name":"Organisator","article_publisher":"https:\/\/www.facebook.com\/OrganisatorFachmagazin","article_published_time":"2023-11-08T10:19:20+00:00","article_modified_time":"2023-11-21T13:42:11+00:00","og_image":[{"width":680,"height":383,"url":"https:\/\/www.organisator.ch\/wp-content\/uploads\/2023\/11\/HDL5_Bild4_ps.jpg","type":"image\/jpeg"}],"author":"Adelisa Kalajdzini","twitter_card":"summary_large_image","twitter_title":"\u00abDie H\u00f6hle der L\u00f6wen Schweiz\u00bb Folge 5\/2: L\u00f6wen zeigen eine feine Nase","twitter_description":"Die #L\u00f6wen und #L\u00f6winnen haben diesmal nicht nur in #Dumplings und #vegane Desserts gebissen, sondern auch bei #Deals eine feine Nase gezeigt.","twitter_image":"https:\/\/www.organisator.ch\/wp-content\/uploads\/2023\/11\/HDL5_Bild4_ps.jpg","schema":{"@context":"https:\/\/schema.org","@graph":[{"@type":"Article","@id":"https:\/\/www.organisator.ch\/management\/2023-11-08\/die-hoehle-der-loewen-schweiz-folge-5-2-loewen-zeigen-eine-feine-nase\/#article","isPartOf":{"@id":"https:\/\/www.organisator.ch\/management\/2023-11-08\/die-hoehle-der-loewen-schweiz-folge-5-2-loewen-zeigen-eine-feine-nase\/"},"author":{"name":"Adelisa Kalajdzini","@id":"https:\/\/www.organisator.ch\/#\/schema\/person\/2e1314a2172123f874db408d8911d3f3"},"headline":"\u00abDie H\u00f6hle der L\u00f6wen Schweiz\u00bb Folge 5\/2: L\u00f6wen zeigen eine feine Nase","datePublished":"2023-11-08T10:19:20+00:00","dateModified":"2023-11-21T13:42:11+00:00","mainEntityOfPage":{"@id":"https:\/\/www.organisator.ch\/management\/2023-11-08\/die-hoehle-der-loewen-schweiz-folge-5-2-loewen-zeigen-eine-feine-nase\/"},"wordCount":2173,"publisher":{"@id":"https:\/\/www.organisator.ch\/#organization"},"image":{"@id":"https:\/\/www.organisator.ch\/management\/2023-11-08\/die-hoehle-der-loewen-schweiz-folge-5-2-loewen-zeigen-eine-feine-nase\/#primaryimage"},"thumbnailUrl":"https:\/\/www.organisator.ch\/wp-content\/uploads\/2023\/11\/HDL5_Bild4_ps.jpg","keywords":["Management","Schweiz","Startups","Unternehmen"],"articleSection":["MANAGEMENT"],"inLanguage":"it-IT"},{"@type":"WebPage","@id":"https:\/\/www.organisator.ch\/management\/2023-11-08\/die-hoehle-der-loewen-schweiz-folge-5-2-loewen-zeigen-eine-feine-nase\/","url":"https:\/\/www.organisator.ch\/management\/2023-11-08\/die-hoehle-der-loewen-schweiz-folge-5-2-loewen-zeigen-eine-feine-nase\/","name":"\"Die H\u00f6hle der L\u00f6wen Schweiz\" episodio 5\/2: i leoni mostrano un naso fine - Organizzatore","isPartOf":{"@id":"https:\/\/www.organisator.ch\/#website"},"primaryImageOfPage":{"@id":"https:\/\/www.organisator.ch\/management\/2023-11-08\/die-hoehle-der-loewen-schweiz-folge-5-2-loewen-zeigen-eine-feine-nase\/#primaryimage"},"image":{"@id":"https:\/\/www.organisator.ch\/management\/2023-11-08\/die-hoehle-der-loewen-schweiz-folge-5-2-loewen-zeigen-eine-feine-nase\/#primaryimage"},"thumbnailUrl":"https:\/\/www.organisator.ch\/wp-content\/uploads\/2023\/11\/HDL5_Bild4_ps.jpg","datePublished":"2023-11-08T10:19:20+00:00","dateModified":"2023-11-21T13:42:11+00:00","description":"Questa volta, i leoni e le leonesse non solo hanno mangiato ravioli e dolci vegani, ma hanno anche mostrato un fiuto per le offerte.","breadcrumb":{"@id":"https:\/\/www.organisator.ch\/management\/2023-11-08\/die-hoehle-der-loewen-schweiz-folge-5-2-loewen-zeigen-eine-feine-nase\/#breadcrumb"},"inLanguage":"it-IT","potentialAction":[{"@type":"ReadAction","target":["https:\/\/www.organisator.ch\/management\/2023-11-08\/die-hoehle-der-loewen-schweiz-folge-5-2-loewen-zeigen-eine-feine-nase\/"]}]},{"@type":"ImageObject","inLanguage":"it-IT","@id":"https:\/\/www.organisator.ch\/management\/2023-11-08\/die-hoehle-der-loewen-schweiz-folge-5-2-loewen-zeigen-eine-feine-nase\/#primaryimage","url":"https:\/\/www.organisator.ch\/wp-content\/uploads\/2023\/11\/HDL5_Bild4_ps.jpg","contentUrl":"https:\/\/www.organisator.ch\/wp-content\/uploads\/2023\/11\/HDL5_Bild4_ps.jpg","width":680,"height":383,"caption":"Nico Mannino und Robin D\u00fcnner, die K\u00f6pfe hinter der innovativen Parf\u00fcmmarke aus Basel, pr\u00e4sentierten ihre Idee vor den kritischen L\u00f6wen und L\u00f6winnen. (Bild: CH Media)"},{"@type":"BreadcrumbList","@id":"https:\/\/www.organisator.ch\/management\/2023-11-08\/die-hoehle-der-loewen-schweiz-folge-5-2-loewen-zeigen-eine-feine-nase\/#breadcrumb","itemListElement":[{"@type":"ListItem","position":1,"name":"Home","item":"https:\/\/www.organisator.ch\/"},{"@type":"ListItem","position":2,"name":"\u00abDie H\u00f6hle der L\u00f6wen Schweiz\u00bb Folge 5\/2: L\u00f6wen zeigen eine feine Nase"}]},{"@type":"WebSite","@id":"https:\/\/www.organisator.ch\/#website","url":"https:\/\/www.organisator.ch\/","name":"Organizzatore","description":"Competente. Pratico. In 10 numeri all'anno, ORGANISATOR presenta i temi essenziali per i manager delle PMI.","publisher":{"@id":"https:\/\/www.organisator.ch\/#organization"},"potentialAction":[{"@type":"SearchAction","target":{"@type":"EntryPoint","urlTemplate":"https:\/\/www.organisator.ch\/?s={search_term_string}"},"query-input":{"@type":"PropertyValueSpecification","valueRequired":true,"valueName":"search_term_string"}}],"inLanguage":"it-IT"},{"@type":"Organization","@id":"https:\/\/www.organisator.ch\/#organization","name":"Organizzatore","url":"https:\/\/www.organisator.ch\/","logo":{"@type":"ImageObject","inLanguage":"it-IT","@id":"https:\/\/www.organisator.ch\/#\/schema\/logo\/image\/","url":"https:\/\/www.organisator.ch\/wp-content\/uploads\/2022\/01\/Logo_Organisator_Website.png","contentUrl":"https:\/\/www.organisator.ch\/wp-content\/uploads\/2022\/01\/Logo_Organisator_Website.png","width":800,"height":77,"caption":"Organisator"},"image":{"@id":"https:\/\/www.organisator.ch\/#\/schema\/logo\/image\/"},"sameAs":["https:\/\/www.facebook.com\/OrganisatorFachmagazin","https:\/\/www.linkedin.com\/showcase\/organisator-das-magazin-fr-kmu","https:\/\/www.xing.com\/news\/pages\/organisator-ch-695","https:\/\/www.youtube.com\/channel\/UCGP2Sq0iWaZwT3BdIAQFYpw"]},{"@type":"Person","@id":"https:\/\/www.organisator.ch\/#\/schema\/person\/2e1314a2172123f874db408d8911d3f3","name":"Adelisa Kalajdzini","image":{"@type":"ImageObject","inLanguage":"it-IT","@id":"https:\/\/secure.gravatar.com\/avatar\/09a397c22ac58cad6f160ee8306348599df9df58a8ede73696226897b9fa4b24?s=96&d=mm&r=g","url":"https:\/\/secure.gravatar.com\/avatar\/09a397c22ac58cad6f160ee8306348599df9df58a8ede73696226897b9fa4b24?s=96&d=mm&r=g","contentUrl":"https:\/\/secure.gravatar.com\/avatar\/09a397c22ac58cad6f160ee8306348599df9df58a8ede73696226897b9fa4b24?s=96&d=mm&r=g","caption":"Adelisa Kalajdzini"},"url":"https:\/\/www.organisator.ch\/it\/author\/adelisa-kalajdzini\/"}]}},"_links":{"self":[{"href":"https:\/\/www.organisator.ch\/it\/wp-json\/wp\/v2\/posts\/23051","targetHints":{"allow":["GET"]}}],"collection":[{"href":"https:\/\/www.organisator.ch\/it\/wp-json\/wp\/v2\/posts"}],"about":[{"href":"https:\/\/www.organisator.ch\/it\/wp-json\/wp\/v2\/types\/post"}],"author":[{"embeddable":true,"href":"https:\/\/www.organisator.ch\/it\/wp-json\/wp\/v2\/users\/58"}],"replies":[{"embeddable":true,"href":"https:\/\/www.organisator.ch\/it\/wp-json\/wp\/v2\/comments?post=23051"}],"version-history":[{"count":6,"href":"https:\/\/www.organisator.ch\/it\/wp-json\/wp\/v2\/posts\/23051\/revisions"}],"predecessor-version":[{"id":23110,"href":"https:\/\/www.organisator.ch\/it\/wp-json\/wp\/v2\/posts\/23051\/revisions\/23110"}],"wp:featuredmedia":[{"embeddable":true,"href":"https:\/\/www.organisator.ch\/it\/wp-json\/wp\/v2\/media\/23052"}],"wp:attachment":[{"href":"https:\/\/www.organisator.ch\/it\/wp-json\/wp\/v2\/media?parent=23051"}],"wp:term":[{"taxonomy":"category","embeddable":true,"href":"https:\/\/www.organisator.ch\/it\/wp-json\/wp\/v2\/categories?post=23051"},{"taxonomy":"post_tag","embeddable":true,"href":"https:\/\/www.organisator.ch\/it\/wp-json\/wp\/v2\/tags?post=23051"}],"curies":[{"name":"wp","href":"https:\/\/api.w.org\/{rel}","templated":true}]}}