{"id":2308,"date":"2019-07-17T07:00:33","date_gmt":"2019-07-17T05:00:33","guid":{"rendered":"https:\/\/www.umweltperspektiven.ch\/?p=2308"},"modified":"2022-02-09T11:10:52","modified_gmt":"2022-02-09T10:10:52","slug":"eintauchen-in-farbenpraechtige-suesswasser-welten","status":"publish","type":"post","link":"https:\/\/www.organisator.ch\/it\/sustainability\/2019-07-17\/eintauchen-in-farbenpraechtige-suesswasser-welten\/","title":{"rendered":"Immergiti in colorati mondi d'acqua dolce"},"content":{"rendered":"<figure id=\"attachment_2309\" aria-describedby=\"caption-attachment-2309\" style=\"width: 680px\" class=\"wp-caption alignnone\"><img loading=\"lazy\" decoding=\"async\" class=\"size-medium wp-image-2309\" src=\"\/\/www.umweltperspektiven.ch\/wp-content\/uploads\/2019\/07\/UP_Umwelt-Perspektiven-Karibik-Manati_U06-008.jpg\" alt=\"\" width=\"680\" height=\"453\" \/><figcaption id=\"caption-attachment-2309\" class=\"wp-caption-text\">Un raro scatto, una rara prospettiva di un lamantino delle Indie Occidentali (Trichechus manatus) che si tuffa nell'acqua dolce di Florida Springs.<br \/>(Copyright: Michel Roggo, marzo 2011, per The Freshwater Project<br \/>Prigioniero)<\/figcaption><\/figure>\n<div class=\"mod mod-text skin-text-basics\">\n<div>\n<div>\n<p>Nella mostra speciale sui mondi d'acqua dolce di Michel Roggo, rari animali marini tirano un sospiro di sollievo in acque cristalline, la bellezza del fiume Sense compete con quella del lago Baikal, le cascate dell'Iguaz\u00fa, la banchisa di Ross e numerosi altri luoghi dai nomi strani. Ci\u00f2 che unisce le fotografie mostrate \u00e8 il tema dell'acqua:<\/p>\n<p>Per scoprirli, Michel Roggo ha viaggiato in tutto il mondo per sette anni e ha osservato da vicino torrenti, fiumi e laghi di circa 40 luoghi diversi nel suo \"Freshwater Project\". Il suo obiettivo: documentare il maggior numero possibile di importanti tipi di acqua dolce del mondo, anche sott'acqua. Per fare questo, il 69enne si \u00e8 buttato in acqua con una maschera da sub e un boccaglio. \"Sappiamo come sono le barriere coralline\", dice, \"ma che dire delle acque alle nostre porte? Sono sempre alla ricerca di scene interessanti con una luce drammatica - nelle alghe di uno stagno o sotto il ghiaccio di un torrente di montagna. Questi habitat sono incredibilmente belli, ma non si vedono quasi mai\".<\/p>\n<h3>Lavorare in condizioni avventurose<\/h3>\n<p>Il Museo di Storia Naturale di Friburgo (Svizzera) ha creato una mostra dalle fotografie di Roggo, che ora \u00e8 esposta al Museo Zoologico dell'Universit\u00e0 di Zurigo. Permette ai visitatori di immergersi in magici paesaggi acquatici e di meravigliarsi di fronte a mondi esotici di animali e piante, ghiaccio e formazioni rocciose. Vari filmati illustrano i viaggi spesso lunghi del fotografo e le condizioni di lavoro estreme che lui e i suoi aiutanti hanno incontrato. Per il suo Freshwater Project, Roggo lavora quasi sempre con guide locali, tra cui membri della popolazione indigena, biologi, guide subacquee, barcaioli e piloti. \"Michel Roggo cattura in modo impressionante i pi\u00f9 importanti biotopi d'acqua dolce del nostro pianeta\", dice Isabel Klusman, direttore del Museo Zoologico, \"un passo importante per rendere visibili e conosciuti questi habitat sensibili e spesso in pericolo\".<\/p>\n<h3>Animali, piante, ghiaccio, rocce e sorgenti<\/h3>\n<p>La mostra segue cinque temi principali, tra cui l'acqua come habitat dinamico per gli animali, a cui sono richiesti grandi adattamenti. Condizioni difficili come torbide, poca luce, acqua ghiacciata, acida o povera di ossigeno sono anche incontrate dalle piante, che tuttavia crescono in veri e propri giardini paradisiaci acquatici. I ghiacciai e le calotte di ghiaccio nelle regioni polari, dove due terzi di tutta l'acqua dolce \u00e8 conservata congelata, sono inclusi nella mostra, cos\u00ec come le formazioni rocciose che sono create dall'acqua e modellate e distrutte dall'erosione. Infine, le immagini di Roggo sono anche dedicate alle sorgenti, dove le acque sotterranee vengono in superficie all'interno del ciclo dell'acqua. L'acqua pura \u00e8 essenziale per la vita, ed \u00e8 per questo che quasi tutte le sorgenti del mondo industrializzato sono sfruttate. Nelle fotografie di Roggo, i mondi sottomarini di quelle sorgenti ancora completamente incontaminate si presentano ancora pi\u00f9 magnificamente.<\/p>\n<p>Su Michel Roggo:<\/p>\n<div>\n<p>Michel Roggo di Friburgo \u00e8 uno specialista riconosciuto a livello internazionale nella fotografia d'acqua dolce. Le sue immagini, prodotte in oltre 130 spedizioni, sono state esposte, premiate e pubblicate in tutto il mondo. Con AQUA, le immagini di Michel Roggo sono presentate per la prima volta a Zurigo.<\/p>\n<\/div>\n<\/div>\n<\/div>\n<\/div>\n<div class=\"mod mod-text skin-text-basics\">\n<div class=\"highlighted\">\n<h3>Mostra temporanea \"AQUA<\/h3>\n<p><strong>Fotografie di Michel Roggo<\/strong><\/p>\n<p>23 luglio 2019 al 5 gennaio 2020<br \/>\nmar - dom, 10-17 h, ingresso libero<\/p>\n<p><a href=\"\/\/www.zm.uzh.ch\/de\/sonderausstellungen\/2019aqua.html\">www.zm.uzh.ch\/de\/sonderausstellungen\/2019aqua.html<\/a><\/p>\n<\/div>\n<\/div>\n<p>&nbsp;<\/p>","protected":false},"excerpt":{"rendered":"<p>In der Sonderausstellung zu Michel Roggos S\u00fcsswasser-Welten atmen seltene Meerestiere in kristalklarem Wasser auf, konkurrieren die Sch\u00f6nheit des Flusses Sense mit jener des Baikalsees, der Iguaz\u00fa-Wasserf\u00e4lle, des Ross-Schelfeises und zahlreichen weiteren Orten mit fremdartig klingenden Namen. Was die gezeigten Fotografien verbindet, ist die Wasserthematik: Um sie zu ergr\u00fcnden ist Michel Roggo w\u00e4hrend sieben Jahren um [&hellip;]<\/p>\n","protected":false},"author":5,"featured_media":2309,"comment_status":"open","ping_status":"open","sticky":false,"template":"","format":"standard","meta":{"_acf_changed":false,"_yoast_wpseo_focuskw":"S\u00fcsswasser-Welten","_yoast_wpseo_metadesc":"Nur S\u00fcsswasser-Welten? Schildkr\u00f6ten, Tropische W\u00e4lder, H\u00f6hlen und kantige Eismassen. Dies alles erscheint in den Wasserwelten von Michel Roggo.","articlekey":"","footnotes":""},"categories":[580],"tags":[742,829,1228,2529,542],"class_list":["post-2308","post","type-post","status-publish","format-standard","has-post-thumbnail","hentry","category-sustainability","tag-ausstellung","tag-biodiversitaet","tag-fotographie","tag-wasserwelten","tag-zuerich"],"acf":[],"yoast_head":"<!-- This site is optimized with the Yoast SEO plugin v27.4 - https:\/\/yoast.com\/product\/yoast-seo-wordpress\/ -->\n<title>Eintauchen in farbenpr\u00e4chtige S\u00fcsswasser-Welten - Organisator<\/title>\n<meta name=\"description\" content=\"Nur S\u00fcsswasser-Welten? Schildkr\u00f6ten, Tropische W\u00e4lder, H\u00f6hlen und kantige Eismassen. Dies alles erscheint in den Wasserwelten von Michel Roggo.\" \/>\n<meta name=\"robots\" content=\"index, follow, max-snippet:-1, max-image-preview:large, max-video-preview:-1\" \/>\n<link rel=\"canonical\" href=\"https:\/\/www.organisator.ch\/it\/sostenibilita\/2019-07-17\/eintauchen-in-farbenpraechtige-suesswasser-welten\/\" \/>\n<meta property=\"og:locale\" content=\"it_IT\" \/>\n<meta property=\"og:type\" content=\"article\" \/>\n<meta property=\"og:title\" content=\"Eintauchen in farbenpr\u00e4chtige S\u00fcsswasser-Welten - Organisator\" \/>\n<meta property=\"og:description\" content=\"Nur S\u00fcsswasser-Welten? Schildkr\u00f6ten, Tropische W\u00e4lder, H\u00f6hlen und kantige Eismassen. Dies alles erscheint in den Wasserwelten von Michel Roggo.\" \/>\n<meta property=\"og:url\" content=\"https:\/\/www.organisator.ch\/it\/sostenibilita\/2019-07-17\/eintauchen-in-farbenpraechtige-suesswasser-welten\/\" \/>\n<meta property=\"og:site_name\" content=\"Organisator\" \/>\n<meta property=\"article:publisher\" content=\"https:\/\/www.facebook.com\/OrganisatorFachmagazin\" \/>\n<meta property=\"article:published_time\" content=\"2019-07-17T05:00:33+00:00\" \/>\n<meta property=\"article:modified_time\" content=\"2022-02-09T10:10:52+00:00\" \/>\n<meta property=\"og:image\" content=\"https:\/\/www.organisator.ch\/wp-content\/uploads\/2019\/07\/UP_Umwelt-Perspektiven-Karibik-Manati_U06-008-scaled.jpg\" \/>\n\t<meta property=\"og:image:width\" content=\"2560\" \/>\n\t<meta property=\"og:image:height\" content=\"1707\" \/>\n\t<meta property=\"og:image:type\" content=\"image\/jpeg\" \/>\n<meta name=\"author\" content=\"michael.merz\" \/>\n<meta name=\"twitter:card\" content=\"summary_large_image\" \/>\n<script type=\"application\/ld+json\" class=\"yoast-schema-graph\">{\"@context\":\"https:\\\/\\\/schema.org\",\"@graph\":[{\"@type\":\"Article\",\"@id\":\"https:\\\/\\\/www.organisator.ch\\\/sustainability\\\/2019-07-17\\\/eintauchen-in-farbenpraechtige-suesswasser-welten\\\/#article\",\"isPartOf\":{\"@id\":\"https:\\\/\\\/www.organisator.ch\\\/sustainability\\\/2019-07-17\\\/eintauchen-in-farbenpraechtige-suesswasser-welten\\\/\"},\"author\":{\"name\":\"michael.merz\",\"@id\":\"https:\\\/\\\/www.organisator.ch\\\/#\\\/schema\\\/person\\\/134708ca9321c57b0362cceb7948ffbd\"},\"headline\":\"Eintauchen in farbenpr\u00e4chtige S\u00fcsswasser-Welten\",\"datePublished\":\"2019-07-17T05:00:33+00:00\",\"dateModified\":\"2022-02-09T10:10:52+00:00\",\"mainEntityOfPage\":{\"@id\":\"https:\\\/\\\/www.organisator.ch\\\/sustainability\\\/2019-07-17\\\/eintauchen-in-farbenpraechtige-suesswasser-welten\\\/\"},\"wordCount\":550,\"commentCount\":0,\"publisher\":{\"@id\":\"https:\\\/\\\/www.organisator.ch\\\/#organization\"},\"image\":{\"@id\":\"https:\\\/\\\/www.organisator.ch\\\/sustainability\\\/2019-07-17\\\/eintauchen-in-farbenpraechtige-suesswasser-welten\\\/#primaryimage\"},\"thumbnailUrl\":\"https:\\\/\\\/www.organisator.ch\\\/wp-content\\\/uploads\\\/2019\\\/07\\\/UP_Umwelt-Perspektiven-Karibik-Manati_U06-008-scaled.jpg\",\"keywords\":[\"Ausstellung\",\"Biodiversit\u00e4t\",\"Fotographie\",\"Wasserwelten\",\"Z\u00fcrich\"],\"articleSection\":[\"SUSTAINABILITY\"],\"inLanguage\":\"it-IT\"},{\"@type\":\"WebPage\",\"@id\":\"https:\\\/\\\/www.organisator.ch\\\/sustainability\\\/2019-07-17\\\/eintauchen-in-farbenpraechtige-suesswasser-welten\\\/\",\"url\":\"https:\\\/\\\/www.organisator.ch\\\/sustainability\\\/2019-07-17\\\/eintauchen-in-farbenpraechtige-suesswasser-welten\\\/\",\"name\":\"Eintauchen in farbenpr\u00e4chtige S\u00fcsswasser-Welten - Organisator\",\"isPartOf\":{\"@id\":\"https:\\\/\\\/www.organisator.ch\\\/#website\"},\"primaryImageOfPage\":{\"@id\":\"https:\\\/\\\/www.organisator.ch\\\/sustainability\\\/2019-07-17\\\/eintauchen-in-farbenpraechtige-suesswasser-welten\\\/#primaryimage\"},\"image\":{\"@id\":\"https:\\\/\\\/www.organisator.ch\\\/sustainability\\\/2019-07-17\\\/eintauchen-in-farbenpraechtige-suesswasser-welten\\\/#primaryimage\"},\"thumbnailUrl\":\"https:\\\/\\\/www.organisator.ch\\\/wp-content\\\/uploads\\\/2019\\\/07\\\/UP_Umwelt-Perspektiven-Karibik-Manati_U06-008-scaled.jpg\",\"datePublished\":\"2019-07-17T05:00:33+00:00\",\"dateModified\":\"2022-02-09T10:10:52+00:00\",\"description\":\"Nur S\u00fcsswasser-Welten? Schildkr\u00f6ten, Tropische W\u00e4lder, H\u00f6hlen und kantige Eismassen. Dies alles erscheint in den Wasserwelten von Michel Roggo.\",\"breadcrumb\":{\"@id\":\"https:\\\/\\\/www.organisator.ch\\\/sustainability\\\/2019-07-17\\\/eintauchen-in-farbenpraechtige-suesswasser-welten\\\/#breadcrumb\"},\"inLanguage\":\"it-IT\",\"potentialAction\":[{\"@type\":\"ReadAction\",\"target\":[\"https:\\\/\\\/www.organisator.ch\\\/sustainability\\\/2019-07-17\\\/eintauchen-in-farbenpraechtige-suesswasser-welten\\\/\"]}]},{\"@type\":\"ImageObject\",\"inLanguage\":\"it-IT\",\"@id\":\"https:\\\/\\\/www.organisator.ch\\\/sustainability\\\/2019-07-17\\\/eintauchen-in-farbenpraechtige-suesswasser-welten\\\/#primaryimage\",\"url\":\"https:\\\/\\\/www.organisator.ch\\\/wp-content\\\/uploads\\\/2019\\\/07\\\/UP_Umwelt-Perspektiven-Karibik-Manati_U06-008-scaled.jpg\",\"contentUrl\":\"https:\\\/\\\/www.organisator.ch\\\/wp-content\\\/uploads\\\/2019\\\/07\\\/UP_Umwelt-Perspektiven-Karibik-Manati_U06-008-scaled.jpg\",\"width\":2560,\"height\":1707,\"caption\":\"Eine seltene Aufnahme, eine seltene Perspektive eines West Indischen Manatees (Trichechus manatus), der ins frische Wasser der Florida Springs taucht. (Copyright: Michel Roggo, March 2011, for The Freshwater Project Captive)\"},{\"@type\":\"BreadcrumbList\",\"@id\":\"https:\\\/\\\/www.organisator.ch\\\/sustainability\\\/2019-07-17\\\/eintauchen-in-farbenpraechtige-suesswasser-welten\\\/#breadcrumb\",\"itemListElement\":[{\"@type\":\"ListItem\",\"position\":1,\"name\":\"Home\",\"item\":\"https:\\\/\\\/www.organisator.ch\\\/\"},{\"@type\":\"ListItem\",\"position\":2,\"name\":\"Eintauchen in farbenpr\u00e4chtige S\u00fcsswasser-Welten\"}]},{\"@type\":\"WebSite\",\"@id\":\"https:\\\/\\\/www.organisator.ch\\\/#website\",\"url\":\"https:\\\/\\\/www.organisator.ch\\\/\",\"name\":\"Organisator\",\"description\":\"Kompetent. Praxisnah. Der ORGANISATOR bereitet in 10 Ausgaben pro Jahr die wesentlichen Themen f\u00fcr F\u00fchrungskr\u00e4fte von KMU auf.\",\"publisher\":{\"@id\":\"https:\\\/\\\/www.organisator.ch\\\/#organization\"},\"potentialAction\":[{\"@type\":\"SearchAction\",\"target\":{\"@type\":\"EntryPoint\",\"urlTemplate\":\"https:\\\/\\\/www.organisator.ch\\\/?s={search_term_string}\"},\"query-input\":{\"@type\":\"PropertyValueSpecification\",\"valueRequired\":true,\"valueName\":\"search_term_string\"}}],\"inLanguage\":\"it-IT\"},{\"@type\":\"Organization\",\"@id\":\"https:\\\/\\\/www.organisator.ch\\\/#organization\",\"name\":\"Organisator\",\"url\":\"https:\\\/\\\/www.organisator.ch\\\/\",\"logo\":{\"@type\":\"ImageObject\",\"inLanguage\":\"it-IT\",\"@id\":\"https:\\\/\\\/www.organisator.ch\\\/#\\\/schema\\\/logo\\\/image\\\/\",\"url\":\"https:\\\/\\\/www.organisator.ch\\\/wp-content\\\/uploads\\\/2022\\\/01\\\/Logo_Organisator_Website.png\",\"contentUrl\":\"https:\\\/\\\/www.organisator.ch\\\/wp-content\\\/uploads\\\/2022\\\/01\\\/Logo_Organisator_Website.png\",\"width\":800,\"height\":77,\"caption\":\"Organisator\"},\"image\":{\"@id\":\"https:\\\/\\\/www.organisator.ch\\\/#\\\/schema\\\/logo\\\/image\\\/\"},\"sameAs\":[\"https:\\\/\\\/www.facebook.com\\\/OrganisatorFachmagazin\",\"https:\\\/\\\/www.linkedin.com\\\/showcase\\\/organisator-das-magazin-fr-kmu\",\"https:\\\/\\\/www.xing.com\\\/news\\\/pages\\\/organisator-ch-695\",\"https:\\\/\\\/www.youtube.com\\\/channel\\\/UCGP2Sq0iWaZwT3BdIAQFYpw\"]},{\"@type\":\"Person\",\"@id\":\"https:\\\/\\\/www.organisator.ch\\\/#\\\/schema\\\/person\\\/134708ca9321c57b0362cceb7948ffbd\",\"name\":\"michael.merz\",\"image\":{\"@type\":\"ImageObject\",\"inLanguage\":\"it-IT\",\"@id\":\"https:\\\/\\\/secure.gravatar.com\\\/avatar\\\/?s=96&d=mm&r=g\",\"url\":\"https:\\\/\\\/secure.gravatar.com\\\/avatar\\\/?s=96&d=mm&r=g\",\"contentUrl\":\"https:\\\/\\\/secure.gravatar.com\\\/avatar\\\/?s=96&d=mm&r=g\",\"caption\":\"michael.merz\"},\"url\":\"https:\\\/\\\/www.organisator.ch\\\/it\\\/author\\\/michael-merz\\\/\"}]}<\/script>\n<!-- \/ Yoast SEO plugin. -->","yoast_head_json":{"title":"Immergetevi nei coloratissimi mondi d'acqua dolce - Organizzatore","description":"Solo mondi d'acqua dolce? Tartarughe, foreste tropicali, grotte e masse di ghiaccio spigolose. Tutto questo appare nei mondi d'acqua di Michel Roggo.","robots":{"index":"index","follow":"follow","max-snippet":"max-snippet:-1","max-image-preview":"max-image-preview:large","max-video-preview":"max-video-preview:-1"},"canonical":"https:\/\/www.organisator.ch\/it\/sostenibilita\/2019-07-17\/eintauchen-in-farbenpraechtige-suesswasser-welten\/","og_locale":"it_IT","og_type":"article","og_title":"Eintauchen in farbenpr\u00e4chtige S\u00fcsswasser-Welten - Organisator","og_description":"Nur S\u00fcsswasser-Welten? Schildkr\u00f6ten, Tropische W\u00e4lder, H\u00f6hlen und kantige Eismassen. Dies alles erscheint in den Wasserwelten von Michel Roggo.","og_url":"https:\/\/www.organisator.ch\/it\/sostenibilita\/2019-07-17\/eintauchen-in-farbenpraechtige-suesswasser-welten\/","og_site_name":"Organisator","article_publisher":"https:\/\/www.facebook.com\/OrganisatorFachmagazin","article_published_time":"2019-07-17T05:00:33+00:00","article_modified_time":"2022-02-09T10:10:52+00:00","og_image":[{"width":2560,"height":1707,"url":"https:\/\/www.organisator.ch\/wp-content\/uploads\/2019\/07\/UP_Umwelt-Perspektiven-Karibik-Manati_U06-008-scaled.jpg","type":"image\/jpeg"}],"author":"michael.merz","twitter_card":"summary_large_image","schema":{"@context":"https:\/\/schema.org","@graph":[{"@type":"Article","@id":"https:\/\/www.organisator.ch\/sustainability\/2019-07-17\/eintauchen-in-farbenpraechtige-suesswasser-welten\/#article","isPartOf":{"@id":"https:\/\/www.organisator.ch\/sustainability\/2019-07-17\/eintauchen-in-farbenpraechtige-suesswasser-welten\/"},"author":{"name":"michael.merz","@id":"https:\/\/www.organisator.ch\/#\/schema\/person\/134708ca9321c57b0362cceb7948ffbd"},"headline":"Eintauchen in farbenpr\u00e4chtige S\u00fcsswasser-Welten","datePublished":"2019-07-17T05:00:33+00:00","dateModified":"2022-02-09T10:10:52+00:00","mainEntityOfPage":{"@id":"https:\/\/www.organisator.ch\/sustainability\/2019-07-17\/eintauchen-in-farbenpraechtige-suesswasser-welten\/"},"wordCount":550,"commentCount":0,"publisher":{"@id":"https:\/\/www.organisator.ch\/#organization"},"image":{"@id":"https:\/\/www.organisator.ch\/sustainability\/2019-07-17\/eintauchen-in-farbenpraechtige-suesswasser-welten\/#primaryimage"},"thumbnailUrl":"https:\/\/www.organisator.ch\/wp-content\/uploads\/2019\/07\/UP_Umwelt-Perspektiven-Karibik-Manati_U06-008-scaled.jpg","keywords":["Ausstellung","Biodiversit\u00e4t","Fotographie","Wasserwelten","Z\u00fcrich"],"articleSection":["SUSTAINABILITY"],"inLanguage":"it-IT"},{"@type":"WebPage","@id":"https:\/\/www.organisator.ch\/sustainability\/2019-07-17\/eintauchen-in-farbenpraechtige-suesswasser-welten\/","url":"https:\/\/www.organisator.ch\/sustainability\/2019-07-17\/eintauchen-in-farbenpraechtige-suesswasser-welten\/","name":"Immergetevi nei coloratissimi mondi d'acqua dolce - Organizzatore","isPartOf":{"@id":"https:\/\/www.organisator.ch\/#website"},"primaryImageOfPage":{"@id":"https:\/\/www.organisator.ch\/sustainability\/2019-07-17\/eintauchen-in-farbenpraechtige-suesswasser-welten\/#primaryimage"},"image":{"@id":"https:\/\/www.organisator.ch\/sustainability\/2019-07-17\/eintauchen-in-farbenpraechtige-suesswasser-welten\/#primaryimage"},"thumbnailUrl":"https:\/\/www.organisator.ch\/wp-content\/uploads\/2019\/07\/UP_Umwelt-Perspektiven-Karibik-Manati_U06-008-scaled.jpg","datePublished":"2019-07-17T05:00:33+00:00","dateModified":"2022-02-09T10:10:52+00:00","description":"Solo mondi d'acqua dolce? Tartarughe, foreste tropicali, grotte e masse di ghiaccio spigolose. Tutto questo appare nei mondi d'acqua di Michel Roggo.","breadcrumb":{"@id":"https:\/\/www.organisator.ch\/sustainability\/2019-07-17\/eintauchen-in-farbenpraechtige-suesswasser-welten\/#breadcrumb"},"inLanguage":"it-IT","potentialAction":[{"@type":"ReadAction","target":["https:\/\/www.organisator.ch\/sustainability\/2019-07-17\/eintauchen-in-farbenpraechtige-suesswasser-welten\/"]}]},{"@type":"ImageObject","inLanguage":"it-IT","@id":"https:\/\/www.organisator.ch\/sustainability\/2019-07-17\/eintauchen-in-farbenpraechtige-suesswasser-welten\/#primaryimage","url":"https:\/\/www.organisator.ch\/wp-content\/uploads\/2019\/07\/UP_Umwelt-Perspektiven-Karibik-Manati_U06-008-scaled.jpg","contentUrl":"https:\/\/www.organisator.ch\/wp-content\/uploads\/2019\/07\/UP_Umwelt-Perspektiven-Karibik-Manati_U06-008-scaled.jpg","width":2560,"height":1707,"caption":"Eine seltene Aufnahme, eine seltene Perspektive eines West Indischen Manatees (Trichechus manatus), der ins frische Wasser der Florida Springs taucht. (Copyright: Michel Roggo, March 2011, for The Freshwater Project Captive)"},{"@type":"BreadcrumbList","@id":"https:\/\/www.organisator.ch\/sustainability\/2019-07-17\/eintauchen-in-farbenpraechtige-suesswasser-welten\/#breadcrumb","itemListElement":[{"@type":"ListItem","position":1,"name":"Home","item":"https:\/\/www.organisator.ch\/"},{"@type":"ListItem","position":2,"name":"Eintauchen in farbenpr\u00e4chtige S\u00fcsswasser-Welten"}]},{"@type":"WebSite","@id":"https:\/\/www.organisator.ch\/#website","url":"https:\/\/www.organisator.ch\/","name":"Organizzatore","description":"Competente. Pratico. In 10 numeri all'anno, ORGANISATOR presenta i temi essenziali per i manager delle PMI.","publisher":{"@id":"https:\/\/www.organisator.ch\/#organization"},"potentialAction":[{"@type":"SearchAction","target":{"@type":"EntryPoint","urlTemplate":"https:\/\/www.organisator.ch\/?s={search_term_string}"},"query-input":{"@type":"PropertyValueSpecification","valueRequired":true,"valueName":"search_term_string"}}],"inLanguage":"it-IT"},{"@type":"Organization","@id":"https:\/\/www.organisator.ch\/#organization","name":"Organizzatore","url":"https:\/\/www.organisator.ch\/","logo":{"@type":"ImageObject","inLanguage":"it-IT","@id":"https:\/\/www.organisator.ch\/#\/schema\/logo\/image\/","url":"https:\/\/www.organisator.ch\/wp-content\/uploads\/2022\/01\/Logo_Organisator_Website.png","contentUrl":"https:\/\/www.organisator.ch\/wp-content\/uploads\/2022\/01\/Logo_Organisator_Website.png","width":800,"height":77,"caption":"Organisator"},"image":{"@id":"https:\/\/www.organisator.ch\/#\/schema\/logo\/image\/"},"sameAs":["https:\/\/www.facebook.com\/OrganisatorFachmagazin","https:\/\/www.linkedin.com\/showcase\/organisator-das-magazin-fr-kmu","https:\/\/www.xing.com\/news\/pages\/organisator-ch-695","https:\/\/www.youtube.com\/channel\/UCGP2Sq0iWaZwT3BdIAQFYpw"]},{"@type":"Person","@id":"https:\/\/www.organisator.ch\/#\/schema\/person\/134708ca9321c57b0362cceb7948ffbd","name":"michael.merz","image":{"@type":"ImageObject","inLanguage":"it-IT","@id":"https:\/\/secure.gravatar.com\/avatar\/?s=96&d=mm&r=g","url":"https:\/\/secure.gravatar.com\/avatar\/?s=96&d=mm&r=g","contentUrl":"https:\/\/secure.gravatar.com\/avatar\/?s=96&d=mm&r=g","caption":"michael.merz"},"url":"https:\/\/www.organisator.ch\/it\/author\/michael-merz\/"}]}},"_links":{"self":[{"href":"https:\/\/www.organisator.ch\/it\/wp-json\/wp\/v2\/posts\/2308","targetHints":{"allow":["GET"]}}],"collection":[{"href":"https:\/\/www.organisator.ch\/it\/wp-json\/wp\/v2\/posts"}],"about":[{"href":"https:\/\/www.organisator.ch\/it\/wp-json\/wp\/v2\/types\/post"}],"author":[{"embeddable":true,"href":"https:\/\/www.organisator.ch\/it\/wp-json\/wp\/v2\/users\/5"}],"replies":[{"embeddable":true,"href":"https:\/\/www.organisator.ch\/it\/wp-json\/wp\/v2\/comments?post=2308"}],"version-history":[{"count":1,"href":"https:\/\/www.organisator.ch\/it\/wp-json\/wp\/v2\/posts\/2308\/revisions"}],"predecessor-version":[{"id":11016,"href":"https:\/\/www.organisator.ch\/it\/wp-json\/wp\/v2\/posts\/2308\/revisions\/11016"}],"wp:featuredmedia":[{"embeddable":true,"href":"https:\/\/www.organisator.ch\/it\/wp-json\/wp\/v2\/media\/2309"}],"wp:attachment":[{"href":"https:\/\/www.organisator.ch\/it\/wp-json\/wp\/v2\/media?parent=2308"}],"wp:term":[{"taxonomy":"category","embeddable":true,"href":"https:\/\/www.organisator.ch\/it\/wp-json\/wp\/v2\/categories?post=2308"},{"taxonomy":"post_tag","embeddable":true,"href":"https:\/\/www.organisator.ch\/it\/wp-json\/wp\/v2\/tags?post=2308"}],"curies":[{"name":"wp","href":"https:\/\/api.w.org\/{rel}","templated":true}]}}