{"id":23158,"date":"2023-11-14T10:05:01","date_gmt":"2023-11-14T09:05:01","guid":{"rendered":"https:\/\/www.organisator.ch\/?p=23158"},"modified":"2023-11-14T10:05:01","modified_gmt":"2023-11-14T09:05:01","slug":"kooperation-zwischen-eth-zuerich-und-klimastiftung-schweiz","status":"publish","type":"post","link":"https:\/\/www.organisator.ch\/it\/sustainability\/2023-11-14\/kooperation-zwischen-eth-zuerich-und-klimastiftung-schweiz\/","title":{"rendered":"Cooperazione tra il Politecnico di Zurigo e la Fondazione Svizzera per il Clima"},"content":{"rendered":"<figure id=\"attachment_23161\" aria-describedby=\"caption-attachment-23161\" style=\"width: 680px\" class=\"wp-caption alignnone\"><img loading=\"lazy\" decoding=\"async\" class=\"size-full wp-image-23161\" src=\"https:\/\/www.organisator.ch\/wp-content\/uploads\/2023\/11\/Klimastiftung_ETH_Bild2_ps.jpg\" alt=\"\" width=\"680\" height=\"452\" srcset=\"https:\/\/www.organisator.ch\/wp-content\/uploads\/2023\/11\/Klimastiftung_ETH_Bild2_ps.jpg 680w, https:\/\/www.organisator.ch\/wp-content\/uploads\/2023\/11\/Klimastiftung_ETH_Bild2_ps-18x12.jpg 18w, https:\/\/www.organisator.ch\/wp-content\/uploads\/2023\/11\/Klimastiftung_ETH_Bild2_ps-375x249.jpg 375w, https:\/\/www.organisator.ch\/wp-content\/uploads\/2023\/11\/Klimastiftung_ETH_Bild2_ps-527x350.jpg 527w\" sizes=\"auto, (max-width: 680px) 100vw, 680px\" \/><figcaption id=\"caption-attachment-23161\" class=\"wp-caption-text\">Il \"BUK ETHZ\" e la Fondazione svizzera per il clima collaborano nell'ambito della promozione di materiali e metodi di costruzione rispettosi del clima. (Immagine: www.depositphotos.com)<\/figcaption><\/figure>\n<p>Nell'ambito della cooperazione, la cattedra supporta la Fondazione svizzera per il clima nella valutazione tecnica e scientifica delle richieste di finanziamento per progetti nel settore dei materiali e dei metodi di costruzione. Inoltre, i progetti sovvenzionati vengono resi pi\u00f9 visibili al mercato. Questo \u00e8 importante perch\u00e9 i progetti pilota per i nuovi materiali da costruzione sono molto costosi. La condivisione delle competenze \u00e8 un importante contributo alla diffusione delle soluzioni. In questo modo si aumenter\u00e0 la consapevolezza delle opportunit\u00e0 di finanziamento della Fondazione Svizzera per il Clima per questo tipo di progetti. \"Si tratta di una classica situazione win-win\", afferma Vincent Eckert, direttore generale della Fondazione Svizzera per il Clima.\u00a0<\/p>\n<p>\"Le prime applicazioni nel settore delle costruzioni sono sempre una fase difficile e rischiosa per i nuovi prodotti e metodi nel settore delle costruzioni\", affermano Daniel Studer e Daniel Mettler di BUK ETHZ. \"Con questa collaborazione, possiamo dare un contributo importante alla trasformazione dell'industria delle costruzioni\". Lo dimostrano spin-off come FenX o Oxara dell'ambiente ETH, finanziati dalla Fondazione svizzera per il clima\". FenX trasforma i rifiuti minerali in materiali isolanti ad alte prestazioni e sostenibili per l'industria delle costruzioni, mentre Oxara sviluppa additivi e leganti senza cemento che consentono di riciclare i rifiuti edili e i materiali di scavo in una variet\u00e0 di applicazioni di calcestruzzo e blocchi.<\/p>\n<p>Nuovi materiali e metodi di costruzione rispettosi del clima sono necessari per l'adattamento climatico del settore immobiliare al fine di raggiungere gli obiettivi Net Zero. I dimostratori sono fondamentali per rendere commerciabili e riconoscibili queste soluzioni innovative. Nel settore delle costruzioni, pilotare significa testare su edifici reali. L'utilizzo di qualcosa per la prima volta \u00e8 associato a un rischio residuo e a un maggiore sforzo, perch\u00e9 gli appaltatori non sono ancora esperti nella produzione e nella lavorazione di nuovi materiali. Inoltre, i clienti sono giustamente scettici nei confronti delle innovazioni. Tuttavia, la collaborazione tra BUK ETHZ e la Fondazione svizzera per il clima pu\u00f2 mitigare questo aspetto: BUK ETHZ pu\u00f2 valutare la praticabilit\u00e0 delle innovazioni in aggiunta alla Fondazione svizzera per il clima, contribuendo cos\u00ec a minimizzare il rischio residuo. La Fondazione pu\u00f2 anche compensare le debolezze finanziarie dei metodi e dei materiali innovativi.<\/p>\n<p>La collaborazione riguarda la valutazione delle domande di finanziamento e la pubblicizzazione delle opportunit\u00e0 di finanziamento e delle innovazioni finanziate, al fine di sostenere la creazione del mercato.\u00a0<\/p>\n<p><em>Fonte: <a href=\"https:\/\/www.klimastiftung.ch\/de\/\">www.klimastiftung.ch\u00a0<\/a><\/em><\/p>","protected":false},"excerpt":{"rendered":"<p>40% del problema climatico \u00e8 causato dagli edifici. Per combattere questo problema, due attori competenti della ricerca e dell'industria stanno unendo le forze. Il Dipartimento di Tecnica delle Costruzioni del Politecnico di Zurigo (\"BUK ETHZ\") e la Fondazione Svizzera per il Clima collaborano per promuovere materiali e metodi di costruzione rispettosi del clima. <\/p>","protected":false},"author":58,"featured_media":23161,"comment_status":"closed","ping_status":"closed","sticky":false,"template":"","format":"standard","meta":{"_acf_changed":false,"_yoast_wpseo_focuskw":"Klimastiftung","_yoast_wpseo_metadesc":"Die \"BUK ETHZ\" und die Klimastiftung Schweiz kooperieren im Bereich F\u00f6rderung klimafreundlicher Baustoffe und Methoden.","articlekey":"","footnotes":""},"categories":[580],"tags":[1526,313,1787,492],"class_list":["post-23158","post","type-post","status-publish","format-standard","has-post-thumbnail","hentry","category-sustainability","tag-klimastiftung-schweiz","tag-kooperation","tag-nachhaltigkeit","tag-unternehmen"],"acf":[],"yoast_head":"<!-- This site is optimized with the Yoast SEO plugin v27.4 - https:\/\/yoast.com\/product\/yoast-seo-wordpress\/ -->\n<title>Kooperation zwischen ETH Z\u00fcrich und Klimastiftung Schweiz - Organisator<\/title>\n<meta name=\"description\" content=\"Die &quot;BUK ETHZ&quot; und die Klimastiftung Schweiz kooperieren im Bereich F\u00f6rderung klimafreundlicher Baustoffe und Methoden.\" \/>\n<meta name=\"robots\" content=\"index, follow, max-snippet:-1, max-image-preview:large, max-video-preview:-1\" \/>\n<link rel=\"canonical\" href=\"https:\/\/www.organisator.ch\/it\/sostenibilita\/2023-11-14\/kooperation-zwischen-eth-zuerich-und-klimastiftung-schweiz\/\" \/>\n<meta property=\"og:locale\" content=\"it_IT\" \/>\n<meta property=\"og:type\" content=\"article\" \/>\n<meta property=\"og:title\" content=\"Kooperation zwischen ETH Z\u00fcrich und Klimastiftung Schweiz\" \/>\n<meta property=\"og:description\" content=\"Die &quot;BUK ETHZ&quot; und die Klimastiftung Schweiz kooperieren im Bereich F\u00f6rderung klimafreundlicher Baustoffe und Methoden.\" \/>\n<meta property=\"og:url\" content=\"https:\/\/www.organisator.ch\/it\/sostenibilita\/2023-11-14\/kooperation-zwischen-eth-zuerich-und-klimastiftung-schweiz\/\" \/>\n<meta property=\"og:site_name\" content=\"Organisator\" \/>\n<meta property=\"article:publisher\" content=\"https:\/\/www.facebook.com\/OrganisatorFachmagazin\" \/>\n<meta property=\"article:published_time\" content=\"2023-11-14T09:05:01+00:00\" \/>\n<meta property=\"og:image\" content=\"https:\/\/www.organisator.ch\/wp-content\/uploads\/2023\/11\/Klimastiftung_ETH_Bild2_ps.jpg\" \/>\n\t<meta property=\"og:image:width\" content=\"680\" \/>\n\t<meta property=\"og:image:height\" content=\"452\" \/>\n\t<meta property=\"og:image:type\" content=\"image\/jpeg\" \/>\n<meta name=\"author\" content=\"Adelisa Kalajdzini\" \/>\n<meta name=\"twitter:card\" content=\"summary_large_image\" \/>\n<meta name=\"twitter:title\" content=\"Kooperation zwischen ETH Z\u00fcrich und Klimastiftung Schweiz\" \/>\n<meta name=\"twitter:description\" content=\"Die #&quot;BUK ETHZ&quot; und die #Klimastiftung #Schweiz kooperieren im Bereich F\u00f6rderung #klimafreundlicher #Baustoffe und #Methoden.\" \/>\n<meta name=\"twitter:image\" content=\"https:\/\/www.organisator.ch\/wp-content\/uploads\/2023\/11\/Klimastiftung_ETH_Bild2_ps.jpg\" \/>\n<script type=\"application\/ld+json\" class=\"yoast-schema-graph\">{\"@context\":\"https:\\\/\\\/schema.org\",\"@graph\":[{\"@type\":\"Article\",\"@id\":\"https:\\\/\\\/www.organisator.ch\\\/sustainability\\\/2023-11-14\\\/kooperation-zwischen-eth-zuerich-und-klimastiftung-schweiz\\\/#article\",\"isPartOf\":{\"@id\":\"https:\\\/\\\/www.organisator.ch\\\/sustainability\\\/2023-11-14\\\/kooperation-zwischen-eth-zuerich-und-klimastiftung-schweiz\\\/\"},\"author\":{\"name\":\"Adelisa Kalajdzini\",\"@id\":\"https:\\\/\\\/www.organisator.ch\\\/#\\\/schema\\\/person\\\/2e1314a2172123f874db408d8911d3f3\"},\"headline\":\"Kooperation zwischen ETH Z\u00fcrich und Klimastiftung Schweiz\",\"datePublished\":\"2023-11-14T09:05:01+00:00\",\"mainEntityOfPage\":{\"@id\":\"https:\\\/\\\/www.organisator.ch\\\/sustainability\\\/2023-11-14\\\/kooperation-zwischen-eth-zuerich-und-klimastiftung-schweiz\\\/\"},\"wordCount\":398,\"publisher\":{\"@id\":\"https:\\\/\\\/www.organisator.ch\\\/#organization\"},\"image\":{\"@id\":\"https:\\\/\\\/www.organisator.ch\\\/sustainability\\\/2023-11-14\\\/kooperation-zwischen-eth-zuerich-und-klimastiftung-schweiz\\\/#primaryimage\"},\"thumbnailUrl\":\"https:\\\/\\\/www.organisator.ch\\\/wp-content\\\/uploads\\\/2023\\\/11\\\/Klimastiftung_ETH_Bild2_ps.jpg\",\"keywords\":[\"Klimastiftung Schweiz\",\"Kooperation\",\"Nachhaltigkeit\",\"Unternehmen\"],\"articleSection\":[\"SUSTAINABILITY\"],\"inLanguage\":\"it-IT\"},{\"@type\":\"WebPage\",\"@id\":\"https:\\\/\\\/www.organisator.ch\\\/sustainability\\\/2023-11-14\\\/kooperation-zwischen-eth-zuerich-und-klimastiftung-schweiz\\\/\",\"url\":\"https:\\\/\\\/www.organisator.ch\\\/sustainability\\\/2023-11-14\\\/kooperation-zwischen-eth-zuerich-und-klimastiftung-schweiz\\\/\",\"name\":\"Kooperation zwischen ETH Z\u00fcrich und Klimastiftung Schweiz - Organisator\",\"isPartOf\":{\"@id\":\"https:\\\/\\\/www.organisator.ch\\\/#website\"},\"primaryImageOfPage\":{\"@id\":\"https:\\\/\\\/www.organisator.ch\\\/sustainability\\\/2023-11-14\\\/kooperation-zwischen-eth-zuerich-und-klimastiftung-schweiz\\\/#primaryimage\"},\"image\":{\"@id\":\"https:\\\/\\\/www.organisator.ch\\\/sustainability\\\/2023-11-14\\\/kooperation-zwischen-eth-zuerich-und-klimastiftung-schweiz\\\/#primaryimage\"},\"thumbnailUrl\":\"https:\\\/\\\/www.organisator.ch\\\/wp-content\\\/uploads\\\/2023\\\/11\\\/Klimastiftung_ETH_Bild2_ps.jpg\",\"datePublished\":\"2023-11-14T09:05:01+00:00\",\"description\":\"Die \\\"BUK ETHZ\\\" und die Klimastiftung Schweiz kooperieren im Bereich F\u00f6rderung klimafreundlicher Baustoffe und Methoden.\",\"breadcrumb\":{\"@id\":\"https:\\\/\\\/www.organisator.ch\\\/sustainability\\\/2023-11-14\\\/kooperation-zwischen-eth-zuerich-und-klimastiftung-schweiz\\\/#breadcrumb\"},\"inLanguage\":\"it-IT\",\"potentialAction\":[{\"@type\":\"ReadAction\",\"target\":[\"https:\\\/\\\/www.organisator.ch\\\/sustainability\\\/2023-11-14\\\/kooperation-zwischen-eth-zuerich-und-klimastiftung-schweiz\\\/\"]}]},{\"@type\":\"ImageObject\",\"inLanguage\":\"it-IT\",\"@id\":\"https:\\\/\\\/www.organisator.ch\\\/sustainability\\\/2023-11-14\\\/kooperation-zwischen-eth-zuerich-und-klimastiftung-schweiz\\\/#primaryimage\",\"url\":\"https:\\\/\\\/www.organisator.ch\\\/wp-content\\\/uploads\\\/2023\\\/11\\\/Klimastiftung_ETH_Bild2_ps.jpg\",\"contentUrl\":\"https:\\\/\\\/www.organisator.ch\\\/wp-content\\\/uploads\\\/2023\\\/11\\\/Klimastiftung_ETH_Bild2_ps.jpg\",\"width\":680,\"height\":452,\"caption\":\"Die \\\"BUK ETHZ\\\" und die Klimastiftung Schweiz kooperieren im Bereich F\u00f6rderung klimafreundlicher Baustoffe und Methoden. (Bild: www.depositphotos.com)\"},{\"@type\":\"BreadcrumbList\",\"@id\":\"https:\\\/\\\/www.organisator.ch\\\/sustainability\\\/2023-11-14\\\/kooperation-zwischen-eth-zuerich-und-klimastiftung-schweiz\\\/#breadcrumb\",\"itemListElement\":[{\"@type\":\"ListItem\",\"position\":1,\"name\":\"Home\",\"item\":\"https:\\\/\\\/www.organisator.ch\\\/\"},{\"@type\":\"ListItem\",\"position\":2,\"name\":\"Kooperation zwischen ETH Z\u00fcrich und Klimastiftung Schweiz\"}]},{\"@type\":\"WebSite\",\"@id\":\"https:\\\/\\\/www.organisator.ch\\\/#website\",\"url\":\"https:\\\/\\\/www.organisator.ch\\\/\",\"name\":\"Organisator\",\"description\":\"Kompetent. Praxisnah. Der ORGANISATOR bereitet in 10 Ausgaben pro Jahr die wesentlichen Themen f\u00fcr F\u00fchrungskr\u00e4fte von KMU auf.\",\"publisher\":{\"@id\":\"https:\\\/\\\/www.organisator.ch\\\/#organization\"},\"potentialAction\":[{\"@type\":\"SearchAction\",\"target\":{\"@type\":\"EntryPoint\",\"urlTemplate\":\"https:\\\/\\\/www.organisator.ch\\\/?s={search_term_string}\"},\"query-input\":{\"@type\":\"PropertyValueSpecification\",\"valueRequired\":true,\"valueName\":\"search_term_string\"}}],\"inLanguage\":\"it-IT\"},{\"@type\":\"Organization\",\"@id\":\"https:\\\/\\\/www.organisator.ch\\\/#organization\",\"name\":\"Organisator\",\"url\":\"https:\\\/\\\/www.organisator.ch\\\/\",\"logo\":{\"@type\":\"ImageObject\",\"inLanguage\":\"it-IT\",\"@id\":\"https:\\\/\\\/www.organisator.ch\\\/#\\\/schema\\\/logo\\\/image\\\/\",\"url\":\"https:\\\/\\\/www.organisator.ch\\\/wp-content\\\/uploads\\\/2022\\\/01\\\/Logo_Organisator_Website.png\",\"contentUrl\":\"https:\\\/\\\/www.organisator.ch\\\/wp-content\\\/uploads\\\/2022\\\/01\\\/Logo_Organisator_Website.png\",\"width\":800,\"height\":77,\"caption\":\"Organisator\"},\"image\":{\"@id\":\"https:\\\/\\\/www.organisator.ch\\\/#\\\/schema\\\/logo\\\/image\\\/\"},\"sameAs\":[\"https:\\\/\\\/www.facebook.com\\\/OrganisatorFachmagazin\",\"https:\\\/\\\/www.linkedin.com\\\/showcase\\\/organisator-das-magazin-fr-kmu\",\"https:\\\/\\\/www.xing.com\\\/news\\\/pages\\\/organisator-ch-695\",\"https:\\\/\\\/www.youtube.com\\\/channel\\\/UCGP2Sq0iWaZwT3BdIAQFYpw\"]},{\"@type\":\"Person\",\"@id\":\"https:\\\/\\\/www.organisator.ch\\\/#\\\/schema\\\/person\\\/2e1314a2172123f874db408d8911d3f3\",\"name\":\"Adelisa Kalajdzini\",\"image\":{\"@type\":\"ImageObject\",\"inLanguage\":\"it-IT\",\"@id\":\"https:\\\/\\\/secure.gravatar.com\\\/avatar\\\/09a397c22ac58cad6f160ee8306348599df9df58a8ede73696226897b9fa4b24?s=96&d=mm&r=g\",\"url\":\"https:\\\/\\\/secure.gravatar.com\\\/avatar\\\/09a397c22ac58cad6f160ee8306348599df9df58a8ede73696226897b9fa4b24?s=96&d=mm&r=g\",\"contentUrl\":\"https:\\\/\\\/secure.gravatar.com\\\/avatar\\\/09a397c22ac58cad6f160ee8306348599df9df58a8ede73696226897b9fa4b24?s=96&d=mm&r=g\",\"caption\":\"Adelisa Kalajdzini\"},\"url\":\"https:\\\/\\\/www.organisator.ch\\\/it\\\/author\\\/adelisa-kalajdzini\\\/\"}]}<\/script>\n<!-- \/ Yoast SEO plugin. -->","yoast_head_json":{"title":"Cooperazione tra il Politecnico di Zurigo e la Fondazione svizzera per il clima - Organizzatore","description":"La \"BUK ETHZ\" e la Fondazione svizzera per il clima collaborano nell'ambito della promozione di materiali e metodi di costruzione rispettosi del clima.","robots":{"index":"index","follow":"follow","max-snippet":"max-snippet:-1","max-image-preview":"max-image-preview:large","max-video-preview":"max-video-preview:-1"},"canonical":"https:\/\/www.organisator.ch\/it\/sostenibilita\/2023-11-14\/kooperation-zwischen-eth-zuerich-und-klimastiftung-schweiz\/","og_locale":"it_IT","og_type":"article","og_title":"Kooperation zwischen ETH Z\u00fcrich und Klimastiftung Schweiz","og_description":"Die \"BUK ETHZ\" und die Klimastiftung Schweiz kooperieren im Bereich F\u00f6rderung klimafreundlicher Baustoffe und Methoden.","og_url":"https:\/\/www.organisator.ch\/it\/sostenibilita\/2023-11-14\/kooperation-zwischen-eth-zuerich-und-klimastiftung-schweiz\/","og_site_name":"Organisator","article_publisher":"https:\/\/www.facebook.com\/OrganisatorFachmagazin","article_published_time":"2023-11-14T09:05:01+00:00","og_image":[{"width":680,"height":452,"url":"https:\/\/www.organisator.ch\/wp-content\/uploads\/2023\/11\/Klimastiftung_ETH_Bild2_ps.jpg","type":"image\/jpeg"}],"author":"Adelisa Kalajdzini","twitter_card":"summary_large_image","twitter_title":"Kooperation zwischen ETH Z\u00fcrich und Klimastiftung Schweiz","twitter_description":"Die #\"BUK ETHZ\" und die #Klimastiftung #Schweiz kooperieren im Bereich F\u00f6rderung #klimafreundlicher #Baustoffe und #Methoden.","twitter_image":"https:\/\/www.organisator.ch\/wp-content\/uploads\/2023\/11\/Klimastiftung_ETH_Bild2_ps.jpg","schema":{"@context":"https:\/\/schema.org","@graph":[{"@type":"Article","@id":"https:\/\/www.organisator.ch\/sustainability\/2023-11-14\/kooperation-zwischen-eth-zuerich-und-klimastiftung-schweiz\/#article","isPartOf":{"@id":"https:\/\/www.organisator.ch\/sustainability\/2023-11-14\/kooperation-zwischen-eth-zuerich-und-klimastiftung-schweiz\/"},"author":{"name":"Adelisa Kalajdzini","@id":"https:\/\/www.organisator.ch\/#\/schema\/person\/2e1314a2172123f874db408d8911d3f3"},"headline":"Kooperation zwischen ETH Z\u00fcrich und Klimastiftung Schweiz","datePublished":"2023-11-14T09:05:01+00:00","mainEntityOfPage":{"@id":"https:\/\/www.organisator.ch\/sustainability\/2023-11-14\/kooperation-zwischen-eth-zuerich-und-klimastiftung-schweiz\/"},"wordCount":398,"publisher":{"@id":"https:\/\/www.organisator.ch\/#organization"},"image":{"@id":"https:\/\/www.organisator.ch\/sustainability\/2023-11-14\/kooperation-zwischen-eth-zuerich-und-klimastiftung-schweiz\/#primaryimage"},"thumbnailUrl":"https:\/\/www.organisator.ch\/wp-content\/uploads\/2023\/11\/Klimastiftung_ETH_Bild2_ps.jpg","keywords":["Klimastiftung Schweiz","Kooperation","Nachhaltigkeit","Unternehmen"],"articleSection":["SUSTAINABILITY"],"inLanguage":"it-IT"},{"@type":"WebPage","@id":"https:\/\/www.organisator.ch\/sustainability\/2023-11-14\/kooperation-zwischen-eth-zuerich-und-klimastiftung-schweiz\/","url":"https:\/\/www.organisator.ch\/sustainability\/2023-11-14\/kooperation-zwischen-eth-zuerich-und-klimastiftung-schweiz\/","name":"Cooperazione tra il Politecnico di Zurigo e la Fondazione svizzera per il clima - Organizzatore","isPartOf":{"@id":"https:\/\/www.organisator.ch\/#website"},"primaryImageOfPage":{"@id":"https:\/\/www.organisator.ch\/sustainability\/2023-11-14\/kooperation-zwischen-eth-zuerich-und-klimastiftung-schweiz\/#primaryimage"},"image":{"@id":"https:\/\/www.organisator.ch\/sustainability\/2023-11-14\/kooperation-zwischen-eth-zuerich-und-klimastiftung-schweiz\/#primaryimage"},"thumbnailUrl":"https:\/\/www.organisator.ch\/wp-content\/uploads\/2023\/11\/Klimastiftung_ETH_Bild2_ps.jpg","datePublished":"2023-11-14T09:05:01+00:00","description":"La \"BUK ETHZ\" e la Fondazione svizzera per il clima collaborano nell'ambito della promozione di materiali e metodi di costruzione rispettosi del clima.","breadcrumb":{"@id":"https:\/\/www.organisator.ch\/sustainability\/2023-11-14\/kooperation-zwischen-eth-zuerich-und-klimastiftung-schweiz\/#breadcrumb"},"inLanguage":"it-IT","potentialAction":[{"@type":"ReadAction","target":["https:\/\/www.organisator.ch\/sustainability\/2023-11-14\/kooperation-zwischen-eth-zuerich-und-klimastiftung-schweiz\/"]}]},{"@type":"ImageObject","inLanguage":"it-IT","@id":"https:\/\/www.organisator.ch\/sustainability\/2023-11-14\/kooperation-zwischen-eth-zuerich-und-klimastiftung-schweiz\/#primaryimage","url":"https:\/\/www.organisator.ch\/wp-content\/uploads\/2023\/11\/Klimastiftung_ETH_Bild2_ps.jpg","contentUrl":"https:\/\/www.organisator.ch\/wp-content\/uploads\/2023\/11\/Klimastiftung_ETH_Bild2_ps.jpg","width":680,"height":452,"caption":"Die \"BUK ETHZ\" und die Klimastiftung Schweiz kooperieren im Bereich F\u00f6rderung klimafreundlicher Baustoffe und Methoden. (Bild: www.depositphotos.com)"},{"@type":"BreadcrumbList","@id":"https:\/\/www.organisator.ch\/sustainability\/2023-11-14\/kooperation-zwischen-eth-zuerich-und-klimastiftung-schweiz\/#breadcrumb","itemListElement":[{"@type":"ListItem","position":1,"name":"Home","item":"https:\/\/www.organisator.ch\/"},{"@type":"ListItem","position":2,"name":"Kooperation zwischen ETH Z\u00fcrich und Klimastiftung Schweiz"}]},{"@type":"WebSite","@id":"https:\/\/www.organisator.ch\/#website","url":"https:\/\/www.organisator.ch\/","name":"Organizzatore","description":"Competente. Pratico. In 10 numeri all'anno, ORGANISATOR presenta i temi essenziali per i manager delle PMI.","publisher":{"@id":"https:\/\/www.organisator.ch\/#organization"},"potentialAction":[{"@type":"SearchAction","target":{"@type":"EntryPoint","urlTemplate":"https:\/\/www.organisator.ch\/?s={search_term_string}"},"query-input":{"@type":"PropertyValueSpecification","valueRequired":true,"valueName":"search_term_string"}}],"inLanguage":"it-IT"},{"@type":"Organization","@id":"https:\/\/www.organisator.ch\/#organization","name":"Organizzatore","url":"https:\/\/www.organisator.ch\/","logo":{"@type":"ImageObject","inLanguage":"it-IT","@id":"https:\/\/www.organisator.ch\/#\/schema\/logo\/image\/","url":"https:\/\/www.organisator.ch\/wp-content\/uploads\/2022\/01\/Logo_Organisator_Website.png","contentUrl":"https:\/\/www.organisator.ch\/wp-content\/uploads\/2022\/01\/Logo_Organisator_Website.png","width":800,"height":77,"caption":"Organisator"},"image":{"@id":"https:\/\/www.organisator.ch\/#\/schema\/logo\/image\/"},"sameAs":["https:\/\/www.facebook.com\/OrganisatorFachmagazin","https:\/\/www.linkedin.com\/showcase\/organisator-das-magazin-fr-kmu","https:\/\/www.xing.com\/news\/pages\/organisator-ch-695","https:\/\/www.youtube.com\/channel\/UCGP2Sq0iWaZwT3BdIAQFYpw"]},{"@type":"Person","@id":"https:\/\/www.organisator.ch\/#\/schema\/person\/2e1314a2172123f874db408d8911d3f3","name":"Adelisa Kalajdzini","image":{"@type":"ImageObject","inLanguage":"it-IT","@id":"https:\/\/secure.gravatar.com\/avatar\/09a397c22ac58cad6f160ee8306348599df9df58a8ede73696226897b9fa4b24?s=96&d=mm&r=g","url":"https:\/\/secure.gravatar.com\/avatar\/09a397c22ac58cad6f160ee8306348599df9df58a8ede73696226897b9fa4b24?s=96&d=mm&r=g","contentUrl":"https:\/\/secure.gravatar.com\/avatar\/09a397c22ac58cad6f160ee8306348599df9df58a8ede73696226897b9fa4b24?s=96&d=mm&r=g","caption":"Adelisa Kalajdzini"},"url":"https:\/\/www.organisator.ch\/it\/author\/adelisa-kalajdzini\/"}]}},"_links":{"self":[{"href":"https:\/\/www.organisator.ch\/it\/wp-json\/wp\/v2\/posts\/23158","targetHints":{"allow":["GET"]}}],"collection":[{"href":"https:\/\/www.organisator.ch\/it\/wp-json\/wp\/v2\/posts"}],"about":[{"href":"https:\/\/www.organisator.ch\/it\/wp-json\/wp\/v2\/types\/post"}],"author":[{"embeddable":true,"href":"https:\/\/www.organisator.ch\/it\/wp-json\/wp\/v2\/users\/58"}],"replies":[{"embeddable":true,"href":"https:\/\/www.organisator.ch\/it\/wp-json\/wp\/v2\/comments?post=23158"}],"version-history":[{"count":7,"href":"https:\/\/www.organisator.ch\/it\/wp-json\/wp\/v2\/posts\/23158\/revisions"}],"predecessor-version":[{"id":23609,"href":"https:\/\/www.organisator.ch\/it\/wp-json\/wp\/v2\/posts\/23158\/revisions\/23609"}],"wp:featuredmedia":[{"embeddable":true,"href":"https:\/\/www.organisator.ch\/it\/wp-json\/wp\/v2\/media\/23161"}],"wp:attachment":[{"href":"https:\/\/www.organisator.ch\/it\/wp-json\/wp\/v2\/media?parent=23158"}],"wp:term":[{"taxonomy":"category","embeddable":true,"href":"https:\/\/www.organisator.ch\/it\/wp-json\/wp\/v2\/categories?post=23158"},{"taxonomy":"post_tag","embeddable":true,"href":"https:\/\/www.organisator.ch\/it\/wp-json\/wp\/v2\/tags?post=23158"}],"curies":[{"name":"wp","href":"https:\/\/api.w.org\/{rel}","templated":true}]}}