{"id":23186,"date":"2023-11-15T09:17:27","date_gmt":"2023-11-15T08:17:27","guid":{"rendered":"https:\/\/www.organisator.ch\/?p=23186"},"modified":"2023-12-04T16:24:18","modified_gmt":"2023-12-04T15:24:18","slug":"bertschi-ag-gewinnt-den-prix-svc-nordschweiz-2023","status":"publish","type":"post","link":"https:\/\/www.organisator.ch\/it\/management\/2023-11-15\/bertschi-ag-gewinnt-den-prix-svc-nordschweiz-2023\/","title":{"rendered":"Bertschi AG vince il Premio SVC Svizzera settentrionale 2023"},"content":{"rendered":"<figure id=\"attachment_23187\" aria-describedby=\"caption-attachment-23187\" style=\"width: 680px\" class=\"wp-caption alignnone\"><img loading=\"lazy\" decoding=\"async\" class=\"size-full wp-image-23187\" src=\"https:\/\/www.organisator.ch\/wp-content\/uploads\/2023\/11\/Bertschi-AG-gewinnt-den-Prix-SVC-Nordschweiz-2023-1_Organisator.jpg\" alt=\"\" width=\"680\" height=\"559\" srcset=\"https:\/\/www.organisator.ch\/wp-content\/uploads\/2023\/11\/Bertschi-AG-gewinnt-den-Prix-SVC-Nordschweiz-2023-1_Organisator.jpg 680w, https:\/\/www.organisator.ch\/wp-content\/uploads\/2023\/11\/Bertschi-AG-gewinnt-den-Prix-SVC-Nordschweiz-2023-1_Organisator-15x12.jpg 15w, https:\/\/www.organisator.ch\/wp-content\/uploads\/2023\/11\/Bertschi-AG-gewinnt-den-Prix-SVC-Nordschweiz-2023-1_Organisator-365x300.jpg 365w, https:\/\/www.organisator.ch\/wp-content\/uploads\/2023\/11\/Bertschi-AG-gewinnt-den-Prix-SVC-Nordschweiz-2023-1_Organisator-426x350.jpg 426w\" sizes=\"auto, (max-width: 680px) 100vw, 680px\" \/><figcaption id=\"caption-attachment-23187\" class=\"wp-caption-text\">Bertschi AG, il vincitore raggiante: Hans-J\u00f6rg Bertschi regge il trofeo del Prix SVC Nordschweiz. Il presidente della SVC Andreas Gerber applaude. (Foto: Thomas Berner)<\/figcaption><\/figure>\n<p>Il Prix SVC Nordschweiz \u00e8 stato assegnato per l'undicesima volta il 14 novembre 2023 davanti a oltre 1000 ospiti a Basilea. Cinque vincitori del premio sono stati selezionati tra circa 100 aziende della regione in un processo di selezione a pi\u00f9 fasi. I finalisti - Bertschi AG, Infors HT, Schelling AG, St\u00f6cklin Logistik AG e Wyniger Group - sono stati presentati con presentazioni video e brevi interviste in uno spettacolo di circa due ore e alla fine sono stati premiati.<\/p>\n<h3><strong>Primo posto per Bertschi AG di D\u00fcrren\u00e4sch<\/strong><\/h3>\n<p>Bertschi AG, rappresentata dal Presidente del Consiglio di Amministrazione Hans-J\u00f6rg Bertschi, si \u00e8 classificata al primo posto. L'azienda \u00e8 leader di mercato nel settore della logistica, specializzata in servizi intermodali per l'industria chimica. Con 3.190 dipendenti in 74 sedi in 38 Paesi del mondo, 30 terminal intermodali di propriet\u00e0, 1.000 camion e 43.200 container, il Gruppo Bertschi \u00e8 un grande attore come fornitore di servizi logistici. Il Gruppo Bertschi \u00e8 particolarmente impegnato nella sostenibilit\u00e0. Trasportando le merci su rotaia in modo ecologico, Bertschi risparmia ogni anno oltre 300.000 tonnellate di emissioni di CO2 rispetto al puro trasporto su strada. Un'automobile potrebbe percorrere 1,5 miliardi di chilometri per questa cifra, ovvero fare il giro della Terra 37.000 volte. Robin Wasser, membro della giuria e del comitato organizzatore, ha reso omaggio al vincitore nel suo discorso elogiativo: \"Il Gruppo Bertschi si \u00e8 distinto negli ultimi 60 anni con enormi risultati pionieristici. Bertschi \u00e8 stata la prima azienda a caricare i camion sulla ferrovia in collaborazione con le FFS, gettando cos\u00ec le basi del trasporto combinato di merci. Un altro punto di forza \u00e8 l'inaugurazione dello Zhangjiagang Chemical Hub nel delta del fiume Yangtze in Cina, un hub completo per la logistica chimica. Ci\u00f2 che ha particolarmente colpito la giuria \u00e8 che Bertschi \u00e8 sempre rimasta fedele a se stessa nonostante i suoi successi e non ha mai dimenticato le proprie radici\". Nel suo discorso di accettazione, Hans-J\u00f6rg Bertschi ha dedicato il premio ai suoi dipendenti. Dopotutto, sono loro che in ultima analisi portano al successo l'azienda: \"Questo \u00e8 il vostro premio - lo accetto qui a nome vostro\".<\/p>\n<figure id=\"attachment_23188\" aria-describedby=\"caption-attachment-23188\" style=\"width: 680px\" class=\"wp-caption alignnone\"><img loading=\"lazy\" decoding=\"async\" class=\"size-full wp-image-23188\" src=\"https:\/\/www.organisator.ch\/wp-content\/uploads\/2023\/11\/Bertschi-AG-gewinnt-den-Prix-SVC-Nordschweiz-2023-2_Organisator.jpg\" alt=\"\" width=\"680\" height=\"500\" srcset=\"https:\/\/www.organisator.ch\/wp-content\/uploads\/2023\/11\/Bertschi-AG-gewinnt-den-Prix-SVC-Nordschweiz-2023-2_Organisator.jpg 680w, https:\/\/www.organisator.ch\/wp-content\/uploads\/2023\/11\/Bertschi-AG-gewinnt-den-Prix-SVC-Nordschweiz-2023-2_Organisator-16x12.jpg 16w, https:\/\/www.organisator.ch\/wp-content\/uploads\/2023\/11\/Bertschi-AG-gewinnt-den-Prix-SVC-Nordschweiz-2023-2_Organisator-375x276.jpg 375w, https:\/\/www.organisator.ch\/wp-content\/uploads\/2023\/11\/Bertschi-AG-gewinnt-den-Prix-SVC-Nordschweiz-2023-2_Organisator-476x350.jpg 476w\" sizes=\"auto, (max-width: 680px) 100vw, 680px\" \/><figcaption id=\"caption-attachment-23188\" class=\"wp-caption-text\">In rappresentanza delle cinque aziende finaliste (da sinistra a destra): Raphael Wyniger (Wyniger Group), Urs Gr\u00fctter (St\u00f6cklin Logistik AG), Beat M. Schelling (Schelling AG), Anja Hawrylenko (Infors HT) e Hans-J\u00f6rg Bertschi (Bertschi AG). (Foto: Thomas Berner)<\/figcaption><\/figure>\n<h3><strong>Gruppo Wyniger - Teufelhof Basel e St\u00f6cklin Logistik AG al secondo e terzo posto<\/strong><\/h3>\n<p>Il secondo posto va al Gruppo Wyniger di Basilea Citt\u00e0, che gestisce in modo indipendente la casa degli ospiti e della cultura Teufelhof, un hotel e un ristorante autofinanziato. Il gruppo sta crescendo rapidamente fondando societ\u00e0 proprie, sviluppando prodotti propri e acquisendo aziende in un mercato altamente competitivo. L'obiettivo delle acquisizioni \u00e8 quello di raggiungere una maggiore indipendenza lungo la catena del valore. L'azienda, gestita in proprio, impiega circa 500 persone ed \u00e8 diretta da Raphael Wyniger. Egli era visibilmente orgoglioso del secondo posto e ha sottolineato che tale successo \u00e8 positivo per il suo settore, che sta lottando con molte difficolt\u00e0.<\/p>\n<p>Il fornitore di servizi intralogistici St\u00f6cklin Logistik AG di Laufen, che dal 1934 \u00e8 un partner competente per soluzioni logistiche innovative e personalizzate in tutto il mondo, ha preso il bronzo. In qualit\u00e0 di integratore di sistemi con esperienza internazionale, St\u00f6cklin supporta i propri clienti dalla pianificazione e gestione del progetto fino alla consegna di sistemi completi \"chiavi in mano\" nel campo della logistica di magazzino e della gestione automatizzata del magazzino. Ad esempio, uno dei maggiori rivenditori online della Svizzera \u00e8 uno dei clienti e un magazzino all'avanguardia \u00e8 attualmente in fase di costruzione con una nota azienda dell'industria chimica. L'obiettivo di St\u00f6cklin Logistik AG \u00e8 immagazzinare i prodotti nel modo pi\u00f9 salvaspazio possibile, gestirli in modo affidabile e trasportarli e prelevarli il pi\u00f9 rapidamente possibile con costi di manodopera minimi. Circa 500 dipendenti lavorano per St\u00f6cklin in tutto il mondo. L'azienda \u00e8 gestita da Urs Gr\u00fctter in qualit\u00e0 di CEO e VRP.<\/p>\n<figure id=\"attachment_23189\" aria-describedby=\"caption-attachment-23189\" style=\"width: 680px\" class=\"wp-caption alignnone\"><img loading=\"lazy\" decoding=\"async\" class=\"size-full wp-image-23189\" src=\"https:\/\/www.organisator.ch\/wp-content\/uploads\/2023\/11\/Bertschi-AG-gewinnt-den-Prix-SVC-Nordschweiz-2023-3_Organisator.jpg\" alt=\"\" width=\"680\" height=\"568\" srcset=\"https:\/\/www.organisator.ch\/wp-content\/uploads\/2023\/11\/Bertschi-AG-gewinnt-den-Prix-SVC-Nordschweiz-2023-3_Organisator.jpg 680w, https:\/\/www.organisator.ch\/wp-content\/uploads\/2023\/11\/Bertschi-AG-gewinnt-den-Prix-SVC-Nordschweiz-2023-3_Organisator-14x12.jpg 14w, https:\/\/www.organisator.ch\/wp-content\/uploads\/2023\/11\/Bertschi-AG-gewinnt-den-Prix-SVC-Nordschweiz-2023-3_Organisator-359x300.jpg 359w, https:\/\/www.organisator.ch\/wp-content\/uploads\/2023\/11\/Bertschi-AG-gewinnt-den-Prix-SVC-Nordschweiz-2023-3_Organisator-419x350.jpg 419w\" sizes=\"auto, (max-width: 680px) 100vw, 680px\" \/><figcaption id=\"caption-attachment-23189\" class=\"wp-caption-text\">Emozione prima della cerimonia di premiazione: Raphael Wyniger e Hans-J\u00f6rg Bertschi prima dell'annuncio della classifica finale da parte del presidente dell'USC Andreas Gerber (al centro). (Foto: Thomas Berner)<\/figcaption><\/figure>\n<h3><strong>I gradi del diploma vanno a Infors HT e Schelling AG<\/strong><\/h3>\n<p>Infors HT di Bottmingen, produttore di apparecchiature di laboratorio di fama mondiale, \u00e8 stato premiato con il diploma. Dagli agitatori per l'incubazione e i bioreattori al software per i bioprocessi. Infors HT offre prodotti innovativi e orientati alla pratica che soddisfano i requisiti dei laboratori moderni e favoriscono il progresso nella ricerca e nello sviluppo.<\/p>\n<p>\u00c8 stata premiata anche l'azienda tradizionale Schelling AG, con sede a Rupperswil, che sviluppa e produce sofisticate soluzioni di stampa, imballaggio ed esposizione a base di materie prime naturali per vari settori. Tra gli esempi, le bustine senza microplastica 100% e i sacchetti biodegradabili. L'azienda ha cinque siti produttivi in Svizzera e Germania.<\/p>\n<h3><strong>Incontro con la comunit\u00e0 imprenditoriale<\/strong><\/h3>\n<p>Dani von Wattenwyl ha condotto la cerimonia di premiazione presso il Centro Congressi di Basilea, mentre il nuovo arrivato ZIAN ha creato un'atmosfera da pelle d'oca con due dei suoi pi\u00f9 grandi successi musicali. L'evento ha offerto ai numerosi ospiti del mondo dell'economia, della scienza, della politica e dei media una panoramica dell'impressionante e variegata imprenditorialit\u00e0 della regione. Bernhard B. Fischer, Direttore regionale dell'USC per la Svizzera settentrionale, ha sottolineato: \"Questa serata \u00e8 stata un momento per celebrare e onorare i cinque finalisti che da anni, o addirittura da generazioni, lavorano duramente per la regione della Svizzera settentrionale e per il nostro modello di successo svizzero\".<\/p>\n<p><em>Ulteriori informazioni: <a href=\"https:\/\/svc.swiss\/de\">Swiss Venture Club SVC<\/a><\/em><\/p>","protected":false},"excerpt":{"rendered":"<p>Il vincitore del Prix SVC Northern Switzerland 2023 \u00e8 lo specialista di logistica chimica Bertschi AG di D\u00fcrren\u00e4sch (AG). In qualit\u00e0 di pioniere del trasporto merci combinato transalpino su rotaia, l'azienda familiare attiva a livello globale \u00e8 un pioniere in fatto di sostenibilit\u00e0 e sicurezza nel trasporto delle merci. Il secondo posto va al Gruppo Wyniger - Der Teufelhof Basel AG, con sede a Basilea Citt\u00e0, e il terzo posto va a St\u00f6cklin Logistik AG di Laufen. <\/p>","protected":false},"author":4,"featured_media":23187,"comment_status":"closed","ping_status":"closed","sticky":false,"template":"","format":"standard","meta":{"_acf_changed":false,"_yoast_wpseo_focuskw":"Bertschi AG","_yoast_wpseo_metadesc":"Gewinnerin des Prix SVC Nordschweiz 2023 ist die Spezialistin in Chemielogistik, die Bertschi AG aus D\u00fcrren\u00e4sch (AG).","articlekey":"","footnotes":""},"categories":[28],"tags":[66,3877,492],"class_list":["post-23186","post","type-post","status-publish","format-standard","has-post-thumbnail","hentry","category-management","tag-awards","tag-prix-svc-nordschweiz","tag-unternehmen"],"acf":[],"yoast_head":"<!-- This site is optimized with the Yoast SEO plugin v27.5 - https:\/\/yoast.com\/product\/yoast-seo-wordpress\/ -->\n<title>Bertschi AG gewinnt den Prix SVC Nordschweiz 2023 - Organisator<\/title>\n<meta name=\"description\" content=\"Gewinnerin des Prix SVC Nordschweiz 2023 ist die Spezialistin in Chemielogistik, die Bertschi AG aus D\u00fcrren\u00e4sch (AG).\" \/>\n<meta name=\"robots\" content=\"index, follow, max-snippet:-1, max-image-preview:large, max-video-preview:-1\" \/>\n<link rel=\"canonical\" href=\"https:\/\/www.organisator.ch\/it\/gestione-2\/2023-11-15\/bertschi-ag-gewinnt-den-prix-svc-nordschweiz-2023\/\" \/>\n<meta property=\"og:locale\" content=\"it_IT\" \/>\n<meta property=\"og:type\" content=\"article\" \/>\n<meta property=\"og:title\" content=\"Bertschi AG gewinnt den Prix SVC Nordschweiz 2023\" \/>\n<meta property=\"og:description\" content=\"Gewinnerin des Prix SVC Nordschweiz 2023 ist die Spezialistin in Chemielogistik, die Bertschi AG aus D\u00fcrren\u00e4sch (AG).\" \/>\n<meta property=\"og:url\" content=\"https:\/\/www.organisator.ch\/it\/gestione-2\/2023-11-15\/bertschi-ag-gewinnt-den-prix-svc-nordschweiz-2023\/\" \/>\n<meta property=\"og:site_name\" content=\"Organisator\" \/>\n<meta property=\"article:publisher\" content=\"https:\/\/www.facebook.com\/OrganisatorFachmagazin\" \/>\n<meta property=\"article:published_time\" content=\"2023-11-15T08:17:27+00:00\" \/>\n<meta property=\"article:modified_time\" content=\"2023-12-04T15:24:18+00:00\" \/>\n<meta property=\"og:image\" content=\"https:\/\/www.organisator.ch\/wp-content\/uploads\/2023\/11\/Bertschi-AG-gewinnt-den-Prix-SVC-Nordschweiz-2023-1_Organisator.jpg\" \/>\n\t<meta property=\"og:image:width\" content=\"680\" \/>\n\t<meta property=\"og:image:height\" content=\"559\" \/>\n\t<meta property=\"og:image:type\" content=\"image\/jpeg\" \/>\n<meta name=\"author\" content=\"thomas.berner\" \/>\n<meta name=\"twitter:card\" content=\"summary_large_image\" \/>\n<meta name=\"twitter:title\" content=\"#Bertschi AG gewinnt den Prix SVC #Nordschweiz 2023\" \/>\n<meta name=\"twitter:description\" content=\"Gewinnerin des Prix SVC #Nordschweiz 2023 ist die #Spezialistin in #Chemielogistik, die #Bertschi AG aus #D\u00fcrren\u00e4sch (AG).\" \/>\n<meta name=\"twitter:image\" content=\"https:\/\/www.organisator.ch\/wp-content\/uploads\/2023\/11\/Bertschi-AG-gewinnt-den-Prix-SVC-Nordschweiz-2023-1_Organisator.jpg\" \/>\n<script type=\"application\/ld+json\" class=\"yoast-schema-graph\">{\"@context\":\"https:\\\/\\\/schema.org\",\"@graph\":[{\"@type\":\"Article\",\"@id\":\"https:\\\/\\\/www.organisator.ch\\\/management\\\/2023-11-15\\\/bertschi-ag-gewinnt-den-prix-svc-nordschweiz-2023\\\/#article\",\"isPartOf\":{\"@id\":\"https:\\\/\\\/www.organisator.ch\\\/management\\\/2023-11-15\\\/bertschi-ag-gewinnt-den-prix-svc-nordschweiz-2023\\\/\"},\"author\":{\"name\":\"thomas.berner\",\"@id\":\"https:\\\/\\\/www.organisator.ch\\\/#\\\/schema\\\/person\\\/6f650f90b2842cd4c0cc334b4e36f67e\"},\"headline\":\"Bertschi AG gewinnt den Prix SVC Nordschweiz 2023\",\"datePublished\":\"2023-11-15T08:17:27+00:00\",\"dateModified\":\"2023-12-04T15:24:18+00:00\",\"mainEntityOfPage\":{\"@id\":\"https:\\\/\\\/www.organisator.ch\\\/management\\\/2023-11-15\\\/bertschi-ag-gewinnt-den-prix-svc-nordschweiz-2023\\\/\"},\"wordCount\":905,\"publisher\":{\"@id\":\"https:\\\/\\\/www.organisator.ch\\\/#organization\"},\"image\":{\"@id\":\"https:\\\/\\\/www.organisator.ch\\\/management\\\/2023-11-15\\\/bertschi-ag-gewinnt-den-prix-svc-nordschweiz-2023\\\/#primaryimage\"},\"thumbnailUrl\":\"https:\\\/\\\/www.organisator.ch\\\/wp-content\\\/uploads\\\/2023\\\/11\\\/Bertschi-AG-gewinnt-den-Prix-SVC-Nordschweiz-2023-1_Organisator.jpg\",\"keywords\":[\"Awards\",\"Prix SVC Nordschweiz\",\"Unternehmen\"],\"articleSection\":[\"MANAGEMENT\"],\"inLanguage\":\"it-IT\"},{\"@type\":\"WebPage\",\"@id\":\"https:\\\/\\\/www.organisator.ch\\\/management\\\/2023-11-15\\\/bertschi-ag-gewinnt-den-prix-svc-nordschweiz-2023\\\/\",\"url\":\"https:\\\/\\\/www.organisator.ch\\\/management\\\/2023-11-15\\\/bertschi-ag-gewinnt-den-prix-svc-nordschweiz-2023\\\/\",\"name\":\"Bertschi AG gewinnt den Prix SVC Nordschweiz 2023 - Organisator\",\"isPartOf\":{\"@id\":\"https:\\\/\\\/www.organisator.ch\\\/#website\"},\"primaryImageOfPage\":{\"@id\":\"https:\\\/\\\/www.organisator.ch\\\/management\\\/2023-11-15\\\/bertschi-ag-gewinnt-den-prix-svc-nordschweiz-2023\\\/#primaryimage\"},\"image\":{\"@id\":\"https:\\\/\\\/www.organisator.ch\\\/management\\\/2023-11-15\\\/bertschi-ag-gewinnt-den-prix-svc-nordschweiz-2023\\\/#primaryimage\"},\"thumbnailUrl\":\"https:\\\/\\\/www.organisator.ch\\\/wp-content\\\/uploads\\\/2023\\\/11\\\/Bertschi-AG-gewinnt-den-Prix-SVC-Nordschweiz-2023-1_Organisator.jpg\",\"datePublished\":\"2023-11-15T08:17:27+00:00\",\"dateModified\":\"2023-12-04T15:24:18+00:00\",\"description\":\"Gewinnerin des Prix SVC Nordschweiz 2023 ist die Spezialistin in Chemielogistik, die Bertschi AG aus D\u00fcrren\u00e4sch (AG).\",\"breadcrumb\":{\"@id\":\"https:\\\/\\\/www.organisator.ch\\\/management\\\/2023-11-15\\\/bertschi-ag-gewinnt-den-prix-svc-nordschweiz-2023\\\/#breadcrumb\"},\"inLanguage\":\"it-IT\",\"potentialAction\":[{\"@type\":\"ReadAction\",\"target\":[\"https:\\\/\\\/www.organisator.ch\\\/management\\\/2023-11-15\\\/bertschi-ag-gewinnt-den-prix-svc-nordschweiz-2023\\\/\"]}]},{\"@type\":\"ImageObject\",\"inLanguage\":\"it-IT\",\"@id\":\"https:\\\/\\\/www.organisator.ch\\\/management\\\/2023-11-15\\\/bertschi-ag-gewinnt-den-prix-svc-nordschweiz-2023\\\/#primaryimage\",\"url\":\"https:\\\/\\\/www.organisator.ch\\\/wp-content\\\/uploads\\\/2023\\\/11\\\/Bertschi-AG-gewinnt-den-Prix-SVC-Nordschweiz-2023-1_Organisator.jpg\",\"contentUrl\":\"https:\\\/\\\/www.organisator.ch\\\/wp-content\\\/uploads\\\/2023\\\/11\\\/Bertschi-AG-gewinnt-den-Prix-SVC-Nordschweiz-2023-1_Organisator.jpg\",\"width\":680,\"height\":559,\"caption\":\"Strahlender Sieger: Hans-J\u00f6rg Bertschi stemmt die Troph\u00e4e des Prix SVC Nordschweiz in die H\u00f6he. SVC-Pr\u00e4sident Andreas Gerber applaudiert. (Bild: Thomas Berner)\"},{\"@type\":\"BreadcrumbList\",\"@id\":\"https:\\\/\\\/www.organisator.ch\\\/management\\\/2023-11-15\\\/bertschi-ag-gewinnt-den-prix-svc-nordschweiz-2023\\\/#breadcrumb\",\"itemListElement\":[{\"@type\":\"ListItem\",\"position\":1,\"name\":\"Home\",\"item\":\"https:\\\/\\\/www.organisator.ch\\\/\"},{\"@type\":\"ListItem\",\"position\":2,\"name\":\"Bertschi AG gewinnt den Prix SVC Nordschweiz 2023\"}]},{\"@type\":\"WebSite\",\"@id\":\"https:\\\/\\\/www.organisator.ch\\\/#website\",\"url\":\"https:\\\/\\\/www.organisator.ch\\\/\",\"name\":\"Organisator\",\"description\":\"Kompetent. Praxisnah. Der ORGANISATOR bereitet in 10 Ausgaben pro Jahr die wesentlichen Themen f\u00fcr F\u00fchrungskr\u00e4fte von KMU auf.\",\"publisher\":{\"@id\":\"https:\\\/\\\/www.organisator.ch\\\/#organization\"},\"potentialAction\":[{\"@type\":\"SearchAction\",\"target\":{\"@type\":\"EntryPoint\",\"urlTemplate\":\"https:\\\/\\\/www.organisator.ch\\\/?s={search_term_string}\"},\"query-input\":{\"@type\":\"PropertyValueSpecification\",\"valueRequired\":true,\"valueName\":\"search_term_string\"}}],\"inLanguage\":\"it-IT\"},{\"@type\":\"Organization\",\"@id\":\"https:\\\/\\\/www.organisator.ch\\\/#organization\",\"name\":\"Organisator\",\"url\":\"https:\\\/\\\/www.organisator.ch\\\/\",\"logo\":{\"@type\":\"ImageObject\",\"inLanguage\":\"it-IT\",\"@id\":\"https:\\\/\\\/www.organisator.ch\\\/#\\\/schema\\\/logo\\\/image\\\/\",\"url\":\"https:\\\/\\\/www.organisator.ch\\\/wp-content\\\/uploads\\\/2022\\\/01\\\/Logo_Organisator_Website.png\",\"contentUrl\":\"https:\\\/\\\/www.organisator.ch\\\/wp-content\\\/uploads\\\/2022\\\/01\\\/Logo_Organisator_Website.png\",\"width\":800,\"height\":77,\"caption\":\"Organisator\"},\"image\":{\"@id\":\"https:\\\/\\\/www.organisator.ch\\\/#\\\/schema\\\/logo\\\/image\\\/\"},\"sameAs\":[\"https:\\\/\\\/www.facebook.com\\\/OrganisatorFachmagazin\",\"https:\\\/\\\/www.linkedin.com\\\/showcase\\\/organisator-das-magazin-fr-kmu\",\"https:\\\/\\\/www.xing.com\\\/news\\\/pages\\\/organisator-ch-695\",\"https:\\\/\\\/www.youtube.com\\\/channel\\\/UCGP2Sq0iWaZwT3BdIAQFYpw\"]},{\"@type\":\"Person\",\"@id\":\"https:\\\/\\\/www.organisator.ch\\\/#\\\/schema\\\/person\\\/6f650f90b2842cd4c0cc334b4e36f67e\",\"name\":\"thomas.berner\",\"image\":{\"@type\":\"ImageObject\",\"inLanguage\":\"it-IT\",\"@id\":\"https:\\\/\\\/secure.gravatar.com\\\/avatar\\\/ac5001d2a36cb6c6cd3e50789007ffca834b477b74a2144564522e944eabff61?s=96&d=mm&r=g\",\"url\":\"https:\\\/\\\/secure.gravatar.com\\\/avatar\\\/ac5001d2a36cb6c6cd3e50789007ffca834b477b74a2144564522e944eabff61?s=96&d=mm&r=g\",\"contentUrl\":\"https:\\\/\\\/secure.gravatar.com\\\/avatar\\\/ac5001d2a36cb6c6cd3e50789007ffca834b477b74a2144564522e944eabff61?s=96&d=mm&r=g\",\"caption\":\"thomas.berner\"},\"url\":\"https:\\\/\\\/www.organisator.ch\\\/it\\\/author\\\/thomas-berner\\\/\"}]}<\/script>\n<!-- \/ Yoast SEO plugin. -->","yoast_head_json":{"title":"Bertschi AG vince il Premio SVC Svizzera settentrionale 2023 - Organizzatore","description":"Il vincitore del Prix SVC Nordschweiz 2023 \u00e8 lo specialista di logistica chimica Bertschi AG di D\u00fcrren\u00e4sch (AG).","robots":{"index":"index","follow":"follow","max-snippet":"max-snippet:-1","max-image-preview":"max-image-preview:large","max-video-preview":"max-video-preview:-1"},"canonical":"https:\/\/www.organisator.ch\/it\/gestione-2\/2023-11-15\/bertschi-ag-gewinnt-den-prix-svc-nordschweiz-2023\/","og_locale":"it_IT","og_type":"article","og_title":"Bertschi AG gewinnt den Prix SVC Nordschweiz 2023","og_description":"Gewinnerin des Prix SVC Nordschweiz 2023 ist die Spezialistin in Chemielogistik, die Bertschi AG aus D\u00fcrren\u00e4sch (AG).","og_url":"https:\/\/www.organisator.ch\/it\/gestione-2\/2023-11-15\/bertschi-ag-gewinnt-den-prix-svc-nordschweiz-2023\/","og_site_name":"Organisator","article_publisher":"https:\/\/www.facebook.com\/OrganisatorFachmagazin","article_published_time":"2023-11-15T08:17:27+00:00","article_modified_time":"2023-12-04T15:24:18+00:00","og_image":[{"width":680,"height":559,"url":"https:\/\/www.organisator.ch\/wp-content\/uploads\/2023\/11\/Bertschi-AG-gewinnt-den-Prix-SVC-Nordschweiz-2023-1_Organisator.jpg","type":"image\/jpeg"}],"author":"thomas.berner","twitter_card":"summary_large_image","twitter_title":"#Bertschi AG gewinnt den Prix SVC #Nordschweiz 2023","twitter_description":"Gewinnerin des Prix SVC #Nordschweiz 2023 ist die #Spezialistin in #Chemielogistik, die #Bertschi AG aus #D\u00fcrren\u00e4sch (AG).","twitter_image":"https:\/\/www.organisator.ch\/wp-content\/uploads\/2023\/11\/Bertschi-AG-gewinnt-den-Prix-SVC-Nordschweiz-2023-1_Organisator.jpg","schema":{"@context":"https:\/\/schema.org","@graph":[{"@type":"Article","@id":"https:\/\/www.organisator.ch\/management\/2023-11-15\/bertschi-ag-gewinnt-den-prix-svc-nordschweiz-2023\/#article","isPartOf":{"@id":"https:\/\/www.organisator.ch\/management\/2023-11-15\/bertschi-ag-gewinnt-den-prix-svc-nordschweiz-2023\/"},"author":{"name":"thomas.berner","@id":"https:\/\/www.organisator.ch\/#\/schema\/person\/6f650f90b2842cd4c0cc334b4e36f67e"},"headline":"Bertschi AG gewinnt den Prix SVC Nordschweiz 2023","datePublished":"2023-11-15T08:17:27+00:00","dateModified":"2023-12-04T15:24:18+00:00","mainEntityOfPage":{"@id":"https:\/\/www.organisator.ch\/management\/2023-11-15\/bertschi-ag-gewinnt-den-prix-svc-nordschweiz-2023\/"},"wordCount":905,"publisher":{"@id":"https:\/\/www.organisator.ch\/#organization"},"image":{"@id":"https:\/\/www.organisator.ch\/management\/2023-11-15\/bertschi-ag-gewinnt-den-prix-svc-nordschweiz-2023\/#primaryimage"},"thumbnailUrl":"https:\/\/www.organisator.ch\/wp-content\/uploads\/2023\/11\/Bertschi-AG-gewinnt-den-Prix-SVC-Nordschweiz-2023-1_Organisator.jpg","keywords":["Awards","Prix SVC Nordschweiz","Unternehmen"],"articleSection":["MANAGEMENT"],"inLanguage":"it-IT"},{"@type":"WebPage","@id":"https:\/\/www.organisator.ch\/management\/2023-11-15\/bertschi-ag-gewinnt-den-prix-svc-nordschweiz-2023\/","url":"https:\/\/www.organisator.ch\/management\/2023-11-15\/bertschi-ag-gewinnt-den-prix-svc-nordschweiz-2023\/","name":"Bertschi AG vince il Premio SVC Svizzera settentrionale 2023 - Organizzatore","isPartOf":{"@id":"https:\/\/www.organisator.ch\/#website"},"primaryImageOfPage":{"@id":"https:\/\/www.organisator.ch\/management\/2023-11-15\/bertschi-ag-gewinnt-den-prix-svc-nordschweiz-2023\/#primaryimage"},"image":{"@id":"https:\/\/www.organisator.ch\/management\/2023-11-15\/bertschi-ag-gewinnt-den-prix-svc-nordschweiz-2023\/#primaryimage"},"thumbnailUrl":"https:\/\/www.organisator.ch\/wp-content\/uploads\/2023\/11\/Bertschi-AG-gewinnt-den-Prix-SVC-Nordschweiz-2023-1_Organisator.jpg","datePublished":"2023-11-15T08:17:27+00:00","dateModified":"2023-12-04T15:24:18+00:00","description":"Il vincitore del Prix SVC Nordschweiz 2023 \u00e8 lo specialista di logistica chimica Bertschi AG di D\u00fcrren\u00e4sch (AG).","breadcrumb":{"@id":"https:\/\/www.organisator.ch\/management\/2023-11-15\/bertschi-ag-gewinnt-den-prix-svc-nordschweiz-2023\/#breadcrumb"},"inLanguage":"it-IT","potentialAction":[{"@type":"ReadAction","target":["https:\/\/www.organisator.ch\/management\/2023-11-15\/bertschi-ag-gewinnt-den-prix-svc-nordschweiz-2023\/"]}]},{"@type":"ImageObject","inLanguage":"it-IT","@id":"https:\/\/www.organisator.ch\/management\/2023-11-15\/bertschi-ag-gewinnt-den-prix-svc-nordschweiz-2023\/#primaryimage","url":"https:\/\/www.organisator.ch\/wp-content\/uploads\/2023\/11\/Bertschi-AG-gewinnt-den-Prix-SVC-Nordschweiz-2023-1_Organisator.jpg","contentUrl":"https:\/\/www.organisator.ch\/wp-content\/uploads\/2023\/11\/Bertschi-AG-gewinnt-den-Prix-SVC-Nordschweiz-2023-1_Organisator.jpg","width":680,"height":559,"caption":"Strahlender Sieger: Hans-J\u00f6rg Bertschi stemmt die Troph\u00e4e des Prix SVC Nordschweiz in die H\u00f6he. SVC-Pr\u00e4sident Andreas Gerber applaudiert. (Bild: Thomas Berner)"},{"@type":"BreadcrumbList","@id":"https:\/\/www.organisator.ch\/management\/2023-11-15\/bertschi-ag-gewinnt-den-prix-svc-nordschweiz-2023\/#breadcrumb","itemListElement":[{"@type":"ListItem","position":1,"name":"Home","item":"https:\/\/www.organisator.ch\/"},{"@type":"ListItem","position":2,"name":"Bertschi AG gewinnt den Prix SVC Nordschweiz 2023"}]},{"@type":"WebSite","@id":"https:\/\/www.organisator.ch\/#website","url":"https:\/\/www.organisator.ch\/","name":"Organizzatore","description":"Competente. Pratico. In 10 numeri all'anno, ORGANISATOR presenta i temi essenziali per i manager delle PMI.","publisher":{"@id":"https:\/\/www.organisator.ch\/#organization"},"potentialAction":[{"@type":"SearchAction","target":{"@type":"EntryPoint","urlTemplate":"https:\/\/www.organisator.ch\/?s={search_term_string}"},"query-input":{"@type":"PropertyValueSpecification","valueRequired":true,"valueName":"search_term_string"}}],"inLanguage":"it-IT"},{"@type":"Organization","@id":"https:\/\/www.organisator.ch\/#organization","name":"Organizzatore","url":"https:\/\/www.organisator.ch\/","logo":{"@type":"ImageObject","inLanguage":"it-IT","@id":"https:\/\/www.organisator.ch\/#\/schema\/logo\/image\/","url":"https:\/\/www.organisator.ch\/wp-content\/uploads\/2022\/01\/Logo_Organisator_Website.png","contentUrl":"https:\/\/www.organisator.ch\/wp-content\/uploads\/2022\/01\/Logo_Organisator_Website.png","width":800,"height":77,"caption":"Organisator"},"image":{"@id":"https:\/\/www.organisator.ch\/#\/schema\/logo\/image\/"},"sameAs":["https:\/\/www.facebook.com\/OrganisatorFachmagazin","https:\/\/www.linkedin.com\/showcase\/organisator-das-magazin-fr-kmu","https:\/\/www.xing.com\/news\/pages\/organisator-ch-695","https:\/\/www.youtube.com\/channel\/UCGP2Sq0iWaZwT3BdIAQFYpw"]},{"@type":"Person","@id":"https:\/\/www.organisator.ch\/#\/schema\/person\/6f650f90b2842cd4c0cc334b4e36f67e","name":"Tommaso.berner","image":{"@type":"ImageObject","inLanguage":"it-IT","@id":"https:\/\/secure.gravatar.com\/avatar\/ac5001d2a36cb6c6cd3e50789007ffca834b477b74a2144564522e944eabff61?s=96&d=mm&r=g","url":"https:\/\/secure.gravatar.com\/avatar\/ac5001d2a36cb6c6cd3e50789007ffca834b477b74a2144564522e944eabff61?s=96&d=mm&r=g","contentUrl":"https:\/\/secure.gravatar.com\/avatar\/ac5001d2a36cb6c6cd3e50789007ffca834b477b74a2144564522e944eabff61?s=96&d=mm&r=g","caption":"thomas.berner"},"url":"https:\/\/www.organisator.ch\/it\/author\/thomas-berner\/"}]}},"_links":{"self":[{"href":"https:\/\/www.organisator.ch\/it\/wp-json\/wp\/v2\/posts\/23186","targetHints":{"allow":["GET"]}}],"collection":[{"href":"https:\/\/www.organisator.ch\/it\/wp-json\/wp\/v2\/posts"}],"about":[{"href":"https:\/\/www.organisator.ch\/it\/wp-json\/wp\/v2\/types\/post"}],"author":[{"embeddable":true,"href":"https:\/\/www.organisator.ch\/it\/wp-json\/wp\/v2\/users\/4"}],"replies":[{"embeddable":true,"href":"https:\/\/www.organisator.ch\/it\/wp-json\/wp\/v2\/comments?post=23186"}],"version-history":[{"count":1,"href":"https:\/\/www.organisator.ch\/it\/wp-json\/wp\/v2\/posts\/23186\/revisions"}],"predecessor-version":[{"id":23190,"href":"https:\/\/www.organisator.ch\/it\/wp-json\/wp\/v2\/posts\/23186\/revisions\/23190"}],"wp:featuredmedia":[{"embeddable":true,"href":"https:\/\/www.organisator.ch\/it\/wp-json\/wp\/v2\/media\/23187"}],"wp:attachment":[{"href":"https:\/\/www.organisator.ch\/it\/wp-json\/wp\/v2\/media?parent=23186"}],"wp:term":[{"taxonomy":"category","embeddable":true,"href":"https:\/\/www.organisator.ch\/it\/wp-json\/wp\/v2\/categories?post=23186"},{"taxonomy":"post_tag","embeddable":true,"href":"https:\/\/www.organisator.ch\/it\/wp-json\/wp\/v2\/tags?post=23186"}],"curies":[{"name":"wp","href":"https:\/\/api.w.org\/{rel}","templated":true}]}}