{"id":23200,"date":"2023-11-16T10:15:29","date_gmt":"2023-11-16T09:15:29","guid":{"rendered":"https:\/\/www.organisator.ch\/?p=23200"},"modified":"2023-11-15T14:22:42","modified_gmt":"2023-11-15T13:22:42","slug":"pestalozzi-stiftepriis-2023-geht-an-70-lehrabsolventinnen","status":"publish","type":"post","link":"https:\/\/www.organisator.ch\/it\/weiterbildung\/2023-11-16\/pestalozzi-stiftepriis-2023-geht-an-70-lehrabsolventinnen\/","title":{"rendered":"Il Pestalozzi Stepriis 2023 va a 70 laureati in apprendistato"},"content":{"rendered":"<figure id=\"attachment_23205\" aria-describedby=\"caption-attachment-23205\" style=\"width: 680px\" class=\"wp-caption alignnone\"><img loading=\"lazy\" decoding=\"async\" class=\"size-full wp-image-23205\" src=\"https:\/\/www.organisator.ch\/wp-content\/uploads\/2023\/11\/Pestalozzi_Bild1_ps.jpg\" alt=\"\" width=\"680\" height=\"456\" srcset=\"https:\/\/www.organisator.ch\/wp-content\/uploads\/2023\/11\/Pestalozzi_Bild1_ps.jpg 680w, https:\/\/www.organisator.ch\/wp-content\/uploads\/2023\/11\/Pestalozzi_Bild1_ps-18x12.jpg 18w, https:\/\/www.organisator.ch\/wp-content\/uploads\/2023\/11\/Pestalozzi_Bild1_ps-375x251.jpg 375w, https:\/\/www.organisator.ch\/wp-content\/uploads\/2023\/11\/Pestalozzi_Bild1_ps-522x350.jpg 522w\" sizes=\"auto, (max-width: 680px) 100vw, 680px\" \/><figcaption id=\"caption-attachment-23205\" class=\"wp-caption-text\">70 laureati in apprendistato hanno ricevuto il Pestalozzi Stifis 2023 per aver completato con successo la loro formazione presso lo JED Events venerd\u00ec 10 novembre. (Immagine: www.pestalozzi.com)<\/figcaption><\/figure>\n<p>Il JED Events di Schlieren, un ex centro stampa, \u00e8 stato il luogo perfetto per la cerimonia di premiazione dei Pestalozzi Stepriis lo scorso venerd\u00ec: i 70 migliori apprendisti diplomati nei settori della tecnica edilizia, della costruzione e lavorazione dei metalli e dell'involucro edilizio sono stati festeggiati a dovere nell'imponente sala eventi. Oltre alla consegna personale del premio da parte di Matthias Pestalozzi, proprietario e delegato del Consiglio di Amministrazione del Gruppo Pestalozzi, i partecipanti hanno potuto godere del divertente spettacolo e delle capacit\u00e0 di presentazione del duo comico Lapsus e di un'elegante cena.\u00a0<\/p>\n<h3><strong>I vincitori<\/strong><\/h3>\n<p>Tra i vincitori con le migliori qualifiche figurano i polimeccanici Marcel Dietrich di Rebstein SG e Thomas Mohr di Wetzikon ZH, che hanno entrambi conseguito un voto finale di 5,9. Marcel ha svolto il suo apprendistato presso la Noventa Tooling AG di Widnau SG, mentre Thomas ha completato la sua formazione presso il Centro di formazione di Winterthur (AWZ). Anche gli altri laureati in apprendistato hanno ottenuto una media complessiva di voti pari o superiore a 5,1.<\/p>\n<p>Con il Pestalozzi Stifis, l'azienda vuole onorare i migliori della sua classe di laureati e sostenere e rafforzare i settori interessati e la formazione professionale. \"Premiamo le buone qualifiche di apprendistato nei settori dei nostri clienti, e questo \u00e8 il nostro modo di sostenerli nella promozione dei giovani talenti. Allo stesso tempo, motiviamo i giovani a seguire questi apprendistati\", afferma Matthias Pestalozzi.<\/p>\n<p>Anche i formatori professionali vedono gli Stiftepriis come un incentivo alla motivazione: \"Questo premio \u00e8 un gesto molto bello e apprezzabile nei confronti degli apprendisti per i loro risultati. Sono convinta che possa essere motivante e una volta ho potuto ricevere io stessa questo premio, che ricordo con affetto\", afferma Hansmartin Schmid, direttore di stabilimento della B\u00fchler AG di Appenzello.<\/p>\n<h3><strong>Promuovere i giovani talenti al nostro interno<\/strong><\/h3>\n<p>Lo stesso Gruppo Pestalozzi forma ogni anno pi\u00f9 di 20 apprendisti. Ci\u00f2 consente ai giovani e, in alcuni casi, ai giovani adulti di entrare nel mercato del lavoro. Con il suo impegno, inoltre, si assicura la prossima generazione di dipendenti nella propria azienda e nei propri settori.\u00a0<\/p>\n<p><em>Fonte: <a href=\"https:\/\/www.pestalozzi.com\/de\/\">www.pestalozzi.com\u00a0<\/a><\/em><\/p>","protected":false},"excerpt":{"rendered":"<p>70 laureati svizzero-tedeschi che hanno seguito un apprendistato nei settori dell'edilizia, della costruzione e lavorazione dei metalli e dell'involucro edilizio sono lieti di ricevere il Pestalozzi Stiftepriis 2023. Il Gruppo Pestalozzi e la sua affiliata Gabs AG hanno consegnato il tradizionale premio svizzero per giovani talenti per la 41a volta a Schlieren ZH venerd\u00ec 10 novembre.<\/p>","protected":false},"author":58,"featured_media":23205,"comment_status":"closed","ping_status":"closed","sticky":false,"template":"","format":"standard","meta":{"_acf_changed":false,"_yoast_wpseo_focuskw":"Stiftepriis","_yoast_wpseo_metadesc":"70 Deutschschweizer Absolvent:innen von Lehrberufen der Bereiche Haustechnik, Metallbau und -verarbeitung sowie Geb\u00e4udeh\u00fclle freuen sich \u00fcber den Pestalozzi Stiftepriis 2023.","articlekey":"","footnotes":""},"categories":[30],"tags":[62,1946,424,502],"class_list":["post-23200","post","type-post","status-publish","format-standard","has-post-thumbnail","hentry","category-weiterbildung","tag-aus-weiterbildung","tag-preisverleihung","tag-schweiz","tag-veranstaltungen"],"acf":[],"yoast_head":"<!-- This site is optimized with the Yoast SEO plugin v27.5 - https:\/\/yoast.com\/product\/yoast-seo-wordpress\/ -->\n<title>Pestalozzi Stiftepriis 2023 geht an 70 Lehrabsolvent:innen - Organisator<\/title>\n<meta name=\"description\" content=\"70 Deutschschweizer Absolvent:innen von Lehrberufen der Bereiche Haustechnik, Metallbau und -verarbeitung sowie Geb\u00e4udeh\u00fclle freuen sich \u00fcber den Pestalozzi Stiftepriis 2023.\" \/>\n<meta name=\"robots\" content=\"index, follow, max-snippet:-1, max-image-preview:large, max-video-preview:-1\" \/>\n<link rel=\"canonical\" href=\"https:\/\/www.organisator.ch\/it\/formazione-continua\/2023-11-16\/pestalozzi-stiftepriis-2023-geht-an-70-lehrabsolventinnen\/\" \/>\n<meta property=\"og:locale\" content=\"it_IT\" \/>\n<meta property=\"og:type\" content=\"article\" \/>\n<meta property=\"og:title\" content=\"Pestalozzi Stiftepriis 2023 geht an 70 Lehrabsolvent:innen\" \/>\n<meta property=\"og:description\" content=\"70 Deutschschweizer Absolvent:innen von Lehrberufen der Bereiche Haustechnik, Metallbau und -verarbeitung sowie Geb\u00e4udeh\u00fclle freuen sich \u00fcber den Pestalozzi Stiftepriis 2023.\" \/>\n<meta property=\"og:url\" content=\"https:\/\/www.organisator.ch\/it\/formazione-continua\/2023-11-16\/pestalozzi-stiftepriis-2023-geht-an-70-lehrabsolventinnen\/\" \/>\n<meta property=\"og:site_name\" content=\"Organisator\" \/>\n<meta property=\"article:publisher\" content=\"https:\/\/www.facebook.com\/OrganisatorFachmagazin\" \/>\n<meta property=\"article:published_time\" content=\"2023-11-16T09:15:29+00:00\" \/>\n<meta property=\"og:image\" content=\"https:\/\/www.organisator.ch\/wp-content\/uploads\/2023\/11\/Pestalozzi_Bild1_ps.jpg\" \/>\n\t<meta property=\"og:image:width\" content=\"680\" \/>\n\t<meta property=\"og:image:height\" content=\"456\" \/>\n\t<meta property=\"og:image:type\" content=\"image\/jpeg\" \/>\n<meta name=\"author\" content=\"Adelisa Kalajdzini\" \/>\n<meta name=\"twitter:card\" content=\"summary_large_image\" \/>\n<meta name=\"twitter:title\" content=\"Pestalozzi Stiftepriis 2023 geht an 70 Lehrabsolvent:innen\" \/>\n<meta name=\"twitter:description\" content=\"70 Deutschschweizer #Absolvent:innen von #Lehrberufen der Bereiche Haustechnik, Metallbau und -verarbeitung sowie Geb\u00e4udeh\u00fclle freuen sich \u00fcber den #Pestalozzi #Stiftepriis 2023.\" \/>\n<meta name=\"twitter:image\" content=\"https:\/\/www.organisator.ch\/wp-content\/uploads\/2023\/11\/Pestalozzi_Bild1_ps.jpg\" \/>\n<script type=\"application\/ld+json\" class=\"yoast-schema-graph\">{\"@context\":\"https:\\\/\\\/schema.org\",\"@graph\":[{\"@type\":\"Article\",\"@id\":\"https:\\\/\\\/www.organisator.ch\\\/weiterbildung\\\/2023-11-16\\\/pestalozzi-stiftepriis-2023-geht-an-70-lehrabsolventinnen\\\/#article\",\"isPartOf\":{\"@id\":\"https:\\\/\\\/www.organisator.ch\\\/weiterbildung\\\/2023-11-16\\\/pestalozzi-stiftepriis-2023-geht-an-70-lehrabsolventinnen\\\/\"},\"author\":{\"name\":\"Adelisa Kalajdzini\",\"@id\":\"https:\\\/\\\/www.organisator.ch\\\/#\\\/schema\\\/person\\\/2e1314a2172123f874db408d8911d3f3\"},\"headline\":\"Pestalozzi Stiftepriis 2023 geht an 70 Lehrabsolvent:innen\",\"datePublished\":\"2023-11-16T09:15:29+00:00\",\"mainEntityOfPage\":{\"@id\":\"https:\\\/\\\/www.organisator.ch\\\/weiterbildung\\\/2023-11-16\\\/pestalozzi-stiftepriis-2023-geht-an-70-lehrabsolventinnen\\\/\"},\"wordCount\":358,\"publisher\":{\"@id\":\"https:\\\/\\\/www.organisator.ch\\\/#organization\"},\"image\":{\"@id\":\"https:\\\/\\\/www.organisator.ch\\\/weiterbildung\\\/2023-11-16\\\/pestalozzi-stiftepriis-2023-geht-an-70-lehrabsolventinnen\\\/#primaryimage\"},\"thumbnailUrl\":\"https:\\\/\\\/www.organisator.ch\\\/wp-content\\\/uploads\\\/2023\\\/11\\\/Pestalozzi_Bild1_ps.jpg\",\"keywords\":[\"Aus-\\\/Weiterbildung\",\"Preisverleihung\",\"Schweiz\",\"Veranstaltungen\"],\"articleSection\":[\"WEITERBILDUNG\"],\"inLanguage\":\"it-IT\"},{\"@type\":\"WebPage\",\"@id\":\"https:\\\/\\\/www.organisator.ch\\\/weiterbildung\\\/2023-11-16\\\/pestalozzi-stiftepriis-2023-geht-an-70-lehrabsolventinnen\\\/\",\"url\":\"https:\\\/\\\/www.organisator.ch\\\/weiterbildung\\\/2023-11-16\\\/pestalozzi-stiftepriis-2023-geht-an-70-lehrabsolventinnen\\\/\",\"name\":\"Pestalozzi Stiftepriis 2023 geht an 70 Lehrabsolvent:innen - Organisator\",\"isPartOf\":{\"@id\":\"https:\\\/\\\/www.organisator.ch\\\/#website\"},\"primaryImageOfPage\":{\"@id\":\"https:\\\/\\\/www.organisator.ch\\\/weiterbildung\\\/2023-11-16\\\/pestalozzi-stiftepriis-2023-geht-an-70-lehrabsolventinnen\\\/#primaryimage\"},\"image\":{\"@id\":\"https:\\\/\\\/www.organisator.ch\\\/weiterbildung\\\/2023-11-16\\\/pestalozzi-stiftepriis-2023-geht-an-70-lehrabsolventinnen\\\/#primaryimage\"},\"thumbnailUrl\":\"https:\\\/\\\/www.organisator.ch\\\/wp-content\\\/uploads\\\/2023\\\/11\\\/Pestalozzi_Bild1_ps.jpg\",\"datePublished\":\"2023-11-16T09:15:29+00:00\",\"description\":\"70 Deutschschweizer Absolvent:innen von Lehrberufen der Bereiche Haustechnik, Metallbau und -verarbeitung sowie Geb\u00e4udeh\u00fclle freuen sich \u00fcber den Pestalozzi Stiftepriis 2023.\",\"breadcrumb\":{\"@id\":\"https:\\\/\\\/www.organisator.ch\\\/weiterbildung\\\/2023-11-16\\\/pestalozzi-stiftepriis-2023-geht-an-70-lehrabsolventinnen\\\/#breadcrumb\"},\"inLanguage\":\"it-IT\",\"potentialAction\":[{\"@type\":\"ReadAction\",\"target\":[\"https:\\\/\\\/www.organisator.ch\\\/weiterbildung\\\/2023-11-16\\\/pestalozzi-stiftepriis-2023-geht-an-70-lehrabsolventinnen\\\/\"]}]},{\"@type\":\"ImageObject\",\"inLanguage\":\"it-IT\",\"@id\":\"https:\\\/\\\/www.organisator.ch\\\/weiterbildung\\\/2023-11-16\\\/pestalozzi-stiftepriis-2023-geht-an-70-lehrabsolventinnen\\\/#primaryimage\",\"url\":\"https:\\\/\\\/www.organisator.ch\\\/wp-content\\\/uploads\\\/2023\\\/11\\\/Pestalozzi_Bild1_ps.jpg\",\"contentUrl\":\"https:\\\/\\\/www.organisator.ch\\\/wp-content\\\/uploads\\\/2023\\\/11\\\/Pestalozzi_Bild1_ps.jpg\",\"width\":680,\"height\":456,\"caption\":\"70 Lehrabsolvent:innen haben am Freitag, 10. November, in der JED Events den Pestalozzi Stiftepriis 2023 f\u00fcr ihre erfolgreich abgeschlossene Ausbildung entgegengenommen. (Bild: www.pestalozzi.com)\"},{\"@type\":\"BreadcrumbList\",\"@id\":\"https:\\\/\\\/www.organisator.ch\\\/weiterbildung\\\/2023-11-16\\\/pestalozzi-stiftepriis-2023-geht-an-70-lehrabsolventinnen\\\/#breadcrumb\",\"itemListElement\":[{\"@type\":\"ListItem\",\"position\":1,\"name\":\"Home\",\"item\":\"https:\\\/\\\/www.organisator.ch\\\/\"},{\"@type\":\"ListItem\",\"position\":2,\"name\":\"Pestalozzi Stiftepriis 2023 geht an 70 Lehrabsolvent:innen\"}]},{\"@type\":\"WebSite\",\"@id\":\"https:\\\/\\\/www.organisator.ch\\\/#website\",\"url\":\"https:\\\/\\\/www.organisator.ch\\\/\",\"name\":\"Organisator\",\"description\":\"Kompetent. Praxisnah. Der ORGANISATOR bereitet in 10 Ausgaben pro Jahr die wesentlichen Themen f\u00fcr F\u00fchrungskr\u00e4fte von KMU auf.\",\"publisher\":{\"@id\":\"https:\\\/\\\/www.organisator.ch\\\/#organization\"},\"potentialAction\":[{\"@type\":\"SearchAction\",\"target\":{\"@type\":\"EntryPoint\",\"urlTemplate\":\"https:\\\/\\\/www.organisator.ch\\\/?s={search_term_string}\"},\"query-input\":{\"@type\":\"PropertyValueSpecification\",\"valueRequired\":true,\"valueName\":\"search_term_string\"}}],\"inLanguage\":\"it-IT\"},{\"@type\":\"Organization\",\"@id\":\"https:\\\/\\\/www.organisator.ch\\\/#organization\",\"name\":\"Organisator\",\"url\":\"https:\\\/\\\/www.organisator.ch\\\/\",\"logo\":{\"@type\":\"ImageObject\",\"inLanguage\":\"it-IT\",\"@id\":\"https:\\\/\\\/www.organisator.ch\\\/#\\\/schema\\\/logo\\\/image\\\/\",\"url\":\"https:\\\/\\\/www.organisator.ch\\\/wp-content\\\/uploads\\\/2022\\\/01\\\/Logo_Organisator_Website.png\",\"contentUrl\":\"https:\\\/\\\/www.organisator.ch\\\/wp-content\\\/uploads\\\/2022\\\/01\\\/Logo_Organisator_Website.png\",\"width\":800,\"height\":77,\"caption\":\"Organisator\"},\"image\":{\"@id\":\"https:\\\/\\\/www.organisator.ch\\\/#\\\/schema\\\/logo\\\/image\\\/\"},\"sameAs\":[\"https:\\\/\\\/www.facebook.com\\\/OrganisatorFachmagazin\",\"https:\\\/\\\/www.linkedin.com\\\/showcase\\\/organisator-das-magazin-fr-kmu\",\"https:\\\/\\\/www.xing.com\\\/news\\\/pages\\\/organisator-ch-695\",\"https:\\\/\\\/www.youtube.com\\\/channel\\\/UCGP2Sq0iWaZwT3BdIAQFYpw\"]},{\"@type\":\"Person\",\"@id\":\"https:\\\/\\\/www.organisator.ch\\\/#\\\/schema\\\/person\\\/2e1314a2172123f874db408d8911d3f3\",\"name\":\"Adelisa Kalajdzini\",\"image\":{\"@type\":\"ImageObject\",\"inLanguage\":\"it-IT\",\"@id\":\"https:\\\/\\\/secure.gravatar.com\\\/avatar\\\/09a397c22ac58cad6f160ee8306348599df9df58a8ede73696226897b9fa4b24?s=96&d=mm&r=g\",\"url\":\"https:\\\/\\\/secure.gravatar.com\\\/avatar\\\/09a397c22ac58cad6f160ee8306348599df9df58a8ede73696226897b9fa4b24?s=96&d=mm&r=g\",\"contentUrl\":\"https:\\\/\\\/secure.gravatar.com\\\/avatar\\\/09a397c22ac58cad6f160ee8306348599df9df58a8ede73696226897b9fa4b24?s=96&d=mm&r=g\",\"caption\":\"Adelisa Kalajdzini\"},\"url\":\"https:\\\/\\\/www.organisator.ch\\\/it\\\/author\\\/adelisa-kalajdzini\\\/\"}]}<\/script>\n<!-- \/ Yoast SEO plugin. -->","yoast_head_json":{"title":"Pestalozzi Stepriis 2023 va a 70 laureati in apprendistato - Organizzatore","description":"70 laureati svizzero-tedeschi in apprendistato nei settori dei servizi per l'edilizia, della costruzione e lavorazione dei metalli e degli involucri edilizi sono lieti di ricevere il Pestalozzi Stiftepriis 2023.","robots":{"index":"index","follow":"follow","max-snippet":"max-snippet:-1","max-image-preview":"max-image-preview:large","max-video-preview":"max-video-preview:-1"},"canonical":"https:\/\/www.organisator.ch\/it\/formazione-continua\/2023-11-16\/pestalozzi-stiftepriis-2023-geht-an-70-lehrabsolventinnen\/","og_locale":"it_IT","og_type":"article","og_title":"Pestalozzi Stiftepriis 2023 geht an 70 Lehrabsolvent:innen","og_description":"70 Deutschschweizer Absolvent:innen von Lehrberufen der Bereiche Haustechnik, Metallbau und -verarbeitung sowie Geb\u00e4udeh\u00fclle freuen sich \u00fcber den Pestalozzi Stiftepriis 2023.","og_url":"https:\/\/www.organisator.ch\/it\/formazione-continua\/2023-11-16\/pestalozzi-stiftepriis-2023-geht-an-70-lehrabsolventinnen\/","og_site_name":"Organisator","article_publisher":"https:\/\/www.facebook.com\/OrganisatorFachmagazin","article_published_time":"2023-11-16T09:15:29+00:00","og_image":[{"width":680,"height":456,"url":"https:\/\/www.organisator.ch\/wp-content\/uploads\/2023\/11\/Pestalozzi_Bild1_ps.jpg","type":"image\/jpeg"}],"author":"Adelisa Kalajdzini","twitter_card":"summary_large_image","twitter_title":"Pestalozzi Stiftepriis 2023 geht an 70 Lehrabsolvent:innen","twitter_description":"70 Deutschschweizer #Absolvent:innen von #Lehrberufen der Bereiche Haustechnik, Metallbau und -verarbeitung sowie Geb\u00e4udeh\u00fclle freuen sich \u00fcber den #Pestalozzi #Stiftepriis 2023.","twitter_image":"https:\/\/www.organisator.ch\/wp-content\/uploads\/2023\/11\/Pestalozzi_Bild1_ps.jpg","schema":{"@context":"https:\/\/schema.org","@graph":[{"@type":"Article","@id":"https:\/\/www.organisator.ch\/weiterbildung\/2023-11-16\/pestalozzi-stiftepriis-2023-geht-an-70-lehrabsolventinnen\/#article","isPartOf":{"@id":"https:\/\/www.organisator.ch\/weiterbildung\/2023-11-16\/pestalozzi-stiftepriis-2023-geht-an-70-lehrabsolventinnen\/"},"author":{"name":"Adelisa Kalajdzini","@id":"https:\/\/www.organisator.ch\/#\/schema\/person\/2e1314a2172123f874db408d8911d3f3"},"headline":"Pestalozzi Stiftepriis 2023 geht an 70 Lehrabsolvent:innen","datePublished":"2023-11-16T09:15:29+00:00","mainEntityOfPage":{"@id":"https:\/\/www.organisator.ch\/weiterbildung\/2023-11-16\/pestalozzi-stiftepriis-2023-geht-an-70-lehrabsolventinnen\/"},"wordCount":358,"publisher":{"@id":"https:\/\/www.organisator.ch\/#organization"},"image":{"@id":"https:\/\/www.organisator.ch\/weiterbildung\/2023-11-16\/pestalozzi-stiftepriis-2023-geht-an-70-lehrabsolventinnen\/#primaryimage"},"thumbnailUrl":"https:\/\/www.organisator.ch\/wp-content\/uploads\/2023\/11\/Pestalozzi_Bild1_ps.jpg","keywords":["Aus-\/Weiterbildung","Preisverleihung","Schweiz","Veranstaltungen"],"articleSection":["WEITERBILDUNG"],"inLanguage":"it-IT"},{"@type":"WebPage","@id":"https:\/\/www.organisator.ch\/weiterbildung\/2023-11-16\/pestalozzi-stiftepriis-2023-geht-an-70-lehrabsolventinnen\/","url":"https:\/\/www.organisator.ch\/weiterbildung\/2023-11-16\/pestalozzi-stiftepriis-2023-geht-an-70-lehrabsolventinnen\/","name":"Pestalozzi Stepriis 2023 va a 70 laureati in apprendistato - Organizzatore","isPartOf":{"@id":"https:\/\/www.organisator.ch\/#website"},"primaryImageOfPage":{"@id":"https:\/\/www.organisator.ch\/weiterbildung\/2023-11-16\/pestalozzi-stiftepriis-2023-geht-an-70-lehrabsolventinnen\/#primaryimage"},"image":{"@id":"https:\/\/www.organisator.ch\/weiterbildung\/2023-11-16\/pestalozzi-stiftepriis-2023-geht-an-70-lehrabsolventinnen\/#primaryimage"},"thumbnailUrl":"https:\/\/www.organisator.ch\/wp-content\/uploads\/2023\/11\/Pestalozzi_Bild1_ps.jpg","datePublished":"2023-11-16T09:15:29+00:00","description":"70 laureati svizzero-tedeschi in apprendistato nei settori dei servizi per l'edilizia, della costruzione e lavorazione dei metalli e degli involucri edilizi sono lieti di ricevere il Pestalozzi Stiftepriis 2023.","breadcrumb":{"@id":"https:\/\/www.organisator.ch\/weiterbildung\/2023-11-16\/pestalozzi-stiftepriis-2023-geht-an-70-lehrabsolventinnen\/#breadcrumb"},"inLanguage":"it-IT","potentialAction":[{"@type":"ReadAction","target":["https:\/\/www.organisator.ch\/weiterbildung\/2023-11-16\/pestalozzi-stiftepriis-2023-geht-an-70-lehrabsolventinnen\/"]}]},{"@type":"ImageObject","inLanguage":"it-IT","@id":"https:\/\/www.organisator.ch\/weiterbildung\/2023-11-16\/pestalozzi-stiftepriis-2023-geht-an-70-lehrabsolventinnen\/#primaryimage","url":"https:\/\/www.organisator.ch\/wp-content\/uploads\/2023\/11\/Pestalozzi_Bild1_ps.jpg","contentUrl":"https:\/\/www.organisator.ch\/wp-content\/uploads\/2023\/11\/Pestalozzi_Bild1_ps.jpg","width":680,"height":456,"caption":"70 Lehrabsolvent:innen haben am Freitag, 10. November, in der JED Events den Pestalozzi Stiftepriis 2023 f\u00fcr ihre erfolgreich abgeschlossene Ausbildung entgegengenommen. (Bild: www.pestalozzi.com)"},{"@type":"BreadcrumbList","@id":"https:\/\/www.organisator.ch\/weiterbildung\/2023-11-16\/pestalozzi-stiftepriis-2023-geht-an-70-lehrabsolventinnen\/#breadcrumb","itemListElement":[{"@type":"ListItem","position":1,"name":"Home","item":"https:\/\/www.organisator.ch\/"},{"@type":"ListItem","position":2,"name":"Pestalozzi Stiftepriis 2023 geht an 70 Lehrabsolvent:innen"}]},{"@type":"WebSite","@id":"https:\/\/www.organisator.ch\/#website","url":"https:\/\/www.organisator.ch\/","name":"Organizzatore","description":"Competente. Pratico. In 10 numeri all'anno, ORGANISATOR presenta i temi essenziali per i manager delle PMI.","publisher":{"@id":"https:\/\/www.organisator.ch\/#organization"},"potentialAction":[{"@type":"SearchAction","target":{"@type":"EntryPoint","urlTemplate":"https:\/\/www.organisator.ch\/?s={search_term_string}"},"query-input":{"@type":"PropertyValueSpecification","valueRequired":true,"valueName":"search_term_string"}}],"inLanguage":"it-IT"},{"@type":"Organization","@id":"https:\/\/www.organisator.ch\/#organization","name":"Organizzatore","url":"https:\/\/www.organisator.ch\/","logo":{"@type":"ImageObject","inLanguage":"it-IT","@id":"https:\/\/www.organisator.ch\/#\/schema\/logo\/image\/","url":"https:\/\/www.organisator.ch\/wp-content\/uploads\/2022\/01\/Logo_Organisator_Website.png","contentUrl":"https:\/\/www.organisator.ch\/wp-content\/uploads\/2022\/01\/Logo_Organisator_Website.png","width":800,"height":77,"caption":"Organisator"},"image":{"@id":"https:\/\/www.organisator.ch\/#\/schema\/logo\/image\/"},"sameAs":["https:\/\/www.facebook.com\/OrganisatorFachmagazin","https:\/\/www.linkedin.com\/showcase\/organisator-das-magazin-fr-kmu","https:\/\/www.xing.com\/news\/pages\/organisator-ch-695","https:\/\/www.youtube.com\/channel\/UCGP2Sq0iWaZwT3BdIAQFYpw"]},{"@type":"Person","@id":"https:\/\/www.organisator.ch\/#\/schema\/person\/2e1314a2172123f874db408d8911d3f3","name":"Adelisa Kalajdzini","image":{"@type":"ImageObject","inLanguage":"it-IT","@id":"https:\/\/secure.gravatar.com\/avatar\/09a397c22ac58cad6f160ee8306348599df9df58a8ede73696226897b9fa4b24?s=96&d=mm&r=g","url":"https:\/\/secure.gravatar.com\/avatar\/09a397c22ac58cad6f160ee8306348599df9df58a8ede73696226897b9fa4b24?s=96&d=mm&r=g","contentUrl":"https:\/\/secure.gravatar.com\/avatar\/09a397c22ac58cad6f160ee8306348599df9df58a8ede73696226897b9fa4b24?s=96&d=mm&r=g","caption":"Adelisa Kalajdzini"},"url":"https:\/\/www.organisator.ch\/it\/author\/adelisa-kalajdzini\/"}]}},"_links":{"self":[{"href":"https:\/\/www.organisator.ch\/it\/wp-json\/wp\/v2\/posts\/23200","targetHints":{"allow":["GET"]}}],"collection":[{"href":"https:\/\/www.organisator.ch\/it\/wp-json\/wp\/v2\/posts"}],"about":[{"href":"https:\/\/www.organisator.ch\/it\/wp-json\/wp\/v2\/types\/post"}],"author":[{"embeddable":true,"href":"https:\/\/www.organisator.ch\/it\/wp-json\/wp\/v2\/users\/58"}],"replies":[{"embeddable":true,"href":"https:\/\/www.organisator.ch\/it\/wp-json\/wp\/v2\/comments?post=23200"}],"version-history":[{"count":1,"href":"https:\/\/www.organisator.ch\/it\/wp-json\/wp\/v2\/posts\/23200\/revisions"}],"predecessor-version":[{"id":23206,"href":"https:\/\/www.organisator.ch\/it\/wp-json\/wp\/v2\/posts\/23200\/revisions\/23206"}],"wp:featuredmedia":[{"embeddable":true,"href":"https:\/\/www.organisator.ch\/it\/wp-json\/wp\/v2\/media\/23205"}],"wp:attachment":[{"href":"https:\/\/www.organisator.ch\/it\/wp-json\/wp\/v2\/media?parent=23200"}],"wp:term":[{"taxonomy":"category","embeddable":true,"href":"https:\/\/www.organisator.ch\/it\/wp-json\/wp\/v2\/categories?post=23200"},{"taxonomy":"post_tag","embeddable":true,"href":"https:\/\/www.organisator.ch\/it\/wp-json\/wp\/v2\/tags?post=23200"}],"curies":[{"name":"wp","href":"https:\/\/api.w.org\/{rel}","templated":true}]}}