{"id":23240,"date":"2023-11-17T08:39:17","date_gmt":"2023-11-17T07:39:17","guid":{"rendered":"https:\/\/www.organisator.ch\/?p=23240"},"modified":"2023-11-17T08:39:17","modified_gmt":"2023-11-17T07:39:17","slug":"thurgauer-appelle-fuer-ein-staerkeres-zusammenspiel","status":"publish","type":"post","link":"https:\/\/www.organisator.ch\/it\/management\/2023-11-17\/thurgauer-appelle-fuer-ein-staerkeres-zusammenspiel\/","title":{"rendered":"La Turgovia si appella a una maggiore cooperazione"},"content":{"rendered":"<figure id=\"attachment_23241\" aria-describedby=\"caption-attachment-23241\" style=\"width: 680px\" class=\"wp-caption alignnone\"><img loading=\"lazy\" decoding=\"async\" class=\"size-full wp-image-23241\" src=\"https:\/\/www.organisator.ch\/wp-content\/uploads\/2023\/11\/Thurgauer-Appelle-fuer-ein-staerkeres-Zusammenspiel_Organisator.jpg\" alt=\"\" width=\"680\" height=\"406\" srcset=\"https:\/\/www.organisator.ch\/wp-content\/uploads\/2023\/11\/Thurgauer-Appelle-fuer-ein-staerkeres-Zusammenspiel_Organisator.jpg 680w, https:\/\/www.organisator.ch\/wp-content\/uploads\/2023\/11\/Thurgauer-Appelle-fuer-ein-staerkeres-Zusammenspiel_Organisator-18x12.jpg 18w, https:\/\/www.organisator.ch\/wp-content\/uploads\/2023\/11\/Thurgauer-Appelle-fuer-ein-staerkeres-Zusammenspiel_Organisator-375x224.jpg 375w, https:\/\/www.organisator.ch\/wp-content\/uploads\/2023\/11\/Thurgauer-Appelle-fuer-ein-staerkeres-Zusammenspiel_Organisator-586x350.jpg 586w\" sizes=\"auto, (max-width: 680px) 100vw, 680px\" \/><figcaption id=\"caption-attachment-23241\" class=\"wp-caption-text\">Discussione con Katja Genitnetta, Ipek Demirtas e Diana Gutjahr. (Immagine: zVg \/ Wirtschaftsforum Thurgau)<\/figcaption><\/figure>\n<p>Sconvolgimenti politici globali, prospettive economiche incerte e forze sociali alla deriva hanno fatto da cornice all'incontro della comunit\u00e0 imprenditoriale della Turgovia a Weinfelden. La filosofa economica e pubblicista zurighese Katja Gentinetta ha fornito il contesto filosofico delineando le tre principali sfide del nostro tempo. Ha descritto il rapporto della Svizzera con l'UE come la sfida pi\u00f9 grande nel contesto della globalizzazione, che sta attraversando una trasformazione in termini di sostenibilit\u00e0. \"Le imprese e la politica dovrebbero sempre pi\u00f9 considerarsi partner, a beneficio degli altri\", ha chiesto Gentinetta. La seconda grande sfida \u00e8 una societ\u00e0 che si sta dividendo e la terza \u00e8 la Generazione Z, \"io la chiamo Generazione esigente\", su cui non si pu\u00f2 contare senza dubbio.\u00a0<\/p>\n<h3><strong>\"I giovani sono stufi\"<\/strong><\/h3>\n<p>Ipek Demirtas, CEO di Forster Swiss Home ad Arbon, ha ripreso il filo del discorso, essendo scettica sulla futura forza innovativa della Svizzera. Ha l'impressione che i giovani svizzeri di oggi siano stufi e si adagino sui successi dei loro padri e dei loro nonni: \"Mi manca il fatto che abbiano voglia di fare, che abbiano obiettivi e visioni, che si impegnino. Un'azienda, un'economia, non pu\u00f2 svilupparsi con successo con questo atteggiamento\".<\/p>\n<p>La stessa Ipek Demirtas ha dimostrato di saper rimettere in piedi con successo un'azienda. Nel 2017 ha rilevato l'azienda di cucine, che era sull'orlo del collasso, insieme a un socio. Lo ha fatto per passione, ha detto. Ha infuso nuova fiducia in se stessi agli 80 dipendenti dell'epoca, parlando a tutti e dicendo loro che Forster produceva qualcosa di molto speciale, ovvero la Mercedes delle cucine. Oggi l'azienda conta oltre 180 dipendenti.<\/p>\n<p>Nella successiva tavola rotonda condotta dalla moderatrice Mona Vetsch, Gentinetta e Demirtas sono stati raggiunti dall'imprenditrice turgoviese e consigliera nazionale SVP Diana Gutjahr. Gutjahr si \u00e8 detta infastidita dal fatto che \"le persone vogliono lavorare sempre meno\". Gutjahr ha auspicato \"che le persone non pensino solo al proprio profitto, ma che rimettano al centro la collettivit\u00e0\".<\/p>\n<h3><strong>Economia solida in un contesto volatile<\/strong><\/h3>\n<p>Il forum economico di Weinfelden si concentra naturalmente anche sulla situazione del Canton Turgovia. Daniel Wessner, responsabile dell'Ufficio per l'economia e il lavoro, ha fatto riferimento alla situazione stabile dell'economia turgoviese con le sue circa 19.000 aziende. Il loro numero \u00e8 cresciuto costantemente, cos\u00ec come il numero di posti di lavoro. Il mercato del lavoro si \u00e8 ripreso rapidamente dopo il coronavirus e il tasso di disoccupazione \u00e8 ora dell'1,8%, inferiore alla media svizzera del 2,1%. Wessner ha individuato i punti deboli in termini di forza innovativa e di esodo di talenti. Oltre il 90% delle aziende turgoviesi \u00e8 attualmente alla ricerca di personale. \u00a0<\/p>\n<p>Ivo Germann, capo della Direzione Affari economici esteri della Segreteria di Stato dell'economia SECO, ha sostituito la direttrice della SECO Helene Budliger Artieda, che ha dovuto annullare la sua partecipazione al Forum economico a causa della visita di Stato del Presidente francese Emmanuel Macron. Germann ha presentato una Segreteria di Stato che ha deciso di diventare pi\u00f9 dinamica e presente. Sebbene la creazione di valore nell'industria sia diminuita di recente, ha affermato che l'economia svizzera continuer\u00e0 a crescere, anche se a un ritmo pi\u00f9 lento.<\/p>\n<h3><strong>Chef premiato come chef dell'anno della Turgovia<\/strong><\/h3>\n<p>Come l'anno precedente, il forum d'affari \u00e8 stato integrato da una discussione con il nuovo chef dell'anno della Turgovia. Questa volta il premio \u00e8 andato alla figura culinaria del Cantone, Silvio Germann, nominato Chef dell'anno da Gault-Millau per le sue capacit\u00e0 culinarie al \"Mammertsberg\" di Freidorf. All'et\u00e0 di 34 anni, \u00e8 a capo di un team giovane che si \u00e8 fatto rapidamente un nome con una cucina innovativa.\u00a0<\/p>\n<p>Il Forum economico presso il Centro Congressi Thurgauerhof \u00e8 stato aperto da Thomas Koller, CEO dello sponsor principale, la Thurgauer Kantonalbank, e da Urs Martin, Presidente del Governo cantonale della Turgovia. Martin, da parte sua, ha fatto riferimento al recente clima un po' pi\u00f9 freddo dell'economia turgoviese. Per quanto riguarda le finanze del Cantone, di recente si \u00e8 registrata una perdita di entrate.<\/p>\n<p>Ancora una volta, il Forum economico della Turgovia si \u00e8 rivelato una piattaforma ben frequentata per l'ispirazione, l'informazione e il dialogo. Il 28\u00b0 Forum si terr\u00e0 il 7 novembre 2024.<\/p>\n<p><em>Fonte e ulteriori informazioni: <a href=\"https:\/\/www.wft.ch\/\">www.wft.ch<\/a><\/em><\/p>","protected":false},"excerpt":{"rendered":"<p>Innovazione e spirito di squadra: queste le parole chiave del Forum economico della Turgovia, che si \u00e8 svolto per la 27a volta il 16 novembre 2023. L'evento \u00e8 stato caratterizzato da appelli contro l'autocompiacimento e a favore di una maggiore cooperazione tra economia e politica.<\/p>","protected":false},"author":4,"featured_media":23241,"comment_status":"closed","ping_status":"closed","sticky":false,"template":"","format":"standard","meta":{"_acf_changed":false,"_yoast_wpseo_focuskw":"Thurgauer","_yoast_wpseo_metadesc":"Innovation und Teamgeist: So lauteten die Schlagworte des Thurgauer Wirtschaftsforums, das 16. November 2023 \u00fcber die B\u00fchne ging.","articlekey":"","footnotes":""},"categories":[28],"tags":[193,492,502,508],"class_list":["post-23240","post","type-post","status-publish","format-standard","has-post-thumbnail","hentry","category-management","tag-fachkongressfachmesse","tag-unternehmen","tag-veranstaltungen","tag-vermischtes"],"acf":[],"yoast_head":"<!-- This site is optimized with the Yoast SEO plugin v27.4 - https:\/\/yoast.com\/product\/yoast-seo-wordpress\/ -->\n<title>Thurgauer Appelle f\u00fcr ein st\u00e4rkeres Zusammenspiel - Organisator<\/title>\n<meta name=\"description\" content=\"Innovation und Teamgeist: So lauteten die Schlagworte des Thurgauer Wirtschaftsforums, das 16. November 2023 \u00fcber die B\u00fchne ging.\" \/>\n<meta name=\"robots\" content=\"index, follow, max-snippet:-1, max-image-preview:large, max-video-preview:-1\" \/>\n<link rel=\"canonical\" href=\"https:\/\/www.organisator.ch\/it\/gestione-2\/2023-11-17\/thurgauer-appelle-fuer-ein-staerkeres-zusammenspiel\/\" \/>\n<meta property=\"og:locale\" content=\"it_IT\" \/>\n<meta property=\"og:type\" content=\"article\" \/>\n<meta property=\"og:title\" content=\"Thurgauer Appelle f\u00fcr ein st\u00e4rkeres Zusammenspiel\" \/>\n<meta property=\"og:description\" content=\"Innovation und Teamgeist: So lauteten die Schlagworte des Thurgauer Wirtschaftsforums, das 16. November 2023 \u00fcber die B\u00fchne ging.\" \/>\n<meta property=\"og:url\" content=\"https:\/\/www.organisator.ch\/it\/gestione-2\/2023-11-17\/thurgauer-appelle-fuer-ein-staerkeres-zusammenspiel\/\" \/>\n<meta property=\"og:site_name\" content=\"Organisator\" \/>\n<meta property=\"article:publisher\" content=\"https:\/\/www.facebook.com\/OrganisatorFachmagazin\" \/>\n<meta property=\"article:published_time\" content=\"2023-11-17T07:39:17+00:00\" \/>\n<meta property=\"og:image\" content=\"https:\/\/www.organisator.ch\/wp-content\/uploads\/2023\/11\/Thurgauer-Appelle-fuer-ein-staerkeres-Zusammenspiel_Organisator.jpg\" \/>\n\t<meta property=\"og:image:width\" content=\"680\" \/>\n\t<meta property=\"og:image:height\" content=\"406\" \/>\n\t<meta property=\"og:image:type\" content=\"image\/jpeg\" \/>\n<meta name=\"author\" content=\"thomas.berner\" \/>\n<meta name=\"twitter:card\" content=\"summary_large_image\" \/>\n<meta name=\"twitter:title\" content=\"#Thurgauer Appelle f\u00fcr ein st\u00e4rkeres #Zusammenspiel\" \/>\n<meta name=\"twitter:description\" content=\"#Innovation und #Teamgeist: So lauteten die Schlagworte des #Thurgauer #Wirtschaftsforums, das 16. November 2023 \u00fcber die B\u00fchne ging.\" \/>\n<meta name=\"twitter:image\" content=\"https:\/\/www.organisator.ch\/wp-content\/uploads\/2023\/11\/Thurgauer-Appelle-fuer-ein-staerkeres-Zusammenspiel_Organisator.jpg\" \/>\n<script type=\"application\/ld+json\" class=\"yoast-schema-graph\">{\"@context\":\"https:\\\/\\\/schema.org\",\"@graph\":[{\"@type\":\"Article\",\"@id\":\"https:\\\/\\\/www.organisator.ch\\\/management\\\/2023-11-17\\\/thurgauer-appelle-fuer-ein-staerkeres-zusammenspiel\\\/#article\",\"isPartOf\":{\"@id\":\"https:\\\/\\\/www.organisator.ch\\\/management\\\/2023-11-17\\\/thurgauer-appelle-fuer-ein-staerkeres-zusammenspiel\\\/\"},\"author\":{\"name\":\"thomas.berner\",\"@id\":\"https:\\\/\\\/www.organisator.ch\\\/#\\\/schema\\\/person\\\/6f650f90b2842cd4c0cc334b4e36f67e\"},\"headline\":\"Thurgauer Appelle f\u00fcr ein st\u00e4rkeres Zusammenspiel\",\"datePublished\":\"2023-11-17T07:39:17+00:00\",\"mainEntityOfPage\":{\"@id\":\"https:\\\/\\\/www.organisator.ch\\\/management\\\/2023-11-17\\\/thurgauer-appelle-fuer-ein-staerkeres-zusammenspiel\\\/\"},\"wordCount\":700,\"publisher\":{\"@id\":\"https:\\\/\\\/www.organisator.ch\\\/#organization\"},\"image\":{\"@id\":\"https:\\\/\\\/www.organisator.ch\\\/management\\\/2023-11-17\\\/thurgauer-appelle-fuer-ein-staerkeres-zusammenspiel\\\/#primaryimage\"},\"thumbnailUrl\":\"https:\\\/\\\/www.organisator.ch\\\/wp-content\\\/uploads\\\/2023\\\/11\\\/Thurgauer-Appelle-fuer-ein-staerkeres-Zusammenspiel_Organisator.jpg\",\"keywords\":[\"Fachkongress\\\/Fachmesse\",\"Unternehmen\",\"Veranstaltungen\",\"Vermischtes\"],\"articleSection\":[\"MANAGEMENT\"],\"inLanguage\":\"it-IT\"},{\"@type\":\"WebPage\",\"@id\":\"https:\\\/\\\/www.organisator.ch\\\/management\\\/2023-11-17\\\/thurgauer-appelle-fuer-ein-staerkeres-zusammenspiel\\\/\",\"url\":\"https:\\\/\\\/www.organisator.ch\\\/management\\\/2023-11-17\\\/thurgauer-appelle-fuer-ein-staerkeres-zusammenspiel\\\/\",\"name\":\"Thurgauer Appelle f\u00fcr ein st\u00e4rkeres Zusammenspiel - Organisator\",\"isPartOf\":{\"@id\":\"https:\\\/\\\/www.organisator.ch\\\/#website\"},\"primaryImageOfPage\":{\"@id\":\"https:\\\/\\\/www.organisator.ch\\\/management\\\/2023-11-17\\\/thurgauer-appelle-fuer-ein-staerkeres-zusammenspiel\\\/#primaryimage\"},\"image\":{\"@id\":\"https:\\\/\\\/www.organisator.ch\\\/management\\\/2023-11-17\\\/thurgauer-appelle-fuer-ein-staerkeres-zusammenspiel\\\/#primaryimage\"},\"thumbnailUrl\":\"https:\\\/\\\/www.organisator.ch\\\/wp-content\\\/uploads\\\/2023\\\/11\\\/Thurgauer-Appelle-fuer-ein-staerkeres-Zusammenspiel_Organisator.jpg\",\"datePublished\":\"2023-11-17T07:39:17+00:00\",\"description\":\"Innovation und Teamgeist: So lauteten die Schlagworte des Thurgauer Wirtschaftsforums, das 16. November 2023 \u00fcber die B\u00fchne ging.\",\"breadcrumb\":{\"@id\":\"https:\\\/\\\/www.organisator.ch\\\/management\\\/2023-11-17\\\/thurgauer-appelle-fuer-ein-staerkeres-zusammenspiel\\\/#breadcrumb\"},\"inLanguage\":\"it-IT\",\"potentialAction\":[{\"@type\":\"ReadAction\",\"target\":[\"https:\\\/\\\/www.organisator.ch\\\/management\\\/2023-11-17\\\/thurgauer-appelle-fuer-ein-staerkeres-zusammenspiel\\\/\"]}]},{\"@type\":\"ImageObject\",\"inLanguage\":\"it-IT\",\"@id\":\"https:\\\/\\\/www.organisator.ch\\\/management\\\/2023-11-17\\\/thurgauer-appelle-fuer-ein-staerkeres-zusammenspiel\\\/#primaryimage\",\"url\":\"https:\\\/\\\/www.organisator.ch\\\/wp-content\\\/uploads\\\/2023\\\/11\\\/Thurgauer-Appelle-fuer-ein-staerkeres-Zusammenspiel_Organisator.jpg\",\"contentUrl\":\"https:\\\/\\\/www.organisator.ch\\\/wp-content\\\/uploads\\\/2023\\\/11\\\/Thurgauer-Appelle-fuer-ein-staerkeres-Zusammenspiel_Organisator.jpg\",\"width\":680,\"height\":406,\"caption\":\"Diskussionsrunde mit Katja Genitnetta, Ipek Demirtas und Diana Gutjahr. (Bild: zVg \\\/ Wirtschaftsforum Thurgau)\"},{\"@type\":\"BreadcrumbList\",\"@id\":\"https:\\\/\\\/www.organisator.ch\\\/management\\\/2023-11-17\\\/thurgauer-appelle-fuer-ein-staerkeres-zusammenspiel\\\/#breadcrumb\",\"itemListElement\":[{\"@type\":\"ListItem\",\"position\":1,\"name\":\"Home\",\"item\":\"https:\\\/\\\/www.organisator.ch\\\/\"},{\"@type\":\"ListItem\",\"position\":2,\"name\":\"Thurgauer Appelle f\u00fcr ein st\u00e4rkeres Zusammenspiel\"}]},{\"@type\":\"WebSite\",\"@id\":\"https:\\\/\\\/www.organisator.ch\\\/#website\",\"url\":\"https:\\\/\\\/www.organisator.ch\\\/\",\"name\":\"Organisator\",\"description\":\"Kompetent. Praxisnah. Der ORGANISATOR bereitet in 10 Ausgaben pro Jahr die wesentlichen Themen f\u00fcr F\u00fchrungskr\u00e4fte von KMU auf.\",\"publisher\":{\"@id\":\"https:\\\/\\\/www.organisator.ch\\\/#organization\"},\"potentialAction\":[{\"@type\":\"SearchAction\",\"target\":{\"@type\":\"EntryPoint\",\"urlTemplate\":\"https:\\\/\\\/www.organisator.ch\\\/?s={search_term_string}\"},\"query-input\":{\"@type\":\"PropertyValueSpecification\",\"valueRequired\":true,\"valueName\":\"search_term_string\"}}],\"inLanguage\":\"it-IT\"},{\"@type\":\"Organization\",\"@id\":\"https:\\\/\\\/www.organisator.ch\\\/#organization\",\"name\":\"Organisator\",\"url\":\"https:\\\/\\\/www.organisator.ch\\\/\",\"logo\":{\"@type\":\"ImageObject\",\"inLanguage\":\"it-IT\",\"@id\":\"https:\\\/\\\/www.organisator.ch\\\/#\\\/schema\\\/logo\\\/image\\\/\",\"url\":\"https:\\\/\\\/www.organisator.ch\\\/wp-content\\\/uploads\\\/2022\\\/01\\\/Logo_Organisator_Website.png\",\"contentUrl\":\"https:\\\/\\\/www.organisator.ch\\\/wp-content\\\/uploads\\\/2022\\\/01\\\/Logo_Organisator_Website.png\",\"width\":800,\"height\":77,\"caption\":\"Organisator\"},\"image\":{\"@id\":\"https:\\\/\\\/www.organisator.ch\\\/#\\\/schema\\\/logo\\\/image\\\/\"},\"sameAs\":[\"https:\\\/\\\/www.facebook.com\\\/OrganisatorFachmagazin\",\"https:\\\/\\\/www.linkedin.com\\\/showcase\\\/organisator-das-magazin-fr-kmu\",\"https:\\\/\\\/www.xing.com\\\/news\\\/pages\\\/organisator-ch-695\",\"https:\\\/\\\/www.youtube.com\\\/channel\\\/UCGP2Sq0iWaZwT3BdIAQFYpw\"]},{\"@type\":\"Person\",\"@id\":\"https:\\\/\\\/www.organisator.ch\\\/#\\\/schema\\\/person\\\/6f650f90b2842cd4c0cc334b4e36f67e\",\"name\":\"thomas.berner\",\"image\":{\"@type\":\"ImageObject\",\"inLanguage\":\"it-IT\",\"@id\":\"https:\\\/\\\/secure.gravatar.com\\\/avatar\\\/ac5001d2a36cb6c6cd3e50789007ffca834b477b74a2144564522e944eabff61?s=96&d=mm&r=g\",\"url\":\"https:\\\/\\\/secure.gravatar.com\\\/avatar\\\/ac5001d2a36cb6c6cd3e50789007ffca834b477b74a2144564522e944eabff61?s=96&d=mm&r=g\",\"contentUrl\":\"https:\\\/\\\/secure.gravatar.com\\\/avatar\\\/ac5001d2a36cb6c6cd3e50789007ffca834b477b74a2144564522e944eabff61?s=96&d=mm&r=g\",\"caption\":\"thomas.berner\"},\"url\":\"https:\\\/\\\/www.organisator.ch\\\/it\\\/author\\\/thomas-berner\\\/\"}]}<\/script>\n<!-- \/ Yoast SEO plugin. -->","yoast_head_json":{"title":"La Turgovia si appella a una maggiore cooperazione - Organizzatore","description":"Innovazione e spirito di squadra: queste le parole chiave del Thurgau Business Forum, che si \u00e8 svolto il 16 novembre 2023.","robots":{"index":"index","follow":"follow","max-snippet":"max-snippet:-1","max-image-preview":"max-image-preview:large","max-video-preview":"max-video-preview:-1"},"canonical":"https:\/\/www.organisator.ch\/it\/gestione-2\/2023-11-17\/thurgauer-appelle-fuer-ein-staerkeres-zusammenspiel\/","og_locale":"it_IT","og_type":"article","og_title":"Thurgauer Appelle f\u00fcr ein st\u00e4rkeres Zusammenspiel","og_description":"Innovation und Teamgeist: So lauteten die Schlagworte des Thurgauer Wirtschaftsforums, das 16. November 2023 \u00fcber die B\u00fchne ging.","og_url":"https:\/\/www.organisator.ch\/it\/gestione-2\/2023-11-17\/thurgauer-appelle-fuer-ein-staerkeres-zusammenspiel\/","og_site_name":"Organisator","article_publisher":"https:\/\/www.facebook.com\/OrganisatorFachmagazin","article_published_time":"2023-11-17T07:39:17+00:00","og_image":[{"width":680,"height":406,"url":"https:\/\/www.organisator.ch\/wp-content\/uploads\/2023\/11\/Thurgauer-Appelle-fuer-ein-staerkeres-Zusammenspiel_Organisator.jpg","type":"image\/jpeg"}],"author":"thomas.berner","twitter_card":"summary_large_image","twitter_title":"#Thurgauer Appelle f\u00fcr ein st\u00e4rkeres #Zusammenspiel","twitter_description":"#Innovation und #Teamgeist: So lauteten die Schlagworte des #Thurgauer #Wirtschaftsforums, das 16. November 2023 \u00fcber die B\u00fchne ging.","twitter_image":"https:\/\/www.organisator.ch\/wp-content\/uploads\/2023\/11\/Thurgauer-Appelle-fuer-ein-staerkeres-Zusammenspiel_Organisator.jpg","schema":{"@context":"https:\/\/schema.org","@graph":[{"@type":"Article","@id":"https:\/\/www.organisator.ch\/management\/2023-11-17\/thurgauer-appelle-fuer-ein-staerkeres-zusammenspiel\/#article","isPartOf":{"@id":"https:\/\/www.organisator.ch\/management\/2023-11-17\/thurgauer-appelle-fuer-ein-staerkeres-zusammenspiel\/"},"author":{"name":"thomas.berner","@id":"https:\/\/www.organisator.ch\/#\/schema\/person\/6f650f90b2842cd4c0cc334b4e36f67e"},"headline":"Thurgauer Appelle f\u00fcr ein st\u00e4rkeres Zusammenspiel","datePublished":"2023-11-17T07:39:17+00:00","mainEntityOfPage":{"@id":"https:\/\/www.organisator.ch\/management\/2023-11-17\/thurgauer-appelle-fuer-ein-staerkeres-zusammenspiel\/"},"wordCount":700,"publisher":{"@id":"https:\/\/www.organisator.ch\/#organization"},"image":{"@id":"https:\/\/www.organisator.ch\/management\/2023-11-17\/thurgauer-appelle-fuer-ein-staerkeres-zusammenspiel\/#primaryimage"},"thumbnailUrl":"https:\/\/www.organisator.ch\/wp-content\/uploads\/2023\/11\/Thurgauer-Appelle-fuer-ein-staerkeres-Zusammenspiel_Organisator.jpg","keywords":["Fachkongress\/Fachmesse","Unternehmen","Veranstaltungen","Vermischtes"],"articleSection":["MANAGEMENT"],"inLanguage":"it-IT"},{"@type":"WebPage","@id":"https:\/\/www.organisator.ch\/management\/2023-11-17\/thurgauer-appelle-fuer-ein-staerkeres-zusammenspiel\/","url":"https:\/\/www.organisator.ch\/management\/2023-11-17\/thurgauer-appelle-fuer-ein-staerkeres-zusammenspiel\/","name":"La Turgovia si appella a una maggiore cooperazione - Organizzatore","isPartOf":{"@id":"https:\/\/www.organisator.ch\/#website"},"primaryImageOfPage":{"@id":"https:\/\/www.organisator.ch\/management\/2023-11-17\/thurgauer-appelle-fuer-ein-staerkeres-zusammenspiel\/#primaryimage"},"image":{"@id":"https:\/\/www.organisator.ch\/management\/2023-11-17\/thurgauer-appelle-fuer-ein-staerkeres-zusammenspiel\/#primaryimage"},"thumbnailUrl":"https:\/\/www.organisator.ch\/wp-content\/uploads\/2023\/11\/Thurgauer-Appelle-fuer-ein-staerkeres-Zusammenspiel_Organisator.jpg","datePublished":"2023-11-17T07:39:17+00:00","description":"Innovazione e spirito di squadra: queste le parole chiave del Thurgau Business Forum, che si \u00e8 svolto il 16 novembre 2023.","breadcrumb":{"@id":"https:\/\/www.organisator.ch\/management\/2023-11-17\/thurgauer-appelle-fuer-ein-staerkeres-zusammenspiel\/#breadcrumb"},"inLanguage":"it-IT","potentialAction":[{"@type":"ReadAction","target":["https:\/\/www.organisator.ch\/management\/2023-11-17\/thurgauer-appelle-fuer-ein-staerkeres-zusammenspiel\/"]}]},{"@type":"ImageObject","inLanguage":"it-IT","@id":"https:\/\/www.organisator.ch\/management\/2023-11-17\/thurgauer-appelle-fuer-ein-staerkeres-zusammenspiel\/#primaryimage","url":"https:\/\/www.organisator.ch\/wp-content\/uploads\/2023\/11\/Thurgauer-Appelle-fuer-ein-staerkeres-Zusammenspiel_Organisator.jpg","contentUrl":"https:\/\/www.organisator.ch\/wp-content\/uploads\/2023\/11\/Thurgauer-Appelle-fuer-ein-staerkeres-Zusammenspiel_Organisator.jpg","width":680,"height":406,"caption":"Diskussionsrunde mit Katja Genitnetta, Ipek Demirtas und Diana Gutjahr. (Bild: zVg \/ Wirtschaftsforum Thurgau)"},{"@type":"BreadcrumbList","@id":"https:\/\/www.organisator.ch\/management\/2023-11-17\/thurgauer-appelle-fuer-ein-staerkeres-zusammenspiel\/#breadcrumb","itemListElement":[{"@type":"ListItem","position":1,"name":"Home","item":"https:\/\/www.organisator.ch\/"},{"@type":"ListItem","position":2,"name":"Thurgauer Appelle f\u00fcr ein st\u00e4rkeres Zusammenspiel"}]},{"@type":"WebSite","@id":"https:\/\/www.organisator.ch\/#website","url":"https:\/\/www.organisator.ch\/","name":"Organizzatore","description":"Competente. Pratico. In 10 numeri all'anno, ORGANISATOR presenta i temi essenziali per i manager delle PMI.","publisher":{"@id":"https:\/\/www.organisator.ch\/#organization"},"potentialAction":[{"@type":"SearchAction","target":{"@type":"EntryPoint","urlTemplate":"https:\/\/www.organisator.ch\/?s={search_term_string}"},"query-input":{"@type":"PropertyValueSpecification","valueRequired":true,"valueName":"search_term_string"}}],"inLanguage":"it-IT"},{"@type":"Organization","@id":"https:\/\/www.organisator.ch\/#organization","name":"Organizzatore","url":"https:\/\/www.organisator.ch\/","logo":{"@type":"ImageObject","inLanguage":"it-IT","@id":"https:\/\/www.organisator.ch\/#\/schema\/logo\/image\/","url":"https:\/\/www.organisator.ch\/wp-content\/uploads\/2022\/01\/Logo_Organisator_Website.png","contentUrl":"https:\/\/www.organisator.ch\/wp-content\/uploads\/2022\/01\/Logo_Organisator_Website.png","width":800,"height":77,"caption":"Organisator"},"image":{"@id":"https:\/\/www.organisator.ch\/#\/schema\/logo\/image\/"},"sameAs":["https:\/\/www.facebook.com\/OrganisatorFachmagazin","https:\/\/www.linkedin.com\/showcase\/organisator-das-magazin-fr-kmu","https:\/\/www.xing.com\/news\/pages\/organisator-ch-695","https:\/\/www.youtube.com\/channel\/UCGP2Sq0iWaZwT3BdIAQFYpw"]},{"@type":"Person","@id":"https:\/\/www.organisator.ch\/#\/schema\/person\/6f650f90b2842cd4c0cc334b4e36f67e","name":"Tommaso.berner","image":{"@type":"ImageObject","inLanguage":"it-IT","@id":"https:\/\/secure.gravatar.com\/avatar\/ac5001d2a36cb6c6cd3e50789007ffca834b477b74a2144564522e944eabff61?s=96&d=mm&r=g","url":"https:\/\/secure.gravatar.com\/avatar\/ac5001d2a36cb6c6cd3e50789007ffca834b477b74a2144564522e944eabff61?s=96&d=mm&r=g","contentUrl":"https:\/\/secure.gravatar.com\/avatar\/ac5001d2a36cb6c6cd3e50789007ffca834b477b74a2144564522e944eabff61?s=96&d=mm&r=g","caption":"thomas.berner"},"url":"https:\/\/www.organisator.ch\/it\/author\/thomas-berner\/"}]}},"_links":{"self":[{"href":"https:\/\/www.organisator.ch\/it\/wp-json\/wp\/v2\/posts\/23240","targetHints":{"allow":["GET"]}}],"collection":[{"href":"https:\/\/www.organisator.ch\/it\/wp-json\/wp\/v2\/posts"}],"about":[{"href":"https:\/\/www.organisator.ch\/it\/wp-json\/wp\/v2\/types\/post"}],"author":[{"embeddable":true,"href":"https:\/\/www.organisator.ch\/it\/wp-json\/wp\/v2\/users\/4"}],"replies":[{"embeddable":true,"href":"https:\/\/www.organisator.ch\/it\/wp-json\/wp\/v2\/comments?post=23240"}],"version-history":[{"count":1,"href":"https:\/\/www.organisator.ch\/it\/wp-json\/wp\/v2\/posts\/23240\/revisions"}],"predecessor-version":[{"id":23242,"href":"https:\/\/www.organisator.ch\/it\/wp-json\/wp\/v2\/posts\/23240\/revisions\/23242"}],"wp:featuredmedia":[{"embeddable":true,"href":"https:\/\/www.organisator.ch\/it\/wp-json\/wp\/v2\/media\/23241"}],"wp:attachment":[{"href":"https:\/\/www.organisator.ch\/it\/wp-json\/wp\/v2\/media?parent=23240"}],"wp:term":[{"taxonomy":"category","embeddable":true,"href":"https:\/\/www.organisator.ch\/it\/wp-json\/wp\/v2\/categories?post=23240"},{"taxonomy":"post_tag","embeddable":true,"href":"https:\/\/www.organisator.ch\/it\/wp-json\/wp\/v2\/tags?post=23240"}],"curies":[{"name":"wp","href":"https:\/\/api.w.org\/{rel}","templated":true}]}}